{"id":8483,"date":"2022-11-21T14:42:30","date_gmt":"2022-11-21T13:42:30","guid":{"rendered":"https:\/\/cumse.org\/?p=8483"},"modified":"2022-11-22T17:47:52","modified_gmt":"2022-11-22T16:47:52","slug":"primo-ritiro-presso-iperal-di-cassina-de-pecchi","status":"publish","type":"post","link":"https:\/\/cumse.org\/fr\/primo-ritiro-presso-iperal-di-cassina-de-pecchi\/","title":{"rendered":"Primo ritiro presso Iperal di Cassina de Pecchi"},"content":{"rendered":"<p><strong>SaNP &#8211; Prima il Pane:<\/strong> Giornata epocale! Primo ritiro presso<strong> Iperal di Cassina de Pecchi<\/strong> da Fondazione Cumse per Fondazione Cumse.<\/p>\n<hr \/>\n<p><img data-recalc-dims=\"1\" loading=\"lazy\" decoding=\"async\" class=\"alignnone size-full wp-image-8487\" src=\"https:\/\/i0.wp.com\/cumse.org\/wp-content\/uploads\/2022\/11\/WhatsApp-Image-2022-11-15-at-11.17.16.jpeg?resize=640%2C480&#038;ssl=1\" alt=\"\" width=\"640\" height=\"480\" srcset=\"https:\/\/i0.wp.com\/cumse.org\/wp-content\/uploads\/2022\/11\/WhatsApp-Image-2022-11-15-at-11.17.16.jpeg?w=1024&amp;ssl=1 1024w, https:\/\/i0.wp.com\/cumse.org\/wp-content\/uploads\/2022\/11\/WhatsApp-Image-2022-11-15-at-11.17.16.jpeg?resize=300%2C225&amp;ssl=1 300w, https:\/\/i0.wp.com\/cumse.org\/wp-content\/uploads\/2022\/11\/WhatsApp-Image-2022-11-15-at-11.17.16.jpeg?resize=768%2C576&amp;ssl=1 768w, https:\/\/i0.wp.com\/cumse.org\/wp-content\/uploads\/2022\/11\/WhatsApp-Image-2022-11-15-at-11.17.16.jpeg?resize=16%2C12&amp;ssl=1 16w\" sizes=\"auto, (max-width: 640px) 100vw, 640px\" \/><\/p>\n<hr \/>\n<p>Dopo l&#8217;accordo di ritiro delle eccedenze alimentari, si \u00e8 concluso con un importante carico di prodotti il primo ritiro.<\/p>\n<hr \/>\n<p><img data-recalc-dims=\"1\" loading=\"lazy\" decoding=\"async\" class=\"alignnone size-full wp-image-8486\" src=\"https:\/\/i0.wp.com\/cumse.org\/wp-content\/uploads\/2022\/11\/WhatsApp-Image-2022-11-15-at-11.17.18-1.jpeg?resize=640%2C480&#038;ssl=1\" alt=\"\" width=\"640\" height=\"480\" srcset=\"https:\/\/i0.wp.com\/cumse.org\/wp-content\/uploads\/2022\/11\/WhatsApp-Image-2022-11-15-at-11.17.18-1.jpeg?w=1024&amp;ssl=1 1024w, https:\/\/i0.wp.com\/cumse.org\/wp-content\/uploads\/2022\/11\/WhatsApp-Image-2022-11-15-at-11.17.18-1.jpeg?resize=300%2C225&amp;ssl=1 300w, https:\/\/i0.wp.com\/cumse.org\/wp-content\/uploads\/2022\/11\/WhatsApp-Image-2022-11-15-at-11.17.18-1.jpeg?resize=768%2C576&amp;ssl=1 768w, https:\/\/i0.wp.com\/cumse.org\/wp-content\/uploads\/2022\/11\/WhatsApp-Image-2022-11-15-at-11.17.18-1.jpeg?resize=16%2C12&amp;ssl=1 16w\" sizes=\"auto, (max-width: 640px) 100vw, 640px\" \/><\/p>\n<hr \/>\n<p>Parte dei prodotti sono stati destinati alla mensa francescana di santa Maria delle Grazie a Monza.<br \/>\nParte stoccata in magazzino destinata alle famiglie che aiutiamo e per dare cibo ai senza dimora di Milano.<\/p>\n<hr \/>\n<p><img data-recalc-dims=\"1\" loading=\"lazy\" decoding=\"async\" class=\"alignnone size-full wp-image-8488\" src=\"https:\/\/i0.wp.com\/cumse.org\/wp-content\/uploads\/2022\/11\/WhatsApp-Image-2022-11-15-at-11.17.18-3.jpeg?resize=640%2C853&#038;ssl=1\" alt=\"\" width=\"640\" height=\"853\" srcset=\"https:\/\/i0.wp.com\/cumse.org\/wp-content\/uploads\/2022\/11\/WhatsApp-Image-2022-11-15-at-11.17.18-3.jpeg?w=768&amp;ssl=1 768w, https:\/\/i0.wp.com\/cumse.org\/wp-content\/uploads\/2022\/11\/WhatsApp-Image-2022-11-15-at-11.17.18-3.jpeg?resize=225%2C300&amp;ssl=1 225w, https:\/\/i0.wp.com\/cumse.org\/wp-content\/uploads\/2022\/11\/WhatsApp-Image-2022-11-15-at-11.17.18-3.jpeg?resize=9%2C12&amp;ssl=1 9w\" sizes=\"auto, (max-width: 640px) 100vw, 640px\" \/><\/p>","protected":false},"excerpt":{"rendered":"<p>SaNP &#8211; Prima il Pane: Giornata epocale! Primo ritiro presso Iperal di Cassina de Pecchi da Fondazione Cumse per Fondazione Cumse. Dopo l&#8217;accordo di ritiro delle eccedenze alimentari, si \u00e8 concluso con un importante carico di prodotti il primo ritiro. Parte dei prodotti sono stati destinati alla mensa francescana di santa Maria delle Grazie a [&hellip;]<\/p>\n","protected":false},"author":1,"featured_media":8485,"comment_status":"closed","ping_status":"closed","sticky":false,"template":"","format":"standard","meta":{"_jetpack_memberships_contains_paid_content":false,"footnotes":""},"categories":[51,46,48,50],"tags":[132,142],"class_list":["post-8483","post","type-post","status-publish","format-standard","has-post-thumbnail","hentry","category-cumse-prima-il-pane","category-news","category-progetti-italia","category-sanp","tag-46-22","tag-prima-il-pane"],"yoast_head":"<!-- This site is optimized with the Yoast SEO plugin v27.3 - https:\/\/yoast.com\/product\/yoast-seo-wordpress\/ -->\n<title>Primo ritiro presso Iperal di Cassina de Pecchi - Fondazione Cumse ETS<\/title>\n<meta name=\"robots\" content=\"index, follow, max-snippet:-1, max-image-preview:large, max-video-preview:-1\" \/>\n<link rel=\"canonical\" href=\"https:\/\/cumse.org\/fr\/primo-ritiro-presso-iperal-di-cassina-de-pecchi\/\" \/>\n<meta property=\"og:locale\" content=\"fr_FR\" \/>\n<meta property=\"og:type\" content=\"article\" \/>\n<meta property=\"og:title\" content=\"Primo ritiro presso Iperal di Cassina de Pecchi - Fondazione Cumse ETS\" \/>\n<meta property=\"og:description\" content=\"SaNP &#8211; Prima il Pane: Giornata epocale! Primo ritiro presso Iperal di Cassina de Pecchi da Fondazione Cumse per Fondazione Cumse. Dopo l&#8217;accordo di ritiro delle eccedenze alimentari, si \u00e8 concluso con un importante carico di prodotti il primo ritiro. Parte dei prodotti sono stati destinati alla mensa francescana di santa Maria delle Grazie a [&hellip;]\" \/>\n<meta property=\"og:url\" content=\"https:\/\/cumse.org\/fr\/primo-ritiro-presso-iperal-di-cassina-de-pecchi\/\" \/>\n<meta property=\"og:site_name\" content=\"Fondazione Cumse ETS\" \/>\n<meta property=\"article:published_time\" content=\"2022-11-21T13:42:30+00:00\" \/>\n<meta property=\"article:modified_time\" content=\"2022-11-22T16:47:52+00:00\" \/>\n<meta property=\"og:image\" content=\"https:\/\/cumse.org\/wp-content\/uploads\/2022\/11\/WhatsApp-Image-2022-11-15-at-11.17.18-e1669124228335.jpeg\" \/>\n\t<meta property=\"og:image:width\" content=\"1024\" \/>\n\t<meta property=\"og:image:height\" content=\"629\" \/>\n\t<meta property=\"og:image:type\" content=\"image\/jpeg\" \/>\n<meta name=\"author\" content=\"admin\" \/>\n<meta name=\"twitter:card\" content=\"summary_large_image\" \/>\n<meta name=\"twitter:label1\" content=\"\u00c9crit par\" \/>\n\t<meta name=\"twitter:data1\" content=\"admin\" \/>\n\t<meta name=\"twitter:label2\" content=\"Dur\u00e9e de lecture estim\u00e9e\" \/>\n\t<meta name=\"twitter:data2\" content=\"1 minute\" \/>\n<script type=\"application\/ld+json\" class=\"yoast-schema-graph\">{\"@context\":\"https:\\\/\\\/schema.org\",\"@graph\":[{\"@type\":\"Article\",\"@id\":\"https:\\\/\\\/cumse.org\\\/fr\\\/primo-ritiro-presso-iperal-di-cassina-de-pecchi\\\/#article\",\"isPartOf\":{\"@id\":\"https:\\\/\\\/cumse.org\\\/fr\\\/primo-ritiro-presso-iperal-di-cassina-de-pecchi\\\/\"},\"author\":{\"name\":\"admin\",\"@id\":\"https:\\\/\\\/cumse.org\\\/#\\\/schema\\\/person\\\/d8802c7f9d251c013018b375be80cb06\"},\"headline\":\"Primo ritiro presso Iperal di Cassina de Pecchi\",\"datePublished\":\"2022-11-21T13:42:30+00:00\",\"dateModified\":\"2022-11-22T16:47:52+00:00\",\"mainEntityOfPage\":{\"@id\":\"https:\\\/\\\/cumse.org\\\/fr\\\/primo-ritiro-presso-iperal-di-cassina-de-pecchi\\\/\"},\"wordCount\":81,\"image\":{\"@id\":\"https:\\\/\\\/cumse.org\\\/fr\\\/primo-ritiro-presso-iperal-di-cassina-de-pecchi\\\/#primaryimage\"},\"thumbnailUrl\":\"https:\\\/\\\/i0.wp.com\\\/cumse.org\\\/wp-content\\\/uploads\\\/2022\\\/11\\\/WhatsApp-Image-2022-11-15-at-11.17.18-e1669124228335.jpeg?fit=1024%2C629&ssl=1\",\"keywords\":[\"46-22\",\"Prima il Pane\"],\"articleSection\":[\"Cumse - Prima il Pane\",\"News\",\"Progetti Italia\",\"SaNp\"],\"inLanguage\":\"fr-FR\"},{\"@type\":\"WebPage\",\"@id\":\"https:\\\/\\\/cumse.org\\\/fr\\\/primo-ritiro-presso-iperal-di-cassina-de-pecchi\\\/\",\"url\":\"https:\\\/\\\/cumse.org\\\/fr\\\/primo-ritiro-presso-iperal-di-cassina-de-pecchi\\\/\",\"name\":\"Primo ritiro presso Iperal di Cassina de Pecchi - Fondazione Cumse ETS\",\"isPartOf\":{\"@id\":\"https:\\\/\\\/cumse.org\\\/#website\"},\"primaryImageOfPage\":{\"@id\":\"https:\\\/\\\/cumse.org\\\/fr\\\/primo-ritiro-presso-iperal-di-cassina-de-pecchi\\\/#primaryimage\"},\"image\":{\"@id\":\"https:\\\/\\\/cumse.org\\\/fr\\\/primo-ritiro-presso-iperal-di-cassina-de-pecchi\\\/#primaryimage\"},\"thumbnailUrl\":\"https:\\\/\\\/i0.wp.com\\\/cumse.org\\\/wp-content\\\/uploads\\\/2022\\\/11\\\/WhatsApp-Image-2022-11-15-at-11.17.18-e1669124228335.jpeg?fit=1024%2C629&ssl=1\",\"datePublished\":\"2022-11-21T13:42:30+00:00\",\"dateModified\":\"2022-11-22T16:47:52+00:00\",\"author\":{\"@id\":\"https:\\\/\\\/cumse.org\\\/#\\\/schema\\\/person\\\/d8802c7f9d251c013018b375be80cb06\"},\"breadcrumb\":{\"@id\":\"https:\\\/\\\/cumse.org\\\/fr\\\/primo-ritiro-presso-iperal-di-cassina-de-pecchi\\\/#breadcrumb\"},\"inLanguage\":\"fr-FR\",\"potentialAction\":[{\"@type\":\"ReadAction\",\"target\":[\"https:\\\/\\\/cumse.org\\\/fr\\\/primo-ritiro-presso-iperal-di-cassina-de-pecchi\\\/\"]}]},{\"@type\":\"ImageObject\",\"inLanguage\":\"fr-FR\",\"@id\":\"https:\\\/\\\/cumse.org\\\/fr\\\/primo-ritiro-presso-iperal-di-cassina-de-pecchi\\\/#primaryimage\",\"url\":\"https:\\\/\\\/i0.wp.com\\\/cumse.org\\\/wp-content\\\/uploads\\\/2022\\\/11\\\/WhatsApp-Image-2022-11-15-at-11.17.18-e1669124228335.jpeg?fit=1024%2C629&ssl=1\",\"contentUrl\":\"https:\\\/\\\/i0.wp.com\\\/cumse.org\\\/wp-content\\\/uploads\\\/2022\\\/11\\\/WhatsApp-Image-2022-11-15-at-11.17.18-e1669124228335.jpeg?fit=1024%2C629&ssl=1\",\"width\":1024,\"height\":629},{\"@type\":\"BreadcrumbList\",\"@id\":\"https:\\\/\\\/cumse.org\\\/fr\\\/primo-ritiro-presso-iperal-di-cassina-de-pecchi\\\/#breadcrumb\",\"itemListElement\":[{\"@type\":\"ListItem\",\"position\":1,\"name\":\"Home\",\"item\":\"https:\\\/\\\/cumse.org\\\/\"},{\"@type\":\"ListItem\",\"position\":2,\"name\":\"Primo ritiro presso Iperal di Cassina de Pecchi\"}]},{\"@type\":\"WebSite\",\"@id\":\"https:\\\/\\\/cumse.org\\\/#website\",\"url\":\"https:\\\/\\\/cumse.org\\\/\",\"name\":\"Fondazione Cumse ETS\",\"description\":\"Siamo dove gli altri distolgono lo sguardo\",\"potentialAction\":[{\"@type\":\"SearchAction\",\"target\":{\"@type\":\"EntryPoint\",\"urlTemplate\":\"https:\\\/\\\/cumse.org\\\/?s={search_term_string}\"},\"query-input\":{\"@type\":\"PropertyValueSpecification\",\"valueRequired\":true,\"valueName\":\"search_term_string\"}}],\"inLanguage\":\"fr-FR\"},{\"@type\":\"Person\",\"@id\":\"https:\\\/\\\/cumse.org\\\/#\\\/schema\\\/person\\\/d8802c7f9d251c013018b375be80cb06\",\"name\":\"admin\",\"image\":{\"@type\":\"ImageObject\",\"inLanguage\":\"fr-FR\",\"@id\":\"https:\\\/\\\/secure.gravatar.com\\\/avatar\\\/7fcee464d094e0b490b50408a0c7356276eedd5a17796d503ee821451b764c37?s=96&d=mm&r=g\",\"url\":\"https:\\\/\\\/secure.gravatar.com\\\/avatar\\\/7fcee464d094e0b490b50408a0c7356276eedd5a17796d503ee821451b764c37?s=96&d=mm&r=g\",\"contentUrl\":\"https:\\\/\\\/secure.gravatar.com\\\/avatar\\\/7fcee464d094e0b490b50408a0c7356276eedd5a17796d503ee821451b764c37?s=96&d=mm&r=g\",\"caption\":\"admin\"}}]}<\/script>\n<!-- \/ Yoast SEO plugin. -->","yoast_head_json":{"title":"Primo ritiro presso Iperal di Cassina de Pecchi - Fondazione Cumse ETS","robots":{"index":"index","follow":"follow","max-snippet":"max-snippet:-1","max-image-preview":"max-image-preview:large","max-video-preview":"max-video-preview:-1"},"canonical":"https:\/\/cumse.org\/fr\/primo-ritiro-presso-iperal-di-cassina-de-pecchi\/","og_locale":"fr_FR","og_type":"article","og_title":"Primo ritiro presso Iperal di Cassina de Pecchi - Fondazione Cumse ETS","og_description":"SaNP &#8211; Prima il Pane: Giornata epocale! Primo ritiro presso Iperal di Cassina de Pecchi da Fondazione Cumse per Fondazione Cumse. Dopo l&#8217;accordo di ritiro delle eccedenze alimentari, si \u00e8 concluso con un importante carico di prodotti il primo ritiro. Parte dei prodotti sono stati destinati alla mensa francescana di santa Maria delle Grazie a [&hellip;]","og_url":"https:\/\/cumse.org\/fr\/primo-ritiro-presso-iperal-di-cassina-de-pecchi\/","og_site_name":"Fondazione Cumse ETS","article_published_time":"2022-11-21T13:42:30+00:00","article_modified_time":"2022-11-22T16:47:52+00:00","og_image":[{"width":1024,"height":629,"url":"https:\/\/cumse.org\/wp-content\/uploads\/2022\/11\/WhatsApp-Image-2022-11-15-at-11.17.18-e1669124228335.jpeg","type":"image\/jpeg"}],"author":"admin","twitter_card":"summary_large_image","twitter_misc":{"\u00c9crit par":"admin","Dur\u00e9e de lecture estim\u00e9e":"1 minute"},"schema":{"@context":"https:\/\/schema.org","@graph":[{"@type":"Article","@id":"https:\/\/cumse.org\/fr\/primo-ritiro-presso-iperal-di-cassina-de-pecchi\/#article","isPartOf":{"@id":"https:\/\/cumse.org\/fr\/primo-ritiro-presso-iperal-di-cassina-de-pecchi\/"},"author":{"name":"admin","@id":"https:\/\/cumse.org\/#\/schema\/person\/d8802c7f9d251c013018b375be80cb06"},"headline":"Primo ritiro presso Iperal di Cassina de Pecchi","datePublished":"2022-11-21T13:42:30+00:00","dateModified":"2022-11-22T16:47:52+00:00","mainEntityOfPage":{"@id":"https:\/\/cumse.org\/fr\/primo-ritiro-presso-iperal-di-cassina-de-pecchi\/"},"wordCount":81,"image":{"@id":"https:\/\/cumse.org\/fr\/primo-ritiro-presso-iperal-di-cassina-de-pecchi\/#primaryimage"},"thumbnailUrl":"https:\/\/i0.wp.com\/cumse.org\/wp-content\/uploads\/2022\/11\/WhatsApp-Image-2022-11-15-at-11.17.18-e1669124228335.jpeg?fit=1024%2C629&ssl=1","keywords":["46-22","Prima il Pane"],"articleSection":["Cumse - Prima il Pane","News","Progetti Italia","SaNp"],"inLanguage":"fr-FR"},{"@type":"WebPage","@id":"https:\/\/cumse.org\/fr\/primo-ritiro-presso-iperal-di-cassina-de-pecchi\/","url":"https:\/\/cumse.org\/fr\/primo-ritiro-presso-iperal-di-cassina-de-pecchi\/","name":"Primo ritiro presso Iperal di Cassina de Pecchi - Fondazione Cumse ETS","isPartOf":{"@id":"https:\/\/cumse.org\/#website"},"primaryImageOfPage":{"@id":"https:\/\/cumse.org\/fr\/primo-ritiro-presso-iperal-di-cassina-de-pecchi\/#primaryimage"},"image":{"@id":"https:\/\/cumse.org\/fr\/primo-ritiro-presso-iperal-di-cassina-de-pecchi\/#primaryimage"},"thumbnailUrl":"https:\/\/i0.wp.com\/cumse.org\/wp-content\/uploads\/2022\/11\/WhatsApp-Image-2022-11-15-at-11.17.18-e1669124228335.jpeg?fit=1024%2C629&ssl=1","datePublished":"2022-11-21T13:42:30+00:00","dateModified":"2022-11-22T16:47:52+00:00","author":{"@id":"https:\/\/cumse.org\/#\/schema\/person\/d8802c7f9d251c013018b375be80cb06"},"breadcrumb":{"@id":"https:\/\/cumse.org\/fr\/primo-ritiro-presso-iperal-di-cassina-de-pecchi\/#breadcrumb"},"inLanguage":"fr-FR","potentialAction":[{"@type":"ReadAction","target":["https:\/\/cumse.org\/fr\/primo-ritiro-presso-iperal-di-cassina-de-pecchi\/"]}]},{"@type":"ImageObject","inLanguage":"fr-FR","@id":"https:\/\/cumse.org\/fr\/primo-ritiro-presso-iperal-di-cassina-de-pecchi\/#primaryimage","url":"https:\/\/i0.wp.com\/cumse.org\/wp-content\/uploads\/2022\/11\/WhatsApp-Image-2022-11-15-at-11.17.18-e1669124228335.jpeg?fit=1024%2C629&ssl=1","contentUrl":"https:\/\/i0.wp.com\/cumse.org\/wp-content\/uploads\/2022\/11\/WhatsApp-Image-2022-11-15-at-11.17.18-e1669124228335.jpeg?fit=1024%2C629&ssl=1","width":1024,"height":629},{"@type":"BreadcrumbList","@id":"https:\/\/cumse.org\/fr\/primo-ritiro-presso-iperal-di-cassina-de-pecchi\/#breadcrumb","itemListElement":[{"@type":"ListItem","position":1,"name":"Home","item":"https:\/\/cumse.org\/"},{"@type":"ListItem","position":2,"name":"Primo ritiro presso Iperal di Cassina de Pecchi"}]},{"@type":"WebSite","@id":"https:\/\/cumse.org\/#website","url":"https:\/\/cumse.org\/","name":"Fondazione Cumse ETS","description":"Siamo dove gli altri distolgono lo sguardo","potentialAction":[{"@type":"SearchAction","target":{"@type":"EntryPoint","urlTemplate":"https:\/\/cumse.org\/?s={search_term_string}"},"query-input":{"@type":"PropertyValueSpecification","valueRequired":true,"valueName":"search_term_string"}}],"inLanguage":"fr-FR"},{"@type":"Person","@id":"https:\/\/cumse.org\/#\/schema\/person\/d8802c7f9d251c013018b375be80cb06","name":"admin","image":{"@type":"ImageObject","inLanguage":"fr-FR","@id":"https:\/\/secure.gravatar.com\/avatar\/7fcee464d094e0b490b50408a0c7356276eedd5a17796d503ee821451b764c37?s=96&d=mm&r=g","url":"https:\/\/secure.gravatar.com\/avatar\/7fcee464d094e0b490b50408a0c7356276eedd5a17796d503ee821451b764c37?s=96&d=mm&r=g","contentUrl":"https:\/\/secure.gravatar.com\/avatar\/7fcee464d094e0b490b50408a0c7356276eedd5a17796d503ee821451b764c37?s=96&d=mm&r=g","caption":"admin"}}]}},"jetpack_featured_media_url":"https:\/\/i0.wp.com\/cumse.org\/wp-content\/uploads\/2022\/11\/WhatsApp-Image-2022-11-15-at-11.17.18-e1669124228335.jpeg?fit=1024%2C629&ssl=1","jetpack_sharing_enabled":true,"_links":{"self":[{"href":"https:\/\/cumse.org\/fr\/wp-json\/wp\/v2\/posts\/8483","targetHints":{"allow":["GET"]}}],"collection":[{"href":"https:\/\/cumse.org\/fr\/wp-json\/wp\/v2\/posts"}],"about":[{"href":"https:\/\/cumse.org\/fr\/wp-json\/wp\/v2\/types\/post"}],"author":[{"embeddable":true,"href":"https:\/\/cumse.org\/fr\/wp-json\/wp\/v2\/users\/1"}],"replies":[{"embeddable":true,"href":"https:\/\/cumse.org\/fr\/wp-json\/wp\/v2\/comments?post=8483"}],"version-history":[{"count":0,"href":"https:\/\/cumse.org\/fr\/wp-json\/wp\/v2\/posts\/8483\/revisions"}],"wp:featuredmedia":[{"embeddable":true,"href":"https:\/\/cumse.org\/fr\/wp-json\/wp\/v2\/media\/8485"}],"wp:attachment":[{"href":"https:\/\/cumse.org\/fr\/wp-json\/wp\/v2\/media?parent=8483"}],"wp:term":[{"taxonomy":"category","embeddable":true,"href":"https:\/\/cumse.org\/fr\/wp-json\/wp\/v2\/categories?post=8483"},{"taxonomy":"post_tag","embeddable":true,"href":"https:\/\/cumse.org\/fr\/wp-json\/wp\/v2\/tags?post=8483"}],"curies":[{"name":"wp","href":"https:\/\/api.w.org\/{rel}","templated":true}]}}