{"id":8379,"date":"2022-11-07T18:09:41","date_gmt":"2022-11-07T17:09:41","guid":{"rendered":"https:\/\/cumse.org\/?p=8379"},"modified":"2022-11-15T12:20:21","modified_gmt":"2022-11-15T11:20:21","slug":"ragazzi-di-strada-del-congo","status":"publish","type":"post","link":"https:\/\/cumse.org\/fr\/ragazzi-di-strada-del-congo\/","title":{"rendered":"Ragazzi di strada del Congo avviati alla scuola di formazione meccanica"},"content":{"rendered":"<p><strong>Notizie dall&#8217;Africa e dal Congo per precisione.<\/strong><br \/>\nToubi, il nostro volontario che sosteniamo nelle attivit\u00e0 di assistenza ai ragazzi di strada ci dice che alcuni di loro sono stati avviati alla scuola di formazione meccanica.<br \/>\n<strong>La vita dei bambini di strada \u00e8 veramente molto dura<\/strong> e a volte al limite della sopravvivenza.<br \/>\nPer la <strong>Fondation Cumse<\/strong> poter sostenere economicamente anche solo qualcuno di loro \u00e8 una opera di carit\u00e0 senza pari e <strong>un atto di giustizia e di diritto<\/strong> enorme.<br \/>\nMa le nostre risorse sono insufficienti.<br \/>\nVi prego sosteneteci, anche con poco, in questo campo di attivit\u00e0 perch\u00e9 da soli non possiamo riuscirci.<\/p>\n<hr \/>\n<h2 style=\"text-align: center;\"><a href=\"https:\/\/bit.ly\/3qw3Kvm\">Clicca qui per una piccola donazione<\/a><\/h2>\n<hr \/>\n<h2 style=\"text-align: center;\"><\/h2>\n<p>Grazie. Grazie. Cumse a tutti.<br \/>\n<img data-recalc-dims=\"1\" loading=\"lazy\" decoding=\"async\" class=\"alignnone size-full wp-image-8381\" src=\"https:\/\/i0.wp.com\/cumse.org\/wp-content\/uploads\/2022\/11\/WhatsApp-Image-2022-11-07-at-14.27.12.jpeg?resize=640%2C853&#038;ssl=1\" alt=\"\" width=\"640\" height=\"853\" srcset=\"https:\/\/i0.wp.com\/cumse.org\/wp-content\/uploads\/2022\/11\/WhatsApp-Image-2022-11-07-at-14.27.12.jpeg?w=780&amp;ssl=1 780w, https:\/\/i0.wp.com\/cumse.org\/wp-content\/uploads\/2022\/11\/WhatsApp-Image-2022-11-07-at-14.27.12.jpeg?resize=225%2C300&amp;ssl=1 225w, https:\/\/i0.wp.com\/cumse.org\/wp-content\/uploads\/2022\/11\/WhatsApp-Image-2022-11-07-at-14.27.12.jpeg?resize=768%2C1024&amp;ssl=1 768w, https:\/\/i0.wp.com\/cumse.org\/wp-content\/uploads\/2022\/11\/WhatsApp-Image-2022-11-07-at-14.27.12.jpeg?resize=9%2C12&amp;ssl=1 9w\" sizes=\"auto, (max-width: 640px) 100vw, 640px\" \/><\/p>","protected":false},"excerpt":{"rendered":"<p>Notizie dall&#8217;Africa e dal Congo per precisione. Toubi, il nostro volontario che sosteniamo nelle attivit\u00e0 di assistenza ai ragazzi di strada ci dice che alcuni di loro sono stati avviati alla scuola di formazione meccanica. La vita dei bambini di strada \u00e8 veramente molto dura e a volte al limite della sopravvivenza. Per la Fondazione [&hellip;]<\/p>\n","protected":false},"author":1,"featured_media":8380,"comment_status":"closed","ping_status":"closed","sticky":false,"template":"","format":"standard","meta":{"_jetpack_memberships_contains_paid_content":false,"footnotes":""},"categories":[124,46,49],"tags":[123,125,94],"class_list":["post-8379","post","type-post","status-publish","format-standard","has-post-thumbnail","hentry","category-cumse-bambini-di-strada","category-news","category-progetti-africa","tag-45-22","tag-africa","tag-congo"],"yoast_head":"<!-- This site is optimized with the Yoast SEO plugin v27.3 - https:\/\/yoast.com\/product\/yoast-seo-wordpress\/ -->\n<title>Ragazzi di strada del Congo avviati alla scuola di formazione meccanica - Fondazione Cumse ETS<\/title>\n<meta name=\"description\" content=\"La vita dei bambini di strada \u00e8 veramente molto dura e a volte al limite della sopravvivenza. Sostenere economicamente anche solo qualcuno di loro \u00e8 una opera di carit\u00e0 senza pari e un atto di giustizia e di diritto enorme. Ragazzi di strada del Congo avviati alla scuola di formazione meccanica\" \/>\n<meta name=\"robots\" content=\"index, follow, max-snippet:-1, max-image-preview:large, max-video-preview:-1\" \/>\n<link rel=\"canonical\" href=\"https:\/\/cumse.org\/fr\/ragazzi-di-strada-del-congo\/\" \/>\n<meta property=\"og:locale\" content=\"fr_FR\" \/>\n<meta property=\"og:type\" content=\"article\" \/>\n<meta property=\"og:title\" content=\"Ragazzi di strada del Congo avviati alla scuola di formazione meccanica - Fondazione Cumse ETS\" \/>\n<meta property=\"og:description\" content=\"La vita dei bambini di strada \u00e8 veramente molto dura e a volte al limite della sopravvivenza. Sostenere economicamente anche solo qualcuno di loro \u00e8 una opera di carit\u00e0 senza pari e un atto di giustizia e di diritto enorme. Ragazzi di strada del Congo avviati alla scuola di formazione meccanica\" \/>\n<meta property=\"og:url\" content=\"https:\/\/cumse.org\/fr\/ragazzi-di-strada-del-congo\/\" \/>\n<meta property=\"og:site_name\" content=\"Fondazione Cumse ETS\" \/>\n<meta property=\"article:published_time\" content=\"2022-11-07T17:09:41+00:00\" \/>\n<meta property=\"article:modified_time\" content=\"2022-11-15T11:20:21+00:00\" \/>\n<meta property=\"og:image\" content=\"https:\/\/cumse.org\/wp-content\/uploads\/2022\/11\/WhatsApp-Image-2022-11-07-at-14.27.12-1-e1668445885119.jpeg\" \/>\n\t<meta property=\"og:image:width\" content=\"810\" \/>\n\t<meta property=\"og:image:height\" content=\"531\" \/>\n\t<meta property=\"og:image:type\" content=\"image\/jpeg\" \/>\n<meta name=\"author\" content=\"admin\" \/>\n<meta name=\"twitter:card\" content=\"summary_large_image\" \/>\n<meta name=\"twitter:label1\" content=\"\u00c9crit par\" \/>\n\t<meta name=\"twitter:data1\" content=\"admin\" \/>\n\t<meta name=\"twitter:label2\" content=\"Dur\u00e9e de lecture estim\u00e9e\" \/>\n\t<meta name=\"twitter:data2\" content=\"1 minute\" \/>\n<script type=\"application\/ld+json\" class=\"yoast-schema-graph\">{\"@context\":\"https:\\\/\\\/schema.org\",\"@graph\":[{\"@type\":\"Article\",\"@id\":\"https:\\\/\\\/cumse.org\\\/ragazzi-di-strada-del-congo\\\/#article\",\"isPartOf\":{\"@id\":\"https:\\\/\\\/cumse.org\\\/ragazzi-di-strada-del-congo\\\/\"},\"author\":{\"name\":\"admin\",\"@id\":\"https:\\\/\\\/cumse.org\\\/#\\\/schema\\\/person\\\/d8802c7f9d251c013018b375be80cb06\"},\"headline\":\"Ragazzi di strada del Congo avviati alla scuola di formazione meccanica\",\"datePublished\":\"2022-11-07T17:09:41+00:00\",\"dateModified\":\"2022-11-15T11:20:21+00:00\",\"mainEntityOfPage\":{\"@id\":\"https:\\\/\\\/cumse.org\\\/ragazzi-di-strada-del-congo\\\/\"},\"wordCount\":123,\"image\":{\"@id\":\"https:\\\/\\\/cumse.org\\\/ragazzi-di-strada-del-congo\\\/#primaryimage\"},\"thumbnailUrl\":\"https:\\\/\\\/i0.wp.com\\\/cumse.org\\\/wp-content\\\/uploads\\\/2022\\\/11\\\/WhatsApp-Image-2022-11-07-at-14.27.12-1-e1668445885119.jpeg?fit=810%2C531&ssl=1\",\"keywords\":[\"45-22\",\"Africa\",\"congo\"],\"articleSection\":[\"Cumse - Bambini di strada\",\"News\",\"Progetti Africa\"],\"inLanguage\":\"fr-FR\"},{\"@type\":\"WebPage\",\"@id\":\"https:\\\/\\\/cumse.org\\\/ragazzi-di-strada-del-congo\\\/\",\"url\":\"https:\\\/\\\/cumse.org\\\/ragazzi-di-strada-del-congo\\\/\",\"name\":\"Ragazzi di strada del Congo avviati alla scuola di formazione meccanica - Fondazione Cumse ETS\",\"isPartOf\":{\"@id\":\"https:\\\/\\\/cumse.org\\\/#website\"},\"primaryImageOfPage\":{\"@id\":\"https:\\\/\\\/cumse.org\\\/ragazzi-di-strada-del-congo\\\/#primaryimage\"},\"image\":{\"@id\":\"https:\\\/\\\/cumse.org\\\/ragazzi-di-strada-del-congo\\\/#primaryimage\"},\"thumbnailUrl\":\"https:\\\/\\\/i0.wp.com\\\/cumse.org\\\/wp-content\\\/uploads\\\/2022\\\/11\\\/WhatsApp-Image-2022-11-07-at-14.27.12-1-e1668445885119.jpeg?fit=810%2C531&ssl=1\",\"datePublished\":\"2022-11-07T17:09:41+00:00\",\"dateModified\":\"2022-11-15T11:20:21+00:00\",\"author\":{\"@id\":\"https:\\\/\\\/cumse.org\\\/#\\\/schema\\\/person\\\/d8802c7f9d251c013018b375be80cb06\"},\"description\":\"La vita dei bambini di strada \u00e8 veramente molto dura e a volte al limite della sopravvivenza. Sostenere economicamente anche solo qualcuno di loro \u00e8 una opera di carit\u00e0 senza pari e un atto di giustizia e di diritto enorme. Ragazzi di strada del Congo avviati alla scuola di formazione meccanica\",\"breadcrumb\":{\"@id\":\"https:\\\/\\\/cumse.org\\\/ragazzi-di-strada-del-congo\\\/#breadcrumb\"},\"inLanguage\":\"fr-FR\",\"potentialAction\":[{\"@type\":\"ReadAction\",\"target\":[\"https:\\\/\\\/cumse.org\\\/ragazzi-di-strada-del-congo\\\/\"]}]},{\"@type\":\"ImageObject\",\"inLanguage\":\"fr-FR\",\"@id\":\"https:\\\/\\\/cumse.org\\\/ragazzi-di-strada-del-congo\\\/#primaryimage\",\"url\":\"https:\\\/\\\/i0.wp.com\\\/cumse.org\\\/wp-content\\\/uploads\\\/2022\\\/11\\\/WhatsApp-Image-2022-11-07-at-14.27.12-1-e1668445885119.jpeg?fit=810%2C531&ssl=1\",\"contentUrl\":\"https:\\\/\\\/i0.wp.com\\\/cumse.org\\\/wp-content\\\/uploads\\\/2022\\\/11\\\/WhatsApp-Image-2022-11-07-at-14.27.12-1-e1668445885119.jpeg?fit=810%2C531&ssl=1\",\"width\":810,\"height\":531},{\"@type\":\"BreadcrumbList\",\"@id\":\"https:\\\/\\\/cumse.org\\\/ragazzi-di-strada-del-congo\\\/#breadcrumb\",\"itemListElement\":[{\"@type\":\"ListItem\",\"position\":1,\"name\":\"Home\",\"item\":\"https:\\\/\\\/cumse.org\\\/\"},{\"@type\":\"ListItem\",\"position\":2,\"name\":\"Ragazzi di strada del Congo avviati alla scuola di formazione meccanica\"}]},{\"@type\":\"WebSite\",\"@id\":\"https:\\\/\\\/cumse.org\\\/#website\",\"url\":\"https:\\\/\\\/cumse.org\\\/\",\"name\":\"Fondazione Cumse ETS\",\"description\":\"Siamo dove gli altri distolgono lo sguardo\",\"potentialAction\":[{\"@type\":\"SearchAction\",\"target\":{\"@type\":\"EntryPoint\",\"urlTemplate\":\"https:\\\/\\\/cumse.org\\\/?s={search_term_string}\"},\"query-input\":{\"@type\":\"PropertyValueSpecification\",\"valueRequired\":true,\"valueName\":\"search_term_string\"}}],\"inLanguage\":\"fr-FR\"},{\"@type\":\"Person\",\"@id\":\"https:\\\/\\\/cumse.org\\\/#\\\/schema\\\/person\\\/d8802c7f9d251c013018b375be80cb06\",\"name\":\"admin\",\"image\":{\"@type\":\"ImageObject\",\"inLanguage\":\"fr-FR\",\"@id\":\"https:\\\/\\\/secure.gravatar.com\\\/avatar\\\/7fcee464d094e0b490b50408a0c7356276eedd5a17796d503ee821451b764c37?s=96&d=mm&r=g\",\"url\":\"https:\\\/\\\/secure.gravatar.com\\\/avatar\\\/7fcee464d094e0b490b50408a0c7356276eedd5a17796d503ee821451b764c37?s=96&d=mm&r=g\",\"contentUrl\":\"https:\\\/\\\/secure.gravatar.com\\\/avatar\\\/7fcee464d094e0b490b50408a0c7356276eedd5a17796d503ee821451b764c37?s=96&d=mm&r=g\",\"caption\":\"admin\"}}]}<\/script>\n<!-- \/ Yoast SEO plugin. -->","yoast_head_json":{"title":"Ragazzi di strada del Congo avviati alla scuola di formazione meccanica - Fondazione Cumse ETS","description":"La vita dei bambini di strada \u00e8 veramente molto dura e a volte al limite della sopravvivenza. Sostenere economicamente anche solo qualcuno di loro \u00e8 una opera di carit\u00e0 senza pari e un atto di giustizia e di diritto enorme. Ragazzi di strada del Congo avviati alla scuola di formazione meccanica","robots":{"index":"index","follow":"follow","max-snippet":"max-snippet:-1","max-image-preview":"max-image-preview:large","max-video-preview":"max-video-preview:-1"},"canonical":"https:\/\/cumse.org\/fr\/ragazzi-di-strada-del-congo\/","og_locale":"fr_FR","og_type":"article","og_title":"Ragazzi di strada del Congo avviati alla scuola di formazione meccanica - Fondazione Cumse ETS","og_description":"La vita dei bambini di strada \u00e8 veramente molto dura e a volte al limite della sopravvivenza. Sostenere economicamente anche solo qualcuno di loro \u00e8 una opera di carit\u00e0 senza pari e un atto di giustizia e di diritto enorme. Ragazzi di strada del Congo avviati alla scuola di formazione meccanica","og_url":"https:\/\/cumse.org\/fr\/ragazzi-di-strada-del-congo\/","og_site_name":"Fondazione Cumse ETS","article_published_time":"2022-11-07T17:09:41+00:00","article_modified_time":"2022-11-15T11:20:21+00:00","og_image":[{"width":810,"height":531,"url":"https:\/\/cumse.org\/wp-content\/uploads\/2022\/11\/WhatsApp-Image-2022-11-07-at-14.27.12-1-e1668445885119.jpeg","type":"image\/jpeg"}],"author":"admin","twitter_card":"summary_large_image","twitter_misc":{"\u00c9crit par":"admin","Dur\u00e9e de lecture estim\u00e9e":"1 minute"},"schema":{"@context":"https:\/\/schema.org","@graph":[{"@type":"Article","@id":"https:\/\/cumse.org\/ragazzi-di-strada-del-congo\/#article","isPartOf":{"@id":"https:\/\/cumse.org\/ragazzi-di-strada-del-congo\/"},"author":{"name":"admin","@id":"https:\/\/cumse.org\/#\/schema\/person\/d8802c7f9d251c013018b375be80cb06"},"headline":"Ragazzi di strada del Congo avviati alla scuola di formazione meccanica","datePublished":"2022-11-07T17:09:41+00:00","dateModified":"2022-11-15T11:20:21+00:00","mainEntityOfPage":{"@id":"https:\/\/cumse.org\/ragazzi-di-strada-del-congo\/"},"wordCount":123,"image":{"@id":"https:\/\/cumse.org\/ragazzi-di-strada-del-congo\/#primaryimage"},"thumbnailUrl":"https:\/\/i0.wp.com\/cumse.org\/wp-content\/uploads\/2022\/11\/WhatsApp-Image-2022-11-07-at-14.27.12-1-e1668445885119.jpeg?fit=810%2C531&ssl=1","keywords":["45-22","Africa","congo"],"articleSection":["Cumse - Bambini di strada","News","Progetti Africa"],"inLanguage":"fr-FR"},{"@type":"WebPage","@id":"https:\/\/cumse.org\/ragazzi-di-strada-del-congo\/","url":"https:\/\/cumse.org\/ragazzi-di-strada-del-congo\/","name":"Ragazzi di strada del Congo avviati alla scuola di formazione meccanica - Fondazione Cumse ETS","isPartOf":{"@id":"https:\/\/cumse.org\/#website"},"primaryImageOfPage":{"@id":"https:\/\/cumse.org\/ragazzi-di-strada-del-congo\/#primaryimage"},"image":{"@id":"https:\/\/cumse.org\/ragazzi-di-strada-del-congo\/#primaryimage"},"thumbnailUrl":"https:\/\/i0.wp.com\/cumse.org\/wp-content\/uploads\/2022\/11\/WhatsApp-Image-2022-11-07-at-14.27.12-1-e1668445885119.jpeg?fit=810%2C531&ssl=1","datePublished":"2022-11-07T17:09:41+00:00","dateModified":"2022-11-15T11:20:21+00:00","author":{"@id":"https:\/\/cumse.org\/#\/schema\/person\/d8802c7f9d251c013018b375be80cb06"},"description":"La vita dei bambini di strada \u00e8 veramente molto dura e a volte al limite della sopravvivenza. Sostenere economicamente anche solo qualcuno di loro \u00e8 una opera di carit\u00e0 senza pari e un atto di giustizia e di diritto enorme. Ragazzi di strada del Congo avviati alla scuola di formazione meccanica","breadcrumb":{"@id":"https:\/\/cumse.org\/ragazzi-di-strada-del-congo\/#breadcrumb"},"inLanguage":"fr-FR","potentialAction":[{"@type":"ReadAction","target":["https:\/\/cumse.org\/ragazzi-di-strada-del-congo\/"]}]},{"@type":"ImageObject","inLanguage":"fr-FR","@id":"https:\/\/cumse.org\/ragazzi-di-strada-del-congo\/#primaryimage","url":"https:\/\/i0.wp.com\/cumse.org\/wp-content\/uploads\/2022\/11\/WhatsApp-Image-2022-11-07-at-14.27.12-1-e1668445885119.jpeg?fit=810%2C531&ssl=1","contentUrl":"https:\/\/i0.wp.com\/cumse.org\/wp-content\/uploads\/2022\/11\/WhatsApp-Image-2022-11-07-at-14.27.12-1-e1668445885119.jpeg?fit=810%2C531&ssl=1","width":810,"height":531},{"@type":"BreadcrumbList","@id":"https:\/\/cumse.org\/ragazzi-di-strada-del-congo\/#breadcrumb","itemListElement":[{"@type":"ListItem","position":1,"name":"Home","item":"https:\/\/cumse.org\/"},{"@type":"ListItem","position":2,"name":"Ragazzi di strada del Congo avviati alla scuola di formazione meccanica"}]},{"@type":"WebSite","@id":"https:\/\/cumse.org\/#website","url":"https:\/\/cumse.org\/","name":"Fondazione Cumse ETS","description":"Siamo dove gli altri distolgono lo sguardo","potentialAction":[{"@type":"SearchAction","target":{"@type":"EntryPoint","urlTemplate":"https:\/\/cumse.org\/?s={search_term_string}"},"query-input":{"@type":"PropertyValueSpecification","valueRequired":true,"valueName":"search_term_string"}}],"inLanguage":"fr-FR"},{"@type":"Person","@id":"https:\/\/cumse.org\/#\/schema\/person\/d8802c7f9d251c013018b375be80cb06","name":"admin","image":{"@type":"ImageObject","inLanguage":"fr-FR","@id":"https:\/\/secure.gravatar.com\/avatar\/7fcee464d094e0b490b50408a0c7356276eedd5a17796d503ee821451b764c37?s=96&d=mm&r=g","url":"https:\/\/secure.gravatar.com\/avatar\/7fcee464d094e0b490b50408a0c7356276eedd5a17796d503ee821451b764c37?s=96&d=mm&r=g","contentUrl":"https:\/\/secure.gravatar.com\/avatar\/7fcee464d094e0b490b50408a0c7356276eedd5a17796d503ee821451b764c37?s=96&d=mm&r=g","caption":"admin"}}]}},"jetpack_featured_media_url":"https:\/\/i0.wp.com\/cumse.org\/wp-content\/uploads\/2022\/11\/WhatsApp-Image-2022-11-07-at-14.27.12-1-e1668445885119.jpeg?fit=810%2C531&ssl=1","jetpack_sharing_enabled":true,"_links":{"self":[{"href":"https:\/\/cumse.org\/fr\/wp-json\/wp\/v2\/posts\/8379","targetHints":{"allow":["GET"]}}],"collection":[{"href":"https:\/\/cumse.org\/fr\/wp-json\/wp\/v2\/posts"}],"about":[{"href":"https:\/\/cumse.org\/fr\/wp-json\/wp\/v2\/types\/post"}],"author":[{"embeddable":true,"href":"https:\/\/cumse.org\/fr\/wp-json\/wp\/v2\/users\/1"}],"replies":[{"embeddable":true,"href":"https:\/\/cumse.org\/fr\/wp-json\/wp\/v2\/comments?post=8379"}],"version-history":[{"count":0,"href":"https:\/\/cumse.org\/fr\/wp-json\/wp\/v2\/posts\/8379\/revisions"}],"wp:featuredmedia":[{"embeddable":true,"href":"https:\/\/cumse.org\/fr\/wp-json\/wp\/v2\/media\/8380"}],"wp:attachment":[{"href":"https:\/\/cumse.org\/fr\/wp-json\/wp\/v2\/media?parent=8379"}],"wp:term":[{"taxonomy":"category","embeddable":true,"href":"https:\/\/cumse.org\/fr\/wp-json\/wp\/v2\/categories?post=8379"},{"taxonomy":"post_tag","embeddable":true,"href":"https:\/\/cumse.org\/fr\/wp-json\/wp\/v2\/tags?post=8379"}],"curies":[{"name":"wp","href":"https:\/\/api.w.org\/{rel}","templated":true}]}}