{"id":4252,"date":"2021-02-08T11:07:39","date_gmt":"2021-02-08T10:07:39","guid":{"rendered":"https:\/\/cumse.org\/?p=4252"},"modified":"2021-06-30T16:10:54","modified_gmt":"2021-06-30T15:10:54","slug":"8-febbraio-lunedi-cinema","status":"publish","type":"post","link":"https:\/\/cumse.org\/fr\/8-febbraio-lunedi-cinema\/","title":{"rendered":"8 febbraio &#8211; Luned\u00ec cinema"},"content":{"rendered":"<p>Ricordo quando \u00e8 arrivato il momento di fare le valige in preparazione alla partenza.<\/p>\n<p>Ho iniziato domenica sera alle 18 a elencare ci\u00f2 che mi sarei dovuto portar dietro.<br \/>\nOvviamente parlo della domenica sera antecedente al volo previsto per luned\u00ec alle 12.30. Tempo di soggiorno: 10 mesi. Quando si dice: &#8220;agire all&#8217;ultimo momento!&#8221;<\/p>\n<p>Per me funziona cos\u00ec. <strong>Alcuni pensano ai bagagli la mattina stessa o addirittura la notte del viaggio. Altri impiegano settimane per sistemare tutto. Io me la gioco mezza giornata in anticipo.<\/strong><br \/>\nRicordo che da bambino ero solito fare la cartella poco prima di andare a letto.<br \/>\nNon mi serve tempo, ho gi\u00e0 tutto in testa.<\/p>\n<p>La trepidante attesa di uno spostamento, la scoperta, il fascino dell&#8217;ignoto, l&#8217;adrenalina dei possibili pericoli o delle<br \/>\nprobabili disavventure mettono in moto la mia mente, mentre cammino, mentre parlo, mentre lavoro (quelle poche volte che succede), una parte di me rimane distaccata, proiettata verso la destinazione.<br \/>\nMi divido in compartimenti stagni, uno dei quali \u00e8 esclusivamente dedicato all&#8217;inventario.<\/p>\n<p>Mentre faccio altre cose c&#8217;\u00e8 sempre una piccola spia accesa che mi avvisa, di tanto in tanto, su possibile roba da comprare o da mettere in lista.<br \/>\nDei tre neuroni funzionanti me ne si blocca uno, poich\u00e9 impegnato nella redazione dell&#8217;elenco. Dunque, prima di un evento importante, sembro ancora pi\u00f9 scemo del solito.<\/p>\n<p><strong> Da piccino mi succedeva alla vigilia di natale, non dormivo mai, passavo tutta la notte con gli occhi spalancati al buio nella mia cameretta sperando di carpire qualche rumore, qualche traccia di renne o di magia.<\/strong> Mi svegliavo alle 5 e aspettavo le 6 per poter scartare i regali, ma solo quelli col mio nome sopra. Alle 7 condannavo i miei ad alzarsi per avere le attenzioni di rito. L\u00ec avr\u00f2 sbattuti gi\u00f9 dal letto all&#8217;alba almeno una decina di volte.(Caso mai steste leggendo, chiedo venia!)<\/p>\n<p>L&#8217;illusione si mischia all&#8217;innocenza del bambino che \u00e8 curioso, vispo, vigile e vuole sapere. La stessa irrequietezza che mi accompagna ogni volta che c&#8217;\u00e8 da lasciarsi la porta di casa alle spalle. Non \u00e8 questione di andare a Roma, a Milano o Timbuct\u00f9. Quando si supera la mezz&#8217;ora di macchina per me si tratta gi\u00e0 di un viaggio a tutti<br \/>\ngli effetti.<\/p>\n<p><strong>Da qualche tempo il mio terzo neurone \u00e8 al lavoro sul prossimo spostamento. Mancano giusto un paio di giorni.<\/strong><br \/>\nChristian, a quel punto, scender\u00e0 con l&#8217;auto da <strong><a href=\"https:\/\/it.wikipedia.org\/wiki\/Garoua\">Garoua<\/a><\/strong> a Marza per prelevarmi e ricondurmi l\u00ec, a nord, verso il deserto. Una scampagnata di 4 settimane, molto utile per porre le basi degli obiettivi prefissati all&#8217;interno del progetto che seguo come civilista per Cumse. Inoltre una ghiotta occasione per abbeverarmi di paesaggi, usi, musiche, cibi, dialetti e volti diversi.<br \/>\nC&#8217;\u00e8 gente che mi aspetta da quelle parti. Essere atteso e desiderato scatena ancor di pi\u00f9 il mio desiderio di macinare chilometri.<\/p>\n<p>E&#8217; luned\u00ec mattina, non ho programmi e il vento mena pi\u00f9 forte del solito. Si tratta dell&#8217;Harmattan (L&#8217;armattano) che nella stagione secca impervia sulle strade polverose, sollevando copiosi nugoli di terra rossa ricchi di germi e batteri mai filtrati prima dalle mie pallide narici. E&#8217; un&#8217;aria lunatica la sua, sferza lamate veloci sulle foglie e sui rami degli alberi, disturba la quiete generale quanto basta per farsi notare, placandosi successivamente.<br \/>\n<strong>L&#8217;Harmattan \u00e8 vanesio ed egocentrico, per questo non va sottovalutato.<\/strong> Pu\u00f2 sembrare dissolto ma \u00e8 sempre l\u00ec, in attesa che gli uomini abbassino la guardia, pronto a coglierli di sorpresa con un agguato caldo, avvolgente e fastidioso.<\/p>\n<p>Lavorare all&#8217;aperto, in sua presenza risulta difficile, <strong>in un certo senso \u00e8 un mio alleato.<\/strong><br \/>\n<strong>Quantomeno \u00e8 socio della mia pigrizia. Non a caso \u00e8 considerato un disastro naturale.<\/strong> Possiede due capacit\u00e0 contrastanti. In primis, quando \u00e8 al massimo della sua potenza, pu\u00f2 oscurare il sole per diversi giorni. In secondo luogo, nei momenti in cui \u00e8 mite, porta benessere e rinfresco al clima secco, guadagnandosi il soprannome de: &#8220;il Dottore&#8221;. Nulla a centrare con Valentino. Oggi 1\/3 del mio cervello enumera gli oggetti e i vestiti da infilare nel borsone. Il resto si annichilisce sprofondando negli abissi del web.<\/p>\n<p><img data-recalc-dims=\"1\" loading=\"lazy\" decoding=\"async\" class=\"size-medium wp-image-7469 alignleft\" src=\"https:\/\/i0.wp.com\/cumse.org\/wp-content\/uploads\/2021\/02\/WhatsApp-Image-2021-02-08-at-10.39.36.jpeg?resize=225%2C300&#038;ssl=1\" alt=\"\" width=\"225\" height=\"300\" srcset=\"https:\/\/i0.wp.com\/cumse.org\/wp-content\/uploads\/2021\/02\/WhatsApp-Image-2021-02-08-at-10.39.36.jpeg?resize=225%2C300&amp;ssl=1 225w, https:\/\/i0.wp.com\/cumse.org\/wp-content\/uploads\/2021\/02\/WhatsApp-Image-2021-02-08-at-10.39.36.jpeg?resize=800%2C1067&amp;ssl=1 800w, https:\/\/i0.wp.com\/cumse.org\/wp-content\/uploads\/2021\/02\/WhatsApp-Image-2021-02-08-at-10.39.36.jpeg?resize=768%2C1024&amp;ssl=1 768w, https:\/\/i0.wp.com\/cumse.org\/wp-content\/uploads\/2021\/02\/WhatsApp-Image-2021-02-08-at-10.39.36.jpeg?resize=1152%2C1536&amp;ssl=1 1152w, https:\/\/i0.wp.com\/cumse.org\/wp-content\/uploads\/2021\/02\/WhatsApp-Image-2021-02-08-at-10.39.36.jpeg?w=1200&amp;ssl=1 1200w\" sizes=\"auto, (max-width: 225px) 100vw, 225px\" \/>Godyene arriva alle 10.30, vuole rassettare casa, camera compresa, e preparare il pranzo. Non c&#8217;\u00e8 verso di convincerla sul fatto che, almeno delle pulizie, posso occuparmene personalmente. Ha come dei pregiudizi in fatto di uomini e faccende domestiche. In Camerun, e ancor di pi\u00f9 in Congo, sua terra natia, le due cose non vanno<br \/>\nquasi mai a braccetto. Se insiste, continuer\u00f2 a poltrire rapito dalle mie &#8220;importanti&#8221; riflessioni sul nulla.<\/p>\n<p>Mi metto in contatto con il Presidente (Roberto eh, non Draghi), poi con Luisa (responsabile del mio SCU), poi con suor Nicole, ancora con Sophie e, infine, con Claris.<br \/>\nStanno tutti bene, anche Sophie \u00e8 in via di guarigione, un tantino debilitata, ma gi\u00e0 in ripresa. E&#8217; un donnone forte, ha solo bisogno di un po&#8217; di riposo.<br \/>\nDopo aver scandagliato le condizioni di salute del Centro, mi abbandono ad un pranzo leggero a base di pollo al sugo e zucca al vapore.<\/p>\n<p>Nel pomeriggio alcuni amici mi chiedono dettagli riguardanti la mia quotidianit\u00e0: <em>&#8220;Falco pi\u00f9 o meno a quante messe hai gi\u00e0 assistito?&#8221;<\/em>, &#8220;<em>Falco anche io ho imparato il francese, senti eh &#8220;j&#8217;ai la Tour Eiffel dans le pantalon!&#8221;<\/em>, <em>allora che ne dici?&#8221;<\/em>. Siamo molto simili io e i miei compari, scemi uguali.<br \/>\nOgnuno \u00e8 preso dalle proprie vite e, nella mia serena quiete equatoriale, mi dimentico che la gente seria ha un lavoro ed \u00e8 occupata nel primo pomeriggio d&#8217;inizio settimana.<br \/>\nMando messaggi random per noia e mi becco l&#8217;effetto boomerang ricevendo mille risposte tutte pi\u00f9 o meno alla stessa ora. Mi sono incasinato da solo, va beh, non sarebbe la prima volta!<\/p>\n<p>Grazie a questa mossa, in poco tempo esaurisco l&#8217;autonomia di connessione, per la precisione alle 17, rimanendo privo di mezzi d&#8217;evasione.<br \/>\nSono costretto quindi a far marciare il cricetino nel mio cranio sulla ruota.<br \/>\n<strong>Per un po&#8217; fantastico del pi\u00f9 e del meno sdraiato sul letto, guardando il soffitto.<\/strong> Penso ai progetti che mi attendono al nord, alle discussioni che dovr\u00f2 tenere con i diversi personaggi di spicco in quella zona, cerco di lavorare con la testa, nei limiti del possibile (ho solo due neuroni liberi).<\/p>\n<p>Dopodich\u00e9 afferro un libricino di poesie e ne pesco una a caso. Parla della storia di un bimbo che, quand&#8217;ancora non superava la propria capra in altezza, si innamor\u00f2 di una certa Clori. Trovando il coraggio di dichiararsi, la fanciulla, intenerita, gli regal\u00f2 un bacino. Passa il tempo, lei si innamora di altri e ne fa innamorare a sua volta.<br \/>\nLui raggiunge la maturit\u00e0 e finalmente pu\u00f2 giocarsi le sue carte. Lei non lo calcola manco per sbaglio. Il testo si conclude cos\u00ec: <em>&#8220;Clori or mi sprezza, io l&#8217;amo insin d&#8217;allora: non si ricorda il mio amor costei, io mi ricordo di quel bacio ancora&#8221;.<\/em> <strong>Morale: non c&#8217;\u00e8 speranza per il lieto fine manco dentro alle poesie!<\/strong><\/p>\n<p>Ma dove andremo a finire?<br \/>\nQuello che speravo potesse essere un rifugio letterario idilliaco si rivela un pantano di malinconia.<br \/>\n<strong>Di fare la valigia non se ne parla, come minimo slitta a domani pomeriggio<\/strong>, almeno sono certo di aver qualcosa da fare. Ricordo che il mio alacre neuroncino \u00e8 gi\u00e0 all&#8217;opera.<br \/>\nGodyene arriva per prepararmi una tisana. Sarei capacissimo di farmela da solo, anzi mi andrebbe proprio di portare a termine un compito, almeno 1 dico.<br \/>\nNiente. Con lei non la spunto.<br \/>\nHo per\u00f2 il diritto di tenerle compagnia mentre scalda l&#8217;acqua.<\/p>\n<p>Mi confessa che Soumaya non le da tregua.<br \/>\nOgni volta che Godyene prova a dormire, la piccolina si sveglia ed esige di essere portata nel letto della<br \/>\ndonna. Alla fine la principessina si riposa beata nelle posizioni peggiori, ostacolando in tutti i modi il sonno della mia amica.<br \/>\nComanda lei a 2 anni, se non ci si sbriga a darle qualche regolina, vispa com&#8217;\u00e8, rischiamo di ritrovarcela a capo di qualche baby gang nell\u2019immediato futuro.<\/p>\n<p>Auguro ironicamente una &#8220;buona notte&#8221; alla mia amica, pur sapendo che non lo sar\u00e0 affatto e mi dedico alla scrittura. Trovare argomenti per oggi non \u00e8 proprio agevole. Mi servirebbe un diversivo, qualcosa per farla franca. Sto anche finendo di bere la mia citronella. Il blocco dello scrittore sta sempre dietro l&#8217;angolo.<\/p>\n<p>Lampo di genio. <strong>Nello zaino dovrei avere un paio di chiavette usb, chiss\u00e0 cosa contengono?<\/strong> La prima \u00e8 vuota con mio grande rammarico.<br \/>\nAltre lacune da riempire. Come se non fossero gi\u00e0 abbastanza nella mia vita, lasciamo stare.<br \/>\nColpo di scena. La seconda custodisce una certa filmografia, roba di qualit\u00e0. Tutti e tre gli atti di &#8220;Amici miei&#8221;, &#8220;Io e Caterina&#8221; con Albertone Nazionale, &#8220;L&#8217;ultimo samurai&#8221; e, dulcis in fundo, un documentario<br \/>\ndi Springsteen a Broadway.<\/p>\n<p>Dichiaro ufficialmente aperta la serata cinema. Desolato ragazzi, devo proprio andare!<\/p>","protected":false},"excerpt":{"rendered":"<p>Ricordo quando \u00e8 arrivato il momento di fare le valige in preparazione alla partenza. Ho iniziato domenica sera alle 18 a elencare ci\u00f2 che mi sarei dovuto portar dietro. Ovviamente parlo della domenica sera antecedente al volo previsto per luned\u00ec alle 12.30. Tempo di soggiorno: 10 mesi. Quando si dice: &#8220;agire all&#8217;ultimo momento!&#8221; Per me [&hellip;]<\/p>\n","protected":false},"author":1,"featured_media":7469,"comment_status":"closed","ping_status":"closed","sticky":false,"template":"","format":"standard","meta":{"_jetpack_memberships_contains_paid_content":false,"footnotes":""},"categories":[62],"tags":[68,100,67,99,101,73,65,66],"class_list":["post-4252","post","type-post","status-publish","format-standard","has-post-thumbnail","hentry","category-travaler","tag-camerun","tag-cumse","tag-fondazione-cumse","tag-garoua","tag-harmattan","tag-marza","tag-scu","tag-servizio-civile-universale"],"yoast_head":"<!-- This site is optimized with the Yoast SEO plugin v27.3 - https:\/\/yoast.com\/product\/yoast-seo-wordpress\/ -->\n<title>8 febbraio - Luned\u00ec cinema - Fondazione Cumse ETS<\/title>\n<meta name=\"description\" content=\"SCU - Valeryo Falcone, civilista di Fondazione Cumse, racconta la sua esperienza in modo leggero e divertente. SEGUITE LA SUA STORIA!\" \/>\n<meta name=\"robots\" content=\"index, follow, max-snippet:-1, max-image-preview:large, max-video-preview:-1\" \/>\n<link rel=\"canonical\" href=\"https:\/\/cumse.org\/fr\/8-febbraio-lunedi-cinema\/\" \/>\n<meta property=\"og:locale\" content=\"fr_FR\" \/>\n<meta property=\"og:type\" content=\"article\" \/>\n<meta property=\"og:title\" content=\"8 febbraio - Luned\u00ec cinema - Fondazione Cumse ETS\" \/>\n<meta property=\"og:description\" content=\"SCU - Valeryo Falcone, civilista di Fondazione Cumse, racconta la sua esperienza in modo leggero e divertente. SEGUITE LA SUA STORIA!\" \/>\n<meta property=\"og:url\" content=\"https:\/\/cumse.org\/fr\/8-febbraio-lunedi-cinema\/\" \/>\n<meta property=\"og:site_name\" content=\"Fondazione Cumse ETS\" \/>\n<meta property=\"article:published_time\" content=\"2021-02-08T10:07:39+00:00\" \/>\n<meta property=\"article:modified_time\" content=\"2021-06-30T15:10:54+00:00\" \/>\n<meta property=\"og:image\" content=\"https:\/\/cumse.org\/wp-content\/uploads\/2021\/02\/WhatsApp-Image-2021-02-08-at-10.39.36.jpeg\" \/>\n\t<meta property=\"og:image:width\" content=\"1200\" \/>\n\t<meta property=\"og:image:height\" content=\"1600\" \/>\n\t<meta property=\"og:image:type\" content=\"image\/jpeg\" \/>\n<meta name=\"author\" content=\"admin\" \/>\n<meta name=\"twitter:card\" content=\"summary_large_image\" \/>\n<meta name=\"twitter:label1\" content=\"\u00c9crit par\" \/>\n\t<meta name=\"twitter:data1\" content=\"admin\" \/>\n\t<meta name=\"twitter:label2\" content=\"Dur\u00e9e de lecture estim\u00e9e\" \/>\n\t<meta name=\"twitter:data2\" content=\"7 minutes\" \/>\n<script type=\"application\/ld+json\" class=\"yoast-schema-graph\">{\"@context\":\"https:\\\/\\\/schema.org\",\"@graph\":[{\"@type\":\"Article\",\"@id\":\"https:\\\/\\\/cumse.org\\\/fr\\\/8-febbraio-lunedi-cinema\\\/#article\",\"isPartOf\":{\"@id\":\"https:\\\/\\\/cumse.org\\\/fr\\\/8-febbraio-lunedi-cinema\\\/\"},\"author\":{\"name\":\"admin\",\"@id\":\"https:\\\/\\\/cumse.org\\\/#\\\/schema\\\/person\\\/d8802c7f9d251c013018b375be80cb06\"},\"headline\":\"8 febbraio &#8211; Luned\u00ec cinema\",\"datePublished\":\"2021-02-08T10:07:39+00:00\",\"dateModified\":\"2021-06-30T15:10:54+00:00\",\"mainEntityOfPage\":{\"@id\":\"https:\\\/\\\/cumse.org\\\/fr\\\/8-febbraio-lunedi-cinema\\\/\"},\"wordCount\":1424,\"image\":{\"@id\":\"https:\\\/\\\/cumse.org\\\/fr\\\/8-febbraio-lunedi-cinema\\\/#primaryimage\"},\"thumbnailUrl\":\"https:\\\/\\\/i0.wp.com\\\/cumse.org\\\/wp-content\\\/uploads\\\/2021\\\/02\\\/WhatsApp-Image-2021-02-08-at-10.39.36.jpeg?fit=1200%2C1600&ssl=1\",\"keywords\":[\"Camerun\",\"Cumse\",\"Fondazione Cumse\",\"Garoua\",\"Harmattan\",\"Marza\",\"SCU\",\"Servizio Civile Universale\"],\"articleSection\":[\"TrAvaler\"],\"inLanguage\":\"fr-FR\"},{\"@type\":\"WebPage\",\"@id\":\"https:\\\/\\\/cumse.org\\\/fr\\\/8-febbraio-lunedi-cinema\\\/\",\"url\":\"https:\\\/\\\/cumse.org\\\/fr\\\/8-febbraio-lunedi-cinema\\\/\",\"name\":\"8 febbraio - Luned\u00ec cinema - Fondazione Cumse ETS\",\"isPartOf\":{\"@id\":\"https:\\\/\\\/cumse.org\\\/#website\"},\"primaryImageOfPage\":{\"@id\":\"https:\\\/\\\/cumse.org\\\/fr\\\/8-febbraio-lunedi-cinema\\\/#primaryimage\"},\"image\":{\"@id\":\"https:\\\/\\\/cumse.org\\\/fr\\\/8-febbraio-lunedi-cinema\\\/#primaryimage\"},\"thumbnailUrl\":\"https:\\\/\\\/i0.wp.com\\\/cumse.org\\\/wp-content\\\/uploads\\\/2021\\\/02\\\/WhatsApp-Image-2021-02-08-at-10.39.36.jpeg?fit=1200%2C1600&ssl=1\",\"datePublished\":\"2021-02-08T10:07:39+00:00\",\"dateModified\":\"2021-06-30T15:10:54+00:00\",\"author\":{\"@id\":\"https:\\\/\\\/cumse.org\\\/#\\\/schema\\\/person\\\/d8802c7f9d251c013018b375be80cb06\"},\"description\":\"SCU - Valeryo Falcone, civilista di Fondazione Cumse, racconta la sua esperienza in modo leggero e divertente. SEGUITE LA SUA STORIA!\",\"breadcrumb\":{\"@id\":\"https:\\\/\\\/cumse.org\\\/fr\\\/8-febbraio-lunedi-cinema\\\/#breadcrumb\"},\"inLanguage\":\"fr-FR\",\"potentialAction\":[{\"@type\":\"ReadAction\",\"target\":[\"https:\\\/\\\/cumse.org\\\/fr\\\/8-febbraio-lunedi-cinema\\\/\"]}]},{\"@type\":\"ImageObject\",\"inLanguage\":\"fr-FR\",\"@id\":\"https:\\\/\\\/cumse.org\\\/fr\\\/8-febbraio-lunedi-cinema\\\/#primaryimage\",\"url\":\"https:\\\/\\\/i0.wp.com\\\/cumse.org\\\/wp-content\\\/uploads\\\/2021\\\/02\\\/WhatsApp-Image-2021-02-08-at-10.39.36.jpeg?fit=1200%2C1600&ssl=1\",\"contentUrl\":\"https:\\\/\\\/i0.wp.com\\\/cumse.org\\\/wp-content\\\/uploads\\\/2021\\\/02\\\/WhatsApp-Image-2021-02-08-at-10.39.36.jpeg?fit=1200%2C1600&ssl=1\",\"width\":1200,\"height\":1600},{\"@type\":\"BreadcrumbList\",\"@id\":\"https:\\\/\\\/cumse.org\\\/fr\\\/8-febbraio-lunedi-cinema\\\/#breadcrumb\",\"itemListElement\":[{\"@type\":\"ListItem\",\"position\":1,\"name\":\"Home\",\"item\":\"https:\\\/\\\/cumse.org\\\/\"},{\"@type\":\"ListItem\",\"position\":2,\"name\":\"8 febbraio &#8211; Luned\u00ec cinema\"}]},{\"@type\":\"WebSite\",\"@id\":\"https:\\\/\\\/cumse.org\\\/#website\",\"url\":\"https:\\\/\\\/cumse.org\\\/\",\"name\":\"Fondazione Cumse ETS\",\"description\":\"Siamo dove gli altri distolgono lo sguardo\",\"potentialAction\":[{\"@type\":\"SearchAction\",\"target\":{\"@type\":\"EntryPoint\",\"urlTemplate\":\"https:\\\/\\\/cumse.org\\\/?s={search_term_string}\"},\"query-input\":{\"@type\":\"PropertyValueSpecification\",\"valueRequired\":true,\"valueName\":\"search_term_string\"}}],\"inLanguage\":\"fr-FR\"},{\"@type\":\"Person\",\"@id\":\"https:\\\/\\\/cumse.org\\\/#\\\/schema\\\/person\\\/d8802c7f9d251c013018b375be80cb06\",\"name\":\"admin\",\"image\":{\"@type\":\"ImageObject\",\"inLanguage\":\"fr-FR\",\"@id\":\"https:\\\/\\\/secure.gravatar.com\\\/avatar\\\/7fcee464d094e0b490b50408a0c7356276eedd5a17796d503ee821451b764c37?s=96&d=mm&r=g\",\"url\":\"https:\\\/\\\/secure.gravatar.com\\\/avatar\\\/7fcee464d094e0b490b50408a0c7356276eedd5a17796d503ee821451b764c37?s=96&d=mm&r=g\",\"contentUrl\":\"https:\\\/\\\/secure.gravatar.com\\\/avatar\\\/7fcee464d094e0b490b50408a0c7356276eedd5a17796d503ee821451b764c37?s=96&d=mm&r=g\",\"caption\":\"admin\"}}]}<\/script>\n<!-- \/ Yoast SEO plugin. -->","yoast_head_json":{"title":"8 febbraio - Luned\u00ec cinema - Fondazione Cumse ETS","description":"SCU - Valeryo Falcone, civilista di Fondazione Cumse, racconta la sua esperienza in modo leggero e divertente. SEGUITE LA SUA STORIA!","robots":{"index":"index","follow":"follow","max-snippet":"max-snippet:-1","max-image-preview":"max-image-preview:large","max-video-preview":"max-video-preview:-1"},"canonical":"https:\/\/cumse.org\/fr\/8-febbraio-lunedi-cinema\/","og_locale":"fr_FR","og_type":"article","og_title":"8 febbraio - Luned\u00ec cinema - Fondazione Cumse ETS","og_description":"SCU - Valeryo Falcone, civilista di Fondazione Cumse, racconta la sua esperienza in modo leggero e divertente. SEGUITE LA SUA STORIA!","og_url":"https:\/\/cumse.org\/fr\/8-febbraio-lunedi-cinema\/","og_site_name":"Fondazione Cumse ETS","article_published_time":"2021-02-08T10:07:39+00:00","article_modified_time":"2021-06-30T15:10:54+00:00","og_image":[{"width":1200,"height":1600,"url":"https:\/\/cumse.org\/wp-content\/uploads\/2021\/02\/WhatsApp-Image-2021-02-08-at-10.39.36.jpeg","type":"image\/jpeg"}],"author":"admin","twitter_card":"summary_large_image","twitter_misc":{"\u00c9crit par":"admin","Dur\u00e9e de lecture estim\u00e9e":"7 minutes"},"schema":{"@context":"https:\/\/schema.org","@graph":[{"@type":"Article","@id":"https:\/\/cumse.org\/fr\/8-febbraio-lunedi-cinema\/#article","isPartOf":{"@id":"https:\/\/cumse.org\/fr\/8-febbraio-lunedi-cinema\/"},"author":{"name":"admin","@id":"https:\/\/cumse.org\/#\/schema\/person\/d8802c7f9d251c013018b375be80cb06"},"headline":"8 febbraio &#8211; Luned\u00ec cinema","datePublished":"2021-02-08T10:07:39+00:00","dateModified":"2021-06-30T15:10:54+00:00","mainEntityOfPage":{"@id":"https:\/\/cumse.org\/fr\/8-febbraio-lunedi-cinema\/"},"wordCount":1424,"image":{"@id":"https:\/\/cumse.org\/fr\/8-febbraio-lunedi-cinema\/#primaryimage"},"thumbnailUrl":"https:\/\/i0.wp.com\/cumse.org\/wp-content\/uploads\/2021\/02\/WhatsApp-Image-2021-02-08-at-10.39.36.jpeg?fit=1200%2C1600&ssl=1","keywords":["Camerun","Cumse","Fondazione Cumse","Garoua","Harmattan","Marza","SCU","Servizio Civile Universale"],"articleSection":["TrAvaler"],"inLanguage":"fr-FR"},{"@type":"WebPage","@id":"https:\/\/cumse.org\/fr\/8-febbraio-lunedi-cinema\/","url":"https:\/\/cumse.org\/fr\/8-febbraio-lunedi-cinema\/","name":"8 febbraio - Luned\u00ec cinema - Fondazione Cumse ETS","isPartOf":{"@id":"https:\/\/cumse.org\/#website"},"primaryImageOfPage":{"@id":"https:\/\/cumse.org\/fr\/8-febbraio-lunedi-cinema\/#primaryimage"},"image":{"@id":"https:\/\/cumse.org\/fr\/8-febbraio-lunedi-cinema\/#primaryimage"},"thumbnailUrl":"https:\/\/i0.wp.com\/cumse.org\/wp-content\/uploads\/2021\/02\/WhatsApp-Image-2021-02-08-at-10.39.36.jpeg?fit=1200%2C1600&ssl=1","datePublished":"2021-02-08T10:07:39+00:00","dateModified":"2021-06-30T15:10:54+00:00","author":{"@id":"https:\/\/cumse.org\/#\/schema\/person\/d8802c7f9d251c013018b375be80cb06"},"description":"SCU - Valeryo Falcone, civilista di Fondazione Cumse, racconta la sua esperienza in modo leggero e divertente. SEGUITE LA SUA STORIA!","breadcrumb":{"@id":"https:\/\/cumse.org\/fr\/8-febbraio-lunedi-cinema\/#breadcrumb"},"inLanguage":"fr-FR","potentialAction":[{"@type":"ReadAction","target":["https:\/\/cumse.org\/fr\/8-febbraio-lunedi-cinema\/"]}]},{"@type":"ImageObject","inLanguage":"fr-FR","@id":"https:\/\/cumse.org\/fr\/8-febbraio-lunedi-cinema\/#primaryimage","url":"https:\/\/i0.wp.com\/cumse.org\/wp-content\/uploads\/2021\/02\/WhatsApp-Image-2021-02-08-at-10.39.36.jpeg?fit=1200%2C1600&ssl=1","contentUrl":"https:\/\/i0.wp.com\/cumse.org\/wp-content\/uploads\/2021\/02\/WhatsApp-Image-2021-02-08-at-10.39.36.jpeg?fit=1200%2C1600&ssl=1","width":1200,"height":1600},{"@type":"BreadcrumbList","@id":"https:\/\/cumse.org\/fr\/8-febbraio-lunedi-cinema\/#breadcrumb","itemListElement":[{"@type":"ListItem","position":1,"name":"Home","item":"https:\/\/cumse.org\/"},{"@type":"ListItem","position":2,"name":"8 febbraio &#8211; Luned\u00ec cinema"}]},{"@type":"WebSite","@id":"https:\/\/cumse.org\/#website","url":"https:\/\/cumse.org\/","name":"Fondazione Cumse ETS","description":"Siamo dove gli altri distolgono lo sguardo","potentialAction":[{"@type":"SearchAction","target":{"@type":"EntryPoint","urlTemplate":"https:\/\/cumse.org\/?s={search_term_string}"},"query-input":{"@type":"PropertyValueSpecification","valueRequired":true,"valueName":"search_term_string"}}],"inLanguage":"fr-FR"},{"@type":"Person","@id":"https:\/\/cumse.org\/#\/schema\/person\/d8802c7f9d251c013018b375be80cb06","name":"admin","image":{"@type":"ImageObject","inLanguage":"fr-FR","@id":"https:\/\/secure.gravatar.com\/avatar\/7fcee464d094e0b490b50408a0c7356276eedd5a17796d503ee821451b764c37?s=96&d=mm&r=g","url":"https:\/\/secure.gravatar.com\/avatar\/7fcee464d094e0b490b50408a0c7356276eedd5a17796d503ee821451b764c37?s=96&d=mm&r=g","contentUrl":"https:\/\/secure.gravatar.com\/avatar\/7fcee464d094e0b490b50408a0c7356276eedd5a17796d503ee821451b764c37?s=96&d=mm&r=g","caption":"admin"}}]}},"jetpack_featured_media_url":"https:\/\/i0.wp.com\/cumse.org\/wp-content\/uploads\/2021\/02\/WhatsApp-Image-2021-02-08-at-10.39.36.jpeg?fit=1200%2C1600&ssl=1","jetpack_sharing_enabled":true,"_links":{"self":[{"href":"https:\/\/cumse.org\/fr\/wp-json\/wp\/v2\/posts\/4252","targetHints":{"allow":["GET"]}}],"collection":[{"href":"https:\/\/cumse.org\/fr\/wp-json\/wp\/v2\/posts"}],"about":[{"href":"https:\/\/cumse.org\/fr\/wp-json\/wp\/v2\/types\/post"}],"author":[{"embeddable":true,"href":"https:\/\/cumse.org\/fr\/wp-json\/wp\/v2\/users\/1"}],"replies":[{"embeddable":true,"href":"https:\/\/cumse.org\/fr\/wp-json\/wp\/v2\/comments?post=4252"}],"version-history":[{"count":0,"href":"https:\/\/cumse.org\/fr\/wp-json\/wp\/v2\/posts\/4252\/revisions"}],"wp:featuredmedia":[{"embeddable":true,"href":"https:\/\/cumse.org\/fr\/wp-json\/wp\/v2\/media\/7469"}],"wp:attachment":[{"href":"https:\/\/cumse.org\/fr\/wp-json\/wp\/v2\/media?parent=4252"}],"wp:term":[{"taxonomy":"category","embeddable":true,"href":"https:\/\/cumse.org\/fr\/wp-json\/wp\/v2\/categories?post=4252"},{"taxonomy":"post_tag","embeddable":true,"href":"https:\/\/cumse.org\/fr\/wp-json\/wp\/v2\/tags?post=4252"}],"curies":[{"name":"wp","href":"https:\/\/api.w.org\/{rel}","templated":true}]}}