{"id":4247,"date":"2021-02-07T12:28:13","date_gmt":"2021-02-07T11:28:13","guid":{"rendered":"https:\/\/cumse.org\/?p=4247"},"modified":"2021-06-30T16:00:45","modified_gmt":"2021-06-30T15:00:45","slug":"7-febbraio-se-telefonando","status":"publish","type":"post","link":"https:\/\/cumse.org\/fr\/7-febbraio-se-telefonando\/","title":{"rendered":"7 febbraio &#8211; Se telefonando"},"content":{"rendered":"<p><strong>Il problema non \u00e8 il mezzo, ma come lo si usa. Siamo praticamente dipendenti dai nostri telefoni cellulari. Abbiamo nel palmo di una mano tutta l&#8217;informazione del mondo, non sappiamo come filtrarla.<\/strong><\/p>\n<p>Viviamo imbottiti di nozioni, lobotomizzati da uno schermo. Impariamo 1 milione di cose nuove al secondo e ce le dimentichiamo l&#8217;istante successivo. Schiavizzati dall&#8217;ansia perenne di dover rispondere a tutti, tutto, subito. E&#8217; cos\u00ec che certe giornate passano. Volano. Scivolando letteralmente tra le dita, quelle con cui stringiamo lo Smartphone.<\/p>\n<p>Soprattutto se non sei occupato, se non puoi tenerti impegnato con un bel lavoro, se non hai da sudare, da faticare.<br \/>\nSei l\u00ec, senza pressione, allora te la crei, ne hai bisogno. Ti serve. Come si fa a starsene buoni buoni, nel proprio letto a dormire? Eppure alcuni miei amici ne sono capacissimi, anche troppo forse. La sensazione generale \u00e8 che col tempo diventiamo sempre meno liberi di darci tregua.<\/p>\n<p>Molti di noi, dopo aver vinto alla lotteria, perderebbero il senno perch\u00e9 inabili all&#8217;ozio. Molti normalmente gi\u00e0 lo fanno.<br \/>\nMa chi ha detto che la vita dev&#8217;essere una corsa? C&#8217;\u00e8 forse una scadenza? Mi sono trasformato in uno Yogurt del reparto latticini senza accorgermene? Quand&#8217;\u00e8 che \u00e8 successo? No ditemelo, per favore, perch\u00e9 ho bisogno di saperlo. Chi ci ha trasmesso il dovere di essere produttivi. Etichettando tutti gli altri con certe nomee: inutili, scarti, superflui, eccesso? Si pu\u00f2 essere in esubero di vite umane? E&#8217; possibile avere cosi tante anime sul pianeta da non sapere come impiegarle?<\/p>\n<p>Davvero siamo andati alla deriva fino a questo punto, mi chiedo? Abbiamo perso completamente umanit\u00e0, o sto prendendo una cantonata? A tal proposito, sempre chini con il capo basso e lo sguardo vigile sulle notifiche social, chi di noi nota ancora i senzatetto accantonati (appunto) ai bordi delle strade?<\/p>\n<p>Esistono o sono frutto della nostra immaginazione? E&#8217; facile perdere il senso della realt\u00e0 e confondere l&#8217;empirico con il virtuale.<br \/>\nPlatone aveva l&#8217;iperuranio, a noi \u00e8 rimasto il Cloud. Una bella differenza, non trovate? Si sa, la vita \u00e8 una sola, chi ha tempo non aspetti tempo, carpe diem, viene da scalpitare sotto le lenzuola, bisogna agire, e in fretta.<\/p>\n<p>Non essendo mai liberi, quella volta in cui ci capita, la dobbiamo sfruttare per bene. Ah gi\u00e0, perch\u00e9 anche il tempo &#8220;libero&#8221; \u00e8 un concetto interessante. Ce n&#8217;\u00e8 talmente poco che ci assoggettiamo alla rarissima piccola porzione a disposizione tentando di fare 100.000 cose insieme, scapicollandoci come matti, quasi ne fossimo schiavi. Del resto le occasioni vanno prese al volo! Ma come, mica era libero? Come ho fatto ad incatenarmici?<\/p>\n<p>Successivamente entra in campo l&#8217;indecisione. Cosa fare o cosa fare prima di cosa? Perch\u00e9 NON SI PUO&#8217; AVERE TUTTO! Che poi, avessimo almeno una definizione di questo famoso &#8220;tutto&#8221; che proprio ci manca&#8230; bah.<br \/>\nAvere il tempo per fare con calma ci\u00f2 che si deve e si vuol fare \u00e8 praticamente impossibile, dai, diciamoci la verit\u00e0.<br \/>\nForse anche per questo, quando la clessidra scende lentissima, ci troviamo spiazzati, come il portiere fregato da una finta. Di gesso, l\u00ec immobili mentre il pallone rotola piano piano e spezza la linea della porta, tuffandosi nelle morbide maglie bianche della rete.<\/p>\n<p>Non facciamo in tempo a girarci per capire cosa \u00e8 successo che il match \u00e8 gi\u00e0 ripartito. In campo \u00e8 di nuovo tutto un gran via vai. Ma ha segnato per caso? Nemmeno quelli della curva ti rispondono.<\/p>\n<p>&nbsp;<\/p>\n<p><strong>Caspita quante riflessioni.<\/strong> Sar\u00e0 che non c&#8217;ho un CAZZ* da fare! E&#8217; cos\u00ec e sono solo le 6.45. Il telo candido della zanzariera mi gravita sul muso.<br \/>\nIl mio Iphone \u00e8 troppo lontano, attaccato al caricabatterie, ognuno ha le proprie catene. Alzarmi per prenderlo&#8230; potrei, certamente potrei fare molte cose.<\/p>\n<p>Ma normalmente mi scappa sempre la pip\u00ec, oggi no? Cos&#8217;\u00e8 facciamo sciopero dei reni? Preferisco attendere, ammortizzare il volume di energia speso per i movimenti.<br \/>\nLa bottiglia d&#8217;acqua \u00e8 proprio accanto a me. Allungo la zampa sinistra. Bingo! Me la scolo tutta, vediamo se la vescica si d\u00e0 una mossa.<\/p>\n<p>Alle 8.20 sollevo prima il telo retato e subito dopo il mio sederone dal letto. E&#8217; tempo di espletare. Finalmente sapr\u00f2 cosa il web ha prodotto per me sta notte.<br \/>\nRaccolgo la zanzariera e inizio la carrellata. Una marea di messaggi a cui rispondere:<em> &#8220;scusa se rispondo solo ora, ieri avevo finito i giga&#8230;&#8221;<\/em><br \/>\nDue minuti che lo uso ed ho gi\u00e0 i sensi di colpa, NAMO BENE!<\/p>\n<p>Buongiorno a te; buongiorno a quell&#8217;altro; ciao cara come stai? Che piacere che mi fai con sto messaggio! ecc.ecc. <strong>Possibile che diventi noioso e faticoso comunicare agli altri la gioia che si prova nel sapere che questi ci pensano,<\/strong> si preoccupano per noi e ci augurano di vivere bene le nostre ore di luce?<\/p>\n<p>Gi\u00e0, \u00e8 possibile. Perch\u00e9 forse a furia di dirci sempre le stesse cose, le abbiamo lentamente svuotate di significato e di passione. Piano piano le abbiamo inaridite, a botte di abbracci virtuali e cuoricini, sorrisini, occhiolini e diminutivi vari in INI. Poi arrivano i santINI (appunto) con le frasi dei cantanti famosi o dei filosofi, saggi s\u00ec, ma magari anche atei o agnostici, che ne sai! Informati prima no? Infine le tazzine di caff\u00e8 con i fiorellINI (ovviamente).<\/p>\n<p>Mi capacito del fatto che qualcuno le abbia inventate e disegnate, ma non mi spiego come sia stato possibile che abbiano avuto un tale successo. Scemo io che, continuando a ritenere stupide le mie idee, non ho provato a realizzarne manco una. Cretino come sono, sarei potuto benissimo diventare ricco con qualche trovata. Ricordo che una volta mi illuminai nel pensare ad una tavoletta del Water a forma di canestro, con la rete cucita sul fondo, di modo da diventare un porta giornali. Probabilmente, visto il trend odierno, oggi sarei sulla mia vela da 80m diretto verso i Caraibi con un personale nautico esclusivamente femminile al mio servizio. Sicuramente qualcuno meno scemo di me star\u00e0 veleggiando al posto mio sorseggiando la sua Pi\u00f1a Colada alla faccia mia. E&#8217; un bel modo per iniziare la giornata. Schizzo&#8230; buon umore da tutti i pori!<\/p>\n<p><img data-recalc-dims=\"1\" loading=\"lazy\" decoding=\"async\" class=\"wp-image-5847  alignright\" style=\"margin-top: 0.857143rem; margin-bottom: 0.857143rem; margin-left: 1.71429rem;\" src=\"https:\/\/i0.wp.com\/cumse.org\/wp-content\/uploads\/2021\/02\/WhatsApp-Image-2021-02-08-at-10.39.37.jpeg?resize=415%2C554&#038;ssl=1\" alt=\"\" width=\"415\" height=\"554\" srcset=\"https:\/\/i0.wp.com\/cumse.org\/wp-content\/uploads\/2021\/02\/WhatsApp-Image-2021-02-08-at-10.39.37.jpeg?w=1200&amp;ssl=1 1200w, https:\/\/i0.wp.com\/cumse.org\/wp-content\/uploads\/2021\/02\/WhatsApp-Image-2021-02-08-at-10.39.37.jpeg?resize=800%2C1067&amp;ssl=1 800w, https:\/\/i0.wp.com\/cumse.org\/wp-content\/uploads\/2021\/02\/WhatsApp-Image-2021-02-08-at-10.39.37.jpeg?resize=225%2C300&amp;ssl=1 225w, https:\/\/i0.wp.com\/cumse.org\/wp-content\/uploads\/2021\/02\/WhatsApp-Image-2021-02-08-at-10.39.37.jpeg?resize=768%2C1024&amp;ssl=1 768w, https:\/\/i0.wp.com\/cumse.org\/wp-content\/uploads\/2021\/02\/WhatsApp-Image-2021-02-08-at-10.39.37.jpeg?resize=1152%2C1536&amp;ssl=1 1152w\" sizes=\"auto, (max-width: 415px) 100vw, 415px\" \/><\/p>\n<p><strong>Mi faccio un caff\u00e8, sento di meritarmelo.<\/strong> Droga legale, lobby criminale, p<span style=\"font-size: 1rem;\">robabilmente responsabile dell&#8217;uccisione dell&#8217;uomo ragno. Sia quel che sia, devo svegliarmi.<\/span><\/p>\n<p>Ho una scorta di biscottini alla vaniglia, ne acchiappo un pacchetto. Mangio lentamente, spero di riuscire ad inventarmi qualcosa da fare dopo, prima di aver ingerito l&#8217;ultimo. E&#8217; la prima volta in vita mia che gioisco nel\u00a0vedere la frolla spezzarsi a met\u00e0 strada tra il bordo della tazza e le mie fauci.<br \/>\nPosso finalmente prendere un cucchiaino e pescare per un po&#8217; a caccia del dolcetto affondato.<\/p>\n<p>Bello eh, ma non \u00e8 abbastanza. Lavo tutto e torno a letto.<br \/>\nAltra carrellata nell&#8217;internet. Afferro un libro, l&#8217;ho quasi finito, meglio procrastinare altrimenti rimango anche privo di letture. Converr\u00e0 andare in citt\u00e0 a fare qualche acquisto. <strong>Ma quando arriva Godyene?<\/strong> Neanche a farlo apposta la mia amica si palesa alla porta. Ha fatto tardi perch\u00e9 \u00e8 dovuta andare al mercato in citt\u00e0 per fare un po&#8217; di spesa e prendere le medicine per i piccoli. Non vedo Soumaya da una settimana. Il solo sentirla nominare mi stringe il cuore.<\/p>\n<p>Mi chiede se potr\u00f2 avere pazienza, il pranzo verr\u00e0 servito tardi. <em>\u201cNo guarda, non ti perdoner\u00f2 mai! Ma certo che ho pazienza, nella vita vera dovrei essere io a fare <\/em><em>tutto! Ti pare?\u201d<\/em> Ride&#8230; Nato con la camicia signori miei. Minestrina di porri, patate e carote accompagnate con un bel tozzo di pane fresco. Niente male.<br \/>\nSono li ad occhi chiusi, mentre con la lingua cerco a tentoni la dolcezza del porro dispersa tra la soave cremosit\u00e0 della patata <strong>quando mi squilla il telefono<\/strong>.<\/p>\n<p>Sempre lui! Acerrimo nemico. Non \u00e8 possibile. Claris? Sar\u00e0 partita la chiamata per sbaglio.<br \/>\nRispondo: &#8220;E&#8217; un errore o hai davvero bisogno di me?&#8221;, niente buongiorno, niente convenevoli, un pasto cos\u00ec delizioso interrotto da uno strumento tecnologico, \u00e8 INAMMISSIBILE.<\/p>\n<p>Dall&#8217;altra parte squillano in coro 14 voci all&#8217;unisono: <em>&#8220;Buon Gi.. Gio&#8230; Giorno Valeryo, come sta la salute?&#8221;<\/em>. Sono le mie ragazze che tentano di comunicare in italiano per lusingarmi&#8230; Nel caso qualcuno avesse ancora dubbi la risposta \u00e8 s\u00ec: sono scemo!<br \/>\n<em>&#8220;Scusate, non avevo capito foste voi, CIAOOOOO, MA CIAOOOOO, MI MANCATE TUTTE TANTISSIMO!&#8221;<\/em> Voglio sapere se mi sono rimesso. Per fare il gradasso: &#8220;<em>MA CERTO, <\/em><em>sono guarito al 120%&#8221;<\/em>. Come no, l&#8217;altro ieri avevo la flebo con lo svelto per i piatti attaccata e oggi sto al 120%&#8230; caccia balle.<br \/>\nSono felicissime di sapermi in forma. Domenica scorsa avevamo pranzato insieme e oggi tutto il mondo \u00e8 fermo, chiuso, diviso.<\/p>\n<p><em>&#8220;Sembrate cos\u00ec lontane! Sento la vostra mancanza!&#8221;<\/em> Manco anche a loro. Sono annoiate, vorrebbero uscire, il programma di oggi prevede solo riposo.<br \/>\nAisha biascica qualcosa. Stanno mangiando il riso con i fagioli&#8230; buono! Le lascio pranzare in pace.<br \/>\nChe bella sorpresa. Certo che senza il telefono non sarebbe mica stato facile.<\/p>\n<p>Sono le 15 e mi chiama il Pres (Roberto), lui e sua moglie sembrano in forma, se posso vederli \u00e8 sempre per merito suo, il dannato cellulare, vizio o comodit\u00e0?<br \/>\nSapete cosa? Chiamo i miei.<br \/>\n<em>&#8220;Mamma, pap\u00e0 come andiamo? Vendete cara la pelle?&#8221;<\/em>. Poveri, l\u00ec piove a dirotto. Non vedo l&#8217;ora che mi chiedano del clima locale. 32 gradi fissi e vento fresco&#8230;<br \/>\nGODO. Mia madre ha colmato il vuoto affettivo lasciato dal suo pargolo attraverso lo studio della politica contemporanea. Da &#8220;bimba di Conte&#8221; ora fa il tifo per Draghi. Muoio dentro ma la perdono, pecca di ingenuit\u00e0. Le distanze si abbattono e non parliamo certo di qualche chilometro.<\/p>\n<p>Ma come sono le 18? Arriva un messaggio di Elia: &#8220;<em>oh sono dai Prunen, ti chiamo?&#8221;<\/em>. Controllo quanto mi resta (\u00e8 buffo ed inquietante constatare che parlo dei mega come se fossi terminale&#8230; dipendenza totale), 89 mega, proviamoci. Vivavoce: <em>&#8220;WEEEE raga, allora? In forma?&#8221; &#8220;Oh, tu piuttosto come stai? raccontaci&#8230;&#8221;<\/em><br \/>\n<em>&#8220;Scusate mi bussano alla porta vi richiamo!&#8221;<\/em>. Erv\u00e8 cerca suor Nicole. &#8220;Scusa bro qui non c&#8217;\u00e8&#8221;. Richiamo i ragazzi: <em>&#8220;no cercavano la suora, ma non \u00e8 qui!&#8221;<\/em><\/p>\n<p><em>&#8220;ma come Vale, chi cerca le suore a casa tua?&#8221;<\/em> <em>&#8220;noooo, detta cos\u00ec \u00e8 brutta! Suor Nicole prima del mio arrivo abitava qui, ogni tanto mi bussa gente che la cerca, io li faccio accomodare, chiedo come stanno e poi, quando sono proprio scioccati al massimo, svelo l&#8217;arcano e li rimando nella casa giusta! Mi diverto facilmente, lo sapete!&#8221;.<\/em><\/p>\n<p>I miei amici hanno molte idee brillanti. Vorrebbero che comprassi un cavallo ed una scimmia, al fine di addestrare quest&#8217;ultima a prendersi cura del primo di modo da avere sempre il pezzato pronto al galoppo. Suggeriscono di acquistare anche uno di quei fantastici tricicli a motore, vorrebbero che li scarrozzassi un po&#8217; in giro per il canturino, il che, non vi nego, mi piacerebbe tantissimo! Oppure un pick-up perch\u00e9 no? Per caricare i miei schiavi. &#8220;<em>No aspetta cosa avete detto?&#8221;<\/em><br \/>\n<em>&#8220;Si scherzaaaa lo sai!&#8221;. &#8220;BIGOLI! Vi richiamo tra un attimo, bussano!&#8221;.<\/em> \u00c8 di nuovo Erv\u00e9 che mi mostra le prime patate dolci raccolte. Sono belle pulite, sane, ancora un po&#8217; piccine, \u00e8 presto ma le piante stanno rispondendo bene alla semina. Mi complimento con lui, davvero un lavoro ben fatto.<\/p>\n<p>Ricompongo il numero: <em>&#8220;Oh ma sta sera per cena cosa fai? Noi ceniamo da Luca, vieni?&#8221;. Sono un po&#8217; fuori mano, se mi aspettate magari faccio un salto!&#8221;<\/em><br \/>\nMi sembra davvero di essere in mezzo a loro come ai vecchi tempi&#8230; balordi, mancano tanto e lo sanno.<br \/>\nTra l&#8217;incudine e il martello, hai nostalgia di chi lasci e ne avrai per chi trovi. L&#8217;agrodolce malinconia della vita vagabonda. La rosa e la spina del viaggio.<br \/>\n<strong>Per fortuna che c&#8217;\u00e8 il telefon&#8230; AAAH, DANNAZIONE!<\/strong><\/p>","protected":false},"excerpt":{"rendered":"<p>Il problema non \u00e8 il mezzo, ma come lo si usa. Siamo praticamente dipendenti dai nostri telefoni cellulari. Abbiamo nel palmo di una mano tutta l&#8217;informazione del mondo, non sappiamo come filtrarla. Viviamo imbottiti di nozioni, lobotomizzati da uno schermo. Impariamo 1 milione di cose nuove al secondo e ce le dimentichiamo l&#8217;istante successivo. Schiavizzati [&hellip;]<\/p>\n","protected":false},"author":1,"featured_media":5849,"comment_status":"closed","ping_status":"closed","sticky":false,"template":"","format":"standard","meta":{"_jetpack_memberships_contains_paid_content":false,"footnotes":""},"categories":[62],"tags":[67,65,66,74],"class_list":["post-4247","post","type-post","status-publish","format-standard","has-post-thumbnail","hentry","category-travaler","tag-fondazione-cumse","tag-scu","tag-servizio-civile-universale","tag-yves-plumey"],"yoast_head":"<!-- This site is optimized with the Yoast SEO plugin v27.3 - https:\/\/yoast.com\/product\/yoast-seo-wordpress\/ -->\n<title>7 febbraio - Se telefonando - Fondazione Cumse ETS<\/title>\n<meta name=\"description\" content=\"SCU - Valeryo Falcone, civilista di Fondazione Cumse, racconta la sua esperienza in modo leggero e divertente. SEGUITE LA SUA STORIA!\" \/>\n<meta name=\"robots\" content=\"index, follow, max-snippet:-1, max-image-preview:large, max-video-preview:-1\" \/>\n<link rel=\"canonical\" href=\"https:\/\/cumse.org\/fr\/7-febbraio-se-telefonando\/\" \/>\n<meta property=\"og:locale\" content=\"fr_FR\" \/>\n<meta property=\"og:type\" content=\"article\" \/>\n<meta property=\"og:title\" content=\"7 febbraio - Se telefonando - Fondazione Cumse ETS\" \/>\n<meta property=\"og:description\" content=\"SCU - Valeryo Falcone, civilista di Fondazione Cumse, racconta la sua esperienza in modo leggero e divertente. SEGUITE LA SUA STORIA!\" \/>\n<meta property=\"og:url\" content=\"https:\/\/cumse.org\/fr\/7-febbraio-se-telefonando\/\" \/>\n<meta property=\"og:site_name\" content=\"Fondazione Cumse ETS\" \/>\n<meta property=\"article:published_time\" content=\"2021-02-07T11:28:13+00:00\" \/>\n<meta property=\"article:modified_time\" content=\"2021-06-30T15:00:45+00:00\" \/>\n<meta property=\"og:image\" content=\"https:\/\/cumse.org\/wp-content\/uploads\/2021\/04\/smartpho.jpg\" \/>\n\t<meta property=\"og:image:width\" content=\"768\" \/>\n\t<meta property=\"og:image:height\" content=\"350\" \/>\n\t<meta property=\"og:image:type\" content=\"image\/jpeg\" \/>\n<meta name=\"author\" content=\"admin\" \/>\n<meta name=\"twitter:card\" content=\"summary_large_image\" \/>\n<meta name=\"twitter:label1\" content=\"\u00c9crit par\" \/>\n\t<meta name=\"twitter:data1\" content=\"admin\" \/>\n\t<meta name=\"twitter:label2\" content=\"Dur\u00e9e de lecture estim\u00e9e\" \/>\n\t<meta name=\"twitter:data2\" content=\"9 minutes\" \/>\n<script type=\"application\/ld+json\" class=\"yoast-schema-graph\">{\"@context\":\"https:\\\/\\\/schema.org\",\"@graph\":[{\"@type\":\"Article\",\"@id\":\"https:\\\/\\\/cumse.org\\\/7-febbraio-se-telefonando\\\/#article\",\"isPartOf\":{\"@id\":\"https:\\\/\\\/cumse.org\\\/7-febbraio-se-telefonando\\\/\"},\"author\":{\"name\":\"admin\",\"@id\":\"https:\\\/\\\/cumse.org\\\/#\\\/schema\\\/person\\\/d8802c7f9d251c013018b375be80cb06\"},\"headline\":\"7 febbraio &#8211; Se telefonando\",\"datePublished\":\"2021-02-07T11:28:13+00:00\",\"dateModified\":\"2021-06-30T15:00:45+00:00\",\"mainEntityOfPage\":{\"@id\":\"https:\\\/\\\/cumse.org\\\/7-febbraio-se-telefonando\\\/\"},\"wordCount\":1902,\"image\":{\"@id\":\"https:\\\/\\\/cumse.org\\\/7-febbraio-se-telefonando\\\/#primaryimage\"},\"thumbnailUrl\":\"https:\\\/\\\/i0.wp.com\\\/cumse.org\\\/wp-content\\\/uploads\\\/2021\\\/04\\\/smartpho.jpg?fit=768%2C350&ssl=1\",\"keywords\":[\"Fondazione Cumse\",\"SCU\",\"Servizio Civile Universale\",\"Yves Plumey\"],\"articleSection\":[\"TrAvaler\"],\"inLanguage\":\"fr-FR\"},{\"@type\":\"WebPage\",\"@id\":\"https:\\\/\\\/cumse.org\\\/7-febbraio-se-telefonando\\\/\",\"url\":\"https:\\\/\\\/cumse.org\\\/7-febbraio-se-telefonando\\\/\",\"name\":\"7 febbraio - Se telefonando - Fondazione Cumse ETS\",\"isPartOf\":{\"@id\":\"https:\\\/\\\/cumse.org\\\/#website\"},\"primaryImageOfPage\":{\"@id\":\"https:\\\/\\\/cumse.org\\\/7-febbraio-se-telefonando\\\/#primaryimage\"},\"image\":{\"@id\":\"https:\\\/\\\/cumse.org\\\/7-febbraio-se-telefonando\\\/#primaryimage\"},\"thumbnailUrl\":\"https:\\\/\\\/i0.wp.com\\\/cumse.org\\\/wp-content\\\/uploads\\\/2021\\\/04\\\/smartpho.jpg?fit=768%2C350&ssl=1\",\"datePublished\":\"2021-02-07T11:28:13+00:00\",\"dateModified\":\"2021-06-30T15:00:45+00:00\",\"author\":{\"@id\":\"https:\\\/\\\/cumse.org\\\/#\\\/schema\\\/person\\\/d8802c7f9d251c013018b375be80cb06\"},\"description\":\"SCU - Valeryo Falcone, civilista di Fondazione Cumse, racconta la sua esperienza in modo leggero e divertente. SEGUITE LA SUA STORIA!\",\"breadcrumb\":{\"@id\":\"https:\\\/\\\/cumse.org\\\/7-febbraio-se-telefonando\\\/#breadcrumb\"},\"inLanguage\":\"fr-FR\",\"potentialAction\":[{\"@type\":\"ReadAction\",\"target\":[\"https:\\\/\\\/cumse.org\\\/7-febbraio-se-telefonando\\\/\"]}]},{\"@type\":\"ImageObject\",\"inLanguage\":\"fr-FR\",\"@id\":\"https:\\\/\\\/cumse.org\\\/7-febbraio-se-telefonando\\\/#primaryimage\",\"url\":\"https:\\\/\\\/i0.wp.com\\\/cumse.org\\\/wp-content\\\/uploads\\\/2021\\\/04\\\/smartpho.jpg?fit=768%2C350&ssl=1\",\"contentUrl\":\"https:\\\/\\\/i0.wp.com\\\/cumse.org\\\/wp-content\\\/uploads\\\/2021\\\/04\\\/smartpho.jpg?fit=768%2C350&ssl=1\",\"width\":768,\"height\":350},{\"@type\":\"BreadcrumbList\",\"@id\":\"https:\\\/\\\/cumse.org\\\/7-febbraio-se-telefonando\\\/#breadcrumb\",\"itemListElement\":[{\"@type\":\"ListItem\",\"position\":1,\"name\":\"Home\",\"item\":\"https:\\\/\\\/cumse.org\\\/\"},{\"@type\":\"ListItem\",\"position\":2,\"name\":\"7 febbraio &#8211; Se telefonando\"}]},{\"@type\":\"WebSite\",\"@id\":\"https:\\\/\\\/cumse.org\\\/#website\",\"url\":\"https:\\\/\\\/cumse.org\\\/\",\"name\":\"Fondazione Cumse ETS\",\"description\":\"Siamo dove gli altri distolgono lo sguardo\",\"potentialAction\":[{\"@type\":\"SearchAction\",\"target\":{\"@type\":\"EntryPoint\",\"urlTemplate\":\"https:\\\/\\\/cumse.org\\\/?s={search_term_string}\"},\"query-input\":{\"@type\":\"PropertyValueSpecification\",\"valueRequired\":true,\"valueName\":\"search_term_string\"}}],\"inLanguage\":\"fr-FR\"},{\"@type\":\"Person\",\"@id\":\"https:\\\/\\\/cumse.org\\\/#\\\/schema\\\/person\\\/d8802c7f9d251c013018b375be80cb06\",\"name\":\"admin\",\"image\":{\"@type\":\"ImageObject\",\"inLanguage\":\"fr-FR\",\"@id\":\"https:\\\/\\\/secure.gravatar.com\\\/avatar\\\/7fcee464d094e0b490b50408a0c7356276eedd5a17796d503ee821451b764c37?s=96&d=mm&r=g\",\"url\":\"https:\\\/\\\/secure.gravatar.com\\\/avatar\\\/7fcee464d094e0b490b50408a0c7356276eedd5a17796d503ee821451b764c37?s=96&d=mm&r=g\",\"contentUrl\":\"https:\\\/\\\/secure.gravatar.com\\\/avatar\\\/7fcee464d094e0b490b50408a0c7356276eedd5a17796d503ee821451b764c37?s=96&d=mm&r=g\",\"caption\":\"admin\"}}]}<\/script>\n<!-- \/ Yoast SEO plugin. -->","yoast_head_json":{"title":"7 febbraio - Se telefonando - Fondazione Cumse ETS","description":"SCU - Valeryo Falcone, civilista di Fondazione Cumse, racconta la sua esperienza in modo leggero e divertente. SEGUITE LA SUA STORIA!","robots":{"index":"index","follow":"follow","max-snippet":"max-snippet:-1","max-image-preview":"max-image-preview:large","max-video-preview":"max-video-preview:-1"},"canonical":"https:\/\/cumse.org\/fr\/7-febbraio-se-telefonando\/","og_locale":"fr_FR","og_type":"article","og_title":"7 febbraio - Se telefonando - Fondazione Cumse ETS","og_description":"SCU - Valeryo Falcone, civilista di Fondazione Cumse, racconta la sua esperienza in modo leggero e divertente. SEGUITE LA SUA STORIA!","og_url":"https:\/\/cumse.org\/fr\/7-febbraio-se-telefonando\/","og_site_name":"Fondazione Cumse ETS","article_published_time":"2021-02-07T11:28:13+00:00","article_modified_time":"2021-06-30T15:00:45+00:00","og_image":[{"width":768,"height":350,"url":"https:\/\/cumse.org\/wp-content\/uploads\/2021\/04\/smartpho.jpg","type":"image\/jpeg"}],"author":"admin","twitter_card":"summary_large_image","twitter_misc":{"\u00c9crit par":"admin","Dur\u00e9e de lecture estim\u00e9e":"9 minutes"},"schema":{"@context":"https:\/\/schema.org","@graph":[{"@type":"Article","@id":"https:\/\/cumse.org\/7-febbraio-se-telefonando\/#article","isPartOf":{"@id":"https:\/\/cumse.org\/7-febbraio-se-telefonando\/"},"author":{"name":"admin","@id":"https:\/\/cumse.org\/#\/schema\/person\/d8802c7f9d251c013018b375be80cb06"},"headline":"7 febbraio &#8211; Se telefonando","datePublished":"2021-02-07T11:28:13+00:00","dateModified":"2021-06-30T15:00:45+00:00","mainEntityOfPage":{"@id":"https:\/\/cumse.org\/7-febbraio-se-telefonando\/"},"wordCount":1902,"image":{"@id":"https:\/\/cumse.org\/7-febbraio-se-telefonando\/#primaryimage"},"thumbnailUrl":"https:\/\/i0.wp.com\/cumse.org\/wp-content\/uploads\/2021\/04\/smartpho.jpg?fit=768%2C350&ssl=1","keywords":["Fondazione Cumse","SCU","Servizio Civile Universale","Yves Plumey"],"articleSection":["TrAvaler"],"inLanguage":"fr-FR"},{"@type":"WebPage","@id":"https:\/\/cumse.org\/7-febbraio-se-telefonando\/","url":"https:\/\/cumse.org\/7-febbraio-se-telefonando\/","name":"7 febbraio - Se telefonando - Fondazione Cumse ETS","isPartOf":{"@id":"https:\/\/cumse.org\/#website"},"primaryImageOfPage":{"@id":"https:\/\/cumse.org\/7-febbraio-se-telefonando\/#primaryimage"},"image":{"@id":"https:\/\/cumse.org\/7-febbraio-se-telefonando\/#primaryimage"},"thumbnailUrl":"https:\/\/i0.wp.com\/cumse.org\/wp-content\/uploads\/2021\/04\/smartpho.jpg?fit=768%2C350&ssl=1","datePublished":"2021-02-07T11:28:13+00:00","dateModified":"2021-06-30T15:00:45+00:00","author":{"@id":"https:\/\/cumse.org\/#\/schema\/person\/d8802c7f9d251c013018b375be80cb06"},"description":"SCU - Valeryo Falcone, civilista di Fondazione Cumse, racconta la sua esperienza in modo leggero e divertente. SEGUITE LA SUA STORIA!","breadcrumb":{"@id":"https:\/\/cumse.org\/7-febbraio-se-telefonando\/#breadcrumb"},"inLanguage":"fr-FR","potentialAction":[{"@type":"ReadAction","target":["https:\/\/cumse.org\/7-febbraio-se-telefonando\/"]}]},{"@type":"ImageObject","inLanguage":"fr-FR","@id":"https:\/\/cumse.org\/7-febbraio-se-telefonando\/#primaryimage","url":"https:\/\/i0.wp.com\/cumse.org\/wp-content\/uploads\/2021\/04\/smartpho.jpg?fit=768%2C350&ssl=1","contentUrl":"https:\/\/i0.wp.com\/cumse.org\/wp-content\/uploads\/2021\/04\/smartpho.jpg?fit=768%2C350&ssl=1","width":768,"height":350},{"@type":"BreadcrumbList","@id":"https:\/\/cumse.org\/7-febbraio-se-telefonando\/#breadcrumb","itemListElement":[{"@type":"ListItem","position":1,"name":"Home","item":"https:\/\/cumse.org\/"},{"@type":"ListItem","position":2,"name":"7 febbraio &#8211; Se telefonando"}]},{"@type":"WebSite","@id":"https:\/\/cumse.org\/#website","url":"https:\/\/cumse.org\/","name":"Fondazione Cumse ETS","description":"Siamo dove gli altri distolgono lo sguardo","potentialAction":[{"@type":"SearchAction","target":{"@type":"EntryPoint","urlTemplate":"https:\/\/cumse.org\/?s={search_term_string}"},"query-input":{"@type":"PropertyValueSpecification","valueRequired":true,"valueName":"search_term_string"}}],"inLanguage":"fr-FR"},{"@type":"Person","@id":"https:\/\/cumse.org\/#\/schema\/person\/d8802c7f9d251c013018b375be80cb06","name":"admin","image":{"@type":"ImageObject","inLanguage":"fr-FR","@id":"https:\/\/secure.gravatar.com\/avatar\/7fcee464d094e0b490b50408a0c7356276eedd5a17796d503ee821451b764c37?s=96&d=mm&r=g","url":"https:\/\/secure.gravatar.com\/avatar\/7fcee464d094e0b490b50408a0c7356276eedd5a17796d503ee821451b764c37?s=96&d=mm&r=g","contentUrl":"https:\/\/secure.gravatar.com\/avatar\/7fcee464d094e0b490b50408a0c7356276eedd5a17796d503ee821451b764c37?s=96&d=mm&r=g","caption":"admin"}}]}},"jetpack_featured_media_url":"https:\/\/i0.wp.com\/cumse.org\/wp-content\/uploads\/2021\/04\/smartpho.jpg?fit=768%2C350&ssl=1","jetpack_sharing_enabled":true,"_links":{"self":[{"href":"https:\/\/cumse.org\/fr\/wp-json\/wp\/v2\/posts\/4247","targetHints":{"allow":["GET"]}}],"collection":[{"href":"https:\/\/cumse.org\/fr\/wp-json\/wp\/v2\/posts"}],"about":[{"href":"https:\/\/cumse.org\/fr\/wp-json\/wp\/v2\/types\/post"}],"author":[{"embeddable":true,"href":"https:\/\/cumse.org\/fr\/wp-json\/wp\/v2\/users\/1"}],"replies":[{"embeddable":true,"href":"https:\/\/cumse.org\/fr\/wp-json\/wp\/v2\/comments?post=4247"}],"version-history":[{"count":0,"href":"https:\/\/cumse.org\/fr\/wp-json\/wp\/v2\/posts\/4247\/revisions"}],"wp:featuredmedia":[{"embeddable":true,"href":"https:\/\/cumse.org\/fr\/wp-json\/wp\/v2\/media\/5849"}],"wp:attachment":[{"href":"https:\/\/cumse.org\/fr\/wp-json\/wp\/v2\/media?parent=4247"}],"wp:term":[{"taxonomy":"category","embeddable":true,"href":"https:\/\/cumse.org\/fr\/wp-json\/wp\/v2\/categories?post=4247"},{"taxonomy":"post_tag","embeddable":true,"href":"https:\/\/cumse.org\/fr\/wp-json\/wp\/v2\/tags?post=4247"}],"curies":[{"name":"wp","href":"https:\/\/api.w.org\/{rel}","templated":true}]}}