{"id":4243,"date":"2021-02-06T11:41:56","date_gmt":"2021-02-06T10:41:56","guid":{"rendered":"https:\/\/cumse.org\/?p=4243"},"modified":"2021-04-30T15:33:01","modified_gmt":"2021-04-30T14:33:01","slug":"6-febbraio-raccontati-una-storia","status":"publish","type":"post","link":"https:\/\/cumse.org\/fr\/6-febbraio-raccontati-una-storia\/","title":{"rendered":"6 febbraio &#8211; Raccontati una storia"},"content":{"rendered":"<p><strong>SPOILER ALERT: i contenuti del diario di oggi possono riportare informazioni riguardanti la situazione Covid africana, chi non avesse alcuna voglia di sentir parlare ancora di misure di contenimento, per evitare di peggiorare il proprio umore, pu\u00f2 tranquillamente saltare l&#8217;incipit e intraprendere la lettura dalla<\/strong><br \/>\n<strong>&#8220;SECONDA VERSIONE&#8221;.<\/strong><\/p>\n<p>&nbsp;<\/p>\n<p><strong>PRIMA VERSIONE<\/strong><br \/>\n<strong>Siamo tutti in attesa di conoscere il risultato del test della nostra Sophie<\/strong>. Il centro di Yves Plumey \u00e8 raccolto all&#8217;interno delle case. Non c&#8217;\u00e8 scusa che tenga.<br \/>\nNemmeno la messa, normalmente improrogabile, pu\u00f2 essere usata come strumento di giustificazione. <strong>D&#8217;altronde per contenere i danni e salvaguardare la salute di tutti bisogna adottare le misure di sicurezza.<\/strong> Sono nel mio letto alle 6.45. Dall&#8217;altra parte del mondo, gli amici e i parenti cominciano ad alzarsi e a pensarmi.<\/p>\n<p>Il telefono \u00e8 il nostro portale d&#8217;accesso per spostarci all&#8217;interno delle dimensioni. La zanzariera crea un parallelepipedo invisibile che racchiude il mio nido, <strong>trasformandolo in una specie di navicella spaziale<\/strong>. Nessuno ha impegni oggi, considerando che il sabato \u00e8 sacro, men che meno. Speriamo che mi vada bene, speriamo di non ripiombare in quell&#8217;atmosfera barbosa e frustrante che tanto ha colpito la nostra povera (per modo di dire) Europa.<\/p>\n<p>Mi alzo verso le 8.30, ma giusto perch\u00e9 nel mezzo del materasso scadente il mio peso ha scavato una specie di fossa e mi ritrovo fastidiosamente incastrato all&#8217;interno del morbido valico. Mi vesto e faccio colazione. Ho voglia di zucchero e non resisto, decido di aprire il pacchetto di biscotti regalatomi da Manass\u00e8.<br \/>\n<strong>Gli avevo promesso che li avremmo mangiati insieme ma, tra la convalescenza e la quarantena, mi sa che dovremo attendere ancora un po&#8217; prima di vederci.<\/strong><\/p>\n<p>La gola vince sulla pazienza. In effetti sono davvero ottimi. Talmente mi piacciono che quasi quasi mi farei un caff\u00e8. <strong>Il bollitore con l&#8217;artemisia di ieri sera mi guarda supplichevole<\/strong>. Troppo pigro per metter su la moca, con l&#8217;infuso andranno benone. La frolla \u00e8 ben croccante ed il gusto ricorda quello dei biscottini alla cannella dell&#8217;Ikea, solo un po&#8217; meno dolci e con una minor dose di spezia.<br \/>\n<strong>Come se in Africa ne esistesse una versione migliorata capace di incontrare perfettamente i miei gusti<\/strong>. Afferro la tazzina e mi pento di essere nato tanto lazzarone. L&#8217;artemisia fredda, dopo essere stata in infusione per tutta la notte, \u00e8 di un amaro sconvolgente!<\/p>\n<p><img data-recalc-dims=\"1\" loading=\"lazy\" decoding=\"async\" class=\"wp-image-5843 alignleft\" src=\"https:\/\/i0.wp.com\/cumse.org\/wp-content\/uploads\/2021\/02\/WhatsApp-Image-2021-02-07-at-08.58.50.jpeg?resize=348%2C464&#038;ssl=1\" alt=\"\" width=\"348\" height=\"464\" srcset=\"https:\/\/i0.wp.com\/cumse.org\/wp-content\/uploads\/2021\/02\/WhatsApp-Image-2021-02-07-at-08.58.50.jpeg?w=1200&amp;ssl=1 1200w, https:\/\/i0.wp.com\/cumse.org\/wp-content\/uploads\/2021\/02\/WhatsApp-Image-2021-02-07-at-08.58.50.jpeg?resize=800%2C1067&amp;ssl=1 800w, https:\/\/i0.wp.com\/cumse.org\/wp-content\/uploads\/2021\/02\/WhatsApp-Image-2021-02-07-at-08.58.50.jpeg?resize=225%2C300&amp;ssl=1 225w, https:\/\/i0.wp.com\/cumse.org\/wp-content\/uploads\/2021\/02\/WhatsApp-Image-2021-02-07-at-08.58.50.jpeg?resize=768%2C1024&amp;ssl=1 768w, https:\/\/i0.wp.com\/cumse.org\/wp-content\/uploads\/2021\/02\/WhatsApp-Image-2021-02-07-at-08.58.50.jpeg?resize=1152%2C1536&amp;ssl=1 1152w\" sizes=\"auto, (max-width: 348px) 100vw, 348px\" \/><\/p>\n<p>Dico sempre di essere amante di questi sapori, ben mi sta. Mi scriver\u00f2 un appunto da appendere sullo scaffale della cucina:<strong> &#8220;se non ti fai il caff\u00e8 sei scemo!&#8221;<\/strong>.<br \/>\nNel dubbio dovrebbe aiutarmi.<\/p>\n<p><strong>Godyene mi trova in cucina con mezzo panino che mi spunta dalla bocca. Non ho saputo pensare ad un rimedio migliore per pulire dal palato tanto disgusto.<\/strong><br \/>\nRide, sai che novit\u00e0. Sembro il giullare di corte ormai. Si mette subito a pulire. ALT! La fermo, grandi notizie: ho rifatto il letto, con tanto di giramento del materasso sottosopra. La donna esulta con me. E&#8217; questione di minuti comunque. <strong>In un attimo mi riporta i panni puliti e stirati, lava il pavimento e inizia a cucinare<\/strong>.<br \/>\nChe volete che vi dica. Ci vuol poco a battermi nelle faccende di casa. A dir il vero, \u00e8 semplice vincermi un po&#8217; in tutto.<\/p>\n<p>Sono nato in quella categoria di gente che non arriva ultima e non arriva prima. <strong>Il talento non basta, serve l&#8217;esercizio, l&#8217;esercizio non basta, serve la volont\u00e0 ed \u00e8 proprio qui che vengo gabbato.<\/strong><br \/>\n<strong>Pazienza. Sposer\u00f2 la mediocrit\u00e0!<\/strong>\u00a0Mentre mi condanno ad un&#8217;esistenza tragicamente squallida ripiombo verso il letto, Godyene non ama che io sia presente mentre fa i mestieri, dice che la metto a disagio. Lo credo bene. <strong>Avere un broccolo che guarda quello che fai come un becchino non ti infonde proprio una sensazione<\/strong><br \/>\n<strong>di serenit\u00e0 nell&#8217;animo. La capisco.<\/strong><\/p>\n<p>Mi do alla lettura di qualche rivista online e vaneggio con la fantasia.<br \/>\nTorno in cucina e me la ritrovo seduta in terra, in attesa che il riso si cuocia. <em>&#8220;Tutto bene? No perch\u00e9 cos\u00ec, a prima vista, azzarderei pensare il contrario!&#8221;<\/em><br \/>\nTutto bene dice, non \u00e8 triste, non \u00e8 stanca, si \u00e8 solo seduta, le serve la pazienza. Le sar\u00e0 mica caduta in terra? Mi accomodo su una seggiola vicino a lei.<br \/>\n<strong>Mi mancano le ragazze, mi manca giocare con loro a sarak\u00e8, mi manca gi\u00e0 precipitarmi in su e in gi\u00f9 per i campi, lavorare il legno con Etienne.<\/strong><\/p>\n<p><strong>Che diritto ho di lamentarmi? Proprio nessuno<\/strong>, ma in prima elementare alla recita di Biancaneve mi hanno assegnato la parte di Brontolo e cos\u00ec, proprio come capita ai grandi professionisti del cinema, la mia mente si \u00e8 persa nell&#8217;interpretazione del personaggio, senza mai pi\u00f9 uscirne.<br \/>\nNon sforzatevi, solo tipi come Jack Nicholson e Christian Bale possono capire di cosa parlo!<\/p>\n<p>Godyene esce dalla porta sul retro e si ripresenta con delle pietruzze tra le mani. A casa si possono fare tante cose, <strong>COURAGE<\/strong>, non serve che io sia imbronciato, <strong>possiamo giocare insieme se mi va<\/strong>! E&#8217; troppo forte. Iniziamo. Gioca in un modo diverso da quello che ho imparato alla maison. <strong>Mi asfalta in ogni caso: 2 a 0<\/strong>.<br \/>\nNascondiamo i sassi sotto al tappetto caso mai ci venisse voglia di una rivincita. Ho come l&#8217;impressione che ce li dimenticheremo e prima o poi finiremo per inciamparci sopra con conseguenze disastrose, ma va beh, per il momento stanno bene l\u00ec. <strong>Segnatevela questa che da qui a breve ne riparleremo.<\/strong><\/p>\n<p>Dopo pranzo non resta che oziare. Il silenzio circostante scivola lento sulla linea dell&#8217;orizzonte. Cosa scriver\u00f2 oggi? Di cosa parler\u00f2, dopo aver trascorso ore ed ore nascosto nei miei pensieri? Niente flebo minacciose, niente bestie feroci, niente nuove amicizie, niente trapani insubordinati.<br \/>\n<strong>Voi siete tutti l\u00ec, divisi in zone colorate, gi\u00e0 abbastanza annoiati e sfiniti dai teatrini patetici della politica, e soprattutto, da una pandemia infame e spregiudicata.<\/strong><\/p>\n<p><strong>Come tirarvi su il morale se finisco nella vostra stessa condizione a 6.600 km di distanza?<\/strong> Quali viaggi posso indurvi sognare, se di muoversi non se ne parla?<br \/>\nForse dovrei mentirvi. E&#8217; sempre la cosa giusta dire la verit\u00e0? Bisogna assumersi la responsabilit\u00e0 del fatto che molti possono non essere pronti a conoscere quello che noi abbiamo da svelare. Potrebbero non reggere il colpo, c&#8217;\u00e8 un momento per ogni cosa, pur non potendosi evitare il dolore, n\u00e8 potendolo evitare alle persone a cui teniamo. C&#8217;\u00e8 anche IL modo giusto per scoperchiare le pentole. <strong>Forse potrei omettere dei dettagli&#8230;<\/strong><\/p>\n<p>Allora facciamo cos\u00ec. Coloro che non avessero voglia di pensare in negativo possono limitarsi a leggere da qui:<\/p>\n<p><strong>SECONDA VERSIONE<\/strong><br \/>\nCome diceva la canzone, ricominciamo: oggi mi sono alzato pimpante, alle 6.45 ero gi\u00e0 gi\u00f9 dalla branda. Talmente carico che mi son pure fatto il letto.<\/p>\n<p>Non posso resistere: <strong>ho proprio voglia di mangiare i biscotti che mi ha regalato Manass\u00e8<\/strong>! Infrango la promessa di gustarli insieme a lui, ma solo perch\u00e9 ne acquister\u00f2 un&#8217;altra scatola.<br \/>\n<strong>Sono spaziali, mi ricordano vagamente quelli alla cannella che si comprano all&#8217;Ikea, con la sola differenza che questi sono meno dolci e pi\u00f9 saporiti!<\/strong><\/p>\n<p>Per l&#8217;ennesima volta Manass\u00e8 ha fatto centro. Ci starebbe un bel caff\u00e8, ma sono troppo pigro anche solo per pensare di prepararlo, figuriamoci se mi metto sul serio all&#8217;opera. L&#8217;artemisia di ieri sera andr\u00e0 benone. BLEAH! Le ultime parole famose. <strong>Sar\u00e0 stata in infusione 12 ore, \u00e8 amara come il peccato!<\/strong><\/p>\n<p>Mi ficco in bocca mezza baguette per tentare di asciugare via l&#8217;improponibile saporaccio, Godyene entra in casa cogliendomi in flagrante. Sembro un pesce abboccato all&#8217;amo. Le mie solite figurone da repertorio. Vuole pulire ogni superficie piana e non.<br \/>\nLa avverto: al letto ci ho gi\u00e0 pensato io! Non saprei dirvi perch\u00e9 ma mi pare scettica. Si complimenta e inizia<br \/>\na lustrare le piastrelle. Esce a riempire i secchi d&#8217;acqua. Porta con se il bidone pi\u00f9 grande. Ritorna 10 minuti dopo con il pesante cilindro da 20 litri poggiato sul capo.<\/p>\n<p>Vorrei farle una foto ma \u00e8 prioritario che le dia una mano. Il cosone \u00e8 troppo alto e lei deve leggermente piegarsi sulle ginocchia per varcare la soglia d&#8217;ingresso.<br \/>\n<strong>Fuori dalla porta un uomo mi saluta, ricambio e noto altri due secchi pieni<\/strong>. Mentre li afferro e li trasporto in bagno trovo la mia amica bloccata<strong> in un bizzarro empasse<\/strong>: come diavolo fare per appoggiare in terra il pesantissimo recipiente? <em>&#8220;Fatti aiutare va, disperata!&#8221;<\/em>, parlo in italiano cos\u00ec di getto. <strong>La sua impressionante vitalit\u00e0 mi diverte.<\/strong> Sistemata la faccenda la seguo in sala ma, se deve pulire, preferisce che io ma ne stia in camera a riposare. La scusa \u00e8 che sono convalescente, la verit\u00e0 \u00e8 che mentre fa i mestieri gradisce non avere nessuno tra i piedi. <strong>Comprensibilissimo!<\/strong><\/p>\n<p>Ozio nel mio lettino, leggo qualche rivista on-line, il tempo marcia lentamente finch\u00e9 un profumino richiama sull&#8217;attenti le mie, notoriamente lupine, narici.<br \/>\nTrovo Godyene seduta in terra. Star\u00e0 bene? Lei afferma di s\u00ec, figurarsi non direbbe mai altrimenti. Sar\u00e0 mica che il trasporto straordinario l&#8217;abbia un po&#8217; affannata. <strong>Noo, ma che, sta solo aspettando che il riso cuocia!<\/strong>\u00a0Far\u00f2 finta di crederle.<\/p>\n<p>Sento la mancanza delle ragazze, non vorrei certo perdere la mano a Sarak\u00e8, proprio adesso che incominciavo a diventare competitivo. Godyene esce di scena dal retro della cucina e mi si ripresenta con delle pietruzze in mano.<br \/>\nPronti a giocare in salone. Lei conosce un metodo diverso, stupir\u00f2 le donzelle quando mostrer\u00f2 loro di essere abile anche in altre branche del loro amato gioco.<br \/>\n<strong>La donna mi straccia 2 a 0<\/strong>. Tempo al tempo, conserviamo i sassi sotto al tappeto, giocheremo ancora. <strong>Avr\u00f2 la mia vendetta quando meno se lo aspetta (che fa anche rima).<\/strong><\/p>\n<p><img data-recalc-dims=\"1\" loading=\"lazy\" decoding=\"async\" class=\"wp-image-5844 alignleft\" src=\"https:\/\/i0.wp.com\/cumse.org\/wp-content\/uploads\/2021\/02\/WhatsApp-Image-2021-02-07-at-08.58.51.jpeg?resize=361%2C481&#038;ssl=1\" alt=\"\" width=\"361\" height=\"481\" srcset=\"https:\/\/i0.wp.com\/cumse.org\/wp-content\/uploads\/2021\/02\/WhatsApp-Image-2021-02-07-at-08.58.51.jpeg?w=1200&amp;ssl=1 1200w, https:\/\/i0.wp.com\/cumse.org\/wp-content\/uploads\/2021\/02\/WhatsApp-Image-2021-02-07-at-08.58.51.jpeg?resize=800%2C1067&amp;ssl=1 800w, https:\/\/i0.wp.com\/cumse.org\/wp-content\/uploads\/2021\/02\/WhatsApp-Image-2021-02-07-at-08.58.51.jpeg?resize=225%2C300&amp;ssl=1 225w, https:\/\/i0.wp.com\/cumse.org\/wp-content\/uploads\/2021\/02\/WhatsApp-Image-2021-02-07-at-08.58.51.jpeg?resize=768%2C1024&amp;ssl=1 768w, https:\/\/i0.wp.com\/cumse.org\/wp-content\/uploads\/2021\/02\/WhatsApp-Image-2021-02-07-at-08.58.51.jpeg?resize=1152%2C1536&amp;ssl=1 1152w\" sizes=\"auto, (max-width: 361px) 100vw, 361px\" \/><\/p>\n<p>Mando la foto dei sassi a Claris, mi mancano le mie fanciulle. Con la dolcezza che la contraddistingue mi risponde: &#8220;Stai giocando con le pietre in casa? Quanti anni hai, 5? Possiedi uno smartphone, un computer, hai un articolo da scrivere e invece giochi a sarak\u00e8?&#8221;. Replico: &#8220;veramente me ne sento 7!&#8221;.<\/p>\n<p><strong>Che et\u00e0 meravigliosa quella! <\/strong>Avevo la guance rosee, i capelli ricci foltissimi, se mangiavo tutto quello che c&#8217;era nel piatto non solo ero bello, ma mi dicevano anche <strong>BRAVO!<\/strong>\u00a0Cos&#8217;\u00e8 andato storto? Perch\u00e9 mi sono trasformato in una specie di orso? La genetica possiede un&#8217;ironia tutta sua.<\/p>\n<p><strong>Dopo pranzo \u00e8 tutto uno stare a letto e rilassarsi<\/strong>. Immerso in qualche lettura o in una mezza pennica digestiva.<br \/>\n<strong>Godyene viene a trovarmi verso le 18<\/strong>. Di cibo non ne voglio sentir parlare fino a domani, sono pieno raso e non ho ancora digerito. Finir\u00f2 la tisana di citronella<br \/>\ne limone che mi ha preparato al mattino. Tra una cosa e l&#8217;altra parliamo della mia prossima trasferta al nord. <strong>L\u00ec ci son 40\/50 gradi all&#8217;ombra, la sera la gente dorme all&#8217;aperto tra i serpenti del deserto e le zanzare. Molti muoiono di malaria. Ah, benone, grazie per l&#8217;incoraggiamento.<\/strong><\/p>\n<p>Io abiter\u00f2 nella grande <strong>casa Cumse<\/strong>, con il mio grande fratello nero, Christian. Una volta ho visto un documentario su come cucinare i serpenti. Strano eh&#8230;eppure dicono che sia una delle carni pi\u00f9 tenere del mondo. Godyene mi rivela il misfatto: <em>&#8220;ricordi quando padre Alois non si \u00e8 sentito bene?&#8221;.<\/em><br \/>\nSe me lo ricordo?<strong> Pu\u00f2 scommetterci<\/strong>, grazie al sostituto ho capito per la prima volta qualcosa della messa. Morale padre Alois ha avuto un&#8217;intossicazione dopo aver mangiato la carne di serpente. Meglio evitare. La mia domanda immediatamente successiva (a riprova del fatto che ancora non ho capito nulla nella vita) \u00e8 stata:<\/p>\n<p><em>&#8220;Godyene, ti ricordi come lo ha cucinato?<\/em><br \/>\n<em>No perch\u00e8 io so che il\u00a0<\/em><em> modo migliore per non avere guai \u00e8 spellarlo e friggerlo! Ma non tutti i tipi di serpente vanno bene eh!&#8221;.<\/em><\/p>\n<p>Godyene rabbrividisce e poi mi sgrida, ammonendomi di evitare tutto ci\u00f2 che non conosco. Si \u00e8 gi\u00e0 presa un bello spavento luned\u00ec e preferirebbe dribblare altre<br \/>\nsorprese. <strong>Peccato per\u00f2&#8230; a me una cotoletta di serpe garbava proprio!<\/strong><\/p>\n<p><strong>MORALE<\/strong><\/p>\n<p>C&#8217;\u00e8 modo e modo di vivere una giornata o una vita, cos\u00ec come c&#8217;\u00e8 modo e modo di raccontare una storia o una verit\u00e0. La seconda versione sembra molto pi\u00f9 allegra e vissuta della prima. Non ho mentito, ho solo cambiato modo di esprimermi.<br \/>\nSono troppo pigro per scrivere ancora, ma mi auguro che questo piccolo esempio calzi. <strong>La vita varia a seconda del modo in cui la vediamo e ce la raccontiamo.<\/strong> (Ecco perch\u00e9 ritengo che i giornalisti siano una categoria professionale fallita, ma meglio non divagare!).<\/p>\n<p><strong>Non arrendetevi alle mura domestiche amici, malgrado tutto, non ci avranno mai!<\/strong> (Almeno spero!).<\/p>\n<p>&nbsp;<\/p>\n<p>&nbsp;<\/p>\n<p>&nbsp;<\/p>","protected":false},"excerpt":{"rendered":"<p>SPOILER ALERT: i contenuti del diario di oggi possono riportare informazioni riguardanti la situazione Covid africana, chi non avesse alcuna voglia di sentir parlare ancora di misure di contenimento, per evitare di peggiorare il proprio umore, pu\u00f2 tranquillamente saltare l&#8217;incipit e intraprendere la lettura dalla &#8220;SECONDA VERSIONE&#8221;. &nbsp; PRIMA VERSIONE Siamo tutti in attesa di [&hellip;]<\/p>\n","protected":false},"author":1,"featured_media":5842,"comment_status":"closed","ping_status":"closed","sticky":false,"template":"","format":"standard","meta":{"_jetpack_memberships_contains_paid_content":false,"footnotes":""},"categories":[62],"tags":[68,67,79,65,66,74],"class_list":["post-4243","post","type-post","status-publish","format-standard","has-post-thumbnail","hentry","category-travaler","tag-camerun","tag-fondazione-cumse","tag-ngaoundere","tag-scu","tag-servizio-civile-universale","tag-yves-plumey"],"yoast_head":"<!-- This site is optimized with the Yoast SEO plugin v27.3 - https:\/\/yoast.com\/product\/yoast-seo-wordpress\/ -->\n<title>6 febbraio - Raccontati una storia - Fondazione Cumse ETS<\/title>\n<meta name=\"description\" content=\"SCU - Valeryo Falcone, civilista di Fondazione Cumse, racconta la sua esperienza in modo leggero e divertente. SEGUITE LA SUA STORIA!\" \/>\n<meta name=\"robots\" content=\"index, follow, max-snippet:-1, max-image-preview:large, max-video-preview:-1\" \/>\n<link rel=\"canonical\" href=\"https:\/\/cumse.org\/fr\/6-febbraio-raccontati-una-storia\/\" \/>\n<meta property=\"og:locale\" content=\"fr_FR\" \/>\n<meta property=\"og:type\" content=\"article\" \/>\n<meta property=\"og:title\" content=\"6 febbraio - Raccontati una storia - Fondazione Cumse ETS\" \/>\n<meta property=\"og:description\" content=\"SCU - Valeryo Falcone, civilista di Fondazione Cumse, racconta la sua esperienza in modo leggero e divertente. SEGUITE LA SUA STORIA!\" \/>\n<meta property=\"og:url\" content=\"https:\/\/cumse.org\/fr\/6-febbraio-raccontati-una-storia\/\" \/>\n<meta property=\"og:site_name\" content=\"Fondazione Cumse ETS\" \/>\n<meta property=\"article:published_time\" content=\"2021-02-06T10:41:56+00:00\" \/>\n<meta property=\"article:modified_time\" content=\"2021-04-30T14:33:01+00:00\" \/>\n<meta property=\"og:image\" content=\"https:\/\/cumse.org\/wp-content\/uploads\/2021\/02\/WhatsApp-Image-2021-02-07-at-08.59.29.jpeg\" \/>\n\t<meta property=\"og:image:width\" content=\"750\" \/>\n\t<meta property=\"og:image:height\" content=\"705\" \/>\n\t<meta property=\"og:image:type\" content=\"image\/jpeg\" \/>\n<meta name=\"author\" content=\"admin\" \/>\n<meta name=\"twitter:card\" content=\"summary_large_image\" \/>\n<meta name=\"twitter:label1\" content=\"\u00c9crit par\" \/>\n\t<meta name=\"twitter:data1\" content=\"admin\" \/>\n\t<meta name=\"twitter:label2\" content=\"Dur\u00e9e de lecture estim\u00e9e\" \/>\n\t<meta name=\"twitter:data2\" content=\"10 minutes\" \/>\n<script type=\"application\/ld+json\" class=\"yoast-schema-graph\">{\"@context\":\"https:\\\/\\\/schema.org\",\"@graph\":[{\"@type\":\"Article\",\"@id\":\"https:\\\/\\\/cumse.org\\\/6-febbraio-raccontati-una-storia\\\/#article\",\"isPartOf\":{\"@id\":\"https:\\\/\\\/cumse.org\\\/6-febbraio-raccontati-una-storia\\\/\"},\"author\":{\"name\":\"admin\",\"@id\":\"https:\\\/\\\/cumse.org\\\/#\\\/schema\\\/person\\\/d8802c7f9d251c013018b375be80cb06\"},\"headline\":\"6 febbraio &#8211; Raccontati una storia\",\"datePublished\":\"2021-02-06T10:41:56+00:00\",\"dateModified\":\"2021-04-30T14:33:01+00:00\",\"mainEntityOfPage\":{\"@id\":\"https:\\\/\\\/cumse.org\\\/6-febbraio-raccontati-una-storia\\\/\"},\"wordCount\":2030,\"image\":{\"@id\":\"https:\\\/\\\/cumse.org\\\/6-febbraio-raccontati-una-storia\\\/#primaryimage\"},\"thumbnailUrl\":\"https:\\\/\\\/i0.wp.com\\\/cumse.org\\\/wp-content\\\/uploads\\\/2021\\\/02\\\/WhatsApp-Image-2021-02-07-at-08.59.29.jpeg?fit=750%2C705&ssl=1\",\"keywords\":[\"Camerun\",\"Fondazione Cumse\",\"Ngaounder\u00e8\",\"SCU\",\"Servizio Civile Universale\",\"Yves Plumey\"],\"articleSection\":[\"TrAvaler\"],\"inLanguage\":\"fr-FR\"},{\"@type\":\"WebPage\",\"@id\":\"https:\\\/\\\/cumse.org\\\/6-febbraio-raccontati-una-storia\\\/\",\"url\":\"https:\\\/\\\/cumse.org\\\/6-febbraio-raccontati-una-storia\\\/\",\"name\":\"6 febbraio - Raccontati una storia - Fondazione Cumse ETS\",\"isPartOf\":{\"@id\":\"https:\\\/\\\/cumse.org\\\/#website\"},\"primaryImageOfPage\":{\"@id\":\"https:\\\/\\\/cumse.org\\\/6-febbraio-raccontati-una-storia\\\/#primaryimage\"},\"image\":{\"@id\":\"https:\\\/\\\/cumse.org\\\/6-febbraio-raccontati-una-storia\\\/#primaryimage\"},\"thumbnailUrl\":\"https:\\\/\\\/i0.wp.com\\\/cumse.org\\\/wp-content\\\/uploads\\\/2021\\\/02\\\/WhatsApp-Image-2021-02-07-at-08.59.29.jpeg?fit=750%2C705&ssl=1\",\"datePublished\":\"2021-02-06T10:41:56+00:00\",\"dateModified\":\"2021-04-30T14:33:01+00:00\",\"author\":{\"@id\":\"https:\\\/\\\/cumse.org\\\/#\\\/schema\\\/person\\\/d8802c7f9d251c013018b375be80cb06\"},\"description\":\"SCU - Valeryo Falcone, civilista di Fondazione Cumse, racconta la sua esperienza in modo leggero e divertente. SEGUITE LA SUA STORIA!\",\"breadcrumb\":{\"@id\":\"https:\\\/\\\/cumse.org\\\/6-febbraio-raccontati-una-storia\\\/#breadcrumb\"},\"inLanguage\":\"fr-FR\",\"potentialAction\":[{\"@type\":\"ReadAction\",\"target\":[\"https:\\\/\\\/cumse.org\\\/6-febbraio-raccontati-una-storia\\\/\"]}]},{\"@type\":\"ImageObject\",\"inLanguage\":\"fr-FR\",\"@id\":\"https:\\\/\\\/cumse.org\\\/6-febbraio-raccontati-una-storia\\\/#primaryimage\",\"url\":\"https:\\\/\\\/i0.wp.com\\\/cumse.org\\\/wp-content\\\/uploads\\\/2021\\\/02\\\/WhatsApp-Image-2021-02-07-at-08.59.29.jpeg?fit=750%2C705&ssl=1\",\"contentUrl\":\"https:\\\/\\\/i0.wp.com\\\/cumse.org\\\/wp-content\\\/uploads\\\/2021\\\/02\\\/WhatsApp-Image-2021-02-07-at-08.59.29.jpeg?fit=750%2C705&ssl=1\",\"width\":750,\"height\":705},{\"@type\":\"BreadcrumbList\",\"@id\":\"https:\\\/\\\/cumse.org\\\/6-febbraio-raccontati-una-storia\\\/#breadcrumb\",\"itemListElement\":[{\"@type\":\"ListItem\",\"position\":1,\"name\":\"Home\",\"item\":\"https:\\\/\\\/cumse.org\\\/\"},{\"@type\":\"ListItem\",\"position\":2,\"name\":\"6 febbraio &#8211; Raccontati una storia\"}]},{\"@type\":\"WebSite\",\"@id\":\"https:\\\/\\\/cumse.org\\\/#website\",\"url\":\"https:\\\/\\\/cumse.org\\\/\",\"name\":\"Fondazione Cumse ETS\",\"description\":\"Siamo dove gli altri distolgono lo sguardo\",\"potentialAction\":[{\"@type\":\"SearchAction\",\"target\":{\"@type\":\"EntryPoint\",\"urlTemplate\":\"https:\\\/\\\/cumse.org\\\/?s={search_term_string}\"},\"query-input\":{\"@type\":\"PropertyValueSpecification\",\"valueRequired\":true,\"valueName\":\"search_term_string\"}}],\"inLanguage\":\"fr-FR\"},{\"@type\":\"Person\",\"@id\":\"https:\\\/\\\/cumse.org\\\/#\\\/schema\\\/person\\\/d8802c7f9d251c013018b375be80cb06\",\"name\":\"admin\",\"image\":{\"@type\":\"ImageObject\",\"inLanguage\":\"fr-FR\",\"@id\":\"https:\\\/\\\/secure.gravatar.com\\\/avatar\\\/7fcee464d094e0b490b50408a0c7356276eedd5a17796d503ee821451b764c37?s=96&d=mm&r=g\",\"url\":\"https:\\\/\\\/secure.gravatar.com\\\/avatar\\\/7fcee464d094e0b490b50408a0c7356276eedd5a17796d503ee821451b764c37?s=96&d=mm&r=g\",\"contentUrl\":\"https:\\\/\\\/secure.gravatar.com\\\/avatar\\\/7fcee464d094e0b490b50408a0c7356276eedd5a17796d503ee821451b764c37?s=96&d=mm&r=g\",\"caption\":\"admin\"}}]}<\/script>\n<!-- \/ Yoast SEO plugin. -->","yoast_head_json":{"title":"6 febbraio - Raccontati una storia - Fondazione Cumse ETS","description":"SCU - Valeryo Falcone, civilista di Fondazione Cumse, racconta la sua esperienza in modo leggero e divertente. SEGUITE LA SUA STORIA!","robots":{"index":"index","follow":"follow","max-snippet":"max-snippet:-1","max-image-preview":"max-image-preview:large","max-video-preview":"max-video-preview:-1"},"canonical":"https:\/\/cumse.org\/fr\/6-febbraio-raccontati-una-storia\/","og_locale":"fr_FR","og_type":"article","og_title":"6 febbraio - Raccontati una storia - Fondazione Cumse ETS","og_description":"SCU - Valeryo Falcone, civilista di Fondazione Cumse, racconta la sua esperienza in modo leggero e divertente. SEGUITE LA SUA STORIA!","og_url":"https:\/\/cumse.org\/fr\/6-febbraio-raccontati-una-storia\/","og_site_name":"Fondazione Cumse ETS","article_published_time":"2021-02-06T10:41:56+00:00","article_modified_time":"2021-04-30T14:33:01+00:00","og_image":[{"width":750,"height":705,"url":"https:\/\/cumse.org\/wp-content\/uploads\/2021\/02\/WhatsApp-Image-2021-02-07-at-08.59.29.jpeg","type":"image\/jpeg"}],"author":"admin","twitter_card":"summary_large_image","twitter_misc":{"\u00c9crit par":"admin","Dur\u00e9e de lecture estim\u00e9e":"10 minutes"},"schema":{"@context":"https:\/\/schema.org","@graph":[{"@type":"Article","@id":"https:\/\/cumse.org\/6-febbraio-raccontati-una-storia\/#article","isPartOf":{"@id":"https:\/\/cumse.org\/6-febbraio-raccontati-una-storia\/"},"author":{"name":"admin","@id":"https:\/\/cumse.org\/#\/schema\/person\/d8802c7f9d251c013018b375be80cb06"},"headline":"6 febbraio &#8211; Raccontati una storia","datePublished":"2021-02-06T10:41:56+00:00","dateModified":"2021-04-30T14:33:01+00:00","mainEntityOfPage":{"@id":"https:\/\/cumse.org\/6-febbraio-raccontati-una-storia\/"},"wordCount":2030,"image":{"@id":"https:\/\/cumse.org\/6-febbraio-raccontati-una-storia\/#primaryimage"},"thumbnailUrl":"https:\/\/i0.wp.com\/cumse.org\/wp-content\/uploads\/2021\/02\/WhatsApp-Image-2021-02-07-at-08.59.29.jpeg?fit=750%2C705&ssl=1","keywords":["Camerun","Fondazione Cumse","Ngaounder\u00e8","SCU","Servizio Civile Universale","Yves Plumey"],"articleSection":["TrAvaler"],"inLanguage":"fr-FR"},{"@type":"WebPage","@id":"https:\/\/cumse.org\/6-febbraio-raccontati-una-storia\/","url":"https:\/\/cumse.org\/6-febbraio-raccontati-una-storia\/","name":"6 febbraio - Raccontati una storia - Fondazione Cumse ETS","isPartOf":{"@id":"https:\/\/cumse.org\/#website"},"primaryImageOfPage":{"@id":"https:\/\/cumse.org\/6-febbraio-raccontati-una-storia\/#primaryimage"},"image":{"@id":"https:\/\/cumse.org\/6-febbraio-raccontati-una-storia\/#primaryimage"},"thumbnailUrl":"https:\/\/i0.wp.com\/cumse.org\/wp-content\/uploads\/2021\/02\/WhatsApp-Image-2021-02-07-at-08.59.29.jpeg?fit=750%2C705&ssl=1","datePublished":"2021-02-06T10:41:56+00:00","dateModified":"2021-04-30T14:33:01+00:00","author":{"@id":"https:\/\/cumse.org\/#\/schema\/person\/d8802c7f9d251c013018b375be80cb06"},"description":"SCU - Valeryo Falcone, civilista di Fondazione Cumse, racconta la sua esperienza in modo leggero e divertente. SEGUITE LA SUA STORIA!","breadcrumb":{"@id":"https:\/\/cumse.org\/6-febbraio-raccontati-una-storia\/#breadcrumb"},"inLanguage":"fr-FR","potentialAction":[{"@type":"ReadAction","target":["https:\/\/cumse.org\/6-febbraio-raccontati-una-storia\/"]}]},{"@type":"ImageObject","inLanguage":"fr-FR","@id":"https:\/\/cumse.org\/6-febbraio-raccontati-una-storia\/#primaryimage","url":"https:\/\/i0.wp.com\/cumse.org\/wp-content\/uploads\/2021\/02\/WhatsApp-Image-2021-02-07-at-08.59.29.jpeg?fit=750%2C705&ssl=1","contentUrl":"https:\/\/i0.wp.com\/cumse.org\/wp-content\/uploads\/2021\/02\/WhatsApp-Image-2021-02-07-at-08.59.29.jpeg?fit=750%2C705&ssl=1","width":750,"height":705},{"@type":"BreadcrumbList","@id":"https:\/\/cumse.org\/6-febbraio-raccontati-una-storia\/#breadcrumb","itemListElement":[{"@type":"ListItem","position":1,"name":"Home","item":"https:\/\/cumse.org\/"},{"@type":"ListItem","position":2,"name":"6 febbraio &#8211; Raccontati una storia"}]},{"@type":"WebSite","@id":"https:\/\/cumse.org\/#website","url":"https:\/\/cumse.org\/","name":"Fondazione Cumse ETS","description":"Siamo dove gli altri distolgono lo sguardo","potentialAction":[{"@type":"SearchAction","target":{"@type":"EntryPoint","urlTemplate":"https:\/\/cumse.org\/?s={search_term_string}"},"query-input":{"@type":"PropertyValueSpecification","valueRequired":true,"valueName":"search_term_string"}}],"inLanguage":"fr-FR"},{"@type":"Person","@id":"https:\/\/cumse.org\/#\/schema\/person\/d8802c7f9d251c013018b375be80cb06","name":"admin","image":{"@type":"ImageObject","inLanguage":"fr-FR","@id":"https:\/\/secure.gravatar.com\/avatar\/7fcee464d094e0b490b50408a0c7356276eedd5a17796d503ee821451b764c37?s=96&d=mm&r=g","url":"https:\/\/secure.gravatar.com\/avatar\/7fcee464d094e0b490b50408a0c7356276eedd5a17796d503ee821451b764c37?s=96&d=mm&r=g","contentUrl":"https:\/\/secure.gravatar.com\/avatar\/7fcee464d094e0b490b50408a0c7356276eedd5a17796d503ee821451b764c37?s=96&d=mm&r=g","caption":"admin"}}]}},"jetpack_featured_media_url":"https:\/\/i0.wp.com\/cumse.org\/wp-content\/uploads\/2021\/02\/WhatsApp-Image-2021-02-07-at-08.59.29.jpeg?fit=750%2C705&ssl=1","jetpack_sharing_enabled":true,"_links":{"self":[{"href":"https:\/\/cumse.org\/fr\/wp-json\/wp\/v2\/posts\/4243","targetHints":{"allow":["GET"]}}],"collection":[{"href":"https:\/\/cumse.org\/fr\/wp-json\/wp\/v2\/posts"}],"about":[{"href":"https:\/\/cumse.org\/fr\/wp-json\/wp\/v2\/types\/post"}],"author":[{"embeddable":true,"href":"https:\/\/cumse.org\/fr\/wp-json\/wp\/v2\/users\/1"}],"replies":[{"embeddable":true,"href":"https:\/\/cumse.org\/fr\/wp-json\/wp\/v2\/comments?post=4243"}],"version-history":[{"count":0,"href":"https:\/\/cumse.org\/fr\/wp-json\/wp\/v2\/posts\/4243\/revisions"}],"wp:featuredmedia":[{"embeddable":true,"href":"https:\/\/cumse.org\/fr\/wp-json\/wp\/v2\/media\/5842"}],"wp:attachment":[{"href":"https:\/\/cumse.org\/fr\/wp-json\/wp\/v2\/media?parent=4243"}],"wp:term":[{"taxonomy":"category","embeddable":true,"href":"https:\/\/cumse.org\/fr\/wp-json\/wp\/v2\/categories?post=4243"},{"taxonomy":"post_tag","embeddable":true,"href":"https:\/\/cumse.org\/fr\/wp-json\/wp\/v2\/tags?post=4243"}],"curies":[{"name":"wp","href":"https:\/\/api.w.org\/{rel}","templated":true}]}}