{"id":4196,"date":"2021-02-05T11:25:03","date_gmt":"2021-02-05T10:25:03","guid":{"rendered":"https:\/\/cumse.org\/?p=4196"},"modified":"2021-04-30T15:04:38","modified_gmt":"2021-04-30T14:04:38","slug":"5-febbraio-pena-e-panico","status":"publish","type":"post","link":"https:\/\/cumse.org\/fr\/5-febbraio-pena-e-panico\/","title":{"rendered":"5 febbraio &#8211; Pena e Panico"},"content":{"rendered":"<p>Marcel mi ha detto che sarebbe arrivato tra le 7 e le 8. <strong>A che ora pensate che io abbia puntato la sveglia?<\/strong><\/p>\n<p>Vi sbagliate. L&#8217;ho puntata alle 6.30 perch\u00e9 ci tengo ad essere presentabile e non voglio <strong>accogliere l&#8217;infermiere come un lazzaro appena uscito dal sepolcro<\/strong>. Oppure potremmo anche dire che non ho alcuna intenzione<br \/>\ndi imparare a regolarmi in base al famoso fuso africano.<\/p>\n<p>Marcel, beffandosi delle mie premure, arriva alle 8 ma, non appena varca la soglia di casa, si ricorda di aver lasciato il catetere in ospedale, torna subito subito eh, niente di grave. Morale inizia a farmi le solite iniezioni verso le 8.30. Dovrei commentare? Meglio di no.<\/p>\n<p><strong>L&#8217;ultima tranche di droghe medicinali \u00e8 prevista per le 16.<\/strong><br \/>\nFaccio colazione con una zuppetta di muesli e miglio preparata amorevolmente per me da suor Nicole, un bel pezzo di pane fresco e sono gi\u00e0 pi\u00f9 vivo.<br \/>\n<strong>Mi sento bene, non sarebbe sconveniente darmi una rassettata come si deve<\/strong>. Spazzolarmi il pelo e magari indossare qualcosa di diverso dal pigiama che porto ininterrottamente da 48 ore. Che \u00e8 cosa ben diversa dall&#8217;averci dormito 2 notti, sia chiaro!<\/p>\n<p><img data-recalc-dims=\"1\" loading=\"lazy\" decoding=\"async\" class=\"wp-image-5839 alignleft\" src=\"https:\/\/i0.wp.com\/cumse.org\/wp-content\/uploads\/2021\/02\/WhatsApp-Image-2021-02-04-at-18.57.22.jpeg?resize=318%2C567&#038;ssl=1\" alt=\"\" width=\"318\" height=\"567\" srcset=\"https:\/\/i0.wp.com\/cumse.org\/wp-content\/uploads\/2021\/02\/WhatsApp-Image-2021-02-04-at-18.57.22.jpeg?w=898&amp;ssl=1 898w, https:\/\/i0.wp.com\/cumse.org\/wp-content\/uploads\/2021\/02\/WhatsApp-Image-2021-02-04-at-18.57.22.jpeg?resize=800%2C1425&amp;ssl=1 800w, https:\/\/i0.wp.com\/cumse.org\/wp-content\/uploads\/2021\/02\/WhatsApp-Image-2021-02-04-at-18.57.22.jpeg?resize=168%2C300&amp;ssl=1 168w, https:\/\/i0.wp.com\/cumse.org\/wp-content\/uploads\/2021\/02\/WhatsApp-Image-2021-02-04-at-18.57.22.jpeg?resize=575%2C1024&amp;ssl=1 575w, https:\/\/i0.wp.com\/cumse.org\/wp-content\/uploads\/2021\/02\/WhatsApp-Image-2021-02-04-at-18.57.22.jpeg?resize=768%2C1368&amp;ssl=1 768w, https:\/\/i0.wp.com\/cumse.org\/wp-content\/uploads\/2021\/02\/WhatsApp-Image-2021-02-04-at-18.57.22.jpeg?resize=862%2C1536&amp;ssl=1 862w\" sizes=\"auto, (max-width: 318px) 100vw, 318px\" \/><\/p>\n<p>Mi lavo con l&#8217;aiuto dei secchi, metto gli indumenti a lavare, anche se forse sarebbe meglio mandarli direttamente al macero, e indosso finalmente delle braghe che mi stiano in vita con la cintura, anzich\u00e9 con un patetico elastico. Basta poco a noi uomini per sentirci rinati. <strong>Dateci due pollici da infilare nei passanti dei calzoni con relativo movimento pelvico ed \u00e8 gi\u00e0 un altro mondo.<\/strong><\/p>\n<p><strong> Nicole constata il mio stato rinvigorito e sano.<\/strong> Nel mentre arriva Godyene pronta a replicarmi il brodino di carne e zenzero che da ieri amo tanto. I miei doveri di convalescente mi impongono di accomodarmi e attendere che le libagioni vengano servite. <strong>Un po&#8217; come Luigi XIV, \u00e8 peccato lamentarsi.<\/strong><br \/>\nAlle 12.40, mentre sono intento ad intingere un tozzo di pane nel brodo rinfrescante bussa alla porta Marcel. Inizialmente \u00e8 Godyene ad intrattenerlo. <strong>Non capisco di cosa parlino, a quanto pare il ragazzo ha bisogno di me.<\/strong><\/p>\n<p>Mi chiede se sono disposto a fare il <strong>tampone per il Covid.<\/strong> E&#8217; gentile a domandarmelo ma non penso di avere molta<br \/>\nscelta. Acconsento. I miei pensieri iniziano febbrilmente ad affollarsi nel cranio. Quei 2 o 3 neuroni sopravvissuti alle splendide feste adolescenziali fanno una fatica boia a passarsi le informazioni. Immaginatevi una partita di tennis in doppio, ma con tre soli giocatori in campo. Insomma, ce n&#8217;\u00e8 almeno uno che soffre.<br \/>\n<strong>Se fossi positivo, a quali conseguenze andrei incontro? Prima di tutto isolamento e quarantena. Questo significherebbe anche rimandare il mio viaggio al nord e tutti i relativi progetti in ballo.<\/strong><\/p>\n<p>Poi potrei essere additato come il bianco responsabile di pandemia colposa all&#8217;estero. Inseguito verrei forse linciato o lapidato (alla vecchia maniera).<br \/>\nAl meglio, mi ostracizzano.<strong> Come si effettueranno le richieste di asilo politico?<\/strong> Chi devo chiamare per salvarmi la pellaccia? Per non parlare dei possibili malati sulla coscienza. Non \u00e8 un bel momento.<strong> Marcel ha guanti e mascherina, non l&#8217;ha mai messa finora. Inizio a sudare freddo. Tira fuori un aggeggino rettangolare, una specie di mini-test di gravidanza lilla e un tampone. Mi siedo e sollev\u00f2 il capo, ne ho gi\u00e0 effettuati due prima di partire e uno all&#8217;arrivo in aeroporto, conosco la prassi.<\/strong><br \/>\nIl bastoncino mi scende gi\u00f9 per la narice, causandomi un mezzo spasmo all&#8217;occhio destro, non oso immaginare che faccia io abbia fatto. Povero Marcel, deve aver assistito ad uno spettacolo orribile.<\/p>\n<p>Dopo di che infila la testa del tampone dentro ad un liquido e lo poggia sul cosino lilla. Bisogna aspettare. Se vengono fuori due lineette il test \u00e8 positivo.<br \/>\nIl colore rosso della barretta sale&#8230; sale&#8230; sale&#8230; non so come funziona. Mi alzo, non ce la faccio, mi siedo di nuovo. Era meglio la malaria,<strong> preferivo morire da eroe che\u00a0da criminale internazionale untore della patria<\/strong>. Non so se ho capito bene, una lineetta deve uscire, o ne servono due?<br \/>\nMa le ragazze cosa provano tutte le volte che il loro destino piomba in balia di questa sottospecie di tortura psicologicamente iper &#8211; violenta? Solo ora capisco perch\u00e9 gli americani ci abbiano intasato met\u00e0 degli<br \/>\nanni 90&#8242; con film romantico-diabetici contenenti almeno una scena di suspense da profilattico rotto in cui un&#8217;attrice mediocre, super carina, \u00e8 andata a letto &#8220;per sbaglio&#8221; con qualcuno. <strong>Sensibilizzare la societ\u00e0 \u00e8 importante del resto!<\/strong><\/p>\n<p>Si ma io qua se volete un bimbo lo adotto subito eh, ci metto poco, anche pi\u00f9 di uno, basta che non mi<br \/>\nuccidiate. Come mai il test proprio a me eh? SOLO PERCHE&#8217; SONO BIANCO SCOMMETTO! RAZZISTI!<\/p>\n<p>Marcel sorride: <em>&#8220;ah ah ah&#8230;&#8221;<\/em> e inizia a scrivere. Cosa, cosa per Giove, parla uomo nero, cosa le parche han tessuto per me? NEGATIVO.<\/p>\n<p><strong>Se fossi un texano avrei di sicuro un paio di colt da scaricare contro il pavimento giubilando.<\/strong><br \/>\nS\u00ec, \u00e8 una citazione dei Simpson, bravi sapientoni. Una riga di sudore mi scende lungo la basetta. Sono sollevato. Alle 16 allora l&#8217;ultima terapia, va bene, a dopo fratello. Da notare come in 5 secondi da aver pensato &#8220;nero&#8221; sono passato a chiamarlo &#8220;fratello&#8221;. <strong>Valeryo \u00e8 l&#8217;anagramma di IPOCRITA probabilmente, far\u00f2 delle ricerche.<\/strong><\/p>\n<p>Sono sereno, mi trovo sul letto a pensare a quella stramba megera artefice del famoso trash: <em>&#8220;non ce n&#8217;\u00e8 coviddi!&#8221;<\/em>. Che schifo ragazzi, eppure da ipocrita al momento mi procura gioia gratuita ed immensa. Joseph bussa alla porta verso le 16. Starei aspettando Marcel ma mi fa piacere vederlo. Era preoccupato per la mia salute ed \u00e8 passato un salto prima di andare alla novena. Pregher\u00e0 per me. Anche lui \u00e8 in forma cos\u00ec come il piccolo Innocent.<\/p>\n<p><strong> L\u2019infermiere tarda. STRANO!<\/strong><br \/>\nJojo giura di averlo visto sulla moto diretto in citt\u00e0. Star\u00e0 arrivando. Cos\u00ec \u00e8, giunge, all&#8217;alba (ormai tramonto) delle 17.15. Il maestro si congeda e ci lascia soli. Noto che il mio guaritore indossa la mascherina. E&#8217; proprio sicuro che il test sia negativo? Come mai tutto questo zelo nel rispetto delle norme che, fino a ieri, manco esistevano?<\/p>\n<p><strong> Marcel sputa il rospo.<\/strong> Sophie, malata da circa una settimana, \u00e8 risultata positiva al tampone.<br \/>\nNon ha sintomi gravi ed \u00e8 gi\u00e0 quasi in piena forma, tuttavia \u00e8 necessario che resti in quarantena, cos\u00ec come tutti gli abitanti del centro Yves Plumey.<br \/>\nLe gocce del catetere mi ipnotizzano per un attimo.<br \/>\nGodyene entra in casa in quel momento e mi dice, come se fossi ancora pi\u00f9 scemo di quanto io gi\u00e0 non sia: <em>&#8220;Valeryo, non \u00e8 successo niente eh, per\u00f2 sai c&#8217;\u00e8 vento <\/em><em>meglio chiudere porte, finestre e non far entrare pi\u00f9 nessuno in casa!<\/em>&#8220;. Alzo un dito come per chiedere la parola: <em>&#8220;Godyene, so gi\u00e0 tutto&#8230;&#8221; &#8220;Ah!&#8221;,<\/em> replico: <em>&#8220;EH!&#8221;<\/em><br \/>\n(nei miei pensieri risuona anche un &#8220;alura!&#8221;, perdonate il fanciullino milanese che ogni tanto salta fuori).<\/p>\n<p>Ngauond\u00e9r\u00e9 ha contato dall&#8217;inizio della pandemia ad oggi 500 casi di cui i morti registrati sono stati tra i 20 e i 30.<br \/>\n<strong>L&#8217;et\u00e0 media \u00e8 bassa, gli anticorpi sono abituati al tifo e alla malaria<\/strong>.<br \/>\nMarcel quando contrae la &#8220;pal\u00f9&#8221; non assume alcun medicinale, mi dice, \u00e8 come un raffreddore, gli africani sanno badare al Covid.<br \/>\nVoglio davvero credergli. <strong>Non oso immaginare<\/strong>, dopo aver constato le condizioni di vita della gente nei villaggi, <strong>cosa potrebbe succedere se si diffondesse qui una pandemia di proporzioni simili a quella europea.<\/strong> Suor Nicole arriva verso le 18. Non hanno ancora la certezza che sia Covid, quello di Sophie era un test rapido,<br \/>\nall&#8217;ospedale centrale sono ancora in attesa dei risultati di quello completo.<strong> Mi sa di balla non so perch\u00e9!<\/strong> La preoccupazione monta nell&#8217;animo generale, in particolare per i pi\u00f9 piccoli.<\/p>\n<p>I medici l&#8217;hanno rassicurata, niente panico al momento, non servirebbe. <strong>Isolamento forzato per tutti e mascherine!<\/strong> Alla luce del responso clinico si decider\u00e0 il da farsi. Mi saluta, ha una comunit\u00e0 da gestire e tranquillizzare. Vorrei dare una mano, ma la sola forma utile di aiuto che posso prestare la rendo <strong>restando isolato e facendo attenzione alle norme.<\/strong><\/p>\n<p><strong>Godyene arriva munita di FP2 per prepararmi una tisana allo zenzero<\/strong> poi e un infuso di artemisia prima. Sono entrambe quasi disgustose, ma \u00e8 per il mio bene. Anche mia madre quando mi mollava gli schiaffi diceva la stessa cosa, a distanza di tot non sono ancora del tutto convinto che avesse ragione! Parliamo un po&#8217; della situazione europea, delle maniere possibili con cui pu\u00f2 diffondersi il contagio, delle premure idonee da prendersi per evitare brutte sorprese, di quanto il clima possa influire sulla dispersione della malattia. Per un momento mi sembra di essere tornato a casa. Non era esattamente questo il modo in cui avrei voluto farlo. Preferivo immaginarmelo pi\u00f9<br \/>\ncomposto da baci, abbracci, carezze e calorosi saluti di accoglienza.<\/p>\n<p><strong>E&#8217; la prima volta in cui a Marza c&#8217;\u00e8 alta tensione, ma il generatore elettrico in questo caso non centra<\/strong>. Godyene mi consola: <em>&#8220;courage Valeryo, l&#8217;Africa \u00e8 abituata a ben altro!&#8221;<\/em>. Malgrado le mie esitazioni, non posso darle torto!<br \/>\nSaluto la mia sorellona nera e giro i tacchi verso il corridoio.<\/p>\n<p><strong>Una curiosa macchia mi attira l\u2019attenzione.<\/strong> Meglio dare un&#8217;occhiata pi\u00f9 da vicino. Avanzo un paio<br \/>\ndi passi prima di capire che si tratta di un ragno peloso grande quanto il palmo della mia mano. La ciliegina su una torta fatta di merd*! Prendo l&#8217;insetticida ma il balordo \u00e8 talmente potente che, anzich\u00e9 morire, scappa e si infila in camera mia. Di male in peggio. Ma quand&#8217;\u00e8 che uno tocca il famigerato fondo?<br \/>\nSarebbe carino avere la certezza di non poter andare pi\u00f9 in basso di cos\u00ec. Entro nella stanza. Dove si sar\u00e0 cacciato? Conoscendo l&#8217;indole truffaldina e maliziosa tipica degli aracnidi avr\u00e0 cercato riparo in qualche pertugio. <strong>Che tu sia dannata, invereconda bestiola!<\/strong><\/p>\n<p>Sotto il letto non c&#8217;\u00e8. Anche gli angoli del perimetro sono spogli. Ci sono! Sposto la valigia. Proprio come immaginavo, tra il battiscopa e il mio bagaglio. Lo spray non ha funzionato? <strong>Vediamo come te la cavi con le infradito! Hai capito benissimo, ho una cura medioevale per il tuo cul*!&#8221;<\/strong> (suona un po&#8217; sboccato, ma la citazione andava eseguita alla lettera!).<br \/>\nGetto il cadavere in pezzi nel gabinetto. Per oggi ne ho avute abbastanza.<\/p>\n<p>Ps. Michele (un lettore) mi ha chiesto come io abbia fatto a rompere le mutande nel primo episodio. Non ho omesso alcuna scena erotico-carnale nei miei racconti,<br \/>\n(PURTROPPO) \u00e8 andata esattamente come sarebbe andata al buon, caro e vecchio Charlie Brown (mio spirito guida da sempre): nel togliermele mi si son strappate tra le mani, non chiedetemi come, non lo so neanche io.<\/p>","protected":false},"excerpt":{"rendered":"<p>Marcel mi ha detto che sarebbe arrivato tra le 7 e le 8. A che ora pensate che io abbia puntato la sveglia? Vi sbagliate. L&#8217;ho puntata alle 6.30 perch\u00e9 ci tengo ad essere presentabile e non voglio accogliere l&#8217;infermiere come un lazzaro appena uscito dal sepolcro. Oppure potremmo anche dire che non ho alcuna [&hellip;]<\/p>\n","protected":false},"author":1,"featured_media":5838,"comment_status":"closed","ping_status":"closed","sticky":false,"template":"","format":"standard","meta":{"_jetpack_memberships_contains_paid_content":false,"footnotes":""},"categories":[62],"tags":[68,67,79,74],"class_list":["post-4196","post","type-post","status-publish","format-standard","has-post-thumbnail","hentry","category-travaler","tag-camerun","tag-fondazione-cumse","tag-ngaoundere","tag-yves-plumey"],"yoast_head":"<!-- This site is optimized with the Yoast SEO plugin v27.3 - https:\/\/yoast.com\/product\/yoast-seo-wordpress\/ -->\n<title>5 febbraio - Pena e Panico - Fondazione Cumse ETS<\/title>\n<meta name=\"description\" content=\"SCU - Valeryo Falcone, civilista di Fondazione Cumse, racconta la sua esperienza in modo leggero e divertente. SEGUITE LA SUA STORIA!\" \/>\n<meta name=\"robots\" content=\"index, follow, max-snippet:-1, max-image-preview:large, max-video-preview:-1\" \/>\n<link rel=\"canonical\" href=\"https:\/\/cumse.org\/fr\/5-febbraio-pena-e-panico\/\" \/>\n<meta property=\"og:locale\" content=\"fr_FR\" \/>\n<meta property=\"og:type\" content=\"article\" \/>\n<meta property=\"og:title\" content=\"5 febbraio - Pena e Panico - Fondazione Cumse ETS\" \/>\n<meta property=\"og:description\" content=\"SCU - Valeryo Falcone, civilista di Fondazione Cumse, racconta la sua esperienza in modo leggero e divertente. SEGUITE LA SUA STORIA!\" \/>\n<meta property=\"og:url\" content=\"https:\/\/cumse.org\/fr\/5-febbraio-pena-e-panico\/\" \/>\n<meta property=\"og:site_name\" content=\"Fondazione Cumse ETS\" \/>\n<meta property=\"article:published_time\" content=\"2021-02-05T10:25:03+00:00\" \/>\n<meta property=\"article:modified_time\" content=\"2021-04-30T14:04:38+00:00\" \/>\n<meta property=\"og:image\" content=\"https:\/\/cumse.org\/wp-content\/uploads\/2021\/02\/WhatsApp-Image-2021-02-04-at-18.57.24.jpeg\" \/>\n\t<meta property=\"og:image:width\" content=\"1200\" \/>\n\t<meta property=\"og:image:height\" content=\"1600\" \/>\n\t<meta property=\"og:image:type\" content=\"image\/jpeg\" \/>\n<meta name=\"author\" content=\"admin\" \/>\n<meta name=\"twitter:card\" content=\"summary_large_image\" \/>\n<meta name=\"twitter:label1\" content=\"\u00c9crit par\" \/>\n\t<meta name=\"twitter:data1\" content=\"admin\" \/>\n\t<meta name=\"twitter:label2\" content=\"Dur\u00e9e de lecture estim\u00e9e\" \/>\n\t<meta name=\"twitter:data2\" content=\"8 minutes\" \/>\n<script type=\"application\/ld+json\" class=\"yoast-schema-graph\">{\"@context\":\"https:\\\/\\\/schema.org\",\"@graph\":[{\"@type\":\"Article\",\"@id\":\"https:\\\/\\\/cumse.org\\\/5-febbraio-pena-e-panico\\\/#article\",\"isPartOf\":{\"@id\":\"https:\\\/\\\/cumse.org\\\/5-febbraio-pena-e-panico\\\/\"},\"author\":{\"name\":\"admin\",\"@id\":\"https:\\\/\\\/cumse.org\\\/#\\\/schema\\\/person\\\/d8802c7f9d251c013018b375be80cb06\"},\"headline\":\"5 febbraio &#8211; Pena e Panico\",\"datePublished\":\"2021-02-05T10:25:03+00:00\",\"dateModified\":\"2021-04-30T14:04:38+00:00\",\"mainEntityOfPage\":{\"@id\":\"https:\\\/\\\/cumse.org\\\/5-febbraio-pena-e-panico\\\/\"},\"wordCount\":1712,\"image\":{\"@id\":\"https:\\\/\\\/cumse.org\\\/5-febbraio-pena-e-panico\\\/#primaryimage\"},\"thumbnailUrl\":\"https:\\\/\\\/i0.wp.com\\\/cumse.org\\\/wp-content\\\/uploads\\\/2021\\\/02\\\/WhatsApp-Image-2021-02-04-at-18.57.24.jpeg?fit=1200%2C1600&ssl=1\",\"keywords\":[\"Camerun\",\"Fondazione Cumse\",\"Ngaounder\u00e8\",\"Yves Plumey\"],\"articleSection\":[\"TrAvaler\"],\"inLanguage\":\"fr-FR\"},{\"@type\":\"WebPage\",\"@id\":\"https:\\\/\\\/cumse.org\\\/5-febbraio-pena-e-panico\\\/\",\"url\":\"https:\\\/\\\/cumse.org\\\/5-febbraio-pena-e-panico\\\/\",\"name\":\"5 febbraio - Pena e Panico - Fondazione Cumse ETS\",\"isPartOf\":{\"@id\":\"https:\\\/\\\/cumse.org\\\/#website\"},\"primaryImageOfPage\":{\"@id\":\"https:\\\/\\\/cumse.org\\\/5-febbraio-pena-e-panico\\\/#primaryimage\"},\"image\":{\"@id\":\"https:\\\/\\\/cumse.org\\\/5-febbraio-pena-e-panico\\\/#primaryimage\"},\"thumbnailUrl\":\"https:\\\/\\\/i0.wp.com\\\/cumse.org\\\/wp-content\\\/uploads\\\/2021\\\/02\\\/WhatsApp-Image-2021-02-04-at-18.57.24.jpeg?fit=1200%2C1600&ssl=1\",\"datePublished\":\"2021-02-05T10:25:03+00:00\",\"dateModified\":\"2021-04-30T14:04:38+00:00\",\"author\":{\"@id\":\"https:\\\/\\\/cumse.org\\\/#\\\/schema\\\/person\\\/d8802c7f9d251c013018b375be80cb06\"},\"description\":\"SCU - Valeryo Falcone, civilista di Fondazione Cumse, racconta la sua esperienza in modo leggero e divertente. SEGUITE LA SUA STORIA!\",\"breadcrumb\":{\"@id\":\"https:\\\/\\\/cumse.org\\\/5-febbraio-pena-e-panico\\\/#breadcrumb\"},\"inLanguage\":\"fr-FR\",\"potentialAction\":[{\"@type\":\"ReadAction\",\"target\":[\"https:\\\/\\\/cumse.org\\\/5-febbraio-pena-e-panico\\\/\"]}]},{\"@type\":\"ImageObject\",\"inLanguage\":\"fr-FR\",\"@id\":\"https:\\\/\\\/cumse.org\\\/5-febbraio-pena-e-panico\\\/#primaryimage\",\"url\":\"https:\\\/\\\/i0.wp.com\\\/cumse.org\\\/wp-content\\\/uploads\\\/2021\\\/02\\\/WhatsApp-Image-2021-02-04-at-18.57.24.jpeg?fit=1200%2C1600&ssl=1\",\"contentUrl\":\"https:\\\/\\\/i0.wp.com\\\/cumse.org\\\/wp-content\\\/uploads\\\/2021\\\/02\\\/WhatsApp-Image-2021-02-04-at-18.57.24.jpeg?fit=1200%2C1600&ssl=1\",\"width\":1200,\"height\":1600},{\"@type\":\"BreadcrumbList\",\"@id\":\"https:\\\/\\\/cumse.org\\\/5-febbraio-pena-e-panico\\\/#breadcrumb\",\"itemListElement\":[{\"@type\":\"ListItem\",\"position\":1,\"name\":\"Home\",\"item\":\"https:\\\/\\\/cumse.org\\\/\"},{\"@type\":\"ListItem\",\"position\":2,\"name\":\"5 febbraio &#8211; Pena e Panico\"}]},{\"@type\":\"WebSite\",\"@id\":\"https:\\\/\\\/cumse.org\\\/#website\",\"url\":\"https:\\\/\\\/cumse.org\\\/\",\"name\":\"Fondazione Cumse ETS\",\"description\":\"Siamo dove gli altri distolgono lo sguardo\",\"potentialAction\":[{\"@type\":\"SearchAction\",\"target\":{\"@type\":\"EntryPoint\",\"urlTemplate\":\"https:\\\/\\\/cumse.org\\\/?s={search_term_string}\"},\"query-input\":{\"@type\":\"PropertyValueSpecification\",\"valueRequired\":true,\"valueName\":\"search_term_string\"}}],\"inLanguage\":\"fr-FR\"},{\"@type\":\"Person\",\"@id\":\"https:\\\/\\\/cumse.org\\\/#\\\/schema\\\/person\\\/d8802c7f9d251c013018b375be80cb06\",\"name\":\"admin\",\"image\":{\"@type\":\"ImageObject\",\"inLanguage\":\"fr-FR\",\"@id\":\"https:\\\/\\\/secure.gravatar.com\\\/avatar\\\/7fcee464d094e0b490b50408a0c7356276eedd5a17796d503ee821451b764c37?s=96&d=mm&r=g\",\"url\":\"https:\\\/\\\/secure.gravatar.com\\\/avatar\\\/7fcee464d094e0b490b50408a0c7356276eedd5a17796d503ee821451b764c37?s=96&d=mm&r=g\",\"contentUrl\":\"https:\\\/\\\/secure.gravatar.com\\\/avatar\\\/7fcee464d094e0b490b50408a0c7356276eedd5a17796d503ee821451b764c37?s=96&d=mm&r=g\",\"caption\":\"admin\"}}]}<\/script>\n<!-- \/ Yoast SEO plugin. -->","yoast_head_json":{"title":"5 febbraio - Pena e Panico - Fondazione Cumse ETS","description":"SCU - Valeryo Falcone, civilista di Fondazione Cumse, racconta la sua esperienza in modo leggero e divertente. SEGUITE LA SUA STORIA!","robots":{"index":"index","follow":"follow","max-snippet":"max-snippet:-1","max-image-preview":"max-image-preview:large","max-video-preview":"max-video-preview:-1"},"canonical":"https:\/\/cumse.org\/fr\/5-febbraio-pena-e-panico\/","og_locale":"fr_FR","og_type":"article","og_title":"5 febbraio - Pena e Panico - Fondazione Cumse ETS","og_description":"SCU - Valeryo Falcone, civilista di Fondazione Cumse, racconta la sua esperienza in modo leggero e divertente. SEGUITE LA SUA STORIA!","og_url":"https:\/\/cumse.org\/fr\/5-febbraio-pena-e-panico\/","og_site_name":"Fondazione Cumse ETS","article_published_time":"2021-02-05T10:25:03+00:00","article_modified_time":"2021-04-30T14:04:38+00:00","og_image":[{"width":1200,"height":1600,"url":"https:\/\/cumse.org\/wp-content\/uploads\/2021\/02\/WhatsApp-Image-2021-02-04-at-18.57.24.jpeg","type":"image\/jpeg"}],"author":"admin","twitter_card":"summary_large_image","twitter_misc":{"\u00c9crit par":"admin","Dur\u00e9e de lecture estim\u00e9e":"8 minutes"},"schema":{"@context":"https:\/\/schema.org","@graph":[{"@type":"Article","@id":"https:\/\/cumse.org\/5-febbraio-pena-e-panico\/#article","isPartOf":{"@id":"https:\/\/cumse.org\/5-febbraio-pena-e-panico\/"},"author":{"name":"admin","@id":"https:\/\/cumse.org\/#\/schema\/person\/d8802c7f9d251c013018b375be80cb06"},"headline":"5 febbraio &#8211; Pena e Panico","datePublished":"2021-02-05T10:25:03+00:00","dateModified":"2021-04-30T14:04:38+00:00","mainEntityOfPage":{"@id":"https:\/\/cumse.org\/5-febbraio-pena-e-panico\/"},"wordCount":1712,"image":{"@id":"https:\/\/cumse.org\/5-febbraio-pena-e-panico\/#primaryimage"},"thumbnailUrl":"https:\/\/i0.wp.com\/cumse.org\/wp-content\/uploads\/2021\/02\/WhatsApp-Image-2021-02-04-at-18.57.24.jpeg?fit=1200%2C1600&ssl=1","keywords":["Camerun","Fondazione Cumse","Ngaounder\u00e8","Yves Plumey"],"articleSection":["TrAvaler"],"inLanguage":"fr-FR"},{"@type":"WebPage","@id":"https:\/\/cumse.org\/5-febbraio-pena-e-panico\/","url":"https:\/\/cumse.org\/5-febbraio-pena-e-panico\/","name":"5 febbraio - Pena e Panico - Fondazione Cumse ETS","isPartOf":{"@id":"https:\/\/cumse.org\/#website"},"primaryImageOfPage":{"@id":"https:\/\/cumse.org\/5-febbraio-pena-e-panico\/#primaryimage"},"image":{"@id":"https:\/\/cumse.org\/5-febbraio-pena-e-panico\/#primaryimage"},"thumbnailUrl":"https:\/\/i0.wp.com\/cumse.org\/wp-content\/uploads\/2021\/02\/WhatsApp-Image-2021-02-04-at-18.57.24.jpeg?fit=1200%2C1600&ssl=1","datePublished":"2021-02-05T10:25:03+00:00","dateModified":"2021-04-30T14:04:38+00:00","author":{"@id":"https:\/\/cumse.org\/#\/schema\/person\/d8802c7f9d251c013018b375be80cb06"},"description":"SCU - Valeryo Falcone, civilista di Fondazione Cumse, racconta la sua esperienza in modo leggero e divertente. SEGUITE LA SUA STORIA!","breadcrumb":{"@id":"https:\/\/cumse.org\/5-febbraio-pena-e-panico\/#breadcrumb"},"inLanguage":"fr-FR","potentialAction":[{"@type":"ReadAction","target":["https:\/\/cumse.org\/5-febbraio-pena-e-panico\/"]}]},{"@type":"ImageObject","inLanguage":"fr-FR","@id":"https:\/\/cumse.org\/5-febbraio-pena-e-panico\/#primaryimage","url":"https:\/\/i0.wp.com\/cumse.org\/wp-content\/uploads\/2021\/02\/WhatsApp-Image-2021-02-04-at-18.57.24.jpeg?fit=1200%2C1600&ssl=1","contentUrl":"https:\/\/i0.wp.com\/cumse.org\/wp-content\/uploads\/2021\/02\/WhatsApp-Image-2021-02-04-at-18.57.24.jpeg?fit=1200%2C1600&ssl=1","width":1200,"height":1600},{"@type":"BreadcrumbList","@id":"https:\/\/cumse.org\/5-febbraio-pena-e-panico\/#breadcrumb","itemListElement":[{"@type":"ListItem","position":1,"name":"Home","item":"https:\/\/cumse.org\/"},{"@type":"ListItem","position":2,"name":"5 febbraio &#8211; Pena e Panico"}]},{"@type":"WebSite","@id":"https:\/\/cumse.org\/#website","url":"https:\/\/cumse.org\/","name":"Fondazione Cumse ETS","description":"Siamo dove gli altri distolgono lo sguardo","potentialAction":[{"@type":"SearchAction","target":{"@type":"EntryPoint","urlTemplate":"https:\/\/cumse.org\/?s={search_term_string}"},"query-input":{"@type":"PropertyValueSpecification","valueRequired":true,"valueName":"search_term_string"}}],"inLanguage":"fr-FR"},{"@type":"Person","@id":"https:\/\/cumse.org\/#\/schema\/person\/d8802c7f9d251c013018b375be80cb06","name":"admin","image":{"@type":"ImageObject","inLanguage":"fr-FR","@id":"https:\/\/secure.gravatar.com\/avatar\/7fcee464d094e0b490b50408a0c7356276eedd5a17796d503ee821451b764c37?s=96&d=mm&r=g","url":"https:\/\/secure.gravatar.com\/avatar\/7fcee464d094e0b490b50408a0c7356276eedd5a17796d503ee821451b764c37?s=96&d=mm&r=g","contentUrl":"https:\/\/secure.gravatar.com\/avatar\/7fcee464d094e0b490b50408a0c7356276eedd5a17796d503ee821451b764c37?s=96&d=mm&r=g","caption":"admin"}}]}},"jetpack_featured_media_url":"https:\/\/i0.wp.com\/cumse.org\/wp-content\/uploads\/2021\/02\/WhatsApp-Image-2021-02-04-at-18.57.24.jpeg?fit=1200%2C1600&ssl=1","jetpack_sharing_enabled":true,"_links":{"self":[{"href":"https:\/\/cumse.org\/fr\/wp-json\/wp\/v2\/posts\/4196","targetHints":{"allow":["GET"]}}],"collection":[{"href":"https:\/\/cumse.org\/fr\/wp-json\/wp\/v2\/posts"}],"about":[{"href":"https:\/\/cumse.org\/fr\/wp-json\/wp\/v2\/types\/post"}],"author":[{"embeddable":true,"href":"https:\/\/cumse.org\/fr\/wp-json\/wp\/v2\/users\/1"}],"replies":[{"embeddable":true,"href":"https:\/\/cumse.org\/fr\/wp-json\/wp\/v2\/comments?post=4196"}],"version-history":[{"count":0,"href":"https:\/\/cumse.org\/fr\/wp-json\/wp\/v2\/posts\/4196\/revisions"}],"wp:featuredmedia":[{"embeddable":true,"href":"https:\/\/cumse.org\/fr\/wp-json\/wp\/v2\/media\/5838"}],"wp:attachment":[{"href":"https:\/\/cumse.org\/fr\/wp-json\/wp\/v2\/media?parent=4196"}],"wp:term":[{"taxonomy":"category","embeddable":true,"href":"https:\/\/cumse.org\/fr\/wp-json\/wp\/v2\/categories?post=4196"},{"taxonomy":"post_tag","embeddable":true,"href":"https:\/\/cumse.org\/fr\/wp-json\/wp\/v2\/tags?post=4196"}],"curies":[{"name":"wp","href":"https:\/\/api.w.org\/{rel}","templated":true}]}}