{"id":4137,"date":"2021-02-02T17:18:11","date_gmt":"2021-02-02T16:18:11","guid":{"rendered":"https:\/\/cumse.org\/?p=4137"},"modified":"2021-04-30T14:23:14","modified_gmt":"2021-04-30T13:23:14","slug":"2-febbraio-who-wants-to-live-forever","status":"publish","type":"post","link":"https:\/\/cumse.org\/fr\/2-febbraio-who-wants-to-live-forever\/","title":{"rendered":"2 febbraio &#8211; Who wants to live forever?"},"content":{"rendered":"<p>Mi sono alzato alle 8.20. Ci ho messo un po&#8217;, ma alla fine ci sono arrivato. <strong>Etienne<\/strong> mi ha dato appuntamento alle 8.30, raggiunger\u00f2 un livello superiore quando punter\u00f2 la sveglia all&#8217;ora esatta dell&#8217;incontro.<\/p>\n<p>Tanto qua son tutti in ritardo. <strong>Sono troppo codardo per riuscirci. Il solo pensiero che qualcuno puntuale possa trovarsi <\/strong><strong>fuori dalla porta ad aspettare mentre io mi trovo ancora mezzo nudo nel letto mi destabilizza.<\/strong> I ritardatari, quelli veri, anche in casi come questi non affrettano per nulla il passo,<strong> il loro egoismo va oltre l&#8217;empatia<\/strong>! La gente attende speranzosa alla soglia dell&#8217;uscio e loro intanto, scaldano il latte per fare colazione, a vestirsi ci penseranno poi. Per gli empatici invece \u00e8 un mondo troppo duro. Quelli come me, codardi, oltre che sensibili vivono malissimo, fattispecie del genere.<\/p>\n<p><strong>Punto primo<\/strong>: nutriamo la paura di essere colti in flagrante (o in mutande, dipende), <strong>punto secondo<\/strong>: ci dispiace da morire per l&#8217;altro o l&#8217;altra e iniziamo a fare 300 cose insieme per evitare che l&#8217;attesa si prolunghi il meno possibile. E&#8217; una vitaccia, ti ritrovi con una merendina nella tasca della giacca, il palato ustionato perch\u00e9 hai bevuto il caff\u00e8 senza soffiarci su mezzo secondo, lo stomaco vuoto e la faccia strapazzata come se te l&#8217;avessero appena passata nella centrifuga della lavatrice.<strong> I sensi di colpa provati in quelle rare occasioni di ritardo sono stati talmente selvaggi che ad oggi, pur trovandomi in Africa, risultano difficili da domare.<\/strong><\/p>\n<p><strong> Etienne si palesa alle 8.49. Visto? C&#8217;\u00e8 da sistemare un altro letto a casa delle ragazze.<\/strong> Miracolosamente fila tutto per il verso giusto;<strong> il trapano manuale non si rompe, il legno ha ben resistito al passare del tempo, sar\u00e0 sufficiente installare un paio di cerniere nuove<\/strong>. A lavoro quasi finito il mastro mi guarda, abbassa il capo verso il pavimento, pare cerchi qualcosa, si muove girando in tondo per la stanza, esce e batte palmo a palmo il corridoio. Finalmente trova il coraggio per esternarmi i suoi pensieri: <em>&#8220;mancano due viti!&#8221;<\/em>. Te pareva! Bilancio: <strong>DUE ore spese per effettuare il 98% del lavoro.<\/strong><\/p>\n<p><img data-recalc-dims=\"1\" loading=\"lazy\" decoding=\"async\" class=\"wp-image-5831 aligncenter\" src=\"https:\/\/i0.wp.com\/cumse.org\/wp-content\/uploads\/2021\/02\/WhatsApp-Image-2021-02-02-at-20.18.31-1.jpeg?resize=634%2C475&#038;ssl=1\" alt=\"\" width=\"634\" height=\"475\" srcset=\"https:\/\/i0.wp.com\/cumse.org\/wp-content\/uploads\/2021\/02\/WhatsApp-Image-2021-02-02-at-20.18.31-1.jpeg?w=1600&amp;ssl=1 1600w, https:\/\/i0.wp.com\/cumse.org\/wp-content\/uploads\/2021\/02\/WhatsApp-Image-2021-02-02-at-20.18.31-1.jpeg?resize=1200%2C900&amp;ssl=1 1200w, https:\/\/i0.wp.com\/cumse.org\/wp-content\/uploads\/2021\/02\/WhatsApp-Image-2021-02-02-at-20.18.31-1.jpeg?resize=300%2C225&amp;ssl=1 300w, https:\/\/i0.wp.com\/cumse.org\/wp-content\/uploads\/2021\/02\/WhatsApp-Image-2021-02-02-at-20.18.31-1.jpeg?resize=1024%2C768&amp;ssl=1 1024w, https:\/\/i0.wp.com\/cumse.org\/wp-content\/uploads\/2021\/02\/WhatsApp-Image-2021-02-02-at-20.18.31-1.jpeg?resize=768%2C576&amp;ssl=1 768w, https:\/\/i0.wp.com\/cumse.org\/wp-content\/uploads\/2021\/02\/WhatsApp-Image-2021-02-02-at-20.18.31-1.jpeg?resize=1536%2C1152&amp;ssl=1 1536w, https:\/\/i0.wp.com\/cumse.org\/wp-content\/uploads\/2021\/02\/WhatsApp-Image-2021-02-02-at-20.18.31-1.jpeg?w=1280&amp;ssl=1 1280w\" sizes=\"auto, (max-width: 634px) 100vw, 634px\" \/><\/p>\n<p><strong>Si impara subito a non cercare la perfezione<\/strong>, <strong>in Africa il popolo \u00e8 pi\u00f9 saggio che in Europa, sanno molto bene che quest&#8217;ultima non esiste, inutile quindi affannarsi per correrle dietro!<\/strong>\u00a0Sospiro pi\u00f9 divertito che deluso, sto acquistando una certa elasticit\u00e0.<br \/>\nAlle 11 rientro a casa e trovo<strong> Godyene intenta a miscelare le sue alchemiche elisir di lunga vita,<\/strong> con le quali mi nutro sempre volentieri.<br \/>\n<strong>Vorrei farle compagnia ma ho una responsabilit\u00e0 da assumermi!<\/strong><\/p>\n<p>Verso le 12 mi dirigo a passo svelto in direzione della scuola elementare, <strong>devo scusarmi con Jojo\u00a0<\/strong> per il mio imbarazzante comportamento. Nello scorgermi, sbirciando con la coda dell&#8217;occhio dalla finestra, interrompe la lezione solo per me.<br \/>\nHo cercato di inviargli un messaggio&#8230; ma non \u00e8 arrivato&#8230; non so perch\u00e9, mi dispiace davvero. Ha dovuto camminare a vuoto per colpa mia? No, era in moto, meno male.<strong> Ha atteso molto per\u00f2 finch\u00e9 suor Nicole non gli ha comunicato del mio giro in citt\u00e0<\/strong>. Pensavo che per comprare due cose un&#8217;ora bastasse, invece me ne sono servite quasi <strong>due e mezza<\/strong>. Sono desolato.<\/p>\n<p>Joseph \u00e8 un uomo comprensivo e sa che per un Nassara l&#8217;apprendimento dei tempi locali pu\u00f2 necessitare un periodo di acclimatamento per cos\u00ec dire.<br \/>\n<strong>Ci vediamo gioved\u00ec. Andata!<\/strong><\/p>\n<p><strong>Alle 12.30 suor Nicole bussa alla porta.<\/strong> Con lei varca la soglia anche un tecnico per installare una vecchia tv. Chiss\u00e0 se funziona&#8230; frenate le vostre curiosit\u00e0, <strong>non c&#8217;\u00e8 corrente manco a pagarla<\/strong>. Rimandiamo, nessun problema, tutto perfettamente coerente.<\/p>\n<p>C&#8217;\u00e8 un&#8217;altra piccola cosa che la mia OLP intende mostrarmi. Mi porge delicatamente dei piccoli peperoni gialli grandi poco meno di un pugno. Mai visti in vita mia. <em>&#8220;Sono piccanti?&#8221;<\/em>. Il mio gene meridionale \u00e8 stato risvegliato<br \/>\ndall&#8217;aspetto familiare di questi strani doni. <strong>&#8220;<em>E&#8217; un frutto!&#8221;,<\/em><\/strong> replica la suora.<strong> La pianta dell&#8217;anacardo produce dei piccoli tesori<\/strong>, non c&#8217;\u00e8 solo la noce succulenta da tostare e sgranocchiare, attaccata ad essa si trova il peperino giallo in questione. Lo si lava, gli si taglia la punta e ci si prepara a mordere un sapore davvero esotico!<\/p>\n<p><strong>Il succo che copioso gli sgorga dalle fibre ricorda vagamente il sapore dell&#8217;ananas, se non fosse per un peculiare retrogusto di arachide dal tocco salato sul finale<\/strong>.<br \/>\nE&#8217; davvero rinfrescante e curioso. <strong>Stimola e risveglia a vita nuova il mio palato, che goloso, ricade in tentazione per una seconda e poi una terza volta.<\/strong><br \/>\nVerso fine mese ne avremo in quantit\u00e0, ci sar\u00e0 da aiutare anche per la tostatura, mi offro volontario con la speranza di potere sgranocchiare qualche manciata di anacardi a ufo.<\/p>\n<p>Dopo pranzo, <strong>vedendo Godyene sommersa dalle pentole, mi offro per aiutarla:<\/strong> lei lava io asciugo, proprio come a casa in Italia, solo che a differenza di qui, <strong>mia madre deve prima imbufalirsi e richiamare all&#8217;ordine i maschi in circolazione<\/strong>. Con Godyene la creazione della catena di montaggio \u00e8 pi\u00f9 semplice.<\/p>\n<p>Claris nel mentre ha bisogno di aiuto, <strong>le serve una chiavetta usb e il mio portatile<\/strong>.<br \/>\nMi dirigo alla maison verso le 15. Si tratta di copiare i file presenti sul dvd esplicativo riguardante il funzionamento della nuova macchina da cucire, su flash drive.<br \/>\nIl DVD \u00e8 in un formato astruso mai visto prima, Media Player non lo legge e io non ho alcun WIFI a disposizione per scaricare qualcosa di apposito.<\/p>\n<p>Ci rinuncio. <em>&#8220;Grazie per non essermi stato utile!&#8221;<\/em>, <em>&#8220;non c&#8217;\u00e8 di che, quando vuoi!&#8221;<\/em>. Sono ormai le 16.20 e <strong>alle 17 c&#8217;\u00e8 in programma la novena.<\/strong> Nicole tiene molto al fatto che tutti siano presenti.<\/p>\n<p>Aiuto le ragazze con i piatti, ormai ci ho preso la mano. O meglio, mi siedo sul tavolo della cucina e chiacchiero mentre loro sbrigano le faccende. E&#8217; inutile che commentiate sulla mia pigrizia. Che io sia lazzaro non \u00e8 una novit\u00e0, inoltre pur avendo insistito un paio di volte, non c&#8217;\u00e8 stato verso di farmi faticare. <strong>Che volete che vi dica, l&#8217;universo complotta perch\u00e9 io mi preservi dal lavoro e dalle vicissitudini. Mica \u00e8 colpa mia!<\/strong><\/p>\n<p>Tagliando le mie patetiche teorie esistenziali, alle 17 ci si mette tutti in marcia verso la cappellina sul promontorio. Siamo un bel gruppo, persino<strong> Manass\u00e8<\/strong> che \u00e8 protestante non ha potuto sottrarsi agli ordini del Boss (Nicole). A differenza di noi cattolici, i protestanti, mi spiega il mio caro amico altissimo, non venerano Dio all&#8217;interno di luoghi o icone, bens\u00ec lo ricercano spiritualmente. Sto pensando seriamente di fondare una religione tutta mia, basandomi soltanto sui lati positivi di quelle gi\u00e0 esistenti.<strong> Questo mi riporta ai miei sogni megalomani di quando ero piccino.<\/strong><\/p>\n<p>Vi ho mai detto che a 4 anni inventai un modo per essere immortale?<br \/>\nNo, non \u00e8 impossibile! Vi spiego. <strong>Prendendo spunto da uno dei soggetti pi\u00f9 popolari del mondo, da piccolo pensavo di scrivere una brutta copia del vangelo con all&#8217;interno me come protagonista<\/strong>. Dopodich\u00e9 sarebbe bastato sigillarlo in un contenitore a pressione ultra resistente. Infine, dopo aver noleggiato delle talpe scavatrici (potentissime), lo avrei seppellito a decine di migliaia di metri di profondit\u00e0. <strong>A distanza di millenni, riemergendo avrebbe portato alla luce la storia del grande Valeryo!<\/strong><\/p>\n<p>Chiss\u00e0, forse avrei dovuto iniziare un percorso con degli psicologi in tenera et\u00e0. <strong>Devo ancora capire se sono un genio o un cretino.<\/strong> Temo la seconda.<\/p>\n<p>Invito Manass\u00e8 a continuare la nostra discussione sulla veranda, ma deve lavorare, <strong>c&#8217;\u00e8 da imballare l&#8217;artemisia.<\/strong><em> &#8220;Posso aiutarvi?<\/em>&#8221; chiedo con occhi sognanti e speranzosi. Incredulo, non capendo come e da dove possa nascere la mia insana voglia di darmi da fare, acconsente. <strong>Io, Moses, Edith, Michael e Manass\u00e8<\/strong> ci dividiamo i compiti. Moses con me \u00e8 addetto al riempimento dei sacchetti di plastica. Manass\u00e8 confinato a sigillarli sottovuoto. Michael assegnato al dipartimento adesivi e imballaggi. Edith reparto intrattenimento (canta e balla per noi).<\/p>\n<p>Parliamo di musica, riflettiamo su quanto sia sciocco <strong>preoccuparsi dell&#8217;aspetto e del look dei cantanti, anzich\u00e8 far<\/strong><br \/>\n<strong>caso alle parole e alle melodie nate dal loro operato<\/strong>. Manass\u00e8, che l&#8217;internet lo frequenta poco (essendo un bene costoso), non ha molte occasioni per perdersi nei meandri del Gossip, delle marchette o dell&#8217;alta moda della ribalta. Se gli capita un cd in mano d\u00e0 un&#8217;occhiata ai volti, ma \u00e8 la musica che conta.<\/p>\n<p>Ad esempio ha scoperto da poco un pezzo che gli piace molto, a detta sua,<br \/>\nnon pi\u00f9 vecchio di 4 o 5 anni. Gli chiedo di intonarlo. Fa tipo cos\u00ec: <em>&#8220;WE WILL WE WILL ROCK YOU, ROCK YOU!&#8221;.<\/em> L&#8217;ingenuit\u00e0 del mio amico non mi risulta motivo di scherno, bens\u00ec appare la riprova del suo buon gusto. Intavoliamo un discorso <strong>sul grande Freddy Mercury,<\/strong> Brian May saltando a piedi pari nel ritornello di<br \/>\n<em><strong>&#8220;WHO WANTS TO LIVE FOREVAAAAR!&#8221;<\/strong>,<\/em> mi gioco qualche mega e mostro loro le facce dei musici in questione, spiegando che si tratta di un pezzo rodato per benino.<\/p>\n<p>E&#8217; la prima volta che assistono ad un live dei<strong> Queen<\/strong>.<br \/>\n<strong>Il modo di vestire del front-man li lascia di stucco.<\/strong><br \/>\nForse \u00e8 presto per mostrar loro le bizzarrie del nostro mondo. <strong>Ci sono gi\u00e0 abbastanza guai da queste parti, non sar\u00f2 io ad inquinarli con i paradossi e gli estremismi dell&#8217;occidente<\/strong>. Finch\u00e9 si parla dei Queen tutto bene eh, ma meglio non naufragare, sono ancora molto giovani e impreparati all&#8217;immenso tutto del pianeta occidentale.<\/p>\n<p><em>&#8220;Ma \u00e8 pazzo?<\/em>&#8221; domanda Edith. Manass\u00e8 ha gi\u00e0 capito: <em>&#8220;no, \u00e8 proprio una star!<\/em>&#8220;. Moses invece, amante della trap afro, non ci degna di uno sguardo e continua a leggere il copione. Ah giusto, <strong>mi sono offerto di recitare una parte in chiesa<\/strong> domenica mattina. Essendo uscito dai miei trip megalomaniaci ho lasciato la parte di Dio a Moses, sia per via del suo nome pi\u00f9 indicato a ruoli importanti, <strong>che per via della sua vociona profonda<\/strong>. Non vi anticipo nulla se non che, credo sinceramente, ci sar\u00e0 da ridere! (E che forse padre Alois mi scomunicher\u00e0; recito il ruolo dell&#8217;uomo<br \/>\ncostretto dal Signore a sposare una prostituta, ho detto tutto!).<\/p>\n<p>Lavorare con gli amici, discutendo di rock and roll e del modo in cui produttori, esperti di comunicazione e case discografiche hanno inaridito e prostituito (stando in tema) la dea delle 7 note, rende il tutto pi\u00f9 scorrevole. <em>&#8220;Ma non si rendono conto che cos\u00ec cambiano anche la societ\u00e0 in cui viviamo, sempre pronta a seguire i propri idoli?&#8221;.<\/em><br \/>\n<strong>Gli interventi di questi ragazzi sono incredibilmente brillanti. Hanno tutto il mio appoggio!<\/strong><\/p>\n<p>Ripenso a ci\u00f2 che Manass\u00e8 mi ha spiegato riguardo al punto di vista protestante sull&#8217;idolatria. Non dico di aver considerato la conversione, ma di certo penso sarebbe bello se, prendendo spunto, mi sforzassi ad usare la mia testa per discernere ci\u00f2 che mi piace da ci\u00f2 che mi disgusta.<\/p>\n<p>Primo appunto per i comandamenti del mio futuro culto personalizzato. Non sarebbe male afferrare il timone e condurre la barca per conto mio.<\/p>","protected":false},"excerpt":{"rendered":"<p>Mi sono alzato alle 8.20. Ci ho messo un po&#8217;, ma alla fine ci sono arrivato. Etienne mi ha dato appuntamento alle 8.30, raggiunger\u00f2 un livello superiore quando punter\u00f2 la sveglia all&#8217;ora esatta dell&#8217;incontro. Tanto qua son tutti in ritardo. Sono troppo codardo per riuscirci. Il solo pensiero che qualcuno puntuale possa trovarsi fuori dalla [&hellip;]<\/p>\n","protected":false},"author":1,"featured_media":5830,"comment_status":"closed","ping_status":"closed","sticky":false,"template":"","format":"standard","meta":{"_jetpack_memberships_contains_paid_content":false,"footnotes":""},"categories":[62],"tags":[68,67,65,66],"class_list":["post-4137","post","type-post","status-publish","format-standard","has-post-thumbnail","hentry","category-travaler","tag-camerun","tag-fondazione-cumse","tag-scu","tag-servizio-civile-universale"],"yoast_head":"<!-- This site is optimized with the Yoast SEO plugin v27.3 - https:\/\/yoast.com\/product\/yoast-seo-wordpress\/ -->\n<title>2 febbraio - Who wants to live forever? - Fondazione Cumse ETS<\/title>\n<meta name=\"description\" content=\"SCU - Valeryo Falcone, civilista di Fondazione Cumse, racconta la sua esperienza in modo leggero e divertente. SEGUITE LA SUA STORIA!\" \/>\n<meta name=\"robots\" content=\"index, follow, max-snippet:-1, max-image-preview:large, max-video-preview:-1\" \/>\n<link rel=\"canonical\" href=\"https:\/\/cumse.org\/fr\/2-febbraio-who-wants-to-live-forever\/\" \/>\n<meta property=\"og:locale\" content=\"fr_FR\" \/>\n<meta property=\"og:type\" content=\"article\" \/>\n<meta property=\"og:title\" content=\"2 febbraio - Who wants to live forever? - Fondazione Cumse ETS\" \/>\n<meta property=\"og:description\" content=\"SCU - Valeryo Falcone, civilista di Fondazione Cumse, racconta la sua esperienza in modo leggero e divertente. SEGUITE LA SUA STORIA!\" \/>\n<meta property=\"og:url\" content=\"https:\/\/cumse.org\/fr\/2-febbraio-who-wants-to-live-forever\/\" \/>\n<meta property=\"og:site_name\" content=\"Fondazione Cumse ETS\" \/>\n<meta property=\"article:published_time\" content=\"2021-02-02T16:18:11+00:00\" \/>\n<meta property=\"article:modified_time\" content=\"2021-04-30T13:23:14+00:00\" \/>\n<meta property=\"og:image\" content=\"https:\/\/cumse.org\/wp-content\/uploads\/2021\/02\/WhatsApp-Image-2021-02-02-at-20.18.30.jpeg\" \/>\n\t<meta property=\"og:image:width\" content=\"1200\" \/>\n\t<meta property=\"og:image:height\" content=\"1600\" \/>\n\t<meta property=\"og:image:type\" content=\"image\/jpeg\" \/>\n<meta name=\"author\" content=\"admin\" \/>\n<meta name=\"twitter:card\" content=\"summary_large_image\" \/>\n<meta name=\"twitter:label1\" content=\"\u00c9crit par\" \/>\n\t<meta name=\"twitter:data1\" content=\"admin\" \/>\n\t<meta name=\"twitter:label2\" content=\"Dur\u00e9e de lecture estim\u00e9e\" \/>\n\t<meta name=\"twitter:data2\" content=\"9 minutes\" \/>\n<script type=\"application\/ld+json\" class=\"yoast-schema-graph\">{\"@context\":\"https:\\\/\\\/schema.org\",\"@graph\":[{\"@type\":\"Article\",\"@id\":\"https:\\\/\\\/cumse.org\\\/2-febbraio-who-wants-to-live-forever\\\/#article\",\"isPartOf\":{\"@id\":\"https:\\\/\\\/cumse.org\\\/2-febbraio-who-wants-to-live-forever\\\/\"},\"author\":{\"name\":\"admin\",\"@id\":\"https:\\\/\\\/cumse.org\\\/#\\\/schema\\\/person\\\/d8802c7f9d251c013018b375be80cb06\"},\"headline\":\"2 febbraio &#8211; Who wants to live forever?\",\"datePublished\":\"2021-02-02T16:18:11+00:00\",\"dateModified\":\"2021-04-30T13:23:14+00:00\",\"mainEntityOfPage\":{\"@id\":\"https:\\\/\\\/cumse.org\\\/2-febbraio-who-wants-to-live-forever\\\/\"},\"wordCount\":1765,\"image\":{\"@id\":\"https:\\\/\\\/cumse.org\\\/2-febbraio-who-wants-to-live-forever\\\/#primaryimage\"},\"thumbnailUrl\":\"https:\\\/\\\/i0.wp.com\\\/cumse.org\\\/wp-content\\\/uploads\\\/2021\\\/02\\\/WhatsApp-Image-2021-02-02-at-20.18.30.jpeg?fit=1200%2C1600&ssl=1\",\"keywords\":[\"Camerun\",\"Fondazione Cumse\",\"SCU\",\"Servizio Civile Universale\"],\"articleSection\":[\"TrAvaler\"],\"inLanguage\":\"fr-FR\"},{\"@type\":\"WebPage\",\"@id\":\"https:\\\/\\\/cumse.org\\\/2-febbraio-who-wants-to-live-forever\\\/\",\"url\":\"https:\\\/\\\/cumse.org\\\/2-febbraio-who-wants-to-live-forever\\\/\",\"name\":\"2 febbraio - Who wants to live forever? - Fondazione Cumse ETS\",\"isPartOf\":{\"@id\":\"https:\\\/\\\/cumse.org\\\/#website\"},\"primaryImageOfPage\":{\"@id\":\"https:\\\/\\\/cumse.org\\\/2-febbraio-who-wants-to-live-forever\\\/#primaryimage\"},\"image\":{\"@id\":\"https:\\\/\\\/cumse.org\\\/2-febbraio-who-wants-to-live-forever\\\/#primaryimage\"},\"thumbnailUrl\":\"https:\\\/\\\/i0.wp.com\\\/cumse.org\\\/wp-content\\\/uploads\\\/2021\\\/02\\\/WhatsApp-Image-2021-02-02-at-20.18.30.jpeg?fit=1200%2C1600&ssl=1\",\"datePublished\":\"2021-02-02T16:18:11+00:00\",\"dateModified\":\"2021-04-30T13:23:14+00:00\",\"author\":{\"@id\":\"https:\\\/\\\/cumse.org\\\/#\\\/schema\\\/person\\\/d8802c7f9d251c013018b375be80cb06\"},\"description\":\"SCU - Valeryo Falcone, civilista di Fondazione Cumse, racconta la sua esperienza in modo leggero e divertente. SEGUITE LA SUA STORIA!\",\"breadcrumb\":{\"@id\":\"https:\\\/\\\/cumse.org\\\/2-febbraio-who-wants-to-live-forever\\\/#breadcrumb\"},\"inLanguage\":\"fr-FR\",\"potentialAction\":[{\"@type\":\"ReadAction\",\"target\":[\"https:\\\/\\\/cumse.org\\\/2-febbraio-who-wants-to-live-forever\\\/\"]}]},{\"@type\":\"ImageObject\",\"inLanguage\":\"fr-FR\",\"@id\":\"https:\\\/\\\/cumse.org\\\/2-febbraio-who-wants-to-live-forever\\\/#primaryimage\",\"url\":\"https:\\\/\\\/i0.wp.com\\\/cumse.org\\\/wp-content\\\/uploads\\\/2021\\\/02\\\/WhatsApp-Image-2021-02-02-at-20.18.30.jpeg?fit=1200%2C1600&ssl=1\",\"contentUrl\":\"https:\\\/\\\/i0.wp.com\\\/cumse.org\\\/wp-content\\\/uploads\\\/2021\\\/02\\\/WhatsApp-Image-2021-02-02-at-20.18.30.jpeg?fit=1200%2C1600&ssl=1\",\"width\":1200,\"height\":1600},{\"@type\":\"BreadcrumbList\",\"@id\":\"https:\\\/\\\/cumse.org\\\/2-febbraio-who-wants-to-live-forever\\\/#breadcrumb\",\"itemListElement\":[{\"@type\":\"ListItem\",\"position\":1,\"name\":\"Home\",\"item\":\"https:\\\/\\\/cumse.org\\\/\"},{\"@type\":\"ListItem\",\"position\":2,\"name\":\"2 febbraio &#8211; Who wants to live forever?\"}]},{\"@type\":\"WebSite\",\"@id\":\"https:\\\/\\\/cumse.org\\\/#website\",\"url\":\"https:\\\/\\\/cumse.org\\\/\",\"name\":\"Fondazione Cumse ETS\",\"description\":\"Siamo dove gli altri distolgono lo sguardo\",\"potentialAction\":[{\"@type\":\"SearchAction\",\"target\":{\"@type\":\"EntryPoint\",\"urlTemplate\":\"https:\\\/\\\/cumse.org\\\/?s={search_term_string}\"},\"query-input\":{\"@type\":\"PropertyValueSpecification\",\"valueRequired\":true,\"valueName\":\"search_term_string\"}}],\"inLanguage\":\"fr-FR\"},{\"@type\":\"Person\",\"@id\":\"https:\\\/\\\/cumse.org\\\/#\\\/schema\\\/person\\\/d8802c7f9d251c013018b375be80cb06\",\"name\":\"admin\",\"image\":{\"@type\":\"ImageObject\",\"inLanguage\":\"fr-FR\",\"@id\":\"https:\\\/\\\/secure.gravatar.com\\\/avatar\\\/7fcee464d094e0b490b50408a0c7356276eedd5a17796d503ee821451b764c37?s=96&d=mm&r=g\",\"url\":\"https:\\\/\\\/secure.gravatar.com\\\/avatar\\\/7fcee464d094e0b490b50408a0c7356276eedd5a17796d503ee821451b764c37?s=96&d=mm&r=g\",\"contentUrl\":\"https:\\\/\\\/secure.gravatar.com\\\/avatar\\\/7fcee464d094e0b490b50408a0c7356276eedd5a17796d503ee821451b764c37?s=96&d=mm&r=g\",\"caption\":\"admin\"}}]}<\/script>\n<!-- \/ Yoast SEO plugin. -->","yoast_head_json":{"title":"2 febbraio - Who wants to live forever? - Fondazione Cumse ETS","description":"SCU - Valeryo Falcone, civilista di Fondazione Cumse, racconta la sua esperienza in modo leggero e divertente. SEGUITE LA SUA STORIA!","robots":{"index":"index","follow":"follow","max-snippet":"max-snippet:-1","max-image-preview":"max-image-preview:large","max-video-preview":"max-video-preview:-1"},"canonical":"https:\/\/cumse.org\/fr\/2-febbraio-who-wants-to-live-forever\/","og_locale":"fr_FR","og_type":"article","og_title":"2 febbraio - Who wants to live forever? - Fondazione Cumse ETS","og_description":"SCU - Valeryo Falcone, civilista di Fondazione Cumse, racconta la sua esperienza in modo leggero e divertente. SEGUITE LA SUA STORIA!","og_url":"https:\/\/cumse.org\/fr\/2-febbraio-who-wants-to-live-forever\/","og_site_name":"Fondazione Cumse ETS","article_published_time":"2021-02-02T16:18:11+00:00","article_modified_time":"2021-04-30T13:23:14+00:00","og_image":[{"width":1200,"height":1600,"url":"https:\/\/cumse.org\/wp-content\/uploads\/2021\/02\/WhatsApp-Image-2021-02-02-at-20.18.30.jpeg","type":"image\/jpeg"}],"author":"admin","twitter_card":"summary_large_image","twitter_misc":{"\u00c9crit par":"admin","Dur\u00e9e de lecture estim\u00e9e":"9 minutes"},"schema":{"@context":"https:\/\/schema.org","@graph":[{"@type":"Article","@id":"https:\/\/cumse.org\/2-febbraio-who-wants-to-live-forever\/#article","isPartOf":{"@id":"https:\/\/cumse.org\/2-febbraio-who-wants-to-live-forever\/"},"author":{"name":"admin","@id":"https:\/\/cumse.org\/#\/schema\/person\/d8802c7f9d251c013018b375be80cb06"},"headline":"2 febbraio &#8211; Who wants to live forever?","datePublished":"2021-02-02T16:18:11+00:00","dateModified":"2021-04-30T13:23:14+00:00","mainEntityOfPage":{"@id":"https:\/\/cumse.org\/2-febbraio-who-wants-to-live-forever\/"},"wordCount":1765,"image":{"@id":"https:\/\/cumse.org\/2-febbraio-who-wants-to-live-forever\/#primaryimage"},"thumbnailUrl":"https:\/\/i0.wp.com\/cumse.org\/wp-content\/uploads\/2021\/02\/WhatsApp-Image-2021-02-02-at-20.18.30.jpeg?fit=1200%2C1600&ssl=1","keywords":["Camerun","Fondazione Cumse","SCU","Servizio Civile Universale"],"articleSection":["TrAvaler"],"inLanguage":"fr-FR"},{"@type":"WebPage","@id":"https:\/\/cumse.org\/2-febbraio-who-wants-to-live-forever\/","url":"https:\/\/cumse.org\/2-febbraio-who-wants-to-live-forever\/","name":"2 febbraio - Who wants to live forever? - Fondazione Cumse ETS","isPartOf":{"@id":"https:\/\/cumse.org\/#website"},"primaryImageOfPage":{"@id":"https:\/\/cumse.org\/2-febbraio-who-wants-to-live-forever\/#primaryimage"},"image":{"@id":"https:\/\/cumse.org\/2-febbraio-who-wants-to-live-forever\/#primaryimage"},"thumbnailUrl":"https:\/\/i0.wp.com\/cumse.org\/wp-content\/uploads\/2021\/02\/WhatsApp-Image-2021-02-02-at-20.18.30.jpeg?fit=1200%2C1600&ssl=1","datePublished":"2021-02-02T16:18:11+00:00","dateModified":"2021-04-30T13:23:14+00:00","author":{"@id":"https:\/\/cumse.org\/#\/schema\/person\/d8802c7f9d251c013018b375be80cb06"},"description":"SCU - Valeryo Falcone, civilista di Fondazione Cumse, racconta la sua esperienza in modo leggero e divertente. SEGUITE LA SUA STORIA!","breadcrumb":{"@id":"https:\/\/cumse.org\/2-febbraio-who-wants-to-live-forever\/#breadcrumb"},"inLanguage":"fr-FR","potentialAction":[{"@type":"ReadAction","target":["https:\/\/cumse.org\/2-febbraio-who-wants-to-live-forever\/"]}]},{"@type":"ImageObject","inLanguage":"fr-FR","@id":"https:\/\/cumse.org\/2-febbraio-who-wants-to-live-forever\/#primaryimage","url":"https:\/\/i0.wp.com\/cumse.org\/wp-content\/uploads\/2021\/02\/WhatsApp-Image-2021-02-02-at-20.18.30.jpeg?fit=1200%2C1600&ssl=1","contentUrl":"https:\/\/i0.wp.com\/cumse.org\/wp-content\/uploads\/2021\/02\/WhatsApp-Image-2021-02-02-at-20.18.30.jpeg?fit=1200%2C1600&ssl=1","width":1200,"height":1600},{"@type":"BreadcrumbList","@id":"https:\/\/cumse.org\/2-febbraio-who-wants-to-live-forever\/#breadcrumb","itemListElement":[{"@type":"ListItem","position":1,"name":"Home","item":"https:\/\/cumse.org\/"},{"@type":"ListItem","position":2,"name":"2 febbraio &#8211; Who wants to live forever?"}]},{"@type":"WebSite","@id":"https:\/\/cumse.org\/#website","url":"https:\/\/cumse.org\/","name":"Fondazione Cumse ETS","description":"Siamo dove gli altri distolgono lo sguardo","potentialAction":[{"@type":"SearchAction","target":{"@type":"EntryPoint","urlTemplate":"https:\/\/cumse.org\/?s={search_term_string}"},"query-input":{"@type":"PropertyValueSpecification","valueRequired":true,"valueName":"search_term_string"}}],"inLanguage":"fr-FR"},{"@type":"Person","@id":"https:\/\/cumse.org\/#\/schema\/person\/d8802c7f9d251c013018b375be80cb06","name":"admin","image":{"@type":"ImageObject","inLanguage":"fr-FR","@id":"https:\/\/secure.gravatar.com\/avatar\/7fcee464d094e0b490b50408a0c7356276eedd5a17796d503ee821451b764c37?s=96&d=mm&r=g","url":"https:\/\/secure.gravatar.com\/avatar\/7fcee464d094e0b490b50408a0c7356276eedd5a17796d503ee821451b764c37?s=96&d=mm&r=g","contentUrl":"https:\/\/secure.gravatar.com\/avatar\/7fcee464d094e0b490b50408a0c7356276eedd5a17796d503ee821451b764c37?s=96&d=mm&r=g","caption":"admin"}}]}},"jetpack_featured_media_url":"https:\/\/i0.wp.com\/cumse.org\/wp-content\/uploads\/2021\/02\/WhatsApp-Image-2021-02-02-at-20.18.30.jpeg?fit=1200%2C1600&ssl=1","jetpack_sharing_enabled":true,"_links":{"self":[{"href":"https:\/\/cumse.org\/fr\/wp-json\/wp\/v2\/posts\/4137","targetHints":{"allow":["GET"]}}],"collection":[{"href":"https:\/\/cumse.org\/fr\/wp-json\/wp\/v2\/posts"}],"about":[{"href":"https:\/\/cumse.org\/fr\/wp-json\/wp\/v2\/types\/post"}],"author":[{"embeddable":true,"href":"https:\/\/cumse.org\/fr\/wp-json\/wp\/v2\/users\/1"}],"replies":[{"embeddable":true,"href":"https:\/\/cumse.org\/fr\/wp-json\/wp\/v2\/comments?post=4137"}],"version-history":[{"count":0,"href":"https:\/\/cumse.org\/fr\/wp-json\/wp\/v2\/posts\/4137\/revisions"}],"wp:featuredmedia":[{"embeddable":true,"href":"https:\/\/cumse.org\/fr\/wp-json\/wp\/v2\/media\/5830"}],"wp:attachment":[{"href":"https:\/\/cumse.org\/fr\/wp-json\/wp\/v2\/media?parent=4137"}],"wp:term":[{"taxonomy":"category","embeddable":true,"href":"https:\/\/cumse.org\/fr\/wp-json\/wp\/v2\/categories?post=4137"},{"taxonomy":"post_tag","embeddable":true,"href":"https:\/\/cumse.org\/fr\/wp-json\/wp\/v2\/tags?post=4137"}],"curies":[{"name":"wp","href":"https:\/\/api.w.org\/{rel}","templated":true}]}}