{"id":4084,"date":"2021-02-01T16:55:56","date_gmt":"2021-02-01T15:55:56","guid":{"rendered":"https:\/\/cumse.org\/?p=4084"},"modified":"2021-04-30T14:06:52","modified_gmt":"2021-04-30T13:06:52","slug":"1-febbraio-lindipendenza-di-paccare","status":"publish","type":"post","link":"https:\/\/cumse.org\/fr\/1-febbraio-lindipendenza-di-paccare\/","title":{"rendered":"1 febbraio &#8211; L&#8217;indipendenza di paccare"},"content":{"rendered":"<p>Con la zanzariera a contornare il mio Boudoir ho potuto trascorrere una nottata davvero piacevole. Dormire 7 ore come un sasso ti da una certa grinta.<\/p>\n<p>Sono talmente energico che nutro spontaneamente il desiderio di farmi un caff\u00e8. Apro il gas, rischio di ustionarmi con un fiammifero e poggio la macchinetta sul fornello che&#8230;\u00e8 TROPPO piccolo. Nel senso, i sostegni di metallo su cui in genere poggiamo le pentole sono pi\u00f9 larghi del fondo della macchinetta, il quale quindi resta poggiato a contatto diretto con il fornello.<\/p>\n<p>Inizio a pensare, in quanto CODARDO, a strani possibili ritorni di fiamma. Guardo il tubo del gas. Scorro lentamente<br \/>\nlo scanner visivo lungo tutto il cilindro gommato, giungo finalmente alla valvola a farfalla attaccata alla bombola. Mentre inizio a sudare freddo un odore come dire&#8230;sospetto richiama i miei sensi. La fiammella da sotto al sedere della moca sporge fino al manico di plastica nera.<\/p>\n<p><strong> Non solo quindi potrei saltare per aria, caso mai sopravvivessi, dovrei anche sbattermi per trovare la maniera di versare il benedetto caff\u00e8.<\/strong> Mi sta passando la voglia. Abbasso la fiamma. Il gorgoglio<br \/>\nvaporoso della macchinetta restituisce vigore alle mie sinapsi, mi piazzo in veranda per correggere le prossime uscite del blog.<\/p>\n<p>Qualcuno da lass\u00f9 deve aver scoccato un dardo impegnativo perch\u00e9, su due piedi, mi sovviene un&#8217;idea: potrei lavorare, ad esempio! <strong>GENIO!<\/strong><\/p>\n<p>Beh anche il blog \u00e8 lavoro eh&#8230; per\u00f2 chiss\u00e0, <strong>un messaggio a Marcelin<\/strong> posso pure mandarlo, abita a tre passi da me ma, d&#8217;altra parte, la tecnologia \u00e8 stata inventata per un motivo.<br \/>\nSorprendentemente il mio latitante vicino risponde con prontezza, pu\u00f2 venire anche adesso.<br \/>\nGuardo la tazza: non ho ancora iniziato a bere&#8230;facciamo tra un&#8217;oretta va! 9.30 mi sembra decoroso, non \u00e8 che siccome siamo in Africa il rituale del caff\u00e8 mattutino smette di essere sacro, chiariamoci! Una volta tanto che lo faccio poi, a maggior ragione!<\/p>\n<p><strong> Marcelin \u00e8 puntuale<\/strong>, da bravo ospite, in astinenza di oro nero, ho messo su un&#8217;altra moca: porto zucchero, arachidi, frutta e biscotti in tavola.<br \/>\nIl suo computer, pur essendo di marca occidentale, impiega 15 minuti ad accendersi. Chiss\u00e0 perch\u00e8 non sono sorpreso. A dir il vero non posso lamentarmi, <strong>il mio compare conosce molto bene e a fondo tutte le dinamiche necessarie per poter scrivere la bozza di un progetto per lo sviluppo della piscicoltura nel centro.<\/strong><\/p>\n<p>Visioniamo le vasche, discutiamo sulla migliore posizione in cui installare un pozzo e un impianto idraulico atto all&#8217;irrigazione, dibattiamo sull&#8217;importanza di formare uomini competenti e affidabili capaci di badare al lavoro anche in assenza delle figure di riferimento.<\/p>\n<p><strong> Tra una cosa e l&#8217;altra si fanno le 11.30. Godyene<\/strong> \u00e8 occupata, <strong>Soumaya e Noa<\/strong> non stanno troppo bene e lei non chiude occhio da due giorni. Verr\u00e0 Nicole a farmi il pranzo. No, scusa, un momento!<br \/>\nCi mancherebbe dai, mi vergognerei ad arrivare a tanto. Oggi mi gestisco in autonomia, anzi, quando ho fatto vi mando una bella foto della mia creazione.<\/p>\n<p><strong>Suor Nicole mi chiama, ha un&#8217;urgenza.<\/strong> Mi precipito a casa di <strong>Godyene<\/strong> dove la suora mi attende insieme ai miei adorati pasticcini. Noa mi guarda. <em>&#8220;Allora Ciccio, come stai?&#8221;<\/em>. 18 mesi, 0 lezioni, parla gi\u00e0 molto meglio l&#8217;italiano di quanto io non parli francese, replica:<em> &#8220;Ciccio!<\/em>&#8220;. Do di matto.<\/p>\n<p>Esatto. Sono uno di quelli che esalta i bambini per ogni minima prestazione manco avessero scoperto la natura della materia oscura. Cos\u00ec l&#8217;esclamazione del cucciolo d\u2019uomo mi pare una specie di miracolo. Non contento, essendo in cerca di infarti facili, rivolgo gli occhi verso <strong>Soumaya<\/strong>. Ha un completino blu con piccoli cuoricini bianchi.<br \/>\nLa mia vista le provoca un sorriso capace di inebetire qualsiasi essere umano dotato di umanit\u00e0. Urlo: <em>&#8220;pasticcino!&#8221;<\/em> di rimando la piccina <em>&#8220;pasticcino!&#8221;<\/em> fuori campo Noa <strong><em>&#8220;Pasticcino, Valeo, pasticcino!&#8221;<\/em><\/strong><\/p>\n<p>Basta: me li porto a casa, <strong>li adotto<\/strong>, ho deciso! Ah gi\u00e0, a 28 anni non ce l&#8217;ho ancora una casa, tantomeno un lavoro.<br \/>\nSarebbe bello aprire un dibattito sulle problematiche dei giovani in Italia e nel Mondo ma&#8230; \u00e8 presto, mi restano ancora quasi 8 mesi di servizio civile.<br \/>\nPosticipo la tristezza cosmica dovuta all&#8217;argomento a quando atterrer\u00f2 in Italia. Dover risolvere i problemi all&#8217;ultimo secondo&#8230; un mio grande classico.<br \/>\nIn genere poi di trovare soluzioni proprio non se ne parla, ma va beh, quisquilie.<\/p>\n<p>Dopo 10 minuti, mentre faccio volare per aria i miei pupilli ricordo che Nicole mi ha chiamato per una questione urgente. La regola del ritardo perenne vale anche in caso di emergenza? Dipende. Oggi mi \u00e8 andata bene. <strong>Ha bisogno che io faccia per lei delle commissioni in citt\u00e0<\/strong>, l&#8217;autista arriver\u00e0 per le 15.30. Sono le 12:<br \/>\n3 ore e mezza per cucinarmi due spaghetti dovrebbero bastare!<\/p>\n<p>Normalmente, penserete voi, ci vuole molto meno. Certo, avete ragione, peccato che qui il concetto di normale diventi ancora pi\u00f9 relativo. <strong>Preparare la legna per il fuoco quando si deve cucinare per molti \u00e8 la normalit\u00e0.<\/strong> Io sono pi\u00f9 fortunato, nel senso che ho altri problemi da gestire, pur sempre &#8220;minori&#8221;.<br \/>\nDunque, <strong>non ho acqua in casa e mi sono dimenticato di riempire il filtro.<\/strong> Devo farne bollire una pentola, questa \u00e8 la procedura se voglio evitarmi <strong>tifo, colera e robine simili.<\/strong><\/p>\n<p>Vado al pozzo con un secchio, lancio, Godyene fa giusto in tempo a vedere il mio magro risultato, ritenta al posto mio ovviamente, con successo, tiro su la preziosa mercanzia e rientro. Verso l&#8217;acqua dal secchio nella pentola. Attendo che bolla. Nel mentre dovrei lavare i pomodori. <strong>Oggi spaghetti all&#8217;italiana, viva la libert\u00e0.<\/strong><\/p>\n<p>Seee proprio. Io le pulirei anche le verdure ma dal rubinetto non esce niente. Faccio un&#8217;operazione un po&#8217; eretica. Spelo i pomodori, se li dovessi servire in un ristorante stellato darei qualche nome sofisticato da marketing tipo: spaghetti con sugo di pelati a coltello. Una roba cos\u00ec. Sbuccio aglio, cipolla, di conseguenza anche i pomodori.<br \/>\nVerso un po&#8217; d&#8217;olio nella pentolina e metto a soffriggere gli ingredienti un po&#8217; per volta.<\/p>\n<p>Nella mia dispensuccia parrebbe esserci anche una foglia di basilico essiccata. Ce la butto dentro, vai di tricolore. <strong>Il pentolone \u00e8 pronto<\/strong>, una parte di liquido lo verso nella marmitta per gli spaghetti, l&#8217;altra mi tocca lasciarla raffreddare.<\/p>\n<p>Insomma ho dovuto eseguire certi numeri con presine improvvisate prima di potermi accomodare al desco.<br \/>\nIl risultato, devo ammettere, mi provoca un certo autocompiacimento. Mando una foto su WhatsApp a mia madre che commenta: <em>&#8220;cos&#8217;\u00e8 quella roba l\u00e0? Sembra cibo italiano&#8221;.<\/em><br \/>\nRifaccio la foto, son troppo belli per non essere capiti. <em>&#8220;Ah, ma non credevo ci fossero in Africa!&#8221;<\/em>. Vedete amici cosa succede a non viaggiare mai? <strong>Tenetelo a mente quando avrete voglia di lanciare per aria stereotipi riguardante posti o luoghi in cui non avete mai messo piede.<\/strong><\/p>\n<p><img data-recalc-dims=\"1\" loading=\"lazy\" decoding=\"async\" class=\"wp-image-5827 alignleft\" src=\"https:\/\/i0.wp.com\/cumse.org\/wp-content\/uploads\/2021\/02\/WhatsApp-Image-2021-02-02-at-10.44.47-1.jpeg?resize=374%2C666&#038;ssl=1\" alt=\"\" width=\"374\" height=\"666\" srcset=\"https:\/\/i0.wp.com\/cumse.org\/wp-content\/uploads\/2021\/02\/WhatsApp-Image-2021-02-02-at-10.44.47-1.jpeg?w=898&amp;ssl=1 898w, https:\/\/i0.wp.com\/cumse.org\/wp-content\/uploads\/2021\/02\/WhatsApp-Image-2021-02-02-at-10.44.47-1.jpeg?resize=800%2C1425&amp;ssl=1 800w, https:\/\/i0.wp.com\/cumse.org\/wp-content\/uploads\/2021\/02\/WhatsApp-Image-2021-02-02-at-10.44.47-1.jpeg?resize=168%2C300&amp;ssl=1 168w, https:\/\/i0.wp.com\/cumse.org\/wp-content\/uploads\/2021\/02\/WhatsApp-Image-2021-02-02-at-10.44.47-1.jpeg?resize=575%2C1024&amp;ssl=1 575w, https:\/\/i0.wp.com\/cumse.org\/wp-content\/uploads\/2021\/02\/WhatsApp-Image-2021-02-02-at-10.44.47-1.jpeg?resize=768%2C1368&amp;ssl=1 768w, https:\/\/i0.wp.com\/cumse.org\/wp-content\/uploads\/2021\/02\/WhatsApp-Image-2021-02-02-at-10.44.47-1.jpeg?resize=862%2C1536&amp;ssl=1 862w\" sizes=\"auto, (max-width: 374px) 100vw, 374px\" \/><\/p>\n<p>Io sto ingrassando nel quarto mondo dove, sulla carta, &#8220;si muore di fame&#8221;. Sempre meglio appurare di persona, fidatevi di uno scemo.<br \/>\nSpazzolo i miei 350gr di patria su piatto (altro nome da Stella Michelin) e lavo le stoviglie con la mia comodissima&#8230; buona lena, olio di gomito e una spugnetta ridicola. <strong>Mohamed \u00e8 puntuale<\/strong>. Mi rimprovera, se non \u00e8 lui a telefonarmi io non ricambio mai le sue premure.<\/p>\n<p>Tanto per essere chiari, \u00e8 capitato che <strong>Mohamed in 3 o 4 occasioni sperperasse il suo prezioso credito per disturbarmi<\/strong> pi\u00f9 o meno cos\u00ec: <em>&#8220;ciao amico mio<\/em> (ma chi te conosce!<br \/>\nPersino io che sono amico di tutti faccio fatica) <em>aspetta eh mi ricordo la parola, a s\u00ec: DONNA! Yeee hai visto<\/em> (veramente siamo al telefono, non ho visto una bega) <em>che mi ricordo?<\/em>&#8221; &#8220;<em>S\u00ec, ho SENTITO, BRAVO, le parole importanti tu non le dimentichi eh, la sai lunga&#8230;&#8221;<\/em>. Ride e mi aggancia.<\/p>\n<p>Ma s\u00ec, scemo io che non lo chiamo mai. Come posso non averne sentito affatto la mancanza del resto? Ci mancherebbe. Spiego che pago gi\u00e0 molto per il trafficointernet e che quindi economizzo sulle telefonate.<\/p>\n<p>Il che \u00e8 anche vero! &#8220;<strong>Un bianco che risparmia&#8230; non c&#8217;\u00e8 pi\u00f9 religione!<\/strong>&#8221; avr\u00e0 pensato qualcosa di simile a giudicare dall&#8217;espressione orripilata.<\/p>\n<p><strong> Salgo in macchina.<\/strong> Il mio cappello di paglia \u00e8 pi\u00f9 ganzo da quando gli ho infilato dentro una foglia di mango, come un bandito uscito da un episodio di Lucky Luke, per nulla credibile. E&#8217; un teorema ben rodato quelle per cui, quando non ci conosce nessuno e siamo in vacanza, possiamo fare un po&#8217; come ci pare, ovvero essere noi stessi fino in fondo per un paio di settimane all&#8217;anno. <strong>Peccato che qui mi conoscano tutti e io debba lavorare<\/strong>. Se avessi scelto di essere me stesso sempre e non solo durante le ferie? Uuuh la tocco piano&#8230; meglio pensare ad altro.<\/p>\n<p><strong>Squilla il telefono del mio AMICONE!<\/strong>\u00a0E&#8217; la sua ragazza. Lo capisco dal <em>&#8220;mi sei mancata molto, ma sono arrabbiato, ma mi manchi!&#8221;<\/em>. Il tipico sproloquio dell&#8217;innamorato che gli antichi greci avevano incanalato nel duale, andando oltre al concetto di singolare e plurale, ovvero trovando un modo di comunicare in cui il linguaggio<br \/>\nsimbolico sfiora il delirio di cui l&#8217;unico pregio, a detta di Freud, \u00e8 di essere breve. <strong>Cosa ben diversa \u00e8 l&#8217;amore<\/strong>.<\/p>\n<p>Mohamed me la passa. <em>&#8220;Ciao sono Valeryo, sono italiano, sono qui da poco, amo l&#8217;Africa e mi piace tanto la gente di Marza&#8221;<\/em>. Lei risponde ma non capisco assolutamente nulla, in fondo chissene!<br \/>\n<em>&#8220;Piacere mio eh, ciao!&#8221;<\/em>. Frida, questo \u00e8 il suo nome, abita a 150 km da Ngaoundere ed \u00e8 convinta che parlare male spagnolo ad un italiano attraverso un telefono cinese sia il modo migliore per farsi comprendere. Meglio che continui con il dialogo amoroso. L&#8217;autista si sente messo da parte, viene sempre dopo le altre sue preoccupazioni,<br \/>\nad esempio lei ha terminato il credito nel telefono e lui gli ha inviato il denaro necessario per la ricarica. Da gioved\u00ec la ragazza lo ha tenuto sulle spine chiamandolo SOLTANTO oggi, dopo 4 giorni!<\/p>\n<p>Che poi cosa mai avranno da dirsi due persone che non si sentono per cos\u00ec poco. Boh, sono ancora piccolo per queste cose.<br \/>\n&#8220;Eh cos\u00ec vorresti essere messo al primo posto ma arrivi sempre dopo, ti piacerebbe che lei avesse la stessa attenzione che tu le dimostri?&#8221;.<br \/>\n&#8220;Effettivamente \u00e8 cos\u00ec!&#8221;. Se vabbeh. &#8220;Quanti anni ha Frida?&#8221;. La ragazza sta finendo il liceo. Mohamed andr\u00e0 per i 40. &#8220;Forse deve maturare un po&#8217; eh, se la ami ti tocca attendere che cresca !&#8221;. O forse \u00e8 lui a dover fare qualche progresso? Non sta a me giudicare.<\/p>\n<p><strong>Finita la prima commissione mi chiede se mi spiace allungare un po&#8217; il tragitto: <\/strong>ha promesso ad una donna rimasta in panne di aiutarla andando a recuperarle i figli a scuola, o qualcosa di simile.<br \/>\nDue bambini e una bimba un po&#8217; pi\u00f9 grande salgono sui sedili posteriori, abitano in case diverse, non ho capito quanti genitori deve aiutare il nostro rubacuori.<br \/>\n<strong>E&#8217; una buona scusa per visitare qualche quartiere ancora nuovo ai miei occhi.<\/strong><\/p>\n<p>Effettuate le &#8220;consegne&#8221; ritorniamo sui nostri passi, ovvero svolgere ci\u00f2 che Nicole ci ha chiesto. Non mi dispiace \u00a0vagare in giro per la citt\u00e0 accompagnato dal conducente; mi fa sentire certamente in estremo pericolo, ma anche molto pi\u00f9 libero. In fondo sono qui da pi\u00f9 di 40 giorni: non dico che \u00e8 tempo di comprarmi una moto, ma almeno di ampliare un po&#8217; il raggio d&#8217;azione! <strong>Rientriamo dalla scampagnata alle 17.30<\/strong>. Giorni che passano alla velocit\u00e0 della luce, senza fare chiss\u00e0 quale incredibile impresa.<\/p>\n<p><strong>Ho come la sensazione di essermi dimenticato qualcos&#8230;<\/strong> <strong>LA LEZIONE DI FRANCESE!!! <\/strong>Ma dai, che bigolo! Ieri son stato tutto il giorno insieme alla sua famiglia e oggi ho fatto venire a piedi <strong>Jojo<\/strong> fino a casa senza avvertirlo. Ho perso completamente il senso del tempo e non l&#8217;ho degnato nemmeno di un messaggio.<br \/>\nGli avevo promesso che non sarebbe pi\u00f9 capitato. Lo chiamo.<\/p>\n<p>Non ho credito. Ma no! Sono un cretino.<br \/>\nDomani cercher\u00f2 di fare ammenda prostrandomi nel giardino delle elementari. MINIMO!<\/p>\n<p>18.30 non posso stare troppo tempo senza importunare le mie adorate fanciulle e cos\u00ec <strong>mi catapulto alla maison per la solita preghiera.<\/strong> Vengo invitato a sorseggiare un buon bicchiere di artemisia. Cio\u00e8 dopo il rosario ho detto ad alta voce di aver voglia di un infuso e loro si son messe subito a prepararlo invitandomi a sedere per\u00a0essere servito.<strong> Mai dire le robe ad alta voce se poi ti senti in colpa!<\/strong> Seconda cappellata in 2 ore. Viaggio su una media da paura,<br \/>\nin qualcosa sono bravo anche io, \u00e8 una consolazione.<\/p>\n<p>Alcune, mentre soffio sul bordo del bicchiere bollente, si mettono a studiare. Matematica: una delle materie in cui sono meno ferrato in assoluto!<br \/>\n<strong>Ci vuole Mattia, ho capito. Mattia \u00e8 un mio carissimo amico<\/strong> (non come Mohamed)<strong> decisamente brillante in fatto di numeri che nella vita vera lavora per una delle banche pi\u00f9 importanti del mondo, mentre nel mio pianeta, mi aiuta con l&#8217;enigmistica e giochini per bambini sotto ai 2 anni che io puntualmente non riesco a risolvere.<\/strong><\/p>\n<p>Ecco che, come sempre, angelicamente accorre per calcolare la moda e la probabilit\u00e0 all&#8217;interno di un quesito facile facile&#8230; che per\u00f2 non ci viene.<br \/>\nL&#8217;interessata \u00e8 sorpresa di assistere ad un pronto intervento cos\u00ec rapido. Mattia sa quanto il mondo sia difficile per quelli come me, potrebbero darmi il resto sbagliato dal fornaio senza che me ne accorga, ho bisogno di protezione capite?<\/p>\n<p><strong>A modo mio, sono riuscito a far finire i compiti alle donzelle, domani scopriremo se i nostri risultati sono corretti.<\/strong> Non che dubiti del mio socio, ma potrei aver<br \/>\napplicato male i suoi consigli, <strong>PROBABILONE!<\/strong><br \/>\nMeglio aspettare prima di credere di aver fatto qualcosa di giusto.<\/p>\n<p>Ps. Soluzioni agli indovinelli:<br \/>\n&#8211; la bocca<br \/>\n&#8211; l&#8217;uomo<br \/>\n&#8211; la porta<br \/>\n&#8211; la pianta&#8230; del piede<\/p>\n<p>Vi avevo detto di non aspettarvi gran che, eravate stati avvertiti!<\/p>","protected":false},"excerpt":{"rendered":"<p>Con la zanzariera a contornare il mio Boudoir ho potuto trascorrere una nottata davvero piacevole. Dormire 7 ore come un sasso ti da una certa grinta. Sono talmente energico che nutro spontaneamente il desiderio di farmi un caff\u00e8. Apro il gas, rischio di ustionarmi con un fiammifero e poggio la macchinetta sul fornello che&#8230;\u00e8 TROPPO [&hellip;]<\/p>\n","protected":false},"author":1,"featured_media":5826,"comment_status":"closed","ping_status":"closed","sticky":false,"template":"","format":"standard","meta":{"_jetpack_memberships_contains_paid_content":false,"footnotes":""},"categories":[62],"tags":[67,73,79,65,66],"class_list":["post-4084","post","type-post","status-publish","format-standard","has-post-thumbnail","hentry","category-travaler","tag-fondazione-cumse","tag-marza","tag-ngaoundere","tag-scu","tag-servizio-civile-universale"],"yoast_head":"<!-- This site is optimized with the Yoast SEO plugin v27.3 - https:\/\/yoast.com\/product\/yoast-seo-wordpress\/ -->\n<title>1 febbraio - L&#039;indipendenza di paccare - Fondazione Cumse ETS<\/title>\n<meta name=\"description\" content=\"SCU - Valeryo Falcone, civilista di Fondazione Cumse, racconta la sua esperienza in modo leggero e divertente. SEGUITE LA SUA STORIA!\" \/>\n<meta name=\"robots\" content=\"index, follow, max-snippet:-1, max-image-preview:large, max-video-preview:-1\" \/>\n<link rel=\"canonical\" href=\"https:\/\/cumse.org\/fr\/1-febbraio-lindipendenza-di-paccare\/\" \/>\n<meta property=\"og:locale\" content=\"fr_FR\" \/>\n<meta property=\"og:type\" content=\"article\" \/>\n<meta property=\"og:title\" content=\"1 febbraio - L&#039;indipendenza di paccare - Fondazione Cumse ETS\" \/>\n<meta property=\"og:description\" content=\"SCU - Valeryo Falcone, civilista di Fondazione Cumse, racconta la sua esperienza in modo leggero e divertente. SEGUITE LA SUA STORIA!\" \/>\n<meta property=\"og:url\" content=\"https:\/\/cumse.org\/fr\/1-febbraio-lindipendenza-di-paccare\/\" \/>\n<meta property=\"og:site_name\" content=\"Fondazione Cumse ETS\" \/>\n<meta property=\"article:published_time\" content=\"2021-02-01T15:55:56+00:00\" \/>\n<meta property=\"article:modified_time\" content=\"2021-04-30T13:06:52+00:00\" \/>\n<meta property=\"og:image\" content=\"https:\/\/cumse.org\/wp-content\/uploads\/2021\/02\/WhatsApp-Image-2021-02-02-at-10.44.47.jpeg\" \/>\n\t<meta property=\"og:image:width\" content=\"1200\" \/>\n\t<meta property=\"og:image:height\" content=\"1600\" \/>\n\t<meta property=\"og:image:type\" content=\"image\/jpeg\" \/>\n<meta name=\"author\" content=\"admin\" \/>\n<meta name=\"twitter:card\" content=\"summary_large_image\" \/>\n<meta name=\"twitter:label1\" content=\"\u00c9crit par\" \/>\n\t<meta name=\"twitter:data1\" content=\"admin\" \/>\n\t<meta name=\"twitter:label2\" content=\"Dur\u00e9e de lecture estim\u00e9e\" \/>\n\t<meta name=\"twitter:data2\" content=\"11 minutes\" \/>\n<script type=\"application\/ld+json\" class=\"yoast-schema-graph\">{\"@context\":\"https:\\\/\\\/schema.org\",\"@graph\":[{\"@type\":\"Article\",\"@id\":\"https:\\\/\\\/cumse.org\\\/1-febbraio-lindipendenza-di-paccare\\\/#article\",\"isPartOf\":{\"@id\":\"https:\\\/\\\/cumse.org\\\/1-febbraio-lindipendenza-di-paccare\\\/\"},\"author\":{\"name\":\"admin\",\"@id\":\"https:\\\/\\\/cumse.org\\\/#\\\/schema\\\/person\\\/d8802c7f9d251c013018b375be80cb06\"},\"headline\":\"1 febbraio &#8211; L&#8217;indipendenza di paccare\",\"datePublished\":\"2021-02-01T15:55:56+00:00\",\"dateModified\":\"2021-04-30T13:06:52+00:00\",\"mainEntityOfPage\":{\"@id\":\"https:\\\/\\\/cumse.org\\\/1-febbraio-lindipendenza-di-paccare\\\/\"},\"wordCount\":2225,\"image\":{\"@id\":\"https:\\\/\\\/cumse.org\\\/1-febbraio-lindipendenza-di-paccare\\\/#primaryimage\"},\"thumbnailUrl\":\"https:\\\/\\\/i0.wp.com\\\/cumse.org\\\/wp-content\\\/uploads\\\/2021\\\/02\\\/WhatsApp-Image-2021-02-02-at-10.44.47.jpeg?fit=1200%2C1600&ssl=1\",\"keywords\":[\"Fondazione Cumse\",\"Marza\",\"Ngaounder\u00e8\",\"SCU\",\"Servizio Civile Universale\"],\"articleSection\":[\"TrAvaler\"],\"inLanguage\":\"fr-FR\"},{\"@type\":\"WebPage\",\"@id\":\"https:\\\/\\\/cumse.org\\\/1-febbraio-lindipendenza-di-paccare\\\/\",\"url\":\"https:\\\/\\\/cumse.org\\\/1-febbraio-lindipendenza-di-paccare\\\/\",\"name\":\"1 febbraio - L'indipendenza di paccare - Fondazione Cumse ETS\",\"isPartOf\":{\"@id\":\"https:\\\/\\\/cumse.org\\\/#website\"},\"primaryImageOfPage\":{\"@id\":\"https:\\\/\\\/cumse.org\\\/1-febbraio-lindipendenza-di-paccare\\\/#primaryimage\"},\"image\":{\"@id\":\"https:\\\/\\\/cumse.org\\\/1-febbraio-lindipendenza-di-paccare\\\/#primaryimage\"},\"thumbnailUrl\":\"https:\\\/\\\/i0.wp.com\\\/cumse.org\\\/wp-content\\\/uploads\\\/2021\\\/02\\\/WhatsApp-Image-2021-02-02-at-10.44.47.jpeg?fit=1200%2C1600&ssl=1\",\"datePublished\":\"2021-02-01T15:55:56+00:00\",\"dateModified\":\"2021-04-30T13:06:52+00:00\",\"author\":{\"@id\":\"https:\\\/\\\/cumse.org\\\/#\\\/schema\\\/person\\\/d8802c7f9d251c013018b375be80cb06\"},\"description\":\"SCU - Valeryo Falcone, civilista di Fondazione Cumse, racconta la sua esperienza in modo leggero e divertente. SEGUITE LA SUA STORIA!\",\"breadcrumb\":{\"@id\":\"https:\\\/\\\/cumse.org\\\/1-febbraio-lindipendenza-di-paccare\\\/#breadcrumb\"},\"inLanguage\":\"fr-FR\",\"potentialAction\":[{\"@type\":\"ReadAction\",\"target\":[\"https:\\\/\\\/cumse.org\\\/1-febbraio-lindipendenza-di-paccare\\\/\"]}]},{\"@type\":\"ImageObject\",\"inLanguage\":\"fr-FR\",\"@id\":\"https:\\\/\\\/cumse.org\\\/1-febbraio-lindipendenza-di-paccare\\\/#primaryimage\",\"url\":\"https:\\\/\\\/i0.wp.com\\\/cumse.org\\\/wp-content\\\/uploads\\\/2021\\\/02\\\/WhatsApp-Image-2021-02-02-at-10.44.47.jpeg?fit=1200%2C1600&ssl=1\",\"contentUrl\":\"https:\\\/\\\/i0.wp.com\\\/cumse.org\\\/wp-content\\\/uploads\\\/2021\\\/02\\\/WhatsApp-Image-2021-02-02-at-10.44.47.jpeg?fit=1200%2C1600&ssl=1\",\"width\":1200,\"height\":1600},{\"@type\":\"BreadcrumbList\",\"@id\":\"https:\\\/\\\/cumse.org\\\/1-febbraio-lindipendenza-di-paccare\\\/#breadcrumb\",\"itemListElement\":[{\"@type\":\"ListItem\",\"position\":1,\"name\":\"Home\",\"item\":\"https:\\\/\\\/cumse.org\\\/\"},{\"@type\":\"ListItem\",\"position\":2,\"name\":\"1 febbraio &#8211; L&#8217;indipendenza di paccare\"}]},{\"@type\":\"WebSite\",\"@id\":\"https:\\\/\\\/cumse.org\\\/#website\",\"url\":\"https:\\\/\\\/cumse.org\\\/\",\"name\":\"Fondazione Cumse ETS\",\"description\":\"Siamo dove gli altri distolgono lo sguardo\",\"potentialAction\":[{\"@type\":\"SearchAction\",\"target\":{\"@type\":\"EntryPoint\",\"urlTemplate\":\"https:\\\/\\\/cumse.org\\\/?s={search_term_string}\"},\"query-input\":{\"@type\":\"PropertyValueSpecification\",\"valueRequired\":true,\"valueName\":\"search_term_string\"}}],\"inLanguage\":\"fr-FR\"},{\"@type\":\"Person\",\"@id\":\"https:\\\/\\\/cumse.org\\\/#\\\/schema\\\/person\\\/d8802c7f9d251c013018b375be80cb06\",\"name\":\"admin\",\"image\":{\"@type\":\"ImageObject\",\"inLanguage\":\"fr-FR\",\"@id\":\"https:\\\/\\\/secure.gravatar.com\\\/avatar\\\/7fcee464d094e0b490b50408a0c7356276eedd5a17796d503ee821451b764c37?s=96&d=mm&r=g\",\"url\":\"https:\\\/\\\/secure.gravatar.com\\\/avatar\\\/7fcee464d094e0b490b50408a0c7356276eedd5a17796d503ee821451b764c37?s=96&d=mm&r=g\",\"contentUrl\":\"https:\\\/\\\/secure.gravatar.com\\\/avatar\\\/7fcee464d094e0b490b50408a0c7356276eedd5a17796d503ee821451b764c37?s=96&d=mm&r=g\",\"caption\":\"admin\"}}]}<\/script>\n<!-- \/ Yoast SEO plugin. -->","yoast_head_json":{"title":"1 febbraio - L'indipendenza di paccare - Fondazione Cumse ETS","description":"SCU - Valeryo Falcone, civilista di Fondazione Cumse, racconta la sua esperienza in modo leggero e divertente. SEGUITE LA SUA STORIA!","robots":{"index":"index","follow":"follow","max-snippet":"max-snippet:-1","max-image-preview":"max-image-preview:large","max-video-preview":"max-video-preview:-1"},"canonical":"https:\/\/cumse.org\/fr\/1-febbraio-lindipendenza-di-paccare\/","og_locale":"fr_FR","og_type":"article","og_title":"1 febbraio - L'indipendenza di paccare - Fondazione Cumse ETS","og_description":"SCU - Valeryo Falcone, civilista di Fondazione Cumse, racconta la sua esperienza in modo leggero e divertente. SEGUITE LA SUA STORIA!","og_url":"https:\/\/cumse.org\/fr\/1-febbraio-lindipendenza-di-paccare\/","og_site_name":"Fondazione Cumse ETS","article_published_time":"2021-02-01T15:55:56+00:00","article_modified_time":"2021-04-30T13:06:52+00:00","og_image":[{"width":1200,"height":1600,"url":"https:\/\/cumse.org\/wp-content\/uploads\/2021\/02\/WhatsApp-Image-2021-02-02-at-10.44.47.jpeg","type":"image\/jpeg"}],"author":"admin","twitter_card":"summary_large_image","twitter_misc":{"\u00c9crit par":"admin","Dur\u00e9e de lecture estim\u00e9e":"11 minutes"},"schema":{"@context":"https:\/\/schema.org","@graph":[{"@type":"Article","@id":"https:\/\/cumse.org\/1-febbraio-lindipendenza-di-paccare\/#article","isPartOf":{"@id":"https:\/\/cumse.org\/1-febbraio-lindipendenza-di-paccare\/"},"author":{"name":"admin","@id":"https:\/\/cumse.org\/#\/schema\/person\/d8802c7f9d251c013018b375be80cb06"},"headline":"1 febbraio &#8211; L&#8217;indipendenza di paccare","datePublished":"2021-02-01T15:55:56+00:00","dateModified":"2021-04-30T13:06:52+00:00","mainEntityOfPage":{"@id":"https:\/\/cumse.org\/1-febbraio-lindipendenza-di-paccare\/"},"wordCount":2225,"image":{"@id":"https:\/\/cumse.org\/1-febbraio-lindipendenza-di-paccare\/#primaryimage"},"thumbnailUrl":"https:\/\/i0.wp.com\/cumse.org\/wp-content\/uploads\/2021\/02\/WhatsApp-Image-2021-02-02-at-10.44.47.jpeg?fit=1200%2C1600&ssl=1","keywords":["Fondazione Cumse","Marza","Ngaounder\u00e8","SCU","Servizio Civile Universale"],"articleSection":["TrAvaler"],"inLanguage":"fr-FR"},{"@type":"WebPage","@id":"https:\/\/cumse.org\/1-febbraio-lindipendenza-di-paccare\/","url":"https:\/\/cumse.org\/1-febbraio-lindipendenza-di-paccare\/","name":"1 febbraio - L'indipendenza di paccare - Fondazione Cumse ETS","isPartOf":{"@id":"https:\/\/cumse.org\/#website"},"primaryImageOfPage":{"@id":"https:\/\/cumse.org\/1-febbraio-lindipendenza-di-paccare\/#primaryimage"},"image":{"@id":"https:\/\/cumse.org\/1-febbraio-lindipendenza-di-paccare\/#primaryimage"},"thumbnailUrl":"https:\/\/i0.wp.com\/cumse.org\/wp-content\/uploads\/2021\/02\/WhatsApp-Image-2021-02-02-at-10.44.47.jpeg?fit=1200%2C1600&ssl=1","datePublished":"2021-02-01T15:55:56+00:00","dateModified":"2021-04-30T13:06:52+00:00","author":{"@id":"https:\/\/cumse.org\/#\/schema\/person\/d8802c7f9d251c013018b375be80cb06"},"description":"SCU - Valeryo Falcone, civilista di Fondazione Cumse, racconta la sua esperienza in modo leggero e divertente. SEGUITE LA SUA STORIA!","breadcrumb":{"@id":"https:\/\/cumse.org\/1-febbraio-lindipendenza-di-paccare\/#breadcrumb"},"inLanguage":"fr-FR","potentialAction":[{"@type":"ReadAction","target":["https:\/\/cumse.org\/1-febbraio-lindipendenza-di-paccare\/"]}]},{"@type":"ImageObject","inLanguage":"fr-FR","@id":"https:\/\/cumse.org\/1-febbraio-lindipendenza-di-paccare\/#primaryimage","url":"https:\/\/i0.wp.com\/cumse.org\/wp-content\/uploads\/2021\/02\/WhatsApp-Image-2021-02-02-at-10.44.47.jpeg?fit=1200%2C1600&ssl=1","contentUrl":"https:\/\/i0.wp.com\/cumse.org\/wp-content\/uploads\/2021\/02\/WhatsApp-Image-2021-02-02-at-10.44.47.jpeg?fit=1200%2C1600&ssl=1","width":1200,"height":1600},{"@type":"BreadcrumbList","@id":"https:\/\/cumse.org\/1-febbraio-lindipendenza-di-paccare\/#breadcrumb","itemListElement":[{"@type":"ListItem","position":1,"name":"Home","item":"https:\/\/cumse.org\/"},{"@type":"ListItem","position":2,"name":"1 febbraio &#8211; L&#8217;indipendenza di paccare"}]},{"@type":"WebSite","@id":"https:\/\/cumse.org\/#website","url":"https:\/\/cumse.org\/","name":"Fondazione Cumse ETS","description":"Siamo dove gli altri distolgono lo sguardo","potentialAction":[{"@type":"SearchAction","target":{"@type":"EntryPoint","urlTemplate":"https:\/\/cumse.org\/?s={search_term_string}"},"query-input":{"@type":"PropertyValueSpecification","valueRequired":true,"valueName":"search_term_string"}}],"inLanguage":"fr-FR"},{"@type":"Person","@id":"https:\/\/cumse.org\/#\/schema\/person\/d8802c7f9d251c013018b375be80cb06","name":"admin","image":{"@type":"ImageObject","inLanguage":"fr-FR","@id":"https:\/\/secure.gravatar.com\/avatar\/7fcee464d094e0b490b50408a0c7356276eedd5a17796d503ee821451b764c37?s=96&d=mm&r=g","url":"https:\/\/secure.gravatar.com\/avatar\/7fcee464d094e0b490b50408a0c7356276eedd5a17796d503ee821451b764c37?s=96&d=mm&r=g","contentUrl":"https:\/\/secure.gravatar.com\/avatar\/7fcee464d094e0b490b50408a0c7356276eedd5a17796d503ee821451b764c37?s=96&d=mm&r=g","caption":"admin"}}]}},"jetpack_featured_media_url":"https:\/\/i0.wp.com\/cumse.org\/wp-content\/uploads\/2021\/02\/WhatsApp-Image-2021-02-02-at-10.44.47.jpeg?fit=1200%2C1600&ssl=1","jetpack_sharing_enabled":true,"_links":{"self":[{"href":"https:\/\/cumse.org\/fr\/wp-json\/wp\/v2\/posts\/4084","targetHints":{"allow":["GET"]}}],"collection":[{"href":"https:\/\/cumse.org\/fr\/wp-json\/wp\/v2\/posts"}],"about":[{"href":"https:\/\/cumse.org\/fr\/wp-json\/wp\/v2\/types\/post"}],"author":[{"embeddable":true,"href":"https:\/\/cumse.org\/fr\/wp-json\/wp\/v2\/users\/1"}],"replies":[{"embeddable":true,"href":"https:\/\/cumse.org\/fr\/wp-json\/wp\/v2\/comments?post=4084"}],"version-history":[{"count":0,"href":"https:\/\/cumse.org\/fr\/wp-json\/wp\/v2\/posts\/4084\/revisions"}],"wp:featuredmedia":[{"embeddable":true,"href":"https:\/\/cumse.org\/fr\/wp-json\/wp\/v2\/media\/5826"}],"wp:attachment":[{"href":"https:\/\/cumse.org\/fr\/wp-json\/wp\/v2\/media?parent=4084"}],"wp:term":[{"taxonomy":"category","embeddable":true,"href":"https:\/\/cumse.org\/fr\/wp-json\/wp\/v2\/categories?post=4084"},{"taxonomy":"post_tag","embeddable":true,"href":"https:\/\/cumse.org\/fr\/wp-json\/wp\/v2\/tags?post=4084"}],"curies":[{"name":"wp","href":"https:\/\/api.w.org\/{rel}","templated":true}]}}