{"id":4070,"date":"2021-01-31T16:04:18","date_gmt":"2021-01-31T15:04:18","guid":{"rendered":"https:\/\/cumse.org\/?p=4070"},"modified":"2021-03-30T19:37:50","modified_gmt":"2021-03-30T18:37:50","slug":"indovina-chi-viene-a-pranzo-scu-in-camerun","status":"publish","type":"post","link":"https:\/\/cumse.org\/fr\/indovina-chi-viene-a-pranzo-scu-in-camerun\/","title":{"rendered":"31 gennaio &#8211; Indovina chi viene a pranzo?"},"content":{"rendered":"<p>Vorrei tanto raccontarvi della stupenda notte che ho passato&#8230; Se ne avessi trascorsa una stupenda. <strong>Invece no!<br \/>\n<\/strong><span style=\"font-size: 1rem;\">Le zanzare. Sempre loro. Eppure pensavo di essermela cavata egregiamente. Ho ben appreso, avendo molto tempo da perdere, che qui ne esistono due tipi. Quelle piccole e grigie. Stupide, lente, facili da seccare.<br \/>\n<\/span><span style=\"font-size: 1rem;\">All&#8217;angolo rosso del ring invece abbiamo quelle un po&#8217; pi\u00f9 <strong>grosse, nere, violente, aggressive, maliziose, diaboliche<\/strong>.<\/span><\/p>\n<p>Andando a letto a mezzanotte odo il primo ronzio.<strong> La secco sul posto!<\/strong>\u00a0Spengo la luce e sento ancora quel fastidioso rumorino. Sto percorrendo la via del Jedi, posso ucciderla senza bisogno di alzare il braccio per premere l&#8217;interruttore. Sono troppo pigro per cotanto sforzo. Socchiudo le palpebre per concentrarmi di pi\u00f9, pur essendo buio pesto, zzz&#8230; <strong>Sbam!<\/strong> Accendo la lampada da campeggio e me la ritrovo stecchita sul palmo di mano. <strong>Ma quanto godo?<\/strong> Che bello, ma che bello! Son davvero contento di aver acquisito una tale abilit\u00e0. La guerra \u00e8 finit&#8230; zzz.<br \/>\n<span style=\"font-size: 1rem;\"><strong>Raga sono impazzito. Una zanzarina di quelle nere, bastardissime mi ha perseguitato. Vari e vani i miei tentativi di assalto durante la notte!<\/strong><br \/>\n<\/span><span style=\"font-size: 1rem;\">Vi racconto solo il pi\u00f9 eclatante e non crediate che stia barando per farvi ridere. E&#8217; stato imbarazzante ma per onest\u00e0 intellettuale non mi sottraggo alla gogna.<\/span><\/p>\n<p><strong>Alle 4.30 del mattino ero in mutande con la luce accesa e gli occhi fuori dalle orbite cercando l&#8217;essere ignominioso!<\/strong>\u00a0Me la ritrovo dietro le spalle all&#8217;altezza dell&#8217;orecchio sinistro. Comincio a roteare la maglia su s\u00e8 stessa seguendo l&#8217;esempio di John Rambo, super prodotto della &#8220;cultura&#8221; anni 90&#8242; che non mi stancher\u00f2 mai di citare, con la sola differenza che somiglio pi\u00f9 al &#8220;vecchio malvissuto&#8221; di Manzoni o al Rosso Malpelo appena rientrato dalla cava, <strong>sferro il colpo mortale.<\/strong><br \/>\nNulla lo evita con la precisione aerea di cui solo un f35 \u00e8 dotato e se la batte in ritirata. Ma guarda che stron**!<br \/>\n<strong>Spengo la luce, la attendo assetato di vendetta ma quella non arriva.<br \/>\n<\/strong><span style=\"font-size: 1rem;\">In compenso alle 5 dalla moschea si levano <strong>i canti della preghiera mattutina<\/strong>. Rinuncio del tutto all&#8217;idea di dormire e mi alzo dal letto alle 6.20 per mangiare un po&#8217; degli spaghetti avanzati dal pranzo e bere un bicchiere di succo (zenzero e cannella). L&#8217;unico lato positivo \u00e8 che, durante la notte, che dovrei descrivere con termini molto meno generosi di cos\u00ec, grazie al<strong> tablet di Manass\u00e8 usato come Hot-spot, sono riuscito a scaricare un paio di applicazioni di cui ho bisogno.<\/strong><\/span><\/p>\n<p>Ho indossato la camicia colorata di Natale senza un intento preciso, anche perch\u00e9, trovandomi in stato comatoso e con 300 grammi di spaghetti scotti nello stomaco di prima mattina, non riesco nemmeno a formulare un pensiero, <strong>figurarsi se posso avere delle intenzioni mirate<\/strong>. Il fatto di non sbrodolarmi con la saliva come i neonati mi pare gi\u00e0 ottima cosa. <span style=\"font-size: 1rem;\">E&#8217; la prima domenica della novena, sono tutti ben vestiti, miracolosamente quindi l&#8217;appariscente tessuto del mio capo d&#8217;abbigliamento non sfigura, anzi, \u00e8 perfettamente adatto al contesto. Monique, appena giunto al promontorio, mi dice qualcosa. Sono troppo rintronato per capire. <strong>Sar\u00e0 francese o fufuld\u00e8? Ripete. Non capisco. Ripete, capisco che \u00e8 fufuld\u00e8. Diane, sedutale accanto, mi spiega: <\/strong><\/span><strong><em style=\"font-size: 1rem;\">&#8220;vuole dire che sei bello!&#8221;<\/em><span style=\"font-size: 1rem;\">.<\/span><\/strong><\/p>\n<p>Fatemi capire, mi trovo nell&#8217;unico posto al mondo in cui ricevo dei complimenti per il mio aspetto, ma non capisco quando e se mi vengono rivolti? Davvero si pu\u00f2 parlare di ironia della sorte? Giocato dal fato, zimbello alla corte del destino.<\/p>\n<p><img data-recalc-dims=\"1\" loading=\"lazy\" decoding=\"async\" class=\"wp-image-5052 alignleft\" src=\"https:\/\/i0.wp.com\/cumse.org\/wp-content\/uploads\/2021\/01\/WhatsApp-Image-2021-02-01-at-08.04.33.jpeg?resize=369%2C492&#038;ssl=1\" alt=\"\" width=\"369\" height=\"492\" srcset=\"https:\/\/i0.wp.com\/cumse.org\/wp-content\/uploads\/2021\/01\/WhatsApp-Image-2021-02-01-at-08.04.33.jpeg?w=1200&amp;ssl=1 1200w, https:\/\/i0.wp.com\/cumse.org\/wp-content\/uploads\/2021\/01\/WhatsApp-Image-2021-02-01-at-08.04.33.jpeg?resize=800%2C1067&amp;ssl=1 800w, https:\/\/i0.wp.com\/cumse.org\/wp-content\/uploads\/2021\/01\/WhatsApp-Image-2021-02-01-at-08.04.33.jpeg?resize=225%2C300&amp;ssl=1 225w, https:\/\/i0.wp.com\/cumse.org\/wp-content\/uploads\/2021\/01\/WhatsApp-Image-2021-02-01-at-08.04.33.jpeg?resize=768%2C1024&amp;ssl=1 768w, https:\/\/i0.wp.com\/cumse.org\/wp-content\/uploads\/2021\/01\/WhatsApp-Image-2021-02-01-at-08.04.33.jpeg?resize=1152%2C1536&amp;ssl=1 1152w\" sizes=\"auto, (max-width: 369px) 100vw, 369px\" \/><\/p>\n<p>7.30, la vita si fa beffe di me. Le donne e i loro colori sgargianti riescono a mutare le forme e i contorni della cappellina.<br \/>\nSembra di stare altrove, in un posto molto pi\u00f9 affascinante e avvolgente. <strong>Sono splendide con tutti quei loro verdi, gialli, azzurri, blu, rossi, viola<\/strong>. Ogni fantasia richiama in qualche angolo nascosto della mia memoria pezzi di momenti andati. Sembra di stare ad una sagra. <strong>Ma quanto ci mancano le sagre per altro?<br \/>\n<\/strong><span style=\"font-size: 1rem;\">Non per lamentarmi, giammai! Se vi dico che, pur vivendo in libert\u00e0 scampando al Coviddi, sento nostalgia di certi eventi, \u00e8 solo per solidariet\u00e0. E&#8217; la condizione umana, si pu\u00f2 avvertire il bisogno di qualcosa pur avendo gi\u00e0 tutto. Del resto gi\u00e0 dalla parola si evince molto. <strong>Sapevate che &#8220;sagra&#8221; \u00e8 il sostantivo femminile di sagro, antica variante di sacro?<\/strong> Io no. E&#8217; un piacere scoprire che le mie brame di socialit\u00e0 si avvicinano al divino, che le feste patronali, o quelle popolari, non siano altro che il nostro modo di tracciare degli asintoti con la condanna di poterci avvicinare senza mai toccare qualcosa di pi\u00f9 grande. <strong>Cos\u00ec come la fiera, dal primo significato latino: &#8220;giorno di festa&#8221;, chiss\u00e0 come poi tramutato successivamente nel femminile di ferus (fera) &#8220;feroce&#8221;. Forse conseguenza dell&#8217;abilit\u00e0 estrema di festeggiare propria degli antichi romani.<\/strong><\/span><\/p>\n<p>Niente ad oggi mi appare pi\u00f9 sacro di tutto quel sudore acido e appiccicaticcio straripante dalle fronti delle folle urlanti, impregnato su una trafile di magliette tarocche di band di ogni genere o, peggio ancora, raffiguranti elfi, lupi e antichi<br \/>\ncapi indiani iper-stereotipati. Nulla mi appare pi\u00f9 vitale del diritto all&#8217;evento, al momento, all&#8217;aggregazione, all&#8217;urlo sboccato.<strong> La mia indole romantica sospira davanti a tutti i ricordi di momenti che avremmo potuto vivere ma che abbiamo dovuto sacrificare o posticipare a causa della pandemia. Le dannate cover band poi, con la loro capacit\u00e0 innata di fomentare il mio odio verso l&#8217;industria musicale globale.<br \/>\n<\/strong><span style=\"font-size: 1rem;\">Non mi pronuncer\u00f2 su questa categoria di dopolavoristi, anche perch\u00e9 lo ha gi\u00e0 fatto troppo bene Giorgio Montanini<br \/>\n<\/span><span style=\"font-size: 1rem;\">(per chi non lo conoscesse: &#8220;Rivoluzione e Cover Band!&#8221; sul tubo). Mi manca persino la mia incoerenza, grazie alla quale, pur provando profondo risentimento e fomentando bile, saltavo in prima fila cantando a squarcia gola tutti i pezzi, sia che fossero di <strong>Vasco, o di Ligabue, o degli 883 o, infine, dei Guns and Roses.<br \/>\n<\/strong><\/span><span style=\"font-size: 1rem;\">La coerenza Valeryo, maledizione! S\u00ec perch\u00e9 i testi li conosci, senza accorgertene hai subito la stessa tortura di Alex in Arancia Meccanica.<br \/>\n<\/span><span style=\"font-size: 1rem;\">Il sistema ti ha inculcato nella mente milioni di canzoni senza interpellarti. Sei vittima di un massacro neuronale inconsapevole e cos\u00ec finisci a sgolarti:<\/span><em style=\"font-size: 1rem;\"> &#8220;ti brucerai, piccola stella senza cielo!&#8221;<\/em><span style=\"font-size: 1rem;\">.<br \/>\n<\/span><span style=\"font-size: 1rem;\">L&#8217;ho detto davvero? Questo ti chiedi, ma sei sempre tu che canti e balzi a perdifiato, felice, come \u00e8 felice un criceto che corre senza scopo sulla sua rotella.\u00a0 <\/span><strong><span style=\"font-size: 1rem;\">Perch\u00e9 comunque, anche non pensare (per un paio d&#8217;ore), \u00e8 un diritto. C&#8217;\u00e8 poi chi non pensa affatto, come ad esempio tutti i cittadini che, obnubilati dall&#8217;atmosfera rurale,<\/span> dopo aver ascoltato un comizio di (<em>omissis<\/em>), tra un panino con la salamella ed un concerto della brutta copia dei Queen (cantato una tonalit\u00e0 e mezza sotto all&#8217;originale), lo votano.<\/strong><\/p>\n<p><strong> Poverini, non \u00e8 colpa loro, vogliamo capirlo che dietro a queste nefandezze c&#8217;\u00e8 un sistema che rende tutti mandatari, meri esecutori privi di coscienza? Vogliamo capirlo che le sagre non c&#8217;entrano?<\/strong><br \/>\n<strong>Fermiamoci alla satira, che ci piace, ed evitiamo la politica, che ci piace meno.\u00a0<\/strong><\/p>\n<p>Su tutto mi manca la birra, la coda chilometrica alla cassa, la finta indecisione su cosa scegliere, sapendo in cuor tuo che tanto, se sei fortunato, faranno tutte pena. Posso inventarmi una statistica? Per me 9 persone su 10, almeno una volta nella vita, hanno descritto una birra spinata ad una sagra tipo cos\u00ec: <em>&#8220;niente di speciale eh, per\u00f2 beverina, fresca, scende bene!&#8221;.<\/em> L&#8217;arsura desertica delle calde notti estive mista all&#8217;incapacit\u00e0 di intendere e di volere sono le stesse che inducono i beduini a confondere con champagne l&#8217;acqua del pozzo bevuta in Borracce fatte di interiora di capra.<br \/>\n<span style=\"font-size: 1rem;\">Finita la messa c&#8217;\u00e8 la novena. Sono serio. <\/span><strong style=\"font-size: 1rem;\">Padre Alois<\/strong><span style=\"font-size: 1rem;\"> ha pensato bene di &#8220;ammortizzare i tempi&#8221; lasciandoci liberi nel pomeriggio. Sono uscito dalla chiesa alle 11.<br \/>\n<\/span><span style=\"font-size: 1rem;\">Che altro dire:<\/span><strong style=\"font-size: 1rem;\"> alleluja!<\/strong><\/p>\n<p>Le ragazze sono da sole, Claris e gli adulti sono impegnati in un ritiro spirituale, loro e il sottoscritto (fiero di non rientrare nella categoria sopra citata) viviamo qualche ora di anarchia. <strong>Riso e fagioli per tutti!<\/strong>\u00a0Mentre <strong>Laeticia<\/strong> cucina, io mi faccio abbigliare con i foulard prima da principe arabo, poi da donna africana. Eseguo magistralmente qualche imitazione femminile per suscitare <strong>l&#8217;ilarit\u00e0 generale<\/strong>. A cosa non ricorre un ego smisurato per ottenere il centro delle attenzioni? <strong>Aisha<\/strong> tira fuori un libro di indovinelli sull&#8217;Africa. La met\u00e0 delle volte non faccio in tempo a tradurre il significato della frase senza che <strong>Manass\u00e8<\/strong> non abbia gi\u00e0 trovato la soluzione giusta. Ne azzecco un paio per miracolo. Ve ne ripropongo qualcuno tanto per sfizio:<\/p>\n<p>&#8211; Sono andato in un villaggio in cui tutti i vestono di bianco o di rosso, dove sono?<br \/>\n&#8211; Quando nasce ha quattro zampe, quando cresce solo due, quando muore ne ha tre, cos&#8217;\u00e8?<br \/>\n&#8211; Non sta n\u00e8 fuori n\u00e8 dentro, cos&#8217;\u00e8?<br \/>\n&#8211; Qual \u00e8 la pianta pi\u00f9 utilizzata dall&#8217;uomo?<\/p>\n<p><em>[Avvertenza alcune soluzioni potrebbero essere deludenti, i risultati saranno pubblicati domani, mi improvviso anche in enigmistica, per i pi\u00f9 esigenti!]<\/em><\/p>\n<p><img data-recalc-dims=\"1\" loading=\"lazy\" decoding=\"async\" class=\"wp-image-5053 alignleft\" src=\"https:\/\/i0.wp.com\/cumse.org\/wp-content\/uploads\/2021\/01\/WhatsApp-Image-2021-02-01-at-08.04.39.jpeg?resize=495%2C372&#038;ssl=1\" alt=\"\" width=\"495\" height=\"372\" srcset=\"https:\/\/i0.wp.com\/cumse.org\/wp-content\/uploads\/2021\/01\/WhatsApp-Image-2021-02-01-at-08.04.39.jpeg?w=1600&amp;ssl=1 1600w, https:\/\/i0.wp.com\/cumse.org\/wp-content\/uploads\/2021\/01\/WhatsApp-Image-2021-02-01-at-08.04.39.jpeg?resize=1200%2C900&amp;ssl=1 1200w, https:\/\/i0.wp.com\/cumse.org\/wp-content\/uploads\/2021\/01\/WhatsApp-Image-2021-02-01-at-08.04.39.jpeg?resize=300%2C225&amp;ssl=1 300w, https:\/\/i0.wp.com\/cumse.org\/wp-content\/uploads\/2021\/01\/WhatsApp-Image-2021-02-01-at-08.04.39.jpeg?resize=1024%2C768&amp;ssl=1 1024w, https:\/\/i0.wp.com\/cumse.org\/wp-content\/uploads\/2021\/01\/WhatsApp-Image-2021-02-01-at-08.04.39.jpeg?resize=768%2C576&amp;ssl=1 768w, https:\/\/i0.wp.com\/cumse.org\/wp-content\/uploads\/2021\/01\/WhatsApp-Image-2021-02-01-at-08.04.39.jpeg?resize=1536%2C1152&amp;ssl=1 1536w, https:\/\/i0.wp.com\/cumse.org\/wp-content\/uploads\/2021\/01\/WhatsApp-Image-2021-02-01-at-08.04.39.jpeg?w=1280&amp;ssl=1 1280w\" sizes=\"auto, (max-width: 495px) 100vw, 495px\" \/><\/p>\n<p>Manass\u00e8 \u00e8 stanco morto, ha raccolto gli avocado prima di bighellonare insieme a me con gli indovinelli delle fanciulline.<br \/>\nTuttavia si \u00e8 impegnato ad accompagnarmi a casa di Joseph, gli tocca cambiarsi al volo per farmi strada e mantenere la parola data.<br \/>\n<strong>L&#8217;accoglienza \u00e8 semplice e calorosa.<\/strong> La moglie del mio maestro mi stringe la mano mentre con l&#8217;altra sostiene il piccolo Innonciance.<strong> Ebenia<\/strong> (7 anni) spunta da sinistra, nudo come mamma lo ha fatto. Lo saluto, senza stringergli la mano, mi sono imbarazzato.<\/p>\n<p>Lo stabile ha le pareti rosa, gli infissi in metallo e un controsoffitto costruito con i classici pannelli di legno che si trovano qui. <strong>Gi\u00e0 molto lussuosa, nella sua essenzialit\u00e0, rispetto a qualche capanna dal tetto in paglia poco distante.<\/strong> L&#8217;interno della sala, l&#8217;unico che ho avuto modo di vedere, ha due divani marroni posti sui lati lunghi.<br \/>\nLe trame del tessuto compongono delle fantasie arabesche beige. Sul fondo del salottino \u00e8 posto un piccolo mobile, podio per la tv di modeste dimensioni. Appesi dondolano delle decorazioni natalizie. Sparsi qua e l\u00e0 i giochi dei bambini. <strong>Un triciclo blu, una macchinina verde, una culla bianca per il cucciolino minore.<\/strong> Sono reduce da un piatto di riso e fagioli di quasi 500gr ingurgitato alle 14.<\/p>\n<p>La padrona di casa mi chiede se ho mai assaggiato le sue specialit\u00e0, sarei pieno, non devo mangiare molto, basta un assaggio. <strong>Insomma \u00e8 la classica dinamica in cui il rifiuto non \u00e8 contemplato. Avanti con le portate del pranzo numero 2! <\/strong>Il delicato piatto \u00e8 composto da un trancetto di pesce fritto, delle verdurine soffritte e tre pezzi di soia in stile tofu. Accompagno il tutto con un succo estratto dai medesimi semi. Che si tratti di latte di soia? Boh, \u00e8 buono, va bene cos\u00ec. Si discute piacevolmente, un po&#8217; del pi\u00f9 e del meno. Di tanto in tanto sua moglie allatta il piccolo <strong>Innociance<\/strong>, al momento, sfortunatamente, un po&#8217; malaticcio.<\/p>\n<p>Joseph mi racconta qualcosa sulle trib\u00f9 della zona, un programma in tv tratta della situazione di crisi in Colombia, poi della fertilizzazione di campi per via aerea, dove lui vede progresso, io vedo posti di lavoro tagliati. L&#8217;aereo sar\u00e0 anche pi\u00f9 rapido per passare i prodotti chimici, ma i bianchi si arricchiscono sulla sofferenza altrui. Ne conviene con me.<\/p>\n<table style=\"width: 100%; border-collapse: collapse;\" border=\"0\">\n<tbody>\n<tr>\n<td style=\"width: 100%; background-color: red; text-align: center; vertical-align: top;\">\n<h4><a href=\"\/servizio-civile-universale\"><span style=\"color: #ffffff;\"><strong>Per saperne di pi\u00f9 sul Servizio Civile Universale &#8211; SCU &#8211; clicca qu\u00ec!<\/strong><\/span><\/a><\/h4>\n<\/td>\n<\/tr>\n<\/tbody>\n<\/table>\n<p>Guardiamo un mezzo film americano ma poi il mio mentore zippa su una serie africana. E&#8217; d&#8217;obbligo descrivere le due sole scene a cui ho assistito. <strong>Primo piano: due donne gridano, una le molla una centra fortissima con l&#8217;effetto velocizzato che siamo stati abituati a conoscere attraverso i film di Bud Spencer e Terence Hill, l&#8217;altra ricambia.<\/strong> <strong>Seconda scena: entra un uomo, le sgrida, una se ne va, l&#8217;altra resta e gli molla un ceffone ancora pi\u00f9 pesante del suo <\/strong><strong>predecessore.<\/strong> L&#8217;uomo \u00e8 un ispettore di polizia, la bulla rischia una denuncia per oltraggio a pubblico ufficiale. Stupendo. <strong>E&#8217; trash o magia? A voi il verdetto finale!<\/strong><\/p>\n<p>Sono le 19, Joseph ci scorta in sella alla sua moto. Nel pomeriggio abbiamo comprato qualche barretta di cioccolato e dei biscotti da distribuire un po&#8217; a tutti.<br \/>\nCi fermiamo dunque a casa delle ragazze, il mio socio spilungone \u00e8 in ritardo e scappa da suor Nicole. Io resto per la preghiera e la distribuzione dei viveri.<br \/>\nIl delirio collettivo definisce la gioia scaturita alla vista delle barrette Mambo (marca del cioccolato) al latte.<\/p>\n<p>Esigo essere adulato, domando loro: <em>&#8220;noi ragazzi siamo o non siamo i numeri uno?&#8221;<br \/>\n<\/em><span style=\"font-size: 1rem;\">Mi congedo tra gli applausi della <em>standing ovation<\/em>.<br \/>\n<\/span><span style=\"font-size: 1rem;\">Ho una guerra da vincere, un conto in sospeso con una certa <strong>zanzara..<\/strong>.<\/span><\/p>\n","protected":false},"excerpt":{"rendered":"<p>Vorrei tanto raccontarvi della stupenda notte che ho passato&#8230; Se ne avessi trascorsa una stupenda. Invece no! Le zanzare. Sempre loro. Eppure pensavo di essermela cavata egregiamente. Ho ben appreso, avendo molto tempo da perdere, che qui ne esistono due tipi. Quelle piccole e grigie. Stupide, lente, facili da seccare. All&#8217;angolo rosso del ring invece [&hellip;]<\/p>\n","protected":false},"author":1,"featured_media":4983,"comment_status":"closed","ping_status":"closed","sticky":false,"template":"","format":"standard","meta":{"_jetpack_memberships_contains_paid_content":false,"footnotes":""},"categories":[62],"tags":[68,67,65,66],"class_list":["post-4070","post","type-post","status-publish","format-standard","has-post-thumbnail","hentry","category-travaler","tag-camerun","tag-fondazione-cumse","tag-scu","tag-servizio-civile-universale"],"yoast_head":"<!-- This site is optimized with the Yoast SEO plugin v27.3 - https:\/\/yoast.com\/product\/yoast-seo-wordpress\/ -->\n<title>31 gennaio - Indovina chi viene a pranzo? - Fondazione Cumse ETS<\/title>\n<meta name=\"description\" content=\"SCU - Valeryo Falcone, civilista di Fondazione Cumse, racconta la sua esperienza in modo leggero e divertente. SEGUITE LA SUA STORIA!\" \/>\n<meta name=\"robots\" content=\"index, follow, max-snippet:-1, max-image-preview:large, max-video-preview:-1\" \/>\n<link rel=\"canonical\" href=\"https:\/\/cumse.org\/fr\/indovina-chi-viene-a-pranzo-scu-in-camerun\/\" \/>\n<meta property=\"og:locale\" content=\"fr_FR\" \/>\n<meta property=\"og:type\" content=\"article\" \/>\n<meta property=\"og:title\" content=\"31 gennaio - Indovina chi viene a pranzo? - Fondazione Cumse ETS\" \/>\n<meta property=\"og:description\" content=\"SCU - Valeryo Falcone, civilista di Fondazione Cumse, racconta la sua esperienza in modo leggero e divertente. SEGUITE LA SUA STORIA!\" \/>\n<meta property=\"og:url\" content=\"https:\/\/cumse.org\/fr\/indovina-chi-viene-a-pranzo-scu-in-camerun\/\" \/>\n<meta property=\"og:site_name\" content=\"Fondazione Cumse ETS\" \/>\n<meta property=\"article:published_time\" content=\"2021-01-31T15:04:18+00:00\" \/>\n<meta property=\"article:modified_time\" content=\"2021-03-30T18:37:50+00:00\" \/>\n<meta property=\"og:image\" content=\"https:\/\/cumse.org\/wp-content\/uploads\/2021\/01\/975bcbf9-2a4d-40c7-abfd-e00aa3cfd104.jpg\" \/>\n\t<meta property=\"og:image:width\" content=\"1600\" \/>\n\t<meta property=\"og:image:height\" content=\"1200\" \/>\n\t<meta property=\"og:image:type\" content=\"image\/jpeg\" \/>\n<meta name=\"author\" content=\"admin\" \/>\n<meta name=\"twitter:card\" content=\"summary_large_image\" \/>\n<meta name=\"twitter:label1\" content=\"\u00c9crit par\" \/>\n\t<meta name=\"twitter:data1\" content=\"admin\" \/>\n\t<meta name=\"twitter:label2\" content=\"Dur\u00e9e de lecture estim\u00e9e\" \/>\n\t<meta name=\"twitter:data2\" content=\"10 minutes\" \/>\n<script type=\"application\/ld+json\" class=\"yoast-schema-graph\">{\"@context\":\"https:\\\/\\\/schema.org\",\"@graph\":[{\"@type\":\"Article\",\"@id\":\"https:\\\/\\\/cumse.org\\\/indovina-chi-viene-a-pranzo-scu-in-camerun\\\/#article\",\"isPartOf\":{\"@id\":\"https:\\\/\\\/cumse.org\\\/indovina-chi-viene-a-pranzo-scu-in-camerun\\\/\"},\"author\":{\"name\":\"admin\",\"@id\":\"https:\\\/\\\/cumse.org\\\/#\\\/schema\\\/person\\\/d8802c7f9d251c013018b375be80cb06\"},\"headline\":\"31 gennaio &#8211; Indovina chi viene a pranzo?\",\"datePublished\":\"2021-01-31T15:04:18+00:00\",\"dateModified\":\"2021-03-30T18:37:50+00:00\",\"mainEntityOfPage\":{\"@id\":\"https:\\\/\\\/cumse.org\\\/indovina-chi-viene-a-pranzo-scu-in-camerun\\\/\"},\"wordCount\":2047,\"image\":{\"@id\":\"https:\\\/\\\/cumse.org\\\/indovina-chi-viene-a-pranzo-scu-in-camerun\\\/#primaryimage\"},\"thumbnailUrl\":\"https:\\\/\\\/i0.wp.com\\\/cumse.org\\\/wp-content\\\/uploads\\\/2021\\\/01\\\/975bcbf9-2a4d-40c7-abfd-e00aa3cfd104.jpg?fit=1600%2C1200&ssl=1\",\"keywords\":[\"Camerun\",\"Fondazione Cumse\",\"SCU\",\"Servizio Civile Universale\"],\"articleSection\":[\"TrAvaler\"],\"inLanguage\":\"fr-FR\"},{\"@type\":\"WebPage\",\"@id\":\"https:\\\/\\\/cumse.org\\\/indovina-chi-viene-a-pranzo-scu-in-camerun\\\/\",\"url\":\"https:\\\/\\\/cumse.org\\\/indovina-chi-viene-a-pranzo-scu-in-camerun\\\/\",\"name\":\"31 gennaio - Indovina chi viene a pranzo? - Fondazione Cumse ETS\",\"isPartOf\":{\"@id\":\"https:\\\/\\\/cumse.org\\\/#website\"},\"primaryImageOfPage\":{\"@id\":\"https:\\\/\\\/cumse.org\\\/indovina-chi-viene-a-pranzo-scu-in-camerun\\\/#primaryimage\"},\"image\":{\"@id\":\"https:\\\/\\\/cumse.org\\\/indovina-chi-viene-a-pranzo-scu-in-camerun\\\/#primaryimage\"},\"thumbnailUrl\":\"https:\\\/\\\/i0.wp.com\\\/cumse.org\\\/wp-content\\\/uploads\\\/2021\\\/01\\\/975bcbf9-2a4d-40c7-abfd-e00aa3cfd104.jpg?fit=1600%2C1200&ssl=1\",\"datePublished\":\"2021-01-31T15:04:18+00:00\",\"dateModified\":\"2021-03-30T18:37:50+00:00\",\"author\":{\"@id\":\"https:\\\/\\\/cumse.org\\\/#\\\/schema\\\/person\\\/d8802c7f9d251c013018b375be80cb06\"},\"description\":\"SCU - Valeryo Falcone, civilista di Fondazione Cumse, racconta la sua esperienza in modo leggero e divertente. SEGUITE LA SUA STORIA!\",\"breadcrumb\":{\"@id\":\"https:\\\/\\\/cumse.org\\\/indovina-chi-viene-a-pranzo-scu-in-camerun\\\/#breadcrumb\"},\"inLanguage\":\"fr-FR\",\"potentialAction\":[{\"@type\":\"ReadAction\",\"target\":[\"https:\\\/\\\/cumse.org\\\/indovina-chi-viene-a-pranzo-scu-in-camerun\\\/\"]}]},{\"@type\":\"ImageObject\",\"inLanguage\":\"fr-FR\",\"@id\":\"https:\\\/\\\/cumse.org\\\/indovina-chi-viene-a-pranzo-scu-in-camerun\\\/#primaryimage\",\"url\":\"https:\\\/\\\/i0.wp.com\\\/cumse.org\\\/wp-content\\\/uploads\\\/2021\\\/01\\\/975bcbf9-2a4d-40c7-abfd-e00aa3cfd104.jpg?fit=1600%2C1200&ssl=1\",\"contentUrl\":\"https:\\\/\\\/i0.wp.com\\\/cumse.org\\\/wp-content\\\/uploads\\\/2021\\\/01\\\/975bcbf9-2a4d-40c7-abfd-e00aa3cfd104.jpg?fit=1600%2C1200&ssl=1\",\"width\":1600,\"height\":1200},{\"@type\":\"BreadcrumbList\",\"@id\":\"https:\\\/\\\/cumse.org\\\/indovina-chi-viene-a-pranzo-scu-in-camerun\\\/#breadcrumb\",\"itemListElement\":[{\"@type\":\"ListItem\",\"position\":1,\"name\":\"Home\",\"item\":\"https:\\\/\\\/cumse.org\\\/\"},{\"@type\":\"ListItem\",\"position\":2,\"name\":\"31 gennaio &#8211; Indovina chi viene a pranzo?\"}]},{\"@type\":\"WebSite\",\"@id\":\"https:\\\/\\\/cumse.org\\\/#website\",\"url\":\"https:\\\/\\\/cumse.org\\\/\",\"name\":\"Fondazione Cumse ETS\",\"description\":\"Siamo dove gli altri distolgono lo sguardo\",\"potentialAction\":[{\"@type\":\"SearchAction\",\"target\":{\"@type\":\"EntryPoint\",\"urlTemplate\":\"https:\\\/\\\/cumse.org\\\/?s={search_term_string}\"},\"query-input\":{\"@type\":\"PropertyValueSpecification\",\"valueRequired\":true,\"valueName\":\"search_term_string\"}}],\"inLanguage\":\"fr-FR\"},{\"@type\":\"Person\",\"@id\":\"https:\\\/\\\/cumse.org\\\/#\\\/schema\\\/person\\\/d8802c7f9d251c013018b375be80cb06\",\"name\":\"admin\",\"image\":{\"@type\":\"ImageObject\",\"inLanguage\":\"fr-FR\",\"@id\":\"https:\\\/\\\/secure.gravatar.com\\\/avatar\\\/7fcee464d094e0b490b50408a0c7356276eedd5a17796d503ee821451b764c37?s=96&d=mm&r=g\",\"url\":\"https:\\\/\\\/secure.gravatar.com\\\/avatar\\\/7fcee464d094e0b490b50408a0c7356276eedd5a17796d503ee821451b764c37?s=96&d=mm&r=g\",\"contentUrl\":\"https:\\\/\\\/secure.gravatar.com\\\/avatar\\\/7fcee464d094e0b490b50408a0c7356276eedd5a17796d503ee821451b764c37?s=96&d=mm&r=g\",\"caption\":\"admin\"}}]}<\/script>\n<!-- \/ Yoast SEO plugin. -->","yoast_head_json":{"title":"31 gennaio - Indovina chi viene a pranzo? - Fondazione Cumse ETS","description":"SCU - Valeryo Falcone, civilista di Fondazione Cumse, racconta la sua esperienza in modo leggero e divertente. SEGUITE LA SUA STORIA!","robots":{"index":"index","follow":"follow","max-snippet":"max-snippet:-1","max-image-preview":"max-image-preview:large","max-video-preview":"max-video-preview:-1"},"canonical":"https:\/\/cumse.org\/fr\/indovina-chi-viene-a-pranzo-scu-in-camerun\/","og_locale":"fr_FR","og_type":"article","og_title":"31 gennaio - Indovina chi viene a pranzo? - Fondazione Cumse ETS","og_description":"SCU - Valeryo Falcone, civilista di Fondazione Cumse, racconta la sua esperienza in modo leggero e divertente. SEGUITE LA SUA STORIA!","og_url":"https:\/\/cumse.org\/fr\/indovina-chi-viene-a-pranzo-scu-in-camerun\/","og_site_name":"Fondazione Cumse ETS","article_published_time":"2021-01-31T15:04:18+00:00","article_modified_time":"2021-03-30T18:37:50+00:00","og_image":[{"width":1600,"height":1200,"url":"https:\/\/cumse.org\/wp-content\/uploads\/2021\/01\/975bcbf9-2a4d-40c7-abfd-e00aa3cfd104.jpg","type":"image\/jpeg"}],"author":"admin","twitter_card":"summary_large_image","twitter_misc":{"\u00c9crit par":"admin","Dur\u00e9e de lecture estim\u00e9e":"10 minutes"},"schema":{"@context":"https:\/\/schema.org","@graph":[{"@type":"Article","@id":"https:\/\/cumse.org\/indovina-chi-viene-a-pranzo-scu-in-camerun\/#article","isPartOf":{"@id":"https:\/\/cumse.org\/indovina-chi-viene-a-pranzo-scu-in-camerun\/"},"author":{"name":"admin","@id":"https:\/\/cumse.org\/#\/schema\/person\/d8802c7f9d251c013018b375be80cb06"},"headline":"31 gennaio &#8211; Indovina chi viene a pranzo?","datePublished":"2021-01-31T15:04:18+00:00","dateModified":"2021-03-30T18:37:50+00:00","mainEntityOfPage":{"@id":"https:\/\/cumse.org\/indovina-chi-viene-a-pranzo-scu-in-camerun\/"},"wordCount":2047,"image":{"@id":"https:\/\/cumse.org\/indovina-chi-viene-a-pranzo-scu-in-camerun\/#primaryimage"},"thumbnailUrl":"https:\/\/i0.wp.com\/cumse.org\/wp-content\/uploads\/2021\/01\/975bcbf9-2a4d-40c7-abfd-e00aa3cfd104.jpg?fit=1600%2C1200&ssl=1","keywords":["Camerun","Fondazione Cumse","SCU","Servizio Civile Universale"],"articleSection":["TrAvaler"],"inLanguage":"fr-FR"},{"@type":"WebPage","@id":"https:\/\/cumse.org\/indovina-chi-viene-a-pranzo-scu-in-camerun\/","url":"https:\/\/cumse.org\/indovina-chi-viene-a-pranzo-scu-in-camerun\/","name":"31 gennaio - Indovina chi viene a pranzo? - Fondazione Cumse ETS","isPartOf":{"@id":"https:\/\/cumse.org\/#website"},"primaryImageOfPage":{"@id":"https:\/\/cumse.org\/indovina-chi-viene-a-pranzo-scu-in-camerun\/#primaryimage"},"image":{"@id":"https:\/\/cumse.org\/indovina-chi-viene-a-pranzo-scu-in-camerun\/#primaryimage"},"thumbnailUrl":"https:\/\/i0.wp.com\/cumse.org\/wp-content\/uploads\/2021\/01\/975bcbf9-2a4d-40c7-abfd-e00aa3cfd104.jpg?fit=1600%2C1200&ssl=1","datePublished":"2021-01-31T15:04:18+00:00","dateModified":"2021-03-30T18:37:50+00:00","author":{"@id":"https:\/\/cumse.org\/#\/schema\/person\/d8802c7f9d251c013018b375be80cb06"},"description":"SCU - Valeryo Falcone, civilista di Fondazione Cumse, racconta la sua esperienza in modo leggero e divertente. SEGUITE LA SUA STORIA!","breadcrumb":{"@id":"https:\/\/cumse.org\/indovina-chi-viene-a-pranzo-scu-in-camerun\/#breadcrumb"},"inLanguage":"fr-FR","potentialAction":[{"@type":"ReadAction","target":["https:\/\/cumse.org\/indovina-chi-viene-a-pranzo-scu-in-camerun\/"]}]},{"@type":"ImageObject","inLanguage":"fr-FR","@id":"https:\/\/cumse.org\/indovina-chi-viene-a-pranzo-scu-in-camerun\/#primaryimage","url":"https:\/\/i0.wp.com\/cumse.org\/wp-content\/uploads\/2021\/01\/975bcbf9-2a4d-40c7-abfd-e00aa3cfd104.jpg?fit=1600%2C1200&ssl=1","contentUrl":"https:\/\/i0.wp.com\/cumse.org\/wp-content\/uploads\/2021\/01\/975bcbf9-2a4d-40c7-abfd-e00aa3cfd104.jpg?fit=1600%2C1200&ssl=1","width":1600,"height":1200},{"@type":"BreadcrumbList","@id":"https:\/\/cumse.org\/indovina-chi-viene-a-pranzo-scu-in-camerun\/#breadcrumb","itemListElement":[{"@type":"ListItem","position":1,"name":"Home","item":"https:\/\/cumse.org\/"},{"@type":"ListItem","position":2,"name":"31 gennaio &#8211; Indovina chi viene a pranzo?"}]},{"@type":"WebSite","@id":"https:\/\/cumse.org\/#website","url":"https:\/\/cumse.org\/","name":"Fondazione Cumse ETS","description":"Siamo dove gli altri distolgono lo sguardo","potentialAction":[{"@type":"SearchAction","target":{"@type":"EntryPoint","urlTemplate":"https:\/\/cumse.org\/?s={search_term_string}"},"query-input":{"@type":"PropertyValueSpecification","valueRequired":true,"valueName":"search_term_string"}}],"inLanguage":"fr-FR"},{"@type":"Person","@id":"https:\/\/cumse.org\/#\/schema\/person\/d8802c7f9d251c013018b375be80cb06","name":"admin","image":{"@type":"ImageObject","inLanguage":"fr-FR","@id":"https:\/\/secure.gravatar.com\/avatar\/7fcee464d094e0b490b50408a0c7356276eedd5a17796d503ee821451b764c37?s=96&d=mm&r=g","url":"https:\/\/secure.gravatar.com\/avatar\/7fcee464d094e0b490b50408a0c7356276eedd5a17796d503ee821451b764c37?s=96&d=mm&r=g","contentUrl":"https:\/\/secure.gravatar.com\/avatar\/7fcee464d094e0b490b50408a0c7356276eedd5a17796d503ee821451b764c37?s=96&d=mm&r=g","caption":"admin"}}]}},"jetpack_featured_media_url":"https:\/\/i0.wp.com\/cumse.org\/wp-content\/uploads\/2021\/01\/975bcbf9-2a4d-40c7-abfd-e00aa3cfd104.jpg?fit=1600%2C1200&ssl=1","jetpack_sharing_enabled":true,"_links":{"self":[{"href":"https:\/\/cumse.org\/fr\/wp-json\/wp\/v2\/posts\/4070","targetHints":{"allow":["GET"]}}],"collection":[{"href":"https:\/\/cumse.org\/fr\/wp-json\/wp\/v2\/posts"}],"about":[{"href":"https:\/\/cumse.org\/fr\/wp-json\/wp\/v2\/types\/post"}],"author":[{"embeddable":true,"href":"https:\/\/cumse.org\/fr\/wp-json\/wp\/v2\/users\/1"}],"replies":[{"embeddable":true,"href":"https:\/\/cumse.org\/fr\/wp-json\/wp\/v2\/comments?post=4070"}],"version-history":[{"count":0,"href":"https:\/\/cumse.org\/fr\/wp-json\/wp\/v2\/posts\/4070\/revisions"}],"wp:featuredmedia":[{"embeddable":true,"href":"https:\/\/cumse.org\/fr\/wp-json\/wp\/v2\/media\/4983"}],"wp:attachment":[{"href":"https:\/\/cumse.org\/fr\/wp-json\/wp\/v2\/media?parent=4070"}],"wp:term":[{"taxonomy":"category","embeddable":true,"href":"https:\/\/cumse.org\/fr\/wp-json\/wp\/v2\/categories?post=4070"},{"taxonomy":"post_tag","embeddable":true,"href":"https:\/\/cumse.org\/fr\/wp-json\/wp\/v2\/tags?post=4070"}],"curies":[{"name":"wp","href":"https:\/\/api.w.org\/{rel}","templated":true}]}}