{"id":4000,"date":"2021-01-29T15:46:38","date_gmt":"2021-01-29T14:46:38","guid":{"rendered":"https:\/\/cumse.org\/?p=4000"},"modified":"2021-03-17T15:33:55","modified_gmt":"2021-03-17T14:33:55","slug":"seee-questo-e-un-uomo-scu-in-camerun","status":"publish","type":"post","link":"https:\/\/cumse.org\/fr\/seee-questo-e-un-uomo-scu-in-camerun\/","title":{"rendered":"29 gennaio &#8211; &#8220;Seee&#8230; questo \u00e8 un uomo?&#8221;"},"content":{"rendered":"<p>Perdonerete l&#8217;eresia di questo titolo aggressivo, ma arriviamo dritti dritti dalla giornata della memoria e io sono ancora in fase metabolizzante.<\/p>\n<p>Non mi permetterei mai di fare allusioni al tema, il gioco di parole si presta per trattare ben altri argomenti. Ebbene s\u00ec, <strong>la mia virilit\u00e0 \u00e8 stata messa alla prova<\/strong>.<br \/>\nSono figlio della societ\u00e0 occidentale, in cui i maschi guadagnano ancora pi\u00f9 delle femmine, in cui le femmine subiscono ancora mobbing sul lavoro, in cui, sempre i maschi si rifanno le sopracciglia e, sempre le femmine non si radono i peli delle ascelle per protesta. Insomma vengo da l\u00ec.<\/p>\n<p>Pur ritenendo l&#8217;universo femminile una creazione decisamente pi\u00f9 evoluta e complessa di quello maschile, pu\u00f2 essere che inconsciamente io abbia serbato degli stereotipi capaci di consolidare delle convinzioni non sempre vere. Vedete?<\/p>\n<p>Non oso dire FALSE. Sono involontariamente maschilista? Non saprei. &#8220;Donna al volante pericolo costante&#8230; vero o falso? DIPENDE!&#8221;. Facciamo un analisi veloce.<\/p>\n<p>Dunque, tutte le volte in cui anzich\u00e9 dire:\u00a0&#8220;quella persona \u00e8 coraggiosa&#8221; o &#8220;ha fegato&#8221;, dico &#8220;ha le palle&#8221; o &#8220;2 palle quadre&#8221; o &#8220;2 palle cos\u00ec (con gesto annesso)&#8221;, offendo le quote rosa.<br \/>\n<strong>Tutte le volte in cui la mia faccia assume una espressione da ebete mista a quella che potrebbe assumere un pesce palla in stato comatoso nello sbirciare la scollatura o il didietro di un esemplare femmina, impongo la mia convinzione di superiorit\u00e0. Eh s\u00ec perch\u00e9 da dove mai potrebbe derivarmi il diritto di inquietare psicologicamente<\/strong><br \/>\n<strong>una giovane donna con i miei lineamenti usciti direttamente da un Kandinskij?<\/strong><\/p>\n<p>Solo l&#8217;atavica convinzione di poterlo fare. Altrimenti non si spiega. La mano morta poi? C&#8217;\u00e8 davvero qualcuno che<br \/>\nancora esercita queste pratiche? Forse s\u00ec, probabilmente \u00e8 un maschio. Ma attenzione. Non sono qui per inimicarmi gli amici. N\u00e9 per arruffianarmi le donzelle con facili favoritismi. Il mio ragionamento, <strong>di matrice maschia, nasce dal fatto che oggi tutte queste convinzioni inconsce o consce che fossero, sono andate bellamente a farsi benedire.<\/strong><\/p>\n<p>Penso in fin dei conti che sia solo un bene liberarsi di ci\u00f2 che il mondo ti ha inculcato senza che tu glielo abbia chiesto. Certo sarebbe stato carino trovare una maniera un po&#8217; meno umiliante ma va bene cos\u00ec, mi ritengo privilegiato (questo si chiama saper perdere!). Lasciatemi spiegare.<\/p>\n<p>Mi sono svegliato alle 8 perch\u00e9 la sveglia ha stranamente ammutinato. Primo segno di debolezza. La voglio giocare su questo piano, molto banalmente, come a &#8220;Ciao Darwin&#8221;. <strong>Maschi Alpha da una parte, femminucce dall&#8217;altra. Spoiler i maschi Alpha perdono di brutto.<\/strong><\/p>\n<p>Non avendo nulla in agenda mi sono recato da Claris per approfondire ancora un po&#8217; le mie conoscenze riguardo alla condizione femminile. Devo ammettere che queste discussioni sono davvero edificanti, la mia contro interlocutrice \u00e8 saggia e conosce molto bene <strong>la realt\u00e0 sociologia e antropologica della sua nazione<\/strong>. Il dialogo naufraga su argomenti di ogni tipo, dalle potenzialit\u00e0 della <em>moringa<\/em>, a quelle dell&#8217;<strong>albero di Neem<\/strong> (ammesso che si scriva cos\u00ec), fino alla sua tesi di dottorato in &#8220;<em>Food Technology<\/em>&#8221; che da quel che ho potuto comprendere \u00e8 indirizzata allo studio dei processi di<strong> lavorazione e conservazione dei cibi.<\/strong><\/p>\n<p>Scopro che non solo il metodo di lavorazione delle materie prime \u00e8 fondamentale, anche la quantit\u00e0 di cibo trattata fa la differenza. Non \u00e8 sempre facile quindi processare la maggior quantit\u00e0 possibile per ottenere un prodotto finito della miglior qualit\u00e0. Davvero molto interessante.<br \/>\nTornando alle donne, mi spiega che loro sono quelle emarginate, \u00e8 pi\u00f9 difficile trovare un uomo vessato da condizioni di indigenza disperata<strong>, i maschi dotati di forza fisica, per selezione naturale, qualcosa si inventano, un lavoro anche mal pagato lo fan saltare fuori, per le femmine la questione \u00e8 diversa.<\/strong><\/p>\n<p>Pu\u00f2 capitare di trovarle in strada a<strong> fare l&#8217;elemosina, o intente a prostituirsi, le pi\u00f9 fortunate, tra le mura di casa, le altre (quelle che una dimora non ce l&#8217;hanno) tra i cespugli della savana<\/strong>. Anche la prostituzione assume forme diverse, nelle citt\u00e0 grandi \u00e8 sviluppata con il classico sistema gerarchico del protettore.<br \/>\nPer le classi pi\u00f9 agiate esistono i bordelli. <strong>Nei piccoli paesini e nelle realt\u00e0 rurali invece \u00e8 un mestiere privato, un business come un altro per arrancare alla fine del mese.<\/strong><\/p>\n<p>Philomene \u00e8 malaticcia, cos\u00ec come Pierrette. &#8220;DEBOLI!&#8221; penso. Forse hanno un accenno di malaria, mi spiega Claris. &#8220;Ah e camminano ancora? Forti!&#8221;. Diane zoppica.<br \/>\n&#8220;Ha rotto una gamba!&#8221;. &#8220;Ma cammina non ha il gesso!&#8221;; &#8220;gesso?&#8221; continua Claris &#8220;la gamba con il tempo si sistemer\u00e0 da sola, non ha bisogno del gesso!&#8221;.<br \/>\nPenso a come starei io con una gamba rotta: immagino mia madre in lacrime al mio capezzale, gli amici con gli Uni-posca pronti a disegnarmi una dedica (fallica) all&#8217;altezza del ginocchio, mio padre che sospira preoccupato vicino a mio fratello. Io che imploro la vista di un prete per l&#8217;estremo saluto. <strong>Diane invece cammina, ha una faccia un po&#8217; sbattuta, ma marcia e sta ritta sulla schiena. Mi sa che la selezione naturale qui ha dei livelli ancor pi\u00f9 alti di quelli che ingenuamente immaginavo.<\/strong><\/p>\n<p>Rientrato a casa trovo <strong>Godyene<\/strong>, e ancor prima di lei, noto i segni del suo passaggio. Il pavimento \u00e8 uno specchio, le finestre spalancate arieggiano bene il soggiorno, dalla cucina arriva un aroma a dir poco interessante.<br \/>\nLa sua mano santa \u00e8 ovunque. Primo esempio di superiorit\u00e0, io non sarei capace n\u00e8 per indole n\u00e8 per abilit\u00e0, di raggiungere simili risultati. Mi attende un&#8217;insalata di avocado (roba che mi fa impazzire) e un piatto con bistecca di Zib\u00f9 e patate al forno, il tutto contornato da cipolle fresche (che io abitualmente chiamo: &#8220;le caramelle della natura&#8221;, Calabria docet).<strong> 1 a 0<\/strong> per le donne.<\/p>\n<p><img data-recalc-dims=\"1\" loading=\"lazy\" decoding=\"async\" class=\"wp-image-4889 alignleft\" src=\"https:\/\/i0.wp.com\/cumse.org\/wp-content\/uploads\/2021\/01\/WhatsApp-Image-2021-01-30-at-00.10.04.jpeg?resize=330%2C440&#038;ssl=1\" alt=\"\" width=\"330\" height=\"440\" srcset=\"https:\/\/i0.wp.com\/cumse.org\/wp-content\/uploads\/2021\/01\/WhatsApp-Image-2021-01-30-at-00.10.04.jpeg?w=1200&amp;ssl=1 1200w, https:\/\/i0.wp.com\/cumse.org\/wp-content\/uploads\/2021\/01\/WhatsApp-Image-2021-01-30-at-00.10.04.jpeg?resize=800%2C1067&amp;ssl=1 800w, https:\/\/i0.wp.com\/cumse.org\/wp-content\/uploads\/2021\/01\/WhatsApp-Image-2021-01-30-at-00.10.04.jpeg?resize=225%2C300&amp;ssl=1 225w, https:\/\/i0.wp.com\/cumse.org\/wp-content\/uploads\/2021\/01\/WhatsApp-Image-2021-01-30-at-00.10.04.jpeg?resize=768%2C1024&amp;ssl=1 768w, https:\/\/i0.wp.com\/cumse.org\/wp-content\/uploads\/2021\/01\/WhatsApp-Image-2021-01-30-at-00.10.04.jpeg?resize=1152%2C1536&amp;ssl=1 1152w\" sizes=\"auto, (max-width: 330px) 100vw, 330px\" \/><\/p>\n<p>Vorrei organizzare una partita di calcio nel pomeriggio ma \u00e8 iniziata la novena, dunque bisogna rispettare gli impegni istituzionali. Vado a casa delle ragazze verso le 16.30 di modo da fare la strada insieme.<strong> Brenda mi insegue. 7 anni, \u00e8 scappata dalle mani della nonna per salutarmi e bighellonare con me<\/strong>. Io a 7 anni non sapevo nemmeno allacciarmi le scarpe.<strong> 2 a 0<\/strong> per loro. (Per tutti coloro che lo stanno pensando la risposta \u00e8: No, non sono io ad essere scarso, son loro che son toste!).<\/p>\n<p>Sulla soglia trovo<strong> Aisha<\/strong> con un secchio e un coltello in mano. Deve tagliare dei rami di alberi per le decorazioni della chiesa. Servono fiori e foglie per abbellire il modesto altare di cemento situato al centro della cappellina sul promontorio. Mi chiede aiuto. Non ha la taglia adatta per arrivare tanto in alto. Forse \u00e8 la volta buona che segno un punto a nostro favore. <strong>Mi arrampico sulla pianta, ancora troppo giovane per reggere il mio peso. Rischio di spezzare tutto.<\/strong><\/p>\n<p>Scendo, lei in infradito si sale come cita, fa per tagliare, il coltello le si rompe in mano, cadendo di punta verso di me. Ho ancora lo sguardo fisso sul manico dell&#8217;utensile rimasto nei palmi di Aisha, la lama mi cade ad 1 cm dal piede. Il coraggio da leoni o, che dir si voglia, le famose &#8220;palle quadre&#8221;, amici&#8230; oggi proprio non so dove le abbia lasciate. Senza coltello la mia poderosa collega spezza i rami a mani nude e salta con l&#8217;abilit\u00e0 di Philippe Petit!<strong> 3 a 0<\/strong>.<\/p>\n<p><img data-recalc-dims=\"1\" loading=\"lazy\" decoding=\"async\" class=\"wp-image-4888 alignleft\" src=\"https:\/\/i0.wp.com\/cumse.org\/wp-content\/uploads\/2021\/01\/WhatsApp-Image-2021-01-30-at-00.10.03-1.jpeg?resize=323%2C430&#038;ssl=1\" alt=\"\" width=\"323\" height=\"430\" srcset=\"https:\/\/i0.wp.com\/cumse.org\/wp-content\/uploads\/2021\/01\/WhatsApp-Image-2021-01-30-at-00.10.03-1.jpeg?w=1200&amp;ssl=1 1200w, https:\/\/i0.wp.com\/cumse.org\/wp-content\/uploads\/2021\/01\/WhatsApp-Image-2021-01-30-at-00.10.03-1.jpeg?resize=800%2C1067&amp;ssl=1 800w, https:\/\/i0.wp.com\/cumse.org\/wp-content\/uploads\/2021\/01\/WhatsApp-Image-2021-01-30-at-00.10.03-1.jpeg?resize=225%2C300&amp;ssl=1 225w, https:\/\/i0.wp.com\/cumse.org\/wp-content\/uploads\/2021\/01\/WhatsApp-Image-2021-01-30-at-00.10.03-1.jpeg?resize=768%2C1024&amp;ssl=1 768w, https:\/\/i0.wp.com\/cumse.org\/wp-content\/uploads\/2021\/01\/WhatsApp-Image-2021-01-30-at-00.10.03-1.jpeg?resize=1152%2C1536&amp;ssl=1 1152w\" sizes=\"auto, (max-width: 323px) 100vw, 323px\" \/><\/p>\n<p>Siamo in ritardo per il rosario, meglio sbrigarsi. Io prendo i rami, Aisha i fiori, Brenda il secchio e altri ramoscelli.<br \/>\nMa come a 7 anni porta pi\u00f9 cose di me? <strong>4 a 0<\/strong>. La novena \u00e8 molto meno pesante di quel che pensassi. Le donne sono tutte vestite a festa,<strong> i colori sgargianti dei loro abiti preponderano sullo spazio circostante irradiando la sala con la vistosa vivacit\u00e0 che li caratterizza<\/strong>. I canti accompagnati come sempre dalle immancabili percussioni si rivelano all&#8217;altezza delle tenute arlecchino.<\/p>\n<p>All&#8217;uscita Aisha acquista un sacchettino di qualcosa. Una specie di polvere giallastra.Non ho capito bene di che si tratta. La apre con violenza e me ne versa un quintale sulla mano.<em> &#8220;E&#8217; ginger, io lo amo!&#8221;<\/em>. Provo un po&#8217; a leccarmi il palmo. Operazione, per altro certamente rientrante nelle norme igieniche anti-Covid! Anche a me piace molto lo zenzero, ne mangio a vagonate, ma questo qui \u00e8 concentrato, insomma abbastanza forte da mettere alla prova le mie calabre papille gustative avvezze a ben altro piccante. Ne esco decentemente. Anzi no. Aisha prende il sacchetto e se ne versa met\u00e0 nella bocca. <em>&#8220;UUUUUUM che buono!&#8221;<\/em>. Quanto stavamo? <strong>5 a 0<\/strong> palla al centro. Me ne versa ancora, in quantit\u00e0 superiore. Ne cedo una parte a<strong> Marie<\/strong>. <strong>6 a 0<\/strong>.<\/p>\n<p><strong>Rose rientra dal liceo proprio nello stesso istante in cui noi varchiamo l&#8217;ingresso del centro. Aisha le corre incontro e la solleva di peso, trasportandola sulle spalle fino alla porta di casa. A me lasciano lo zainetto<\/strong>. <strong>7 a 0<\/strong>. Mi sto stufando di sta cosa. <strong>Mica erano deboli, fragili e disperate?<\/strong> E&#8217; il momento di rifarmi a Sarak\u00e8, credo di aver imparato finalmente il criterio con cui essere competitivo. Sbaglio, la mia amica \u00e8 indulgente e mi invita pi\u00f9 volte a riprovare. <strong>8 a 0<\/strong>. Eh ma basta!<\/p>\n<p>Mi riprendo, sto per vincere, sarebbe la prima volta in un mes&#8230; Claris interviene a gamba tesa sul mio possibile successo ordinando a tutti di mettersi ai propri posti per la preghiera. <strong>Non ho speranze di portare a casa i punti.<\/strong> Sto per arrendermi definitivamente quando Marie scopre di avere una grossa falena sulla schiena.<strong> Schizza in aria gridando un acuto estremo.<\/strong><\/p>\n<p>Oh, finalmente! Sono 12 ore che attendo un momento per essere maschio. Sposto leggermente la falena facendola scivolare dolcemente in terra. <strong>8 a 1<\/strong>. Meglio che niente. Il comportamento dell&#8217;alata bestiola cattura i miei pensieri. Sbatte le grosse ali in modo forsennato, ora che la osservo meglio \u00e8 davvero enorme, direi addirittura grassa per la sua categoria. Gira su s\u00e8 stessa come una pazza, ma il suo peso le impedisce di levarsi in volo. Che stia morendo? O magari \u00e8 solo attratta dalla luce che vorrebbe tanto tentare di raggiungere. Intravedo in questa scena un nefasto vaticinio riguardante il futuro dell&#8217;occidente.<\/p>\n<p><strong>Come noi anche lei cerca la luce, ma \u00e8 ormai troppo tardi. Che sia la fine a cui siamo destinati? Ripeto (anche per la tranquillit\u00e0 della mia famiglia): non mi drogo.<\/strong><br \/>\nAmmetto che lo zenzero in polvere potrebbe avere scatenato degli <strong>effetti collaterali.<\/strong><br \/>\nMoses e Manass\u00e8 irrompono nello stabile. Si siedono buoni e quieti unendosi alla nostra preghiera serale. Non mi han visto tutto il giorno, erano preoccupati.<\/p>\n<p>Non me la bevo, <strong>mi sa che erano pi\u00f9 attratti dalle 14 fanciulle della Maison che dal mio brutto muso<\/strong>. Ma la mia virilit\u00e0 \u00e8 a terra, far\u00f2 finta di credergli!<\/p>","protected":false},"excerpt":{"rendered":"<p>Perdonerete l&#8217;eresia di questo titolo aggressivo, ma arriviamo dritti dritti dalla giornata della memoria e io sono ancora in fase metabolizzante. Non mi permetterei mai di fare allusioni al tema, il gioco di parole si presta per trattare ben altri argomenti. Ebbene s\u00ec, la mia virilit\u00e0 \u00e8 stata messa alla prova. Sono figlio della societ\u00e0 [&hellip;]<\/p>\n","protected":false},"author":1,"featured_media":4887,"comment_status":"closed","ping_status":"closed","sticky":false,"template":"","format":"standard","meta":{"_jetpack_memberships_contains_paid_content":false,"footnotes":""},"categories":[62],"tags":[68,67,65,66],"class_list":["post-4000","post","type-post","status-publish","format-standard","has-post-thumbnail","hentry","category-travaler","tag-camerun","tag-fondazione-cumse","tag-scu","tag-servizio-civile-universale"],"yoast_head":"<!-- This site is optimized with the Yoast SEO plugin v27.3 - https:\/\/yoast.com\/product\/yoast-seo-wordpress\/ -->\n<title>29 gennaio - &quot;Seee... questo \u00e8 un uomo?&quot; - Fondazione Cumse ETS<\/title>\n<meta name=\"description\" content=\"SCU - Valeryo Falcone, civilista di Fondazione Cumse, racconta la sua esperienza in modo leggero e divertente. SEGUITE LA SUA STORIA!\" \/>\n<meta name=\"robots\" content=\"index, follow, max-snippet:-1, max-image-preview:large, max-video-preview:-1\" \/>\n<link rel=\"canonical\" href=\"https:\/\/cumse.org\/fr\/seee-questo-e-un-uomo-scu-in-camerun\/\" \/>\n<meta property=\"og:locale\" content=\"fr_FR\" \/>\n<meta property=\"og:type\" content=\"article\" \/>\n<meta property=\"og:title\" content=\"29 gennaio - &quot;Seee... questo \u00e8 un uomo?&quot; - Fondazione Cumse ETS\" \/>\n<meta property=\"og:description\" content=\"SCU - Valeryo Falcone, civilista di Fondazione Cumse, racconta la sua esperienza in modo leggero e divertente. SEGUITE LA SUA STORIA!\" \/>\n<meta property=\"og:url\" content=\"https:\/\/cumse.org\/fr\/seee-questo-e-un-uomo-scu-in-camerun\/\" \/>\n<meta property=\"og:site_name\" content=\"Fondazione Cumse ETS\" \/>\n<meta property=\"article:published_time\" content=\"2021-01-29T14:46:38+00:00\" \/>\n<meta property=\"article:modified_time\" content=\"2021-03-17T14:33:55+00:00\" \/>\n<meta property=\"og:image\" content=\"https:\/\/cumse.org\/wp-content\/uploads\/2021\/01\/WhatsApp-Image-2021-01-30-at-00.10.03.jpeg\" \/>\n\t<meta property=\"og:image:width\" content=\"1200\" \/>\n\t<meta property=\"og:image:height\" content=\"1600\" \/>\n\t<meta property=\"og:image:type\" content=\"image\/jpeg\" \/>\n<meta name=\"author\" content=\"admin\" \/>\n<meta name=\"twitter:card\" content=\"summary_large_image\" \/>\n<meta name=\"twitter:label1\" content=\"\u00c9crit par\" \/>\n\t<meta name=\"twitter:data1\" content=\"admin\" \/>\n\t<meta name=\"twitter:label2\" content=\"Dur\u00e9e de lecture estim\u00e9e\" \/>\n\t<meta name=\"twitter:data2\" content=\"9 minutes\" \/>\n<script type=\"application\/ld+json\" class=\"yoast-schema-graph\">{\"@context\":\"https:\\\/\\\/schema.org\",\"@graph\":[{\"@type\":\"Article\",\"@id\":\"https:\\\/\\\/cumse.org\\\/seee-questo-e-un-uomo-scu-in-camerun\\\/#article\",\"isPartOf\":{\"@id\":\"https:\\\/\\\/cumse.org\\\/seee-questo-e-un-uomo-scu-in-camerun\\\/\"},\"author\":{\"name\":\"admin\",\"@id\":\"https:\\\/\\\/cumse.org\\\/#\\\/schema\\\/person\\\/d8802c7f9d251c013018b375be80cb06\"},\"headline\":\"29 gennaio &#8211; &#8220;Seee&#8230; questo \u00e8 un uomo?&#8221;\",\"datePublished\":\"2021-01-29T14:46:38+00:00\",\"dateModified\":\"2021-03-17T14:33:55+00:00\",\"mainEntityOfPage\":{\"@id\":\"https:\\\/\\\/cumse.org\\\/seee-questo-e-un-uomo-scu-in-camerun\\\/\"},\"wordCount\":1709,\"image\":{\"@id\":\"https:\\\/\\\/cumse.org\\\/seee-questo-e-un-uomo-scu-in-camerun\\\/#primaryimage\"},\"thumbnailUrl\":\"https:\\\/\\\/i0.wp.com\\\/cumse.org\\\/wp-content\\\/uploads\\\/2021\\\/01\\\/WhatsApp-Image-2021-01-30-at-00.10.03.jpeg?fit=1200%2C1600&ssl=1\",\"keywords\":[\"Camerun\",\"Fondazione Cumse\",\"SCU\",\"Servizio Civile Universale\"],\"articleSection\":[\"TrAvaler\"],\"inLanguage\":\"fr-FR\"},{\"@type\":\"WebPage\",\"@id\":\"https:\\\/\\\/cumse.org\\\/seee-questo-e-un-uomo-scu-in-camerun\\\/\",\"url\":\"https:\\\/\\\/cumse.org\\\/seee-questo-e-un-uomo-scu-in-camerun\\\/\",\"name\":\"29 gennaio - \\\"Seee... questo \u00e8 un uomo?\\\" - Fondazione Cumse ETS\",\"isPartOf\":{\"@id\":\"https:\\\/\\\/cumse.org\\\/#website\"},\"primaryImageOfPage\":{\"@id\":\"https:\\\/\\\/cumse.org\\\/seee-questo-e-un-uomo-scu-in-camerun\\\/#primaryimage\"},\"image\":{\"@id\":\"https:\\\/\\\/cumse.org\\\/seee-questo-e-un-uomo-scu-in-camerun\\\/#primaryimage\"},\"thumbnailUrl\":\"https:\\\/\\\/i0.wp.com\\\/cumse.org\\\/wp-content\\\/uploads\\\/2021\\\/01\\\/WhatsApp-Image-2021-01-30-at-00.10.03.jpeg?fit=1200%2C1600&ssl=1\",\"datePublished\":\"2021-01-29T14:46:38+00:00\",\"dateModified\":\"2021-03-17T14:33:55+00:00\",\"author\":{\"@id\":\"https:\\\/\\\/cumse.org\\\/#\\\/schema\\\/person\\\/d8802c7f9d251c013018b375be80cb06\"},\"description\":\"SCU - Valeryo Falcone, civilista di Fondazione Cumse, racconta la sua esperienza in modo leggero e divertente. SEGUITE LA SUA STORIA!\",\"breadcrumb\":{\"@id\":\"https:\\\/\\\/cumse.org\\\/seee-questo-e-un-uomo-scu-in-camerun\\\/#breadcrumb\"},\"inLanguage\":\"fr-FR\",\"potentialAction\":[{\"@type\":\"ReadAction\",\"target\":[\"https:\\\/\\\/cumse.org\\\/seee-questo-e-un-uomo-scu-in-camerun\\\/\"]}]},{\"@type\":\"ImageObject\",\"inLanguage\":\"fr-FR\",\"@id\":\"https:\\\/\\\/cumse.org\\\/seee-questo-e-un-uomo-scu-in-camerun\\\/#primaryimage\",\"url\":\"https:\\\/\\\/i0.wp.com\\\/cumse.org\\\/wp-content\\\/uploads\\\/2021\\\/01\\\/WhatsApp-Image-2021-01-30-at-00.10.03.jpeg?fit=1200%2C1600&ssl=1\",\"contentUrl\":\"https:\\\/\\\/i0.wp.com\\\/cumse.org\\\/wp-content\\\/uploads\\\/2021\\\/01\\\/WhatsApp-Image-2021-01-30-at-00.10.03.jpeg?fit=1200%2C1600&ssl=1\",\"width\":1200,\"height\":1600},{\"@type\":\"BreadcrumbList\",\"@id\":\"https:\\\/\\\/cumse.org\\\/seee-questo-e-un-uomo-scu-in-camerun\\\/#breadcrumb\",\"itemListElement\":[{\"@type\":\"ListItem\",\"position\":1,\"name\":\"Home\",\"item\":\"https:\\\/\\\/cumse.org\\\/\"},{\"@type\":\"ListItem\",\"position\":2,\"name\":\"29 gennaio &#8211; &#8220;Seee&#8230; questo \u00e8 un uomo?&#8221;\"}]},{\"@type\":\"WebSite\",\"@id\":\"https:\\\/\\\/cumse.org\\\/#website\",\"url\":\"https:\\\/\\\/cumse.org\\\/\",\"name\":\"Fondazione Cumse ETS\",\"description\":\"Siamo dove gli altri distolgono lo sguardo\",\"potentialAction\":[{\"@type\":\"SearchAction\",\"target\":{\"@type\":\"EntryPoint\",\"urlTemplate\":\"https:\\\/\\\/cumse.org\\\/?s={search_term_string}\"},\"query-input\":{\"@type\":\"PropertyValueSpecification\",\"valueRequired\":true,\"valueName\":\"search_term_string\"}}],\"inLanguage\":\"fr-FR\"},{\"@type\":\"Person\",\"@id\":\"https:\\\/\\\/cumse.org\\\/#\\\/schema\\\/person\\\/d8802c7f9d251c013018b375be80cb06\",\"name\":\"admin\",\"image\":{\"@type\":\"ImageObject\",\"inLanguage\":\"fr-FR\",\"@id\":\"https:\\\/\\\/secure.gravatar.com\\\/avatar\\\/7fcee464d094e0b490b50408a0c7356276eedd5a17796d503ee821451b764c37?s=96&d=mm&r=g\",\"url\":\"https:\\\/\\\/secure.gravatar.com\\\/avatar\\\/7fcee464d094e0b490b50408a0c7356276eedd5a17796d503ee821451b764c37?s=96&d=mm&r=g\",\"contentUrl\":\"https:\\\/\\\/secure.gravatar.com\\\/avatar\\\/7fcee464d094e0b490b50408a0c7356276eedd5a17796d503ee821451b764c37?s=96&d=mm&r=g\",\"caption\":\"admin\"}}]}<\/script>\n<!-- \/ Yoast SEO plugin. -->","yoast_head_json":{"title":"29 gennaio - \"Seee... questo \u00e8 un uomo?\" - Fondazione Cumse ETS","description":"SCU - Valeryo Falcone, civilista di Fondazione Cumse, racconta la sua esperienza in modo leggero e divertente. SEGUITE LA SUA STORIA!","robots":{"index":"index","follow":"follow","max-snippet":"max-snippet:-1","max-image-preview":"max-image-preview:large","max-video-preview":"max-video-preview:-1"},"canonical":"https:\/\/cumse.org\/fr\/seee-questo-e-un-uomo-scu-in-camerun\/","og_locale":"fr_FR","og_type":"article","og_title":"29 gennaio - \"Seee... questo \u00e8 un uomo?\" - Fondazione Cumse ETS","og_description":"SCU - Valeryo Falcone, civilista di Fondazione Cumse, racconta la sua esperienza in modo leggero e divertente. SEGUITE LA SUA STORIA!","og_url":"https:\/\/cumse.org\/fr\/seee-questo-e-un-uomo-scu-in-camerun\/","og_site_name":"Fondazione Cumse ETS","article_published_time":"2021-01-29T14:46:38+00:00","article_modified_time":"2021-03-17T14:33:55+00:00","og_image":[{"width":1200,"height":1600,"url":"https:\/\/cumse.org\/wp-content\/uploads\/2021\/01\/WhatsApp-Image-2021-01-30-at-00.10.03.jpeg","type":"image\/jpeg"}],"author":"admin","twitter_card":"summary_large_image","twitter_misc":{"\u00c9crit par":"admin","Dur\u00e9e de lecture estim\u00e9e":"9 minutes"},"schema":{"@context":"https:\/\/schema.org","@graph":[{"@type":"Article","@id":"https:\/\/cumse.org\/seee-questo-e-un-uomo-scu-in-camerun\/#article","isPartOf":{"@id":"https:\/\/cumse.org\/seee-questo-e-un-uomo-scu-in-camerun\/"},"author":{"name":"admin","@id":"https:\/\/cumse.org\/#\/schema\/person\/d8802c7f9d251c013018b375be80cb06"},"headline":"29 gennaio &#8211; &#8220;Seee&#8230; questo \u00e8 un uomo?&#8221;","datePublished":"2021-01-29T14:46:38+00:00","dateModified":"2021-03-17T14:33:55+00:00","mainEntityOfPage":{"@id":"https:\/\/cumse.org\/seee-questo-e-un-uomo-scu-in-camerun\/"},"wordCount":1709,"image":{"@id":"https:\/\/cumse.org\/seee-questo-e-un-uomo-scu-in-camerun\/#primaryimage"},"thumbnailUrl":"https:\/\/i0.wp.com\/cumse.org\/wp-content\/uploads\/2021\/01\/WhatsApp-Image-2021-01-30-at-00.10.03.jpeg?fit=1200%2C1600&ssl=1","keywords":["Camerun","Fondazione Cumse","SCU","Servizio Civile Universale"],"articleSection":["TrAvaler"],"inLanguage":"fr-FR"},{"@type":"WebPage","@id":"https:\/\/cumse.org\/seee-questo-e-un-uomo-scu-in-camerun\/","url":"https:\/\/cumse.org\/seee-questo-e-un-uomo-scu-in-camerun\/","name":"29 gennaio - \"Seee... questo \u00e8 un uomo?\" - Fondazione Cumse ETS","isPartOf":{"@id":"https:\/\/cumse.org\/#website"},"primaryImageOfPage":{"@id":"https:\/\/cumse.org\/seee-questo-e-un-uomo-scu-in-camerun\/#primaryimage"},"image":{"@id":"https:\/\/cumse.org\/seee-questo-e-un-uomo-scu-in-camerun\/#primaryimage"},"thumbnailUrl":"https:\/\/i0.wp.com\/cumse.org\/wp-content\/uploads\/2021\/01\/WhatsApp-Image-2021-01-30-at-00.10.03.jpeg?fit=1200%2C1600&ssl=1","datePublished":"2021-01-29T14:46:38+00:00","dateModified":"2021-03-17T14:33:55+00:00","author":{"@id":"https:\/\/cumse.org\/#\/schema\/person\/d8802c7f9d251c013018b375be80cb06"},"description":"SCU - Valeryo Falcone, civilista di Fondazione Cumse, racconta la sua esperienza in modo leggero e divertente. SEGUITE LA SUA STORIA!","breadcrumb":{"@id":"https:\/\/cumse.org\/seee-questo-e-un-uomo-scu-in-camerun\/#breadcrumb"},"inLanguage":"fr-FR","potentialAction":[{"@type":"ReadAction","target":["https:\/\/cumse.org\/seee-questo-e-un-uomo-scu-in-camerun\/"]}]},{"@type":"ImageObject","inLanguage":"fr-FR","@id":"https:\/\/cumse.org\/seee-questo-e-un-uomo-scu-in-camerun\/#primaryimage","url":"https:\/\/i0.wp.com\/cumse.org\/wp-content\/uploads\/2021\/01\/WhatsApp-Image-2021-01-30-at-00.10.03.jpeg?fit=1200%2C1600&ssl=1","contentUrl":"https:\/\/i0.wp.com\/cumse.org\/wp-content\/uploads\/2021\/01\/WhatsApp-Image-2021-01-30-at-00.10.03.jpeg?fit=1200%2C1600&ssl=1","width":1200,"height":1600},{"@type":"BreadcrumbList","@id":"https:\/\/cumse.org\/seee-questo-e-un-uomo-scu-in-camerun\/#breadcrumb","itemListElement":[{"@type":"ListItem","position":1,"name":"Home","item":"https:\/\/cumse.org\/"},{"@type":"ListItem","position":2,"name":"29 gennaio &#8211; &#8220;Seee&#8230; questo \u00e8 un uomo?&#8221;"}]},{"@type":"WebSite","@id":"https:\/\/cumse.org\/#website","url":"https:\/\/cumse.org\/","name":"Fondazione Cumse ETS","description":"Siamo dove gli altri distolgono lo sguardo","potentialAction":[{"@type":"SearchAction","target":{"@type":"EntryPoint","urlTemplate":"https:\/\/cumse.org\/?s={search_term_string}"},"query-input":{"@type":"PropertyValueSpecification","valueRequired":true,"valueName":"search_term_string"}}],"inLanguage":"fr-FR"},{"@type":"Person","@id":"https:\/\/cumse.org\/#\/schema\/person\/d8802c7f9d251c013018b375be80cb06","name":"admin","image":{"@type":"ImageObject","inLanguage":"fr-FR","@id":"https:\/\/secure.gravatar.com\/avatar\/7fcee464d094e0b490b50408a0c7356276eedd5a17796d503ee821451b764c37?s=96&d=mm&r=g","url":"https:\/\/secure.gravatar.com\/avatar\/7fcee464d094e0b490b50408a0c7356276eedd5a17796d503ee821451b764c37?s=96&d=mm&r=g","contentUrl":"https:\/\/secure.gravatar.com\/avatar\/7fcee464d094e0b490b50408a0c7356276eedd5a17796d503ee821451b764c37?s=96&d=mm&r=g","caption":"admin"}}]}},"jetpack_featured_media_url":"https:\/\/i0.wp.com\/cumse.org\/wp-content\/uploads\/2021\/01\/WhatsApp-Image-2021-01-30-at-00.10.03.jpeg?fit=1200%2C1600&ssl=1","jetpack_sharing_enabled":true,"_links":{"self":[{"href":"https:\/\/cumse.org\/fr\/wp-json\/wp\/v2\/posts\/4000","targetHints":{"allow":["GET"]}}],"collection":[{"href":"https:\/\/cumse.org\/fr\/wp-json\/wp\/v2\/posts"}],"about":[{"href":"https:\/\/cumse.org\/fr\/wp-json\/wp\/v2\/types\/post"}],"author":[{"embeddable":true,"href":"https:\/\/cumse.org\/fr\/wp-json\/wp\/v2\/users\/1"}],"replies":[{"embeddable":true,"href":"https:\/\/cumse.org\/fr\/wp-json\/wp\/v2\/comments?post=4000"}],"version-history":[{"count":0,"href":"https:\/\/cumse.org\/fr\/wp-json\/wp\/v2\/posts\/4000\/revisions"}],"wp:featuredmedia":[{"embeddable":true,"href":"https:\/\/cumse.org\/fr\/wp-json\/wp\/v2\/media\/4887"}],"wp:attachment":[{"href":"https:\/\/cumse.org\/fr\/wp-json\/wp\/v2\/media?parent=4000"}],"wp:term":[{"taxonomy":"category","embeddable":true,"href":"https:\/\/cumse.org\/fr\/wp-json\/wp\/v2\/categories?post=4000"},{"taxonomy":"post_tag","embeddable":true,"href":"https:\/\/cumse.org\/fr\/wp-json\/wp\/v2\/tags?post=4000"}],"curies":[{"name":"wp","href":"https:\/\/api.w.org\/{rel}","templated":true}]}}