{"id":3969,"date":"2021-01-28T17:03:35","date_gmt":"2021-01-28T16:03:35","guid":{"rendered":"https:\/\/cumse.org\/?p=3969"},"modified":"2021-03-30T19:53:21","modified_gmt":"2021-03-30T18:53:21","slug":"giovani-lupi-scu-in-camerun","status":"publish","type":"post","link":"https:\/\/cumse.org\/fr\/giovani-lupi-scu-in-camerun\/","title":{"rendered":"28 gennaio &#8211; Giovani lupi"},"content":{"rendered":"<p>Perch\u00e8 mai svegliarsi alle 7 quando non si ha nulla da fare?<\/p>\n<p><strong>Non c&#8217;\u00e8 acqua, non ho appuntamenti n\u00e8 programmi<\/strong>. E&#8217; forse il senso di colpa a parlare al posto mio?<br \/>\nLa mia insensata disciplina che non mi consente di dormire oltre ad una certa ora del mattino?<\/p>\n<p>Magari \u00e8 la paura di provare quella malinconia che ti arriva la domenica mattina quando ti svegli alle 12 e, seppur appagato da un sabato notte gi\u00e0 dimenticato per il quale resterai indimenticabile a molti, sei conscio di esserti bruciato mezza giornata accorciando il countdown che segna la linea di demarcazione tra la libert\u00e0 e il Luned\u00ec, dalla nascita, suo malgrado,<strong> il giorno nefasto.<\/strong><\/p>\n<p>Sia quel che sia alle 7 mi ritrovo impanato tra le lenzuola. Gira che ti rigira prima su un fianco, poi sull&#8217;altro e viceversa, mi scappa la pip\u00ec.<br \/>\nDopo 41 notti ho deciso finalmente di spalancare la finestra del bagno, persino un codardo ha bisogno di cambiare aria, <strong>entrassero pure i peggiori insetti del pianeta<\/strong>. Da notare la zanzariera ben fissata alle sbarre della finestra a protezione da qualunque pericolo.<br \/>\nAh&#8230; non me ne ero accorto, a saperlo la aprivo prima. <strong>Grande bigolo che sono!<\/strong><\/p>\n<p>Le mura di casa, fatte di terra e spesse 40 cm diventano improvvisamente imponenti pareti di cemento armato. La maniglia della porta mi si allontana dalle mani, pi\u00f9 avanzo in direzione dell&#8217;uscio, pi\u00f9 quello mi sfugge repentino. Che motivo c&#8217;\u00e8 di uscire in fondo? Posso benissimo mettermi a lavorare in soggiorno. Lavorare, insomma, parole grosse! <strong>Diciamo ricopiare gli appunti che ho preso intervistando Claris e Sophie.<\/strong><\/p>\n<p>Bussa alla porta<strong> suor Nicole<\/strong>. Gi\u00e0 solo per evitare la figuraccia di farsi trovare mezzo addormentato \u00e8 valsa la pensa alzarsi presto (5 punti fragola Esselunga per me!).<br \/>\nBrillante la invito a sedersi in veranda. Ha portato un Jackfruit enorme in regalo. Vuole che Godyene me lo prepari non appena sar\u00e0 maturo. Ci interrompe Etienne.<\/p>\n<p>Ho proprio bisogno di lui devo stilare tutta la lista degli utensili necessari al lavoro nei campi e alle piccole riparazioni di falegnameria che abbiamo in mente di arrangiare. <strong>Pensa che ti ripensa arriviamo a 23 attrezzi! <\/strong>Mica male. Lo saluto, vado a riportare in bella copia l&#8217;elenco.<\/p>\n<p>Mi \u00e8 scaduto l&#8217;abbonamento di Windows, posso utilizzare soltanto meri fogli di testo, <strong>addio thesaurus, addio layout, mi mancherete!<\/strong><br \/>\nIn pratica il mio portatile \u00e8 diventato una macchina da scrivere a corrente. Retrocessione africana, pare ufficialmente ambientatosi anche lui.<br \/>\nQui i metodi della vecchia scuola (da notare il trapano manuale, su tutti) tornano sempre utili cos\u00ec come l&#8217;arte di sapersi arrangiare, coniata io credo, in primis da noi italiani. Avrei voglia di sventolare un tricolore ma sono gi\u00e0 le 10.<\/p>\n<p>Terminata la lista riprendo il lavoro sulla condizione femminile camerunense.<br \/>\nLa cosa mi tiene occupato fino a circa le 12. Non si capisce bene come ma, pur non avendo fatto una bega, mi sembra di aver lavorato. Ho quella sensazione di soddisfazione che ti fa credere di esserti guadagnato la giornata.<br \/>\nNon \u00e8 cos\u00ec, ma ammetto che non mi dispiace essere sollevato dalle responsabilit\u00e0.<br \/>\nDecido di preservare questo stato d&#8217;animo andando a farmi un pisolino dopo pranzo. Ovviamente non chiudo occhio, <strong>per riposarsi bisogna prima stancarsi, questa \u00e8 la regola in teoria<\/strong>. Mi sa anche in pratica nel mio caso. Sono le 15.<\/p>\n<p>Ma da quando? Mica erano le 7? Oggi veramente ci sto capendo meno ancora del solito. Meglio studiare francese, ho la lezione alle 16.30 e non posso sgarrare. Jojo arriva puntuale e mi fa esercitare sulla lettura. Un testo racconta l&#8217;interessante fenomeno delle <strong>Banana Zana<\/strong> (?) congolesi.<\/p>\n<p><strong>Donne analfabete spesso e volentieri che, attraverso la loro capacit\u00e0 di business e il loro sensibile istinto imprenditoriale, hanno creato all&#8217;interno del paese un grande mercato al femminile specializzato nella vendita di tessuti.<\/strong> L&#8217;economia del Congo ormai dipende moltissimo dal grande giro d&#8217;affari di queste eccezionali quote rosa, tanto da far s\u00ec che la politica economica sia stata propensa ad assecondare loro sgravi fiscali e notevoli fidi bancari.<br \/>\nNel mezzo della pagina troneggia una foto che ritrae 4 donne di bell&#8217;aspetto ai bordi di una Mercedes nuova di zecca, dotata di autista. Mezzo che, a detta ironica dell&#8217;articolo, utilizzano volentieri per risparmiare sul taxi&#8230;<strong>Hai capito le sciure!<\/strong><\/p>\n<p>h 17: ADORAZIONE TIME. Jojo \u00e8 venuto in moto, mi da uno strappo alla chiesa, quello che io chiamo: un ingresso di stile! Peccato che non ci sia nessuno ad accoglierci, sono gi\u00e0 saliti tutti nella cappellina in cima al promontorio. Meglio sbrigarsi.<\/p>\n<p>All&#8217;uscita dalla chiesa il tramonto rosso sangue scalda il bianco della grande croce posta fuori, davanti alla chiesa. <strong>Berthe ed Edith<\/strong> sono incuriosite dalla mia carnagione. Soprattutto dal fatto che al sole posso abbronzarmi, avendo sangue calabro, tramutando in una specie di meticcio. Mia madre, spiego, che ha la pelle pi\u00f9 chiara, diventa rossa come un&#8217;aragosta, mio padre e mio fratello invece scuriscono quanto Moses, che ci ha raggiunti nel frattempo insieme a Michael.<\/p>\n<p>Hanno bisogno di una mano per chiudere le finestre della scuola rimaste aperte.<br \/>\nLi accompagno volentieri. Mentre discuto di carnagione con i miei amichetti, un uomo dalle retrovie commenta ad alta voce: <em>&#8220;siamo entrambi la stessa cosa, che una casa abbia il tetto di paglia o in tegole, le mura bianche o nere, non fa differenza, resta sempre una casa, quello che conta sono le cose che vi si trovano all&#8217;interno!&#8221;<\/em>.<\/p>\n<p><strong>La metafora uomo-casa antirazzista mi piace molto<\/strong>. Mi presento, si chiama <strong>Jerome<\/strong>. La figlia passa in quel momento adducendo qualche scusa per uscire al calar della sera.<br \/>\nCommento con una delle mie frasi da saggio estratte dalle citazioni di Osho: <em>&#8220;Ah, la pazienza dei padri con le figlie&#8230;&#8221;<\/em>. Non lo avessi mai detto.<\/p>\n<p>Jerome inizia un discorsone, anche interessante devo dire, ma lunghissimo, sul problema della societ\u00e0 moderna e dei giovani che la popolano.<br \/>\nLe scuole stanno cambiando, impongono ad i ragazzi di apprendere l&#8217;utilizzo del pc, costringono i genitori a fornire i propri pargoli di telefoni cellulari.<br \/>\nOrmai, prima dei 18 anni, gli adolescenti sono gi\u00e0 abituati a guardare film e conoscono ogni genere di sudiceria. Ma si tratta di individui poco pi\u00f9 che bambini, senza ancora tutti gli strumenti atti a distinguere il bene dal male. Questa storia dei telefoni poi. <strong>Tutti ce l&#8217;hanno, tutti lo esigono tra le mura parentali!<\/strong><\/p>\n<p>I genitori diventano pi\u00f9 duri e severi, i figli pi\u00f9 ribelli, il mondo sempre pi\u00f9 malvagio. La societ\u00e0 moderna impone un cambiamento negativo e troppo precipitoso.<br \/>\nNon \u00e8 bene che un ragazzo adolescente conosca tutte le porcherie del pianeta. Essendo molto giovane il rischio \u00e8 che si trovi a credere di conoscere gi\u00e0 molte cose della vita senza, paradossalmente, aver vissuto sulla propria pelle ancora un bel niente. E&#8217; da pazzi.<\/p>\n<p>Jerome \u00e8 profondo, si sente che il suo \u00e8 un pensiero scaturito da una lunga e attenta riflessione. Evidentemente le preoccupazioni causategli dalla figlia lo inducono a concentrarsi su questi temi, non affatto banali.<br \/>\nSono rapito dalle sue diramazioni lessicali, i miei amici invece se ne stanno seduti sui gradini della scuola ad aspettarmi spazientiti.<br \/>\nIo e Jerome passiamo alla politica, alla instabilit\u00e0 di governo causata dall&#8217;et\u00e0 avanzata dell&#8217;attuale presidente <strong>Paul Biya<\/strong>, ormai sparito dai riflettori gi\u00e0 da qualche mese.<\/p>\n<p><strong>Si prosegue parlando della convivenza intestina tra la religione cattolica e quella musulmana e di come questa sia stata forte nell&#8217;imporsi socialmente ed economicamente.<\/strong><br \/>\nVorrei davvero comprendere meglio ogni sfumatura di cui tratta. Do un&#8217;occhiata ai miei soci, non ce la fanno pi\u00f9. <em>&#8220;Ci sei domenica a messa?&#8221;<\/em>\u00a0Affermativo. <em>&#8220;Ok, allora all&#8217;uscita vengo a cercarti cos\u00ec continuiamo un po&#8217;!&#8221;<\/em>\u00a0Ne \u00e8 entusiasta.<\/p>\n<p>Lui cerca orecchie per sfogare la frustrazione accumulata da anni di soprusi e ingiustizie inferte da politici (stranieri e non) alla sua patria, alla sua gente e alla sua stessa famiglia. Io ho sete di conoscenza. Di qualunque tipo si tratti. Una chiacchierata sui temi sociologici e religiosi pu\u00f2 essere fonte di ispirazione. <strong>Ho un blog da scrivere!<\/strong><br \/>\nNon ho niente da perdere. Chiss\u00e0 a quale etnia appartiene Jerome.<br \/>\nForse mi narrer\u00e0 anche la storia della sua trib\u00f9. Devo riuscire a strappargli un invito a casa.<\/p>\n<p>A proposito di imbucarsi in domicili altrui Jojo, per mia somma gioia, mi ha rinnovato la proposta per domenica. Manass\u00e8 mi accompagner\u00e0 e alle 17 andremo a trovarlo. Ho un milione di domande da fargli.<br \/>\nChiss\u00e0 se riuscir\u00f2 ad intervistare anche suo padre. Sarebbe una preziosa fonte da cui attingere tutto ci\u00f2 che riguarda il passato di una delle pi\u00f9 popolose etnie diffuse nella regione dell&#8217;Adamaoua.<\/p>\n<p>Ritorno a casa con i miei bodyguards.<strong> La luna \u00e8 finalmente giunta a maturazione<\/strong>, la luce solare ne irradia completamente la faccia. Ma si tratta degli ultimi raggi del tramonto, rossi cremisi. Il satellite acquista un colore purpureo, sembra davvero una grossa arancia siciliana appesa in cielo. Mi vien voglia di ululare.<br \/>\nHo talmente tanti peli sulle braccia che potrebbero scambiarmi per un lupo mannaro, meglio evitare, non vorrei essere abbattuto a colpi di macete dai contadini locali.<\/p>\n<p>Mi separo dal gruppetto per fare capolino dalle ragazze. Non le vedo da un paio di giorni. Mi accolgono un po&#8217; stizzite. Dove mi ero cacciato? Ero forse arrabbiato per qualcosa? Sto bene? Erano un po&#8217; in pensiero&#8230; gli sono mancato! Inutile negarlo, sono una prima donna, adoro questo genere di cose, <strong>soprattutto se \u00e8 un harem di 14 splendide ragazze a pronunciare carinerie tipo: <em>&#8220;we missed you!&#8221;<\/em>.<\/strong><\/p>\n<p><img data-recalc-dims=\"1\" loading=\"lazy\" decoding=\"async\" class=\"wp-image-4884 alignleft\" src=\"https:\/\/i0.wp.com\/cumse.org\/wp-content\/uploads\/2021\/01\/WhatsApp-Image-2021-01-13-at-06.39.00.jpeg?resize=413%2C310&#038;ssl=1\" alt=\"\" width=\"413\" height=\"310\" srcset=\"https:\/\/i0.wp.com\/cumse.org\/wp-content\/uploads\/2021\/01\/WhatsApp-Image-2021-01-13-at-06.39.00.jpeg?w=1280&amp;ssl=1 1280w, https:\/\/i0.wp.com\/cumse.org\/wp-content\/uploads\/2021\/01\/WhatsApp-Image-2021-01-13-at-06.39.00.jpeg?resize=1200%2C900&amp;ssl=1 1200w, https:\/\/i0.wp.com\/cumse.org\/wp-content\/uploads\/2021\/01\/WhatsApp-Image-2021-01-13-at-06.39.00.jpeg?resize=300%2C225&amp;ssl=1 300w, https:\/\/i0.wp.com\/cumse.org\/wp-content\/uploads\/2021\/01\/WhatsApp-Image-2021-01-13-at-06.39.00.jpeg?resize=1024%2C768&amp;ssl=1 1024w, https:\/\/i0.wp.com\/cumse.org\/wp-content\/uploads\/2021\/01\/WhatsApp-Image-2021-01-13-at-06.39.00.jpeg?resize=768%2C576&amp;ssl=1 768w\" sizes=\"auto, (max-width: 413px) 100vw, 413px\" \/><\/p>\n<p>Tranquille bimbe, sono in forma, ho passato le ultime due serate a giocare a pallone un po&#8217; anche con gli altri, sapete com&#8217;\u00e8, altrimenti si ingelosiscono, mica per altro! Ruffianata penosa! So gi\u00e0 che mi dovr\u00f2 rimangiare questa battuta da cialtrone presto o tardi. Si chiama KARMA!<\/p>\n<p>Una partita a Sarak\u00e8 e poi una preghiera tutti insieme. Sono cariche, cantano come allodole, applaudono, gorgheggiano. Pi\u00f9 che ad un rosario pare di stare a un concerto. Sono proprio forti. Alzo la testa e dal cortile la luna sbuca di nuovo pi\u00f9 argentea che mai. Ha smesso le sue vesti sanguigne immergendosi in un bagno di latte.<\/p>\n<p>Bussano alla porta. Manass\u00e8, Moses e Michael sono venuti a farci visita, <strong>Claris non perde il controllo della situazione e ci sbatte fuori pi\u00f9 o meno educatamente dopo una decina di minuti. E&#8217; pur sempre un dormitorio femminile!<\/strong> Manass\u00e8 si sofferma con me per un&#8217;ultima sbirciata alla gigantesca palla argentata che sovrasta le nostre zucche.<strong> Il mio smilzo amico comincia ad ululare ridendo forte. Quasi mi avesse letto nella mente.<\/strong><\/p>\n<p>Siamo randagi, non possiamo sottrarci a questi ancestrali richiami, lo assecondo su due piedi. Michael e Moses ci guardano perplessi, non posso certo biasimarli! Come non biasimo quei santi dei miei genitori che, leggendo questi passi, scopriranno di aver messo al mondo una sottospecie di cane, come dicono da queste parti: PARDON!<\/p>\n<p>&nbsp;<\/p>\n<p>&nbsp;<\/p>\n<p>&nbsp;<\/p>\n<p>&nbsp;<\/p>","protected":false},"excerpt":{"rendered":"<p>Perch\u00e8 mai svegliarsi alle 7 quando non si ha nulla da fare? Non c&#8217;\u00e8 acqua, non ho appuntamenti n\u00e8 programmi. E&#8217; forse il senso di colpa a parlare al posto mio? La mia insensata disciplina che non mi consente di dormire oltre ad una certa ora del mattino? Magari \u00e8 la paura di provare quella [&hellip;]<\/p>\n","protected":false},"author":1,"featured_media":4883,"comment_status":"closed","ping_status":"closed","sticky":false,"template":"","format":"standard","meta":{"_jetpack_memberships_contains_paid_content":false,"footnotes":""},"categories":[62],"tags":[67,79,65,66,69],"class_list":["post-3969","post","type-post","status-publish","format-standard","has-post-thumbnail","hentry","category-travaler","tag-fondazione-cumse","tag-ngaoundere","tag-scu","tag-servizio-civile-universale","tag-yaounde"],"yoast_head":"<!-- This site is optimized with the Yoast SEO plugin v27.3 - https:\/\/yoast.com\/product\/yoast-seo-wordpress\/ -->\n<title>28 gennaio - Giovani lupi - Fondazione Cumse ETS<\/title>\n<meta name=\"description\" content=\"SCU - Valeryo Falcone, civilista di Fondazione Cumse, racconta la sua esperienza in modo leggero e divertente. SEGUITE LA SUA STORIA!\" \/>\n<meta name=\"robots\" content=\"index, follow, max-snippet:-1, max-image-preview:large, max-video-preview:-1\" \/>\n<link rel=\"canonical\" href=\"https:\/\/cumse.org\/fr\/giovani-lupi-scu-in-camerun\/\" \/>\n<meta property=\"og:locale\" content=\"fr_FR\" \/>\n<meta property=\"og:type\" content=\"article\" \/>\n<meta property=\"og:title\" content=\"28 gennaio - Giovani lupi - Fondazione Cumse ETS\" \/>\n<meta property=\"og:description\" content=\"SCU - Valeryo Falcone, civilista di Fondazione Cumse, racconta la sua esperienza in modo leggero e divertente. SEGUITE LA SUA STORIA!\" \/>\n<meta property=\"og:url\" content=\"https:\/\/cumse.org\/fr\/giovani-lupi-scu-in-camerun\/\" \/>\n<meta property=\"og:site_name\" content=\"Fondazione Cumse ETS\" \/>\n<meta property=\"article:published_time\" content=\"2021-01-28T16:03:35+00:00\" \/>\n<meta property=\"article:modified_time\" content=\"2021-03-30T18:53:21+00:00\" \/>\n<meta property=\"og:image\" content=\"https:\/\/cumse.org\/wp-content\/uploads\/2021\/01\/WhatsApp-Image-2021-01-16-at-00.19.36-1-1.jpeg\" \/>\n\t<meta property=\"og:image:width\" content=\"1600\" \/>\n\t<meta property=\"og:image:height\" content=\"1200\" \/>\n\t<meta property=\"og:image:type\" content=\"image\/jpeg\" \/>\n<meta name=\"author\" content=\"admin\" \/>\n<meta name=\"twitter:card\" content=\"summary_large_image\" \/>\n<meta name=\"twitter:label1\" content=\"\u00c9crit par\" \/>\n\t<meta name=\"twitter:data1\" content=\"admin\" \/>\n\t<meta name=\"twitter:label2\" content=\"Dur\u00e9e de lecture estim\u00e9e\" \/>\n\t<meta name=\"twitter:data2\" content=\"9 minutes\" \/>\n<script type=\"application\/ld+json\" class=\"yoast-schema-graph\">{\"@context\":\"https:\\\/\\\/schema.org\",\"@graph\":[{\"@type\":\"Article\",\"@id\":\"https:\\\/\\\/cumse.org\\\/giovani-lupi-scu-in-camerun\\\/#article\",\"isPartOf\":{\"@id\":\"https:\\\/\\\/cumse.org\\\/giovani-lupi-scu-in-camerun\\\/\"},\"author\":{\"name\":\"admin\",\"@id\":\"https:\\\/\\\/cumse.org\\\/#\\\/schema\\\/person\\\/d8802c7f9d251c013018b375be80cb06\"},\"headline\":\"28 gennaio &#8211; Giovani lupi\",\"datePublished\":\"2021-01-28T16:03:35+00:00\",\"dateModified\":\"2021-03-30T18:53:21+00:00\",\"mainEntityOfPage\":{\"@id\":\"https:\\\/\\\/cumse.org\\\/giovani-lupi-scu-in-camerun\\\/\"},\"wordCount\":1759,\"image\":{\"@id\":\"https:\\\/\\\/cumse.org\\\/giovani-lupi-scu-in-camerun\\\/#primaryimage\"},\"thumbnailUrl\":\"https:\\\/\\\/i0.wp.com\\\/cumse.org\\\/wp-content\\\/uploads\\\/2021\\\/01\\\/WhatsApp-Image-2021-01-16-at-00.19.36-1-1.jpeg?fit=1600%2C1200&ssl=1\",\"keywords\":[\"Fondazione Cumse\",\"Ngaounder\u00e8\",\"SCU\",\"Servizio Civile Universale\",\"Yaound\u00e8\"],\"articleSection\":[\"TrAvaler\"],\"inLanguage\":\"fr-FR\"},{\"@type\":\"WebPage\",\"@id\":\"https:\\\/\\\/cumse.org\\\/giovani-lupi-scu-in-camerun\\\/\",\"url\":\"https:\\\/\\\/cumse.org\\\/giovani-lupi-scu-in-camerun\\\/\",\"name\":\"28 gennaio - Giovani lupi - Fondazione Cumse ETS\",\"isPartOf\":{\"@id\":\"https:\\\/\\\/cumse.org\\\/#website\"},\"primaryImageOfPage\":{\"@id\":\"https:\\\/\\\/cumse.org\\\/giovani-lupi-scu-in-camerun\\\/#primaryimage\"},\"image\":{\"@id\":\"https:\\\/\\\/cumse.org\\\/giovani-lupi-scu-in-camerun\\\/#primaryimage\"},\"thumbnailUrl\":\"https:\\\/\\\/i0.wp.com\\\/cumse.org\\\/wp-content\\\/uploads\\\/2021\\\/01\\\/WhatsApp-Image-2021-01-16-at-00.19.36-1-1.jpeg?fit=1600%2C1200&ssl=1\",\"datePublished\":\"2021-01-28T16:03:35+00:00\",\"dateModified\":\"2021-03-30T18:53:21+00:00\",\"author\":{\"@id\":\"https:\\\/\\\/cumse.org\\\/#\\\/schema\\\/person\\\/d8802c7f9d251c013018b375be80cb06\"},\"description\":\"SCU - Valeryo Falcone, civilista di Fondazione Cumse, racconta la sua esperienza in modo leggero e divertente. SEGUITE LA SUA STORIA!\",\"breadcrumb\":{\"@id\":\"https:\\\/\\\/cumse.org\\\/giovani-lupi-scu-in-camerun\\\/#breadcrumb\"},\"inLanguage\":\"fr-FR\",\"potentialAction\":[{\"@type\":\"ReadAction\",\"target\":[\"https:\\\/\\\/cumse.org\\\/giovani-lupi-scu-in-camerun\\\/\"]}]},{\"@type\":\"ImageObject\",\"inLanguage\":\"fr-FR\",\"@id\":\"https:\\\/\\\/cumse.org\\\/giovani-lupi-scu-in-camerun\\\/#primaryimage\",\"url\":\"https:\\\/\\\/i0.wp.com\\\/cumse.org\\\/wp-content\\\/uploads\\\/2021\\\/01\\\/WhatsApp-Image-2021-01-16-at-00.19.36-1-1.jpeg?fit=1600%2C1200&ssl=1\",\"contentUrl\":\"https:\\\/\\\/i0.wp.com\\\/cumse.org\\\/wp-content\\\/uploads\\\/2021\\\/01\\\/WhatsApp-Image-2021-01-16-at-00.19.36-1-1.jpeg?fit=1600%2C1200&ssl=1\",\"width\":1600,\"height\":1200},{\"@type\":\"BreadcrumbList\",\"@id\":\"https:\\\/\\\/cumse.org\\\/giovani-lupi-scu-in-camerun\\\/#breadcrumb\",\"itemListElement\":[{\"@type\":\"ListItem\",\"position\":1,\"name\":\"Home\",\"item\":\"https:\\\/\\\/cumse.org\\\/\"},{\"@type\":\"ListItem\",\"position\":2,\"name\":\"28 gennaio &#8211; Giovani lupi\"}]},{\"@type\":\"WebSite\",\"@id\":\"https:\\\/\\\/cumse.org\\\/#website\",\"url\":\"https:\\\/\\\/cumse.org\\\/\",\"name\":\"Fondazione Cumse ETS\",\"description\":\"Siamo dove gli altri distolgono lo sguardo\",\"potentialAction\":[{\"@type\":\"SearchAction\",\"target\":{\"@type\":\"EntryPoint\",\"urlTemplate\":\"https:\\\/\\\/cumse.org\\\/?s={search_term_string}\"},\"query-input\":{\"@type\":\"PropertyValueSpecification\",\"valueRequired\":true,\"valueName\":\"search_term_string\"}}],\"inLanguage\":\"fr-FR\"},{\"@type\":\"Person\",\"@id\":\"https:\\\/\\\/cumse.org\\\/#\\\/schema\\\/person\\\/d8802c7f9d251c013018b375be80cb06\",\"name\":\"admin\",\"image\":{\"@type\":\"ImageObject\",\"inLanguage\":\"fr-FR\",\"@id\":\"https:\\\/\\\/secure.gravatar.com\\\/avatar\\\/7fcee464d094e0b490b50408a0c7356276eedd5a17796d503ee821451b764c37?s=96&d=mm&r=g\",\"url\":\"https:\\\/\\\/secure.gravatar.com\\\/avatar\\\/7fcee464d094e0b490b50408a0c7356276eedd5a17796d503ee821451b764c37?s=96&d=mm&r=g\",\"contentUrl\":\"https:\\\/\\\/secure.gravatar.com\\\/avatar\\\/7fcee464d094e0b490b50408a0c7356276eedd5a17796d503ee821451b764c37?s=96&d=mm&r=g\",\"caption\":\"admin\"}}]}<\/script>\n<!-- \/ Yoast SEO plugin. -->","yoast_head_json":{"title":"28 gennaio - Giovani lupi - Fondazione Cumse ETS","description":"SCU - Valeryo Falcone, civilista di Fondazione Cumse, racconta la sua esperienza in modo leggero e divertente. SEGUITE LA SUA STORIA!","robots":{"index":"index","follow":"follow","max-snippet":"max-snippet:-1","max-image-preview":"max-image-preview:large","max-video-preview":"max-video-preview:-1"},"canonical":"https:\/\/cumse.org\/fr\/giovani-lupi-scu-in-camerun\/","og_locale":"fr_FR","og_type":"article","og_title":"28 gennaio - Giovani lupi - Fondazione Cumse ETS","og_description":"SCU - Valeryo Falcone, civilista di Fondazione Cumse, racconta la sua esperienza in modo leggero e divertente. SEGUITE LA SUA STORIA!","og_url":"https:\/\/cumse.org\/fr\/giovani-lupi-scu-in-camerun\/","og_site_name":"Fondazione Cumse ETS","article_published_time":"2021-01-28T16:03:35+00:00","article_modified_time":"2021-03-30T18:53:21+00:00","og_image":[{"width":1600,"height":1200,"url":"https:\/\/cumse.org\/wp-content\/uploads\/2021\/01\/WhatsApp-Image-2021-01-16-at-00.19.36-1-1.jpeg","type":"image\/jpeg"}],"author":"admin","twitter_card":"summary_large_image","twitter_misc":{"\u00c9crit par":"admin","Dur\u00e9e de lecture estim\u00e9e":"9 minutes"},"schema":{"@context":"https:\/\/schema.org","@graph":[{"@type":"Article","@id":"https:\/\/cumse.org\/giovani-lupi-scu-in-camerun\/#article","isPartOf":{"@id":"https:\/\/cumse.org\/giovani-lupi-scu-in-camerun\/"},"author":{"name":"admin","@id":"https:\/\/cumse.org\/#\/schema\/person\/d8802c7f9d251c013018b375be80cb06"},"headline":"28 gennaio &#8211; Giovani lupi","datePublished":"2021-01-28T16:03:35+00:00","dateModified":"2021-03-30T18:53:21+00:00","mainEntityOfPage":{"@id":"https:\/\/cumse.org\/giovani-lupi-scu-in-camerun\/"},"wordCount":1759,"image":{"@id":"https:\/\/cumse.org\/giovani-lupi-scu-in-camerun\/#primaryimage"},"thumbnailUrl":"https:\/\/i0.wp.com\/cumse.org\/wp-content\/uploads\/2021\/01\/WhatsApp-Image-2021-01-16-at-00.19.36-1-1.jpeg?fit=1600%2C1200&ssl=1","keywords":["Fondazione Cumse","Ngaounder\u00e8","SCU","Servizio Civile Universale","Yaound\u00e8"],"articleSection":["TrAvaler"],"inLanguage":"fr-FR"},{"@type":"WebPage","@id":"https:\/\/cumse.org\/giovani-lupi-scu-in-camerun\/","url":"https:\/\/cumse.org\/giovani-lupi-scu-in-camerun\/","name":"28 gennaio - Giovani lupi - Fondazione Cumse ETS","isPartOf":{"@id":"https:\/\/cumse.org\/#website"},"primaryImageOfPage":{"@id":"https:\/\/cumse.org\/giovani-lupi-scu-in-camerun\/#primaryimage"},"image":{"@id":"https:\/\/cumse.org\/giovani-lupi-scu-in-camerun\/#primaryimage"},"thumbnailUrl":"https:\/\/i0.wp.com\/cumse.org\/wp-content\/uploads\/2021\/01\/WhatsApp-Image-2021-01-16-at-00.19.36-1-1.jpeg?fit=1600%2C1200&ssl=1","datePublished":"2021-01-28T16:03:35+00:00","dateModified":"2021-03-30T18:53:21+00:00","author":{"@id":"https:\/\/cumse.org\/#\/schema\/person\/d8802c7f9d251c013018b375be80cb06"},"description":"SCU - Valeryo Falcone, civilista di Fondazione Cumse, racconta la sua esperienza in modo leggero e divertente. SEGUITE LA SUA STORIA!","breadcrumb":{"@id":"https:\/\/cumse.org\/giovani-lupi-scu-in-camerun\/#breadcrumb"},"inLanguage":"fr-FR","potentialAction":[{"@type":"ReadAction","target":["https:\/\/cumse.org\/giovani-lupi-scu-in-camerun\/"]}]},{"@type":"ImageObject","inLanguage":"fr-FR","@id":"https:\/\/cumse.org\/giovani-lupi-scu-in-camerun\/#primaryimage","url":"https:\/\/i0.wp.com\/cumse.org\/wp-content\/uploads\/2021\/01\/WhatsApp-Image-2021-01-16-at-00.19.36-1-1.jpeg?fit=1600%2C1200&ssl=1","contentUrl":"https:\/\/i0.wp.com\/cumse.org\/wp-content\/uploads\/2021\/01\/WhatsApp-Image-2021-01-16-at-00.19.36-1-1.jpeg?fit=1600%2C1200&ssl=1","width":1600,"height":1200},{"@type":"BreadcrumbList","@id":"https:\/\/cumse.org\/giovani-lupi-scu-in-camerun\/#breadcrumb","itemListElement":[{"@type":"ListItem","position":1,"name":"Home","item":"https:\/\/cumse.org\/"},{"@type":"ListItem","position":2,"name":"28 gennaio &#8211; Giovani lupi"}]},{"@type":"WebSite","@id":"https:\/\/cumse.org\/#website","url":"https:\/\/cumse.org\/","name":"Fondazione Cumse ETS","description":"Siamo dove gli altri distolgono lo sguardo","potentialAction":[{"@type":"SearchAction","target":{"@type":"EntryPoint","urlTemplate":"https:\/\/cumse.org\/?s={search_term_string}"},"query-input":{"@type":"PropertyValueSpecification","valueRequired":true,"valueName":"search_term_string"}}],"inLanguage":"fr-FR"},{"@type":"Person","@id":"https:\/\/cumse.org\/#\/schema\/person\/d8802c7f9d251c013018b375be80cb06","name":"admin","image":{"@type":"ImageObject","inLanguage":"fr-FR","@id":"https:\/\/secure.gravatar.com\/avatar\/7fcee464d094e0b490b50408a0c7356276eedd5a17796d503ee821451b764c37?s=96&d=mm&r=g","url":"https:\/\/secure.gravatar.com\/avatar\/7fcee464d094e0b490b50408a0c7356276eedd5a17796d503ee821451b764c37?s=96&d=mm&r=g","contentUrl":"https:\/\/secure.gravatar.com\/avatar\/7fcee464d094e0b490b50408a0c7356276eedd5a17796d503ee821451b764c37?s=96&d=mm&r=g","caption":"admin"}}]}},"jetpack_featured_media_url":"https:\/\/i0.wp.com\/cumse.org\/wp-content\/uploads\/2021\/01\/WhatsApp-Image-2021-01-16-at-00.19.36-1-1.jpeg?fit=1600%2C1200&ssl=1","jetpack_sharing_enabled":true,"_links":{"self":[{"href":"https:\/\/cumse.org\/fr\/wp-json\/wp\/v2\/posts\/3969","targetHints":{"allow":["GET"]}}],"collection":[{"href":"https:\/\/cumse.org\/fr\/wp-json\/wp\/v2\/posts"}],"about":[{"href":"https:\/\/cumse.org\/fr\/wp-json\/wp\/v2\/types\/post"}],"author":[{"embeddable":true,"href":"https:\/\/cumse.org\/fr\/wp-json\/wp\/v2\/users\/1"}],"replies":[{"embeddable":true,"href":"https:\/\/cumse.org\/fr\/wp-json\/wp\/v2\/comments?post=3969"}],"version-history":[{"count":0,"href":"https:\/\/cumse.org\/fr\/wp-json\/wp\/v2\/posts\/3969\/revisions"}],"wp:featuredmedia":[{"embeddable":true,"href":"https:\/\/cumse.org\/fr\/wp-json\/wp\/v2\/media\/4883"}],"wp:attachment":[{"href":"https:\/\/cumse.org\/fr\/wp-json\/wp\/v2\/media?parent=3969"}],"wp:term":[{"taxonomy":"category","embeddable":true,"href":"https:\/\/cumse.org\/fr\/wp-json\/wp\/v2\/categories?post=3969"},{"taxonomy":"post_tag","embeddable":true,"href":"https:\/\/cumse.org\/fr\/wp-json\/wp\/v2\/tags?post=3969"}],"curies":[{"name":"wp","href":"https:\/\/api.w.org\/{rel}","templated":true}]}}