{"id":3961,"date":"2021-01-27T19:26:13","date_gmt":"2021-01-27T18:26:13","guid":{"rendered":"https:\/\/cumse.org\/?p=3961"},"modified":"2021-05-31T19:32:10","modified_gmt":"2021-05-31T18:32:10","slug":"lavaggio-a-secchio-scu-in-camerun","status":"publish","type":"post","link":"https:\/\/cumse.org\/fr\/lavaggio-a-secchio-scu-in-camerun\/","title":{"rendered":"27 gennaio &#8211; Lavaggio a secchio"},"content":{"rendered":"<p>Il brillante gioco di parole che caratterizza la puntata di oggi non \u00e8 casuale. <strong>Non c&#8217;\u00e8 acqua neanche a pagarla!<\/strong><\/p>\n<p><strong>Jacob<\/strong> ha fatto partire il generatore a gasolio per avviare la pompa idrica, ma invano. Alle 7 dunque sono a secco. <strong>La busta dei panni sporchi \u00e8 sempre pi\u00f9 piena. Dovr\u00f2 intervenire, me lo sento.<\/strong><\/p>\n<p><strong>Suor Nicole<\/strong> viene a trovarmi verso le 8 per discutere il programma settimanale. Mi intrattiene giusto un&#8217;oretta, insieme a lei, c&#8217;\u00e8 quel ganzo di<strong> Noa<\/strong> a tenerci compagnia. Sono le 9 spaccate, ho appuntamento con <strong>Sophie<\/strong>, <strong>la mia ricerca sul campo riguardante la condizione femminile nel paese \u00e8 solo all&#8217;inizio.<\/strong><br \/>\nHo bisogno di conoscere un po&#8217; della sua storia perch\u00e9 voglio tentare di trovare degli elementi comuni nelle vite delle varie donne emancipate che incontro.<\/p>\n<p>Chiss\u00e0 che non venga fuori qualcosa di utile per instradare le giovani donnine della maison a seguire l&#8217;esempio. Il passato della mia interlocutrice \u00e8 molto differente da quello di Claris, rispetto a quest&#8217;ultima, lei \u00e8 congolese, pur essendo figlia di padre musulmano e quindi poligamo, sua madre si \u00e8 sposata a 26 anni. <strong>Inoltre molte ragazze oggigiorno nel suo paese natio hanno la possibilit\u00e0 di continuare gli studi anche dopo il matrimonio.<\/strong><\/p>\n<p>Nonostante le diversit\u00e0 scopro l&#8217;acqua calda. Entrambe hanno viaggiato molto durante la loro infanzia. Claris all&#8217;interno del Camerun, Sophie invece un po&#8217; in tutta l&#8217;Africa. <strong>Questo nomadismo ha concesso loro di conoscere e confrontare diversi usi e costumi, oggi sono ben istruite ed economicamente indipendenti, coincidenze? Io non credo.<\/strong><\/p>\n<p>La nostra discussione devia sulle varie trib\u00f9 presenti a <a href=\"https:\/\/it.wikipedia.org\/wiki\/Ngaound%C3%A9r%C3%A9\"><strong>Ngaound\u00e9r\u00e9,<\/strong><\/a> sono veramente affascinato ed incuriosito dagli aspetti antropologici nascosti dentro le trame del tessuto sociale. <strong>Una delle etnie pi\u00f9 grandi presenti nell&#8217;Adamaoua \u00e8 quella dei Baya<\/strong> (premetto subito che i nomi possono essere sicuramente scritti in altra maniera), abbiamo gi\u00e0 parlato degli <strong>Mbororo<\/strong> (<em>clan di cui \u00e8 parte anche Soumaya<\/em>) dalla carnagione pi\u00f9 chiara rispetto al pigmento della gente del nord, nero pece. <strong>Fulb\u00e8<\/strong> (<em>altrimenti detti Poul<\/em>) sono misti, possono avere carnagione pi\u00f9 o meno scura e per riconoscerli serve osservare i lineamenti del viso.<\/p>\n<p>Verso sud, vicino a <a href=\"https:\/\/it.wikipedia.org\/wiki\/Yaound%C3%A9\"><strong>Yaound\u00e8<\/strong><\/a>, uno dei pi\u00f9 diffusi gruppi tribali \u00e8 quello dei <strong>Bamilik\u00e8<\/strong>, nati e cresciuti da sempre con un grande senso del pudore, a differenza dei<strong> Bess\u00e0<\/strong>, situati nella stessa zona ma di tutt&#8217;altra pasta, notoriamente violenti<br \/>\ne attaccabrighe.<br \/>\nLa mia attenzione \u00e8 catturata dai<strong> Bet\u00ec<\/strong>. La condizione femminile in questa trib\u00f9 \u00e8 segnata da un rituale particolare: <strong>p<\/strong><strong>rima che la donna possa sposarsi andando a vivere nella casa del futuro marito, \u00e8 costretta ad avere un rapporto sessuale con un partner, volendo anche casuale.<\/strong><\/p>\n<p>Lo scopo \u00e8 quello di partorire un figlio nella casa paterna, il quale verr\u00e0 accudito dalla famiglia, solo allora la donna potr\u00e0 maritarsi e lasciare le mura natie.<br \/>\nIn pratica i padri Bet\u00ec chiedono un <strong>neonato alle proprie figlie come souvenir d&#8217;addio<\/strong>. <strong>Un tantino pretenzioso non vi pare? Un capriccio tipicamente maschile.<\/strong><\/p>\n<p>Ricordo che da piccolo, quando venivo invitato ad una festa di compleanno e dovevo andare a comperare un regalo per il festeggiato, esigevo che si acquistasse un regalo anche per me. <em>&#8220;O l&#8217;uno o l&#8217;altro!&#8221;<\/em> una tremenda lezione imparata a 5 anni. <strong>Scelsi il regalo per me e saltai la festa&#8230;Ho detto tutto.<\/strong><\/p>\n<p>I capifamiglia Bet\u00ec invece, hanno saputo ovviare il problema, consolidando in secoli di storia, un uso integralmente a loro vantaggio. <strong>Pensate che bello essere il prescelto per l&#8217;amplesso<\/strong>. Tu, giovane Bet\u00ec cammini per strada e passi per caso davanti all&#8217;abitazione giusta. Il padre ha appena saputo che la figlia intende sposarsi, esce sulla soglia, ti chiama: <em>&#8220;tu tizio, vieni qui, c&#8217;\u00e8 da mettere incinta mia figlia, vuole sposarsi la scema!&#8221;<\/em>. Metti che quel tizio sono io?<\/p>\n<p>Com&#8217;era il detto? &#8220;Paese che vai, usanze che trovi&#8221;&#8230; siamo sicuri? Soprattutto anticamente un figlio in pi\u00f9 significava avere presto braccia buone per il lavoro e quindi il sostegno del nucleo familiare. <strong>Gli uomini Bet\u00ec quindi, prima di perdere due braccia esperte e ben robuste, rimpiazzavano la lacuna con un nuovo nato.<\/strong><br \/>\nTerminato il nostro approfondimento strappo a Sophie una promessa, mi trover\u00e0 degli anziani di diverse trib\u00f9 con cui parlare per poter scrivere e ascoltare le origini, le usanze e i mutamenti delle antiche etnie del paese. Sua madre ad esempio, il padre di Jojo e molti altri ancora!<\/p>\n<p>Non mi resta che tornare a casa per il pranzo e giocare come un pazzo con la mia adorata Soumaya. <strong>Godyene<\/strong> mi propone un <strong>frutto esotico mai visto prima dall&#8217;aspetto inquietante, sembra un pancreas con le spine<\/strong>. <em>&#8220;Si chiama Kerasol&#8221;<\/em> mi dice (scritto diversamente perch\u00e9 su Google in questo modo non mi esce nulla). Ha il nome di un farmaco&#8230; non mi ispira.<br \/>\nNon a caso fa molto bene alla salute. Ma sar\u00e0 buono?<\/p>\n<p>Godyene ne prende una fetta, <strong>Soumaya<\/strong> pure (incredibilmente le piace), io per onore della compagnia cerco di avvicinare lo spicchio alla bocca. Mi fermo un attimo. Lo guardo. Sempre Godyene:<em>&#8220;anche se sembra marcio, non lo \u00e8, questo \u00e8 il suo normale aspetto!&#8221;.<\/em> <strong>Namo bene<\/strong>. Ora si che ho proprio il desiderio di gustarlo, grazie per l&#8217;incoraggiamento.<\/p>\n<p><strong>Ha un sapore acido abbastanza orribile<\/strong>, ma chi me lo ha fatto fare? Forse l&#8217;orgoglio, segnato nel vivo alla vista di una bimba di 2 anni mangiarlo senza fare storie. Preferisco lasciarmi il beneficio del dubbio.<\/p>\n<p>Dopo pranzo me ne sto quatto quatto in soggiorno, intravedo Rosalie passare davanti alla casa. Ha due secchi in mano, all&#8217;interno dei quali vedo spuntare i bordi della divisa scolastica. <strong>Non c&#8217;\u00e8 acqua, che lavi i panni al pozzo?<\/strong> Risposta affermativa. La esorto a fermarsi, recupero i miei 4 stracci e la seguo.<\/p>\n<p>Avere un po&#8217; di compagnia in questi casi \u00e8 un <strong>bromuro per il cuore<\/strong>. La mia pigrizia uccide qualsiasi voglia di fare, trovarsi altra gente intorno sulla stessa barca da consolazione. Un po&#8217; come quando vai in biblioteca a &#8220;studiare&#8221;. L\u00ec per l\u00ec tutto faresti meno che quello, poi per\u00f2<strong> la ragazza carina e diligente<\/strong> seduta di fronte comincia a consumare volumi mastodontici e allora, per atteggiarti, metti una mano sul mento e cominci ad addentrarti nelle tue materie.<\/p>\n<p>Le dinamiche per me si svolgevano cos\u00ec: o non mi accorgevo di quando se ne andava perch\u00e9 preso\/addormentato dal libro, o il suo ragazzo si sedeva proprio nel posto che lei gli aveva riservato gentilmente accanto. Il finale per\u00f2 era sempre lo stesso, tornavo a casa da solo. <strong>Qui quanto meno ho compagnia!<\/strong><\/p>\n<p><strong><em> Rosalie<\/em> <\/strong>(12 anni) mi prende in giro dato che non sono capace di tirar su l&#8217;acqua dal pozzo. Intestardito tento un paio di volte e alla terza riesco finalmente a recuperare un secchio degno di questo nome.<br \/>\n<strong><em>Yves<\/em><\/strong> (8 anni circa) mi spiega come usare la saponetta, \u00e8 importante passarla bene sulle macchie prima di sfregare. Mostro il risultato. <strong>I miei calzini bianchi sono quasi tornati al loro colore originale, \u00e8 gi\u00e0 qualcosa.<\/strong><\/p>\n<p>Ridono&#8230; forse non sono proprio pulitissimi. A mio parere sono migliorato nella fase di lavaggio. Presento ancora qualche lacuna sul versante risciacquo. Non credo di aver fatto ben uscire il sapone dai tessuti e, quando arriva il momento di stendere la biancheria, percepisco al tatto come una sensazione di unto poco rassicurante. Mass\u00ec&#8230; <strong>i 32 gradi del sole equatoriale seccheranno questo ed altro, che vuoi che sia!<\/strong><\/p>\n<p><strong>Manass\u00e8<\/strong> mi chiede di unirmi a lui per una partita di pallone, infilzo le scarpe e mi precipito a giocare. Soumaya vuole la palla tutta per s\u00e9, Noa gliela ruba di mano, la signorinella abituata a primeggiare scoppia a piangere. Continuer\u00e0 cos\u00ec per il resto della giornata. Quando si mette in testa qualcosa \u00e8 instancabile.<br \/>\nNoi invece, per nulla toccati dai capricci egoisti della nostra principessina, ci barcameniamo in una <strong>disordinatissima competizione calcistica.<\/strong><\/p>\n<p><img data-recalc-dims=\"1\" loading=\"lazy\" decoding=\"async\" class=\"wp-image-4879 alignleft\" src=\"https:\/\/i0.wp.com\/cumse.org\/wp-content\/uploads\/2021\/01\/WhatsApp-Image-2021-02-19-at-12.43.27-4.jpeg?resize=608%2C456&#038;ssl=1\" alt=\"\" width=\"608\" height=\"456\" srcset=\"https:\/\/i0.wp.com\/cumse.org\/wp-content\/uploads\/2021\/01\/WhatsApp-Image-2021-02-19-at-12.43.27-4.jpeg?w=1024&amp;ssl=1 1024w, https:\/\/i0.wp.com\/cumse.org\/wp-content\/uploads\/2021\/01\/WhatsApp-Image-2021-02-19-at-12.43.27-4.jpeg?resize=800%2C600&amp;ssl=1 800w, https:\/\/i0.wp.com\/cumse.org\/wp-content\/uploads\/2021\/01\/WhatsApp-Image-2021-02-19-at-12.43.27-4.jpeg?resize=300%2C225&amp;ssl=1 300w, https:\/\/i0.wp.com\/cumse.org\/wp-content\/uploads\/2021\/01\/WhatsApp-Image-2021-02-19-at-12.43.27-4.jpeg?resize=768%2C576&amp;ssl=1 768w\" sizes=\"auto, (max-width: 608px) 100vw, 608px\" \/><\/p>\n<p>&nbsp;<\/p>\n<p>&nbsp;<\/p>\n<p>&nbsp;<\/p>\n<p>&nbsp;<\/p>\n<p>&nbsp;<\/p>\n<p>&nbsp;<\/p>\n<p>&nbsp;<\/p>\n<p>&nbsp;<\/p>\n<p>&nbsp;<\/p>\n<p>&nbsp;<\/p>\n<p>Godyene prova a tirare, <strong>la sfera mi passa a 2 millimetri dal naso<\/strong>, abbasso il cranio di riflesso ed evito la commozione celebrale, c&#8217;\u00e8 mancato un pelo. La mia forte amica congolese scoppia a ridere.<br \/>\n<em>Potevo morire ma va beh, tranquilla&#8230; nvedi questa!<\/em> Tiro io. Becco Soumaya in pieno, fortuna che mi sono trattenuto, nulla di grave, anzi ha smesso di piangere. Incredibile! Avr\u00f2 schiacciato qualche tasto, come quei bambolotti di una volta che si zittivano se gli davi il ciuccio.<\/p>\n<p>Forse vi chiederete il motivo per cui possiedo tali informazioni.<br \/>\nNo, non giocavo con le bambole, mi spiace deludervi, nessun passato deviato, mia madre ne aveva uno nella vetrina del suo negozio, il quale \u00e8 durato finch\u00e9 io a 10 anni non l&#8217;ho utilizzato come manichino per imitare i lottatori di wrestling. <strong>619, Rey Mysterio, Eddie Guerrero, Nunzio!<\/strong><\/p>\n<p>Chi NON \u00e8 nato negli anni 90&#8242; legger\u00e0 questi riferimenti con indifferenza, tutti gli altri verseranno una lacrima nostalgica. Manass\u00e8 intanto ha deciso di cambiare sport. Prende un bidone per l&#8217;acqua vuoto e lo piazza su un tavolo davanti all&#8217;ingresso di casa sua:<strong> \u00e8 tempo di Basket!<\/strong><\/p>\n<p>Sar\u00e0 che sono di parte preferendolo di gran lunga al calcio, sar\u00e0 che vengo da Cant\u00f9, ma noto che questa disciplina comporta un mutamento fenomenale nella condotta dei bimbi. Tutti vogliono provare a tirare, la conquista della palla \u00e8 una lotta, nessuno palleggia, chi sgomita, chi corre, \u00e8 una ressa continua, <strong>io trovo il tutto meraviglioso<\/strong>. Manass\u00e8 dall&#8217;alto del suo metro e 90 allunga un arto e recupera la sfera. Noa, nonostante i suoi 60 cm di altezza, fa comunque notare l&#8217;esigenza di schiacciare. Io lo prendo in braccio, Manass\u00e8 passa l&#8217;assist ed \u00e8<strong> (<em>Slam) Dunk<\/em> [altro amarcord anni 90&#8242;!].<\/strong><\/p>\n<p>La luna \u00e8 quasi completamente piena, di tanto in tanto, il pallone lanciato per aria dai bimbi sperduti la eclissa per un&#8217;istante, pipistrelli e corvi riprendono la conquista del cielo notturno. E&#8217; ora di cena, tutti i piccoli vengono richiamati all&#8217;ordine, noi grandi, invece, necessitiamo di una doccia.<\/p>\n<p>Sono impolverato da capo a piedi, mi sento sudato e appiccicaticcio. Poco importa se l&#8217;acqua non scende dal doccino. Ho riempito i secchi al pozzo, non posso pi\u00f9 esimermi dal darmi una ripulita come si deve. <strong>Per la prima volta entro in bagno scalzo, il desiderio di lavarmi supera persino la mia schizzinosa ritrosia al camminare senza infradito.<\/strong> Lavarsi in questo modo \u00e8 decisamente un&#8217;operazione scomoda, ma ne vale la pena.<\/p>\n<p>Prima di coricarmi dovrei ritirare i panni, in tre ore stesi al sole sono gi\u00e0 praticamente asciutti. La sensazione di unto lasciata dal sapone \u00e8 sparita, in compenso sembrano essere diventati di cartone. Com&#8217;\u00e8 che avevo detto? <em>&#8220;Cosa vuoi che sia<\/em>?&#8221;<\/p>\n<p>Grande Vale&#8230; bene cos\u00ec, vedremo domani quando per infilarti una maglietta avrai bisogno del flessibile&#8230; <strong>parlo in terza persona, meglio farsi una dormita.<\/strong><\/p>\n","protected":false},"excerpt":{"rendered":"<p>Il brillante gioco di parole che caratterizza la puntata di oggi non \u00e8 casuale. Non c&#8217;\u00e8 acqua neanche a pagarla! Jacob ha fatto partire il generatore a gasolio per avviare la pompa idrica, ma invano. Alle 7 dunque sono a secco. La busta dei panni sporchi \u00e8 sempre pi\u00f9 piena. Dovr\u00f2 intervenire, me lo sento. [&hellip;]<\/p>\n","protected":false},"author":1,"featured_media":4878,"comment_status":"closed","ping_status":"closed","sticky":false,"template":"","format":"standard","meta":{"_jetpack_memberships_contains_paid_content":false,"footnotes":""},"categories":[62],"tags":[68,67,79,65,66,69],"class_list":["post-3961","post","type-post","status-publish","format-standard","has-post-thumbnail","hentry","category-travaler","tag-camerun","tag-fondazione-cumse","tag-ngaoundere","tag-scu","tag-servizio-civile-universale","tag-yaounde"],"yoast_head":"<!-- This site is optimized with the Yoast SEO plugin v27.3 - https:\/\/yoast.com\/product\/yoast-seo-wordpress\/ -->\n<title>27 gennaio - Lavaggio a secchio - Fondazione Cumse ETS<\/title>\n<meta name=\"description\" content=\"SCU - Valeryo Falcone, civilista di Fondazione Cumse, racconta la sua esperienza in modo leggero e divertente. SEGUITE LA SUA STORIA!\" \/>\n<meta name=\"robots\" content=\"index, follow, max-snippet:-1, max-image-preview:large, max-video-preview:-1\" \/>\n<link rel=\"canonical\" href=\"https:\/\/cumse.org\/fr\/lavaggio-a-secchio-scu-in-camerun\/\" \/>\n<meta property=\"og:locale\" content=\"fr_FR\" \/>\n<meta property=\"og:type\" content=\"article\" \/>\n<meta property=\"og:title\" content=\"27 gennaio - Lavaggio a secchio - Fondazione Cumse ETS\" \/>\n<meta property=\"og:description\" content=\"SCU - Valeryo Falcone, civilista di Fondazione Cumse, racconta la sua esperienza in modo leggero e divertente. SEGUITE LA SUA STORIA!\" \/>\n<meta property=\"og:url\" content=\"https:\/\/cumse.org\/fr\/lavaggio-a-secchio-scu-in-camerun\/\" \/>\n<meta property=\"og:site_name\" content=\"Fondazione Cumse ETS\" \/>\n<meta property=\"article:published_time\" content=\"2021-01-27T18:26:13+00:00\" \/>\n<meta property=\"article:modified_time\" content=\"2021-05-31T18:32:10+00:00\" \/>\n<meta property=\"og:image\" content=\"https:\/\/cumse.org\/wp-content\/uploads\/2021\/01\/WhatsApp-Image-2021-02-19-at-12.43.26.jpeg\" \/>\n\t<meta property=\"og:image:width\" content=\"575\" \/>\n\t<meta property=\"og:image:height\" content=\"1024\" \/>\n\t<meta property=\"og:image:type\" content=\"image\/jpeg\" \/>\n<meta name=\"author\" content=\"admin\" \/>\n<meta name=\"twitter:card\" content=\"summary_large_image\" \/>\n<meta name=\"twitter:label1\" content=\"\u00c9crit par\" \/>\n\t<meta name=\"twitter:data1\" content=\"admin\" \/>\n\t<meta name=\"twitter:label2\" content=\"Dur\u00e9e de lecture estim\u00e9e\" \/>\n\t<meta name=\"twitter:data2\" content=\"8 minutes\" \/>\n<script type=\"application\/ld+json\" class=\"yoast-schema-graph\">{\"@context\":\"https:\\\/\\\/schema.org\",\"@graph\":[{\"@type\":\"Article\",\"@id\":\"https:\\\/\\\/cumse.org\\\/lavaggio-a-secchio-scu-in-camerun\\\/#article\",\"isPartOf\":{\"@id\":\"https:\\\/\\\/cumse.org\\\/lavaggio-a-secchio-scu-in-camerun\\\/\"},\"author\":{\"name\":\"admin\",\"@id\":\"https:\\\/\\\/cumse.org\\\/#\\\/schema\\\/person\\\/d8802c7f9d251c013018b375be80cb06\"},\"headline\":\"27 gennaio &#8211; Lavaggio a secchio\",\"datePublished\":\"2021-01-27T18:26:13+00:00\",\"dateModified\":\"2021-05-31T18:32:10+00:00\",\"mainEntityOfPage\":{\"@id\":\"https:\\\/\\\/cumse.org\\\/lavaggio-a-secchio-scu-in-camerun\\\/\"},\"wordCount\":1725,\"image\":{\"@id\":\"https:\\\/\\\/cumse.org\\\/lavaggio-a-secchio-scu-in-camerun\\\/#primaryimage\"},\"thumbnailUrl\":\"https:\\\/\\\/i0.wp.com\\\/cumse.org\\\/wp-content\\\/uploads\\\/2021\\\/01\\\/WhatsApp-Image-2021-02-19-at-12.43.26.jpeg?fit=575%2C1024&ssl=1\",\"keywords\":[\"Camerun\",\"Fondazione Cumse\",\"Ngaounder\u00e8\",\"SCU\",\"Servizio Civile Universale\",\"Yaound\u00e8\"],\"articleSection\":[\"TrAvaler\"],\"inLanguage\":\"fr-FR\"},{\"@type\":\"WebPage\",\"@id\":\"https:\\\/\\\/cumse.org\\\/lavaggio-a-secchio-scu-in-camerun\\\/\",\"url\":\"https:\\\/\\\/cumse.org\\\/lavaggio-a-secchio-scu-in-camerun\\\/\",\"name\":\"27 gennaio - Lavaggio a secchio - Fondazione Cumse ETS\",\"isPartOf\":{\"@id\":\"https:\\\/\\\/cumse.org\\\/#website\"},\"primaryImageOfPage\":{\"@id\":\"https:\\\/\\\/cumse.org\\\/lavaggio-a-secchio-scu-in-camerun\\\/#primaryimage\"},\"image\":{\"@id\":\"https:\\\/\\\/cumse.org\\\/lavaggio-a-secchio-scu-in-camerun\\\/#primaryimage\"},\"thumbnailUrl\":\"https:\\\/\\\/i0.wp.com\\\/cumse.org\\\/wp-content\\\/uploads\\\/2021\\\/01\\\/WhatsApp-Image-2021-02-19-at-12.43.26.jpeg?fit=575%2C1024&ssl=1\",\"datePublished\":\"2021-01-27T18:26:13+00:00\",\"dateModified\":\"2021-05-31T18:32:10+00:00\",\"author\":{\"@id\":\"https:\\\/\\\/cumse.org\\\/#\\\/schema\\\/person\\\/d8802c7f9d251c013018b375be80cb06\"},\"description\":\"SCU - Valeryo Falcone, civilista di Fondazione Cumse, racconta la sua esperienza in modo leggero e divertente. SEGUITE LA SUA STORIA!\",\"breadcrumb\":{\"@id\":\"https:\\\/\\\/cumse.org\\\/lavaggio-a-secchio-scu-in-camerun\\\/#breadcrumb\"},\"inLanguage\":\"fr-FR\",\"potentialAction\":[{\"@type\":\"ReadAction\",\"target\":[\"https:\\\/\\\/cumse.org\\\/lavaggio-a-secchio-scu-in-camerun\\\/\"]}]},{\"@type\":\"ImageObject\",\"inLanguage\":\"fr-FR\",\"@id\":\"https:\\\/\\\/cumse.org\\\/lavaggio-a-secchio-scu-in-camerun\\\/#primaryimage\",\"url\":\"https:\\\/\\\/i0.wp.com\\\/cumse.org\\\/wp-content\\\/uploads\\\/2021\\\/01\\\/WhatsApp-Image-2021-02-19-at-12.43.26.jpeg?fit=575%2C1024&ssl=1\",\"contentUrl\":\"https:\\\/\\\/i0.wp.com\\\/cumse.org\\\/wp-content\\\/uploads\\\/2021\\\/01\\\/WhatsApp-Image-2021-02-19-at-12.43.26.jpeg?fit=575%2C1024&ssl=1\",\"width\":575,\"height\":1024},{\"@type\":\"BreadcrumbList\",\"@id\":\"https:\\\/\\\/cumse.org\\\/lavaggio-a-secchio-scu-in-camerun\\\/#breadcrumb\",\"itemListElement\":[{\"@type\":\"ListItem\",\"position\":1,\"name\":\"Home\",\"item\":\"https:\\\/\\\/cumse.org\\\/\"},{\"@type\":\"ListItem\",\"position\":2,\"name\":\"27 gennaio &#8211; Lavaggio a secchio\"}]},{\"@type\":\"WebSite\",\"@id\":\"https:\\\/\\\/cumse.org\\\/#website\",\"url\":\"https:\\\/\\\/cumse.org\\\/\",\"name\":\"Fondazione Cumse ETS\",\"description\":\"Siamo dove gli altri distolgono lo sguardo\",\"potentialAction\":[{\"@type\":\"SearchAction\",\"target\":{\"@type\":\"EntryPoint\",\"urlTemplate\":\"https:\\\/\\\/cumse.org\\\/?s={search_term_string}\"},\"query-input\":{\"@type\":\"PropertyValueSpecification\",\"valueRequired\":true,\"valueName\":\"search_term_string\"}}],\"inLanguage\":\"fr-FR\"},{\"@type\":\"Person\",\"@id\":\"https:\\\/\\\/cumse.org\\\/#\\\/schema\\\/person\\\/d8802c7f9d251c013018b375be80cb06\",\"name\":\"admin\",\"image\":{\"@type\":\"ImageObject\",\"inLanguage\":\"fr-FR\",\"@id\":\"https:\\\/\\\/secure.gravatar.com\\\/avatar\\\/7fcee464d094e0b490b50408a0c7356276eedd5a17796d503ee821451b764c37?s=96&d=mm&r=g\",\"url\":\"https:\\\/\\\/secure.gravatar.com\\\/avatar\\\/7fcee464d094e0b490b50408a0c7356276eedd5a17796d503ee821451b764c37?s=96&d=mm&r=g\",\"contentUrl\":\"https:\\\/\\\/secure.gravatar.com\\\/avatar\\\/7fcee464d094e0b490b50408a0c7356276eedd5a17796d503ee821451b764c37?s=96&d=mm&r=g\",\"caption\":\"admin\"}}]}<\/script>\n<!-- \/ Yoast SEO plugin. -->","yoast_head_json":{"title":"27 gennaio - Lavaggio a secchio - Fondazione Cumse ETS","description":"SCU - Valeryo Falcone, civilista di Fondazione Cumse, racconta la sua esperienza in modo leggero e divertente. SEGUITE LA SUA STORIA!","robots":{"index":"index","follow":"follow","max-snippet":"max-snippet:-1","max-image-preview":"max-image-preview:large","max-video-preview":"max-video-preview:-1"},"canonical":"https:\/\/cumse.org\/fr\/lavaggio-a-secchio-scu-in-camerun\/","og_locale":"fr_FR","og_type":"article","og_title":"27 gennaio - Lavaggio a secchio - Fondazione Cumse ETS","og_description":"SCU - Valeryo Falcone, civilista di Fondazione Cumse, racconta la sua esperienza in modo leggero e divertente. SEGUITE LA SUA STORIA!","og_url":"https:\/\/cumse.org\/fr\/lavaggio-a-secchio-scu-in-camerun\/","og_site_name":"Fondazione Cumse ETS","article_published_time":"2021-01-27T18:26:13+00:00","article_modified_time":"2021-05-31T18:32:10+00:00","og_image":[{"width":575,"height":1024,"url":"https:\/\/cumse.org\/wp-content\/uploads\/2021\/01\/WhatsApp-Image-2021-02-19-at-12.43.26.jpeg","type":"image\/jpeg"}],"author":"admin","twitter_card":"summary_large_image","twitter_misc":{"\u00c9crit par":"admin","Dur\u00e9e de lecture estim\u00e9e":"8 minutes"},"schema":{"@context":"https:\/\/schema.org","@graph":[{"@type":"Article","@id":"https:\/\/cumse.org\/lavaggio-a-secchio-scu-in-camerun\/#article","isPartOf":{"@id":"https:\/\/cumse.org\/lavaggio-a-secchio-scu-in-camerun\/"},"author":{"name":"admin","@id":"https:\/\/cumse.org\/#\/schema\/person\/d8802c7f9d251c013018b375be80cb06"},"headline":"27 gennaio &#8211; Lavaggio a secchio","datePublished":"2021-01-27T18:26:13+00:00","dateModified":"2021-05-31T18:32:10+00:00","mainEntityOfPage":{"@id":"https:\/\/cumse.org\/lavaggio-a-secchio-scu-in-camerun\/"},"wordCount":1725,"image":{"@id":"https:\/\/cumse.org\/lavaggio-a-secchio-scu-in-camerun\/#primaryimage"},"thumbnailUrl":"https:\/\/i0.wp.com\/cumse.org\/wp-content\/uploads\/2021\/01\/WhatsApp-Image-2021-02-19-at-12.43.26.jpeg?fit=575%2C1024&ssl=1","keywords":["Camerun","Fondazione Cumse","Ngaounder\u00e8","SCU","Servizio Civile Universale","Yaound\u00e8"],"articleSection":["TrAvaler"],"inLanguage":"fr-FR"},{"@type":"WebPage","@id":"https:\/\/cumse.org\/lavaggio-a-secchio-scu-in-camerun\/","url":"https:\/\/cumse.org\/lavaggio-a-secchio-scu-in-camerun\/","name":"27 gennaio - Lavaggio a secchio - Fondazione Cumse ETS","isPartOf":{"@id":"https:\/\/cumse.org\/#website"},"primaryImageOfPage":{"@id":"https:\/\/cumse.org\/lavaggio-a-secchio-scu-in-camerun\/#primaryimage"},"image":{"@id":"https:\/\/cumse.org\/lavaggio-a-secchio-scu-in-camerun\/#primaryimage"},"thumbnailUrl":"https:\/\/i0.wp.com\/cumse.org\/wp-content\/uploads\/2021\/01\/WhatsApp-Image-2021-02-19-at-12.43.26.jpeg?fit=575%2C1024&ssl=1","datePublished":"2021-01-27T18:26:13+00:00","dateModified":"2021-05-31T18:32:10+00:00","author":{"@id":"https:\/\/cumse.org\/#\/schema\/person\/d8802c7f9d251c013018b375be80cb06"},"description":"SCU - Valeryo Falcone, civilista di Fondazione Cumse, racconta la sua esperienza in modo leggero e divertente. SEGUITE LA SUA STORIA!","breadcrumb":{"@id":"https:\/\/cumse.org\/lavaggio-a-secchio-scu-in-camerun\/#breadcrumb"},"inLanguage":"fr-FR","potentialAction":[{"@type":"ReadAction","target":["https:\/\/cumse.org\/lavaggio-a-secchio-scu-in-camerun\/"]}]},{"@type":"ImageObject","inLanguage":"fr-FR","@id":"https:\/\/cumse.org\/lavaggio-a-secchio-scu-in-camerun\/#primaryimage","url":"https:\/\/i0.wp.com\/cumse.org\/wp-content\/uploads\/2021\/01\/WhatsApp-Image-2021-02-19-at-12.43.26.jpeg?fit=575%2C1024&ssl=1","contentUrl":"https:\/\/i0.wp.com\/cumse.org\/wp-content\/uploads\/2021\/01\/WhatsApp-Image-2021-02-19-at-12.43.26.jpeg?fit=575%2C1024&ssl=1","width":575,"height":1024},{"@type":"BreadcrumbList","@id":"https:\/\/cumse.org\/lavaggio-a-secchio-scu-in-camerun\/#breadcrumb","itemListElement":[{"@type":"ListItem","position":1,"name":"Home","item":"https:\/\/cumse.org\/"},{"@type":"ListItem","position":2,"name":"27 gennaio &#8211; Lavaggio a secchio"}]},{"@type":"WebSite","@id":"https:\/\/cumse.org\/#website","url":"https:\/\/cumse.org\/","name":"Fondazione Cumse ETS","description":"Siamo dove gli altri distolgono lo sguardo","potentialAction":[{"@type":"SearchAction","target":{"@type":"EntryPoint","urlTemplate":"https:\/\/cumse.org\/?s={search_term_string}"},"query-input":{"@type":"PropertyValueSpecification","valueRequired":true,"valueName":"search_term_string"}}],"inLanguage":"fr-FR"},{"@type":"Person","@id":"https:\/\/cumse.org\/#\/schema\/person\/d8802c7f9d251c013018b375be80cb06","name":"admin","image":{"@type":"ImageObject","inLanguage":"fr-FR","@id":"https:\/\/secure.gravatar.com\/avatar\/7fcee464d094e0b490b50408a0c7356276eedd5a17796d503ee821451b764c37?s=96&d=mm&r=g","url":"https:\/\/secure.gravatar.com\/avatar\/7fcee464d094e0b490b50408a0c7356276eedd5a17796d503ee821451b764c37?s=96&d=mm&r=g","contentUrl":"https:\/\/secure.gravatar.com\/avatar\/7fcee464d094e0b490b50408a0c7356276eedd5a17796d503ee821451b764c37?s=96&d=mm&r=g","caption":"admin"}}]}},"jetpack_featured_media_url":"https:\/\/i0.wp.com\/cumse.org\/wp-content\/uploads\/2021\/01\/WhatsApp-Image-2021-02-19-at-12.43.26.jpeg?fit=575%2C1024&ssl=1","jetpack_sharing_enabled":true,"_links":{"self":[{"href":"https:\/\/cumse.org\/fr\/wp-json\/wp\/v2\/posts\/3961","targetHints":{"allow":["GET"]}}],"collection":[{"href":"https:\/\/cumse.org\/fr\/wp-json\/wp\/v2\/posts"}],"about":[{"href":"https:\/\/cumse.org\/fr\/wp-json\/wp\/v2\/types\/post"}],"author":[{"embeddable":true,"href":"https:\/\/cumse.org\/fr\/wp-json\/wp\/v2\/users\/1"}],"replies":[{"embeddable":true,"href":"https:\/\/cumse.org\/fr\/wp-json\/wp\/v2\/comments?post=3961"}],"version-history":[{"count":0,"href":"https:\/\/cumse.org\/fr\/wp-json\/wp\/v2\/posts\/3961\/revisions"}],"wp:featuredmedia":[{"embeddable":true,"href":"https:\/\/cumse.org\/fr\/wp-json\/wp\/v2\/media\/4878"}],"wp:attachment":[{"href":"https:\/\/cumse.org\/fr\/wp-json\/wp\/v2\/media?parent=3961"}],"wp:term":[{"taxonomy":"category","embeddable":true,"href":"https:\/\/cumse.org\/fr\/wp-json\/wp\/v2\/categories?post=3961"},{"taxonomy":"post_tag","embeddable":true,"href":"https:\/\/cumse.org\/fr\/wp-json\/wp\/v2\/tags?post=3961"}],"curies":[{"name":"wp","href":"https:\/\/api.w.org\/{rel}","templated":true}]}}