{"id":3940,"date":"2021-01-26T09:52:09","date_gmt":"2021-01-26T08:52:09","guid":{"rendered":"https:\/\/cumse.org\/?p=3940"},"modified":"2021-03-17T14:40:32","modified_gmt":"2021-03-17T13:40:32","slug":"ivenuto-dal-futuro-scu-in-camerun","status":"publish","type":"post","link":"https:\/\/cumse.org\/fr\/ivenuto-dal-futuro-scu-in-camerun\/","title":{"rendered":"26 gennaio &#8211; Venuto dal futuro"},"content":{"rendered":"<p>Tra una balla e l&#8217;altra mi sono coricato alle 2.<\/p>\n<p>Sono le 7, ho dormito 5 ore, <strong>NON CE LA POSSO FARE!<\/strong> Sento gi\u00e0 le voci dall&#8217;Italia di tutti gli amici gridare:<em> WE, BELLA VITA!<\/em><\/p>\n<p>Dai ho appuntamento con <strong>Sophie<\/strong> in ufficio, mi sono impegnato per avere un minimo di programma da seguire.<br \/>\nFinisco il riso con i fagioli e mi dirigo verso l&#8217;edificio. <strong>Chiuso.<\/strong><\/p>\n<p>Mi siedo sullo scalino davanti all&#8217;ingresso e nello stesso istante ricevo un messaggio. E&#8217; Sophie, si trova in citt\u00e0, rimandiamo l&#8217;incontro, appena rientra mi scrive. Che colpa ne ho se il mondo mi vuole pigro e riposato? Non posso certo costringerla a tornare indietro. La pazienza \u00e8 la virt\u00f9 dei forti d&#8217;altra parte, vorr\u00e0 dire che aspetter\u00f2 serenamente un suo segnale.<\/p>\n<p>Torno a casa e mi metto a ricopiare sul pc i dati raccolti ieri con Claris. <strong>Quanto meno ho il buon senso e il pudore per portarmi avanti con la stesura dei dati.<\/strong><\/p>\n<p>Arriva <strong>Godyene<\/strong>. Ora che ci penso, anche lei \u00e8 una donna emancipata e libera. Potrei farle qualche domanda, per capire magari da dove sia nata la sua esigenza di seguire un percorso differente rispetto alla stragrande maggioranza delle sue coetanee. Godyene mi spiega <strong>moltissime cose:<\/strong> le sue origini congolesi mi danno poi l&#8217;opportunit\u00e0 di fare delle comparazioni con il <a href=\"https:\/\/it.wikipedia.org\/wiki\/Camerun\"><strong>Camerun<\/strong><\/a>. La condizione femminile varia da trib\u00f9 a trib\u00f9, la componente etnica degli <em>&#8220;Mbum&#8221;<\/em> (ammesso che si scriva cos\u00ec) per constatare l&#8217;effettiva maturit\u00e0 sessuale dei figli, ad esempio, protraeva in passato una pratica <strong>abbastanza suggestiva.<\/strong><\/p>\n<p><strong>La prole viene fatta accoppiare con i genitori, la femmina con il padre, il maschio con la madre<\/strong>. Questo per testare se effettivamente i giovani fossero fisicamente pronti alla vita matrimoniale. La preservazione della specie, nei secoli, ha portato questa minoranza tribale ad assicurarsi bene che dall&#8217;unione dei discendenti nascessero nuovi membri della comunit\u00e0.<\/p>\n<p>Mentre tranquillamente mi racconta di questi incesti primordiali la mia faccia assume l<strong>e sembianze di un Picasso<\/strong>. Non fiato. Non voglio sembrare il classico bianco moralista incapace di avvicinarsi a mondi tanto lontani. Prendo fiato e me ne esco molto pacificamente con un: <em>&#8220;ah&#8230; certo, \u00e8 chiaro&#8230;<\/em> vado un attimo in bagno a vomitare eh, asp\u00e8!&#8221; (l&#8217;ultima parte l&#8217;ho solo pensata, lo ammetto). Ad ogni modo \u00e8 peculiare come <strong>dinamiche completamente differenti condizionino la vita del genere femminile di regione in regione e di trib\u00f9 in trib\u00f9<\/strong>.<\/p>\n<p>Ha il suo fascino scoprire che a distanza di decine di secoli, il popolo africano, nella sua orgogliosa fierezza, malgrado un passato costellato da <strong>invasioni, colonizzazioni, guerre intestine e massacri<\/strong>, sia riuscito a mantenere e a tramandare le proprie origini pregne di <strong>usi, costumi, dialetti e rituali<\/strong>. Ridiamo tanto delle stregonerie, delle pratiche di medicina tradizionale e della semplicit\u00e0, appigliandoci alle nostre certezze scientifiche, ma a volte, forse, pecchiamo di <strong>presunzione.<\/strong><\/p>\n<p>Qui non c&#8217;\u00e8 perfezione, le cose devono essere utili, <strong>le spiegazioni contano poco.<\/strong> Un bambino affetto da colera o da malaria quaggi\u00f9 viene immerso in una <strong>tinozza colma di infuso d&#8217;artemisia, gli si applica uno straccio sul capo e si ripete questa terapia per qualche giorno<\/strong>. Nessuno ride e nessuno studia le ragioni scientifiche dei risultati. Tutti constatano che i piccoli, anche grazie a questo trattamento, migliorano e guariscono.<\/p>\n<table style=\"width: 100%; border-collapse: collapse;\" border=\"0\">\n<tbody>\n<tr>\n<td style=\"width: 100%; background-color: red; text-align: center; vertical-align: top;\">\n<h4><a href=\"\/fr\/servizio-civile-universale\/\"><span style=\"color: #ffffff;\"><strong>Per saperne di pi\u00f9 sul Servizio Civile Universale &#8211; SCU &#8211; clicca qu\u00ec!<\/strong><\/span><\/a><\/h4>\n<\/td>\n<\/tr>\n<\/tbody>\n<\/table>\n<p>I colonizzatori hanno insegnato ai popoli invasi &#8220;<em>come stare al mondo<\/em>&#8220;, sottovalutando l&#8217;enorme valore del rapporto pacifico di comune convivenza che questi avevano instaurato con la natura circostante. <strong>L&#8217;occidente<\/strong> ha importato la sua prospettiva ostile stando alla quale (mera illusione) <strong>deve essere l&#8217;uomo a dominare gli elementi e non viceversa<\/strong>. La cosa pi\u00f9 curiosa, che ho sempre trovato divertente, \u00e8 il pulpito da cui questi signori si sono sentiti in diritto di impartire lezioni. <strong>Gli inglesi su tutti mi danno da pensare<\/strong>. Hanno due rubinetti diversi da cui far scorrere l&#8217;acqua calda e fredda, non sanno cosa sia un bidet, non si esprimono mai sinceramente eppure hanno avuto la profonda convinzione di poter spiegare a qualcuno, magari mossi da compassionevole altruismo, il concetto (abbastanza contraddittorio) di <strong>CIVILTA<\/strong>&#8216;.<\/p>\n<p>Bravi loro! Chiss\u00e0 cosa sarebbe successo se, davanti a qualche scena di incesto tribale, anzich\u00e9 <strong>far scorrere fiumi di sangue<\/strong>, si fossero limitati a pensarla diversamente andando per la loro strada.<\/p>\n<p>Godyene mi suggerisce di far conoscere nuove prospettive alle mie adorate fanciulline, magari portandole in gita all&#8217;Universit\u00e0 di <a href=\"https:\/\/it.wikipedia.org\/wiki\/Ngaound%C3%A9r%C3%A9\"><strong>Ngaound\u00e9r\u00e8<\/strong><\/a> per confrontarsi con gli studenti che frequentano i corsi. E&#8217; una grande idea ma sarebbe pi\u00f9 economico portare gli universitari al centro, per quanto mi piacerebbe farle scorrazzare un po&#8217; in citt\u00e0,<strong> il bus costa caro.<\/strong><\/p>\n<p>Anche l&#8217;organizzazione di incontri di formazione e dialogo con figure di donne &#8220;anomale&#8221; in quanto libere, potrebbe essere un buon modo per piantare un&#8217;idea nella loro mente con la speranza che attecchisca. Le generazioni future, nel tempo, muteranno la loro visione. Cos\u00ec come avvenne per la poligamia ancor oggi diffusa, ma nettamente ridotta, accadr\u00e0 anche per i matrimoni combinati o quelli precoci. <strong>I<\/strong><strong>n <a href=\"https:\/\/it.wikipedia.org\/wiki\/Repubblica_Democratica_del_Congo\">Congo<\/a> ad esempio la maggiore et\u00e0 si raggiunge ai 18 anni, \u00e8 dunque reato sposare una ragazzina di 13<\/strong>. Nelle trib\u00f9 camerunensi dei Mbororo o dei Pelle (giuro, non so se abbia scritto correttamente) \u00e8 invece ancora oggi la prassi, pur essendo stata fissata la maggiore et\u00e0 legale a 21 anni, <strong>alle donne \u00e8 consentito prendere marito molto prima.<\/strong><\/p>\n<p>Passando alla<strong> violenza domestica<\/strong>, la mia amica mi spiega che la questione \u00e8 trattata in modo molto blando (solo argomenti allegri oggi!)<br \/>\nUna donna in difficolt\u00e0 con il marito pu\u00f2 rivolgersi alla famiglia di lui, in prima battuta, successivamente, se questo non fosse sufficiente, potrebbe appellarsi alla propria o, in termine ultimo, potrebbe sperare nell&#8217;intercessione del prete della propria congregazione, nel tentativo di accordare una mediazione. L&#8217;onore, il senso del pudore (smarrito completamente in occidente d&#8217;altro canto), non consentono alla donna di rivolgersi <strong>alla polizia<\/strong>, la quale, per altro, non sarebbe probabilmente di grande aiuto.<\/p>\n<p><strong> Ho saputo di donne che nel denunciare soprusi hanno ricevuto avances in questura. Non che in Europa sia tanto meglio eh!<\/strong><br \/>\n<strong>Ah le &#8220;forze dell&#8217;ordine&#8221;! Che bugia meravigliosa per certi versi. Non ho mai capito come la presenza di un uomo bardato in divisa con un mitra in mano possa farmi sentire al sicuro. Eppure in piazza Duomo pare siano necessari, \u00e8 per il nostro bene!<\/strong><\/p>\n<p>Detto ci\u00f2 vado a giocare con <strong>Soumaya,<\/strong> finalmente spendo del tempo seriamente! Temo di aver fatto un danno in campo sociologico. Ogni volta che vedo la mia piccola amica urlo vari diminutivi (ebbene s\u00ec sono uno di quei dementi che fa le vocine ai bambini). Su tutti Soumaya ha iniziato a ripetere: <em>\u201cpasticcino<\/em>\u201d. Diffondendosi il verbo met\u00e0 dei bambini del centro, sentendo Susu parlare cos\u00ec, hanno cominciato ad andare in giro gridando <em>\u201cpasticcino<\/em>\u201d ai quattro venti! Ops!<\/p>\n<p>Mangio con grande serenit\u00e0. Di Sophie ancora neanche l&#8217;ombra, anche l&#8217;acqua latita. Mi rilasso perdendomi negli appunti di francese. <strong>Ho promesso a Jojo che sarei stato preparato, non intendo deluderlo<\/strong>. Il mio mentore arriva puntuale. Penso di essere andato bene sul serio e quindi, in uno slancio di sicurezza, ricordandomi l&#8217;invito a casa promessomi dopo la messa di domenica, maliziosamente gli chiedo di portare i suoi saluti ai piccoli e alla moglie.<\/p>\n<p><em>&#8220;Ah, gi\u00e0 dimenticavo, magari domenica pomeriggio se Suor Nicole \u00e8 d&#8217;accordo vieni a trovarci a casa ti va?&#8221;<\/em>. Musica per le mie orecchie. <strong>Inizio ad avere degli amici in citt\u00e0, accetto senza esitare!<\/strong><br \/>\nE&#8217; quasi l&#8217;ora del tramonto quando, affacciatomi in veranda, individuo la smilza figura del grande Manass\u00e8. Ha finalmente un po&#8217; di tempo libero, lo costringo a gonfiare il pallone. Il fratellino di Marcelin (che chiamo cos\u00ec perch\u00e9 con vergogna ammetto di essermi dimenticato il nome) si appropinqua.<\/p>\n<p>Nessuno di noi \u00e8 forte con la palla, fissiamo degli obiettivi: vale usare mani e piedi ma la sfera non deve toccare terra. Primo gradino da raggiungere sono 100 palleggi di fila, dopodich\u00e9 si passa al livello successivo, solo piedi. Siamo delle schiappe tremende. Siamo talmente scarsi che Moses, vedendoci, trova il coraggio di unirsi a noi. Non ama giocare poich\u00e9 non se la cava granch\u00e9 bene, ma dato il livello, non ha nulla da nascondere. <strong>Per poco non facevo finire il pallone nel pozzo con il rischio di causare una tragedia umanitaria, spostiamoci un po&#8217; pi\u00f9 in l\u00e0, meglio!<\/strong><\/p>\n<p><img data-recalc-dims=\"1\" loading=\"lazy\" decoding=\"async\" class=\"wp-image-4869 alignleft\" src=\"https:\/\/i0.wp.com\/cumse.org\/wp-content\/uploads\/2021\/01\/WhatsApp-Image-2021-02-19-at-12.43.27-3.jpeg?resize=356%2C267&#038;ssl=1\" alt=\"\" width=\"356\" height=\"267\" srcset=\"https:\/\/i0.wp.com\/cumse.org\/wp-content\/uploads\/2021\/01\/WhatsApp-Image-2021-02-19-at-12.43.27-3.jpeg?w=1024&amp;ssl=1 1024w, https:\/\/i0.wp.com\/cumse.org\/wp-content\/uploads\/2021\/01\/WhatsApp-Image-2021-02-19-at-12.43.27-3.jpeg?resize=800%2C600&amp;ssl=1 800w, https:\/\/i0.wp.com\/cumse.org\/wp-content\/uploads\/2021\/01\/WhatsApp-Image-2021-02-19-at-12.43.27-3.jpeg?resize=300%2C225&amp;ssl=1 300w, https:\/\/i0.wp.com\/cumse.org\/wp-content\/uploads\/2021\/01\/WhatsApp-Image-2021-02-19-at-12.43.27-3.jpeg?resize=768%2C576&amp;ssl=1 768w\" sizes=\"auto, (max-width: 356px) 100vw, 356px\" \/><\/p>\n<p>Arriva Michael, palleggi raggiunti 48. Come record giornaliero \u00e8 sufficiente. Mancano pochi giorni alla luna piena, ma anche cos\u00ec fa il suo effetto, Ci sediamo tutti e quattro sui gradini delle scale adiacenti alla stanzetta di Moses.<\/p>\n<p><span style=\"font-size: 1rem;\">Stasera do buca alle ragazze e mi fermo con le quote blu a parlare un po&#8217;. Li ho trascurati fino adesso e voglio rimediare. <strong>A Michael piacerebbe vedere la Germania, Manass\u00e8 invece sogna il Giappone.<\/strong><\/span><\/p>\n<p><span style=\"font-size: 1rem;\">Ho amici che vivono in entrambi i posti e quindi posso raccontare loro quello che ho appreso dalle mie fonti. Della Crucconia ho visitato anche qualche posto, posso apportare una testimonianza diretta, la regione del sol levante, invece manca anche a me, che sia la scusa buona per progettare una <strong>zingarata nipponica con il mitico Manass\u00e8<\/strong>? <\/span><em style=\"font-size: 1rem;\">Ne jamais dire jamais!<br \/>\n<\/em><span style=\"font-size: 1rem;\">E&#8217; ora di cena, si sono divertiti molto e vorrebbero rifarlo. Sfondano una porta aperta. Pronti per le prossime spacconate maschili: <strong>dobbiamo arrivare almeno a 200 palleggi senza mani entro la fine del mio servizio civile! Uomini avvisati, mezzi salvati!<\/strong><\/span><\/p>\n<hr \/>\n<p><img data-recalc-dims=\"1\" loading=\"lazy\" decoding=\"async\" class=\"wp-image-4870 alignleft\" src=\"https:\/\/i0.wp.com\/cumse.org\/wp-content\/uploads\/2021\/01\/WhatsApp-Image-2021-02-19-at-12.43.27-1.jpeg?resize=357%2C268&#038;ssl=1\" alt=\"\" width=\"357\" height=\"268\" srcset=\"https:\/\/i0.wp.com\/cumse.org\/wp-content\/uploads\/2021\/01\/WhatsApp-Image-2021-02-19-at-12.43.27-1.jpeg?w=1024&amp;ssl=1 1024w, https:\/\/i0.wp.com\/cumse.org\/wp-content\/uploads\/2021\/01\/WhatsApp-Image-2021-02-19-at-12.43.27-1.jpeg?resize=800%2C600&amp;ssl=1 800w, https:\/\/i0.wp.com\/cumse.org\/wp-content\/uploads\/2021\/01\/WhatsApp-Image-2021-02-19-at-12.43.27-1.jpeg?resize=300%2C225&amp;ssl=1 300w, https:\/\/i0.wp.com\/cumse.org\/wp-content\/uploads\/2021\/01\/WhatsApp-Image-2021-02-19-at-12.43.27-1.jpeg?resize=768%2C576&amp;ssl=1 768w\" sizes=\"auto, (max-width: 357px) 100vw, 357px\" \/>Rientro alla maison, ho giusto una ciotolina<span style=\"font-size: 1rem;\"> di papaya fresca da finire, mi chiama Riccardo.<br \/>\n<\/span><span style=\"font-size: 1rem;\">Alt! Digressione necessaria.<br \/>\n<\/span><span style=\"font-size: 1rem;\">Dovete sapere che, prima di partire, nell&#8217;indecisione pi\u00f9 totale causata tra l&#8217;altro dalla pandemia di Covid 19, questo ganzo fiorentino (compagno di formazione) mi telefon\u00f2 consigliandomi di buttarmi nell&#8217;avventura, dando l&#8217;estremo saluto al mio divano. Se ho trovato da codardo il coraggio di salire su un aereo per <\/span><strong style=\"font-size: 1rem;\"><a href=\"https:\/\/it.wikipedia.org\/wiki\/Yaound%C3%A9\">Yaound\u00e8<\/a><\/strong><span style=\"font-size: 1rem;\"> lo devo un po&#8217; anche al suo discorso motivazionale. L&#8217;accento fiorentino ha voluto la sua parte, mi spezza dal ridere.<\/span><\/p>\n<p><img data-recalc-dims=\"1\" loading=\"lazy\" decoding=\"async\" class=\"wp-image-4872 alignleft\" style=\"margin-top: 0.857143rem; margin-right: 1.71429rem; margin-bottom: 0.857143rem;\" src=\"https:\/\/i0.wp.com\/cumse.org\/wp-content\/uploads\/2021\/01\/WhatsApp-Image-2021-02-19-at-12.43.27-7.jpeg?resize=323%2C430&#038;ssl=1\" alt=\"\" width=\"323\" height=\"430\" srcset=\"https:\/\/i0.wp.com\/cumse.org\/wp-content\/uploads\/2021\/01\/WhatsApp-Image-2021-02-19-at-12.43.27-7.jpeg?w=768&amp;ssl=1 768w, https:\/\/i0.wp.com\/cumse.org\/wp-content\/uploads\/2021\/01\/WhatsApp-Image-2021-02-19-at-12.43.27-7.jpeg?resize=200%2C267&amp;ssl=1 200w, https:\/\/i0.wp.com\/cumse.org\/wp-content\/uploads\/2021\/01\/WhatsApp-Image-2021-02-19-at-12.43.27-7.jpeg?resize=225%2C300&amp;ssl=1 225w\" sizes=\"auto, (max-width: 323px) 100vw, 323px\" \/><\/p>\n<p style=\"line-height: 1.71429; margin-bottom: 1.71429rem;\"><span style=\"font-size: 1rem;\">Lui presta servizio in Tanzania, l\u00ec sono un&#8217;ora avanti e, al momento, dalle loro parti si sta scatenando la potente stagione delle piogge. Quest&#8217;ultima si paleser\u00e0 in Camerun non prima della fine di Marzo. Pare davvero che chiami da un&#8217;altra dimensione. Ha comprato una capra, l&#8217;ha pagata 6 euro. Era indeciso, il pollo puzza, il cane si affeziona <\/span><span style=\"font-size: 1rem;\">e causa una separazione dolorosa, la capra \u00e8 tranquilla e, male che vada, si ammazza alla fine per fare la festa. Colto dai sensi di colpa scopre le carte e mi dice che non \u00e8 tanto per la quale riguardo a quest&#8217;ultima ipotesi, meglio regalarla a qualcuno e lasciare che il grande cerchio della vita faccia il suo corso. Non gli credo.<\/span><\/p>\n<p>Mi dice che oggi ha terminato la costruzione della casetta in legno per la capretta. Costata pi\u00f9 dell&#8217;animale stesso. Occhei dai, gli credo, <strong>non la accoppa<\/strong>. Gli mancano le fiorentine, in termini di bistecche, quanto a donne, quelle africane suscitano in lui il fascino del diverso.<br \/>\nNon ci sentivamo da prima della mia partenza e restiamo dell&#8217;idea di tenerci aggiornati durante questo percorso. Lui va per il 4 mese, io sono a neanche met\u00e0 del secondo. <strong>Detta cos\u00ec sembra che dobbiamo organizzare un baby shower insieme!<\/strong><\/p>\n<p>Mi correggo, lui \u00e8 al 4 mese di servizio, io nemmeno a met\u00e0 del secondo, va meglio adesso? Speriamo!<br \/>\n<strong>Riccardo \u00e8 proprio avanti, letteralmente, avere un apri fila infonde un certo senso di sicurezza, per noi codardi poi, \u00e8 una gioia che non vi dico!<\/strong><\/p>","protected":false},"excerpt":{"rendered":"<p>Tra una balla e l&#8217;altra mi sono coricato alle 2. Sono le 7, ho dormito 5 ore, NON CE LA POSSO FARE! Sento gi\u00e0 le voci dall&#8217;Italia di tutti gli amici gridare: WE, BELLA VITA! Dai ho appuntamento con Sophie in ufficio, mi sono impegnato per avere un minimo di programma da seguire. Finisco il [&hellip;]<\/p>\n","protected":false},"author":1,"featured_media":4868,"comment_status":"closed","ping_status":"closed","sticky":false,"template":"","format":"standard","meta":{"_jetpack_memberships_contains_paid_content":false,"footnotes":""},"categories":[62],"tags":[68,80,94,67,79,65,66],"class_list":["post-3940","post","type-post","status-publish","format-standard","has-post-thumbnail","hentry","category-travaler","tag-camerun","tag-cattedrale-di-ngaoundere","tag-congo","tag-fondazione-cumse","tag-ngaoundere","tag-scu","tag-servizio-civile-universale"],"yoast_head":"<!-- This site is optimized with the Yoast SEO plugin v27.3 - https:\/\/yoast.com\/product\/yoast-seo-wordpress\/ -->\n<title>26 gennaio - Venuto dal futuro - Fondazione Cumse ETS<\/title>\n<meta name=\"description\" content=\"SCU - Valeryo Falcone, civilista di Fondazione Cumse, racconta la sua esperienza in modo leggero e divertente. SEGUITE LA SUA STORIA!\" \/>\n<meta name=\"robots\" content=\"index, follow, max-snippet:-1, max-image-preview:large, max-video-preview:-1\" \/>\n<link rel=\"canonical\" href=\"https:\/\/cumse.org\/fr\/ivenuto-dal-futuro-scu-in-camerun\/\" \/>\n<meta property=\"og:locale\" content=\"fr_FR\" \/>\n<meta property=\"og:type\" content=\"article\" \/>\n<meta property=\"og:title\" content=\"26 gennaio - Venuto dal futuro - Fondazione Cumse ETS\" \/>\n<meta property=\"og:description\" content=\"SCU - Valeryo Falcone, civilista di Fondazione Cumse, racconta la sua esperienza in modo leggero e divertente. SEGUITE LA SUA STORIA!\" \/>\n<meta property=\"og:url\" content=\"https:\/\/cumse.org\/fr\/ivenuto-dal-futuro-scu-in-camerun\/\" \/>\n<meta property=\"og:site_name\" content=\"Fondazione Cumse ETS\" \/>\n<meta property=\"article:published_time\" content=\"2021-01-26T08:52:09+00:00\" \/>\n<meta property=\"article:modified_time\" content=\"2021-03-17T13:40:32+00:00\" \/>\n<meta property=\"og:image\" content=\"https:\/\/cumse.org\/wp-content\/uploads\/2021\/01\/WhatsApp-Image-2021-02-19-at-12.43.27-8.jpeg\" \/>\n\t<meta property=\"og:image:width\" content=\"768\" \/>\n\t<meta property=\"og:image:height\" content=\"1024\" \/>\n\t<meta property=\"og:image:type\" content=\"image\/jpeg\" \/>\n<meta name=\"author\" content=\"admin\" \/>\n<meta name=\"twitter:card\" content=\"summary_large_image\" \/>\n<meta name=\"twitter:label1\" content=\"\u00c9crit par\" \/>\n\t<meta name=\"twitter:data1\" content=\"admin\" \/>\n\t<meta name=\"twitter:label2\" content=\"Dur\u00e9e de lecture estim\u00e9e\" \/>\n\t<meta name=\"twitter:data2\" content=\"9 minutes\" \/>\n<script type=\"application\/ld+json\" class=\"yoast-schema-graph\">{\"@context\":\"https:\\\/\\\/schema.org\",\"@graph\":[{\"@type\":\"Article\",\"@id\":\"https:\\\/\\\/cumse.org\\\/ivenuto-dal-futuro-scu-in-camerun\\\/#article\",\"isPartOf\":{\"@id\":\"https:\\\/\\\/cumse.org\\\/ivenuto-dal-futuro-scu-in-camerun\\\/\"},\"author\":{\"name\":\"admin\",\"@id\":\"https:\\\/\\\/cumse.org\\\/#\\\/schema\\\/person\\\/d8802c7f9d251c013018b375be80cb06\"},\"headline\":\"26 gennaio &#8211; Venuto dal futuro\",\"datePublished\":\"2021-01-26T08:52:09+00:00\",\"dateModified\":\"2021-03-17T13:40:32+00:00\",\"mainEntityOfPage\":{\"@id\":\"https:\\\/\\\/cumse.org\\\/ivenuto-dal-futuro-scu-in-camerun\\\/\"},\"wordCount\":1858,\"image\":{\"@id\":\"https:\\\/\\\/cumse.org\\\/ivenuto-dal-futuro-scu-in-camerun\\\/#primaryimage\"},\"thumbnailUrl\":\"https:\\\/\\\/i0.wp.com\\\/cumse.org\\\/wp-content\\\/uploads\\\/2021\\\/01\\\/WhatsApp-Image-2021-02-19-at-12.43.27-8.jpeg?fit=768%2C1024&ssl=1\",\"keywords\":[\"Camerun\",\"cattedrale di Ngaounder\u00e8\",\"congo\",\"Fondazione Cumse\",\"Ngaounder\u00e8\",\"SCU\",\"Servizio Civile Universale\"],\"articleSection\":[\"TrAvaler\"],\"inLanguage\":\"fr-FR\"},{\"@type\":\"WebPage\",\"@id\":\"https:\\\/\\\/cumse.org\\\/ivenuto-dal-futuro-scu-in-camerun\\\/\",\"url\":\"https:\\\/\\\/cumse.org\\\/ivenuto-dal-futuro-scu-in-camerun\\\/\",\"name\":\"26 gennaio - Venuto dal futuro - Fondazione Cumse ETS\",\"isPartOf\":{\"@id\":\"https:\\\/\\\/cumse.org\\\/#website\"},\"primaryImageOfPage\":{\"@id\":\"https:\\\/\\\/cumse.org\\\/ivenuto-dal-futuro-scu-in-camerun\\\/#primaryimage\"},\"image\":{\"@id\":\"https:\\\/\\\/cumse.org\\\/ivenuto-dal-futuro-scu-in-camerun\\\/#primaryimage\"},\"thumbnailUrl\":\"https:\\\/\\\/i0.wp.com\\\/cumse.org\\\/wp-content\\\/uploads\\\/2021\\\/01\\\/WhatsApp-Image-2021-02-19-at-12.43.27-8.jpeg?fit=768%2C1024&ssl=1\",\"datePublished\":\"2021-01-26T08:52:09+00:00\",\"dateModified\":\"2021-03-17T13:40:32+00:00\",\"author\":{\"@id\":\"https:\\\/\\\/cumse.org\\\/#\\\/schema\\\/person\\\/d8802c7f9d251c013018b375be80cb06\"},\"description\":\"SCU - Valeryo Falcone, civilista di Fondazione Cumse, racconta la sua esperienza in modo leggero e divertente. SEGUITE LA SUA STORIA!\",\"breadcrumb\":{\"@id\":\"https:\\\/\\\/cumse.org\\\/ivenuto-dal-futuro-scu-in-camerun\\\/#breadcrumb\"},\"inLanguage\":\"fr-FR\",\"potentialAction\":[{\"@type\":\"ReadAction\",\"target\":[\"https:\\\/\\\/cumse.org\\\/ivenuto-dal-futuro-scu-in-camerun\\\/\"]}]},{\"@type\":\"ImageObject\",\"inLanguage\":\"fr-FR\",\"@id\":\"https:\\\/\\\/cumse.org\\\/ivenuto-dal-futuro-scu-in-camerun\\\/#primaryimage\",\"url\":\"https:\\\/\\\/i0.wp.com\\\/cumse.org\\\/wp-content\\\/uploads\\\/2021\\\/01\\\/WhatsApp-Image-2021-02-19-at-12.43.27-8.jpeg?fit=768%2C1024&ssl=1\",\"contentUrl\":\"https:\\\/\\\/i0.wp.com\\\/cumse.org\\\/wp-content\\\/uploads\\\/2021\\\/01\\\/WhatsApp-Image-2021-02-19-at-12.43.27-8.jpeg?fit=768%2C1024&ssl=1\",\"width\":768,\"height\":1024},{\"@type\":\"BreadcrumbList\",\"@id\":\"https:\\\/\\\/cumse.org\\\/ivenuto-dal-futuro-scu-in-camerun\\\/#breadcrumb\",\"itemListElement\":[{\"@type\":\"ListItem\",\"position\":1,\"name\":\"Home\",\"item\":\"https:\\\/\\\/cumse.org\\\/\"},{\"@type\":\"ListItem\",\"position\":2,\"name\":\"26 gennaio &#8211; Venuto dal futuro\"}]},{\"@type\":\"WebSite\",\"@id\":\"https:\\\/\\\/cumse.org\\\/#website\",\"url\":\"https:\\\/\\\/cumse.org\\\/\",\"name\":\"Fondazione Cumse ETS\",\"description\":\"Siamo dove gli altri distolgono lo sguardo\",\"potentialAction\":[{\"@type\":\"SearchAction\",\"target\":{\"@type\":\"EntryPoint\",\"urlTemplate\":\"https:\\\/\\\/cumse.org\\\/?s={search_term_string}\"},\"query-input\":{\"@type\":\"PropertyValueSpecification\",\"valueRequired\":true,\"valueName\":\"search_term_string\"}}],\"inLanguage\":\"fr-FR\"},{\"@type\":\"Person\",\"@id\":\"https:\\\/\\\/cumse.org\\\/#\\\/schema\\\/person\\\/d8802c7f9d251c013018b375be80cb06\",\"name\":\"admin\",\"image\":{\"@type\":\"ImageObject\",\"inLanguage\":\"fr-FR\",\"@id\":\"https:\\\/\\\/secure.gravatar.com\\\/avatar\\\/7fcee464d094e0b490b50408a0c7356276eedd5a17796d503ee821451b764c37?s=96&d=mm&r=g\",\"url\":\"https:\\\/\\\/secure.gravatar.com\\\/avatar\\\/7fcee464d094e0b490b50408a0c7356276eedd5a17796d503ee821451b764c37?s=96&d=mm&r=g\",\"contentUrl\":\"https:\\\/\\\/secure.gravatar.com\\\/avatar\\\/7fcee464d094e0b490b50408a0c7356276eedd5a17796d503ee821451b764c37?s=96&d=mm&r=g\",\"caption\":\"admin\"}}]}<\/script>\n<!-- \/ Yoast SEO plugin. -->","yoast_head_json":{"title":"26 gennaio - Venuto dal futuro - Fondazione Cumse ETS","description":"SCU - Valeryo Falcone, civilista di Fondazione Cumse, racconta la sua esperienza in modo leggero e divertente. SEGUITE LA SUA STORIA!","robots":{"index":"index","follow":"follow","max-snippet":"max-snippet:-1","max-image-preview":"max-image-preview:large","max-video-preview":"max-video-preview:-1"},"canonical":"https:\/\/cumse.org\/fr\/ivenuto-dal-futuro-scu-in-camerun\/","og_locale":"fr_FR","og_type":"article","og_title":"26 gennaio - Venuto dal futuro - Fondazione Cumse ETS","og_description":"SCU - Valeryo Falcone, civilista di Fondazione Cumse, racconta la sua esperienza in modo leggero e divertente. SEGUITE LA SUA STORIA!","og_url":"https:\/\/cumse.org\/fr\/ivenuto-dal-futuro-scu-in-camerun\/","og_site_name":"Fondazione Cumse ETS","article_published_time":"2021-01-26T08:52:09+00:00","article_modified_time":"2021-03-17T13:40:32+00:00","og_image":[{"width":768,"height":1024,"url":"https:\/\/cumse.org\/wp-content\/uploads\/2021\/01\/WhatsApp-Image-2021-02-19-at-12.43.27-8.jpeg","type":"image\/jpeg"}],"author":"admin","twitter_card":"summary_large_image","twitter_misc":{"\u00c9crit par":"admin","Dur\u00e9e de lecture estim\u00e9e":"9 minutes"},"schema":{"@context":"https:\/\/schema.org","@graph":[{"@type":"Article","@id":"https:\/\/cumse.org\/ivenuto-dal-futuro-scu-in-camerun\/#article","isPartOf":{"@id":"https:\/\/cumse.org\/ivenuto-dal-futuro-scu-in-camerun\/"},"author":{"name":"admin","@id":"https:\/\/cumse.org\/#\/schema\/person\/d8802c7f9d251c013018b375be80cb06"},"headline":"26 gennaio &#8211; Venuto dal futuro","datePublished":"2021-01-26T08:52:09+00:00","dateModified":"2021-03-17T13:40:32+00:00","mainEntityOfPage":{"@id":"https:\/\/cumse.org\/ivenuto-dal-futuro-scu-in-camerun\/"},"wordCount":1858,"image":{"@id":"https:\/\/cumse.org\/ivenuto-dal-futuro-scu-in-camerun\/#primaryimage"},"thumbnailUrl":"https:\/\/i0.wp.com\/cumse.org\/wp-content\/uploads\/2021\/01\/WhatsApp-Image-2021-02-19-at-12.43.27-8.jpeg?fit=768%2C1024&ssl=1","keywords":["Camerun","cattedrale di Ngaounder\u00e8","congo","Fondazione Cumse","Ngaounder\u00e8","SCU","Servizio Civile Universale"],"articleSection":["TrAvaler"],"inLanguage":"fr-FR"},{"@type":"WebPage","@id":"https:\/\/cumse.org\/ivenuto-dal-futuro-scu-in-camerun\/","url":"https:\/\/cumse.org\/ivenuto-dal-futuro-scu-in-camerun\/","name":"26 gennaio - Venuto dal futuro - Fondazione Cumse ETS","isPartOf":{"@id":"https:\/\/cumse.org\/#website"},"primaryImageOfPage":{"@id":"https:\/\/cumse.org\/ivenuto-dal-futuro-scu-in-camerun\/#primaryimage"},"image":{"@id":"https:\/\/cumse.org\/ivenuto-dal-futuro-scu-in-camerun\/#primaryimage"},"thumbnailUrl":"https:\/\/i0.wp.com\/cumse.org\/wp-content\/uploads\/2021\/01\/WhatsApp-Image-2021-02-19-at-12.43.27-8.jpeg?fit=768%2C1024&ssl=1","datePublished":"2021-01-26T08:52:09+00:00","dateModified":"2021-03-17T13:40:32+00:00","author":{"@id":"https:\/\/cumse.org\/#\/schema\/person\/d8802c7f9d251c013018b375be80cb06"},"description":"SCU - Valeryo Falcone, civilista di Fondazione Cumse, racconta la sua esperienza in modo leggero e divertente. SEGUITE LA SUA STORIA!","breadcrumb":{"@id":"https:\/\/cumse.org\/ivenuto-dal-futuro-scu-in-camerun\/#breadcrumb"},"inLanguage":"fr-FR","potentialAction":[{"@type":"ReadAction","target":["https:\/\/cumse.org\/ivenuto-dal-futuro-scu-in-camerun\/"]}]},{"@type":"ImageObject","inLanguage":"fr-FR","@id":"https:\/\/cumse.org\/ivenuto-dal-futuro-scu-in-camerun\/#primaryimage","url":"https:\/\/i0.wp.com\/cumse.org\/wp-content\/uploads\/2021\/01\/WhatsApp-Image-2021-02-19-at-12.43.27-8.jpeg?fit=768%2C1024&ssl=1","contentUrl":"https:\/\/i0.wp.com\/cumse.org\/wp-content\/uploads\/2021\/01\/WhatsApp-Image-2021-02-19-at-12.43.27-8.jpeg?fit=768%2C1024&ssl=1","width":768,"height":1024},{"@type":"BreadcrumbList","@id":"https:\/\/cumse.org\/ivenuto-dal-futuro-scu-in-camerun\/#breadcrumb","itemListElement":[{"@type":"ListItem","position":1,"name":"Home","item":"https:\/\/cumse.org\/"},{"@type":"ListItem","position":2,"name":"26 gennaio &#8211; Venuto dal futuro"}]},{"@type":"WebSite","@id":"https:\/\/cumse.org\/#website","url":"https:\/\/cumse.org\/","name":"Fondazione Cumse ETS","description":"Siamo dove gli altri distolgono lo sguardo","potentialAction":[{"@type":"SearchAction","target":{"@type":"EntryPoint","urlTemplate":"https:\/\/cumse.org\/?s={search_term_string}"},"query-input":{"@type":"PropertyValueSpecification","valueRequired":true,"valueName":"search_term_string"}}],"inLanguage":"fr-FR"},{"@type":"Person","@id":"https:\/\/cumse.org\/#\/schema\/person\/d8802c7f9d251c013018b375be80cb06","name":"admin","image":{"@type":"ImageObject","inLanguage":"fr-FR","@id":"https:\/\/secure.gravatar.com\/avatar\/7fcee464d094e0b490b50408a0c7356276eedd5a17796d503ee821451b764c37?s=96&d=mm&r=g","url":"https:\/\/secure.gravatar.com\/avatar\/7fcee464d094e0b490b50408a0c7356276eedd5a17796d503ee821451b764c37?s=96&d=mm&r=g","contentUrl":"https:\/\/secure.gravatar.com\/avatar\/7fcee464d094e0b490b50408a0c7356276eedd5a17796d503ee821451b764c37?s=96&d=mm&r=g","caption":"admin"}}]}},"jetpack_featured_media_url":"https:\/\/i0.wp.com\/cumse.org\/wp-content\/uploads\/2021\/01\/WhatsApp-Image-2021-02-19-at-12.43.27-8.jpeg?fit=768%2C1024&ssl=1","jetpack_sharing_enabled":true,"_links":{"self":[{"href":"https:\/\/cumse.org\/fr\/wp-json\/wp\/v2\/posts\/3940","targetHints":{"allow":["GET"]}}],"collection":[{"href":"https:\/\/cumse.org\/fr\/wp-json\/wp\/v2\/posts"}],"about":[{"href":"https:\/\/cumse.org\/fr\/wp-json\/wp\/v2\/types\/post"}],"author":[{"embeddable":true,"href":"https:\/\/cumse.org\/fr\/wp-json\/wp\/v2\/users\/1"}],"replies":[{"embeddable":true,"href":"https:\/\/cumse.org\/fr\/wp-json\/wp\/v2\/comments?post=3940"}],"version-history":[{"count":0,"href":"https:\/\/cumse.org\/fr\/wp-json\/wp\/v2\/posts\/3940\/revisions"}],"wp:featuredmedia":[{"embeddable":true,"href":"https:\/\/cumse.org\/fr\/wp-json\/wp\/v2\/media\/4868"}],"wp:attachment":[{"href":"https:\/\/cumse.org\/fr\/wp-json\/wp\/v2\/media?parent=3940"}],"wp:term":[{"taxonomy":"category","embeddable":true,"href":"https:\/\/cumse.org\/fr\/wp-json\/wp\/v2\/categories?post=3940"},{"taxonomy":"post_tag","embeddable":true,"href":"https:\/\/cumse.org\/fr\/wp-json\/wp\/v2\/tags?post=3940"}],"curies":[{"name":"wp","href":"https:\/\/api.w.org\/{rel}","templated":true}]}}