{"id":3930,"date":"2021-01-25T21:46:53","date_gmt":"2021-01-25T20:46:53","guid":{"rendered":"https:\/\/cumse.org\/?p=3930"},"modified":"2021-03-17T14:32:12","modified_gmt":"2021-03-17T13:32:12","slug":"immeritato-riposo-scu-in-camerun","status":"publish","type":"post","link":"https:\/\/cumse.org\/fr\/immeritato-riposo-scu-in-camerun\/","title":{"rendered":"25 gennaio &#8211; Immeritato riposo"},"content":{"rendered":"<p><strong>Ho pochi stimoli<\/strong>. Arrivo da una serata <strong>spaziale<\/strong> e nessuno mi ha dato un programma da seguire.<\/p>\n<p>Solo tante buone intenzioni,<strong> una dose dei miei principi e un po&#8217; di buona volont\u00e0<\/strong>, ma manca la determinazione, lo spirito di iniziativa imprenditoriale, manca il<strong> fanciullino interiore milanese a spronarmi per il fatturato!<\/strong><br \/>\nMi sono alzato alle 7 senza alcun obiettivo. Chiariamoci, avrei mille cose da fare, ma nessuno le ha messe in una lista e casualmente la mia pigrizia non riesce proprio a farmene venire in mente qualcuna. Potrei iniziare <strong>la conta delle piante!<\/strong><\/p>\n<p>Per\u00f2 ho ancora in ballo delle questioni sul progetto delle ragazze. Meglio chiudere un capitolo prima di iniziarne un altro (volendo potete trovare questa e altre scuse buone nel mio prossimo libro: &#8220;come evitare il lavoro a pi\u00e8 pari&#8221;).<br \/>\nSono le 8. Facciamo che mi alzo&#8230; <strong>qua la vita comincia alle 6<\/strong>, per i tempi africani \u00e8 come se mi fossi alzato alle 10. C&#8217;era forse la messa oggi? Boh.<br \/>\nLa domenica leggono il programma della settimana ma io puntualmente lo rimuovo 3 secondi dopo averlo ascoltato.<br \/>\nTroppe sono le cose inutili che il mio cervello deve custodire gelosamente, ergo mi tocca sopprimere buona parte delle informazioni essenziali per partecipare alla vita sociale di qui. <strong>Mi sa che dalla settimana prossima porto carta e penna per appuntarmi gli impegni di calendario, forse sar\u00e0 il caso!<\/strong><\/p>\n<p><strong> Suor Nicole<\/strong> \u00e8 via per una riunione importante, come si dice un po&#8217; ovunque: quando il gatto non c&#8217;\u00e8 i topi ballano. Non ho supervisori, <strong>sta tutto alla mia autodisciplina!<\/strong> E&#8217; dura ragazzi, dico davvero. Valeryo devi reagire, non fare l&#8217;immorale, c&#8217;\u00e8 gente che lavora sul serio, duramente, ogni giorno. <strong>Ok, il mio grillo parlante ha ragione!<\/strong><\/p>\n<p>Esco di casa e mi dirigo da Claris. Forse pu\u00f2 aiutarmi a chiarire alcuni dubbi sulla <strong>posizione della donna all&#8217;interno del paese<\/strong>. Mal che vada sar\u00e0 lei a trovarmi un&#8217;occupazione, in questo \u00e8 molto brava. Sono parecchie le domande irrisolte che mi perplimono.<\/p>\n<p><strong>Punto primo qui chi paga la dote a chi?<\/strong> Il Camerun \u00e8 da sempre basato su una <strong>societ\u00e0 patriarcale<\/strong>. Avere una figlia femmina, in un certo senso, consiste in un privilegio&#8230; per il padre. <strong>E&#8217; infatti il futuro sposo, con l&#8217;aiuto della famiglia, a dover pagare una dote per poter avere in moglie la giovane donna.<\/strong><br \/>\nDico giovane perch\u00e9 a questo problema si aggiunge quello del <strong>matrimonio precoce<\/strong>. Non solo le ragazze nascono con l&#8217;idea che il loro destino sia gi\u00e0 segnato da un futuro in famiglia, con un <strong>uomo sconosciuto, spesso e volentieri anche molto pi\u00f9 grande di loro<\/strong>, inoltre al momento della cerimonia, nella maggioranza dei casi, <strong>si tratta di ragazze di et\u00e0 pari o poco superiore ai 14 anni.<\/strong><\/p>\n<table style=\"width: 100%; border-collapse: collapse;\" border=\"0\">\n<tbody>\n<tr>\n<td style=\"width: 100%; background-color: red; text-align: center; vertical-align: top;\">\n<h4><a href=\"\/fr\/servizio-civile-universale\/\"><span style=\"color: #ffffff;\"><strong>Per saperne di pi\u00f9 sul Servizio Civile Universale &#8211; SCU &#8211; clicca qu\u00ec!<\/strong><\/span><\/a><\/h4>\n<\/td>\n<\/tr>\n<\/tbody>\n<\/table>\n<p>Quando si \u00e8 padri di una femmina si attende <strong>la proposta pi\u00f9 vantaggiosa:<\/strong>\u00a0alcuni chiedono il <strong>saldo di debiti pregressi<\/strong>, altri <strong>soldi contanti<\/strong>, altri <strong>animali da lavoro<\/strong>. Dopodich\u00e9 si indirizza la fanciulla al mittente. Quello \u00e8 il momento in cui la vita di una giovane viene rivoluzionato completamente. Nessun segno di protesta, c&#8217;\u00e8 spazio solo per <strong>la remissione e l&#8217;accettazione<\/strong>, nella speranza che il futuro marito sia non dico bello, ma <strong>per lo meno un brav&#8217;uomo!<\/strong><\/p>\n<p><strong>La regola del centro \u00e8 impedire il matrimonio fino al raggiungimento del diploma!<\/strong>\u00a0Questo consente, anche se solo in termini teorici, di accompagnare le piccole donne in un percorso di crescita che permetta loro di avere la consapevolezza di aver conquistato un traguardo che molte delle loro compagne, hanno abbandonato a met\u00e0 strada (2* o 3* liceo) per diventare<strong> mamme e mogli troppo presto<\/strong>. Claris mi spiega che molte idealizzano il sogno del focolare domestico, pensando che un figlio e un marito siano elementi sufficienti a sopperire le lacune e le varie difficolt\u00e0 che le condizioni di vita locali obbligano ad affrontare.<\/p>\n<p>Per loro \u00e8 <strong>una specie di sogno<\/strong>, un po&#8217; come quando le bambine italiane ci raccontano del loro futuro principe azzurro sul cavallo bianco pettinando i capelli alla loro Barbie.<br \/>\nL&#8217;idea di principessa per queste adolescenti \u00e8 la figura di una donna che, ancora nel fiore degli anni, lavora sodo, manda avanti una casa e accudisce il proprio uomo. <strong>Molte femministe potrebbero alzarsi indignate<\/strong>. C&#8217;\u00e8 chi ha troppa libert\u00e0 e chi non ne ha. I paradossi del nostro tempo.<\/p>\n<p>Ammetto di essere a tratti affascinato dal loro modo di essere donne. Non me ne vogliate, questo \u00e8 sempre un tema spigoloso, cercher\u00f2 di essere il meno meridionale possibile, tenete conto per\u00f2 che i miei sono calabresi (\u00e8 giusto dirlo per chi volesse smettere di leggere da questo punto in poi!).<br \/>\nVi prego di non farla facile nel dire che mi piacerebbe avere una serva in casa. Non \u00e8 quello che voglio intendere. Tuttavia trovo romantico, anche a causa della mia indole nostalgica, osservare come per queste ragazze il prendersi cura del proprio marito sia un gesto di amore fatto con sincero trasporto e passione.<br \/>\nQuelle poche donne emancipate, libere, in carriera, che ho incontrato, pur difendendo con grinta e determinazione la loro indipendenza, non hanno alcun problema a servire il pasto in tavola per i piccoli e per il loro uomo.<\/p>\n<p>Ripenso a mia nonna che, nel vedere rincasare il nonno da lavoro, si precipitava a infilargli le pantofole appena si sedeva in poltrona. <strong>Questo per molte oggigiorno potrebbe sembrare un dipinto schiavista<\/strong>. Dalla mia prospettiva invece (badate, sono consapevole di essere un uomo quindi non pretendo affatto di capire, e nemmeno fingo di farlo, il mondo femminile) questo momento di quotidianit\u00e0 mi trasmette due cose:<\/p>\n<p>1) i maschi dopo una certa et\u00e0 son talmente rimbambiti da non sapersi nemmeno infilare le ciabatte<\/p>\n<p>2) non c&#8217;\u00e8 niente di errato nel provare gioia e appagamento prendendosi cura della persona amata (<strong>ovviamente quando anch&#8217;essa ricambia alla pari<\/strong>).<\/p>\n<p>Questa cultura ha meno fronzoli, ci sono meno argomenti da capire sul tavolo, ma non \u00e8 detto che sia necessariamente un male. La semplicit\u00e0 trionfa per certi versi nella buona stabilit\u00e0 di un rapporto. Ovviamente parliamo di pochissimi rari casi dentro a un quadro generale <strong>davvero complesso<\/strong>.<\/p>\n<p>Un ulteriore elemento da considerare \u00e8<strong> il costo degli studi<\/strong>. Emanciparsi non \u00e8 cosa facile e, soprattutto, non \u00e8 roba economica. Pur ammettendo di trovare i soldi per vivere in citt\u00e0 e studiare, resta il fatto che il sistema africano \u00e8 basato sulla <strong>corruzione<\/strong>. <strong>L&#8217;iscrizione all&#8217;albo di una professione, un documento necessario per l&#8217;inizio della propria attivit\u00e0 o qualsiasi altra invenzione burocratica qui ha un prezzo. Generalmente spropositato<\/strong>. Pur trovandosi, dopo tanti sacrifici, una laurea in mano, il mondo in cui ti immetti da giovane donna (ma questo vale anche per gli uomini) non \u00e8 neanche competitivo.<strong> Vige una sola disparit\u00e0, quella tracciata dal dio denaro<\/strong>.<\/p>\n<p>Inoltre, dopo aver vissuto in piccole realt\u00e0 rurali, le ragazze uscite dal centro dovrebbero avere la coscienza e la responsabilit\u00e0 per autogestirsi senza cadere in distrazioni che potrebbero essere fatali per la loro carriera. Provate ad immedesimarvi in una <strong>neodiplomata<\/strong> che, fuggita dal paesello, si ritrova in una <strong><span style=\"font-size: 1rem;\">grande citt\u00e0 con una sua camera e il suo denaro<\/span><\/strong><span style=\"font-size: 1rem;\"><strong>.<\/strong> Quante possibilit\u00e0 ci sono di deviare il proprio percorso e fare scelte precipitose, a volte magari anche errate?<\/span><\/p>\n<p>Tenuto conto del fatto che <strong>non c&#8217;\u00e8 una famiglia alle spalle<\/strong> alla quale rivolgersi per chiedere un consiglio provvidenziale. Molti dunque, sono gli ostacoli che si parano davanti alla strada di una <strong>ragazza camerunense<\/strong>. Risulta complesso trovare il modo di far nascere in loro un&#8217;esigenza che le costringa a volere qualcosa di pi\u00f9 o quanto meno di diverso. Nessuno dice che sia un male per loro far famiglia e sposarsi, ma quanto pi\u00f9 equo sarebbe se potessero <strong>avere voce in capitolo nella gestione del loro destino?<\/strong><\/p>\n<p>La strada \u00e8 ancora lunga e, temo, anche in salita. Ma quando mi sono svegliato stamattina non avevo nemmeno la certezza che avrei fatto delle cose, non mi compiango quindi, per non aver trovato la chiave di volta capace di cambiare una nazione alla radice. Anzi, mi ritengo alquanto soddisfatto, sono le 11, per oggi abbiamo dato (notare il &#8220;<strong>plurale maiestatis<\/strong>&#8221; che fa figo).<\/p>\n<p>La coscienza mi prude perci\u00f2 decido di autoobbligarmi a produrre: chiedo a Sophie se DOMANI avrebbe del tempo da dedicarmi. Ho bisogno di ascoltare quante pi\u00f9 testimonianze possibili da<strong> donne libere e indipendenti<\/strong>. Metter\u00f2 poi insieme le informazione raccolte. Gentilmente Sophie mi comunica che non c&#8217;\u00e8 problema, la trovo in ufficio. &#8220;Perfetto, a DOMANI!&#8221;. Che giocata ragazzi, non solo ho concluso qualcosa, ma ho pure procrastinato con savoir-faire! Sto migliorando.<\/p>\n<p>Chiedo umilmente scusa (per l&#8217;ennesima volta) al Presidente del <strong>Cumse<\/strong> e a tutti coloro che normalmente lavorano nella vita&#8230;cercher\u00f2 di non farmi influenzare troppo dallo stile <em><strong>black<\/strong><\/em> che qui va tanto di moda.<br \/>\nIl mio pentimento \u00e8 sincero, gli dei lo sanno, cos\u00ec per pranzo mi becco il mio piatto preferito: riso e fagioli bianchi! Godyene per\u00f2 vuole farmi assaggiare anche un sughetto di pomodoro fatto con dei minuscoli pesciolini soffritti. &#8220;<em>E&#8217; il cibo che la gente povera mangia da queste parti per tirare avanti!<\/em>&#8221; mi spiega.<br \/>\nAssaggio. Hanno un sapore intenso, sono croccanti e parecchio salaticci. Nel complesso direi comunque ben edibili.\u00a0 Sono pronto per il grande passo, prossimo pasto lo consumiamo in una capanna di fango e paglia! Dai cos\u00ec, dichiaro aperte le scommesse sulla possibile terribile malattia che andr\u00f2 a contrarre in quella situazione! <strong>Fatevi avanti gente!<\/strong><\/p>\n<p><img data-recalc-dims=\"1\" loading=\"lazy\" decoding=\"async\" class=\"wp-image-4567 alignleft\" src=\"https:\/\/i0.wp.com\/cumse.org\/wp-content\/uploads\/2021\/01\/WhatsApp-Image-2021-01-26-at-01.26.44.jpeg?resize=263%2C350&#038;ssl=1\" alt=\"\" width=\"263\" height=\"350\" srcset=\"https:\/\/i0.wp.com\/cumse.org\/wp-content\/uploads\/2021\/01\/WhatsApp-Image-2021-01-26-at-01.26.44.jpeg?w=1200&amp;ssl=1 1200w, https:\/\/i0.wp.com\/cumse.org\/wp-content\/uploads\/2021\/01\/WhatsApp-Image-2021-01-26-at-01.26.44.jpeg?resize=800%2C1067&amp;ssl=1 800w, https:\/\/i0.wp.com\/cumse.org\/wp-content\/uploads\/2021\/01\/WhatsApp-Image-2021-01-26-at-01.26.44.jpeg?resize=225%2C300&amp;ssl=1 225w, https:\/\/i0.wp.com\/cumse.org\/wp-content\/uploads\/2021\/01\/WhatsApp-Image-2021-01-26-at-01.26.44.jpeg?resize=768%2C1024&amp;ssl=1 768w, https:\/\/i0.wp.com\/cumse.org\/wp-content\/uploads\/2021\/01\/WhatsApp-Image-2021-01-26-at-01.26.44.jpeg?resize=1152%2C1536&amp;ssl=1 1152w\" sizes=\"auto, (max-width: 263px) 100vw, 263px\" \/><\/p>\n<p>Dopo pranzo vorrei davvero sdebitarmi con l&#8217;esistenza per avermi concesso questo giorno di relax. Vado alla casa dei bimbi sperduti, trovo Manass\u00e8, Edith, Moses e Michel intenti a pranzare. <em>&#8220;Il campo da basket<\/em> &#8211; notifico &#8211; <em>\u00e8 pronto!<\/em> <em>Potremmo andare a giocare un giorno di questi!&#8221;<\/em>. I ragazzi non solo annuiscono energicamente, iniziano direttamente ad esercitarsi scagliando<strong> le scorze dell&#8217;anguria<\/strong> che stanno mangiando in dei secchi di plastica posti appena davanti all&#8217;ingresso della casa.<strong> Uma, Consoulate, Alois, Michelle<\/strong> si aggregano alla gara di tiro.<\/p>\n<p>Ricordo i bei tempi delle scuole elementari in cui, con la pallina di carta stagnola ci inventavamo partite a qualsiasi gioco.<br \/>\nTerminato il match da buoni amici, senza vincitori ne vinti, Soumaya e il piccolo Noa cercano di tenermi impegnato.<br \/>\nOggi sono belli arzilli e il loro modo di giocare ricorda tanto <strong>quegli incontri di MMA<\/strong> che fanno vedere alle 4 di mattina sia per questioni di fuso che per la violenza tremenda dei contenuti. I bimbi decidono di inseguirmi con dei bastoni per malmenarmi.<strong> Strano modo di dimostrarmi affetto!<\/strong> Sorridono, eppure sembrano contenti di vedermi. O forse sono solo felici di mettermi all&#8217;angolo per farmi a brandelli? Non so.<\/p>\n<p><img data-recalc-dims=\"1\" loading=\"lazy\" decoding=\"async\" class=\"wp-image-4568 alignleft\" src=\"https:\/\/i0.wp.com\/cumse.org\/wp-content\/uploads\/2021\/01\/WhatsApp-Image-2021-01-26-at-23.11.21-1.jpeg?resize=262%2C350&#038;ssl=1\" alt=\"\" width=\"262\" height=\"350\" srcset=\"https:\/\/i0.wp.com\/cumse.org\/wp-content\/uploads\/2021\/01\/WhatsApp-Image-2021-01-26-at-23.11.21-1.jpeg?w=960&amp;ssl=1 960w, https:\/\/i0.wp.com\/cumse.org\/wp-content\/uploads\/2021\/01\/WhatsApp-Image-2021-01-26-at-23.11.21-1.jpeg?resize=800%2C1067&amp;ssl=1 800w, https:\/\/i0.wp.com\/cumse.org\/wp-content\/uploads\/2021\/01\/WhatsApp-Image-2021-01-26-at-23.11.21-1.jpeg?resize=225%2C300&amp;ssl=1 225w, https:\/\/i0.wp.com\/cumse.org\/wp-content\/uploads\/2021\/01\/WhatsApp-Image-2021-01-26-at-23.11.21-1.jpeg?resize=768%2C1024&amp;ssl=1 768w\" sizes=\"auto, (max-width: 262px) 100vw, 262px\" \/><\/p>\n<p>Manass\u00e8 mi salva la pellaccia. Davanti alla casa in cui vivo c&#8217;\u00e8 un auto parcheggiata, in disuso (o cos\u00ec pare). Quest&#8217;ultimo apre lo sportello e fa salire Noa e Soumaya che, in stile Thelma e Louise, o Bonnie e Clyde se preferite, cominciano a viaggiare con la fantasia. <strong>Noa ha gi\u00e0 l&#8217;istinto di cambiare marcia<\/strong>. Soumaya di contro, regola lo specchietto per rifarsi il trucco. <strong>ALT!<\/strong>\u00a0Non voglio insinuare cose con degli<strong> stereotipi<\/strong>. Mi limito a riportare i fatti.<\/p>\n<p><strong>Margherit e Berthe<\/strong> mi liberano dai miei potenziali molestatori (si perch\u00e9 poi sono scesi dalla macchina e hanno ripreso ad inseguirmi!) riportandoli a casa di Godyene.<br \/>\n<strong>Sono libero, tutto lercio.<\/strong><\/p>\n<p>&nbsp;<\/p>\n<p><span style=\"font-size: 1rem;\"><br \/>\nPromemoria: <strong>mai indossare una maglietta bianca quando sai di dover incontrare Noa! <\/strong>Ho le impronte delle sue ciabatte <strong>ovunque!!!<\/strong><br \/>\n<\/span><span style=\"font-size: 1rem;\">Prenderlo in braccio, deduco, non \u00e8 stata una mossa astuta.<\/span><\/p>\n<hr \/>\n<p><img data-recalc-dims=\"1\" loading=\"lazy\" decoding=\"async\" class=\"wp-image-4569 alignleft\" style=\"margin-top: 0.857143rem; margin-right: 1.71429rem; margin-bottom: 0.857143rem;\" src=\"https:\/\/i0.wp.com\/cumse.org\/wp-content\/uploads\/2021\/01\/WhatsApp-Image-2021-01-26-at-01.26.43-1.jpeg?resize=332%2C443&#038;ssl=1\" alt=\"\" width=\"332\" height=\"443\" srcset=\"https:\/\/i0.wp.com\/cumse.org\/wp-content\/uploads\/2021\/01\/WhatsApp-Image-2021-01-26-at-01.26.43-1.jpeg?w=1200&amp;ssl=1 1200w, https:\/\/i0.wp.com\/cumse.org\/wp-content\/uploads\/2021\/01\/WhatsApp-Image-2021-01-26-at-01.26.43-1.jpeg?resize=800%2C1067&amp;ssl=1 800w, https:\/\/i0.wp.com\/cumse.org\/wp-content\/uploads\/2021\/01\/WhatsApp-Image-2021-01-26-at-01.26.43-1.jpeg?resize=225%2C300&amp;ssl=1 225w, https:\/\/i0.wp.com\/cumse.org\/wp-content\/uploads\/2021\/01\/WhatsApp-Image-2021-01-26-at-01.26.43-1.jpeg?resize=768%2C1024&amp;ssl=1 768w, https:\/\/i0.wp.com\/cumse.org\/wp-content\/uploads\/2021\/01\/WhatsApp-Image-2021-01-26-at-01.26.43-1.jpeg?resize=1152%2C1536&amp;ssl=1 1152w\" sizes=\"auto, (max-width: 332px) 100vw, 332px\" \/>Mi cambio e corro dalle fanciulle. Sono le 18 e dovrei essere in tempo per la preghiera.<br \/>\nLe trovo intente a cucinare in cortile (ricordate la punizione di Claris vero? Niente gas per un mese, non scherzava). <strong>Patate bollite con olio di palma e pasta di arachidi.<\/strong> Me ne offrono un po&#8217;, sembra davvero molto invitante ma&#8230; troppi fagioli in corpo, non vorrei far scaturire <strong>impressionanti reazioni chimiche gastro intestinali in presenza delle signorine. Declino cortesemente.<\/strong><\/p>\n<p>In compenso mi esercito a Sarak\u00e8 e, udite udite, chiedendo clemenza per un paio di errori d&#8217;esecuzione, riesco a finire il mio primo giro di lanci. Se non stessero mangiando mi farebbero la standing ovation. Il mio ego si innalza ma in verit\u00e0 c&#8217;\u00e8 poco da vantarsi, faccio ancora pena.<\/p>\n<p>Passo e chiudo.<\/p>","protected":false},"excerpt":{"rendered":"<p>Ho pochi stimoli. Arrivo da una serata spaziale e nessuno mi ha dato un programma da seguire. Solo tante buone intenzioni, una dose dei miei principi e un po&#8217; di buona volont\u00e0, ma manca la determinazione, lo spirito di iniziativa imprenditoriale, manca il fanciullino interiore milanese a spronarmi per il fatturato! Mi sono alzato alle [&hellip;]<\/p>\n","protected":false},"author":1,"featured_media":4566,"comment_status":"closed","ping_status":"closed","sticky":false,"template":"","format":"standard","meta":{"_jetpack_memberships_contains_paid_content":false,"footnotes":""},"categories":[62],"tags":[68,67,65,66],"class_list":["post-3930","post","type-post","status-publish","format-standard","has-post-thumbnail","hentry","category-travaler","tag-camerun","tag-fondazione-cumse","tag-scu","tag-servizio-civile-universale"],"yoast_head":"<!-- This site is optimized with the Yoast SEO plugin v27.3 - https:\/\/yoast.com\/product\/yoast-seo-wordpress\/ -->\n<title>25 gennaio - Immeritato riposo - Fondazione Cumse ETS<\/title>\n<meta name=\"description\" content=\"SCU - Valeryo Falcone, civilista di Fondazione Cumse, racconta la sua esperienza in modo leggero e divertente. SEGUITE LA SUA STORIA!\" \/>\n<meta name=\"robots\" content=\"index, follow, max-snippet:-1, max-image-preview:large, max-video-preview:-1\" \/>\n<link rel=\"canonical\" href=\"https:\/\/cumse.org\/fr\/immeritato-riposo-scu-in-camerun\/\" \/>\n<meta property=\"og:locale\" content=\"fr_FR\" \/>\n<meta property=\"og:type\" content=\"article\" \/>\n<meta property=\"og:title\" content=\"25 gennaio - Immeritato riposo - Fondazione Cumse ETS\" \/>\n<meta property=\"og:description\" content=\"SCU - Valeryo Falcone, civilista di Fondazione Cumse, racconta la sua esperienza in modo leggero e divertente. SEGUITE LA SUA STORIA!\" \/>\n<meta property=\"og:url\" content=\"https:\/\/cumse.org\/fr\/immeritato-riposo-scu-in-camerun\/\" \/>\n<meta property=\"og:site_name\" content=\"Fondazione Cumse ETS\" \/>\n<meta property=\"article:published_time\" content=\"2021-01-25T20:46:53+00:00\" \/>\n<meta property=\"article:modified_time\" content=\"2021-03-17T13:32:12+00:00\" \/>\n<meta property=\"og:image\" content=\"https:\/\/cumse.org\/wp-content\/uploads\/2021\/01\/WhatsApp-Image-2021-01-27-at-21.56.38.jpeg\" \/>\n\t<meta property=\"og:image:width\" content=\"1600\" \/>\n\t<meta property=\"og:image:height\" content=\"1200\" \/>\n\t<meta property=\"og:image:type\" content=\"image\/jpeg\" \/>\n<meta name=\"author\" content=\"admin\" \/>\n<meta name=\"twitter:card\" content=\"summary_large_image\" \/>\n<meta name=\"twitter:label1\" content=\"\u00c9crit par\" \/>\n\t<meta name=\"twitter:data1\" content=\"admin\" \/>\n\t<meta name=\"twitter:label2\" content=\"Dur\u00e9e de lecture estim\u00e9e\" \/>\n\t<meta name=\"twitter:data2\" content=\"10 minutes\" \/>\n<script type=\"application\/ld+json\" class=\"yoast-schema-graph\">{\"@context\":\"https:\\\/\\\/schema.org\",\"@graph\":[{\"@type\":\"Article\",\"@id\":\"https:\\\/\\\/cumse.org\\\/immeritato-riposo-scu-in-camerun\\\/#article\",\"isPartOf\":{\"@id\":\"https:\\\/\\\/cumse.org\\\/immeritato-riposo-scu-in-camerun\\\/\"},\"author\":{\"name\":\"admin\",\"@id\":\"https:\\\/\\\/cumse.org\\\/#\\\/schema\\\/person\\\/d8802c7f9d251c013018b375be80cb06\"},\"headline\":\"25 gennaio &#8211; Immeritato riposo\",\"datePublished\":\"2021-01-25T20:46:53+00:00\",\"dateModified\":\"2021-03-17T13:32:12+00:00\",\"mainEntityOfPage\":{\"@id\":\"https:\\\/\\\/cumse.org\\\/immeritato-riposo-scu-in-camerun\\\/\"},\"wordCount\":1987,\"image\":{\"@id\":\"https:\\\/\\\/cumse.org\\\/immeritato-riposo-scu-in-camerun\\\/#primaryimage\"},\"thumbnailUrl\":\"https:\\\/\\\/i0.wp.com\\\/cumse.org\\\/wp-content\\\/uploads\\\/2021\\\/01\\\/WhatsApp-Image-2021-01-27-at-21.56.38.jpeg?fit=1600%2C1200&ssl=1\",\"keywords\":[\"Camerun\",\"Fondazione Cumse\",\"SCU\",\"Servizio Civile Universale\"],\"articleSection\":[\"TrAvaler\"],\"inLanguage\":\"fr-FR\"},{\"@type\":\"WebPage\",\"@id\":\"https:\\\/\\\/cumse.org\\\/immeritato-riposo-scu-in-camerun\\\/\",\"url\":\"https:\\\/\\\/cumse.org\\\/immeritato-riposo-scu-in-camerun\\\/\",\"name\":\"25 gennaio - Immeritato riposo - Fondazione Cumse ETS\",\"isPartOf\":{\"@id\":\"https:\\\/\\\/cumse.org\\\/#website\"},\"primaryImageOfPage\":{\"@id\":\"https:\\\/\\\/cumse.org\\\/immeritato-riposo-scu-in-camerun\\\/#primaryimage\"},\"image\":{\"@id\":\"https:\\\/\\\/cumse.org\\\/immeritato-riposo-scu-in-camerun\\\/#primaryimage\"},\"thumbnailUrl\":\"https:\\\/\\\/i0.wp.com\\\/cumse.org\\\/wp-content\\\/uploads\\\/2021\\\/01\\\/WhatsApp-Image-2021-01-27-at-21.56.38.jpeg?fit=1600%2C1200&ssl=1\",\"datePublished\":\"2021-01-25T20:46:53+00:00\",\"dateModified\":\"2021-03-17T13:32:12+00:00\",\"author\":{\"@id\":\"https:\\\/\\\/cumse.org\\\/#\\\/schema\\\/person\\\/d8802c7f9d251c013018b375be80cb06\"},\"description\":\"SCU - Valeryo Falcone, civilista di Fondazione Cumse, racconta la sua esperienza in modo leggero e divertente. SEGUITE LA SUA STORIA!\",\"breadcrumb\":{\"@id\":\"https:\\\/\\\/cumse.org\\\/immeritato-riposo-scu-in-camerun\\\/#breadcrumb\"},\"inLanguage\":\"fr-FR\",\"potentialAction\":[{\"@type\":\"ReadAction\",\"target\":[\"https:\\\/\\\/cumse.org\\\/immeritato-riposo-scu-in-camerun\\\/\"]}]},{\"@type\":\"ImageObject\",\"inLanguage\":\"fr-FR\",\"@id\":\"https:\\\/\\\/cumse.org\\\/immeritato-riposo-scu-in-camerun\\\/#primaryimage\",\"url\":\"https:\\\/\\\/i0.wp.com\\\/cumse.org\\\/wp-content\\\/uploads\\\/2021\\\/01\\\/WhatsApp-Image-2021-01-27-at-21.56.38.jpeg?fit=1600%2C1200&ssl=1\",\"contentUrl\":\"https:\\\/\\\/i0.wp.com\\\/cumse.org\\\/wp-content\\\/uploads\\\/2021\\\/01\\\/WhatsApp-Image-2021-01-27-at-21.56.38.jpeg?fit=1600%2C1200&ssl=1\",\"width\":1600,\"height\":1200},{\"@type\":\"BreadcrumbList\",\"@id\":\"https:\\\/\\\/cumse.org\\\/immeritato-riposo-scu-in-camerun\\\/#breadcrumb\",\"itemListElement\":[{\"@type\":\"ListItem\",\"position\":1,\"name\":\"Home\",\"item\":\"https:\\\/\\\/cumse.org\\\/\"},{\"@type\":\"ListItem\",\"position\":2,\"name\":\"25 gennaio &#8211; Immeritato riposo\"}]},{\"@type\":\"WebSite\",\"@id\":\"https:\\\/\\\/cumse.org\\\/#website\",\"url\":\"https:\\\/\\\/cumse.org\\\/\",\"name\":\"Fondazione Cumse ETS\",\"description\":\"Siamo dove gli altri distolgono lo sguardo\",\"potentialAction\":[{\"@type\":\"SearchAction\",\"target\":{\"@type\":\"EntryPoint\",\"urlTemplate\":\"https:\\\/\\\/cumse.org\\\/?s={search_term_string}\"},\"query-input\":{\"@type\":\"PropertyValueSpecification\",\"valueRequired\":true,\"valueName\":\"search_term_string\"}}],\"inLanguage\":\"fr-FR\"},{\"@type\":\"Person\",\"@id\":\"https:\\\/\\\/cumse.org\\\/#\\\/schema\\\/person\\\/d8802c7f9d251c013018b375be80cb06\",\"name\":\"admin\",\"image\":{\"@type\":\"ImageObject\",\"inLanguage\":\"fr-FR\",\"@id\":\"https:\\\/\\\/secure.gravatar.com\\\/avatar\\\/7fcee464d094e0b490b50408a0c7356276eedd5a17796d503ee821451b764c37?s=96&d=mm&r=g\",\"url\":\"https:\\\/\\\/secure.gravatar.com\\\/avatar\\\/7fcee464d094e0b490b50408a0c7356276eedd5a17796d503ee821451b764c37?s=96&d=mm&r=g\",\"contentUrl\":\"https:\\\/\\\/secure.gravatar.com\\\/avatar\\\/7fcee464d094e0b490b50408a0c7356276eedd5a17796d503ee821451b764c37?s=96&d=mm&r=g\",\"caption\":\"admin\"}}]}<\/script>\n<!-- \/ Yoast SEO plugin. -->","yoast_head_json":{"title":"25 gennaio - Immeritato riposo - Fondazione Cumse ETS","description":"SCU - Valeryo Falcone, civilista di Fondazione Cumse, racconta la sua esperienza in modo leggero e divertente. SEGUITE LA SUA STORIA!","robots":{"index":"index","follow":"follow","max-snippet":"max-snippet:-1","max-image-preview":"max-image-preview:large","max-video-preview":"max-video-preview:-1"},"canonical":"https:\/\/cumse.org\/fr\/immeritato-riposo-scu-in-camerun\/","og_locale":"fr_FR","og_type":"article","og_title":"25 gennaio - Immeritato riposo - Fondazione Cumse ETS","og_description":"SCU - Valeryo Falcone, civilista di Fondazione Cumse, racconta la sua esperienza in modo leggero e divertente. SEGUITE LA SUA STORIA!","og_url":"https:\/\/cumse.org\/fr\/immeritato-riposo-scu-in-camerun\/","og_site_name":"Fondazione Cumse ETS","article_published_time":"2021-01-25T20:46:53+00:00","article_modified_time":"2021-03-17T13:32:12+00:00","og_image":[{"width":1600,"height":1200,"url":"https:\/\/cumse.org\/wp-content\/uploads\/2021\/01\/WhatsApp-Image-2021-01-27-at-21.56.38.jpeg","type":"image\/jpeg"}],"author":"admin","twitter_card":"summary_large_image","twitter_misc":{"\u00c9crit par":"admin","Dur\u00e9e de lecture estim\u00e9e":"10 minutes"},"schema":{"@context":"https:\/\/schema.org","@graph":[{"@type":"Article","@id":"https:\/\/cumse.org\/immeritato-riposo-scu-in-camerun\/#article","isPartOf":{"@id":"https:\/\/cumse.org\/immeritato-riposo-scu-in-camerun\/"},"author":{"name":"admin","@id":"https:\/\/cumse.org\/#\/schema\/person\/d8802c7f9d251c013018b375be80cb06"},"headline":"25 gennaio &#8211; Immeritato riposo","datePublished":"2021-01-25T20:46:53+00:00","dateModified":"2021-03-17T13:32:12+00:00","mainEntityOfPage":{"@id":"https:\/\/cumse.org\/immeritato-riposo-scu-in-camerun\/"},"wordCount":1987,"image":{"@id":"https:\/\/cumse.org\/immeritato-riposo-scu-in-camerun\/#primaryimage"},"thumbnailUrl":"https:\/\/i0.wp.com\/cumse.org\/wp-content\/uploads\/2021\/01\/WhatsApp-Image-2021-01-27-at-21.56.38.jpeg?fit=1600%2C1200&ssl=1","keywords":["Camerun","Fondazione Cumse","SCU","Servizio Civile Universale"],"articleSection":["TrAvaler"],"inLanguage":"fr-FR"},{"@type":"WebPage","@id":"https:\/\/cumse.org\/immeritato-riposo-scu-in-camerun\/","url":"https:\/\/cumse.org\/immeritato-riposo-scu-in-camerun\/","name":"25 gennaio - Immeritato riposo - Fondazione Cumse ETS","isPartOf":{"@id":"https:\/\/cumse.org\/#website"},"primaryImageOfPage":{"@id":"https:\/\/cumse.org\/immeritato-riposo-scu-in-camerun\/#primaryimage"},"image":{"@id":"https:\/\/cumse.org\/immeritato-riposo-scu-in-camerun\/#primaryimage"},"thumbnailUrl":"https:\/\/i0.wp.com\/cumse.org\/wp-content\/uploads\/2021\/01\/WhatsApp-Image-2021-01-27-at-21.56.38.jpeg?fit=1600%2C1200&ssl=1","datePublished":"2021-01-25T20:46:53+00:00","dateModified":"2021-03-17T13:32:12+00:00","author":{"@id":"https:\/\/cumse.org\/#\/schema\/person\/d8802c7f9d251c013018b375be80cb06"},"description":"SCU - Valeryo Falcone, civilista di Fondazione Cumse, racconta la sua esperienza in modo leggero e divertente. SEGUITE LA SUA STORIA!","breadcrumb":{"@id":"https:\/\/cumse.org\/immeritato-riposo-scu-in-camerun\/#breadcrumb"},"inLanguage":"fr-FR","potentialAction":[{"@type":"ReadAction","target":["https:\/\/cumse.org\/immeritato-riposo-scu-in-camerun\/"]}]},{"@type":"ImageObject","inLanguage":"fr-FR","@id":"https:\/\/cumse.org\/immeritato-riposo-scu-in-camerun\/#primaryimage","url":"https:\/\/i0.wp.com\/cumse.org\/wp-content\/uploads\/2021\/01\/WhatsApp-Image-2021-01-27-at-21.56.38.jpeg?fit=1600%2C1200&ssl=1","contentUrl":"https:\/\/i0.wp.com\/cumse.org\/wp-content\/uploads\/2021\/01\/WhatsApp-Image-2021-01-27-at-21.56.38.jpeg?fit=1600%2C1200&ssl=1","width":1600,"height":1200},{"@type":"BreadcrumbList","@id":"https:\/\/cumse.org\/immeritato-riposo-scu-in-camerun\/#breadcrumb","itemListElement":[{"@type":"ListItem","position":1,"name":"Home","item":"https:\/\/cumse.org\/"},{"@type":"ListItem","position":2,"name":"25 gennaio &#8211; Immeritato riposo"}]},{"@type":"WebSite","@id":"https:\/\/cumse.org\/#website","url":"https:\/\/cumse.org\/","name":"Fondazione Cumse ETS","description":"Siamo dove gli altri distolgono lo sguardo","potentialAction":[{"@type":"SearchAction","target":{"@type":"EntryPoint","urlTemplate":"https:\/\/cumse.org\/?s={search_term_string}"},"query-input":{"@type":"PropertyValueSpecification","valueRequired":true,"valueName":"search_term_string"}}],"inLanguage":"fr-FR"},{"@type":"Person","@id":"https:\/\/cumse.org\/#\/schema\/person\/d8802c7f9d251c013018b375be80cb06","name":"admin","image":{"@type":"ImageObject","inLanguage":"fr-FR","@id":"https:\/\/secure.gravatar.com\/avatar\/7fcee464d094e0b490b50408a0c7356276eedd5a17796d503ee821451b764c37?s=96&d=mm&r=g","url":"https:\/\/secure.gravatar.com\/avatar\/7fcee464d094e0b490b50408a0c7356276eedd5a17796d503ee821451b764c37?s=96&d=mm&r=g","contentUrl":"https:\/\/secure.gravatar.com\/avatar\/7fcee464d094e0b490b50408a0c7356276eedd5a17796d503ee821451b764c37?s=96&d=mm&r=g","caption":"admin"}}]}},"jetpack_featured_media_url":"https:\/\/i0.wp.com\/cumse.org\/wp-content\/uploads\/2021\/01\/WhatsApp-Image-2021-01-27-at-21.56.38.jpeg?fit=1600%2C1200&ssl=1","jetpack_sharing_enabled":true,"_links":{"self":[{"href":"https:\/\/cumse.org\/fr\/wp-json\/wp\/v2\/posts\/3930","targetHints":{"allow":["GET"]}}],"collection":[{"href":"https:\/\/cumse.org\/fr\/wp-json\/wp\/v2\/posts"}],"about":[{"href":"https:\/\/cumse.org\/fr\/wp-json\/wp\/v2\/types\/post"}],"author":[{"embeddable":true,"href":"https:\/\/cumse.org\/fr\/wp-json\/wp\/v2\/users\/1"}],"replies":[{"embeddable":true,"href":"https:\/\/cumse.org\/fr\/wp-json\/wp\/v2\/comments?post=3930"}],"version-history":[{"count":0,"href":"https:\/\/cumse.org\/fr\/wp-json\/wp\/v2\/posts\/3930\/revisions"}],"wp:featuredmedia":[{"embeddable":true,"href":"https:\/\/cumse.org\/fr\/wp-json\/wp\/v2\/media\/4566"}],"wp:attachment":[{"href":"https:\/\/cumse.org\/fr\/wp-json\/wp\/v2\/media?parent=3930"}],"wp:term":[{"taxonomy":"category","embeddable":true,"href":"https:\/\/cumse.org\/fr\/wp-json\/wp\/v2\/categories?post=3930"},{"taxonomy":"post_tag","embeddable":true,"href":"https:\/\/cumse.org\/fr\/wp-json\/wp\/v2\/tags?post=3930"}],"curies":[{"name":"wp","href":"https:\/\/api.w.org\/{rel}","templated":true}]}}