{"id":3904,"date":"2021-01-24T16:19:34","date_gmt":"2021-01-24T15:19:34","guid":{"rendered":"https:\/\/cumse.org\/?p=3904"},"modified":"2021-03-17T14:32:06","modified_gmt":"2021-03-17T13:32:06","slug":"abbaiare-alla-luna-scu-in-camerun","status":"publish","type":"post","link":"https:\/\/cumse.org\/fr\/abbaiare-alla-luna-scu-in-camerun\/","title":{"rendered":"24 gennaio &#8211; Abbaiare alla luna"},"content":{"rendered":"<p><span style=\"font-size: 1rem;\">Ho atteso la mezzanotte per poter avere connessione e rassicurare il mondo occidentale sul mio <strong>perfetto stato di salute.<\/strong><\/span><\/p>\n<p>Ho puntato la sveglia alle 6 nella speranza di farmi una doccia mattutina. Niente acqua. Ritorno a letto e alle 6.30 mi sento bussare alla porta. &#8220;Manass\u00e8? Che ci fa qui?&#8221; Mi ha comprato il pane, i fiammiferi e porta in dono<strong> due avocado freschi<\/strong>. Lo invito al mio desco.<\/p>\n<p>Mentre io mi scofano gli spaghetti avanzati da ieri, lui mangia volentieri un paio di banane. Sono in ritardo per la messa, lo congedo in fretta e furia per poi tuffarmi nel viale. A quanto pare sono pi\u00f9 recidivo di un pappagallo, siamo in Africa,<strong> la puntualit\u00e0 \u00e8 un concetto inesistente!<\/strong><\/p>\n<p>Nel salone trovo giusto <strong>un paio di addetti<\/strong> alla sistemazione dell&#8217;altare! Noto che hanno trasportato il tavolino all&#8217;esterno. Per quale ragione? Mi informano sul fatto che oggi la celebrazione si terr\u00e0 <strong>sul promontorio;<\/strong>\u00a0c&#8217;\u00e8 giusto bisogno di qualcuno che aiuti a caricare il tavolino. Mi offro volontario, <strong>sar\u00e0 che mi hanno sempre affascinato le figure dei martiri, non ho altra spiegazione!<\/strong><\/p>\n<p>I canti precedono l&#8217;arrivo delle ragazze. Oggi sono pi\u00f9 eleganti del solito. Lentamente la folla comincia ad accalcarsi ai piedi dell&#8217;ingresso della sala. <strong>Padre Alois<\/strong> \u00e8 in forma smagliante e indossa una tunica verde speranza. Inizia il sacro rito e poi attende che i giovani chierichetti gli facciano strada. <strong>Uno porta la croce, l&#8217;altro i fiori, chi ha in mano le candele. A me il tavolo.<\/strong> La formazione a V non soddisfa il prete che, spostando letteralmente di peso un paio di ragazzini, esige avere i reggi moccoli ai lati, i ragazzi con i fiori all&#8217;interno e, nel mezzo, il portatore di croce. A me non viene data nessuna disposizione logistica ma, sinceramente, ne avrei bisogno.<\/p>\n<p>La strada impervia che conduce al promontorio \u00e8 <strong>scoscesa e sdrucciolevole<\/strong>. La superficie piana del mobile mi impedisce la vista dei piedi che, a tentoni, cercano in tutti i modi di prevedere su quali sassi si poggeranno. A met\u00e0 strada un uomo mi soccorre e si offre di sostenere met\u00e0 del peso. Non che sia gravoso, ma in questo modo posso evitare di ruzzolare gi\u00f9 per la collina evitando di guastare la cerimonia di padre Alois.<br \/>\nLo ringrazio dunque calorosamente!<\/p>\n<p><img data-recalc-dims=\"1\" loading=\"lazy\" decoding=\"async\" class=\"wp-image-4562 alignleft\" src=\"https:\/\/i0.wp.com\/cumse.org\/wp-content\/uploads\/2021\/01\/WhatsApp-Image-2021-01-24-at-23.55.26.jpeg?resize=431%2C324&#038;ssl=1\" alt=\"\" width=\"431\" height=\"324\" srcset=\"https:\/\/i0.wp.com\/cumse.org\/wp-content\/uploads\/2021\/01\/WhatsApp-Image-2021-01-24-at-23.55.26.jpeg?w=1600&amp;ssl=1 1600w, https:\/\/i0.wp.com\/cumse.org\/wp-content\/uploads\/2021\/01\/WhatsApp-Image-2021-01-24-at-23.55.26.jpeg?resize=1200%2C900&amp;ssl=1 1200w, https:\/\/i0.wp.com\/cumse.org\/wp-content\/uploads\/2021\/01\/WhatsApp-Image-2021-01-24-at-23.55.26.jpeg?resize=300%2C225&amp;ssl=1 300w, https:\/\/i0.wp.com\/cumse.org\/wp-content\/uploads\/2021\/01\/WhatsApp-Image-2021-01-24-at-23.55.26.jpeg?resize=1024%2C768&amp;ssl=1 1024w, https:\/\/i0.wp.com\/cumse.org\/wp-content\/uploads\/2021\/01\/WhatsApp-Image-2021-01-24-at-23.55.26.jpeg?resize=768%2C576&amp;ssl=1 768w, https:\/\/i0.wp.com\/cumse.org\/wp-content\/uploads\/2021\/01\/WhatsApp-Image-2021-01-24-at-23.55.26.jpeg?resize=1536%2C1152&amp;ssl=1 1536w, https:\/\/i0.wp.com\/cumse.org\/wp-content\/uploads\/2021\/01\/WhatsApp-Image-2021-01-24-at-23.55.26.jpeg?w=1280&amp;ssl=1 1280w\" sizes=\"auto, (max-width: 431px) 100vw, 431px\" \/><\/p>\n<p>Oggi io, Conrad e le ragazze abbiamo in programma un piccolo ritiro di catechesi alla maison di<strong> Yves Plumey<\/strong>, subito dopo la celebrazione eucaristica. Le cose, come sempre, vanno per le lunghe. <strong>C&#8217;\u00e8 la benedizione dei fedeli,<\/strong> un paio di gocce d&#8217;acqua santa mi finiscono dritte dritte negli occhi, inoltre <strong>chi vuole pu\u00f2 consegnare la propria bibbia al parroco per la consacrazione del testo.<\/strong> Oggi <strong>i canti e l&#8217;operato del coro in generale \u00e8 pi\u00f9 vivace di quanto non sia mai stato<\/strong>, giocoforza anche il fatto che lo spazio della chiesetta \u00e8 ridotto nonostante il numero di spettatori sia lo stesso, l&#8217;eco delle voci ha un riverbero\u00a0 corposo.<\/p>\n<p>All&#8217;uscita incontro Jojo che mi presenta ufficialmente<strong> la moglie e i suoi piccolini<\/strong>, alla prima occasione buona avrebbero piacere di invitarmi a casa per un pranzo. Sapete bene quanto io mi esalti anche per molto meno, inutile quindi dirvi che ho accettato l&#8217;invito su due piedi.<\/p>\n<p>Augurata una buona domenica a mezzo villaggio mi accodo alla stuoia di donne che precedono il mio passo, in direzione della grande casa del vescovo.<strong> Il sole &#8220;mena&#8221; da far paura<\/strong>, inoltre siamo carichi, ognuno porta qualcosa, Polyne ha in testa un servizio di piatti e cammina a schiena ritta senza fare una piega sotto i 32 gradi equatoriali. Le ragazze a due a due reggono sacchi pieni di pentole e stoviglie essenziali per preparare il pranzo. Io mi sono offerto di caricarmi uno zaino e dividere il peso di un sacco con Marie lungo il cammino.<\/p>\n<p>All&#8217;arrivo sono completamente lavato sulla schiena. Ci togliamo le scarpe, le ragazze si precipitano a lavare calzini e calzature sotto l&#8217;acqua del rubinetto situato in giardino. Guai a presentarsi a casa del futuro beato Yves in quello stato di disgrazia. Fondamentale recuperare una decorosa presentabilit\u00e0. Ovviamente non ho alcuna voglia di mettermi a fare il bucato, ma almeno do una bella spolverata agli indumenti, scarpe comprese, ed entro scalzo per evitare di non portare polvere in giro. <strong>A dire il vero scalzi ci entriamo tutti<\/strong>, lungo il tragitto siamo stati superati da alcune motociclette cariche di invitati ad un matrimonio che, oltre ad averci frastornato giustamente a colpi di clacson, ci hanno anche completamente cosparso di terra rossa. <strong>Morale, siam conciati da sbatter via. Lasciamo perdere<\/strong>.<\/p>\n<p>Le ragazze si apprestano subito a spentolare in cucina: benni\u00e8 e insalata di avocado. Le porzioni leggere preoccupano il mio appetito cavernicolo. <em>&#8220;Tranquillo<\/em> &#8211; mi rassicurano &#8211; q<em>uesta \u00e8 solo la colazione delle 12, alle 14.30 pranziamo!&#8221;.<\/em> Posso asciugarmi i sudori freddi e riprendere a respirare. Claris interroga severa le ragazze sulla vita di Monsignor Yves Plumey. Serve che tutte conoscano grosso modo i pilastri principali del suo percorso poich\u00e8, essendo stato avviato il procedimento di studio per la beatificazione, la commissione vaticana potrebbe intervistare anche i giovani del centro per comprendere quanto essi siano veramente coinvolti con le origini del vescovo ed il suo operato. <strong>Non si scherza!<\/strong><\/p>\n<p><strong>Alle 15 siamo stremati.<\/strong> La met\u00e0 di noi \u00e8 fuori seduta sulle scale, l&#8217;altra, me compreso, \u00e8 sdraiata sui tappeti nel tentativo di fare un pisolino. Io riposo gli occhi, ma di dormire al pomeriggio non se ne parla. Purtroppo senza l&#8217;abbraccio delle tenebre non mi abbiocco quasi mai. <strong>Aisha, Claris, Conrad e Marie, a differenza mia, sarebbero invece capaci di dormire (citando Conrad stesso) anche tra le fiamme.<\/strong><\/p>\n<p>Il tempo vola, non appena ci rimettiamo in sesto, rassettiamo la casa e ci raccogliamo in un ultimo momento di preghiera prima di rientrare. Stando al programma saremmo dovuti rincasare alle 15.30. Partenza dalla maison effettiva: 18.30, <strong>tutto regolarissimo<\/strong>. Dovremmo essere cotti, eppure per ingannare la fatica, le piccole donne incominciano ad intonare canti che distraggano la mente dai dolori delle gambe. Inizialmente siamo spenti, qualcuna da sfogo all&#8217;ugola, molte altre si astengono. Dopo una decina di minuti per\u00f2, accade qualcosa di magico.<\/p>\n<p>Non saprei spiegarvelo bene, cerco di rendere l&#8217;idea della dinamica. Diane ha trovato la canzone <strong>GIUSTA<\/strong>. Nel senso che ha intonato una specie di <strong>YMCA camerunense<\/strong> interattivo che a domanda della solista, attende le risposte dei partecipanti. Pare che tutte stiano al gioco e, senza pensarci due volte, pur non capendo assolutamente niente di quello che dicono, imparo il ritornello e mi butto a capofitto nella sfida. Immaginatevi una ventina di ragazze e il sottoscritto che all&#8217;unisono urlano a squarciagola cori da stadio in lingua fufuld\u00e8.<\/p>\n<p>Un casino, un trambusto che non vi dico! <strong>Per un attimo mi sembra di essere ritornato a Napoli per il capodanno!!!<\/strong>\u00a0Le voci ad ogni passo si fanno pi\u00f9 forti e vigorose, la gente si affaccia dall&#8217;uscio di casa illuminandoci la strada con la luce del telefono, danzando insieme a noi. Aisha prende il comando della brigata e comincia a chiamare le sue sottoposte, chiedendo loro ancora pi\u00f9 energia. Io di mio urlo: <em>&#8220;siete troppo brave, pi\u00f9 forte!&#8221;<\/em> a ripetizione, come un matto.<\/p>\n<p><img data-recalc-dims=\"1\" loading=\"lazy\" decoding=\"async\" class=\"wp-image-4561 alignleft\" src=\"https:\/\/i0.wp.com\/cumse.org\/wp-content\/uploads\/2021\/01\/WhatsApp-Image-2021-01-24-at-23.55.37.jpeg?resize=418%2C313&#038;ssl=1\" alt=\"\" width=\"418\" height=\"313\" srcset=\"https:\/\/i0.wp.com\/cumse.org\/wp-content\/uploads\/2021\/01\/WhatsApp-Image-2021-01-24-at-23.55.37.jpeg?w=1600&amp;ssl=1 1600w, https:\/\/i0.wp.com\/cumse.org\/wp-content\/uploads\/2021\/01\/WhatsApp-Image-2021-01-24-at-23.55.37.jpeg?resize=1200%2C900&amp;ssl=1 1200w, https:\/\/i0.wp.com\/cumse.org\/wp-content\/uploads\/2021\/01\/WhatsApp-Image-2021-01-24-at-23.55.37.jpeg?resize=300%2C225&amp;ssl=1 300w, https:\/\/i0.wp.com\/cumse.org\/wp-content\/uploads\/2021\/01\/WhatsApp-Image-2021-01-24-at-23.55.37.jpeg?resize=1024%2C768&amp;ssl=1 1024w, https:\/\/i0.wp.com\/cumse.org\/wp-content\/uploads\/2021\/01\/WhatsApp-Image-2021-01-24-at-23.55.37.jpeg?resize=768%2C576&amp;ssl=1 768w, https:\/\/i0.wp.com\/cumse.org\/wp-content\/uploads\/2021\/01\/WhatsApp-Image-2021-01-24-at-23.55.37.jpeg?resize=1536%2C1152&amp;ssl=1 1536w, https:\/\/i0.wp.com\/cumse.org\/wp-content\/uploads\/2021\/01\/WhatsApp-Image-2021-01-24-at-23.55.37.jpeg?w=1280&amp;ssl=1 1280w\" sizes=\"auto, (max-width: 418px) 100vw, 418px\" \/><\/p>\n<p><strong>Una &#8220;sciura&#8221; non resiste<\/strong>, esce di casa lasciando la porta aperta e ci segue, avr\u00e0 ballato insieme a noi per almeno un quarto d&#8217;ora. Per un pezzo ci eravamo dimenticati di lei, presi dalla foga di gridare e saltare, sorprendendoci poi nel ritrovarcela nei panni di apri fila.<\/p>\n<p>Ormai il buio domina incontrastato su tutto il paesaggio circostante. Non esistono lampioni o cose simili, <strong>solo una mezza luna argentea e stelle gigantesche in questo cielo blu<\/strong>.<br \/>\nI nostri schiamazzi sono l&#8217;unica crepa che, oltre al vociare dei grilli e delle cicale, squarcia il silenzio della savana.<br \/>\nSembriamo una trib\u00f9 di nativi americani intenti a fare qualche rituale animista, perch\u00e8 no, anche una danza della pioggia nella stagione secca non sarebbe fuori posto! Nonostante il talento indiscusso delle mie nuove amiche per\u00f2, l&#8217;unica acqua che sento cadere \u00e8 quella generata dalle <strong>mie gocce di sudore<\/strong>, sempre pi\u00f9 copiose lungo la schiena, il collo, la fronte.<\/p>\n<p>Mi sono offerto di trasportare il sacchetto pi\u00f9 pesante, per consentire a <strong>Nadesh e Filomena di ballare libere<\/strong>. Nell&#8217;altro pugno ho la mia fedelissima borraccia ormai vuota. Le mie mani impegnate riflettono in terra una versione nuova e sciamanica della mia ombra. Nonostante i pesi <strong>non riesco a non lasciarmi coinvolgere dai balli e dalle percussioni fortissime<\/strong> che, a costo di consumare i palmi, le donzelle si ostinano a creare. Con tutta la forza che hanno rinvigoriscono i bassi, sbattendo i piedi a terra, per un attimo mi sembra quasi di essere finito su un tappeto elastico. La terra rossa vibra sotto le suole dei loro sandali, se non fossi cos\u00ec concitato giurerei di aver visto il grande satellite argenteo tremare per un istante.<\/p>\n<p>Vogliamo andare da suor Nicole per ringraziarla di averci concesso una giornata cos\u00ec intensa. La banda in fila per due, fa il suo trionfale ingresso al centro nella notte, pi\u00f9 che un&#8217;entrata,<strong> sembra un&#8217;invasione di guerrieri pronti a conquistare e depredare.<\/strong> La potenza del nostro <strong>serpentone<\/strong> arriva prima di noi, le luci si accendono in largo anticipo. La mia beniamina ci accoglie a porte spalancate, batte le mani, danza insieme a noi, in preda all&#8217;euforia<strong> sfila in mezzo al branco con un casco di banane sollevato sul capo<\/strong>. Nel vederle tutti nitriscono e schiamazzano pi\u00f9 acutamente di quanto pensavo fosse possibile, persino pi\u00f9 di Soumaya.<\/p>\n<p>Non contenta suor Nicole continua con i doni e porta una<strong> cassa di frutta da distribuire tra i presenti!<br \/>\n<\/strong>Domato il frastuono le ragazze ringraziano per aver ricevuto il materiale scolastico indispensabile per gli studi. Nicole ne gioisce e vuole che ringrazino anche me per aver intrapreso il progetto di sostegno della <strong>maison de filles<\/strong>. Divento bordeaux, non lo dicessero nemmeno, sono io quello che qui deve mostrare gratitudine, trovo ancora immorale il fatto di ricevere \u00a0uno stipendio per condurre uno stile di vita tanto appagante! Mi dovrei vergognare pi\u00f9 che altro! a differenza di quegli uomini di classe capacissimi di ricevere complimenti con uno stile unico e carismatico, balbetto qualcosa tipo: <em>\u201cgrazie a voi!\u201d<\/em><\/p>\n<p>&#8230;ma non faccio in tempo a finire la frase che in coro la banda riprende i propri ululati di festa. Anche sta volta me la sono cavata.<\/p>","protected":false},"excerpt":{"rendered":"<p>Ho atteso la mezzanotte per poter avere connessione e rassicurare il mondo occidentale sul mio perfetto stato di salute. Ho puntato la sveglia alle 6 nella speranza di farmi una doccia mattutina. Niente acqua. Ritorno a letto e alle 6.30 mi sento bussare alla porta. &#8220;Manass\u00e8? Che ci fa qui?&#8221; Mi ha comprato il pane, [&hellip;]<\/p>\n","protected":false},"author":1,"featured_media":4560,"comment_status":"closed","ping_status":"closed","sticky":false,"template":"","format":"standard","meta":{"_jetpack_memberships_contains_paid_content":false,"footnotes":""},"categories":[62],"tags":[68,67,65,66,74],"class_list":["post-3904","post","type-post","status-publish","format-standard","has-post-thumbnail","hentry","category-travaler","tag-camerun","tag-fondazione-cumse","tag-scu","tag-servizio-civile-universale","tag-yves-plumey"],"yoast_head":"<!-- This site is optimized with the Yoast SEO plugin v27.3 - https:\/\/yoast.com\/product\/yoast-seo-wordpress\/ -->\n<title>24 gennaio - Abbaiare alla luna - Fondazione Cumse ETS<\/title>\n<meta name=\"description\" content=\"SCU - Valeryo Falcone, civilista di Fondazione Cumse, racconta la sua esperienza in modo leggero e divertente. SEGUITE LA SUA STORIA!\" \/>\n<meta name=\"robots\" content=\"index, follow, max-snippet:-1, max-image-preview:large, max-video-preview:-1\" \/>\n<link rel=\"canonical\" href=\"https:\/\/cumse.org\/fr\/abbaiare-alla-luna-scu-in-camerun\/\" \/>\n<meta property=\"og:locale\" content=\"fr_FR\" \/>\n<meta property=\"og:type\" content=\"article\" \/>\n<meta property=\"og:title\" content=\"24 gennaio - Abbaiare alla luna - Fondazione Cumse ETS\" \/>\n<meta property=\"og:description\" content=\"SCU - Valeryo Falcone, civilista di Fondazione Cumse, racconta la sua esperienza in modo leggero e divertente. SEGUITE LA SUA STORIA!\" \/>\n<meta property=\"og:url\" content=\"https:\/\/cumse.org\/fr\/abbaiare-alla-luna-scu-in-camerun\/\" \/>\n<meta property=\"og:site_name\" content=\"Fondazione Cumse ETS\" \/>\n<meta property=\"article:published_time\" content=\"2021-01-24T15:19:34+00:00\" \/>\n<meta property=\"article:modified_time\" content=\"2021-03-17T13:32:06+00:00\" \/>\n<meta property=\"og:image\" content=\"https:\/\/cumse.org\/wp-content\/uploads\/2021\/01\/WhatsApp-Image-2021-01-24-at-23.55.27.jpeg\" \/>\n\t<meta property=\"og:image:width\" content=\"1200\" \/>\n\t<meta property=\"og:image:height\" content=\"1600\" \/>\n\t<meta property=\"og:image:type\" content=\"image\/jpeg\" \/>\n<meta name=\"author\" content=\"admin\" \/>\n<meta name=\"twitter:card\" content=\"summary_large_image\" \/>\n<meta name=\"twitter:label1\" content=\"\u00c9crit par\" \/>\n\t<meta name=\"twitter:data1\" content=\"admin\" \/>\n\t<meta name=\"twitter:label2\" content=\"Dur\u00e9e de lecture estim\u00e9e\" \/>\n\t<meta name=\"twitter:data2\" content=\"8 minutes\" \/>\n<script type=\"application\/ld+json\" class=\"yoast-schema-graph\">{\"@context\":\"https:\\\/\\\/schema.org\",\"@graph\":[{\"@type\":\"Article\",\"@id\":\"https:\\\/\\\/cumse.org\\\/abbaiare-alla-luna-scu-in-camerun\\\/#article\",\"isPartOf\":{\"@id\":\"https:\\\/\\\/cumse.org\\\/abbaiare-alla-luna-scu-in-camerun\\\/\"},\"author\":{\"name\":\"admin\",\"@id\":\"https:\\\/\\\/cumse.org\\\/#\\\/schema\\\/person\\\/d8802c7f9d251c013018b375be80cb06\"},\"headline\":\"24 gennaio &#8211; Abbaiare alla luna\",\"datePublished\":\"2021-01-24T15:19:34+00:00\",\"dateModified\":\"2021-03-17T13:32:06+00:00\",\"mainEntityOfPage\":{\"@id\":\"https:\\\/\\\/cumse.org\\\/abbaiare-alla-luna-scu-in-camerun\\\/\"},\"wordCount\":1697,\"image\":{\"@id\":\"https:\\\/\\\/cumse.org\\\/abbaiare-alla-luna-scu-in-camerun\\\/#primaryimage\"},\"thumbnailUrl\":\"https:\\\/\\\/i0.wp.com\\\/cumse.org\\\/wp-content\\\/uploads\\\/2021\\\/01\\\/WhatsApp-Image-2021-01-24-at-23.55.27.jpeg?fit=1200%2C1600&ssl=1\",\"keywords\":[\"Camerun\",\"Fondazione Cumse\",\"SCU\",\"Servizio Civile Universale\",\"Yves Plumey\"],\"articleSection\":[\"TrAvaler\"],\"inLanguage\":\"fr-FR\"},{\"@type\":\"WebPage\",\"@id\":\"https:\\\/\\\/cumse.org\\\/abbaiare-alla-luna-scu-in-camerun\\\/\",\"url\":\"https:\\\/\\\/cumse.org\\\/abbaiare-alla-luna-scu-in-camerun\\\/\",\"name\":\"24 gennaio - Abbaiare alla luna - Fondazione Cumse ETS\",\"isPartOf\":{\"@id\":\"https:\\\/\\\/cumse.org\\\/#website\"},\"primaryImageOfPage\":{\"@id\":\"https:\\\/\\\/cumse.org\\\/abbaiare-alla-luna-scu-in-camerun\\\/#primaryimage\"},\"image\":{\"@id\":\"https:\\\/\\\/cumse.org\\\/abbaiare-alla-luna-scu-in-camerun\\\/#primaryimage\"},\"thumbnailUrl\":\"https:\\\/\\\/i0.wp.com\\\/cumse.org\\\/wp-content\\\/uploads\\\/2021\\\/01\\\/WhatsApp-Image-2021-01-24-at-23.55.27.jpeg?fit=1200%2C1600&ssl=1\",\"datePublished\":\"2021-01-24T15:19:34+00:00\",\"dateModified\":\"2021-03-17T13:32:06+00:00\",\"author\":{\"@id\":\"https:\\\/\\\/cumse.org\\\/#\\\/schema\\\/person\\\/d8802c7f9d251c013018b375be80cb06\"},\"description\":\"SCU - Valeryo Falcone, civilista di Fondazione Cumse, racconta la sua esperienza in modo leggero e divertente. SEGUITE LA SUA STORIA!\",\"breadcrumb\":{\"@id\":\"https:\\\/\\\/cumse.org\\\/abbaiare-alla-luna-scu-in-camerun\\\/#breadcrumb\"},\"inLanguage\":\"fr-FR\",\"potentialAction\":[{\"@type\":\"ReadAction\",\"target\":[\"https:\\\/\\\/cumse.org\\\/abbaiare-alla-luna-scu-in-camerun\\\/\"]}]},{\"@type\":\"ImageObject\",\"inLanguage\":\"fr-FR\",\"@id\":\"https:\\\/\\\/cumse.org\\\/abbaiare-alla-luna-scu-in-camerun\\\/#primaryimage\",\"url\":\"https:\\\/\\\/i0.wp.com\\\/cumse.org\\\/wp-content\\\/uploads\\\/2021\\\/01\\\/WhatsApp-Image-2021-01-24-at-23.55.27.jpeg?fit=1200%2C1600&ssl=1\",\"contentUrl\":\"https:\\\/\\\/i0.wp.com\\\/cumse.org\\\/wp-content\\\/uploads\\\/2021\\\/01\\\/WhatsApp-Image-2021-01-24-at-23.55.27.jpeg?fit=1200%2C1600&ssl=1\",\"width\":1200,\"height\":1600},{\"@type\":\"BreadcrumbList\",\"@id\":\"https:\\\/\\\/cumse.org\\\/abbaiare-alla-luna-scu-in-camerun\\\/#breadcrumb\",\"itemListElement\":[{\"@type\":\"ListItem\",\"position\":1,\"name\":\"Home\",\"item\":\"https:\\\/\\\/cumse.org\\\/\"},{\"@type\":\"ListItem\",\"position\":2,\"name\":\"24 gennaio &#8211; Abbaiare alla luna\"}]},{\"@type\":\"WebSite\",\"@id\":\"https:\\\/\\\/cumse.org\\\/#website\",\"url\":\"https:\\\/\\\/cumse.org\\\/\",\"name\":\"Fondazione Cumse ETS\",\"description\":\"Siamo dove gli altri distolgono lo sguardo\",\"potentialAction\":[{\"@type\":\"SearchAction\",\"target\":{\"@type\":\"EntryPoint\",\"urlTemplate\":\"https:\\\/\\\/cumse.org\\\/?s={search_term_string}\"},\"query-input\":{\"@type\":\"PropertyValueSpecification\",\"valueRequired\":true,\"valueName\":\"search_term_string\"}}],\"inLanguage\":\"fr-FR\"},{\"@type\":\"Person\",\"@id\":\"https:\\\/\\\/cumse.org\\\/#\\\/schema\\\/person\\\/d8802c7f9d251c013018b375be80cb06\",\"name\":\"admin\",\"image\":{\"@type\":\"ImageObject\",\"inLanguage\":\"fr-FR\",\"@id\":\"https:\\\/\\\/secure.gravatar.com\\\/avatar\\\/7fcee464d094e0b490b50408a0c7356276eedd5a17796d503ee821451b764c37?s=96&d=mm&r=g\",\"url\":\"https:\\\/\\\/secure.gravatar.com\\\/avatar\\\/7fcee464d094e0b490b50408a0c7356276eedd5a17796d503ee821451b764c37?s=96&d=mm&r=g\",\"contentUrl\":\"https:\\\/\\\/secure.gravatar.com\\\/avatar\\\/7fcee464d094e0b490b50408a0c7356276eedd5a17796d503ee821451b764c37?s=96&d=mm&r=g\",\"caption\":\"admin\"}}]}<\/script>\n<!-- \/ Yoast SEO plugin. -->","yoast_head_json":{"title":"24 gennaio - Abbaiare alla luna - Fondazione Cumse ETS","description":"SCU - Valeryo Falcone, civilista di Fondazione Cumse, racconta la sua esperienza in modo leggero e divertente. SEGUITE LA SUA STORIA!","robots":{"index":"index","follow":"follow","max-snippet":"max-snippet:-1","max-image-preview":"max-image-preview:large","max-video-preview":"max-video-preview:-1"},"canonical":"https:\/\/cumse.org\/fr\/abbaiare-alla-luna-scu-in-camerun\/","og_locale":"fr_FR","og_type":"article","og_title":"24 gennaio - Abbaiare alla luna - Fondazione Cumse ETS","og_description":"SCU - Valeryo Falcone, civilista di Fondazione Cumse, racconta la sua esperienza in modo leggero e divertente. SEGUITE LA SUA STORIA!","og_url":"https:\/\/cumse.org\/fr\/abbaiare-alla-luna-scu-in-camerun\/","og_site_name":"Fondazione Cumse ETS","article_published_time":"2021-01-24T15:19:34+00:00","article_modified_time":"2021-03-17T13:32:06+00:00","og_image":[{"width":1200,"height":1600,"url":"https:\/\/cumse.org\/wp-content\/uploads\/2021\/01\/WhatsApp-Image-2021-01-24-at-23.55.27.jpeg","type":"image\/jpeg"}],"author":"admin","twitter_card":"summary_large_image","twitter_misc":{"\u00c9crit par":"admin","Dur\u00e9e de lecture estim\u00e9e":"8 minutes"},"schema":{"@context":"https:\/\/schema.org","@graph":[{"@type":"Article","@id":"https:\/\/cumse.org\/abbaiare-alla-luna-scu-in-camerun\/#article","isPartOf":{"@id":"https:\/\/cumse.org\/abbaiare-alla-luna-scu-in-camerun\/"},"author":{"name":"admin","@id":"https:\/\/cumse.org\/#\/schema\/person\/d8802c7f9d251c013018b375be80cb06"},"headline":"24 gennaio &#8211; Abbaiare alla luna","datePublished":"2021-01-24T15:19:34+00:00","dateModified":"2021-03-17T13:32:06+00:00","mainEntityOfPage":{"@id":"https:\/\/cumse.org\/abbaiare-alla-luna-scu-in-camerun\/"},"wordCount":1697,"image":{"@id":"https:\/\/cumse.org\/abbaiare-alla-luna-scu-in-camerun\/#primaryimage"},"thumbnailUrl":"https:\/\/i0.wp.com\/cumse.org\/wp-content\/uploads\/2021\/01\/WhatsApp-Image-2021-01-24-at-23.55.27.jpeg?fit=1200%2C1600&ssl=1","keywords":["Camerun","Fondazione Cumse","SCU","Servizio Civile Universale","Yves Plumey"],"articleSection":["TrAvaler"],"inLanguage":"fr-FR"},{"@type":"WebPage","@id":"https:\/\/cumse.org\/abbaiare-alla-luna-scu-in-camerun\/","url":"https:\/\/cumse.org\/abbaiare-alla-luna-scu-in-camerun\/","name":"24 gennaio - Abbaiare alla luna - Fondazione Cumse ETS","isPartOf":{"@id":"https:\/\/cumse.org\/#website"},"primaryImageOfPage":{"@id":"https:\/\/cumse.org\/abbaiare-alla-luna-scu-in-camerun\/#primaryimage"},"image":{"@id":"https:\/\/cumse.org\/abbaiare-alla-luna-scu-in-camerun\/#primaryimage"},"thumbnailUrl":"https:\/\/i0.wp.com\/cumse.org\/wp-content\/uploads\/2021\/01\/WhatsApp-Image-2021-01-24-at-23.55.27.jpeg?fit=1200%2C1600&ssl=1","datePublished":"2021-01-24T15:19:34+00:00","dateModified":"2021-03-17T13:32:06+00:00","author":{"@id":"https:\/\/cumse.org\/#\/schema\/person\/d8802c7f9d251c013018b375be80cb06"},"description":"SCU - Valeryo Falcone, civilista di Fondazione Cumse, racconta la sua esperienza in modo leggero e divertente. SEGUITE LA SUA STORIA!","breadcrumb":{"@id":"https:\/\/cumse.org\/abbaiare-alla-luna-scu-in-camerun\/#breadcrumb"},"inLanguage":"fr-FR","potentialAction":[{"@type":"ReadAction","target":["https:\/\/cumse.org\/abbaiare-alla-luna-scu-in-camerun\/"]}]},{"@type":"ImageObject","inLanguage":"fr-FR","@id":"https:\/\/cumse.org\/abbaiare-alla-luna-scu-in-camerun\/#primaryimage","url":"https:\/\/i0.wp.com\/cumse.org\/wp-content\/uploads\/2021\/01\/WhatsApp-Image-2021-01-24-at-23.55.27.jpeg?fit=1200%2C1600&ssl=1","contentUrl":"https:\/\/i0.wp.com\/cumse.org\/wp-content\/uploads\/2021\/01\/WhatsApp-Image-2021-01-24-at-23.55.27.jpeg?fit=1200%2C1600&ssl=1","width":1200,"height":1600},{"@type":"BreadcrumbList","@id":"https:\/\/cumse.org\/abbaiare-alla-luna-scu-in-camerun\/#breadcrumb","itemListElement":[{"@type":"ListItem","position":1,"name":"Home","item":"https:\/\/cumse.org\/"},{"@type":"ListItem","position":2,"name":"24 gennaio &#8211; Abbaiare alla luna"}]},{"@type":"WebSite","@id":"https:\/\/cumse.org\/#website","url":"https:\/\/cumse.org\/","name":"Fondazione Cumse ETS","description":"Siamo dove gli altri distolgono lo sguardo","potentialAction":[{"@type":"SearchAction","target":{"@type":"EntryPoint","urlTemplate":"https:\/\/cumse.org\/?s={search_term_string}"},"query-input":{"@type":"PropertyValueSpecification","valueRequired":true,"valueName":"search_term_string"}}],"inLanguage":"fr-FR"},{"@type":"Person","@id":"https:\/\/cumse.org\/#\/schema\/person\/d8802c7f9d251c013018b375be80cb06","name":"admin","image":{"@type":"ImageObject","inLanguage":"fr-FR","@id":"https:\/\/secure.gravatar.com\/avatar\/7fcee464d094e0b490b50408a0c7356276eedd5a17796d503ee821451b764c37?s=96&d=mm&r=g","url":"https:\/\/secure.gravatar.com\/avatar\/7fcee464d094e0b490b50408a0c7356276eedd5a17796d503ee821451b764c37?s=96&d=mm&r=g","contentUrl":"https:\/\/secure.gravatar.com\/avatar\/7fcee464d094e0b490b50408a0c7356276eedd5a17796d503ee821451b764c37?s=96&d=mm&r=g","caption":"admin"}}]}},"jetpack_featured_media_url":"https:\/\/i0.wp.com\/cumse.org\/wp-content\/uploads\/2021\/01\/WhatsApp-Image-2021-01-24-at-23.55.27.jpeg?fit=1200%2C1600&ssl=1","jetpack_sharing_enabled":true,"_links":{"self":[{"href":"https:\/\/cumse.org\/fr\/wp-json\/wp\/v2\/posts\/3904","targetHints":{"allow":["GET"]}}],"collection":[{"href":"https:\/\/cumse.org\/fr\/wp-json\/wp\/v2\/posts"}],"about":[{"href":"https:\/\/cumse.org\/fr\/wp-json\/wp\/v2\/types\/post"}],"author":[{"embeddable":true,"href":"https:\/\/cumse.org\/fr\/wp-json\/wp\/v2\/users\/1"}],"replies":[{"embeddable":true,"href":"https:\/\/cumse.org\/fr\/wp-json\/wp\/v2\/comments?post=3904"}],"version-history":[{"count":0,"href":"https:\/\/cumse.org\/fr\/wp-json\/wp\/v2\/posts\/3904\/revisions"}],"wp:featuredmedia":[{"embeddable":true,"href":"https:\/\/cumse.org\/fr\/wp-json\/wp\/v2\/media\/4560"}],"wp:attachment":[{"href":"https:\/\/cumse.org\/fr\/wp-json\/wp\/v2\/media?parent=3904"}],"wp:term":[{"taxonomy":"category","embeddable":true,"href":"https:\/\/cumse.org\/fr\/wp-json\/wp\/v2\/categories?post=3904"},{"taxonomy":"post_tag","embeddable":true,"href":"https:\/\/cumse.org\/fr\/wp-json\/wp\/v2\/tags?post=3904"}],"curies":[{"name":"wp","href":"https:\/\/api.w.org\/{rel}","templated":true}]}}