{"id":3849,"date":"2021-01-22T22:04:40","date_gmt":"2021-01-22T21:04:40","guid":{"rendered":"https:\/\/cumse.org\/?p=3849"},"modified":"2021-03-17T15:18:22","modified_gmt":"2021-03-17T14:18:22","slug":"disposti-a-tutto-scu-in-camerun","status":"publish","type":"post","link":"https:\/\/cumse.org\/fr\/disposti-a-tutto-scu-in-camerun\/","title":{"rendered":"22 gennaio &#8211; Disposti a tutto"},"content":{"rendered":"<p>Seppur avendo puntato la sveglia alle 8 per dribblare il ritardo di Etienne, mi sono alzato alle 6.44.<\/p>\n<p>Ho spalancato gli occhi con la stessa inquietante meccanicit\u00e0 dei fanali a scomparsa delle macchine sportive.<br \/>\nLa zanzariera mi penzolava poco sopra al naso. Ormai ci ho fatto l&#8217;abitudine, a volte nemmeno la noto.<\/p>\n<p>E&#8217; sempre bello scoprire, svitando leggermente il pomello del rubinetto, la presenza dell&#8217;acqua corrente e dunque la <strong>possibilit\u00e0 di lavarsi la faccia!<\/strong><br \/>\nChe meravigliosa sensazione di freschezza. Sono un po&#8217; schizzinoso: l&#8217;acqua dei secchi non mi fa impazzire!<br \/>\nLa evito quando si tratta di sciacquare il grugno, perci\u00f2 ammetto candidamente che saran passati almeno tre giorni dall&#8217;ultima volta che le mie <strong>gote ispide<\/strong> hanno incontrato qualcosa di diverso da una <strong>salvietta umidificata.<\/strong><\/p>\n<p>Mi piace svegliarmi con una <strong>bella strapazzata acquatica!<\/strong>\u00a0Un tuffo al volo prima di affrontare la giornata. Speriamo ci siano le dannate viti al mercato, ho tutta l&#8217;intenzione di costringere <strong>Etienne<\/strong> a ultimare la costruzione dei letti.<\/p>\n<p>Il mio compare arriva puntuale, <strong>PAZZESCO! <\/strong>Mi sono scofanato una pentola di riso e fagioli a colazione giusto per non rischiare di restare a corto di energie, indispensabili per litigare con il nostro indecoroso trapano manuale.<br \/>\nSiamo veramente &#8220;<em>in gaina<\/em>&#8221; (espressione che ad oggi non so ancora bene cosa significhi ma che io uso per dire: &#8220;<strong>siamo motivati<\/strong>&#8220;).<\/p>\n<p>Benissimo,<strong> le quattro cerniere<\/strong> <strong>che abbiamo fatto bucare dal fabbro sono pronte<\/strong>! Sono pronte, vero? Devono esserlo anche perch\u00e9 una cosa gli abbiamo chiesto: fare quattro <strong>maledettissimi buchi!!!<\/strong><br \/>\nLui che ha fatto? I buchi certo, ma uno lo ha sbagliato, tagliando la lamina troppo in basso.<\/p>\n<p>Calma, niente panico!<br \/>\nIl nostro maldestro efesto non \u00e8 ancora al negozio: nell&#8217;attesa lavoriamo al montaggio dell&#8217;altro. Sorprendentemente le cose filano lisce. <strong>Fuori uno!<\/strong> Non molliamo dai! Siamo sulla strada giusta, possiamo farcela! Ci voglio credere, nonostante tutto!<\/p>\n<p><span style=\"font-size: 1rem;\"><strong>Mastro Etienne<\/strong> mi apre la via e, insieme, ci dirigiamo verso<strong> il laboratorio<\/strong>. Del nostro uomo nessuna traccia, \u00e8 andato in citt\u00e0, impossibile sapere quando sar\u00e0 di ritorno. Un timore divampa nella mia mente: &#8220;non vorr\u00e0 mica mettersi a bere come ieri sperando che prima o poi qualcuno si palesi, vero?&#8221; Non reggerei un colpo del genere. Mi vergogno per averlo pensato, soprattutto dopo essere stato spettatore non pagante di tanta alacrit\u00e0. Etienne non si arrende. Se ci fosse almeno una lima&#8230;<\/span><\/p>\n<p><strong>Iniziamo a chiedere alla gente nei dintorni.<\/strong> Purtroppo, con scarsi risultati. Gli occhi del mio amico, fulminei si girano di scatto verso un uomo che sta tribolando sotto le ruote di un carretto a motore (una specie di moto a tre ruote con rimorchio annesso).<\/p>\n<p><strong>E&#8217; proprio un mezzo da urlo!<\/strong>\u00a0Vorrei farlo sfrecciare nelle strade del canturino, quanto coster\u00e0? Io ho una specie di problema con i mezzi di<strong> locomozione improbabili<\/strong>. Ricordo che in India mi sono quasi seriamente interessato ai prezzi dei<em> tuc-tuc<\/em> con l&#8217;intento di acquistarne una decina. Essere poveri \u00e8 una vera fortuna, posso esimermi dallo spendere vagonate di denaro per oggetti completamente<strong> inutili!<\/strong> Mentre sono intento a favoleggiare su tutti i mezzi a tre ruote che conosco e sul loro possibile costo, a riprova del fatto che,<strong> nonostante i 28 anni, la fase triciclo non l&#8217;ho ancora superata<\/strong>, il capomastro recupera proprio dal meccanico un punteruolo di ferro dal peso approssimativo di un paio di chili.<\/p>\n<p>Entra nel laboratorio che, pur essendo vuoto,<strong> ha le porte spalancate!<\/strong>\u00a0Attacca il flessibile e comincia ad appuntire la stanga in metallo <strong>come fosse una matita<\/strong>. Ah, a quanto pare sono stato un tantinello precipitoso nel diffidare.<br \/>\nIl tempo passa, ma ormai non ho pi\u00f9 fretta, costi quel che costi, <strong>le ragazze stasera dormiranno su un materasso<\/strong>.<\/p>\n<p>Come un medium dalle doti affinate, tra una scintilla e l&#8217;altra Etienne ripete a voce alta: <em>&#8220;\u00e8 davvero troppo brutto pensare a quelle povere ragazze che dormono in terra, dobbiamo finire&#8221;<\/em>. <strong>Sono costernato<\/strong>. <strong>Ma che idolo non \u00e8 mastro Etienne?<\/strong> Molla il flessibile e afferra una mazzetta, piazza la cerniera di ferro su una pietra comodissima disposta all&#8217;ombra di un bell&#8217;albero davanti al locale e, scalpellando con il punteruolo appuntito di fresco, comincia a dar gi\u00f9 botte da orbi al povero foro malriuscito. <strong>Non vorrei essere nei suoi panni! <\/strong>Per un attimo mi sembra di essere finito in un episodio dei Flintstones: &#8220;<strong>Wilma dammi la clava!<\/strong>&#8220;. Probabilmente l&#8217;uomo di Neanderthal eseguiva movimenti tanto differenti da quelli di Etienne nel lavorare la selce.<\/p>\n<p>Presto una mano al mio egregio collega, tentando di tener fermo l&#8217;angolino metallico nel mentre che lui reitera questo suo primordiale pestaggio. Al terzo battere sento un dolorino, guardo l&#8217;anulare: <strong>sanguina!<\/strong><br \/>\nSono proprio un debole <em>Nassara:<\/em> <strong>mani di pastafrolla!<\/strong> Mi avvolgo il ditino in un fazzoletto e aspetto che la mia mamma venga a soffiare sulla bua. Peccato si trovi a 6.600 km di distanza da me: con tutto il bene, \u00e8 un po&#8217; difficile!<br \/>\n<strong>Dovr\u00f2 cavarmela da solo!<\/strong> Del resto sono alla conquista della mia personale autonomia quindi, credo proprio di potermi arrangiare.<\/p>\n<p>Intanto Etienne tiene il pezzo fermo con un piede e continua a <strong>massacrarlo di botte<\/strong>.<br \/>\nDopo una decina di minuti dovremmo esserci. <strong>Restituiamo il maltolto e rientriamo<\/strong>. Certo che \u00e8 strano: uno ti presta una roba, tu gliela passi al flessibile senza chiedere permessi o cose varie, poi senza fare una piega gliela restituisci evitando giustificazioni. Si tenga conto del fatto che nemmeno il flessibile era di propriet\u00e0 del mio mentore.<\/p>\n<p>In Africa il concetto di <strong>condivisione<\/strong> giunge a confini molto pi\u00f9 lontani dei nostri. Da noi se il vicino non ti restituisce il tagliaerba (Homer-Flanders) quando glielo chiedi, il mese dopo si ritrova gli ufficiali giudiziari a casa per il pignoramento. <strong>Qui si mangia con le mani nello stesso piatto, \u00e8 un po&#8217; tutto di tutti all&#8217;occorrenza<\/strong>. Ci sono anche i super ricchi con le mega ville recintate a filo spinato, le eccezioni a conferma della regola, sempre pronti a rimarcare il concetto di propriet\u00e0 privata, ma per il resto \u00e8 una vita spartana, meno venale in certe accezioni, forse per ragioni dettate dallo stato delle cose. Questa grande povert\u00e0, che coinvolge tanti, unisce, avvicina, spartisce i dolori sulle spalle di molti, tanto che questi, a veder loro, sembrano poi pesare un po&#8217; meno.<\/p>\n<table style=\"width: 100%; border-collapse: collapse;\" border=\"0\">\n<tbody>\n<tr>\n<td style=\"width: 100%; background-color: red; text-align: center; vertical-align: top;\">\n<h4><a href=\"\/servizio-civile-universale\"><span style=\"color: #ffffff;\"><strong>Per saperne di pi\u00f9 sul Servizio Civile Universale &#8211; SCU &#8211; clicca qu\u00ec!<\/strong><\/span><\/a><\/h4>\n<\/td>\n<\/tr>\n<\/tbody>\n<\/table>\n<p><strong>Basta con la filosofia esistenziale!<\/strong>\u00a0Tornando al nostro letto, il foro \u00e8 a mala pena passabile, ma ci\u00f2 \u00e8 sufficiente a permetterci di lavorare. Il mio socio vuole giusto dare un altro paio di martellate, cos\u00ec per sport, prima di applicare la cerniera alla spalliera del letto. Una e <strong>OPS!<\/strong><\/p>\n<p>La testa pesante del martello si stacca dal manico e mi vola a due centimetri dal piede. Nella mente di un codardo un episodio del genere rievoca migliaia di dinamiche, non \u00e8 la paura del rischio attuale appena corso, bens\u00ec il terrore di tutte quelle volte in cui, non conoscendo la possibilit\u00e0 che la testa potesse volare in giro a causa della scadente qualit\u00e0 dell&#8217;attrezzo, io inconsciamente ho martellato e inchiodato usando lo stesso con il rischio di <strong>suicidarmi involontariamente<\/strong> o, peggio ancora, uccidere qualcuno o qualcosa. Avrei dovuto immaginarlo.<\/p>\n<p>Qui tutto \u00e8<strong> made in China<\/strong>, [<em>omissis<\/em>.]<\/p>\n<p>Rimesso in sesto il martelletto che, guardando bene, ha paradossalmente la bandiera statunitense a stelle e strisce disegnata sul manico, un capolavoro di ignoranza, Etienne assesta il colpo di grazia alla cernieretta in ferro che, forata e drizzata, \u00e8 ormai pronta all&#8217;installazione. Fatto. <strong>Non ci credo, con facilit\u00e0 estrema montiamo il terzo letto<\/strong>. Ovviamente non fila tutto come dovrebbe. <em>&#8220;E&#8217; uscito largo 85 cm<\/em> &#8211; esclama il compare &#8211; <em>e noi abbiamo costruito la rete in doghe spessa 84.5&#8243;<\/em>. Afferra gli ultimi rimasugli di legna superstite e a colpi di chiodi allunga le assi orizzontali di quel tanto che basta per stabilizzare la rete sulle traverse portanti. Pensavo peggio, <strong>problema risolto all&#8217;africana!<\/strong><\/p>\n<p>Trasciniamo anche l&#8217;ultima nostra creazione fuori dal magazzino, al fresco di un <strong>grande mango<\/strong>. Mi ci sdraio sopra, voglio testarne la solidit\u00e0, se pu\u00f2 reggere un torello come il sottoscritto, regger\u00e0 di sicuro anche quei fuscelli di fanciulle che popolano la grande casa rosa.<\/p>\n<p><strong>Godyene<\/strong> ci raggiunge per osservare la nostra produzione. Avrebbe voglia di cambiare letto, non \u00e8 che possiamo fargliene uno? Come no, volentieri, aspetta che adesso apriamo un atelier, gemellaggio Savana-Brianza ed \u00e8 subito business. Il soffitto di questa speciale camera non \u00e8 malaccio. I raggi del sole scaldano l&#8217;azzurro del cielo, le foglie verdissime mi fanno ombra sulla fronte, un venticello spira fresco preciso da ponente. <strong>Mica male!<\/strong><\/p>\n<p>Pausa pranzo, ci rivediamo tra 30 minuti, vogliamo portare i letti di persona, <strong>non ci fidiamo delle mani sbadate dei giovani.<\/strong> Io mi fiderei pure, indolente come sono, ma la volont\u00e0 del mastro \u00e8 ferma su questo punto. <strong>Due ragazzi ci raggiungono<\/strong>, sono ammirati, vorrebbero imparare a lavorare cos\u00ec, Etienne afferma che se vogliono possono guardare, per intanto magari sarebbe carino se ci dessero una mano a trasportare i<strong> due catamarani<\/strong>.<\/p>\n<p>Ma come? E la storia del &#8220;non mi fido dei giovani?&#8221;. Coerenza camerunense suppongo. Detto fatto. Gli sbarbati cercano un asse di legno, dopodich\u00e9 se lo piazzano in testa, sollevano il letto, lo appoggiano sull&#8217;asse (che s\u00ec, \u00e8 sempre l\u00ec poggiato sulla crapa) e con la mobilia sospesa a mezz&#8217;aria cominciano tranquillamente ad affrontare la pendenza che divide il nostro magazzino dalla Maison. <strong>Trasloco livello estremo! <\/strong>Potrebbe diventare uno sport olimpico, del resto se lanciare pesi o giavellotti \u00e8 degno di scrivere l&#8217;antica storia agonistica, non vedo perch\u00e9 il trasporto di oggetti, di improbabili dimensioni e peso sul cranio, non debba esserlo.<\/p>\n<p><img data-recalc-dims=\"1\" loading=\"lazy\" decoding=\"async\" class=\"wp-image-4545 alignleft\" src=\"https:\/\/i0.wp.com\/cumse.org\/wp-content\/uploads\/2021\/01\/WhatsApp-Image-2021-01-22-at-22.53.39.jpeg?resize=428%2C571&#038;ssl=1\" alt=\"\" width=\"428\" height=\"571\" srcset=\"https:\/\/i0.wp.com\/cumse.org\/wp-content\/uploads\/2021\/01\/WhatsApp-Image-2021-01-22-at-22.53.39.jpeg?w=1200&amp;ssl=1 1200w, https:\/\/i0.wp.com\/cumse.org\/wp-content\/uploads\/2021\/01\/WhatsApp-Image-2021-01-22-at-22.53.39.jpeg?resize=800%2C1067&amp;ssl=1 800w, https:\/\/i0.wp.com\/cumse.org\/wp-content\/uploads\/2021\/01\/WhatsApp-Image-2021-01-22-at-22.53.39.jpeg?resize=225%2C300&amp;ssl=1 225w, https:\/\/i0.wp.com\/cumse.org\/wp-content\/uploads\/2021\/01\/WhatsApp-Image-2021-01-22-at-22.53.39.jpeg?resize=768%2C1024&amp;ssl=1 768w, https:\/\/i0.wp.com\/cumse.org\/wp-content\/uploads\/2021\/01\/WhatsApp-Image-2021-01-22-at-22.53.39.jpeg?resize=1152%2C1536&amp;ssl=1 1152w\" sizes=\"auto, (max-width: 428px) 100vw, 428px\" \/><\/p>\n<p>Arrivati a casa delle ragazze,<strong> Clarisse<\/strong> ci spalanca il portone, insieme a noi giunge anche il tecnico per montare la tv.<br \/>\nEsatto amici, un benefattore ha omaggiato le nostre piccole donne anche di una televisione con tanto di via cavo. Non oso immaginare l&#8217;esultanza sui loro visi al rientro da scuola nel trovare tutte queste sorprese. Fa un caldo boia, sono le 16. <strong>Missione compiuta!<\/strong><\/p>\n<p>Prometto ad Etienne una birra prossimamente per festeggiare, \u00e8 il minimo. Quando si lavora insieme, con un obiettivo comune, <strong>la giusta motivazione e una buona capacit\u00e0 di tolleranza reciproca, si forma un legame di mutuale rispetto nei confronti dell&#8217;altro.<\/strong> Non so se avete mai provato a condividere la gioia di un successo, anche piccolo, con quello che, alla fine del lavoro, diventa quasi un amico. Esperienza consigliata, quelle, a mio parere, sono le occasioni migliori per tracannarsi una bionda bella gelata.<\/p>\n<p>Ogni cosa a suo tempo, tra un&#8217;ora ho lezione di francese con <strong>Jojo<\/strong>, devo darmi una sistemata. L&#8217;acqua non mi ha ancora abbandonato. Confesso che la faccia non \u00e8 la sola porzione di corpo che non lavo da tre giorni, ergo: <strong>DOCCIA INSTANT!<\/strong> Con sommo gaudio anche.<\/p>\n<p>Tutta questa adrenalina dovuta, prima alla questione letti e poi alla questione igiene personale, mi ha rimesso in pista!<br \/>\nCon Jojo mi difendo discretamente e verso le 18 salgo dalle ragazze per la solita preghiera. Clarissa \u00e8 contentissima, ha gi\u00e0 fatto un <strong>pisolino pomeridiano nel suo nuovo giaciglio<\/strong>. Faccio finta di scaricare tutta la gloria su Etienne, che detiene un buon 75% del merito della realizzazione, ma intanto il mio ego smisurato, silenziosamente, si loda e si imbroda, questo \u00e8 pane per i suoi denti.<\/p>\n<p>Vorrei scrivervi tante altre cose, anche a costo di cadere nel banale, tipo che Etienne non aveva idea delle dimensioni dei materassi quando ha deciso le misure dei letti e che quindi due di loro, pur avendo altezze differenti, sono stati accostati a mo&#8217; di matrimoniale, per altro risultando corti. Avrei voluto dirvi del mio disappunto e di come quest&#8217;ultimo abbia suscitato l&#8217;ironia e le risate di tutti: <em>&#8220;vorrebbe le cose perfette lui<\/em>&#8230; <em>per le ragazze va pi\u00f9 che bene!<\/em> &#8221;<\/p>\n<p>Purtroppo per\u00f2, da sotto al mio frigo \u00e8 appena emersa una perdita di acqua nera come la pece <em>&#8220;che descrivervi non saprei&#8221;<\/em> (semi cit.).<br \/>\n<strong>Meglio indagare!<\/strong><\/p>\n","protected":false},"excerpt":{"rendered":"<p>Seppur avendo puntato la sveglia alle 8 per dribblare il ritardo di Etienne, mi sono alzato alle 6.44. Ho spalancato gli occhi con la stessa inquietante meccanicit\u00e0 dei fanali a scomparsa delle macchine sportive. La zanzariera mi penzolava poco sopra al naso. Ormai ci ho fatto l&#8217;abitudine, a volte nemmeno la noto. E&#8217; sempre bello [&hellip;]<\/p>\n","protected":false},"author":1,"featured_media":4544,"comment_status":"closed","ping_status":"closed","sticky":false,"template":"","format":"standard","meta":{"_jetpack_memberships_contains_paid_content":false,"footnotes":""},"categories":[62],"tags":[68,67,65,66],"class_list":["post-3849","post","type-post","status-publish","format-standard","has-post-thumbnail","hentry","category-travaler","tag-camerun","tag-fondazione-cumse","tag-scu","tag-servizio-civile-universale"],"yoast_head":"<!-- This site is optimized with the Yoast SEO plugin v27.3 - https:\/\/yoast.com\/product\/yoast-seo-wordpress\/ -->\n<title>22 gennaio - Disposti a tutto - Fondazione Cumse ETS<\/title>\n<meta name=\"description\" content=\"SCU - Valeryo Falcone, civilista di Fondazione Cumse, racconta la sua esperienza in modo leggero e divertente. SEGUITE LA SUA STORIA!\" \/>\n<meta name=\"robots\" content=\"index, follow, max-snippet:-1, max-image-preview:large, max-video-preview:-1\" \/>\n<link rel=\"canonical\" href=\"https:\/\/cumse.org\/fr\/disposti-a-tutto-scu-in-camerun\/\" \/>\n<meta property=\"og:locale\" content=\"fr_FR\" \/>\n<meta property=\"og:type\" content=\"article\" \/>\n<meta property=\"og:title\" content=\"22 gennaio - Disposti a tutto - Fondazione Cumse ETS\" \/>\n<meta property=\"og:description\" content=\"SCU - Valeryo Falcone, civilista di Fondazione Cumse, racconta la sua esperienza in modo leggero e divertente. SEGUITE LA SUA STORIA!\" \/>\n<meta property=\"og:url\" content=\"https:\/\/cumse.org\/fr\/disposti-a-tutto-scu-in-camerun\/\" \/>\n<meta property=\"og:site_name\" content=\"Fondazione Cumse ETS\" \/>\n<meta property=\"article:published_time\" content=\"2021-01-22T21:04:40+00:00\" \/>\n<meta property=\"article:modified_time\" content=\"2021-03-17T14:18:22+00:00\" \/>\n<meta property=\"og:image\" content=\"https:\/\/cumse.org\/wp-content\/uploads\/2021\/01\/WhatsApp-Image-2021-01-22-at-22.53.40.jpeg\" \/>\n\t<meta property=\"og:image:width\" content=\"1200\" \/>\n\t<meta property=\"og:image:height\" content=\"1600\" \/>\n\t<meta property=\"og:image:type\" content=\"image\/jpeg\" \/>\n<meta name=\"author\" content=\"admin\" \/>\n<meta name=\"twitter:card\" content=\"summary_large_image\" \/>\n<meta name=\"twitter:label1\" content=\"\u00c9crit par\" \/>\n\t<meta name=\"twitter:data1\" content=\"admin\" \/>\n\t<meta name=\"twitter:label2\" content=\"Dur\u00e9e de lecture estim\u00e9e\" \/>\n\t<meta name=\"twitter:data2\" content=\"9 minutes\" \/>\n<script type=\"application\/ld+json\" class=\"yoast-schema-graph\">{\"@context\":\"https:\\\/\\\/schema.org\",\"@graph\":[{\"@type\":\"Article\",\"@id\":\"https:\\\/\\\/cumse.org\\\/disposti-a-tutto-scu-in-camerun\\\/#article\",\"isPartOf\":{\"@id\":\"https:\\\/\\\/cumse.org\\\/disposti-a-tutto-scu-in-camerun\\\/\"},\"author\":{\"name\":\"admin\",\"@id\":\"https:\\\/\\\/cumse.org\\\/#\\\/schema\\\/person\\\/d8802c7f9d251c013018b375be80cb06\"},\"headline\":\"22 gennaio &#8211; Disposti a tutto\",\"datePublished\":\"2021-01-22T21:04:40+00:00\",\"dateModified\":\"2021-03-17T14:18:22+00:00\",\"mainEntityOfPage\":{\"@id\":\"https:\\\/\\\/cumse.org\\\/disposti-a-tutto-scu-in-camerun\\\/\"},\"wordCount\":1935,\"image\":{\"@id\":\"https:\\\/\\\/cumse.org\\\/disposti-a-tutto-scu-in-camerun\\\/#primaryimage\"},\"thumbnailUrl\":\"https:\\\/\\\/i0.wp.com\\\/cumse.org\\\/wp-content\\\/uploads\\\/2021\\\/01\\\/WhatsApp-Image-2021-01-22-at-22.53.40.jpeg?fit=1200%2C1600&ssl=1\",\"keywords\":[\"Camerun\",\"Fondazione Cumse\",\"SCU\",\"Servizio Civile Universale\"],\"articleSection\":[\"TrAvaler\"],\"inLanguage\":\"fr-FR\"},{\"@type\":\"WebPage\",\"@id\":\"https:\\\/\\\/cumse.org\\\/disposti-a-tutto-scu-in-camerun\\\/\",\"url\":\"https:\\\/\\\/cumse.org\\\/disposti-a-tutto-scu-in-camerun\\\/\",\"name\":\"22 gennaio - Disposti a tutto - Fondazione Cumse ETS\",\"isPartOf\":{\"@id\":\"https:\\\/\\\/cumse.org\\\/#website\"},\"primaryImageOfPage\":{\"@id\":\"https:\\\/\\\/cumse.org\\\/disposti-a-tutto-scu-in-camerun\\\/#primaryimage\"},\"image\":{\"@id\":\"https:\\\/\\\/cumse.org\\\/disposti-a-tutto-scu-in-camerun\\\/#primaryimage\"},\"thumbnailUrl\":\"https:\\\/\\\/i0.wp.com\\\/cumse.org\\\/wp-content\\\/uploads\\\/2021\\\/01\\\/WhatsApp-Image-2021-01-22-at-22.53.40.jpeg?fit=1200%2C1600&ssl=1\",\"datePublished\":\"2021-01-22T21:04:40+00:00\",\"dateModified\":\"2021-03-17T14:18:22+00:00\",\"author\":{\"@id\":\"https:\\\/\\\/cumse.org\\\/#\\\/schema\\\/person\\\/d8802c7f9d251c013018b375be80cb06\"},\"description\":\"SCU - Valeryo Falcone, civilista di Fondazione Cumse, racconta la sua esperienza in modo leggero e divertente. SEGUITE LA SUA STORIA!\",\"breadcrumb\":{\"@id\":\"https:\\\/\\\/cumse.org\\\/disposti-a-tutto-scu-in-camerun\\\/#breadcrumb\"},\"inLanguage\":\"fr-FR\",\"potentialAction\":[{\"@type\":\"ReadAction\",\"target\":[\"https:\\\/\\\/cumse.org\\\/disposti-a-tutto-scu-in-camerun\\\/\"]}]},{\"@type\":\"ImageObject\",\"inLanguage\":\"fr-FR\",\"@id\":\"https:\\\/\\\/cumse.org\\\/disposti-a-tutto-scu-in-camerun\\\/#primaryimage\",\"url\":\"https:\\\/\\\/i0.wp.com\\\/cumse.org\\\/wp-content\\\/uploads\\\/2021\\\/01\\\/WhatsApp-Image-2021-01-22-at-22.53.40.jpeg?fit=1200%2C1600&ssl=1\",\"contentUrl\":\"https:\\\/\\\/i0.wp.com\\\/cumse.org\\\/wp-content\\\/uploads\\\/2021\\\/01\\\/WhatsApp-Image-2021-01-22-at-22.53.40.jpeg?fit=1200%2C1600&ssl=1\",\"width\":1200,\"height\":1600},{\"@type\":\"BreadcrumbList\",\"@id\":\"https:\\\/\\\/cumse.org\\\/disposti-a-tutto-scu-in-camerun\\\/#breadcrumb\",\"itemListElement\":[{\"@type\":\"ListItem\",\"position\":1,\"name\":\"Home\",\"item\":\"https:\\\/\\\/cumse.org\\\/\"},{\"@type\":\"ListItem\",\"position\":2,\"name\":\"22 gennaio &#8211; Disposti a tutto\"}]},{\"@type\":\"WebSite\",\"@id\":\"https:\\\/\\\/cumse.org\\\/#website\",\"url\":\"https:\\\/\\\/cumse.org\\\/\",\"name\":\"Fondazione Cumse ETS\",\"description\":\"Siamo dove gli altri distolgono lo sguardo\",\"potentialAction\":[{\"@type\":\"SearchAction\",\"target\":{\"@type\":\"EntryPoint\",\"urlTemplate\":\"https:\\\/\\\/cumse.org\\\/?s={search_term_string}\"},\"query-input\":{\"@type\":\"PropertyValueSpecification\",\"valueRequired\":true,\"valueName\":\"search_term_string\"}}],\"inLanguage\":\"fr-FR\"},{\"@type\":\"Person\",\"@id\":\"https:\\\/\\\/cumse.org\\\/#\\\/schema\\\/person\\\/d8802c7f9d251c013018b375be80cb06\",\"name\":\"admin\",\"image\":{\"@type\":\"ImageObject\",\"inLanguage\":\"fr-FR\",\"@id\":\"https:\\\/\\\/secure.gravatar.com\\\/avatar\\\/7fcee464d094e0b490b50408a0c7356276eedd5a17796d503ee821451b764c37?s=96&d=mm&r=g\",\"url\":\"https:\\\/\\\/secure.gravatar.com\\\/avatar\\\/7fcee464d094e0b490b50408a0c7356276eedd5a17796d503ee821451b764c37?s=96&d=mm&r=g\",\"contentUrl\":\"https:\\\/\\\/secure.gravatar.com\\\/avatar\\\/7fcee464d094e0b490b50408a0c7356276eedd5a17796d503ee821451b764c37?s=96&d=mm&r=g\",\"caption\":\"admin\"}}]}<\/script>\n<!-- \/ Yoast SEO plugin. -->","yoast_head_json":{"title":"22 gennaio - Disposti a tutto - Fondazione Cumse ETS","description":"SCU - Valeryo Falcone, civilista di Fondazione Cumse, racconta la sua esperienza in modo leggero e divertente. SEGUITE LA SUA STORIA!","robots":{"index":"index","follow":"follow","max-snippet":"max-snippet:-1","max-image-preview":"max-image-preview:large","max-video-preview":"max-video-preview:-1"},"canonical":"https:\/\/cumse.org\/fr\/disposti-a-tutto-scu-in-camerun\/","og_locale":"fr_FR","og_type":"article","og_title":"22 gennaio - Disposti a tutto - Fondazione Cumse ETS","og_description":"SCU - Valeryo Falcone, civilista di Fondazione Cumse, racconta la sua esperienza in modo leggero e divertente. SEGUITE LA SUA STORIA!","og_url":"https:\/\/cumse.org\/fr\/disposti-a-tutto-scu-in-camerun\/","og_site_name":"Fondazione Cumse ETS","article_published_time":"2021-01-22T21:04:40+00:00","article_modified_time":"2021-03-17T14:18:22+00:00","og_image":[{"width":1200,"height":1600,"url":"https:\/\/cumse.org\/wp-content\/uploads\/2021\/01\/WhatsApp-Image-2021-01-22-at-22.53.40.jpeg","type":"image\/jpeg"}],"author":"admin","twitter_card":"summary_large_image","twitter_misc":{"\u00c9crit par":"admin","Dur\u00e9e de lecture estim\u00e9e":"9 minutes"},"schema":{"@context":"https:\/\/schema.org","@graph":[{"@type":"Article","@id":"https:\/\/cumse.org\/disposti-a-tutto-scu-in-camerun\/#article","isPartOf":{"@id":"https:\/\/cumse.org\/disposti-a-tutto-scu-in-camerun\/"},"author":{"name":"admin","@id":"https:\/\/cumse.org\/#\/schema\/person\/d8802c7f9d251c013018b375be80cb06"},"headline":"22 gennaio &#8211; Disposti a tutto","datePublished":"2021-01-22T21:04:40+00:00","dateModified":"2021-03-17T14:18:22+00:00","mainEntityOfPage":{"@id":"https:\/\/cumse.org\/disposti-a-tutto-scu-in-camerun\/"},"wordCount":1935,"image":{"@id":"https:\/\/cumse.org\/disposti-a-tutto-scu-in-camerun\/#primaryimage"},"thumbnailUrl":"https:\/\/i0.wp.com\/cumse.org\/wp-content\/uploads\/2021\/01\/WhatsApp-Image-2021-01-22-at-22.53.40.jpeg?fit=1200%2C1600&ssl=1","keywords":["Camerun","Fondazione Cumse","SCU","Servizio Civile Universale"],"articleSection":["TrAvaler"],"inLanguage":"fr-FR"},{"@type":"WebPage","@id":"https:\/\/cumse.org\/disposti-a-tutto-scu-in-camerun\/","url":"https:\/\/cumse.org\/disposti-a-tutto-scu-in-camerun\/","name":"22 gennaio - Disposti a tutto - Fondazione Cumse ETS","isPartOf":{"@id":"https:\/\/cumse.org\/#website"},"primaryImageOfPage":{"@id":"https:\/\/cumse.org\/disposti-a-tutto-scu-in-camerun\/#primaryimage"},"image":{"@id":"https:\/\/cumse.org\/disposti-a-tutto-scu-in-camerun\/#primaryimage"},"thumbnailUrl":"https:\/\/i0.wp.com\/cumse.org\/wp-content\/uploads\/2021\/01\/WhatsApp-Image-2021-01-22-at-22.53.40.jpeg?fit=1200%2C1600&ssl=1","datePublished":"2021-01-22T21:04:40+00:00","dateModified":"2021-03-17T14:18:22+00:00","author":{"@id":"https:\/\/cumse.org\/#\/schema\/person\/d8802c7f9d251c013018b375be80cb06"},"description":"SCU - Valeryo Falcone, civilista di Fondazione Cumse, racconta la sua esperienza in modo leggero e divertente. SEGUITE LA SUA STORIA!","breadcrumb":{"@id":"https:\/\/cumse.org\/disposti-a-tutto-scu-in-camerun\/#breadcrumb"},"inLanguage":"fr-FR","potentialAction":[{"@type":"ReadAction","target":["https:\/\/cumse.org\/disposti-a-tutto-scu-in-camerun\/"]}]},{"@type":"ImageObject","inLanguage":"fr-FR","@id":"https:\/\/cumse.org\/disposti-a-tutto-scu-in-camerun\/#primaryimage","url":"https:\/\/i0.wp.com\/cumse.org\/wp-content\/uploads\/2021\/01\/WhatsApp-Image-2021-01-22-at-22.53.40.jpeg?fit=1200%2C1600&ssl=1","contentUrl":"https:\/\/i0.wp.com\/cumse.org\/wp-content\/uploads\/2021\/01\/WhatsApp-Image-2021-01-22-at-22.53.40.jpeg?fit=1200%2C1600&ssl=1","width":1200,"height":1600},{"@type":"BreadcrumbList","@id":"https:\/\/cumse.org\/disposti-a-tutto-scu-in-camerun\/#breadcrumb","itemListElement":[{"@type":"ListItem","position":1,"name":"Home","item":"https:\/\/cumse.org\/"},{"@type":"ListItem","position":2,"name":"22 gennaio &#8211; Disposti a tutto"}]},{"@type":"WebSite","@id":"https:\/\/cumse.org\/#website","url":"https:\/\/cumse.org\/","name":"Fondazione Cumse ETS","description":"Siamo dove gli altri distolgono lo sguardo","potentialAction":[{"@type":"SearchAction","target":{"@type":"EntryPoint","urlTemplate":"https:\/\/cumse.org\/?s={search_term_string}"},"query-input":{"@type":"PropertyValueSpecification","valueRequired":true,"valueName":"search_term_string"}}],"inLanguage":"fr-FR"},{"@type":"Person","@id":"https:\/\/cumse.org\/#\/schema\/person\/d8802c7f9d251c013018b375be80cb06","name":"admin","image":{"@type":"ImageObject","inLanguage":"fr-FR","@id":"https:\/\/secure.gravatar.com\/avatar\/7fcee464d094e0b490b50408a0c7356276eedd5a17796d503ee821451b764c37?s=96&d=mm&r=g","url":"https:\/\/secure.gravatar.com\/avatar\/7fcee464d094e0b490b50408a0c7356276eedd5a17796d503ee821451b764c37?s=96&d=mm&r=g","contentUrl":"https:\/\/secure.gravatar.com\/avatar\/7fcee464d094e0b490b50408a0c7356276eedd5a17796d503ee821451b764c37?s=96&d=mm&r=g","caption":"admin"}}]}},"jetpack_featured_media_url":"https:\/\/i0.wp.com\/cumse.org\/wp-content\/uploads\/2021\/01\/WhatsApp-Image-2021-01-22-at-22.53.40.jpeg?fit=1200%2C1600&ssl=1","jetpack_sharing_enabled":true,"_links":{"self":[{"href":"https:\/\/cumse.org\/fr\/wp-json\/wp\/v2\/posts\/3849","targetHints":{"allow":["GET"]}}],"collection":[{"href":"https:\/\/cumse.org\/fr\/wp-json\/wp\/v2\/posts"}],"about":[{"href":"https:\/\/cumse.org\/fr\/wp-json\/wp\/v2\/types\/post"}],"author":[{"embeddable":true,"href":"https:\/\/cumse.org\/fr\/wp-json\/wp\/v2\/users\/1"}],"replies":[{"embeddable":true,"href":"https:\/\/cumse.org\/fr\/wp-json\/wp\/v2\/comments?post=3849"}],"version-history":[{"count":0,"href":"https:\/\/cumse.org\/fr\/wp-json\/wp\/v2\/posts\/3849\/revisions"}],"wp:featuredmedia":[{"embeddable":true,"href":"https:\/\/cumse.org\/fr\/wp-json\/wp\/v2\/media\/4544"}],"wp:attachment":[{"href":"https:\/\/cumse.org\/fr\/wp-json\/wp\/v2\/media?parent=3849"}],"wp:term":[{"taxonomy":"category","embeddable":true,"href":"https:\/\/cumse.org\/fr\/wp-json\/wp\/v2\/categories?post=3849"},{"taxonomy":"post_tag","embeddable":true,"href":"https:\/\/cumse.org\/fr\/wp-json\/wp\/v2\/tags?post=3849"}],"curies":[{"name":"wp","href":"https:\/\/api.w.org\/{rel}","templated":true}]}}