{"id":3795,"date":"2021-01-21T15:09:17","date_gmt":"2021-01-21T14:09:17","guid":{"rendered":"https:\/\/cumse.org\/?p=3795"},"modified":"2021-03-15T18:03:38","modified_gmt":"2021-03-15T17:03:38","slug":"il-tempo-vola-quando-ci-si-diverte-scu-in-camerun","status":"publish","type":"post","link":"https:\/\/cumse.org\/fr\/il-tempo-vola-quando-ci-si-diverte-scu-in-camerun\/","title":{"rendered":"21 gennaio &#8211; Il tempo vola quando ci si diverte&#8230;"},"content":{"rendered":"<p>L&#8217;antifona dovrebbe essere ormai chiara un po&#8217; a tutti e, spero prima o poi, lo diventi anche per me: qui nessuno \u00e8 puntuale, MAI!<\/p>\n<p>Inutile dunque svegliarsi alle 7.30,<strong> Etienne<\/strong> si palesa alle 8.40. Oggi dobbiamo finire i letti, quelle ragazze dormiranno come si conviene, l&#8217;antico vaso va portato in salvo! Come no! L&#8217;idea di concludere non sfiora minimamente il mio fidato capomastro. Lungi da lui farsi travolgere dall&#8217;ansia. Tranquillo, per quello ci son gi\u00e0 io, stai sereno.<br \/>\nChe potenza signori miei, se solo potessi apprendere questa via del samurai tutta africana, nel mondo dei bianchi sarei fortissimo.<br \/>\nPer ora resto in quello dei neri, manco fosse una partita a dama.<br \/>\nAppena scopri il fianco vieni mangiato.\u00a0E&#8217; cos\u00ec.<\/p>\n<p>Iniziamo a prendere le misure per avvitare i piedi del letto alle spalliere. Fila tutto abbastanza liscio, anche i pezzi per il secondo giaciglio sono pronti.<br \/>\nTuttavia Etienne vuole aspettare prima di montarlo. Nutre alcuni dubbi, ma questo io lo capir\u00f2 solo pi\u00f9 tardi! Prepariamo quindi tutto il materiale e lo riponiamo in un angolino, a tempo debito lo assembleremo. Fase 3, mancano gli ultimi piedini da avvitare. Apriti cielo. Non abbiamo il trapano elettrico, il legno della testiera riesumata dalle ceneri del magazzino \u00e8 massello ai bordi, durissimo da bucare. Nel mezzo invece, truciolato.<\/p>\n<p>Dopo questa descrizione non mi stupirebbe leggere sui giornali notizie come: &#8220;ultima ora, l&#8217;esercito indipendentista brianzolo ha invaso la Repubblica Popolare Cinese, col pretesto, a detta loro, di aver offeso irrimediabilmente i sacri e inviolabili principi della falegnameria!&#8221;. Mentre sono intento ad immaginare rivoluzioni e guerriglie a colpi di seghetto e martello, il mio sventurato amico \u00e8 alle prese con la sua difficile relazione con il trapano manuale. Il pomello superiore gli si \u00e8 staccato in mano.<\/p>\n<p>Gi\u00f9 a perdere mezz&#8217;ora per riparare un oggetto che, di per s\u00e8, \u00e8 rotto e funziona poco niente. Poi perdiamo la bic. Altra mezz&#8217;ora passata come dei bigoli a guardar per terra tra la segatura per recuperare il prezioso oggetto, unico mezzo per tracciare le misure. Rimessi insieme i pezzi del puzzle torniamo a pi\u00e8 pari al problema originario: come risolvere<br \/>\nla questione del legno imperforabile? Ripenso ancora alla Brianza e a tutte le sue ragazze, molto simili, per certi versi, alla testiera inattaccabile.<br \/>\nOvviamo l&#8217;ostacolo inchiodando ai lati dell&#8217;oggetto due piccoli tocchetti di legno a misura su cui avvitare le traverse in modo molto pi\u00f9 semplice.<\/p>\n<p>Non faccio in tempo a compiacermi delle buone idee di mastro Etienne che, senza volerlo, vengo a conoscenza di un altro adagio molto utile per comprendere il mondo camerunense: &#8220;da un problema risolto nasce sempre un altro problema da risolvere&#8221;. Mi spiego. L&#8217;idea del maestro \u00e8 molto buona, per\u00f2 attaccando i due tocchi ai bordi diminuisce<br \/>\nlo spazio per avvitare le traverse. I bulloni ingombrano proprio il luogo in cui, inizialmente, avevamo pensato di avvitarle.<\/p>\n<p><em>&#8220;Bisogna usare delle cerniere diverse!<\/em> &#8211; mi spiega Etienne &#8211; ce le ho ma sono in ferro e vanno forate in quattro punti. <em>&#8220;Prendi il metro e seguimi&#8221;<\/em>. Il metro non mi \u00e8 servito assolutamente a nulla.<\/p>\n<p><img data-recalc-dims=\"1\" loading=\"lazy\" decoding=\"async\" class=\"wp-image-4540 alignleft\" src=\"https:\/\/i0.wp.com\/cumse.org\/wp-content\/uploads\/2021\/01\/WhatsApp-Image-2021-01-22-at-22.53.31.jpeg?resize=318%2C424&#038;ssl=1\" alt=\"\" width=\"318\" height=\"424\" srcset=\"https:\/\/i0.wp.com\/cumse.org\/wp-content\/uploads\/2021\/01\/WhatsApp-Image-2021-01-22-at-22.53.31.jpeg?w=1200&amp;ssl=1 1200w, https:\/\/i0.wp.com\/cumse.org\/wp-content\/uploads\/2021\/01\/WhatsApp-Image-2021-01-22-at-22.53.31.jpeg?resize=800%2C1067&amp;ssl=1 800w, https:\/\/i0.wp.com\/cumse.org\/wp-content\/uploads\/2021\/01\/WhatsApp-Image-2021-01-22-at-22.53.31.jpeg?resize=225%2C300&amp;ssl=1 225w, https:\/\/i0.wp.com\/cumse.org\/wp-content\/uploads\/2021\/01\/WhatsApp-Image-2021-01-22-at-22.53.31.jpeg?resize=768%2C1024&amp;ssl=1 768w, https:\/\/i0.wp.com\/cumse.org\/wp-content\/uploads\/2021\/01\/WhatsApp-Image-2021-01-22-at-22.53.31.jpeg?resize=1152%2C1536&amp;ssl=1 1152w\" sizes=\"auto, (max-width: 318px) 100vw, 318px\" \/><\/p>\n<p><span style=\"font-size: 1rem;\">Credo volesse in qualche modo rendermi partecipe e regalarmi l&#8217;illusione di pensare di essere davvero a lavoro. Non resto che un mero esecutore dei compiti affidatimi, che amarezza! Il fabbro lavora a pochi passi dal centro e nello stesso edificio, precisamente nella stanza accanto, c&#8217;\u00e8 un piccolo alimentari\/bar. Non chiedetemi come le<\/span><br \/>\ndue cose possano coincidere. E&#8217; un alimentari ma se vuoi una birra ti allungano una sedia e te la stappano. Come se potessimo fare aperitivo nel reparto surgelati della Coop. Una versione diciamo mille volte pi\u00f9 semplice dato che il locale non \u00e8 altro che una stanzetta con 2 scaffali mezzi vuoti e un tavolino. Etienne commissiona al fabbro il mestiere. Combinazione vuole che anche Marcelin sia l\u00ec a lavorare sull&#8217;istallazione di un impianto elettrico. Sta facendo le cose a regola d&#8217;arte e non intendo disturbarlo. Mi giro e becco mastro Etienne, o per meglio dire mastro Ciliegia, seduto con un bel birroccio fresco in mano. Sono le 10 del mattino. Non c&#8217;\u00e8 altro<br \/>\nche pu\u00f2 fare se non attendere che il fabbro risolva il nostro problema, dunque gli pare un&#8217;ottima idea farsi un goccio.<\/p>\n<hr \/>\n<p><img data-recalc-dims=\"1\" loading=\"lazy\" decoding=\"async\" class=\"wp-image-4541 alignleft\" style=\"margin-top: 0.857143rem; margin-right: 1.71429rem; margin-bottom: 0.857143rem;\" src=\"https:\/\/i0.wp.com\/cumse.org\/wp-content\/uploads\/2021\/01\/WhatsApp-Image-2021-01-22-at-22.53.35.jpeg?resize=464%2C348&#038;ssl=1\" alt=\"\" width=\"464\" height=\"348\" srcset=\"https:\/\/i0.wp.com\/cumse.org\/wp-content\/uploads\/2021\/01\/WhatsApp-Image-2021-01-22-at-22.53.35.jpeg?w=1600&amp;ssl=1 1600w, https:\/\/i0.wp.com\/cumse.org\/wp-content\/uploads\/2021\/01\/WhatsApp-Image-2021-01-22-at-22.53.35.jpeg?resize=1200%2C900&amp;ssl=1 1200w, https:\/\/i0.wp.com\/cumse.org\/wp-content\/uploads\/2021\/01\/WhatsApp-Image-2021-01-22-at-22.53.35.jpeg?resize=300%2C225&amp;ssl=1 300w, https:\/\/i0.wp.com\/cumse.org\/wp-content\/uploads\/2021\/01\/WhatsApp-Image-2021-01-22-at-22.53.35.jpeg?resize=1024%2C768&amp;ssl=1 1024w, https:\/\/i0.wp.com\/cumse.org\/wp-content\/uploads\/2021\/01\/WhatsApp-Image-2021-01-22-at-22.53.35.jpeg?resize=768%2C576&amp;ssl=1 768w, https:\/\/i0.wp.com\/cumse.org\/wp-content\/uploads\/2021\/01\/WhatsApp-Image-2021-01-22-at-22.53.35.jpeg?resize=1536%2C1152&amp;ssl=1 1536w, https:\/\/i0.wp.com\/cumse.org\/wp-content\/uploads\/2021\/01\/WhatsApp-Image-2021-01-22-at-22.53.35.jpeg?w=1280&amp;ssl=1 1280w\" sizes=\"auto, (max-width: 464px) 100vw, 464px\" \/><\/p>\n<p>Mi chiede se voglio favorire. Ho dimenticato la mia borraccia sfigata con l&#8217;acqua minerale ma non \u00e8 una buona scusa per mettermi a trincare alle 10. Non per fare il moralista eh, non fraintendete. E&#8217; la mancanza<br \/>\ndi coraggio che parla al posto mio. Quello che differenzia me dal mio attuale capo \u00e8 semplice: lui dopo una birra con chiodi e martello in mano lavora meglio, io invece, mi uccido per sbaglio. Ringrazio e passo la mano. Anche Gede\u00f2 \u00e8 di strada, ci vede e si infila a bersene una.Marcelin vorrebbe poi aggregarsi ma deve lavorare e rinuncia di malavoglia. Sembra proprio che nessuno a parte lui abbia da fare.<br \/>\nNon capisco maaa non stavamo montando i letti? Mica l&#8217;idea che le ragazze dormissero in terra ci distruggeva e volevamo a tutti i costi finire quanto prima? Tante, tantissime belle parole, perdute dentro al collo di una bottiglia.<\/p>\n<p>Un po&#8217; come quando a 16 anni promettevo a mia madre di studiare: &#8220;appena finiscono i Simpson vado!&#8221; ma poi partiva &#8220;Dawson Creek&#8221; e il programma andava serenamente a farsi benedire insieme a tutti i miei buoni propositi. Non posso certo biasimare il mio esimio collega. E&#8217; l&#8217;Africa, c&#8217;\u00e8 da aspettare.<\/p>\n<p>La buona notizia \u00e8 che la ragazza alla cassa \u00e8 la mamma di quella piccina che avevo visto ballare in chiesa. Ve la ricordate? L&#8217;ho descritta come &#8220;un cuoricino su gambe&#8221; o qualcosa di simile. Sta di fatto che ha 1 anno e 1 mese, si chiama <strong>Arthemise<\/strong> e, a differenza dell&#8217;omonima pianta, oltre che alla salute la sua vista fa bene al cuore.<\/p>\n<p>Neppure questa idilliaca manifestazione di innocenza mi distrae dall&#8217;obbiettivo, devo finire i letti. Tempo perso al baretto aspettando le cerniere: 1 ora.<br \/>\nRitorniamo al magazzino pi\u00f9 forti che mai, Etienne ha la giusta carica dopo una birra fresca e niente, nasce un altro problema. Non abbiamo abbastanza viti!<br \/>\nO meglio le abbiamo ma sono tutte troppo corte. Il capo mi propone soluzioni alternative. Io le rifiuto tutte perch\u00e8 sono una peggio dell&#8217;altra.<\/p>\n<p>A mio avviso si deve andare al mercato per procurarsi ci\u00f2 che \u00e8 necessario. Voglio fare un lavoro fatto bene. Almeno vorrei! ILLUSO! Anzi: SCEMO! Etienne dice che non \u00e8 possibile, oltre alle viti (che sarebbero poche) dovremmo pagare i mezzi per andare al mercato e non avremmo il materiale prima di domani. Noi si deve finire oggi e non abbiamo soldi.<br \/>\nCos\u00ec incomincia a scalpellare con martello e cacciavite scavando un piccolo buco nel legno, andando sempre pi\u00f9 in profondit\u00e0 di modo da accorciare quanto pi\u00f9 possibile lo spessore tra la testiera del letto e il lato opposto del piede di legno. Un lavoro di una sofferenza atroce.<\/p>\n<p>Un ora almeno per scavare due buchi. E vi dir\u00f2 di pi\u00f9, non solo vederlo lavorare cos\u00ec, sotto il sole di mezzogiorno, mi causa sofferenza, \u00e8 pure una mossa sfortunatissima perch\u00e8 il legno si crepa e si rovina con l&#8217;incedere violento e costante del cacciavite. Uno scempio. Dopo due ore abbiamo i fori che ci servono! L&#8217;aspetto delle povere assi di legno<br \/>\n\u00e8 orribile. Sembrano gi\u00e0 vecchie di dieci anni. Tempo di vita attuale: 3 giorni. Bene, ma non benissimo.<\/p>\n<p>Fosse dipeso da me sarei andato al mercato, 30 minuti a piedi per spendere 2 euro e fare le cose bene. Ma ATTENZIONE! Non finisce mica come nelle favolette della Disney eh no, no, no, finisce da schifo.<\/p>\n<p>Finisce che pur attaccando i piedi, le modifiche apportate all&#8217;inizio (la famosa buona idea per ovviare il problema della mancanza del trapano) richiedono altre 8 viti lunghe che Etienne mai avrebbe potuto prevedere nel budget iniziale dei lavori. <em>&#8220;Amico mio<\/em> &#8211; attacca l&#8217;artigiano &#8211; <em>siamo caduti in un&#8217;altra grossa difficolt\u00e0, questo \u00e8 un imprevisto che non avevamo considerato, <\/em><em>se avessimo contato bene all&#8217;inizio non avremmo lavorato per niente! Peccato, dobbiamo comunque andare al mercato!&#8221;<\/em>. COOOSAAA?<\/p>\n<p>Cio\u00e8 dopo che ti ho detto mille volte di non metterti a spezzare tutto col cacciavite, mi dici che &#8220;se avessimo contato bene non avremmo lavorato per niente!&#8221;. Questo ho pensato nella mente.<br \/>\nL&#8217;ho pensato gridando a squarciagola. Sono quasi le 15, non mangio dalle 7.20, come ogni neonato io mi nutro circa ogni quattro ore, il sole mena che manco Rocky Balboa e il mio compare, dopo essersi fatto un birroccio al baretto, ha aspettato le 15 per dirmi che NADA, anche oggi i letti li montiamo domani.<\/p>\n<p>Mi appare il maestro Yoda, probabilmente un&#8217;insolazione, per ricordarmi di far scorrere la forza potente in me. Da aspirante Jedi gli do retta, sospiro, lo guardo e dico: <em>&#8220;no, dai, alla fine con i fori che hai fatto siamo riusciti comunque a finire le spalliere del terzo letto, non \u00e8 vero che abbiamo lavorato per niente, <\/em><em>domani finiamo, ce l&#8217;abbiamo messa tutta, \u00e8 abbastanza per oggi!&#8221;<\/em>.<\/p>\n<p>Con mia somma sorpresa l&#8217;immagine del maestro Yoda si fa gigante ai miei soli occhi e comincia a gridare: IPOCRITA! IPOCRITA! IPOCRITA! Maestro ma? Eh la storia della forza? Porgi l&#8217;atra guancia (ops, sto facendo confusione)? Yoda mi fa il medio e scompare all&#8217;orizzonte nella savana.<br \/>\nC&#8217;\u00e8 di buono che tra i due, quello che si \u00e8 fatto il mazzo a scalpellare \u00e8 stato Etienne, io ho assistito nel ruolo di aiutante e motivatore. Altrimenti si che avrei perso le staffe. Ci credono tutti vero? Va beh.<\/p>\n<p>Sono le 15.30 e voglio solo divorare i viveri che <strong>Godyene<\/strong> mi ha preparato. Riso bianco, il mio preferito, fagioli rossi, carote, porri, zucchine saltate con soffrittino di cipolla. Ah ragazzi sono vivo! Ora posso finalmente ripos&#8230; ma aspetta oggi che giorno \u00e8? Gioved\u00ec?<\/p>\n<p>Fide, c&#8217;ho la lezione con Jojo tra&#8230; 30 minuti. Non si molla. Il maestro (quello vero) arriva e mi chiede come sto. Rispondo argomentando di sentirmi un po&#8217; stanchino, mi guarda con una leggera espressione di ironia come a dire: &#8220;Ed \u00e8 solo il primo giorno! Cosa dovrei dire io che dopo 10 ore di elementari devo dare ripetizioni ad un bimbo di 28 anni?&#8221;.<\/p>\n<p>Mi sento in colpa per essermi lamentato e gli offro tre tipi di succo diversi. Fortunatamente ne accetta un bicchiere. Se avesse rifiutato mi sarei sentito in colpa per aver involontariamente ostentato l&#8217;opulenza della mia dispensa. Insomma ne canno una dopo l&#8217;altra. Avanti cos\u00ec CAMPIONE!<\/p>\n<p>Rievoco le ultime dosi di glucosio presenti nel mio corpo e in gruppo le spedisco ai miei neuroni, il minimo che possa fare \u00e8 tentare di dare soddisfazione a Joseph mostrandomi un buon alunno, rispettoso e diligente. Dopo le prime due frasi Jojo commenta: <em>&#8220;si vede che sei stanco oggi eh!&#8221;<\/em>. Lo sto perdendo, sospira desolato, gli verso un altro bicchiere di succo e comincio a sfoderare i frutti del mio studio mattutino (ho ottimizzato i tempi dato il mostruoso ritardo di Etienne).<\/p>\n<p>Ne esco decorosamente, per la soddisfazione di entrambi. Esco in veranda. Soumaya piange, non l&#8217;ho vista tutto il giorno. Le vado incontro, mi si ri rompe l&#8217;infradito, NO comment. Elizabeth la culla placidamente tra le braccia, Noa scorazza da bandito tra di noi. Saluto i piccoli e torno a casa.<\/p>\n<p>Mi siedo sul divano. Entra Godyene. L&#8217;acqua del nuovo filtro che mi hanno installato in casa non \u00e8 ancora<br \/>\npotabile. Nuovo filtro? Potabile? Cos&#8230;? non ne sapevo nulla, ma grazie, appena in tempo, per un pelo non mi versavo il bicchiere della staffa, letteralmente!<\/p>\n<p>Saluto la mia amica e mi riaccomodo in soggiorno con il sollievo di non essere morto di colera e di tifo per un banale incidente domestico. Sono un po&#8217; stanchino.<\/p>\n<p>Arriva suor Nicole per ascoltare il rapporto delle mie scorribande giornaliere.<br \/>\n&#8220;Cosa ho fatto oggi? Dunque non saprei bene, cio\u00e8 i letti non li abbiamo montati alla fine&#8230; son quasi pronti eh, per\u00f2 ancora no, mancano otto viti poi dovremmo farcela, entro domani magari&#8230; no guarda lascia stare meglio non tirarsela!&#8221;.<\/p>\n<p>Congedata la mia tutor mi accorgo che fuori \u00e8 buio pesto. Caspita, ma che ore sono? 20.33&#8230;Ah, buona notte regaz!<\/p>","protected":false},"excerpt":{"rendered":"<p>L&#8217;antifona dovrebbe essere ormai chiara un po&#8217; a tutti e, spero prima o poi, lo diventi anche per me: qui nessuno \u00e8 puntuale, MAI! Inutile dunque svegliarsi alle 7.30, Etienne si palesa alle 8.40. Oggi dobbiamo finire i letti, quelle ragazze dormiranno come si conviene, l&#8217;antico vaso va portato in salvo! Come no! L&#8217;idea di [&hellip;]<\/p>\n","protected":false},"author":1,"featured_media":4539,"comment_status":"closed","ping_status":"closed","sticky":false,"template":"","format":"standard","meta":{"_jetpack_memberships_contains_paid_content":false,"footnotes":""},"categories":[62],"tags":[68,67,65,66],"class_list":["post-3795","post","type-post","status-publish","format-standard","has-post-thumbnail","hentry","category-travaler","tag-camerun","tag-fondazione-cumse","tag-scu","tag-servizio-civile-universale"],"yoast_head":"<!-- This site is optimized with the Yoast SEO plugin v27.3 - https:\/\/yoast.com\/product\/yoast-seo-wordpress\/ -->\n<title>21 gennaio - Il tempo vola quando ci si diverte... - Fondazione Cumse ETS<\/title>\n<meta name=\"description\" content=\"SCU - Valeryo Falcone, civilista di Fondazione Cumse, racconta la sua esperienza in modo leggero e divertente. SEGUITE LA SUA STORIA!\" \/>\n<meta name=\"robots\" content=\"index, follow, max-snippet:-1, max-image-preview:large, max-video-preview:-1\" \/>\n<link rel=\"canonical\" href=\"https:\/\/cumse.org\/fr\/il-tempo-vola-quando-ci-si-diverte-scu-in-camerun\/\" \/>\n<meta property=\"og:locale\" content=\"fr_FR\" \/>\n<meta property=\"og:type\" content=\"article\" \/>\n<meta property=\"og:title\" content=\"21 gennaio - Il tempo vola quando ci si diverte... - Fondazione Cumse ETS\" \/>\n<meta property=\"og:description\" content=\"SCU - Valeryo Falcone, civilista di Fondazione Cumse, racconta la sua esperienza in modo leggero e divertente. SEGUITE LA SUA STORIA!\" \/>\n<meta property=\"og:url\" content=\"https:\/\/cumse.org\/fr\/il-tempo-vola-quando-ci-si-diverte-scu-in-camerun\/\" \/>\n<meta property=\"og:site_name\" content=\"Fondazione Cumse ETS\" \/>\n<meta property=\"article:published_time\" content=\"2021-01-21T14:09:17+00:00\" \/>\n<meta property=\"article:modified_time\" content=\"2021-03-15T17:03:38+00:00\" \/>\n<meta property=\"og:image\" content=\"https:\/\/cumse.org\/wp-content\/uploads\/2021\/01\/WhatsApp-Image-2021-01-22-at-22.53.36.jpeg\" \/>\n\t<meta property=\"og:image:width\" content=\"1600\" \/>\n\t<meta property=\"og:image:height\" content=\"1200\" \/>\n\t<meta property=\"og:image:type\" content=\"image\/jpeg\" \/>\n<meta name=\"author\" content=\"admin\" \/>\n<meta name=\"twitter:card\" content=\"summary_large_image\" \/>\n<meta name=\"twitter:label1\" content=\"\u00c9crit par\" \/>\n\t<meta name=\"twitter:data1\" content=\"admin\" \/>\n\t<meta name=\"twitter:label2\" content=\"Dur\u00e9e de lecture estim\u00e9e\" \/>\n\t<meta name=\"twitter:data2\" content=\"10 minutes\" \/>\n<script type=\"application\/ld+json\" class=\"yoast-schema-graph\">{\"@context\":\"https:\\\/\\\/schema.org\",\"@graph\":[{\"@type\":\"Article\",\"@id\":\"https:\\\/\\\/cumse.org\\\/il-tempo-vola-quando-ci-si-diverte-scu-in-camerun\\\/#article\",\"isPartOf\":{\"@id\":\"https:\\\/\\\/cumse.org\\\/il-tempo-vola-quando-ci-si-diverte-scu-in-camerun\\\/\"},\"author\":{\"name\":\"admin\",\"@id\":\"https:\\\/\\\/cumse.org\\\/#\\\/schema\\\/person\\\/d8802c7f9d251c013018b375be80cb06\"},\"headline\":\"21 gennaio &#8211; Il tempo vola quando ci si diverte&#8230;\",\"datePublished\":\"2021-01-21T14:09:17+00:00\",\"dateModified\":\"2021-03-15T17:03:38+00:00\",\"mainEntityOfPage\":{\"@id\":\"https:\\\/\\\/cumse.org\\\/il-tempo-vola-quando-ci-si-diverte-scu-in-camerun\\\/\"},\"wordCount\":1971,\"image\":{\"@id\":\"https:\\\/\\\/cumse.org\\\/il-tempo-vola-quando-ci-si-diverte-scu-in-camerun\\\/#primaryimage\"},\"thumbnailUrl\":\"https:\\\/\\\/i0.wp.com\\\/cumse.org\\\/wp-content\\\/uploads\\\/2021\\\/01\\\/WhatsApp-Image-2021-01-22-at-22.53.36.jpeg?fit=1600%2C1200&ssl=1\",\"keywords\":[\"Camerun\",\"Fondazione Cumse\",\"SCU\",\"Servizio Civile Universale\"],\"articleSection\":[\"TrAvaler\"],\"inLanguage\":\"fr-FR\"},{\"@type\":\"WebPage\",\"@id\":\"https:\\\/\\\/cumse.org\\\/il-tempo-vola-quando-ci-si-diverte-scu-in-camerun\\\/\",\"url\":\"https:\\\/\\\/cumse.org\\\/il-tempo-vola-quando-ci-si-diverte-scu-in-camerun\\\/\",\"name\":\"21 gennaio - Il tempo vola quando ci si diverte... - Fondazione Cumse ETS\",\"isPartOf\":{\"@id\":\"https:\\\/\\\/cumse.org\\\/#website\"},\"primaryImageOfPage\":{\"@id\":\"https:\\\/\\\/cumse.org\\\/il-tempo-vola-quando-ci-si-diverte-scu-in-camerun\\\/#primaryimage\"},\"image\":{\"@id\":\"https:\\\/\\\/cumse.org\\\/il-tempo-vola-quando-ci-si-diverte-scu-in-camerun\\\/#primaryimage\"},\"thumbnailUrl\":\"https:\\\/\\\/i0.wp.com\\\/cumse.org\\\/wp-content\\\/uploads\\\/2021\\\/01\\\/WhatsApp-Image-2021-01-22-at-22.53.36.jpeg?fit=1600%2C1200&ssl=1\",\"datePublished\":\"2021-01-21T14:09:17+00:00\",\"dateModified\":\"2021-03-15T17:03:38+00:00\",\"author\":{\"@id\":\"https:\\\/\\\/cumse.org\\\/#\\\/schema\\\/person\\\/d8802c7f9d251c013018b375be80cb06\"},\"description\":\"SCU - Valeryo Falcone, civilista di Fondazione Cumse, racconta la sua esperienza in modo leggero e divertente. SEGUITE LA SUA STORIA!\",\"breadcrumb\":{\"@id\":\"https:\\\/\\\/cumse.org\\\/il-tempo-vola-quando-ci-si-diverte-scu-in-camerun\\\/#breadcrumb\"},\"inLanguage\":\"fr-FR\",\"potentialAction\":[{\"@type\":\"ReadAction\",\"target\":[\"https:\\\/\\\/cumse.org\\\/il-tempo-vola-quando-ci-si-diverte-scu-in-camerun\\\/\"]}]},{\"@type\":\"ImageObject\",\"inLanguage\":\"fr-FR\",\"@id\":\"https:\\\/\\\/cumse.org\\\/il-tempo-vola-quando-ci-si-diverte-scu-in-camerun\\\/#primaryimage\",\"url\":\"https:\\\/\\\/i0.wp.com\\\/cumse.org\\\/wp-content\\\/uploads\\\/2021\\\/01\\\/WhatsApp-Image-2021-01-22-at-22.53.36.jpeg?fit=1600%2C1200&ssl=1\",\"contentUrl\":\"https:\\\/\\\/i0.wp.com\\\/cumse.org\\\/wp-content\\\/uploads\\\/2021\\\/01\\\/WhatsApp-Image-2021-01-22-at-22.53.36.jpeg?fit=1600%2C1200&ssl=1\",\"width\":1600,\"height\":1200},{\"@type\":\"BreadcrumbList\",\"@id\":\"https:\\\/\\\/cumse.org\\\/il-tempo-vola-quando-ci-si-diverte-scu-in-camerun\\\/#breadcrumb\",\"itemListElement\":[{\"@type\":\"ListItem\",\"position\":1,\"name\":\"Home\",\"item\":\"https:\\\/\\\/cumse.org\\\/\"},{\"@type\":\"ListItem\",\"position\":2,\"name\":\"21 gennaio &#8211; Il tempo vola quando ci si diverte&#8230;\"}]},{\"@type\":\"WebSite\",\"@id\":\"https:\\\/\\\/cumse.org\\\/#website\",\"url\":\"https:\\\/\\\/cumse.org\\\/\",\"name\":\"Fondazione Cumse ETS\",\"description\":\"Siamo dove gli altri distolgono lo sguardo\",\"potentialAction\":[{\"@type\":\"SearchAction\",\"target\":{\"@type\":\"EntryPoint\",\"urlTemplate\":\"https:\\\/\\\/cumse.org\\\/?s={search_term_string}\"},\"query-input\":{\"@type\":\"PropertyValueSpecification\",\"valueRequired\":true,\"valueName\":\"search_term_string\"}}],\"inLanguage\":\"fr-FR\"},{\"@type\":\"Person\",\"@id\":\"https:\\\/\\\/cumse.org\\\/#\\\/schema\\\/person\\\/d8802c7f9d251c013018b375be80cb06\",\"name\":\"admin\",\"image\":{\"@type\":\"ImageObject\",\"inLanguage\":\"fr-FR\",\"@id\":\"https:\\\/\\\/secure.gravatar.com\\\/avatar\\\/7fcee464d094e0b490b50408a0c7356276eedd5a17796d503ee821451b764c37?s=96&d=mm&r=g\",\"url\":\"https:\\\/\\\/secure.gravatar.com\\\/avatar\\\/7fcee464d094e0b490b50408a0c7356276eedd5a17796d503ee821451b764c37?s=96&d=mm&r=g\",\"contentUrl\":\"https:\\\/\\\/secure.gravatar.com\\\/avatar\\\/7fcee464d094e0b490b50408a0c7356276eedd5a17796d503ee821451b764c37?s=96&d=mm&r=g\",\"caption\":\"admin\"}}]}<\/script>\n<!-- \/ Yoast SEO plugin. -->","yoast_head_json":{"title":"21 gennaio - Il tempo vola quando ci si diverte... - Fondazione Cumse ETS","description":"SCU - Valeryo Falcone, civilista di Fondazione Cumse, racconta la sua esperienza in modo leggero e divertente. SEGUITE LA SUA STORIA!","robots":{"index":"index","follow":"follow","max-snippet":"max-snippet:-1","max-image-preview":"max-image-preview:large","max-video-preview":"max-video-preview:-1"},"canonical":"https:\/\/cumse.org\/fr\/il-tempo-vola-quando-ci-si-diverte-scu-in-camerun\/","og_locale":"fr_FR","og_type":"article","og_title":"21 gennaio - Il tempo vola quando ci si diverte... - Fondazione Cumse ETS","og_description":"SCU - Valeryo Falcone, civilista di Fondazione Cumse, racconta la sua esperienza in modo leggero e divertente. SEGUITE LA SUA STORIA!","og_url":"https:\/\/cumse.org\/fr\/il-tempo-vola-quando-ci-si-diverte-scu-in-camerun\/","og_site_name":"Fondazione Cumse ETS","article_published_time":"2021-01-21T14:09:17+00:00","article_modified_time":"2021-03-15T17:03:38+00:00","og_image":[{"width":1600,"height":1200,"url":"https:\/\/cumse.org\/wp-content\/uploads\/2021\/01\/WhatsApp-Image-2021-01-22-at-22.53.36.jpeg","type":"image\/jpeg"}],"author":"admin","twitter_card":"summary_large_image","twitter_misc":{"\u00c9crit par":"admin","Dur\u00e9e de lecture estim\u00e9e":"10 minutes"},"schema":{"@context":"https:\/\/schema.org","@graph":[{"@type":"Article","@id":"https:\/\/cumse.org\/il-tempo-vola-quando-ci-si-diverte-scu-in-camerun\/#article","isPartOf":{"@id":"https:\/\/cumse.org\/il-tempo-vola-quando-ci-si-diverte-scu-in-camerun\/"},"author":{"name":"admin","@id":"https:\/\/cumse.org\/#\/schema\/person\/d8802c7f9d251c013018b375be80cb06"},"headline":"21 gennaio &#8211; Il tempo vola quando ci si diverte&#8230;","datePublished":"2021-01-21T14:09:17+00:00","dateModified":"2021-03-15T17:03:38+00:00","mainEntityOfPage":{"@id":"https:\/\/cumse.org\/il-tempo-vola-quando-ci-si-diverte-scu-in-camerun\/"},"wordCount":1971,"image":{"@id":"https:\/\/cumse.org\/il-tempo-vola-quando-ci-si-diverte-scu-in-camerun\/#primaryimage"},"thumbnailUrl":"https:\/\/i0.wp.com\/cumse.org\/wp-content\/uploads\/2021\/01\/WhatsApp-Image-2021-01-22-at-22.53.36.jpeg?fit=1600%2C1200&ssl=1","keywords":["Camerun","Fondazione Cumse","SCU","Servizio Civile Universale"],"articleSection":["TrAvaler"],"inLanguage":"fr-FR"},{"@type":"WebPage","@id":"https:\/\/cumse.org\/il-tempo-vola-quando-ci-si-diverte-scu-in-camerun\/","url":"https:\/\/cumse.org\/il-tempo-vola-quando-ci-si-diverte-scu-in-camerun\/","name":"21 gennaio - Il tempo vola quando ci si diverte... - Fondazione Cumse ETS","isPartOf":{"@id":"https:\/\/cumse.org\/#website"},"primaryImageOfPage":{"@id":"https:\/\/cumse.org\/il-tempo-vola-quando-ci-si-diverte-scu-in-camerun\/#primaryimage"},"image":{"@id":"https:\/\/cumse.org\/il-tempo-vola-quando-ci-si-diverte-scu-in-camerun\/#primaryimage"},"thumbnailUrl":"https:\/\/i0.wp.com\/cumse.org\/wp-content\/uploads\/2021\/01\/WhatsApp-Image-2021-01-22-at-22.53.36.jpeg?fit=1600%2C1200&ssl=1","datePublished":"2021-01-21T14:09:17+00:00","dateModified":"2021-03-15T17:03:38+00:00","author":{"@id":"https:\/\/cumse.org\/#\/schema\/person\/d8802c7f9d251c013018b375be80cb06"},"description":"SCU - Valeryo Falcone, civilista di Fondazione Cumse, racconta la sua esperienza in modo leggero e divertente. SEGUITE LA SUA STORIA!","breadcrumb":{"@id":"https:\/\/cumse.org\/il-tempo-vola-quando-ci-si-diverte-scu-in-camerun\/#breadcrumb"},"inLanguage":"fr-FR","potentialAction":[{"@type":"ReadAction","target":["https:\/\/cumse.org\/il-tempo-vola-quando-ci-si-diverte-scu-in-camerun\/"]}]},{"@type":"ImageObject","inLanguage":"fr-FR","@id":"https:\/\/cumse.org\/il-tempo-vola-quando-ci-si-diverte-scu-in-camerun\/#primaryimage","url":"https:\/\/i0.wp.com\/cumse.org\/wp-content\/uploads\/2021\/01\/WhatsApp-Image-2021-01-22-at-22.53.36.jpeg?fit=1600%2C1200&ssl=1","contentUrl":"https:\/\/i0.wp.com\/cumse.org\/wp-content\/uploads\/2021\/01\/WhatsApp-Image-2021-01-22-at-22.53.36.jpeg?fit=1600%2C1200&ssl=1","width":1600,"height":1200},{"@type":"BreadcrumbList","@id":"https:\/\/cumse.org\/il-tempo-vola-quando-ci-si-diverte-scu-in-camerun\/#breadcrumb","itemListElement":[{"@type":"ListItem","position":1,"name":"Home","item":"https:\/\/cumse.org\/"},{"@type":"ListItem","position":2,"name":"21 gennaio &#8211; Il tempo vola quando ci si diverte&#8230;"}]},{"@type":"WebSite","@id":"https:\/\/cumse.org\/#website","url":"https:\/\/cumse.org\/","name":"Fondazione Cumse ETS","description":"Siamo dove gli altri distolgono lo sguardo","potentialAction":[{"@type":"SearchAction","target":{"@type":"EntryPoint","urlTemplate":"https:\/\/cumse.org\/?s={search_term_string}"},"query-input":{"@type":"PropertyValueSpecification","valueRequired":true,"valueName":"search_term_string"}}],"inLanguage":"fr-FR"},{"@type":"Person","@id":"https:\/\/cumse.org\/#\/schema\/person\/d8802c7f9d251c013018b375be80cb06","name":"admin","image":{"@type":"ImageObject","inLanguage":"fr-FR","@id":"https:\/\/secure.gravatar.com\/avatar\/7fcee464d094e0b490b50408a0c7356276eedd5a17796d503ee821451b764c37?s=96&d=mm&r=g","url":"https:\/\/secure.gravatar.com\/avatar\/7fcee464d094e0b490b50408a0c7356276eedd5a17796d503ee821451b764c37?s=96&d=mm&r=g","contentUrl":"https:\/\/secure.gravatar.com\/avatar\/7fcee464d094e0b490b50408a0c7356276eedd5a17796d503ee821451b764c37?s=96&d=mm&r=g","caption":"admin"}}]}},"jetpack_featured_media_url":"https:\/\/i0.wp.com\/cumse.org\/wp-content\/uploads\/2021\/01\/WhatsApp-Image-2021-01-22-at-22.53.36.jpeg?fit=1600%2C1200&ssl=1","jetpack_sharing_enabled":true,"_links":{"self":[{"href":"https:\/\/cumse.org\/fr\/wp-json\/wp\/v2\/posts\/3795","targetHints":{"allow":["GET"]}}],"collection":[{"href":"https:\/\/cumse.org\/fr\/wp-json\/wp\/v2\/posts"}],"about":[{"href":"https:\/\/cumse.org\/fr\/wp-json\/wp\/v2\/types\/post"}],"author":[{"embeddable":true,"href":"https:\/\/cumse.org\/fr\/wp-json\/wp\/v2\/users\/1"}],"replies":[{"embeddable":true,"href":"https:\/\/cumse.org\/fr\/wp-json\/wp\/v2\/comments?post=3795"}],"version-history":[{"count":0,"href":"https:\/\/cumse.org\/fr\/wp-json\/wp\/v2\/posts\/3795\/revisions"}],"wp:featuredmedia":[{"embeddable":true,"href":"https:\/\/cumse.org\/fr\/wp-json\/wp\/v2\/media\/4539"}],"wp:attachment":[{"href":"https:\/\/cumse.org\/fr\/wp-json\/wp\/v2\/media?parent=3795"}],"wp:term":[{"taxonomy":"category","embeddable":true,"href":"https:\/\/cumse.org\/fr\/wp-json\/wp\/v2\/categories?post=3795"},{"taxonomy":"post_tag","embeddable":true,"href":"https:\/\/cumse.org\/fr\/wp-json\/wp\/v2\/tags?post=3795"}],"curies":[{"name":"wp","href":"https:\/\/api.w.org\/{rel}","templated":true}]}}