{"id":3771,"date":"2021-01-19T22:49:23","date_gmt":"2021-01-19T21:49:23","guid":{"rendered":"https:\/\/cumse.org\/?p=3771"},"modified":"2021-03-11T17:27:36","modified_gmt":"2021-03-11T16:27:36","slug":"altro-che-ikea-scu-in-camerun","status":"publish","type":"post","link":"https:\/\/cumse.org\/fr\/altro-che-ikea-scu-in-camerun\/","title":{"rendered":"19 gennaio &#8211; Altro che Ikea!"},"content":{"rendered":"<p>Ingurgitare la zuppa di cavolo e il riso avanzato da ieri alle 7.40 del mattino \u00e8 stata una mossa vincente, dopo ne capirete il motivo.<\/p>\n<p><strong>Etienne<\/strong> non sa scrivere, credo, o almeno non i messaggi. Ieri mi aveva paccato serenamente dandomi appuntamento alle 8. Cos\u00ec credevo. A sua discolpa posso dire che il messaggio recitava: &#8220;Suis parti sauf demain matin. \u00e0 8hoo. ly a trop le soleil'&#8221;. Scemo io che ho capito male! Mi si presenta alle 8.40. Svegliarsi presto \u00e8 stato <strong>inutile<\/strong>.<\/p>\n<p>Poco prima delle nove cominciamo ad impegolarci nella costruzione delle doghe che formeranno la rete su cui poggiare i materassi.<br \/>\nPrendere bene le misure \u00e8 fondamentale, serve precisione, calma, accuratezza&#8230; tutte cose che in Africa non esistono. <strong>Etienne va a fiuto, diciamo.<\/strong><\/p>\n<p>Non che non sia bravo eh, anzi, sa il fatto suo, ma non sembra che gli importi molto crepare il legno bianco dalla ridicola leggerezza acquistato al mercato. E cos\u00ec, dopo essermi impegnato mezz&#8217;ora per inchiodare perfettamente le assi del primo telaio, lui serenamente prende i legni necessari alla costruzione della seconda e ce li attacca sopra con dei chiodi piazzati in obliquo<strong> (senza minimamente piegarli, come abbia fatto non lo so!).<\/strong><\/p>\n<p>E&#8217; pi\u00f9 semplice cos\u00ec! Ci evitiamo la briga di riprendere le misure. In pratica il piano \u00e8 costruire un <strong>castello fatto di tre griglie<\/strong> una sopra l&#8217;altra per poi staccare con il martello e olio di gomito i chiodi in avanzo, per separarle.<br \/>\n<strong>Se la Brianza tutta vedesse questo SCEMPIO!<\/strong> Meglio non dire che vengo da <strong>Cant\u00f9<\/strong>, patria del mobile e delle fabbrichette, zona che ha reinventato il concetto di &#8220;bottega sotto casa&#8221;. Chiedo venia ai maestri del legno, chiedo venia agli artisti dell&#8217;intarsio, chiedo perdono ai commerciali che stra vendono in Russia e in Arabia tavolini da 30.000 euro. Non potr\u00f2 mai pi\u00f9 sedermi su nulla che sia concernente al mondo del design dopo <strong>quest&#8217;ogg<\/strong>i.<\/p>\n<p>Ma qui si bada solo a ci\u00f2 che serve e, da due giorni, le ragazze dormono su dei materassi di spugna poggiati per terra. Non frega niente a nessuno delle tecniche di incastro dei tasselli, il trasparente da passare per evitare che l&#8217;umidit\u00e0 rovini il legno non esiste.<strong> E&#8217; gi\u00e0 tanto se abbiamo la colla!<\/strong> L&#8217;importante \u00e8 che sia solido. Cosa che al momento non mi pare proprio.<\/p>\n<p>Devo ammettere per\u00f2 che, pur fomentando bile nel mio giardino zen interiore contro il maestro per aver tracciato tutte le linee storte, con impegno sono riuscito a creare delle doghe di poco rientranti nel concetto di simmetria. Parrebbero dritte. Etienne si complimenta con me. Sono le 11, ho martellato e fissato chiodi per quasi 2 ore<br \/>\ne mezza. <strong>Non sembra ma \u00e8 un&#8217;attivit\u00e0 che chiama energia<\/strong>. Rimango di sasso quando vedo il mio mentore sedersi sulle ginocchia su una delle reti appena fatte.<br \/>\nL&#8217;oggetto risponde con pi\u00f9 stabilit\u00e0 di quanto pensassi. Del resto se non ti fidi di quello che costruisci con le tue mani, di che altro puoi fidarti?<\/p>\n<p>Mi ci siedo anche io. Regge. <strong>E io che non ci avrei scommesso 1 lira!<\/strong> Meglio cos\u00ec.<\/p>\n<p>Dobbiamo quindi avvitare i piedini del letto sulla testiera e sulla pediera (cos\u00ec si chiama la spalliera inferiore del talamo). Decidiamo di iniziare da quello che potrebbe dare pi\u00f9 problemi. Non solo la testiera \u00e8 in legno massello, ma ha anche gi\u00e0 i due piedi annessi in un unico pezzo. Dovremo dunque installare i due piedini inferiori alla giusta altezza. Questo \u00e8 il minore dei mali dato che, anche a casaccio, Etienne riesce ad uscirne con una certa <strong>precisione istintiva.<\/strong><\/p>\n<p>La parte difficile \u00e8 trapanare il legno delle pediera che al centro \u00e8 di truciolato, ma al bordo \u00e8 massello durissimo. L&#8217;unico trapano elettrico a disposizione \u00e8 adatto alla foratura delle pareti, anche ad avere corrente, non ci servirebbe.<br \/>\n<strong>A mali estremi, estremi rimedi!<\/strong> Proviamo con il trapano manuale che il capomastro custodisce gelosamente nello zainetto. Non vedevo un oggetto del genere&#8230;no penso di non averlo mai visto dal vero.<\/p>\n<p>Credo di averne appreso l&#8217;esistenza attraverso i cartoni di Willy Coyote che, nei fallimentari tentativi di acciuffare<br \/>\nBeep Beep, tirava fuori dalle scatole TNT la qualunque. Si tratta di una sorta di <strong>cavatappi gigante<\/strong>, con una leva ad U alla cui estremit\u00e0 superiore \u00e8 attaccato un pomello rosso, mentre a quella inferiore si trova la punta. <strong>Sapevate che un altro modo di chiamare quest&#8217;ultima \u00e8 &#8220;saetta&#8221; e che attraverso il suo utilizzo si procede all&#8217;alesaggio, ossia la giusta calibrazione di un foro cilindrico?<\/strong> Io no e, probabilmente, tra due ore me lo sar\u00f2 dimenticato, ma confido nel vostro intelletto.<\/p>\n<p>Divertitevi pure a stupire i parenti e i vecchi inaciditi che guardano i cantieri se vi va. Anni e anni di naia, di guerre e di manualit\u00e0 per poi ritrovarsi nel 99% dei casi, senza conoscere il significato del termine <strong>alesaggio<\/strong>. Sti ignoranti! Consiglio vivamente di tenervi stretta questa carta quando, davanti ad un lavoro a detta loro banale, qualcuna osa domandarvi &#8220;ma cosa vi insegnano all&#8217;universit\u00e0!&#8221;.<\/p>\n<p>Al\u00e8, scatenatevi, fateli neri, mica \u00e8 colpa nostra se siamo nati nell&#8217;era digitale e ci siamo ritrovati i telefoni senza rotelle da girare. <strong>Sono loro che hanno fatti i danni! Balordi!<\/strong> Fosse dipeso da me, sarei ancora in giardino a dondolare sullo pneumatico attaccato all&#8217;albero vicino al laghetto (presente in tutti i film americani che si rispettino).<\/p>\n<p>Ma torniamo al nostro aggeggio. Fa letteralmente schifo. Il meccanismo interno (due pezzetti di metallo attaccati col fil di ferro) che dovrebbe tenere ferma la SAETTA, ricordiamolo, non tiene un bel niente. Ogni due giri Etienne si ferma, la punta si stacca restando conficcata nel legno. Cominciamo a parlare casualmente della <strong>PAZIENZA<\/strong>, la quale determina la maniera con cui ogni africano conduce la propria vita, costituendo la vera e unica forza di un uomo. Molti, occidentali e non, sono fuggiti, tornando disperati nelle terre natie, poich\u00e9 incapaci di apprendere questa formidabile virt\u00f9. Se vorr\u00f2 mai comprendere a pieno la loro cultura, sar\u00e0 bene che assorba da subito il concetto.<\/p>\n<p>Mentre il mastro mi incalza con queste affascinanti riflessioni mi siedo tranquillamente su uno sgabellino. Non c&#8217;\u00e8 nulla che io possa fare e cos\u00ec decido di godermi lo spettacolo. Lui continua: &#8220;<em>la vita \u00e8 una lotta, una guerra, la pazienza \u00e8 vera forza&#8230;&#8221;<\/em>. Direttamente estratta da qualche pagina ultra-mainstream di Facebook me ne esco con aria vissuta: <em>&#8220;conosci qualcosa che sia facile in questa vita, amico mio?&#8221;<\/em> (Pat Morita e Yoda si sono impossessati di me).<br \/>\n<em>&#8220;Certamente no&#8221;<\/em>, incalza, nulla \u00e8 facile a detta sua (avrei una piccola obiezione: starmene seduto a guardarlo maledire la Cina e tutte le sua scadenti leghe metalliche, per me al momento \u00e8 parecchio semplice, oserei dire anche divertente). Insiste.<\/p>\n<p>Usa ogni frammento di energia positiva residua nei suoi chakra. <strong>Eh quanto conta la pazienza amici miei!<\/strong> Ad un certo punto sventola bandiera bianca. Del resto \u00e8 un uomo come tutti anche se africano. 1 ora e 30 per fare 4 fori non \u00e8 roba da poco, metterebbe k.o. anche il grande Mohamed Al\u00ec. Etienne \u00e8 esausto e comincia a parlare con il trapano. <em>&#8220;Perch\u00e9 fratello?<\/em> Perch\u00e9 proprio io? Perch\u00e9 mi fai diventare pazzo cos\u00ec?&#8221;<br \/>\nDevo intervenire, qui va a finire che gli finisce il senno sulla luna, come <strong>l&#8217;Orlando Furioso<\/strong>, preferirei evitarmi le scene di Etienne che sradica alberi e maledice il mondo in preda all&#8217;ira funesta.<\/p>\n<p>Si fa dare dell&#8217;olio sperando che cos\u00ec che l&#8217;aggeggio giri meglio.<br \/>\nCos\u00ec \u00e8 per tre secondi, poi la punta comincia a stridere un acuto tremendo simile a quello che farebbe un gatto investito da una macchina. Non ci siamo.<br \/>\nVa ad affilare la SAETTA, torna. Nada.<\/p>\n<p>Alzo l&#8217;indice, come a scuola: DOMANDA! Chiedo se non esista un modo alternativo: mi guarda, impugna il martello e con l&#8217;altra mano afferra un chiodo un po&#8217; pi\u00f9 grosso degli altri! <strong>Che voglia crocefiggermi?<\/strong> No. Inizia a scalpellare prima col chiodo, poi quest&#8217;ultimo viene sostituito dal cacciavite, infine il falegname afferra direttamente la SAETTA del trapano e picchia pi\u00f9 duro che pu\u00f2.<\/p>\n<p>Ma come? E tutti quei discorsi sulla pazienza.<br \/>\n<em>&#8220;Ho adottato il metodo antico!&#8221;<\/em> mi dice. <strong>O la va o la spacca!<\/strong> Nel senso letterale, una martellata di troppo e ci bruciamo la pediera del letto.<br \/>\nNonostante la frustrazione Etienne mantiene il controllo e riesce a non spaccare niente, anche se, a dirla tutta, una crepa si \u00e8 formata. Ma s\u00ec, una pi\u00f9 una meno, che volete che sia. 2 ore ci abbiamo messo. Piedi fissati e carteggiati. Vorrebbe andare a casa. Io per\u00f2 sono bello fresco e riposato e quindi, infame, faccio leva sul suo senso di colpa. <em>&#8220;Speravo di finire almeno un letto oggi, le ragazze dormono sul pavimento e la cosa mi disturba!&#8221;<\/em><\/p>\n<p>In preda a una folle euforia e alle endorfine rilasciate dal successo dell&#8217;applicazione degli appoggi mi guarda e mi dice: <em>&#8220;Hai ragione, stasera almeno una ragazza dormir\u00e0 come si deve!&#8221;<\/em>. <strong>Vai, siamo carichi, abbiamo un obbiettivo e abbiamo la motivazione giusta sorretta da questioni etiche e morali.<\/strong><br \/>\nChe sia con queste strategie che addestrano i militari ad uccidere? Ho forse appena scoperto il segreto dei templari ed il motivo per cui sono stati tanto zelanti nelle loro crociate? <strong>Chi se ne importa, diamoci dentro!<\/strong><\/p>\n<p>Fissiamo le cerniere alle traverse, puntiamo chiodi, avvitiamo viti, le svitiamo perch\u00e9 sbagliamo a fare le cose, tagliamo qualche pezzetto di legno in eccesso, pialliamo bene le superfici. Vado a prendere un secchio ed uno straccio e mentre il mio socio carteggia e taglia. Dopo una bella sfregata con olio di gomito,le spalliere sono come nuove e sembrano anche belle, molto pi\u00f9 di prima almeno. Proviamo&#8230; una doga \u00e8 un tantinello pi\u00f9 lunga. Taglia ancora, carteggia, <strong>Voil\u00e0!<\/strong><\/p>\n<p>Non scherzo quando dico che, per qualche misteriosa ragione, la rete \u00e8 perfetta, il letto \u00e8 dritto e stabile. Ci sediamo sopra. REGGE! Stretta di mano, selfie celebrativo.<\/p>\n<p><img data-recalc-dims=\"1\" loading=\"lazy\" decoding=\"async\" class=\"alignnone wp-image-4381\" src=\"https:\/\/i0.wp.com\/cumse.org\/wp-content\/uploads\/2021\/01\/WhatsApp-Image-2021-01-21-at-00.02.35-1.jpeg?resize=551%2C413&#038;ssl=1\" alt=\"\" width=\"551\" height=\"413\" srcset=\"https:\/\/i0.wp.com\/cumse.org\/wp-content\/uploads\/2021\/01\/WhatsApp-Image-2021-01-21-at-00.02.35-1.jpeg?w=1280&amp;ssl=1 1280w, https:\/\/i0.wp.com\/cumse.org\/wp-content\/uploads\/2021\/01\/WhatsApp-Image-2021-01-21-at-00.02.35-1.jpeg?resize=1200%2C900&amp;ssl=1 1200w, https:\/\/i0.wp.com\/cumse.org\/wp-content\/uploads\/2021\/01\/WhatsApp-Image-2021-01-21-at-00.02.35-1.jpeg?resize=300%2C225&amp;ssl=1 300w, https:\/\/i0.wp.com\/cumse.org\/wp-content\/uploads\/2021\/01\/WhatsApp-Image-2021-01-21-at-00.02.35-1.jpeg?resize=1024%2C768&amp;ssl=1 1024w, https:\/\/i0.wp.com\/cumse.org\/wp-content\/uploads\/2021\/01\/WhatsApp-Image-2021-01-21-at-00.02.35-1.jpeg?resize=768%2C576&amp;ssl=1 768w\" sizes=\"auto, (max-width: 551px) 100vw, 551px\" \/><\/p>\n<p>Domani gli altri due. Missione compiuta.<strong> &#8220;Ho sempre desiderato montare le ragazze a letto e mi ritrovo a montare i letti alle ragazze. Cosa diamine \u00e8 andato storto?&#8221;<em>.<\/em><\/strong> Questo direbbe Boldi in un cinepanettone targato &#8217;87. Noi invece siamo pi\u00f9 avanti e ci accontentiamo di aver costruito qualcosa con l&#8217;uso di testa, cuore e mani, <strong>UOMINI DI POCA FEDE!<\/strong><\/p>\n<p>Sono le 14.30. <strong>Una bella sfacchinata!<\/strong> Ecco perch\u00e9 una colazione potente\u00a0 si \u00e8 rivelata l&#8217;idea migliore presa in questo 20 gennaio, altrimenti sarei morto. Mangio alla velocit\u00e0 della luce e poi mi stendo sul letto. Non c&#8217;\u00e8 acqua, avrei voluto farmi una doccia&#8230;<br \/>\nCom&#8217;era la storia? Ah, giusto: PAZIENZA!<\/p>\n<p>Rigenerato dopo un&#8217;oretta di pausa tento di organizzare una partita di calcio.<br \/>\n<strong>Manass\u00e8 \u00e8 occupato in mille faccende e quindi non posso trascinarlo nelle mie diaboliche trame. Nicol\u00e0 deve lavare i piatti. Michel e Moses devono fare il bucato.<\/strong><br \/>\nRimango un po&#8217; con loro, li aiuto a stendere, facciamo due chiacchere. Non so stirare. Non l&#8217;ho mai fatto. Ridono. Han dieci anni meno di me e probabilmente stirano gi\u00e0 da pi\u00f9 di dieci anni. Mi vergogno, chiedo loro delle lezioni. Quando sar\u00e0 il momento vorrei essere chiamato. Stiriamo insieme.<\/p>\n<p>In fin dei conti un domani potrebbe sempre servirmi, sempre che io non riesca ad avere abbastanza denaro per pagare qualcuno che lo faccia al posto mio.<br \/>\n<strong>Ma con sto andazzo non credo proprio!<\/strong><\/p>\n<p>Vado a trovare le ragazze. Larissa \u00e8 intenta a tostare le arachidi. Aisha mi chiede aiuto per lavare le stoviglie. Laeticia studia. Faccio partire una canzone in giardino e si riuniscono tutte come api al miele per ballare, cantare e prenotarsi per la prossima scelta. Non ho toccato il telefono tutto il giorno, ho parecchia connessione per un paio di pezzi<br \/>\nin pi\u00f9 rispetto al solito. Claris non crede assolutamente che io sia riuscito a fabbricare qualcosa.<br \/>\nDomani, quando si vedr\u00e0 arrivare a casa <strong>3 letti nuovi,<\/strong> forse cambier\u00e0 idea.<\/p>\n<p>Mi piacerebbe arredarmi la casa, se mai ne dovessi avere una, con mobili fatti da me.<strong> Altro che Ikea!<\/strong><br \/>\nMeglio fare poco i galletti e non essere precipitosi, di strada da fare ne ho ancora parecchia. Al momento non so manco stirarmi una camicia!<\/p>\n<p>La preghiera serale mette a tacere anche i miei pensieri: ogni cosa a suo tempo&#8230;<\/p>","protected":false},"excerpt":{"rendered":"<p>Ingurgitare la zuppa di cavolo e il riso avanzato da ieri alle 7.40 del mattino \u00e8 stata una mossa vincente, dopo ne capirete il motivo. Etienne non sa scrivere, credo, o almeno non i messaggi. Ieri mi aveva paccato serenamente dandomi appuntamento alle 8. Cos\u00ec credevo. A sua discolpa posso dire che il messaggio recitava: [&hellip;]<\/p>\n","protected":false},"author":1,"featured_media":4387,"comment_status":"closed","ping_status":"closed","sticky":false,"template":"","format":"standard","meta":{"_jetpack_memberships_contains_paid_content":false,"footnotes":""},"categories":[62],"tags":[67,76,65],"class_list":["post-3771","post","type-post","status-publish","format-standard","has-post-thumbnail","hentry","category-travaler","tag-fondazione-cumse","tag-nassara","tag-scu"],"yoast_head":"<!-- This site is optimized with the Yoast SEO plugin v27.3 - https:\/\/yoast.com\/product\/yoast-seo-wordpress\/ -->\n<title>19 gennaio - Altro che Ikea! - Fondazione Cumse ETS<\/title>\n<meta name=\"description\" content=\"SCU - Valeryo Falcone, civilista di Fondazione Cumse, racconta la sua esperienza in modo leggero e divertente. SEGUITE LA SUA STORIA!\" \/>\n<meta name=\"robots\" content=\"index, follow, max-snippet:-1, max-image-preview:large, max-video-preview:-1\" \/>\n<link rel=\"canonical\" href=\"https:\/\/cumse.org\/fr\/altro-che-ikea-scu-in-camerun\/\" \/>\n<meta property=\"og:locale\" content=\"fr_FR\" \/>\n<meta property=\"og:type\" content=\"article\" \/>\n<meta property=\"og:title\" content=\"19 gennaio - Altro che Ikea! - Fondazione Cumse ETS\" \/>\n<meta property=\"og:description\" content=\"SCU - Valeryo Falcone, civilista di Fondazione Cumse, racconta la sua esperienza in modo leggero e divertente. SEGUITE LA SUA STORIA!\" \/>\n<meta property=\"og:url\" content=\"https:\/\/cumse.org\/fr\/altro-che-ikea-scu-in-camerun\/\" \/>\n<meta property=\"og:site_name\" content=\"Fondazione Cumse ETS\" \/>\n<meta property=\"article:published_time\" content=\"2021-01-19T21:49:23+00:00\" \/>\n<meta property=\"article:modified_time\" content=\"2021-03-11T16:27:36+00:00\" \/>\n<meta property=\"og:image\" content=\"https:\/\/cumse.org\/wp-content\/uploads\/2021\/01\/WhatsApp-Image-2021-01-21-at-21.15.24.jpeg\" \/>\n\t<meta property=\"og:image:width\" content=\"1200\" \/>\n\t<meta property=\"og:image:height\" content=\"1600\" \/>\n\t<meta property=\"og:image:type\" content=\"image\/jpeg\" \/>\n<meta name=\"author\" content=\"admin\" \/>\n<meta name=\"twitter:card\" content=\"summary_large_image\" \/>\n<meta name=\"twitter:label1\" content=\"\u00c9crit par\" \/>\n\t<meta name=\"twitter:data1\" content=\"admin\" \/>\n\t<meta name=\"twitter:label2\" content=\"Dur\u00e9e de lecture estim\u00e9e\" \/>\n\t<meta name=\"twitter:data2\" content=\"9 minutes\" \/>\n<script type=\"application\/ld+json\" class=\"yoast-schema-graph\">{\"@context\":\"https:\\\/\\\/schema.org\",\"@graph\":[{\"@type\":\"Article\",\"@id\":\"https:\\\/\\\/cumse.org\\\/altro-che-ikea-scu-in-camerun\\\/#article\",\"isPartOf\":{\"@id\":\"https:\\\/\\\/cumse.org\\\/altro-che-ikea-scu-in-camerun\\\/\"},\"author\":{\"name\":\"admin\",\"@id\":\"https:\\\/\\\/cumse.org\\\/#\\\/schema\\\/person\\\/d8802c7f9d251c013018b375be80cb06\"},\"headline\":\"19 gennaio &#8211; Altro che Ikea!\",\"datePublished\":\"2021-01-19T21:49:23+00:00\",\"dateModified\":\"2021-03-11T16:27:36+00:00\",\"mainEntityOfPage\":{\"@id\":\"https:\\\/\\\/cumse.org\\\/altro-che-ikea-scu-in-camerun\\\/\"},\"wordCount\":1966,\"image\":{\"@id\":\"https:\\\/\\\/cumse.org\\\/altro-che-ikea-scu-in-camerun\\\/#primaryimage\"},\"thumbnailUrl\":\"https:\\\/\\\/i0.wp.com\\\/cumse.org\\\/wp-content\\\/uploads\\\/2021\\\/01\\\/WhatsApp-Image-2021-01-21-at-21.15.24.jpeg?fit=1200%2C1600&ssl=1\",\"keywords\":[\"Fondazione Cumse\",\"nassara\",\"SCU\"],\"articleSection\":[\"TrAvaler\"],\"inLanguage\":\"fr-FR\"},{\"@type\":\"WebPage\",\"@id\":\"https:\\\/\\\/cumse.org\\\/altro-che-ikea-scu-in-camerun\\\/\",\"url\":\"https:\\\/\\\/cumse.org\\\/altro-che-ikea-scu-in-camerun\\\/\",\"name\":\"19 gennaio - Altro che Ikea! - Fondazione Cumse ETS\",\"isPartOf\":{\"@id\":\"https:\\\/\\\/cumse.org\\\/#website\"},\"primaryImageOfPage\":{\"@id\":\"https:\\\/\\\/cumse.org\\\/altro-che-ikea-scu-in-camerun\\\/#primaryimage\"},\"image\":{\"@id\":\"https:\\\/\\\/cumse.org\\\/altro-che-ikea-scu-in-camerun\\\/#primaryimage\"},\"thumbnailUrl\":\"https:\\\/\\\/i0.wp.com\\\/cumse.org\\\/wp-content\\\/uploads\\\/2021\\\/01\\\/WhatsApp-Image-2021-01-21-at-21.15.24.jpeg?fit=1200%2C1600&ssl=1\",\"datePublished\":\"2021-01-19T21:49:23+00:00\",\"dateModified\":\"2021-03-11T16:27:36+00:00\",\"author\":{\"@id\":\"https:\\\/\\\/cumse.org\\\/#\\\/schema\\\/person\\\/d8802c7f9d251c013018b375be80cb06\"},\"description\":\"SCU - Valeryo Falcone, civilista di Fondazione Cumse, racconta la sua esperienza in modo leggero e divertente. SEGUITE LA SUA STORIA!\",\"breadcrumb\":{\"@id\":\"https:\\\/\\\/cumse.org\\\/altro-che-ikea-scu-in-camerun\\\/#breadcrumb\"},\"inLanguage\":\"fr-FR\",\"potentialAction\":[{\"@type\":\"ReadAction\",\"target\":[\"https:\\\/\\\/cumse.org\\\/altro-che-ikea-scu-in-camerun\\\/\"]}]},{\"@type\":\"ImageObject\",\"inLanguage\":\"fr-FR\",\"@id\":\"https:\\\/\\\/cumse.org\\\/altro-che-ikea-scu-in-camerun\\\/#primaryimage\",\"url\":\"https:\\\/\\\/i0.wp.com\\\/cumse.org\\\/wp-content\\\/uploads\\\/2021\\\/01\\\/WhatsApp-Image-2021-01-21-at-21.15.24.jpeg?fit=1200%2C1600&ssl=1\",\"contentUrl\":\"https:\\\/\\\/i0.wp.com\\\/cumse.org\\\/wp-content\\\/uploads\\\/2021\\\/01\\\/WhatsApp-Image-2021-01-21-at-21.15.24.jpeg?fit=1200%2C1600&ssl=1\",\"width\":1200,\"height\":1600},{\"@type\":\"BreadcrumbList\",\"@id\":\"https:\\\/\\\/cumse.org\\\/altro-che-ikea-scu-in-camerun\\\/#breadcrumb\",\"itemListElement\":[{\"@type\":\"ListItem\",\"position\":1,\"name\":\"Home\",\"item\":\"https:\\\/\\\/cumse.org\\\/\"},{\"@type\":\"ListItem\",\"position\":2,\"name\":\"19 gennaio &#8211; Altro che Ikea!\"}]},{\"@type\":\"WebSite\",\"@id\":\"https:\\\/\\\/cumse.org\\\/#website\",\"url\":\"https:\\\/\\\/cumse.org\\\/\",\"name\":\"Fondazione Cumse ETS\",\"description\":\"Siamo dove gli altri distolgono lo sguardo\",\"potentialAction\":[{\"@type\":\"SearchAction\",\"target\":{\"@type\":\"EntryPoint\",\"urlTemplate\":\"https:\\\/\\\/cumse.org\\\/?s={search_term_string}\"},\"query-input\":{\"@type\":\"PropertyValueSpecification\",\"valueRequired\":true,\"valueName\":\"search_term_string\"}}],\"inLanguage\":\"fr-FR\"},{\"@type\":\"Person\",\"@id\":\"https:\\\/\\\/cumse.org\\\/#\\\/schema\\\/person\\\/d8802c7f9d251c013018b375be80cb06\",\"name\":\"admin\",\"image\":{\"@type\":\"ImageObject\",\"inLanguage\":\"fr-FR\",\"@id\":\"https:\\\/\\\/secure.gravatar.com\\\/avatar\\\/7fcee464d094e0b490b50408a0c7356276eedd5a17796d503ee821451b764c37?s=96&d=mm&r=g\",\"url\":\"https:\\\/\\\/secure.gravatar.com\\\/avatar\\\/7fcee464d094e0b490b50408a0c7356276eedd5a17796d503ee821451b764c37?s=96&d=mm&r=g\",\"contentUrl\":\"https:\\\/\\\/secure.gravatar.com\\\/avatar\\\/7fcee464d094e0b490b50408a0c7356276eedd5a17796d503ee821451b764c37?s=96&d=mm&r=g\",\"caption\":\"admin\"}}]}<\/script>\n<!-- \/ Yoast SEO plugin. -->","yoast_head_json":{"title":"19 gennaio - Altro che Ikea! - Fondazione Cumse ETS","description":"SCU - Valeryo Falcone, civilista di Fondazione Cumse, racconta la sua esperienza in modo leggero e divertente. SEGUITE LA SUA STORIA!","robots":{"index":"index","follow":"follow","max-snippet":"max-snippet:-1","max-image-preview":"max-image-preview:large","max-video-preview":"max-video-preview:-1"},"canonical":"https:\/\/cumse.org\/fr\/altro-che-ikea-scu-in-camerun\/","og_locale":"fr_FR","og_type":"article","og_title":"19 gennaio - Altro che Ikea! - Fondazione Cumse ETS","og_description":"SCU - Valeryo Falcone, civilista di Fondazione Cumse, racconta la sua esperienza in modo leggero e divertente. SEGUITE LA SUA STORIA!","og_url":"https:\/\/cumse.org\/fr\/altro-che-ikea-scu-in-camerun\/","og_site_name":"Fondazione Cumse ETS","article_published_time":"2021-01-19T21:49:23+00:00","article_modified_time":"2021-03-11T16:27:36+00:00","og_image":[{"width":1200,"height":1600,"url":"https:\/\/cumse.org\/wp-content\/uploads\/2021\/01\/WhatsApp-Image-2021-01-21-at-21.15.24.jpeg","type":"image\/jpeg"}],"author":"admin","twitter_card":"summary_large_image","twitter_misc":{"\u00c9crit par":"admin","Dur\u00e9e de lecture estim\u00e9e":"9 minutes"},"schema":{"@context":"https:\/\/schema.org","@graph":[{"@type":"Article","@id":"https:\/\/cumse.org\/altro-che-ikea-scu-in-camerun\/#article","isPartOf":{"@id":"https:\/\/cumse.org\/altro-che-ikea-scu-in-camerun\/"},"author":{"name":"admin","@id":"https:\/\/cumse.org\/#\/schema\/person\/d8802c7f9d251c013018b375be80cb06"},"headline":"19 gennaio &#8211; Altro che Ikea!","datePublished":"2021-01-19T21:49:23+00:00","dateModified":"2021-03-11T16:27:36+00:00","mainEntityOfPage":{"@id":"https:\/\/cumse.org\/altro-che-ikea-scu-in-camerun\/"},"wordCount":1966,"image":{"@id":"https:\/\/cumse.org\/altro-che-ikea-scu-in-camerun\/#primaryimage"},"thumbnailUrl":"https:\/\/i0.wp.com\/cumse.org\/wp-content\/uploads\/2021\/01\/WhatsApp-Image-2021-01-21-at-21.15.24.jpeg?fit=1200%2C1600&ssl=1","keywords":["Fondazione Cumse","nassara","SCU"],"articleSection":["TrAvaler"],"inLanguage":"fr-FR"},{"@type":"WebPage","@id":"https:\/\/cumse.org\/altro-che-ikea-scu-in-camerun\/","url":"https:\/\/cumse.org\/altro-che-ikea-scu-in-camerun\/","name":"19 gennaio - Altro che Ikea! - Fondazione Cumse ETS","isPartOf":{"@id":"https:\/\/cumse.org\/#website"},"primaryImageOfPage":{"@id":"https:\/\/cumse.org\/altro-che-ikea-scu-in-camerun\/#primaryimage"},"image":{"@id":"https:\/\/cumse.org\/altro-che-ikea-scu-in-camerun\/#primaryimage"},"thumbnailUrl":"https:\/\/i0.wp.com\/cumse.org\/wp-content\/uploads\/2021\/01\/WhatsApp-Image-2021-01-21-at-21.15.24.jpeg?fit=1200%2C1600&ssl=1","datePublished":"2021-01-19T21:49:23+00:00","dateModified":"2021-03-11T16:27:36+00:00","author":{"@id":"https:\/\/cumse.org\/#\/schema\/person\/d8802c7f9d251c013018b375be80cb06"},"description":"SCU - Valeryo Falcone, civilista di Fondazione Cumse, racconta la sua esperienza in modo leggero e divertente. SEGUITE LA SUA STORIA!","breadcrumb":{"@id":"https:\/\/cumse.org\/altro-che-ikea-scu-in-camerun\/#breadcrumb"},"inLanguage":"fr-FR","potentialAction":[{"@type":"ReadAction","target":["https:\/\/cumse.org\/altro-che-ikea-scu-in-camerun\/"]}]},{"@type":"ImageObject","inLanguage":"fr-FR","@id":"https:\/\/cumse.org\/altro-che-ikea-scu-in-camerun\/#primaryimage","url":"https:\/\/i0.wp.com\/cumse.org\/wp-content\/uploads\/2021\/01\/WhatsApp-Image-2021-01-21-at-21.15.24.jpeg?fit=1200%2C1600&ssl=1","contentUrl":"https:\/\/i0.wp.com\/cumse.org\/wp-content\/uploads\/2021\/01\/WhatsApp-Image-2021-01-21-at-21.15.24.jpeg?fit=1200%2C1600&ssl=1","width":1200,"height":1600},{"@type":"BreadcrumbList","@id":"https:\/\/cumse.org\/altro-che-ikea-scu-in-camerun\/#breadcrumb","itemListElement":[{"@type":"ListItem","position":1,"name":"Home","item":"https:\/\/cumse.org\/"},{"@type":"ListItem","position":2,"name":"19 gennaio &#8211; Altro che Ikea!"}]},{"@type":"WebSite","@id":"https:\/\/cumse.org\/#website","url":"https:\/\/cumse.org\/","name":"Fondazione Cumse ETS","description":"Siamo dove gli altri distolgono lo sguardo","potentialAction":[{"@type":"SearchAction","target":{"@type":"EntryPoint","urlTemplate":"https:\/\/cumse.org\/?s={search_term_string}"},"query-input":{"@type":"PropertyValueSpecification","valueRequired":true,"valueName":"search_term_string"}}],"inLanguage":"fr-FR"},{"@type":"Person","@id":"https:\/\/cumse.org\/#\/schema\/person\/d8802c7f9d251c013018b375be80cb06","name":"admin","image":{"@type":"ImageObject","inLanguage":"fr-FR","@id":"https:\/\/secure.gravatar.com\/avatar\/7fcee464d094e0b490b50408a0c7356276eedd5a17796d503ee821451b764c37?s=96&d=mm&r=g","url":"https:\/\/secure.gravatar.com\/avatar\/7fcee464d094e0b490b50408a0c7356276eedd5a17796d503ee821451b764c37?s=96&d=mm&r=g","contentUrl":"https:\/\/secure.gravatar.com\/avatar\/7fcee464d094e0b490b50408a0c7356276eedd5a17796d503ee821451b764c37?s=96&d=mm&r=g","caption":"admin"}}]}},"jetpack_featured_media_url":"https:\/\/i0.wp.com\/cumse.org\/wp-content\/uploads\/2021\/01\/WhatsApp-Image-2021-01-21-at-21.15.24.jpeg?fit=1200%2C1600&ssl=1","jetpack_sharing_enabled":true,"_links":{"self":[{"href":"https:\/\/cumse.org\/fr\/wp-json\/wp\/v2\/posts\/3771","targetHints":{"allow":["GET"]}}],"collection":[{"href":"https:\/\/cumse.org\/fr\/wp-json\/wp\/v2\/posts"}],"about":[{"href":"https:\/\/cumse.org\/fr\/wp-json\/wp\/v2\/types\/post"}],"author":[{"embeddable":true,"href":"https:\/\/cumse.org\/fr\/wp-json\/wp\/v2\/users\/1"}],"replies":[{"embeddable":true,"href":"https:\/\/cumse.org\/fr\/wp-json\/wp\/v2\/comments?post=3771"}],"version-history":[{"count":0,"href":"https:\/\/cumse.org\/fr\/wp-json\/wp\/v2\/posts\/3771\/revisions"}],"wp:featuredmedia":[{"embeddable":true,"href":"https:\/\/cumse.org\/fr\/wp-json\/wp\/v2\/media\/4387"}],"wp:attachment":[{"href":"https:\/\/cumse.org\/fr\/wp-json\/wp\/v2\/media?parent=3771"}],"wp:term":[{"taxonomy":"category","embeddable":true,"href":"https:\/\/cumse.org\/fr\/wp-json\/wp\/v2\/categories?post=3771"},{"taxonomy":"post_tag","embeddable":true,"href":"https:\/\/cumse.org\/fr\/wp-json\/wp\/v2\/tags?post=3771"}],"curies":[{"name":"wp","href":"https:\/\/api.w.org\/{rel}","templated":true}]}}