{"id":3767,"date":"2021-01-20T22:50:40","date_gmt":"2021-01-20T21:50:40","guid":{"rendered":"https:\/\/cumse.org\/?p=3767"},"modified":"2021-03-15T10:44:57","modified_gmt":"2021-03-15T09:44:57","slug":"apprendisti-e-naviganti-scu-in-camerun","status":"publish","type":"post","link":"https:\/\/cumse.org\/fr\/apprendisti-e-naviganti-scu-in-camerun\/","title":{"rendered":"20 gennaio &#8211; Apprendisti e naviganti"},"content":{"rendered":"<p>Adoro la sveglia delle 7 e 20. La adoro perch\u00e9 ormai il mio bioritmo \u00e8 settato alle 6.<\/p>\n<p>Quando spalanco gli occhi ho quindi ancora 1 ora e 20 minuti di cuscinetto davanti a me prima di affrontare la vita con la sua umanit\u00e0.<br \/>\n<strong>Un intero periodo dedicato a godermi la dormi-veglia.<\/strong> Il tepore intimo del letto. Le luci dell&#8217;alba che fanno capolino dalla finestra socchiusa.<\/p>\n<p>Questo si che \u00e8 un inizio come si deve. Poi quei venti minuti l\u00ec fanno la differenza. <strong>Ma una differenza abissale proprio!<\/strong> Vuoi mettere? Con la sveglia delle 7 in punto non c&#8217;\u00e8 gara.<\/p>\n<p>Purtroppo per\u00f2 non solo i ritmi circadiani del mio corpo si avviano ad evolvere sui modelli di quelli degli anziani,<br \/>\nanche la mia vescica comincia a reclamare attenzioni in modo capriccioso! Sono appena le 6.20 quando, infatti, mi accorgo di avere<strong> l&#8217;imminente esigenza di fare pip\u00ec.<\/strong><br \/>\nPenso di non essere l&#8217;unico ad aver superato le fase infantile del &#8220;piscialetto&#8221;, la mia \u00e8 durata una settimana se non ricordo male.<\/p>\n<p>Ecco sta mattina quell&#8217;idea non mi pare affatto cos\u00ec bambinesca, anzi&#8230;quasi quasi la mia pigrizia mi potrebbe spingere ad instaurare una tesi valida sul fatto che valga la pena risparmiare tempo prezioso evitando di muoversi fino al bagno, che, a dir il vero, sta a due passi dal materasso. <strong>Vorrei ricordarvi che il tempo \u00e8 la risorsa pi\u00f9 preziosa di cui disponiamo.<\/strong><br \/>\nDa bambino ero molto pi\u00f9 intelligente, gli adulti non mi hanno mai capito, probabilmente farsela sotto era un&#8217;altra delle mie trovate geniali incomprese!<br \/>\nMi piacerebbe tanto argomentare delle tesi di etica e morale a sostegno di questa ipotesi ma&#8230; mi scappa davvero troppo!<\/p>\n<p>6.30, mi alzo, espello, tiro l&#8217;acqua, Molly sbuca da sotto il bordo del water, annaspa travolta dalle cascate dello sciacquone, inizio ad imprecarle contro come se potesse ascoltarmi: &#8220;ma anche tu proprio nel cesso ti devi infilare? Non lo hai capito che questa stanza \u00e8 tua? Puoi stare dove vuoi basta che mi mangi le zanzare, possibile che te ne debba sempre stare rintanata negli anfratti peggiori rischiando la morte? E adesso se fosse la fine eh? Se mi anneghi nella tazza?<br \/>\nAnni di Baywatch sono serviti a molte cose nella mia adolescenza, ma purtroppo ancora non so fare massaggi cardiaci alle ranocchie! <strong>Vedi di uscirne!<\/strong><\/p>\n<p>Giurerei che con quegli occhi spiritati da imbecillona mi abbia guardato male mentre era intenta a cercare attrito sulle pareti di ceramica dell&#8217;imbuto frapposto tra la sua vita e l&#8217;oblio. Balzello numero uno, balzello numero due&#8230;INUTILE!<br \/>\nLa mia coinquilina non ascolta. Esce dalla toilette e si infila sotto al cassone dello scarico. <strong>Fa orecchie da mercante! Peggio per lei!<\/strong><\/p>\n<p>6.32. Ho appena visto una rana in procinto di morire e ci ho litigato. Sapete cosa? Non ho pi\u00f9 sonno. Mi sdraio e carrello di pollice sui social network, tanto per fare l&#8217;europeo. 7.20 non c&#8217;\u00e8 bisogno di strillare, mi alzo. A colazione vorrei qualcosa tipo un caff\u00e8 ma questo implicherebbe aprire la bombola del gas, preparare la macchinetta, godermi il liquido stupendo sulla veranda per poi per\u00f2 dovermi lavare la tazza. FOSSI MATTO!<\/p>\n<p>Azzanno un pezzo di pane, comodo, facile, pronto all&#8217;uso, mi \u00e8 avanzato del cetriolo sbucciato dal pranzo di ieri. Ottimo se non lo aveste mai gustato di prima mattina. Un buon bicchiere di succo d&#8217;ananas e curcuma, un sorso d&#8217;acqua, una banana. E&#8217; ufficiale, <strong>sono vivo.<\/strong><\/p>\n<p>Ho appuntamento con <strong>Etienne<\/strong> alle 8.30, oggi finalmente inizier\u00f2 a rimboccarmi le maniche!<br \/>\nSono giunte delle nuove ragazze al centro e, prima di poter essere accolte nella casa delle <strong>piccole donne<\/strong>, occorre trovar loro dei letti da disporre nelle camere.<br \/>\nLa nostra missione \u00e8 recuperare materiali di riciclo e costruirne almeno tre. Vedo una moto con un ragazzo stracarico di assi sul porta bagagli sbirciando dalla mia finestra. Cinque minuti dopo arriva anche Etienne.<\/p>\n<p>E&#8217; stato preceduto per\u00f2 dalla piccola <strong>Soumaya<\/strong> che in posa con me, presta gratuitamente la sua immagine di<strong> top model<\/strong> per qualche selfie in amicizia.<strong> Di colpo la signorinella alza una gamba in stile Heater Parisi, a 180\u00b0 rispetto al suolo, per poco non mi becco un piede in fronte<\/strong>. Abbiamo una futura ballerina o ginnasta a quanto pare! Buono a sapersi, la prossima volta che dobbiamo farci una foto mi metto il casco, prevenire \u00e8 meglio che curare del resto.<\/p>\n<p><img data-recalc-dims=\"1\" loading=\"lazy\" decoding=\"async\" class=\"alignnone wp-image-4489\" src=\"https:\/\/i0.wp.com\/cumse.org\/wp-content\/uploads\/2021\/01\/WhatsApp-Image-2021-01-19-at-23.24.47.jpeg?resize=476%2C357&#038;ssl=1\" alt=\"\" width=\"476\" height=\"357\" srcset=\"https:\/\/i0.wp.com\/cumse.org\/wp-content\/uploads\/2021\/01\/WhatsApp-Image-2021-01-19-at-23.24.47.jpeg?w=1280&amp;ssl=1 1280w, https:\/\/i0.wp.com\/cumse.org\/wp-content\/uploads\/2021\/01\/WhatsApp-Image-2021-01-19-at-23.24.47.jpeg?resize=1200%2C900&amp;ssl=1 1200w, https:\/\/i0.wp.com\/cumse.org\/wp-content\/uploads\/2021\/01\/WhatsApp-Image-2021-01-19-at-23.24.47.jpeg?resize=300%2C225&amp;ssl=1 300w, https:\/\/i0.wp.com\/cumse.org\/wp-content\/uploads\/2021\/01\/WhatsApp-Image-2021-01-19-at-23.24.47.jpeg?resize=1024%2C768&amp;ssl=1 1024w, https:\/\/i0.wp.com\/cumse.org\/wp-content\/uploads\/2021\/01\/WhatsApp-Image-2021-01-19-at-23.24.47.jpeg?resize=768%2C576&amp;ssl=1 768w\" sizes=\"auto, (max-width: 476px) 100vw, 476px\" \/><\/p>\n<p>Etienne mi mostra il mestiere. Lo si intuisce al volo, dai piccoli dettagli, che sa il fatto suo. Tiene sia il metro che la penna tra le dita della mano destra, lo fa scorrere sulle assi e intanto segna i punti in cui tagliare. E&#8217; rapido, traccia le linee dritte, perfette, senza righello, prende le misure a occhio, tutte correttamente. Cerco di rubare quanto posso con lo sguardo, nonostante la velocit\u00e0. <strong>Ma nel continente nero anche i migliori amano rallentare.<\/strong><\/p>\n<p>Il mio capo-mastro si sofferma sul tavolo da lavoro. Non lo soddisfa, \u00e8 vecchio. Ha giusto un pezzo di legno che potrebbe ridargli nuova vita.<br \/>\nStacca le assi del ripiano a colpi di martellate, si perde a cercare legnetti pi\u00f9 piccoli adatti ad incastrarsi bene nelle fessure rimaste vacanti, solleva la tavola &#8220;nuova&#8221; (che avr\u00e0 almeno 30 anni) e comincia ad inchiodare. 30 minuti buoni per avere un tavolino preciso su cui fare esattamente quello che avremmo potuto fare sull&#8217;altro. Ammetto per\u00f2 che, se c&#8217;\u00e8 da martellare, ne vale sempre la pena, <strong>\u00e8 troppo rilassante<\/strong>. La mia bic nelle sue mani fa la figura del cittadino in campagna.<\/p>\n<p><strong>La testa della sfera, abituata a morbida bianca cellulosa, \u00e8 inizialmente contrariata e successivamente stremata dallo scorrere sul compensato<\/strong>. Niente a che vedere con la vita che fa la cancelleria da ufficio. Niente di personale cara bic, sono desolato. Prendiamo misure, decidiamo le altezze dei mobili, recuperiamo delle vecchie spalliere probabilmente<br \/>\nprovenienti dalle attrezzature in disuso dell&#8217;ospedale.<strong> E&#8217; tutto un tagliare, carteggiare, incollare e inchiodare.<\/strong><\/p>\n<p>Ripenso a quei giochi da bambino che facevo con mio padre. Hey, un momento! Adesso che rifletto lucidamente quando mi dava il rullo per imbiancare o il martello per sistemare la staccionata del giardino, quello era lavoro, in piena regola! <strong>Pap\u00e0! Ma che \u00e8 sto sfruttamento minorile! In un lampo ripenso alle tessere telefoniche con la pubblicit\u00e0 del telefono azzurro!<\/strong><\/p>\n<p>Anni 90, nostalgia canaglia!<br \/>\nLe barchette di giornale messe come un cappellino, il rullo piccolino apposta per me da intingere nella vernice, la zappa in miniatura per fare l&#8217;orto (mai usata) mentre mio padre si spaccava la schiena a vangare, quella volta in cui abbiamo costruito un canestro (terribilmente irregolare) solo perch\u00e8 pensavo che <em>Space Jam<\/em> mi avesse cambiato la vita.<br \/>\nL&#8217;archetto di traforo per fabbricare una casetta al criceto, morto inspiegabilmente<strong> due giorni dopo<\/strong> la nostra prestazione artistica.<\/p>\n<p>Eppure ricordo che, pigro da sempre, in quelle situazioni mio padre mi ci doveva trascinare.<br \/>\nUna volta messo in pista mi divertivo eh, ma la sola idea di &#8220;fare&#8221;, in generale, non mi ha mai entusiasmato.<br \/>\nBizzarro quindi trovarmi in Africa, felice di potermi adoperare in qualsiasi cosa come un buon garzone, dal cucire un calzino a lavarmi i panni. <strong>Figuriamoci costruire letti.<\/strong><br \/>\nSar\u00e0 vero che con il tempo si cambiano i gusti. Sar\u00e0 possibile anche vincere la mia inettitudine? Spero di no, ma lo <strong>scopriremo solo vivendo.<\/strong><\/p>\n<p>Dando un taglio a questa flebo di glucosio, si son fatte le 12. Non ce ne siamo accorti. I piedini sono tutti pronti, le traverse pure, se avessimo un trapano e che so, la corrente, potremmo terminare il lavoro entro domattina. Ma, come ormai avrete capito, siamo in Africa. <strong>Nessun progetto che si rispetti termina nei tempi prestabiliti.<\/strong><\/p>\n<p><img data-recalc-dims=\"1\" loading=\"lazy\" decoding=\"async\" class=\"alignnone wp-image-4490\" src=\"https:\/\/i0.wp.com\/cumse.org\/wp-content\/uploads\/2021\/01\/WhatsApp-Image-2021-01-19-at-23.24.50-2.jpeg?resize=283%2C377&#038;ssl=1\" alt=\"\" width=\"283\" height=\"377\" srcset=\"https:\/\/i0.wp.com\/cumse.org\/wp-content\/uploads\/2021\/01\/WhatsApp-Image-2021-01-19-at-23.24.50-2.jpeg?w=1200&amp;ssl=1 1200w, https:\/\/i0.wp.com\/cumse.org\/wp-content\/uploads\/2021\/01\/WhatsApp-Image-2021-01-19-at-23.24.50-2.jpeg?resize=800%2C1067&amp;ssl=1 800w, https:\/\/i0.wp.com\/cumse.org\/wp-content\/uploads\/2021\/01\/WhatsApp-Image-2021-01-19-at-23.24.50-2.jpeg?resize=225%2C300&amp;ssl=1 225w, https:\/\/i0.wp.com\/cumse.org\/wp-content\/uploads\/2021\/01\/WhatsApp-Image-2021-01-19-at-23.24.50-2.jpeg?resize=768%2C1024&amp;ssl=1 768w, https:\/\/i0.wp.com\/cumse.org\/wp-content\/uploads\/2021\/01\/WhatsApp-Image-2021-01-19-at-23.24.50-2.jpeg?resize=1152%2C1536&amp;ssl=1 1152w\" sizes=\"auto, (max-width: 283px) 100vw, 283px\" \/><\/p>\n<p>Etienne mi congeda dicendo che riprenderemo alle 15.30. Ecco che alle 15.20 mi arriva un messaggio, sempre lui: &#8220;c&#8217;\u00e8 troppo sole, ci vediamo domattina alle 8&#8221;. Suppongo sapesse anche prima che al pomeriggio fa caldo nella fascia equatoriale, \u00e8 nato qua! Mi sa un po&#8217; di scusa. E sia, vada per domani.<\/p>\n<p>Che fare?<\/p>\n<p>Le ossa per i cani cominciano ad accumularsi ma in giro non se ne vede nessuno. Non sono certo di aver inviato correttamente tutte le fotografie delle ragazze. Meglio andarle a trovare per ricapitolare e farmi stracciare a Sarak\u00e8. Approdo verso le 16 alla <em>&#8220;maison&#8221;<\/em> e le ritrovo sul viale rientranti da scuola. Laeticia ha deciso di umiliarmi battendomi 3 a 0. <strong>Mi consolano, probabilmente, se mai qualcuno in Italia volesse giocare con me, sarei il bianco pi\u00f9 forte<\/strong><br \/>\n<strong>in questa disciplina.<\/strong> Sono sempre molto indulgenti, faccio pena.<\/p>\n<p>Aisha tira fuori il suo diario e mi mostra tante foto di tutti coloro che negli anni sono passati da <strong>Marza<\/strong>, poi la sua famiglia. Qui va ancora di moda attaccare le fotografie alle pagine, ricamarle con greche fatte attraverso l&#8217;uso delle penne colorate, segnare la data, l&#8217;ora, magari anche una dedica. Infilare un fiore o un quadrifoglio tra un giorno e l&#8217;altro per conservare il profumo. La mia indole nostalgica \u00e8 toccata alla vista di queste usanze retr\u00f2. Ognuna di loro ha il proprio. Chiss\u00e0 se in qualche foglio figurer\u00e0 anche il mio nome. Tra tanti scatti digitali, in mano non mi resta nulla, ma nel dubbio vola qualche selfie.<\/p>\n<p><strong>E&#8217; il caso di procurarmi una macchina fotografica analogica, magari qualcuno mi insegna a sviluppare!<\/strong><br \/>\n<strong>Vorrei regalare loro foto di noi tutti insieme per riempire quanto pi\u00f9 i quaderni di ciascuna.<\/strong><br \/>\nE&#8217; la volta della galleria del mio smartphone che, davanti a tutta questo analogico, non mi pare pi\u00f9 molto smart.<\/p>\n<p>Racconto dell&#8217;Italia, delle montagne vicino a casa, mi chiedono che rumore faccia la neve sotto la suola di scarpe.<br \/>\nNon l&#8217;hanno mai vista in vita loro e vorrebbero tanto toccarla. &#8220;<em>Ed il mare com&#8217;\u00e8? E&#8217; freddo?&#8221;<\/em> Qualcuna prova un brivido lungo la schiena. Rimangono affascinate dai posti, dai colori del cielo, dalla panoramica del lago di Como dall&#8217;angolazione (sempre meravigliosa) che si ammira in cima al Bollettone.<\/p>\n<p>Ma come venire in Italia? Con quali soldi? Torner\u00f2 a mostrar loro nuove foto? Tanti prima di me hanno promesso molte cose ma non si sono pi\u00f9 visti.<br \/>\nCome tutti i bambini, anche io detesto le promesse, <strong>soprattutto quelle da marinaio.<\/strong><br \/>\n<strong>Ci\u00f2 che ferisce \u00e8 la delusione data dall&#8217;aver creduto ad una bugia (bianca).<\/strong><\/p>\n<p>Il disappunto che deriva da tante buone intenzioni rimaste tali, mai mutate in qualcosa di pi\u00f9 concreto.<br \/>\nAnche questo \u00e8 tipico degli adulti. I bambini si esprimono esternando i loro pensieri, senza troppi filtri. I grandi, invece, molte volte, tergiversano.<br \/>\nTutto questo per dire che i bimbi sono molto pi\u00f9 in gamba dei grandi (spesso incapaci di comprenderli) e che, quindi, quando me la facevo sotto nel letto da piccolo ero un genio! <strong>Mi pare OVVIO!<\/strong><\/p>\n<p>Spiego loro che in questo caso, preferirei non pronunciarmi. Il tempo ci dir\u00e0 se e cosa far\u00f2!<br \/>\nPosso permettermi di espormi solo cos\u00ec: di sicuro, al momento del ritorno, la nostra separazione mi far\u00e0 soffrire. Purtroppo o per fortuna non so ancora n\u00e8 come n\u00e8 quanto.<\/p>\n<p>Alle 19 scatta l&#8217;ora della preghiera. Ci riuniamo in cerchio, come al solito, seduti sul gradino adiacente al cortile interno, anche sta sera si levano alti i cori delle splendide canzoni e i battiti sincopati dei nostri palmi di mano.<\/p>\n<p>Fossi un marinaio, a quest&#8217;Africa farei mille promesse.<\/p>","protected":false},"excerpt":{"rendered":"<p>Adoro la sveglia delle 7 e 20. La adoro perch\u00e9 ormai il mio bioritmo \u00e8 settato alle 6. Quando spalanco gli occhi ho quindi ancora 1 ora e 20 minuti di cuscinetto davanti a me prima di affrontare la vita con la sua umanit\u00e0. Un intero periodo dedicato a godermi la dormi-veglia. Il tepore intimo [&hellip;]<\/p>\n","protected":false},"author":1,"featured_media":4488,"comment_status":"closed","ping_status":"closed","sticky":false,"template":"","format":"standard","meta":{"_jetpack_memberships_contains_paid_content":false,"footnotes":""},"categories":[62],"tags":[68,67,73,65,66],"class_list":["post-3767","post","type-post","status-publish","format-standard","has-post-thumbnail","hentry","category-travaler","tag-camerun","tag-fondazione-cumse","tag-marza","tag-scu","tag-servizio-civile-universale"],"yoast_head":"<!-- This site is optimized with the Yoast SEO plugin v27.3 - https:\/\/yoast.com\/product\/yoast-seo-wordpress\/ -->\n<title>20 gennaio - Apprendisti e naviganti - Fondazione Cumse ETS<\/title>\n<meta name=\"description\" content=\"SCU - Valeryo Falcone, civilista di Fondazione Cumse, racconta la sua esperienza in modo leggero e divertente. SEGUITE LA SUA STORIA!\" \/>\n<meta name=\"robots\" content=\"index, follow, max-snippet:-1, max-image-preview:large, max-video-preview:-1\" \/>\n<link rel=\"canonical\" href=\"https:\/\/cumse.org\/fr\/apprendisti-e-naviganti-scu-in-camerun\/\" \/>\n<meta property=\"og:locale\" content=\"fr_FR\" \/>\n<meta property=\"og:type\" content=\"article\" \/>\n<meta property=\"og:title\" content=\"20 gennaio - Apprendisti e naviganti - Fondazione Cumse ETS\" \/>\n<meta property=\"og:description\" content=\"SCU - Valeryo Falcone, civilista di Fondazione Cumse, racconta la sua esperienza in modo leggero e divertente. SEGUITE LA SUA STORIA!\" \/>\n<meta property=\"og:url\" content=\"https:\/\/cumse.org\/fr\/apprendisti-e-naviganti-scu-in-camerun\/\" \/>\n<meta property=\"og:site_name\" content=\"Fondazione Cumse ETS\" \/>\n<meta property=\"article:published_time\" content=\"2021-01-20T21:50:40+00:00\" \/>\n<meta property=\"article:modified_time\" content=\"2021-03-15T09:44:57+00:00\" \/>\n<meta property=\"og:image\" content=\"https:\/\/cumse.org\/wp-content\/uploads\/2021\/01\/WhatsApp-Image-2021-01-19-at-23.24.46.jpeg\" \/>\n\t<meta property=\"og:image:width\" content=\"1280\" \/>\n\t<meta property=\"og:image:height\" content=\"960\" \/>\n\t<meta property=\"og:image:type\" content=\"image\/jpeg\" \/>\n<meta name=\"author\" content=\"admin\" \/>\n<meta name=\"twitter:card\" content=\"summary_large_image\" \/>\n<meta name=\"twitter:label1\" content=\"\u00c9crit par\" \/>\n\t<meta name=\"twitter:data1\" content=\"admin\" \/>\n\t<meta name=\"twitter:label2\" content=\"Dur\u00e9e de lecture estim\u00e9e\" \/>\n\t<meta name=\"twitter:data2\" content=\"9 minutes\" \/>\n<script type=\"application\/ld+json\" class=\"yoast-schema-graph\">{\"@context\":\"https:\\\/\\\/schema.org\",\"@graph\":[{\"@type\":\"Article\",\"@id\":\"https:\\\/\\\/cumse.org\\\/apprendisti-e-naviganti-scu-in-camerun\\\/#article\",\"isPartOf\":{\"@id\":\"https:\\\/\\\/cumse.org\\\/apprendisti-e-naviganti-scu-in-camerun\\\/\"},\"author\":{\"name\":\"admin\",\"@id\":\"https:\\\/\\\/cumse.org\\\/#\\\/schema\\\/person\\\/d8802c7f9d251c013018b375be80cb06\"},\"headline\":\"20 gennaio &#8211; Apprendisti e naviganti\",\"datePublished\":\"2021-01-20T21:50:40+00:00\",\"dateModified\":\"2021-03-15T09:44:57+00:00\",\"mainEntityOfPage\":{\"@id\":\"https:\\\/\\\/cumse.org\\\/apprendisti-e-naviganti-scu-in-camerun\\\/\"},\"wordCount\":1815,\"image\":{\"@id\":\"https:\\\/\\\/cumse.org\\\/apprendisti-e-naviganti-scu-in-camerun\\\/#primaryimage\"},\"thumbnailUrl\":\"https:\\\/\\\/i0.wp.com\\\/cumse.org\\\/wp-content\\\/uploads\\\/2021\\\/01\\\/WhatsApp-Image-2021-01-19-at-23.24.46.jpeg?fit=1280%2C960&ssl=1\",\"keywords\":[\"Camerun\",\"Fondazione Cumse\",\"Marza\",\"SCU\",\"Servizio Civile Universale\"],\"articleSection\":[\"TrAvaler\"],\"inLanguage\":\"fr-FR\"},{\"@type\":\"WebPage\",\"@id\":\"https:\\\/\\\/cumse.org\\\/apprendisti-e-naviganti-scu-in-camerun\\\/\",\"url\":\"https:\\\/\\\/cumse.org\\\/apprendisti-e-naviganti-scu-in-camerun\\\/\",\"name\":\"20 gennaio - Apprendisti e naviganti - Fondazione Cumse ETS\",\"isPartOf\":{\"@id\":\"https:\\\/\\\/cumse.org\\\/#website\"},\"primaryImageOfPage\":{\"@id\":\"https:\\\/\\\/cumse.org\\\/apprendisti-e-naviganti-scu-in-camerun\\\/#primaryimage\"},\"image\":{\"@id\":\"https:\\\/\\\/cumse.org\\\/apprendisti-e-naviganti-scu-in-camerun\\\/#primaryimage\"},\"thumbnailUrl\":\"https:\\\/\\\/i0.wp.com\\\/cumse.org\\\/wp-content\\\/uploads\\\/2021\\\/01\\\/WhatsApp-Image-2021-01-19-at-23.24.46.jpeg?fit=1280%2C960&ssl=1\",\"datePublished\":\"2021-01-20T21:50:40+00:00\",\"dateModified\":\"2021-03-15T09:44:57+00:00\",\"author\":{\"@id\":\"https:\\\/\\\/cumse.org\\\/#\\\/schema\\\/person\\\/d8802c7f9d251c013018b375be80cb06\"},\"description\":\"SCU - Valeryo Falcone, civilista di Fondazione Cumse, racconta la sua esperienza in modo leggero e divertente. SEGUITE LA SUA STORIA!\",\"breadcrumb\":{\"@id\":\"https:\\\/\\\/cumse.org\\\/apprendisti-e-naviganti-scu-in-camerun\\\/#breadcrumb\"},\"inLanguage\":\"fr-FR\",\"potentialAction\":[{\"@type\":\"ReadAction\",\"target\":[\"https:\\\/\\\/cumse.org\\\/apprendisti-e-naviganti-scu-in-camerun\\\/\"]}]},{\"@type\":\"ImageObject\",\"inLanguage\":\"fr-FR\",\"@id\":\"https:\\\/\\\/cumse.org\\\/apprendisti-e-naviganti-scu-in-camerun\\\/#primaryimage\",\"url\":\"https:\\\/\\\/i0.wp.com\\\/cumse.org\\\/wp-content\\\/uploads\\\/2021\\\/01\\\/WhatsApp-Image-2021-01-19-at-23.24.46.jpeg?fit=1280%2C960&ssl=1\",\"contentUrl\":\"https:\\\/\\\/i0.wp.com\\\/cumse.org\\\/wp-content\\\/uploads\\\/2021\\\/01\\\/WhatsApp-Image-2021-01-19-at-23.24.46.jpeg?fit=1280%2C960&ssl=1\",\"width\":1280,\"height\":960},{\"@type\":\"BreadcrumbList\",\"@id\":\"https:\\\/\\\/cumse.org\\\/apprendisti-e-naviganti-scu-in-camerun\\\/#breadcrumb\",\"itemListElement\":[{\"@type\":\"ListItem\",\"position\":1,\"name\":\"Home\",\"item\":\"https:\\\/\\\/cumse.org\\\/\"},{\"@type\":\"ListItem\",\"position\":2,\"name\":\"20 gennaio &#8211; Apprendisti e naviganti\"}]},{\"@type\":\"WebSite\",\"@id\":\"https:\\\/\\\/cumse.org\\\/#website\",\"url\":\"https:\\\/\\\/cumse.org\\\/\",\"name\":\"Fondazione Cumse ETS\",\"description\":\"Siamo dove gli altri distolgono lo sguardo\",\"potentialAction\":[{\"@type\":\"SearchAction\",\"target\":{\"@type\":\"EntryPoint\",\"urlTemplate\":\"https:\\\/\\\/cumse.org\\\/?s={search_term_string}\"},\"query-input\":{\"@type\":\"PropertyValueSpecification\",\"valueRequired\":true,\"valueName\":\"search_term_string\"}}],\"inLanguage\":\"fr-FR\"},{\"@type\":\"Person\",\"@id\":\"https:\\\/\\\/cumse.org\\\/#\\\/schema\\\/person\\\/d8802c7f9d251c013018b375be80cb06\",\"name\":\"admin\",\"image\":{\"@type\":\"ImageObject\",\"inLanguage\":\"fr-FR\",\"@id\":\"https:\\\/\\\/secure.gravatar.com\\\/avatar\\\/7fcee464d094e0b490b50408a0c7356276eedd5a17796d503ee821451b764c37?s=96&d=mm&r=g\",\"url\":\"https:\\\/\\\/secure.gravatar.com\\\/avatar\\\/7fcee464d094e0b490b50408a0c7356276eedd5a17796d503ee821451b764c37?s=96&d=mm&r=g\",\"contentUrl\":\"https:\\\/\\\/secure.gravatar.com\\\/avatar\\\/7fcee464d094e0b490b50408a0c7356276eedd5a17796d503ee821451b764c37?s=96&d=mm&r=g\",\"caption\":\"admin\"}}]}<\/script>\n<!-- \/ Yoast SEO plugin. -->","yoast_head_json":{"title":"20 gennaio - Apprendisti e naviganti - Fondazione Cumse ETS","description":"SCU - Valeryo Falcone, civilista di Fondazione Cumse, racconta la sua esperienza in modo leggero e divertente. SEGUITE LA SUA STORIA!","robots":{"index":"index","follow":"follow","max-snippet":"max-snippet:-1","max-image-preview":"max-image-preview:large","max-video-preview":"max-video-preview:-1"},"canonical":"https:\/\/cumse.org\/fr\/apprendisti-e-naviganti-scu-in-camerun\/","og_locale":"fr_FR","og_type":"article","og_title":"20 gennaio - Apprendisti e naviganti - Fondazione Cumse ETS","og_description":"SCU - Valeryo Falcone, civilista di Fondazione Cumse, racconta la sua esperienza in modo leggero e divertente. SEGUITE LA SUA STORIA!","og_url":"https:\/\/cumse.org\/fr\/apprendisti-e-naviganti-scu-in-camerun\/","og_site_name":"Fondazione Cumse ETS","article_published_time":"2021-01-20T21:50:40+00:00","article_modified_time":"2021-03-15T09:44:57+00:00","og_image":[{"width":1280,"height":960,"url":"https:\/\/cumse.org\/wp-content\/uploads\/2021\/01\/WhatsApp-Image-2021-01-19-at-23.24.46.jpeg","type":"image\/jpeg"}],"author":"admin","twitter_card":"summary_large_image","twitter_misc":{"\u00c9crit par":"admin","Dur\u00e9e de lecture estim\u00e9e":"9 minutes"},"schema":{"@context":"https:\/\/schema.org","@graph":[{"@type":"Article","@id":"https:\/\/cumse.org\/apprendisti-e-naviganti-scu-in-camerun\/#article","isPartOf":{"@id":"https:\/\/cumse.org\/apprendisti-e-naviganti-scu-in-camerun\/"},"author":{"name":"admin","@id":"https:\/\/cumse.org\/#\/schema\/person\/d8802c7f9d251c013018b375be80cb06"},"headline":"20 gennaio &#8211; Apprendisti e naviganti","datePublished":"2021-01-20T21:50:40+00:00","dateModified":"2021-03-15T09:44:57+00:00","mainEntityOfPage":{"@id":"https:\/\/cumse.org\/apprendisti-e-naviganti-scu-in-camerun\/"},"wordCount":1815,"image":{"@id":"https:\/\/cumse.org\/apprendisti-e-naviganti-scu-in-camerun\/#primaryimage"},"thumbnailUrl":"https:\/\/i0.wp.com\/cumse.org\/wp-content\/uploads\/2021\/01\/WhatsApp-Image-2021-01-19-at-23.24.46.jpeg?fit=1280%2C960&ssl=1","keywords":["Camerun","Fondazione Cumse","Marza","SCU","Servizio Civile Universale"],"articleSection":["TrAvaler"],"inLanguage":"fr-FR"},{"@type":"WebPage","@id":"https:\/\/cumse.org\/apprendisti-e-naviganti-scu-in-camerun\/","url":"https:\/\/cumse.org\/apprendisti-e-naviganti-scu-in-camerun\/","name":"20 gennaio - Apprendisti e naviganti - Fondazione Cumse ETS","isPartOf":{"@id":"https:\/\/cumse.org\/#website"},"primaryImageOfPage":{"@id":"https:\/\/cumse.org\/apprendisti-e-naviganti-scu-in-camerun\/#primaryimage"},"image":{"@id":"https:\/\/cumse.org\/apprendisti-e-naviganti-scu-in-camerun\/#primaryimage"},"thumbnailUrl":"https:\/\/i0.wp.com\/cumse.org\/wp-content\/uploads\/2021\/01\/WhatsApp-Image-2021-01-19-at-23.24.46.jpeg?fit=1280%2C960&ssl=1","datePublished":"2021-01-20T21:50:40+00:00","dateModified":"2021-03-15T09:44:57+00:00","author":{"@id":"https:\/\/cumse.org\/#\/schema\/person\/d8802c7f9d251c013018b375be80cb06"},"description":"SCU - Valeryo Falcone, civilista di Fondazione Cumse, racconta la sua esperienza in modo leggero e divertente. SEGUITE LA SUA STORIA!","breadcrumb":{"@id":"https:\/\/cumse.org\/apprendisti-e-naviganti-scu-in-camerun\/#breadcrumb"},"inLanguage":"fr-FR","potentialAction":[{"@type":"ReadAction","target":["https:\/\/cumse.org\/apprendisti-e-naviganti-scu-in-camerun\/"]}]},{"@type":"ImageObject","inLanguage":"fr-FR","@id":"https:\/\/cumse.org\/apprendisti-e-naviganti-scu-in-camerun\/#primaryimage","url":"https:\/\/i0.wp.com\/cumse.org\/wp-content\/uploads\/2021\/01\/WhatsApp-Image-2021-01-19-at-23.24.46.jpeg?fit=1280%2C960&ssl=1","contentUrl":"https:\/\/i0.wp.com\/cumse.org\/wp-content\/uploads\/2021\/01\/WhatsApp-Image-2021-01-19-at-23.24.46.jpeg?fit=1280%2C960&ssl=1","width":1280,"height":960},{"@type":"BreadcrumbList","@id":"https:\/\/cumse.org\/apprendisti-e-naviganti-scu-in-camerun\/#breadcrumb","itemListElement":[{"@type":"ListItem","position":1,"name":"Home","item":"https:\/\/cumse.org\/"},{"@type":"ListItem","position":2,"name":"20 gennaio &#8211; Apprendisti e naviganti"}]},{"@type":"WebSite","@id":"https:\/\/cumse.org\/#website","url":"https:\/\/cumse.org\/","name":"Fondazione Cumse ETS","description":"Siamo dove gli altri distolgono lo sguardo","potentialAction":[{"@type":"SearchAction","target":{"@type":"EntryPoint","urlTemplate":"https:\/\/cumse.org\/?s={search_term_string}"},"query-input":{"@type":"PropertyValueSpecification","valueRequired":true,"valueName":"search_term_string"}}],"inLanguage":"fr-FR"},{"@type":"Person","@id":"https:\/\/cumse.org\/#\/schema\/person\/d8802c7f9d251c013018b375be80cb06","name":"admin","image":{"@type":"ImageObject","inLanguage":"fr-FR","@id":"https:\/\/secure.gravatar.com\/avatar\/7fcee464d094e0b490b50408a0c7356276eedd5a17796d503ee821451b764c37?s=96&d=mm&r=g","url":"https:\/\/secure.gravatar.com\/avatar\/7fcee464d094e0b490b50408a0c7356276eedd5a17796d503ee821451b764c37?s=96&d=mm&r=g","contentUrl":"https:\/\/secure.gravatar.com\/avatar\/7fcee464d094e0b490b50408a0c7356276eedd5a17796d503ee821451b764c37?s=96&d=mm&r=g","caption":"admin"}}]}},"jetpack_featured_media_url":"https:\/\/i0.wp.com\/cumse.org\/wp-content\/uploads\/2021\/01\/WhatsApp-Image-2021-01-19-at-23.24.46.jpeg?fit=1280%2C960&ssl=1","jetpack_sharing_enabled":true,"_links":{"self":[{"href":"https:\/\/cumse.org\/fr\/wp-json\/wp\/v2\/posts\/3767","targetHints":{"allow":["GET"]}}],"collection":[{"href":"https:\/\/cumse.org\/fr\/wp-json\/wp\/v2\/posts"}],"about":[{"href":"https:\/\/cumse.org\/fr\/wp-json\/wp\/v2\/types\/post"}],"author":[{"embeddable":true,"href":"https:\/\/cumse.org\/fr\/wp-json\/wp\/v2\/users\/1"}],"replies":[{"embeddable":true,"href":"https:\/\/cumse.org\/fr\/wp-json\/wp\/v2\/comments?post=3767"}],"version-history":[{"count":0,"href":"https:\/\/cumse.org\/fr\/wp-json\/wp\/v2\/posts\/3767\/revisions"}],"wp:featuredmedia":[{"embeddable":true,"href":"https:\/\/cumse.org\/fr\/wp-json\/wp\/v2\/media\/4488"}],"wp:attachment":[{"href":"https:\/\/cumse.org\/fr\/wp-json\/wp\/v2\/media?parent=3767"}],"wp:term":[{"taxonomy":"category","embeddable":true,"href":"https:\/\/cumse.org\/fr\/wp-json\/wp\/v2\/categories?post=3767"},{"taxonomy":"post_tag","embeddable":true,"href":"https:\/\/cumse.org\/fr\/wp-json\/wp\/v2\/tags?post=3767"}],"curies":[{"name":"wp","href":"https:\/\/api.w.org\/{rel}","templated":true}]}}