{"id":3765,"date":"2021-01-18T21:55:03","date_gmt":"2021-01-18T20:55:03","guid":{"rendered":"https:\/\/cumse.org\/?p=3765"},"modified":"2021-03-11T17:01:51","modified_gmt":"2021-03-11T16:01:51","slug":"conta_abilita-scu-in-camerun","status":"publish","type":"post","link":"https:\/\/cumse.org\/fr\/conta_abilita-scu-in-camerun\/","title":{"rendered":"18 gennaio &#8211; Conta_abilit\u00e0"},"content":{"rendered":"<p>Sono approdato in Camerun il 17 dicembre, 31 giorni fa.<\/p>\n<p>Prima di partire ho immaginato questa esperienza con la stessa forma di un <strong>auto-concepimento<\/strong>, ammesso che questo ne abbia una. 9 mesi, a dir il vero quasi dieci, la mia pigrizia sarebbe capace di procrastinare proprio tutto, anche la mia nascita. <strong>In Africa il tempo \u00e8 un concetto come non mai relativo.<\/strong><\/p>\n<p>Quante cose ho gi\u00e0 vissuto. Gli alberi qui crescono pi\u00f9 velocemente e diventano giganteschi. I semi tramutano in piante gi\u00e0 solide e forti in poco pi\u00f9 di un anno. La stagione delle piogge cambia il colore del mondo in due settimane, il verde in ben che non si dica, domina su tutto. <strong>Potente<\/strong>. Ma solo per 6 mesi. Con altrettanta velocit\u00e0 la linfa lascia il passo alla morte. <strong>Il lavoro della terra si scansa all&#8217;avanzare del riposo.<\/strong> Torner\u00e0 l&#8217;oro cenere sui campi,ridipingendo gli orizzonti. Ed \u00e8 proprio in quel periodo che io dovr\u00f2 tornare a casa, chiudendo un <strong>cerchio<\/strong>, pronto a disegnarne un altro chiss\u00e0 dove.<\/p>\n<p>Mi piacerebbe che la mia testa si trasformasse nella punta di un compasso, agganciandosi di volta in volta su qualche pezzo di terra emersa, pronta ad ampliare le proprie vedute, tracciando nuove circonferenze. Ma \u00e8 troppo presto per pensarci. Ed era troppo presto anche sta mattina alle 6 quando il mio cellulare ha pensato bene di rimembrarmi i compiti della giornata tutto d&#8217;un botto: devo scattare le fotografie alle nuove ragazze appena giunte al centro.<\/p>\n<table style=\"width: 100%; border-collapse: collapse;\" border=\"0\">\n<tbody>\n<tr>\n<td style=\"width: 100%; background-color: red; text-align: center; vertical-align: top;\">\n<h4><a href=\"\/fr\/servizio-civile-universale\/\"><span style=\"color: #ffffff;\"><strong>Per saperne di pi\u00f9 sul Servizio Civile Universale &#8211; SCU &#8211; clicca qu\u00ec!<\/strong><\/span><\/a><\/h4>\n<\/td>\n<\/tr>\n<\/tbody>\n<\/table>\n<p>Voglio dormire.<br \/>\nNon tanto dai&#8230; qualche minuto ancora, vi prego!<br \/>\nLa mattina, dopo le cinque, restare a letto qui \u00e8 fenomenale: la temperatura esterna \u00e8 abbastanza bassa da farti davvero godere della tua copertona tamarra con le roselline, <strong>100% poliestere made in china<\/strong> che procura un tiepido tepore al microcosmo creatosi sotto le lenzuola.<br \/>\nE&#8217; il mio momento. E&#8217; davvero raro che il dormiveglia anzich\u00e8 essere spiacevole e snervante evolva in una condizione positiva. Me ne sto l\u00ec bello placido, con l&#8217;arietta docile che mi accarezza le guance, sento un principio di brivido ma no, muore sul nascere perch\u00e9 le terminazioni nervose mi ricordano appena in tempo che i miei piedi sono<br \/>\nal caldo. Non un caldo torrido e appiccicoso, un calduccio giusto, fresco, riposante. <strong>Proprio la temperatura ideale.<\/strong><\/p>\n<p>Ho impiegato le 6 ore di sonno precedenti per creare questo capolavoro di brodo primordiale, e sul pi\u00f9 bello, appena inizio a godermelo, devo abbandonarlo. Ragazzi, \u00e8 <strong>TRAGICO!<\/strong> Quale capitano che si rispetti farebbe mai una cosa simile? Se incontro il fenomeno che ha proferito l&#8217;adagio: &#8220;il lavoro nobilita l&#8217;uomo!&#8221; <strong>lo strozzo con le mie mani!<\/strong><\/p>\n<p>Devo finire questo progetto! Non lo faccio certo per l&#8217;amor che muove il sole e le altre stelle, macch\u00e9! Solo per le ragazze e per il mio ego smisurato! 6.20 il balordo ripete la cantilena.<br \/>\nMi arrendo!<strong> Addio mio amato giaciglio<\/strong>, ti ho vissuto: \u00e8 stato breve ma intenso. Non c&#8217;\u00e8 acqua. Una blatta supina e morente occupa un&#8217;angolo del bagno.<br \/>\nMessaggio ricevuto, <strong>buongiorno un par di balle!<\/strong><\/p>\n<p>Arrivo a casa di <strong>suor Nicole<\/strong> e vedo trotterellare nell&#8217;erbetta tre maialini. Non faccio in tempo a sorridere pensando a quanto siano carini che il ricordo del loro povero compare nella carriola mi scompensa le meningi. Sono le 6.40. Giornatina mica male.<br \/>\nApprodiamo dalle giovani e cogliamo le dovute pose. Alle 8 incontro in ufficio per decidere il programma settimanale.<\/p>\n<p><strong>Ho un&#8217;ora libera<\/strong>! Mi piazzo sul letto ma vestito, sopra le lenzuola, non c&#8217;\u00e8 paragone. In ufficio sono tutti puntuali. Il che mi restituisce alcune speranze riguardo all&#8217;andamento delle ore a venire.<br \/>\nDevo andare con <strong>Etienne<\/strong> ad occuparmi della costruzione dei letti per le nuove arrivate. Non possono mica dormire su un materasso in terra per sempre!<br \/>\nCon il mio mastro \u00e8 tutto un girare chiavi inglesi e sporcarsi le mani. Finalmente posso usare gli attrezzi che mio padre mi ha obbligato a mettere in valigia.<br \/>\nCome al solito, aveva ragione lui, a qualcosa son serviti. Mancano materiali, continueremo domani.<\/p>\n<p><img data-recalc-dims=\"1\" loading=\"lazy\" decoding=\"async\" class=\"alignnone wp-image-4382\" src=\"https:\/\/i0.wp.com\/cumse.org\/wp-content\/uploads\/2021\/01\/WhatsApp-Image-2021-01-19-at-23.24.57.jpeg?resize=306%2C408&#038;ssl=1\" alt=\"\" width=\"306\" height=\"408\" srcset=\"https:\/\/i0.wp.com\/cumse.org\/wp-content\/uploads\/2021\/01\/WhatsApp-Image-2021-01-19-at-23.24.57.jpeg?w=810&amp;ssl=1 810w, https:\/\/i0.wp.com\/cumse.org\/wp-content\/uploads\/2021\/01\/WhatsApp-Image-2021-01-19-at-23.24.57.jpeg?resize=800%2C1067&amp;ssl=1 800w, https:\/\/i0.wp.com\/cumse.org\/wp-content\/uploads\/2021\/01\/WhatsApp-Image-2021-01-19-at-23.24.57.jpeg?resize=225%2C300&amp;ssl=1 225w, https:\/\/i0.wp.com\/cumse.org\/wp-content\/uploads\/2021\/01\/WhatsApp-Image-2021-01-19-at-23.24.57.jpeg?resize=768%2C1024&amp;ssl=1 768w\" sizes=\"auto, (max-width: 306px) 100vw, 306px\" \/> <img data-recalc-dims=\"1\" loading=\"lazy\" decoding=\"async\" class=\"alignnone wp-image-4383\" src=\"https:\/\/i0.wp.com\/cumse.org\/wp-content\/uploads\/2021\/01\/WhatsApp-Image-2021-01-19-at-23.24.49-1.jpeg?resize=314%2C419&#038;ssl=1\" alt=\"\" width=\"314\" height=\"419\" srcset=\"https:\/\/i0.wp.com\/cumse.org\/wp-content\/uploads\/2021\/01\/WhatsApp-Image-2021-01-19-at-23.24.49-1.jpeg?w=1200&amp;ssl=1 1200w, https:\/\/i0.wp.com\/cumse.org\/wp-content\/uploads\/2021\/01\/WhatsApp-Image-2021-01-19-at-23.24.49-1.jpeg?resize=800%2C1067&amp;ssl=1 800w, https:\/\/i0.wp.com\/cumse.org\/wp-content\/uploads\/2021\/01\/WhatsApp-Image-2021-01-19-at-23.24.49-1.jpeg?resize=225%2C300&amp;ssl=1 225w, https:\/\/i0.wp.com\/cumse.org\/wp-content\/uploads\/2021\/01\/WhatsApp-Image-2021-01-19-at-23.24.49-1.jpeg?resize=768%2C1024&amp;ssl=1 768w, https:\/\/i0.wp.com\/cumse.org\/wp-content\/uploads\/2021\/01\/WhatsApp-Image-2021-01-19-at-23.24.49-1.jpeg?resize=1152%2C1536&amp;ssl=1 1152w\" sizes=\"auto, (max-width: 314px) 100vw, 314px\" \/><\/p>\n<p><strong> Matacon<\/strong> mi aspetta seduto sulle scale di casa.<br \/>\nSapevo che non avrebbe mancato l&#8217;appuntamento. Lo invito ad entrare, si fa sottile sottile, pi\u00f9 di quanto gi\u00e0 non sia, e resta immobile appoggiato contro lo stipite della porta. Ho qualcosa per lui; <strong>banane, un bell&#8217;avocado, un blocco per gli appunti e due penne nuove di zecca, di cui una rubata in qualche ufficio.<\/strong><br \/>\nConsegno il sacchetto, mi guarda. Fissa il sacchetto. Ritorna a focalizzarsi sul mio muso. <em>&#8220;Vorrei restare qui con lei!&#8221;<\/em><br \/>\n<em>&#8220;Come scusa?&#8221;<\/em> non credo di aver capito bene. Sempre pi\u00f9 imbarazzato tira fuori l&#8217;ultimo fiato che gli resta in quel suo corpicino pelle e ossa e mi dice: <em>&#8220;vorrei restare qui con lei!&#8221;<\/em><\/p>\n<p>Ora, se \u00e8 vero che un battito di farfalla \u00e8 in grado di generare un terremoto, pensate che razza di cataclisma venga fuori da una frase tanto semplice quanto letale, pronunciata con un tono cos\u00ec innocente.<br \/>\n<strong>Sono interdetto<\/strong>. Nel senso che assumo le sembianze di un manico di scopa seduta stante. Mi schiarisco la gola.<br \/>\nIl fatto \u00e8 che questa non \u00e8 casa mia, alla fine di settembre io me ne andr\u00f2, lui ha una famiglia, anche questo non \u00e8 da poco. Deve pensare che gli altri potrebbero sentire la sua mancanza (<strong>mentre lo dico spero in cuor mio che sia davvero cosi<\/strong>).<\/p>\n<p><em>&#8220;Possiamo essere amici se vuoi, \u00e8 un piccolo inizio dopotutto non credi?&#8221;<\/em><br \/>\n<em>&#8220;Ok&#8221;<\/em>. Pugno con pugno, ci salutiamo con il proposito di rivederci presto. <strong>Ancora non capisco perch\u00e9 siano i bambini ad andare a lezione<\/strong>.<br \/>\nIl nostro mondo \u00e8 tutto al contrario, dovrebbero andarci gli adulti. Impareremmo tutti qualcosa perch\u00e9, a quanto pare, di lezioni da darci i bimbi ne hanno anche troppe.<\/p>\n<p>Suor Nicole interrompe il principio di invettiva contro l&#8217;umanit\u00e0 che stava per sorgere nel mio cervello e mi consegna gli ultimi documenti. Completo finalmente il dossier relativo alle piccole donne. Ora di pranzo, conservo le ossa del pollo, ho un piano per dopo. Verso le 13 c&#8217;\u00e8 miracolosamente acqua. Colto da una bizzarra energia probabilmente dovuta al chilo di patate ingurgitate a pranzo, o dai sensi di colpa di una vita in vacanza, decido di lavarmi i vestiti.<br \/>\nIl successo della procedura mi sblocca la voglia in stile domino.<\/p>\n<p>Mass\u00ec dai, faccio anche la doccia! Saranno tre giorni che vado avanti a <strong>salviettine<\/strong>. Mentre mi asciugo, completamente rinato, l&#8217;occhio mi cade sullo specchio e, vanesio, mette a fuoco la faccia. <strong>Ma sai cosa? Mi faccio anche la barba, gi\u00e0 che ci sono ottimizzo!<\/strong> Il fanciullino milanese che \u00e8 in me esulta per questo tipo di economie.<br \/>\nRimesso a nuovo esco alla ricerca di un cane a cui dare i miei ossicini. Bisogna condividere. Niente&#8230; quando li cerchi nemmeno l&#8217;ombra.<\/p>\n<p>Torno in casa, lavoro un po&#8217; al pc e son gi\u00e0 le 16.30, Jojo mi bussa alla porta. Lo invito ad entrare, ma la porta \u00e8 chiusa a chiave. Ma mica si \u00e8 chiusa da sola eh, l&#8217;ho chiusa io un&#8217;ora prima.<br \/>\nE&#8217; ufficiale: son cretino. Non mi \u00e8 bastato paccare la lezione di ieri, gli faccio anche gli scherzetti. Chiss\u00e0 cosa pensa di me. Jojo \u00e8 superiore, non pensa male, \u00e8 una persona seria lui, a differenza di qualcuno che conosco molto bene. 35 minuti secchi e concentrati di lezione.<\/p>\n<p>17.05 siamo in ritardo per la messa. Non sapevo ci fosse, ma accetto il suo invito. Passeggiando in direzione dello stabile facciamo un po&#8217; di conversazione. <strong>Sto migliorando, me lo sento!<\/strong><br \/>\n<strong>Brenda<\/strong> mi corre incontro, stupenda come sempre. <strong>Num Num, Nicol\u00e0, Dudu, Nadine<\/strong> sono fuori, ma la messa \u00e8 gi\u00e0 iniziata. Li esortiamo ad entrare, di tutta risposta quelli fanno orecchie da mercante in modo spudorato.<\/p>\n<p><strong>Non ho capito niente di ci\u00f2 che ha detto padre Alois!<br \/>\n<\/strong> Sta mattina abbiamo avuto anche un breve incontro in ufficio. Sorrideva ed era cordiale. <strong>La cosa mi ha colpito!<\/strong> Mi sono sentito un po&#8217; in colpa per averlo giudicato forse precipitosamente, tuttavia pur rispondendo in modo generale e costruendo delle espressioni facciali credibili, vi giuro, non ho idea di che cosa abbia detto per i cinque minuti in cui ci ho discusso. Io da parte mia mi sono limitato a cose tipo: &#8220;Ah, \u00e8 vero, certo, volentieri, capisco!&#8221;. <strong>FINE<\/strong>. Forse mi porta a lavorare nei campi con lui.<\/p>\n<p>Ma forse. Chiss\u00e0, spero che questo mio vizio di fingere di comprendere le cose per non sembrare ancora pi\u00f9 stupido del normale non mi riservi spiacevoli sorprese.<br \/>\nTemo per\u00f2 di avere guai in vista. Alla fine della messa scopriamo che il prete ha cannato ancora la cerimonia, professando quella del 18 febbraio. Nicol\u00e0 mi trascina per la mano fuori dallo stabile. <strong>Lui e Dudu vogliono essere portati in spalletta. A quanto pare oggi si lavora sodo.<\/strong><\/p>\n<p>Voglio cercare i cani, Brenda e Nicol\u00e0 mi seguono all&#8217;avventura. Niente. Spero domattina di beccare David al solito posto (\u00e8 il nome del cane eh, non \u00e8 che da bianco colonizzatore do le ossa avanzate da mangiare alla<br \/>\ngente, meglio specificare!). 19.30 Gede\u00f2 mi bussa alla porta. Cercava suor Nicole ma lei non abita pi\u00f9 qui. Mangia un pezzo di torta che Manass\u00e8 e Michel mi hanno consegnato poco prima, da parte di chi poi, manco ne ho una vaga idea. Lo invito ad accomodarsi visto che ormai sta masticando, <strong>strano modo di essere educati!<\/strong><br \/>\nMangi pure quanto vuole e beva, andr\u00e0 poi dalla suora. Mi ringrazia e mi dice che passer\u00e0 pi\u00f9 spesso. Che se ne voglia approfittare?<\/p>\n<p>Meglio lasciarsi il beneficio del dubbio. Manass\u00e8, polli vivi o morti che siano, resta il mio diletto tra i presunti &#8220;grandi&#8221;.<\/p>\n<p>31 giorni. 744 ore, forse questo ammontare rende maggiormente l&#8217;idea. <strong>44.640 secondi.<\/strong> Forti come tante gocce che, cadendo una ad una, creano un piccolo rigolo d&#8217;acqua.<\/p>\n<p>Lentamente, sento che la costruzione della mia minuscola imbarcazione avanza: mancano 3 mesi alla stagione delle piogge, verr\u00e0 allora il momento di salpare,voglio essere pronto a<strong> seguire il flusso di questa corrente!<\/strong><\/p>\n<p>&nbsp;<\/p>\n<p>&nbsp;<\/p>","protected":false},"excerpt":{"rendered":"<p>Sono approdato in Camerun il 17 dicembre, 31 giorni fa. Prima di partire ho immaginato questa esperienza con la stessa forma di un auto-concepimento, ammesso che questo ne abbia una. 9 mesi, a dir il vero quasi dieci, la mia pigrizia sarebbe capace di procrastinare proprio tutto, anche la mia nascita. In Africa il tempo [&hellip;]<\/p>\n","protected":false},"author":1,"featured_media":4386,"comment_status":"closed","ping_status":"closed","sticky":false,"template":"","format":"standard","meta":{"_jetpack_memberships_contains_paid_content":false,"footnotes":""},"categories":[62],"tags":[68,67,65,66],"class_list":["post-3765","post","type-post","status-publish","format-standard","has-post-thumbnail","hentry","category-travaler","tag-camerun","tag-fondazione-cumse","tag-scu","tag-servizio-civile-universale"],"yoast_head":"<!-- This site is optimized with the Yoast SEO plugin v27.3 - https:\/\/yoast.com\/product\/yoast-seo-wordpress\/ -->\n<title>18 gennaio - Conta_abilit\u00e0 - Fondazione Cumse ETS<\/title>\n<meta name=\"description\" content=\"SCU - Valeryo Falcone, civilista di Fondazione Cumse, racconta la sua esperienza in modo leggero e divertente. SEGUITE LA SUA STORIA!\" \/>\n<meta name=\"robots\" content=\"index, follow, max-snippet:-1, max-image-preview:large, max-video-preview:-1\" \/>\n<link rel=\"canonical\" href=\"https:\/\/cumse.org\/fr\/conta_abilita-scu-in-camerun\/\" \/>\n<meta property=\"og:locale\" content=\"fr_FR\" \/>\n<meta property=\"og:type\" content=\"article\" \/>\n<meta property=\"og:title\" content=\"18 gennaio - Conta_abilit\u00e0 - Fondazione Cumse ETS\" \/>\n<meta property=\"og:description\" content=\"SCU - Valeryo Falcone, civilista di Fondazione Cumse, racconta la sua esperienza in modo leggero e divertente. SEGUITE LA SUA STORIA!\" \/>\n<meta property=\"og:url\" content=\"https:\/\/cumse.org\/fr\/conta_abilita-scu-in-camerun\/\" \/>\n<meta property=\"og:site_name\" content=\"Fondazione Cumse ETS\" \/>\n<meta property=\"article:published_time\" content=\"2021-01-18T20:55:03+00:00\" \/>\n<meta property=\"article:modified_time\" content=\"2021-03-11T16:01:51+00:00\" \/>\n<meta property=\"og:image\" content=\"https:\/\/cumse.org\/wp-content\/uploads\/2021\/01\/WhatsApp-Image-2021-01-21-at-00.02.33.jpeg\" \/>\n\t<meta property=\"og:image:width\" content=\"1600\" \/>\n\t<meta property=\"og:image:height\" content=\"1200\" \/>\n\t<meta property=\"og:image:type\" content=\"image\/jpeg\" \/>\n<meta name=\"author\" content=\"admin\" \/>\n<meta name=\"twitter:card\" content=\"summary_large_image\" \/>\n<meta name=\"twitter:label1\" content=\"\u00c9crit par\" \/>\n\t<meta name=\"twitter:data1\" content=\"admin\" \/>\n\t<meta name=\"twitter:label2\" content=\"Dur\u00e9e de lecture estim\u00e9e\" \/>\n\t<meta name=\"twitter:data2\" content=\"8 minutes\" \/>\n<script type=\"application\/ld+json\" class=\"yoast-schema-graph\">{\"@context\":\"https:\\\/\\\/schema.org\",\"@graph\":[{\"@type\":\"Article\",\"@id\":\"https:\\\/\\\/cumse.org\\\/fr\\\/conta_abilita-scu-in-camerun\\\/#article\",\"isPartOf\":{\"@id\":\"https:\\\/\\\/cumse.org\\\/fr\\\/conta_abilita-scu-in-camerun\\\/\"},\"author\":{\"name\":\"admin\",\"@id\":\"https:\\\/\\\/cumse.org\\\/#\\\/schema\\\/person\\\/d8802c7f9d251c013018b375be80cb06\"},\"headline\":\"18 gennaio &#8211; Conta_abilit\u00e0\",\"datePublished\":\"2021-01-18T20:55:03+00:00\",\"dateModified\":\"2021-03-11T16:01:51+00:00\",\"mainEntityOfPage\":{\"@id\":\"https:\\\/\\\/cumse.org\\\/fr\\\/conta_abilita-scu-in-camerun\\\/\"},\"wordCount\":1611,\"image\":{\"@id\":\"https:\\\/\\\/cumse.org\\\/fr\\\/conta_abilita-scu-in-camerun\\\/#primaryimage\"},\"thumbnailUrl\":\"https:\\\/\\\/i0.wp.com\\\/cumse.org\\\/wp-content\\\/uploads\\\/2021\\\/01\\\/WhatsApp-Image-2021-01-21-at-00.02.33.jpeg?fit=1600%2C1200&ssl=1\",\"keywords\":[\"Camerun\",\"Fondazione Cumse\",\"SCU\",\"Servizio Civile Universale\"],\"articleSection\":[\"TrAvaler\"],\"inLanguage\":\"fr-FR\"},{\"@type\":\"WebPage\",\"@id\":\"https:\\\/\\\/cumse.org\\\/fr\\\/conta_abilita-scu-in-camerun\\\/\",\"url\":\"https:\\\/\\\/cumse.org\\\/fr\\\/conta_abilita-scu-in-camerun\\\/\",\"name\":\"18 gennaio - Conta_abilit\u00e0 - Fondazione Cumse ETS\",\"isPartOf\":{\"@id\":\"https:\\\/\\\/cumse.org\\\/#website\"},\"primaryImageOfPage\":{\"@id\":\"https:\\\/\\\/cumse.org\\\/fr\\\/conta_abilita-scu-in-camerun\\\/#primaryimage\"},\"image\":{\"@id\":\"https:\\\/\\\/cumse.org\\\/fr\\\/conta_abilita-scu-in-camerun\\\/#primaryimage\"},\"thumbnailUrl\":\"https:\\\/\\\/i0.wp.com\\\/cumse.org\\\/wp-content\\\/uploads\\\/2021\\\/01\\\/WhatsApp-Image-2021-01-21-at-00.02.33.jpeg?fit=1600%2C1200&ssl=1\",\"datePublished\":\"2021-01-18T20:55:03+00:00\",\"dateModified\":\"2021-03-11T16:01:51+00:00\",\"author\":{\"@id\":\"https:\\\/\\\/cumse.org\\\/#\\\/schema\\\/person\\\/d8802c7f9d251c013018b375be80cb06\"},\"description\":\"SCU - Valeryo Falcone, civilista di Fondazione Cumse, racconta la sua esperienza in modo leggero e divertente. SEGUITE LA SUA STORIA!\",\"breadcrumb\":{\"@id\":\"https:\\\/\\\/cumse.org\\\/fr\\\/conta_abilita-scu-in-camerun\\\/#breadcrumb\"},\"inLanguage\":\"fr-FR\",\"potentialAction\":[{\"@type\":\"ReadAction\",\"target\":[\"https:\\\/\\\/cumse.org\\\/fr\\\/conta_abilita-scu-in-camerun\\\/\"]}]},{\"@type\":\"ImageObject\",\"inLanguage\":\"fr-FR\",\"@id\":\"https:\\\/\\\/cumse.org\\\/fr\\\/conta_abilita-scu-in-camerun\\\/#primaryimage\",\"url\":\"https:\\\/\\\/i0.wp.com\\\/cumse.org\\\/wp-content\\\/uploads\\\/2021\\\/01\\\/WhatsApp-Image-2021-01-21-at-00.02.33.jpeg?fit=1600%2C1200&ssl=1\",\"contentUrl\":\"https:\\\/\\\/i0.wp.com\\\/cumse.org\\\/wp-content\\\/uploads\\\/2021\\\/01\\\/WhatsApp-Image-2021-01-21-at-00.02.33.jpeg?fit=1600%2C1200&ssl=1\",\"width\":1600,\"height\":1200},{\"@type\":\"BreadcrumbList\",\"@id\":\"https:\\\/\\\/cumse.org\\\/fr\\\/conta_abilita-scu-in-camerun\\\/#breadcrumb\",\"itemListElement\":[{\"@type\":\"ListItem\",\"position\":1,\"name\":\"Home\",\"item\":\"https:\\\/\\\/cumse.org\\\/\"},{\"@type\":\"ListItem\",\"position\":2,\"name\":\"18 gennaio &#8211; Conta_abilit\u00e0\"}]},{\"@type\":\"WebSite\",\"@id\":\"https:\\\/\\\/cumse.org\\\/#website\",\"url\":\"https:\\\/\\\/cumse.org\\\/\",\"name\":\"Fondazione Cumse ETS\",\"description\":\"Siamo dove gli altri distolgono lo sguardo\",\"potentialAction\":[{\"@type\":\"SearchAction\",\"target\":{\"@type\":\"EntryPoint\",\"urlTemplate\":\"https:\\\/\\\/cumse.org\\\/?s={search_term_string}\"},\"query-input\":{\"@type\":\"PropertyValueSpecification\",\"valueRequired\":true,\"valueName\":\"search_term_string\"}}],\"inLanguage\":\"fr-FR\"},{\"@type\":\"Person\",\"@id\":\"https:\\\/\\\/cumse.org\\\/#\\\/schema\\\/person\\\/d8802c7f9d251c013018b375be80cb06\",\"name\":\"admin\",\"image\":{\"@type\":\"ImageObject\",\"inLanguage\":\"fr-FR\",\"@id\":\"https:\\\/\\\/secure.gravatar.com\\\/avatar\\\/7fcee464d094e0b490b50408a0c7356276eedd5a17796d503ee821451b764c37?s=96&d=mm&r=g\",\"url\":\"https:\\\/\\\/secure.gravatar.com\\\/avatar\\\/7fcee464d094e0b490b50408a0c7356276eedd5a17796d503ee821451b764c37?s=96&d=mm&r=g\",\"contentUrl\":\"https:\\\/\\\/secure.gravatar.com\\\/avatar\\\/7fcee464d094e0b490b50408a0c7356276eedd5a17796d503ee821451b764c37?s=96&d=mm&r=g\",\"caption\":\"admin\"}}]}<\/script>\n<!-- \/ Yoast SEO plugin. -->","yoast_head_json":{"title":"18 gennaio - Conta_abilit\u00e0 - Fondazione Cumse ETS","description":"SCU - Valeryo Falcone, civilista di Fondazione Cumse, racconta la sua esperienza in modo leggero e divertente. SEGUITE LA SUA STORIA!","robots":{"index":"index","follow":"follow","max-snippet":"max-snippet:-1","max-image-preview":"max-image-preview:large","max-video-preview":"max-video-preview:-1"},"canonical":"https:\/\/cumse.org\/fr\/conta_abilita-scu-in-camerun\/","og_locale":"fr_FR","og_type":"article","og_title":"18 gennaio - Conta_abilit\u00e0 - Fondazione Cumse ETS","og_description":"SCU - Valeryo Falcone, civilista di Fondazione Cumse, racconta la sua esperienza in modo leggero e divertente. SEGUITE LA SUA STORIA!","og_url":"https:\/\/cumse.org\/fr\/conta_abilita-scu-in-camerun\/","og_site_name":"Fondazione Cumse ETS","article_published_time":"2021-01-18T20:55:03+00:00","article_modified_time":"2021-03-11T16:01:51+00:00","og_image":[{"width":1600,"height":1200,"url":"https:\/\/cumse.org\/wp-content\/uploads\/2021\/01\/WhatsApp-Image-2021-01-21-at-00.02.33.jpeg","type":"image\/jpeg"}],"author":"admin","twitter_card":"summary_large_image","twitter_misc":{"\u00c9crit par":"admin","Dur\u00e9e de lecture estim\u00e9e":"8 minutes"},"schema":{"@context":"https:\/\/schema.org","@graph":[{"@type":"Article","@id":"https:\/\/cumse.org\/fr\/conta_abilita-scu-in-camerun\/#article","isPartOf":{"@id":"https:\/\/cumse.org\/fr\/conta_abilita-scu-in-camerun\/"},"author":{"name":"admin","@id":"https:\/\/cumse.org\/#\/schema\/person\/d8802c7f9d251c013018b375be80cb06"},"headline":"18 gennaio &#8211; Conta_abilit\u00e0","datePublished":"2021-01-18T20:55:03+00:00","dateModified":"2021-03-11T16:01:51+00:00","mainEntityOfPage":{"@id":"https:\/\/cumse.org\/fr\/conta_abilita-scu-in-camerun\/"},"wordCount":1611,"image":{"@id":"https:\/\/cumse.org\/fr\/conta_abilita-scu-in-camerun\/#primaryimage"},"thumbnailUrl":"https:\/\/i0.wp.com\/cumse.org\/wp-content\/uploads\/2021\/01\/WhatsApp-Image-2021-01-21-at-00.02.33.jpeg?fit=1600%2C1200&ssl=1","keywords":["Camerun","Fondazione Cumse","SCU","Servizio Civile Universale"],"articleSection":["TrAvaler"],"inLanguage":"fr-FR"},{"@type":"WebPage","@id":"https:\/\/cumse.org\/fr\/conta_abilita-scu-in-camerun\/","url":"https:\/\/cumse.org\/fr\/conta_abilita-scu-in-camerun\/","name":"18 gennaio - Conta_abilit\u00e0 - Fondazione Cumse ETS","isPartOf":{"@id":"https:\/\/cumse.org\/#website"},"primaryImageOfPage":{"@id":"https:\/\/cumse.org\/fr\/conta_abilita-scu-in-camerun\/#primaryimage"},"image":{"@id":"https:\/\/cumse.org\/fr\/conta_abilita-scu-in-camerun\/#primaryimage"},"thumbnailUrl":"https:\/\/i0.wp.com\/cumse.org\/wp-content\/uploads\/2021\/01\/WhatsApp-Image-2021-01-21-at-00.02.33.jpeg?fit=1600%2C1200&ssl=1","datePublished":"2021-01-18T20:55:03+00:00","dateModified":"2021-03-11T16:01:51+00:00","author":{"@id":"https:\/\/cumse.org\/#\/schema\/person\/d8802c7f9d251c013018b375be80cb06"},"description":"SCU - Valeryo Falcone, civilista di Fondazione Cumse, racconta la sua esperienza in modo leggero e divertente. SEGUITE LA SUA STORIA!","breadcrumb":{"@id":"https:\/\/cumse.org\/fr\/conta_abilita-scu-in-camerun\/#breadcrumb"},"inLanguage":"fr-FR","potentialAction":[{"@type":"ReadAction","target":["https:\/\/cumse.org\/fr\/conta_abilita-scu-in-camerun\/"]}]},{"@type":"ImageObject","inLanguage":"fr-FR","@id":"https:\/\/cumse.org\/fr\/conta_abilita-scu-in-camerun\/#primaryimage","url":"https:\/\/i0.wp.com\/cumse.org\/wp-content\/uploads\/2021\/01\/WhatsApp-Image-2021-01-21-at-00.02.33.jpeg?fit=1600%2C1200&ssl=1","contentUrl":"https:\/\/i0.wp.com\/cumse.org\/wp-content\/uploads\/2021\/01\/WhatsApp-Image-2021-01-21-at-00.02.33.jpeg?fit=1600%2C1200&ssl=1","width":1600,"height":1200},{"@type":"BreadcrumbList","@id":"https:\/\/cumse.org\/fr\/conta_abilita-scu-in-camerun\/#breadcrumb","itemListElement":[{"@type":"ListItem","position":1,"name":"Home","item":"https:\/\/cumse.org\/"},{"@type":"ListItem","position":2,"name":"18 gennaio &#8211; Conta_abilit\u00e0"}]},{"@type":"WebSite","@id":"https:\/\/cumse.org\/#website","url":"https:\/\/cumse.org\/","name":"Fondazione Cumse ETS","description":"Siamo dove gli altri distolgono lo sguardo","potentialAction":[{"@type":"SearchAction","target":{"@type":"EntryPoint","urlTemplate":"https:\/\/cumse.org\/?s={search_term_string}"},"query-input":{"@type":"PropertyValueSpecification","valueRequired":true,"valueName":"search_term_string"}}],"inLanguage":"fr-FR"},{"@type":"Person","@id":"https:\/\/cumse.org\/#\/schema\/person\/d8802c7f9d251c013018b375be80cb06","name":"admin","image":{"@type":"ImageObject","inLanguage":"fr-FR","@id":"https:\/\/secure.gravatar.com\/avatar\/7fcee464d094e0b490b50408a0c7356276eedd5a17796d503ee821451b764c37?s=96&d=mm&r=g","url":"https:\/\/secure.gravatar.com\/avatar\/7fcee464d094e0b490b50408a0c7356276eedd5a17796d503ee821451b764c37?s=96&d=mm&r=g","contentUrl":"https:\/\/secure.gravatar.com\/avatar\/7fcee464d094e0b490b50408a0c7356276eedd5a17796d503ee821451b764c37?s=96&d=mm&r=g","caption":"admin"}}]}},"jetpack_featured_media_url":"https:\/\/i0.wp.com\/cumse.org\/wp-content\/uploads\/2021\/01\/WhatsApp-Image-2021-01-21-at-00.02.33.jpeg?fit=1600%2C1200&ssl=1","jetpack_sharing_enabled":true,"_links":{"self":[{"href":"https:\/\/cumse.org\/fr\/wp-json\/wp\/v2\/posts\/3765","targetHints":{"allow":["GET"]}}],"collection":[{"href":"https:\/\/cumse.org\/fr\/wp-json\/wp\/v2\/posts"}],"about":[{"href":"https:\/\/cumse.org\/fr\/wp-json\/wp\/v2\/types\/post"}],"author":[{"embeddable":true,"href":"https:\/\/cumse.org\/fr\/wp-json\/wp\/v2\/users\/1"}],"replies":[{"embeddable":true,"href":"https:\/\/cumse.org\/fr\/wp-json\/wp\/v2\/comments?post=3765"}],"version-history":[{"count":0,"href":"https:\/\/cumse.org\/fr\/wp-json\/wp\/v2\/posts\/3765\/revisions"}],"wp:featuredmedia":[{"embeddable":true,"href":"https:\/\/cumse.org\/fr\/wp-json\/wp\/v2\/media\/4386"}],"wp:attachment":[{"href":"https:\/\/cumse.org\/fr\/wp-json\/wp\/v2\/media?parent=3765"}],"wp:term":[{"taxonomy":"category","embeddable":true,"href":"https:\/\/cumse.org\/fr\/wp-json\/wp\/v2\/categories?post=3765"},{"taxonomy":"post_tag","embeddable":true,"href":"https:\/\/cumse.org\/fr\/wp-json\/wp\/v2\/tags?post=3765"}],"curies":[{"name":"wp","href":"https:\/\/api.w.org\/{rel}","templated":true}]}}