{"id":3755,"date":"2021-01-17T15:44:44","date_gmt":"2021-01-17T14:44:44","guid":{"rendered":"https:\/\/cumse.org\/?p=3755"},"modified":"2021-03-11T16:11:23","modified_gmt":"2021-03-11T15:11:23","slug":"animalisti-sconvinti-scu-in-camerun","status":"publish","type":"post","link":"https:\/\/cumse.org\/fr\/animalisti-sconvinti-scu-in-camerun\/","title":{"rendered":"17 gennaio &#8211; Animalisti sconvinti"},"content":{"rendered":"<p>Sveglia alle 7.20. Prima di dare inizio alla mia vestizione ante-messa mi reco al gabinetto per sciacquarmi il grugno ancora patinato di sonno. Un&#8217;abitudine che mi porto dietro da tutta la vita.<\/p>\n<p>Ammesso che ci sia&#8230; l&#8217;acqua. Non faccio in tempo a girare il pomello del rubinetto che vengo sorpreso contemporaneamente da due eventi di differente rilevanza, punto primo: <strong>ABEMUS AQUAM!<\/strong> Il che \u00e8 stato l\u00ec per l\u00ec consolatorio (ma solo l\u00ec per l\u00ec, dato che alle 7.40 gi\u00e0 non se ne vedeva pi\u00f9 manco l&#8217;ombra di una goccia (a<span style=\"font-size: 1rem;\">ddio ai buoni propositi di lavare i panni o far la doccia). Punto secondo: <strong>MOLLY<\/strong>! Ebbene si la mia ranocchietta amica, guardiana <\/span>anti zanzare \u00e8 riapparsa dallo sfintere del lavandino causandomi un principio di angina-pectoris.<\/p>\n<p>Sono contento che sia viva (ormai si chiama Molly e dunque, pur essendovi la remota possibilit\u00e0 che si tratti di un esemplare maschio, me ne frego) tuttavia normalmente appena svegliato non capisco proprio un bel niente<br \/>\ndella vita in generale, figuriamoci se sono mentalmente pronto ad accogliere una visita a sorpresa direttamente dallo scolo del lavabo. Sono ancora in mutande, che diamine, dammi almeno il tempo di vestirmi! Ma le rane non bussano in genere? Un gracidio di avviso&#8230;NIENTE!<\/p>\n<p><img data-recalc-dims=\"1\" loading=\"lazy\" decoding=\"async\" class=\"alignnone wp-image-4375\" src=\"https:\/\/i0.wp.com\/cumse.org\/wp-content\/uploads\/2021\/01\/WhatsApp-Image-2021-01-19-at-23.24.41.jpeg?resize=340%2C453&#038;ssl=1\" alt=\"\" width=\"340\" height=\"453\" srcset=\"https:\/\/i0.wp.com\/cumse.org\/wp-content\/uploads\/2021\/01\/WhatsApp-Image-2021-01-19-at-23.24.41.jpeg?w=1200&amp;ssl=1 1200w, https:\/\/i0.wp.com\/cumse.org\/wp-content\/uploads\/2021\/01\/WhatsApp-Image-2021-01-19-at-23.24.41.jpeg?resize=800%2C1067&amp;ssl=1 800w, https:\/\/i0.wp.com\/cumse.org\/wp-content\/uploads\/2021\/01\/WhatsApp-Image-2021-01-19-at-23.24.41.jpeg?resize=225%2C300&amp;ssl=1 225w, https:\/\/i0.wp.com\/cumse.org\/wp-content\/uploads\/2021\/01\/WhatsApp-Image-2021-01-19-at-23.24.41.jpeg?resize=768%2C1024&amp;ssl=1 768w, https:\/\/i0.wp.com\/cumse.org\/wp-content\/uploads\/2021\/01\/WhatsApp-Image-2021-01-19-at-23.24.41.jpeg?resize=1152%2C1536&amp;ssl=1 1152w\" sizes=\"auto, (max-width: 340px) 100vw, 340px\" \/><\/p>\n<p>Riprendo le redini del mio cervello presumibilmente danneggiato dallo spavento in modo irreversibile e scatto un paio di foto. Sto imparando, grazie alla mia nuova amica, un numero illusionistico abbastanza buono.<br \/>\nChiudo la porta del bagno, aspetto un minuto, pronuncio una formula magica a ca**o-de-cane (cit. altissima, spero per voi la riconosciate tutti) riapro la porta e MAGIA: Molly non c&#8217;\u00e8 pi\u00f9 e non c&#8217;\u00e8 manco verso di ritrovarla.<\/p>\n<p>Si paleser\u00e0 al cospetto di noi comuni primati a tempo debito, quando lo riterr\u00e0 opportuno.<br \/>\nVedi tu se mi devo accorciare gli anni di vita per i balzi randomici di una ranocchia&#8230; lasciamo perdere!<br \/>\nPrima di uscire mi do una lucidata alle scarpe, ancora piene di terra rossa dalla marcia di ieri. Lindo e pulito mi dirigo verso l&#8217;edificio.<\/p>\n<p>Noi tutti ci aspettiamo <strong>padre Serge<\/strong> con uno dei suoi sermoni accattivanti alla James Brown. Mai credere alle promesse dei marinai, figuriamoci ai programmi degli africani. <strong>Padre Alois<\/strong> smonta ogni argomentazione possibile riguardo alla cerimonia; non solo sar\u00e0 lui a predicare, ma avr\u00e0 anche la sbadata destrezza di cannare il programma seguendo le letture destinate alla settimana successiva. Non ho altro da aggiungere amici&#8230; Oh forse s\u00ec.<\/p>\n<p>Accanto a me c&#8217;\u00e8 seduta una giovane madre con un bimba che supera il concetto stesso di sofficit\u00e0. Un fagottino cuoricioso di amore su gambe, stra pieno di codini colorati in testa. Mi giro per sorriderle teneramente,<br \/>\nil mio sguardo si perde nei dettagli dell&#8217;acconciatura iper strutturata per domare le ribelli ciocche afro, scendo gi\u00f9 verso le guanciotte di cioccolato fondente appena colate da una tazza fumante di Ciobar, mi scatta a mo&#8217; di juke-box il jingle della pubblicit\u00e0 nella testa, a riprova del fatto che io sia ormai del tutto rimbambito e solo allora, nel momento stesso in cui constato la mia imbecillit\u00e0 mi accorgo (saranno passati 10-15 secondi) che all&#8217;estremit\u00e0 della boccuccia di ciliegia<br \/>\ndella piccola c&#8217;\u00e8 attaccato un bel seno nero.<\/p>\n<p>E&#8217; andata proprio come ve la state immaginando. Ho la sensazione che da fuori la scena sia apparsa cos\u00ec:<br \/>\nl&#8217;uomo bianco non solo aspirante pedofilo, ma pure pervertito, l\u00ec a mangiare con gli occhi i seni materni. Schifoso! Viscido! Porco!<\/p>\n<p>Mi sale la temperatura a 45 gradi Celsius e mi giro di scatto sulla destra fissando i pannelli di legno del soffitto. Il movimento del collo \u00e8 pi\u00f9 meccanico di quelli che si vedono compiere ai pupazzi degli orologi a cuc\u00f9 tedeschi avete presente? Forse no, ed \u00e8 un bene!<\/p>\n<p>Non contento, dubitante di essere davvero pirla, mi rigiro a fissarmi le mani e un attimo dopo involontariamente ci ricasco (la met\u00e0 dei miei amici non crederanno all&#8217;avverbio &#8220;<strong>involontariamente<\/strong>&#8221; qui utilizzato, ma parola mia, non intendevo davvero mettermi a sbirciare). Altro movimento di scatto, talmente rigido e legnoso che tra un po&#8217; mi si stacca un tendine da qualche parte. Ho passato i restanti 120 minuti a fissare o il soffitto o le finestre delle pareti del lato destro della chiesa.<\/p>\n<p><img data-recalc-dims=\"1\" loading=\"lazy\" decoding=\"async\" class=\"wp-image-4376 alignright\" src=\"https:\/\/i0.wp.com\/cumse.org\/wp-content\/uploads\/2021\/01\/WhatsApp-Image-2021-01-18-at-06.31.04-1.jpeg?resize=310%2C414&#038;ssl=1\" alt=\"\" width=\"310\" height=\"414\" srcset=\"https:\/\/i0.wp.com\/cumse.org\/wp-content\/uploads\/2021\/01\/WhatsApp-Image-2021-01-18-at-06.31.04-1.jpeg?w=960&amp;ssl=1 960w, https:\/\/i0.wp.com\/cumse.org\/wp-content\/uploads\/2021\/01\/WhatsApp-Image-2021-01-18-at-06.31.04-1.jpeg?resize=800%2C1067&amp;ssl=1 800w, https:\/\/i0.wp.com\/cumse.org\/wp-content\/uploads\/2021\/01\/WhatsApp-Image-2021-01-18-at-06.31.04-1.jpeg?resize=225%2C300&amp;ssl=1 225w, https:\/\/i0.wp.com\/cumse.org\/wp-content\/uploads\/2021\/01\/WhatsApp-Image-2021-01-18-at-06.31.04-1.jpeg?resize=768%2C1024&amp;ssl=1 768w\" sizes=\"auto, (max-width: 310px) 100vw, 310px\" \/><\/p>\n<p>Nicol\u00e0 \u00e8 profondamente deluso dal mio comportamento, oggi ho giocato poco con lui.<br \/>\nDesolato amico mio, troppo imbarazzo per tentare qualunque altro movimento, con il terrore di avere gi\u00e0 la temibile polizia africana alle calcagna munita di mandato di arresto per molestie sessuali, mi dirigo quanto pi\u00f9 velocemente possibile a <strong>Villa Banane<\/strong>. Nome che ho appena stabilito per la mia dimora, degno di un molestatore.<\/p>\n<p><strong> Godyene<\/strong> mi ha preparato<strong> il riso con la carne al sugo!<\/strong><br \/>\nAdoro combinare le basi neutre con le salse. Poi i chicchi cucinati alla maniera della mia prodigiosa amica assumono una consistenza ultra leggera che non saprei ben spiegare&#8230; Penso sia fondamentale il passaggio in acqua fredda prima di buttare il cereale a bollire.<br \/>\nIl mio riposino pomeridiano viene posticipato dalla visita di <strong>Moses e Michel<\/strong>. I ragazzi sono andati a comprarmi l&#8217;acqua al mercato. Li faccio accomodare e offro loro da bere.<\/p>\n<p>Tra una correzione di francese e l&#8217;altra mi confessano di non conoscere il loro paese di origine n\u00e8 i loro genitori.<br \/>\nDi festeggiare il compleanno non se ne parla. Questa \u00e8 una cosa secondo me fenomenale dell&#8217;Africa. <strong>Qui la gente non sa con esatta precisione la propria et\u00e0. Non scherzo!<\/strong><\/p>\n<p>Accade molto di frequente sentir rispondere alla domanda: <em>&#8220;quanti anni hai?&#8221;<\/em> repliche del tipo: <em>&#8220;uhm, non saprei, circa 7 o 8&#8221;<\/em>, oppure ancora <em>&#8220;non me lo ricordo!&#8221;<\/em>. S\u00ec perch\u00e8 non \u00e8 che il tempo sia un fatto importante, ne hanno talmente tanto a disposizione da darlo per scontato, forse.<br \/>\nO forse sono pi\u00f9 intenti a celebrare la vita intera piuttosto che a festeggiare poche ore all&#8217;anno il giorno della propria nascita.<\/p>\n<p>Qui c&#8217;\u00e8 modo di dedicarsi all&#8217;osservazione dei tramonti, alle lunghe attese, alle gioie di raggiungere un risultato dopo aver tanto aspettato. Il ritardo agli appuntamenti \u00e8 automatico, anzich\u00e8 essere qualcosa per cui farsi il sangue amaro. Non dico che sia pi\u00f9 o meno giusto&#8230;\u00e8 diverso.<\/p>\n<p>Poi Michel mi spiazza con quattro parole di inglese piazzate come le fondamenta di un grattacielo in cemento armato: <em>&#8220;I just find myself here!&#8221;<\/em> Come a dire: &#8220;so solo che esisto, nient&#8217;altro!&#8221; Allora si arriva a parlare di religione, dell&#8217;esistenza di Dio, fino alla constatazione che, per quanto a noi nascosta, deve pur esserci una ragione che spieghi, non avendone fatto richiesta alcuna, la nostra esistenza.<\/p>\n<p>I ragazzi ne sono convinti. Moses vuole fare il giornalista e Michel il pilota. Sanno entrambi che per vivere delle esperienze interessanti si deve affrontare la paura e viaggiare. Non vedono l&#8217;ora, glielo auguro di cuore e li invito a tornare quanto prima. Chiss\u00e0 che non ci si metta a scrivere una canzone rap bella potente che parli proprio di questi argomenti scomodi e difficili&#8230; Vedremo!<\/p>\n<p>Godyene mi propone una passeggiata, deve incontrare un amico esperto di agronomia per chiedere qualche dritta riguardo ad alcuni suoi interessi, mi aggrego.<br \/>\n<strong>Joel \u00e8 forte, ne sa a pacchi di coltivazione, terreni, sorgenti d&#8217;acqua, pozzi.<\/strong> Inoltre \u00e8 simpatico. Seguendo i miei momentanei Virgilii scopro che a poca distanza dal centro c&#8217;\u00e8 uno spiazzo fantastico. Calmo, immerso nel silenzio della savana; qualche casa intorno, un frigo della coca-cola piazzato sotto a un albero proprio come nelle r\u00e9clame anni 80&#8242;, dei tavolini in pietra, altalene e giochi per i pi\u00f9 piccoli e, infine, un chioschetto cilindrico dove sedersi per sorseggiare qualcosa di fresco all&#8217;ombra.<\/p>\n<p>Nella mia fantasia pensavo inizialmente si trattasse di un <strong>luogo pubblico<\/strong>, uno spiazzo per i bimbi, quelle cose di lusso che vediamo normalmente nelle citt\u00e0 europee dove esistono gli asili all&#8217;interno delle aziende. Invece, per quanto strutturato su tre edifici separati l&#8217;uno dall&#8217;altro\u00a0 senza un&#8217;insegna, si tratta di un bar. E al bar, \u00e8 proprio vero, si fanno gli incontri pi\u00f9 disparati. Io ad esempio ho ribeccato <strong>Matacon! PROPRIO LUI!<\/strong><\/p>\n<p>Lo avverto: caso mai volesse passare a casa domani, avrei qualcosa da dargli. Posso redimermi!<br \/>\nI miei soci ordinano un succo, io invece ho la mia borraccia di acqua minerale. Il bambino porta le bottiglie, ci guarda e quanto pi\u00f9 innocentemente possibile annuncia: <em>&#8220;non abbiamo l&#8217;apri bottiglie!&#8221;<\/em><br \/>\nCome faremo? Fortunatamente, anche avendo saltato i boy-scout, i diversi anni di fal\u00f2 in spiaggia e sbronze in mezzo ai prati presenti sul mio curriculum vitae mi consentono di risolvere brillantemente l&#8217;impasse. Fossi stato un vero figo, le avrei aperte con i denti ma&#8230; la mamma mi ha sempre detto che il dentista costa caro, ergo <strong>chiedo una forchetta e divello i recipienti con il fare di un oste navigato.<\/strong><\/p>\n<p>Dopo un paio d&#8217;ore rientriamo e io sono in ritardo per la lezione con <strong>Jojo<\/strong>. 30 minuti che aspetta. Che figura da <em>Nassara.<\/em> No problem, recuperiamo domani come si deve, sa che alle 17 c&#8217;\u00e8 il rosario e non vuole disturbarmi&#8230; ma noooo nessun disturbo!!! lo invito a restare. Niente&#8230; Ci ho provato.<\/p>\n<p>Nel mentre <strong>Manass\u00e8<\/strong> rivela un nuovo aspetto della sua quieta personalit\u00e0. L&#8217;ho sempre descritto come tranquillo, calmo, gentile. Lo \u00e8, infatti.<br \/>\nMa al momento <strong>ha un pollo tra le mani<\/strong>.<br \/>\nCon un piede blocca le ali, con una mano tiene le zampe, con l&#8217;altra il coltello e zack! Mi sa che domani il men\u00f9 \u00e8 a base di volatili. La scena \u00e8 cruenta,ma c&#8217;\u00e8 poco da fare i moralisti, in questa parte del mondo si tratta di cibo di lusso, roba da ricchi, roba destinata ai Nassara e ai pochi adulti che lavorano.<br \/>\n<strong>I bambini il pollo lo gusteranno si e no una volta al mese, quando va bene.<\/strong><\/p>\n<p>Per quanto mi dispiaccia, nulla a che vedere con gli allevamenti intensivi e i problemi che affliggono il nostro pianeta. Qui parliamo di <strong>esigenza e necessit\u00e0, non di superfluo<\/strong>. Mi sento scosso ma forse riesco a superare la cosa.<br \/>\nCome non detto, tre ragazzi tra gli 8 e i 10 anni si presentano al nostro cospetto. Mentre Jojo critica la tecnica ancora da affinare di Manass\u00e8, a detta sua, una tortura per la bestia (come dire che per la sua indole gentile il giovane non riesce ad essere crudo quanto basta ad uccidere) io osservo i nuovi venuti.<\/p>\n<p>Uno ha un grosso martello in mano, l&#8217;altro un carriola con dentro un sacco di patate, il terzo porta un sacchetto di plastica. Guardo meglio&#8230; Non si tratta di un sacco di patate. Suor Nicole, giunta tra noi, tira uno schiaffo al fondo della confezione e di tutta risposta si sente grugnire.<br \/>\n<strong>Stanno per macellare un maialino.<\/strong><\/p>\n<p><em>&#8220;Occhei raga, \u00e8 stato bello conoscervi, io vado a casa, ciaoooo!&#8221;<\/em>. <em>&#8220;Hai paura?&#8221;<\/em> ridono. <em>&#8220;No, \u00e8 che mi dispiace!&#8221;<\/em>\u00a0Ridono di pi\u00f9.<br \/>\nNon me ne vogliate, farsi 6.600 km di aereo significa anche saper essere pronti a questo e molto altro.<\/p>\n<p><strong>Vado a dare da mangiare alla rana, buona notte!<\/strong><\/p>","protected":false},"excerpt":{"rendered":"<p>Sveglia alle 7.20. Prima di dare inizio alla mia vestizione ante-messa mi reco al gabinetto per sciacquarmi il grugno ancora patinato di sonno. Un&#8217;abitudine che mi porto dietro da tutta la vita. Ammesso che ci sia&#8230; l&#8217;acqua. Non faccio in tempo a girare il pomello del rubinetto che vengo sorpreso contemporaneamente da due eventi di [&hellip;]<\/p>\n","protected":false},"author":1,"featured_media":4374,"comment_status":"closed","ping_status":"closed","sticky":false,"template":"","format":"standard","meta":{"_jetpack_memberships_contains_paid_content":false,"footnotes":""},"categories":[62],"tags":[68,67,76,65,66],"class_list":["post-3755","post","type-post","status-publish","format-standard","has-post-thumbnail","hentry","category-travaler","tag-camerun","tag-fondazione-cumse","tag-nassara","tag-scu","tag-servizio-civile-universale"],"yoast_head":"<!-- This site is optimized with the Yoast SEO plugin v27.3 - https:\/\/yoast.com\/product\/yoast-seo-wordpress\/ -->\n<title>17 gennaio - Animalisti sconvinti - Fondazione Cumse ETS<\/title>\n<meta name=\"description\" content=\"SCU - Valeryo Falcone, civilista di Fondazione Cumse, racconta la sua esperienza in modo leggero e divertente. SEGUITE LA SUA STORIA!\" \/>\n<meta name=\"robots\" content=\"index, follow, max-snippet:-1, max-image-preview:large, max-video-preview:-1\" \/>\n<link rel=\"canonical\" href=\"https:\/\/cumse.org\/fr\/animalisti-sconvinti-scu-in-camerun\/\" \/>\n<meta property=\"og:locale\" content=\"fr_FR\" \/>\n<meta property=\"og:type\" content=\"article\" \/>\n<meta property=\"og:title\" content=\"17 gennaio - Animalisti sconvinti - Fondazione Cumse ETS\" \/>\n<meta property=\"og:description\" content=\"SCU - Valeryo Falcone, civilista di Fondazione Cumse, racconta la sua esperienza in modo leggero e divertente. SEGUITE LA SUA STORIA!\" \/>\n<meta property=\"og:url\" content=\"https:\/\/cumse.org\/fr\/animalisti-sconvinti-scu-in-camerun\/\" \/>\n<meta property=\"og:site_name\" content=\"Fondazione Cumse ETS\" \/>\n<meta property=\"article:published_time\" content=\"2021-01-17T14:44:44+00:00\" \/>\n<meta property=\"article:modified_time\" content=\"2021-03-11T15:11:23+00:00\" \/>\n<meta property=\"og:image\" content=\"https:\/\/cumse.org\/wp-content\/uploads\/2021\/01\/WhatsApp-Image-2021-01-18-at-06.31.13.jpeg\" \/>\n\t<meta property=\"og:image:width\" content=\"1600\" \/>\n\t<meta property=\"og:image:height\" content=\"1200\" \/>\n\t<meta property=\"og:image:type\" content=\"image\/jpeg\" \/>\n<meta name=\"author\" content=\"admin\" \/>\n<meta name=\"twitter:card\" content=\"summary_large_image\" \/>\n<meta name=\"twitter:label1\" content=\"\u00c9crit par\" \/>\n\t<meta name=\"twitter:data1\" content=\"admin\" \/>\n\t<meta name=\"twitter:label2\" content=\"Dur\u00e9e de lecture estim\u00e9e\" \/>\n\t<meta name=\"twitter:data2\" content=\"9 minutes\" \/>\n<script type=\"application\/ld+json\" class=\"yoast-schema-graph\">{\"@context\":\"https:\\\/\\\/schema.org\",\"@graph\":[{\"@type\":\"Article\",\"@id\":\"https:\\\/\\\/cumse.org\\\/animalisti-sconvinti-scu-in-camerun\\\/#article\",\"isPartOf\":{\"@id\":\"https:\\\/\\\/cumse.org\\\/animalisti-sconvinti-scu-in-camerun\\\/\"},\"author\":{\"name\":\"admin\",\"@id\":\"https:\\\/\\\/cumse.org\\\/#\\\/schema\\\/person\\\/d8802c7f9d251c013018b375be80cb06\"},\"headline\":\"17 gennaio &#8211; Animalisti sconvinti\",\"datePublished\":\"2021-01-17T14:44:44+00:00\",\"dateModified\":\"2021-03-11T15:11:23+00:00\",\"mainEntityOfPage\":{\"@id\":\"https:\\\/\\\/cumse.org\\\/animalisti-sconvinti-scu-in-camerun\\\/\"},\"wordCount\":1777,\"image\":{\"@id\":\"https:\\\/\\\/cumse.org\\\/animalisti-sconvinti-scu-in-camerun\\\/#primaryimage\"},\"thumbnailUrl\":\"https:\\\/\\\/i0.wp.com\\\/cumse.org\\\/wp-content\\\/uploads\\\/2021\\\/01\\\/WhatsApp-Image-2021-01-18-at-06.31.13.jpeg?fit=1600%2C1200&ssl=1\",\"keywords\":[\"Camerun\",\"Fondazione Cumse\",\"nassara\",\"SCU\",\"Servizio Civile Universale\"],\"articleSection\":[\"TrAvaler\"],\"inLanguage\":\"fr-FR\"},{\"@type\":\"WebPage\",\"@id\":\"https:\\\/\\\/cumse.org\\\/animalisti-sconvinti-scu-in-camerun\\\/\",\"url\":\"https:\\\/\\\/cumse.org\\\/animalisti-sconvinti-scu-in-camerun\\\/\",\"name\":\"17 gennaio - Animalisti sconvinti - Fondazione Cumse ETS\",\"isPartOf\":{\"@id\":\"https:\\\/\\\/cumse.org\\\/#website\"},\"primaryImageOfPage\":{\"@id\":\"https:\\\/\\\/cumse.org\\\/animalisti-sconvinti-scu-in-camerun\\\/#primaryimage\"},\"image\":{\"@id\":\"https:\\\/\\\/cumse.org\\\/animalisti-sconvinti-scu-in-camerun\\\/#primaryimage\"},\"thumbnailUrl\":\"https:\\\/\\\/i0.wp.com\\\/cumse.org\\\/wp-content\\\/uploads\\\/2021\\\/01\\\/WhatsApp-Image-2021-01-18-at-06.31.13.jpeg?fit=1600%2C1200&ssl=1\",\"datePublished\":\"2021-01-17T14:44:44+00:00\",\"dateModified\":\"2021-03-11T15:11:23+00:00\",\"author\":{\"@id\":\"https:\\\/\\\/cumse.org\\\/#\\\/schema\\\/person\\\/d8802c7f9d251c013018b375be80cb06\"},\"description\":\"SCU - Valeryo Falcone, civilista di Fondazione Cumse, racconta la sua esperienza in modo leggero e divertente. SEGUITE LA SUA STORIA!\",\"breadcrumb\":{\"@id\":\"https:\\\/\\\/cumse.org\\\/animalisti-sconvinti-scu-in-camerun\\\/#breadcrumb\"},\"inLanguage\":\"fr-FR\",\"potentialAction\":[{\"@type\":\"ReadAction\",\"target\":[\"https:\\\/\\\/cumse.org\\\/animalisti-sconvinti-scu-in-camerun\\\/\"]}]},{\"@type\":\"ImageObject\",\"inLanguage\":\"fr-FR\",\"@id\":\"https:\\\/\\\/cumse.org\\\/animalisti-sconvinti-scu-in-camerun\\\/#primaryimage\",\"url\":\"https:\\\/\\\/i0.wp.com\\\/cumse.org\\\/wp-content\\\/uploads\\\/2021\\\/01\\\/WhatsApp-Image-2021-01-18-at-06.31.13.jpeg?fit=1600%2C1200&ssl=1\",\"contentUrl\":\"https:\\\/\\\/i0.wp.com\\\/cumse.org\\\/wp-content\\\/uploads\\\/2021\\\/01\\\/WhatsApp-Image-2021-01-18-at-06.31.13.jpeg?fit=1600%2C1200&ssl=1\",\"width\":1600,\"height\":1200},{\"@type\":\"BreadcrumbList\",\"@id\":\"https:\\\/\\\/cumse.org\\\/animalisti-sconvinti-scu-in-camerun\\\/#breadcrumb\",\"itemListElement\":[{\"@type\":\"ListItem\",\"position\":1,\"name\":\"Home\",\"item\":\"https:\\\/\\\/cumse.org\\\/\"},{\"@type\":\"ListItem\",\"position\":2,\"name\":\"17 gennaio &#8211; Animalisti sconvinti\"}]},{\"@type\":\"WebSite\",\"@id\":\"https:\\\/\\\/cumse.org\\\/#website\",\"url\":\"https:\\\/\\\/cumse.org\\\/\",\"name\":\"Fondazione Cumse ETS\",\"description\":\"Siamo dove gli altri distolgono lo sguardo\",\"potentialAction\":[{\"@type\":\"SearchAction\",\"target\":{\"@type\":\"EntryPoint\",\"urlTemplate\":\"https:\\\/\\\/cumse.org\\\/?s={search_term_string}\"},\"query-input\":{\"@type\":\"PropertyValueSpecification\",\"valueRequired\":true,\"valueName\":\"search_term_string\"}}],\"inLanguage\":\"fr-FR\"},{\"@type\":\"Person\",\"@id\":\"https:\\\/\\\/cumse.org\\\/#\\\/schema\\\/person\\\/d8802c7f9d251c013018b375be80cb06\",\"name\":\"admin\",\"image\":{\"@type\":\"ImageObject\",\"inLanguage\":\"fr-FR\",\"@id\":\"https:\\\/\\\/secure.gravatar.com\\\/avatar\\\/7fcee464d094e0b490b50408a0c7356276eedd5a17796d503ee821451b764c37?s=96&d=mm&r=g\",\"url\":\"https:\\\/\\\/secure.gravatar.com\\\/avatar\\\/7fcee464d094e0b490b50408a0c7356276eedd5a17796d503ee821451b764c37?s=96&d=mm&r=g\",\"contentUrl\":\"https:\\\/\\\/secure.gravatar.com\\\/avatar\\\/7fcee464d094e0b490b50408a0c7356276eedd5a17796d503ee821451b764c37?s=96&d=mm&r=g\",\"caption\":\"admin\"}}]}<\/script>\n<!-- \/ Yoast SEO plugin. -->","yoast_head_json":{"title":"17 gennaio - Animalisti sconvinti - Fondazione Cumse ETS","description":"SCU - Valeryo Falcone, civilista di Fondazione Cumse, racconta la sua esperienza in modo leggero e divertente. SEGUITE LA SUA STORIA!","robots":{"index":"index","follow":"follow","max-snippet":"max-snippet:-1","max-image-preview":"max-image-preview:large","max-video-preview":"max-video-preview:-1"},"canonical":"https:\/\/cumse.org\/fr\/animalisti-sconvinti-scu-in-camerun\/","og_locale":"fr_FR","og_type":"article","og_title":"17 gennaio - Animalisti sconvinti - Fondazione Cumse ETS","og_description":"SCU - Valeryo Falcone, civilista di Fondazione Cumse, racconta la sua esperienza in modo leggero e divertente. SEGUITE LA SUA STORIA!","og_url":"https:\/\/cumse.org\/fr\/animalisti-sconvinti-scu-in-camerun\/","og_site_name":"Fondazione Cumse ETS","article_published_time":"2021-01-17T14:44:44+00:00","article_modified_time":"2021-03-11T15:11:23+00:00","og_image":[{"width":1600,"height":1200,"url":"https:\/\/cumse.org\/wp-content\/uploads\/2021\/01\/WhatsApp-Image-2021-01-18-at-06.31.13.jpeg","type":"image\/jpeg"}],"author":"admin","twitter_card":"summary_large_image","twitter_misc":{"\u00c9crit par":"admin","Dur\u00e9e de lecture estim\u00e9e":"9 minutes"},"schema":{"@context":"https:\/\/schema.org","@graph":[{"@type":"Article","@id":"https:\/\/cumse.org\/animalisti-sconvinti-scu-in-camerun\/#article","isPartOf":{"@id":"https:\/\/cumse.org\/animalisti-sconvinti-scu-in-camerun\/"},"author":{"name":"admin","@id":"https:\/\/cumse.org\/#\/schema\/person\/d8802c7f9d251c013018b375be80cb06"},"headline":"17 gennaio &#8211; Animalisti sconvinti","datePublished":"2021-01-17T14:44:44+00:00","dateModified":"2021-03-11T15:11:23+00:00","mainEntityOfPage":{"@id":"https:\/\/cumse.org\/animalisti-sconvinti-scu-in-camerun\/"},"wordCount":1777,"image":{"@id":"https:\/\/cumse.org\/animalisti-sconvinti-scu-in-camerun\/#primaryimage"},"thumbnailUrl":"https:\/\/i0.wp.com\/cumse.org\/wp-content\/uploads\/2021\/01\/WhatsApp-Image-2021-01-18-at-06.31.13.jpeg?fit=1600%2C1200&ssl=1","keywords":["Camerun","Fondazione Cumse","nassara","SCU","Servizio Civile Universale"],"articleSection":["TrAvaler"],"inLanguage":"fr-FR"},{"@type":"WebPage","@id":"https:\/\/cumse.org\/animalisti-sconvinti-scu-in-camerun\/","url":"https:\/\/cumse.org\/animalisti-sconvinti-scu-in-camerun\/","name":"17 gennaio - Animalisti sconvinti - Fondazione Cumse ETS","isPartOf":{"@id":"https:\/\/cumse.org\/#website"},"primaryImageOfPage":{"@id":"https:\/\/cumse.org\/animalisti-sconvinti-scu-in-camerun\/#primaryimage"},"image":{"@id":"https:\/\/cumse.org\/animalisti-sconvinti-scu-in-camerun\/#primaryimage"},"thumbnailUrl":"https:\/\/i0.wp.com\/cumse.org\/wp-content\/uploads\/2021\/01\/WhatsApp-Image-2021-01-18-at-06.31.13.jpeg?fit=1600%2C1200&ssl=1","datePublished":"2021-01-17T14:44:44+00:00","dateModified":"2021-03-11T15:11:23+00:00","author":{"@id":"https:\/\/cumse.org\/#\/schema\/person\/d8802c7f9d251c013018b375be80cb06"},"description":"SCU - Valeryo Falcone, civilista di Fondazione Cumse, racconta la sua esperienza in modo leggero e divertente. SEGUITE LA SUA STORIA!","breadcrumb":{"@id":"https:\/\/cumse.org\/animalisti-sconvinti-scu-in-camerun\/#breadcrumb"},"inLanguage":"fr-FR","potentialAction":[{"@type":"ReadAction","target":["https:\/\/cumse.org\/animalisti-sconvinti-scu-in-camerun\/"]}]},{"@type":"ImageObject","inLanguage":"fr-FR","@id":"https:\/\/cumse.org\/animalisti-sconvinti-scu-in-camerun\/#primaryimage","url":"https:\/\/i0.wp.com\/cumse.org\/wp-content\/uploads\/2021\/01\/WhatsApp-Image-2021-01-18-at-06.31.13.jpeg?fit=1600%2C1200&ssl=1","contentUrl":"https:\/\/i0.wp.com\/cumse.org\/wp-content\/uploads\/2021\/01\/WhatsApp-Image-2021-01-18-at-06.31.13.jpeg?fit=1600%2C1200&ssl=1","width":1600,"height":1200},{"@type":"BreadcrumbList","@id":"https:\/\/cumse.org\/animalisti-sconvinti-scu-in-camerun\/#breadcrumb","itemListElement":[{"@type":"ListItem","position":1,"name":"Home","item":"https:\/\/cumse.org\/"},{"@type":"ListItem","position":2,"name":"17 gennaio &#8211; Animalisti sconvinti"}]},{"@type":"WebSite","@id":"https:\/\/cumse.org\/#website","url":"https:\/\/cumse.org\/","name":"Fondazione Cumse ETS","description":"Siamo dove gli altri distolgono lo sguardo","potentialAction":[{"@type":"SearchAction","target":{"@type":"EntryPoint","urlTemplate":"https:\/\/cumse.org\/?s={search_term_string}"},"query-input":{"@type":"PropertyValueSpecification","valueRequired":true,"valueName":"search_term_string"}}],"inLanguage":"fr-FR"},{"@type":"Person","@id":"https:\/\/cumse.org\/#\/schema\/person\/d8802c7f9d251c013018b375be80cb06","name":"admin","image":{"@type":"ImageObject","inLanguage":"fr-FR","@id":"https:\/\/secure.gravatar.com\/avatar\/7fcee464d094e0b490b50408a0c7356276eedd5a17796d503ee821451b764c37?s=96&d=mm&r=g","url":"https:\/\/secure.gravatar.com\/avatar\/7fcee464d094e0b490b50408a0c7356276eedd5a17796d503ee821451b764c37?s=96&d=mm&r=g","contentUrl":"https:\/\/secure.gravatar.com\/avatar\/7fcee464d094e0b490b50408a0c7356276eedd5a17796d503ee821451b764c37?s=96&d=mm&r=g","caption":"admin"}}]}},"jetpack_featured_media_url":"https:\/\/i0.wp.com\/cumse.org\/wp-content\/uploads\/2021\/01\/WhatsApp-Image-2021-01-18-at-06.31.13.jpeg?fit=1600%2C1200&ssl=1","jetpack_sharing_enabled":true,"_links":{"self":[{"href":"https:\/\/cumse.org\/fr\/wp-json\/wp\/v2\/posts\/3755","targetHints":{"allow":["GET"]}}],"collection":[{"href":"https:\/\/cumse.org\/fr\/wp-json\/wp\/v2\/posts"}],"about":[{"href":"https:\/\/cumse.org\/fr\/wp-json\/wp\/v2\/types\/post"}],"author":[{"embeddable":true,"href":"https:\/\/cumse.org\/fr\/wp-json\/wp\/v2\/users\/1"}],"replies":[{"embeddable":true,"href":"https:\/\/cumse.org\/fr\/wp-json\/wp\/v2\/comments?post=3755"}],"version-history":[{"count":0,"href":"https:\/\/cumse.org\/fr\/wp-json\/wp\/v2\/posts\/3755\/revisions"}],"wp:featuredmedia":[{"embeddable":true,"href":"https:\/\/cumse.org\/fr\/wp-json\/wp\/v2\/media\/4374"}],"wp:attachment":[{"href":"https:\/\/cumse.org\/fr\/wp-json\/wp\/v2\/media?parent=3755"}],"wp:term":[{"taxonomy":"category","embeddable":true,"href":"https:\/\/cumse.org\/fr\/wp-json\/wp\/v2\/categories?post=3755"},{"taxonomy":"post_tag","embeddable":true,"href":"https:\/\/cumse.org\/fr\/wp-json\/wp\/v2\/tags?post=3755"}],"curies":[{"name":"wp","href":"https:\/\/api.w.org\/{rel}","templated":true}]}}