{"id":3753,"date":"2021-01-16T12:56:44","date_gmt":"2021-01-16T11:56:44","guid":{"rendered":"https:\/\/cumse.org\/?p=3753"},"modified":"2021-03-11T15:24:08","modified_gmt":"2021-03-11T14:24:08","slug":"bagagli-culinari-scu-in-camerun","status":"publish","type":"post","link":"https:\/\/cumse.org\/fr\/bagagli-culinari-scu-in-camerun\/","title":{"rendered":"16 gennaio &#8211; Bagagli culinari"},"content":{"rendered":"<p>Ho passato una notte travagliata.<\/p>\n<p>Alle 22 sono andato a letto puntando la sveglia alle 24.<\/p>\n<p>S\u00ec, perch\u00e9 a mezzanotte mi si riattivano i giga a disposizione e posso mandare notizie della mia sopravvivenza alla &#8220;famigghia&#8221;. Quest&#8217;ultima ha diritto e dovere di sospirare nostalgicamente la lontananza del primogenito, <strong>se non lo facesse mi offenderei!<\/strong><\/p>\n<p>Mi sveglio quindi di soprassalto, invio un cenno di vita sul gruppo WhatsApp parentale e mi accorgo che ho dieci messaggi arretrati a cui dover rispondere.<br \/>\nAdempiere a questo compito rischia di farmi passare quasi tutto il sonno. Sono uno di quelli che fa fatica a riaddormentarsi quando interrompe il flusso del riposo. 24.30 ci riprovo. No anzi, metto la sveglia alle 5.30 per caricare il racconto del blog rimasto arretrato.<\/p>\n<p>Se mi alzo cos\u00ec presto \u00e8 soltanto perch\u00e9 poi, alle 6.30 mi incamminer\u00f2 con le ragazze verso la casa di Monsignor <strong>Yves Plumey<\/strong> dove alle 8 inizia la catechesi per tutti i membri del centro. Mi appisolo ma 4 ore passano in un lampo. Mezzo rimbambito accendo il pc e adempio al mio <strong>reportage<\/strong>. Cosa indossare per un evento tanto speciale? Forse \u00e8 il caso di riesumare la mia camicia verde comprata l&#8217;anno scorso in un mercatino indiano.<br \/>\nRoba da battaglia ma con un tocco di personalit\u00e0, adattissima per affrontare la polvere rossa delle strade di Marza. <strong>Non resta che aprire la valigia dunque.<\/strong><\/p>\n<p>Non dovrebbero esserci problemi&#8230; \u00e8 un&#8217;operazione che ho gi\u00e0 compiuto in modo ricorrente. Ricorderete il giorno in cui non trovavo <strong>il pennello da barba!<\/strong> Solo in quell&#8217;occasione l&#8217;ho svuotata e riempita svariate volte. Inserisco la combinazione e&#8230; niente. Non pensavo che anche le valige facessero sciopero. Oggigiorno proprio tutti rivendicano i loro diritti.<\/p>\n<p><strong>Robe da matti!<\/strong><\/p>\n<p>Quanti danni ha fatto Marx col suo &#8220;Capitale&#8221; nemmeno se lo immagina. Riproviamo va, sar\u00e0 il caso di farla finita con queste proteste, \u00e8 meglio per te se collabori, lo dico per il tuo bene (s\u00ec, sto parlando con la valigia). Niet. Scombino le tre rotelline dei numeri e reinserisco il codice. <strong>L&#8217;ermetismo di Ungaretti non \u00e8 niente in confronto: sigillata!<\/strong> Eppure \u00e8 strano, dovrei aprirla facilmente.<\/p>\n<p>Prendo un chiodo e la pinza, esercito una forza opposta a quella che la tiene serrata, infilo il chiodo nella piccola fessura e con la pinza sferro qualche colpo. Non ne vuole sapere. Per correttezza devo confessarvi che la valigia in questione non \u00e8 mia, bens\u00ec della cara Leila, la quale ha dimostrato grande fiducia nel prestarmela, a quanto pare commettendo un gigantesco errore di valutazione (sei stai leggendo SCUSA LEILA!)<\/p>\n<p>L&#8217;unica constatazione consolatoria \u00e8 quella di osservare la qualit\u00e0 antifurto che la mia nemica usa per farsi beffe di me. Per lo meno i malintenzionati avranno filo da torcere. Sono le 6.18 e io ho i pantaloni, le ciabatte e una valigia blindata. Dovrei anche fare colazione entro le 6.30. Ho una sceneggiatura nuova per il prossimo &#8220;Mission Impossible&#8221; ma non ho la mia camicia verde bottiglia. <strong>Non ci siamo.<\/strong> Ironicamente non ho pensato fino a quel momento di provare l&#8217;altra combinazione. S\u00ec, perch\u00e9 pensandoci bene io sono arrivato qui con due valigie, identiche, una per me, l&#8217;altra piena di doni per i ragazzi. Inserisco i nuovi numeri solo per il rispetto che presto a detti del tipo: &#8220;<strong>se non \u00e8 zuppa \u00e8 pan bagnato!<\/strong>&#8221; che pi\u00f9 di una volta si sono rivelati provvidenziali. Questa \u00e8 una di quelle.<\/p>\n<p>Senza il minimo sforzo sento un bel <strong>CLACK<\/strong> e l&#8217;infame mi si spalanca dolcemente tra le mani. Ebbene lo ammetto, ho passato circa venticinque minuti a litigare e insultare la valigia della povera Leila rischiando di scassinarla solo perch\u00e9 convinto di aver inserito la combinazione giusta Ops! Non ho proprio scusanti, persino il trinomio numerico \u00e8 di una banalit\u00e0 disarmante. Sono un cretino, stop. Fortunatamente il meccanismo di rimozione che la mia mente impiega ogni qual volta intende superare un trauma entra in funzione immediatamente e cos\u00ec, senza pi\u00f9 preoccuparmi di essere uno stolto irrecuperabile, gioisco nell&#8217;infilarmi l&#8217;indumento color abetone.<\/p>\n<p>Quanti ricordi di viaggio&#8230; Faremo di sicuro un figurone!<br \/>\nRimetto a posto lo sventurato trolley e sono le 6.30. Mangio due banane in una volta, afferro un pugno di arachidi, metto il gilet, calzo le scarpe e mi chiudo la porta alle spalle nel precipitarmi in strada. Il meccanismo di rimozione mentale fa cilecca e mi ricordo di essere un cretino. Ma dove corro? Punto primo son tutte donne e quindi, in automatico, ci sar\u00e0 da aspettare (luoghi comuni sessisti di cui mi vergogno ma che, purtroppo per le donne, nella mia personale esperienza si sono rivelati veritieri); punto secondo sono in Africa: c&#8217;\u00e8 il fuso! Quante volte devo dirvelo?<\/p>\n<p>Nell&#8217;insultarmi da solo a voce alta giungo al portone di ingresso della casa delle ragazze. Avevo ragione, purtroppo o per fortuna. Sono tutte prese dalla colazione e dalla scelta d&#8217;abito.<strong> Diane sta friggendo le benni\u00e8 per mia somma gioia<\/strong>. Vengo trattato come un re, dopo avermi fatto accomodare, Pierrette mi allunga una tazza di artemisia fumante e una ciotola di croccanti sferette appena uscite di pentola. Ho fatto colazione solo due minuti fa ma <strong>in Africa all&#8217;ospite non \u00e8 consentito rifiutare il cibo.<\/strong><br \/>\nRipensandoci ho un certo languorino, vorr\u00e0 dire che mi sacrificher\u00f2! Qualcuno, del resto, deve pur farlo.<\/p>\n<p>Alle 7.00 siamo in partenza. Aisha vuole fare un po&#8217; di foto mentre noi camminiamo tutti insieme per la strada verso la dimora del Beato Yves Plumey. Bestie nei recinti, case galattiche in costruzione nel nuovo quartiere, alberi di mango, i raggi dell&#8217;alba ci aprono il cammino. Alcuni bimbi gridano: <em>Nassara<\/em>! Rispondo al saluto nella lingue fufuld\u00e8 e loro ci restano di sasso. Godo. Mi ci voleva proprio una passeggiata rinvigorente. Ovviamente, non avendo ancora imparato a stare al mondo, cammino lerciandomi di terra rossa ovunque, indosso i classici calzoni beige che ormai sono imbarazzati cremisi fino alle ginocchia. Giunto all&#8217;arrivo mi viene data una pezzuola per ripulirmi.<\/p>\n<p><img data-recalc-dims=\"1\" loading=\"lazy\" decoding=\"async\" class=\"alignnone wp-image-4369\" src=\"https:\/\/i0.wp.com\/cumse.org\/wp-content\/uploads\/2021\/01\/WhatsApp-Image-2021-01-16-at-22.11.44.jpeg?resize=463%2C347&#038;ssl=1\" alt=\"\" width=\"463\" height=\"347\" srcset=\"https:\/\/i0.wp.com\/cumse.org\/wp-content\/uploads\/2021\/01\/WhatsApp-Image-2021-01-16-at-22.11.44.jpeg?w=1600&amp;ssl=1 1600w, https:\/\/i0.wp.com\/cumse.org\/wp-content\/uploads\/2021\/01\/WhatsApp-Image-2021-01-16-at-22.11.44.jpeg?resize=1200%2C900&amp;ssl=1 1200w, https:\/\/i0.wp.com\/cumse.org\/wp-content\/uploads\/2021\/01\/WhatsApp-Image-2021-01-16-at-22.11.44.jpeg?resize=300%2C225&amp;ssl=1 300w, https:\/\/i0.wp.com\/cumse.org\/wp-content\/uploads\/2021\/01\/WhatsApp-Image-2021-01-16-at-22.11.44.jpeg?resize=1024%2C768&amp;ssl=1 1024w, https:\/\/i0.wp.com\/cumse.org\/wp-content\/uploads\/2021\/01\/WhatsApp-Image-2021-01-16-at-22.11.44.jpeg?resize=768%2C576&amp;ssl=1 768w, https:\/\/i0.wp.com\/cumse.org\/wp-content\/uploads\/2021\/01\/WhatsApp-Image-2021-01-16-at-22.11.44.jpeg?resize=1536%2C1152&amp;ssl=1 1536w, https:\/\/i0.wp.com\/cumse.org\/wp-content\/uploads\/2021\/01\/WhatsApp-Image-2021-01-16-at-22.11.44.jpeg?w=1280&amp;ssl=1 1280w\" sizes=\"auto, (max-width: 463px) 100vw, 463px\" \/><\/p>\n<p>Domando il perch\u00e9. Essendo stato gi\u00e0 tante volte alla casa di Monsignor Plumey, do per scontata la sacralit\u00e0 che il luogo racchiude per la gente del posto. E&#8217; stata da poco avviata la pratica per la possibile santificazione del defunto <strong>Vescovo:<\/strong> un uomo che ha cambiato la faccia della chiesa cattolica nel nord del paese formando preti africani capaci di sostituire i missionari occidentali. Nonch\u00e9 l&#8217;uomo che ha riportato una comunit\u00e0 e una vita nel quartiere di <strong>Marza<\/strong> costruendo ospedali, scuole, chiese. Avere accesso alla casa, di per s\u00e9 una reliquia gigante, \u00e8 per molti un grande onore oltre che un privilegio raro.<\/p>\n<p>Sono proprio un bianco arrogante. Replicano: <em>&#8220;vuoi forse entrare nella casa del nostro Vescovo conciato come un maiale?&#8221;<\/em>. Hanno ragione. Ma che fine hanno fatto le mie buone maniere? Ah gi\u00e0, non le ho mai avute. Afferro la pezzuola e mi do una rassettata. Diane si inginocchia per pulirmi le scarpe. Supplico che lasci fare al sottoscritto&#8230;mi vergognerei di me stesso altrimenti. Una volta ripristinato il mio aspetto &#8220;grunge&#8221; possiamo entrare. All&#8217;ingresso leviamo le calzature e ci preoccupiamo che i calzini siano ben puliti. Nel grande salone si distendono le Natte per la preghiera.<\/p>\n<p><img data-recalc-dims=\"1\" loading=\"lazy\" decoding=\"async\" class=\"alignnone wp-image-4370\" src=\"https:\/\/i0.wp.com\/cumse.org\/wp-content\/uploads\/2021\/01\/WhatsApp-Image-2021-01-16-at-22.11.54.jpeg?resize=462%2C347&#038;ssl=1\" alt=\"\" width=\"462\" height=\"347\" srcset=\"https:\/\/i0.wp.com\/cumse.org\/wp-content\/uploads\/2021\/01\/WhatsApp-Image-2021-01-16-at-22.11.54.jpeg?w=1600&amp;ssl=1 1600w, https:\/\/i0.wp.com\/cumse.org\/wp-content\/uploads\/2021\/01\/WhatsApp-Image-2021-01-16-at-22.11.54.jpeg?resize=1200%2C900&amp;ssl=1 1200w, https:\/\/i0.wp.com\/cumse.org\/wp-content\/uploads\/2021\/01\/WhatsApp-Image-2021-01-16-at-22.11.54.jpeg?resize=300%2C225&amp;ssl=1 300w, https:\/\/i0.wp.com\/cumse.org\/wp-content\/uploads\/2021\/01\/WhatsApp-Image-2021-01-16-at-22.11.54.jpeg?resize=1024%2C768&amp;ssl=1 1024w, https:\/\/i0.wp.com\/cumse.org\/wp-content\/uploads\/2021\/01\/WhatsApp-Image-2021-01-16-at-22.11.54.jpeg?resize=768%2C576&amp;ssl=1 768w, https:\/\/i0.wp.com\/cumse.org\/wp-content\/uploads\/2021\/01\/WhatsApp-Image-2021-01-16-at-22.11.54.jpeg?resize=1536%2C1152&amp;ssl=1 1536w, https:\/\/i0.wp.com\/cumse.org\/wp-content\/uploads\/2021\/01\/WhatsApp-Image-2021-01-16-at-22.11.54.jpeg?w=1280&amp;ssl=1 1280w\" sizes=\"auto, (max-width: 462px) 100vw, 462px\" \/><\/p>\n<p>Siamo in attesa di <strong>padre Serge<\/strong> il cui arrivo \u00e8 previsto per le 9, che qui dovrebbe voler dire le 9.30. Il brillante giovane prete si presenta alle 10. Ricordate padre Serge? Il sostituto temporaneo di padre Alois che ha sviluppato una tecnica di messa interattiva? Non finisce tutte le parole che dice e attende che sia il pubblico a completarle, anche per assicurarsi che non stia dormendo. La mattina scorre piacevole tra un sermone del parroco e i canti vivacissimi del gruppo. Non sembra ma in 40 si pu\u00f2 fare un bel casino anche a messa. <strong>Rock and roll!!!<\/strong><\/p>\n<p>Unica pecca: il digiuno. Penitenza dovuta a non ho ben capito cosa. Ci rimettiamo in marcia verso le 14.30. Il sole batte forte e, tipicamente nel mio stile, l&#8217;unico giorno in cui il <em>panama<\/em> da pensionato mi tornerebbe davvero utile, ne sono sprovvisto. L&#8217;ho dimenticato in camera nello scapicollarmi inutilmente dalle donzelle questa mattina. Idiota!<\/p>\n<p>Arrivo a casa e l&#8217;assenza della pappa pronta di mama <strong>Godyene<\/strong> mi mette malinconia. Ho troppa fame per compatirmi, lo avete voluto voi, <strong>oggi cucino io!<\/strong> Do una rapida occhiata alla dispensa (un telo di plastica sotto al lavandino con poggiate sopra delle verdure). Dunque abbiamo cipolla, aglio, due pomodori, due mezze carotine marce, olio e sale. Preciso. Faccio un sugo fresco di verdure. Si dia inizio al sacro rituale della preparazione della pasta. Al posto del cuore mi sventola un drappo tricolore. Solo in materia culinaria divento patriottico in modo preoccupante, sono peggio di uno di quei radicali fissati dell&#8217;Alabama. Adoro il cibo di tutto il mondo ma non tentate di convincermi altrimenti, siamo i numeri uno in cucina. Sono i nostri piatti ad aver ispirato Raffaello, Leonardo, Dante, Enzo Ferrari.<\/p>\n<p>Dai basta la chiudo qui. Mi bussano alla porta mentre sto pelando le cipolle. Godyene mi trova in lacrime davanti al tagliere. <em>&#8220;Stai cucinando?&#8221;<\/em>. La rassicuro sul fatto che siano lacrime di gioia. Vuole vedere come si prepara. Detto fatto, <strong>guarda e gioisci mia cara amica<\/strong>!<br \/>\nL&#8217;odore del soffritto vola nell&#8217;aria ravvivando tutti i colori della casa. Le pareti iniziano a cantare una musica di olio bollente. Il gorgoglio dell&#8217;acqua improvvisa una linea di percussioni. La mia aiutante \u00e8 decisamente competente, il risultato non pu\u00f2 che essere decoroso: <strong>VOTO 7!<br \/>\n<\/strong> Posso fare di meglio, ma come prima volta con queste padelle e i nuovi fornelli non devo lamentarmi.<\/p>\n<p><img data-recalc-dims=\"1\" loading=\"lazy\" decoding=\"async\" class=\"alignnone wp-image-4371\" src=\"https:\/\/i0.wp.com\/cumse.org\/wp-content\/uploads\/2021\/01\/WhatsApp-Image-2021-01-16-at-22.11.58-1.jpeg?resize=293%2C391&#038;ssl=1\" alt=\"\" width=\"293\" height=\"391\" srcset=\"https:\/\/i0.wp.com\/cumse.org\/wp-content\/uploads\/2021\/01\/WhatsApp-Image-2021-01-16-at-22.11.58-1.jpeg?w=1200&amp;ssl=1 1200w, https:\/\/i0.wp.com\/cumse.org\/wp-content\/uploads\/2021\/01\/WhatsApp-Image-2021-01-16-at-22.11.58-1.jpeg?resize=800%2C1067&amp;ssl=1 800w, https:\/\/i0.wp.com\/cumse.org\/wp-content\/uploads\/2021\/01\/WhatsApp-Image-2021-01-16-at-22.11.58-1.jpeg?resize=225%2C300&amp;ssl=1 225w, https:\/\/i0.wp.com\/cumse.org\/wp-content\/uploads\/2021\/01\/WhatsApp-Image-2021-01-16-at-22.11.58-1.jpeg?resize=768%2C1024&amp;ssl=1 768w, https:\/\/i0.wp.com\/cumse.org\/wp-content\/uploads\/2021\/01\/WhatsApp-Image-2021-01-16-at-22.11.58-1.jpeg?resize=1152%2C1536&amp;ssl=1 1152w\" sizes=\"auto, (max-width: 293px) 100vw, 293px\" \/><\/p>\n<p>Invito Godyene ad assaggiare. Ci spariamo un pranzetto all&#8217;alba delle 16. Due chiacchere tra amici, si parla di religione (siamo partiti dalla pasta che, non me ne abbiate, ma per me si avvicina parecchio all&#8217;argomento), di amori, di amicizie, di viaggi, di progetti.<br \/>\nLa mia commensale \u00e8 molto felice e al contempo sorpresa di gustare la penna rigata <strong>NON SCOTTA<\/strong>! Le rivelo che in Italia siamo abituati a mangiarla pi\u00f9 o meno cos\u00ec.<br \/>\nNon ho l&#8217;olio d&#8217;oliva con me quindi non posso proprio dire di aver fatto un piatto al 100% italiano, tuttavia nei limiti delle mie possibilit\u00e0 ho creato qualcosa di parecchio somigliante. Lavare stoviglie e cucina ci porta via un&#8217;altra buona mezz&#8217;ora. Morale: sono le 17. Recupero una videochiamata arretrata con un amico.<\/p>\n<p><strong>Miriam, Bendicte, Brenda, Elizabeth, Angel<\/strong> si fermano tutte con me sulla strada davanti alla scuola elementare. Vogliono salutare il mio socio e allo stesso tempo sperano di tenere incollata all&#8217;apparecchio la sua ragazza che, in quanto bionda, rappresenta qualcosa meritevole di studi approfonditi.<br \/>\nCongedatomi virtualmente e analogicamente non mi resta che fare un salto dalle fanciulle per il rosario serale. Le trovo intente a tostare sul fuoco le arachidi. Esatto, arachidi fresche, dritte dritte dall&#8217;albero, tostate in un bel pentolone rovente adagiato sul fuocherello in cortile. Me ne offrono un piatto. Aroma, gusto, consistenza, temperatura, caso mai foste amanti della frutta secca, fossi in voi, questa non me la perderei. Altro che i nostri pacchetti di plastica sottovuoto iper salati. Se con quelli una tira l&#8217;altra, qui ne mangerei come se non ci fosse un domani.<\/p>\n<p><strong>Non c&#8217;\u00e8 piatto che sia pi\u00f9 gustoso di quello condiviso<\/strong>, offro la mia razione (visibilmente pi\u00f9 abbondante delle altre per onore della sacra ospitalit\u00e0) al gruppo, nessuna si tira in dietro, <strong>lo spazzolamento avviene in tempo zero.<\/strong><br \/>\nNella corte Aisha si sta facendo fare le treccine, Marie cerca qualche arachide nei piatti altrui, Diane lava la grossa marmitta metallica, Monique soffia sul fuoco per scaldare qualche altra leccornia fuori dalla mia portata.<\/p>\n<p>Un&#8217;immagine della Madonna troneggia al centro dello spiazzo, proprio dietro al pentolone fumante, pochi germogli verdi tinteggiano il terreno color sabbia, devo dire che un altare cos\u00ec bello non lo avevo ancora visto!<\/p>","protected":false},"excerpt":{"rendered":"<p>Ho passato una notte travagliata. Alle 22 sono andato a letto puntando la sveglia alle 24. S\u00ec, perch\u00e9 a mezzanotte mi si riattivano i giga a disposizione e posso mandare notizie della mia sopravvivenza alla &#8220;famigghia&#8221;. Quest&#8217;ultima ha diritto e dovere di sospirare nostalgicamente la lontananza del primogenito, se non lo facesse mi offenderei! Mi [&hellip;]<\/p>\n","protected":false},"author":1,"featured_media":4368,"comment_status":"closed","ping_status":"closed","sticky":false,"template":"","format":"standard","meta":{"_jetpack_memberships_contains_paid_content":false,"footnotes":""},"categories":[62],"tags":[68,67,77,73,76,65,66,93,74],"class_list":["post-3753","post","type-post","status-publish","format-standard","has-post-thumbnail","hentry","category-travaler","tag-camerun","tag-fondazione-cumse","tag-fulfulde","tag-marza","tag-nassara","tag-scu","tag-servizio-civile-universale","tag-yves","tag-yves-plumey"],"yoast_head":"<!-- This site is optimized with the Yoast SEO plugin v27.3 - https:\/\/yoast.com\/product\/yoast-seo-wordpress\/ -->\n<title>16 gennaio - Bagagli culinari - Fondazione Cumse ETS<\/title>\n<meta name=\"description\" content=\"SCU - Valeryo Falcone, civilista di Fondazione Cumse, racconta la sua esperienza in modo leggero e divertente. SEGUITE LA SUA STORIA!\" \/>\n<meta name=\"robots\" content=\"index, follow, max-snippet:-1, max-image-preview:large, max-video-preview:-1\" \/>\n<link rel=\"canonical\" href=\"https:\/\/cumse.org\/fr\/bagagli-culinari-scu-in-camerun\/\" \/>\n<meta property=\"og:locale\" content=\"fr_FR\" \/>\n<meta property=\"og:type\" content=\"article\" \/>\n<meta property=\"og:title\" content=\"16 gennaio - Bagagli culinari - Fondazione Cumse ETS\" \/>\n<meta property=\"og:description\" content=\"SCU - Valeryo Falcone, civilista di Fondazione Cumse, racconta la sua esperienza in modo leggero e divertente. SEGUITE LA SUA STORIA!\" \/>\n<meta property=\"og:url\" content=\"https:\/\/cumse.org\/fr\/bagagli-culinari-scu-in-camerun\/\" \/>\n<meta property=\"og:site_name\" content=\"Fondazione Cumse ETS\" \/>\n<meta property=\"article:published_time\" content=\"2021-01-16T11:56:44+00:00\" \/>\n<meta property=\"article:modified_time\" content=\"2021-03-11T14:24:08+00:00\" \/>\n<meta property=\"og:image\" content=\"https:\/\/cumse.org\/wp-content\/uploads\/2021\/01\/WhatsApp-Image-2021-01-16-at-22.11.49.jpeg\" \/>\n\t<meta property=\"og:image:width\" content=\"1200\" \/>\n\t<meta property=\"og:image:height\" content=\"1600\" \/>\n\t<meta property=\"og:image:type\" content=\"image\/jpeg\" \/>\n<meta name=\"author\" content=\"admin\" \/>\n<meta name=\"twitter:card\" content=\"summary_large_image\" \/>\n<meta name=\"twitter:label1\" content=\"\u00c9crit par\" \/>\n\t<meta name=\"twitter:data1\" content=\"admin\" \/>\n\t<meta name=\"twitter:label2\" content=\"Dur\u00e9e de lecture estim\u00e9e\" \/>\n\t<meta name=\"twitter:data2\" content=\"10 minutes\" \/>\n<script type=\"application\/ld+json\" class=\"yoast-schema-graph\">{\"@context\":\"https:\\\/\\\/schema.org\",\"@graph\":[{\"@type\":\"Article\",\"@id\":\"https:\\\/\\\/cumse.org\\\/bagagli-culinari-scu-in-camerun\\\/#article\",\"isPartOf\":{\"@id\":\"https:\\\/\\\/cumse.org\\\/bagagli-culinari-scu-in-camerun\\\/\"},\"author\":{\"name\":\"admin\",\"@id\":\"https:\\\/\\\/cumse.org\\\/#\\\/schema\\\/person\\\/d8802c7f9d251c013018b375be80cb06\"},\"headline\":\"16 gennaio &#8211; Bagagli culinari\",\"datePublished\":\"2021-01-16T11:56:44+00:00\",\"dateModified\":\"2021-03-11T14:24:08+00:00\",\"mainEntityOfPage\":{\"@id\":\"https:\\\/\\\/cumse.org\\\/bagagli-culinari-scu-in-camerun\\\/\"},\"wordCount\":1905,\"image\":{\"@id\":\"https:\\\/\\\/cumse.org\\\/bagagli-culinari-scu-in-camerun\\\/#primaryimage\"},\"thumbnailUrl\":\"https:\\\/\\\/i0.wp.com\\\/cumse.org\\\/wp-content\\\/uploads\\\/2021\\\/01\\\/WhatsApp-Image-2021-01-16-at-22.11.49.jpeg?fit=1200%2C1600&ssl=1\",\"keywords\":[\"Camerun\",\"Fondazione Cumse\",\"fulfulde\",\"Marza\",\"nassara\",\"SCU\",\"Servizio Civile Universale\",\"yves\",\"Yves Plumey\"],\"articleSection\":[\"TrAvaler\"],\"inLanguage\":\"fr-FR\"},{\"@type\":\"WebPage\",\"@id\":\"https:\\\/\\\/cumse.org\\\/bagagli-culinari-scu-in-camerun\\\/\",\"url\":\"https:\\\/\\\/cumse.org\\\/bagagli-culinari-scu-in-camerun\\\/\",\"name\":\"16 gennaio - Bagagli culinari - Fondazione Cumse ETS\",\"isPartOf\":{\"@id\":\"https:\\\/\\\/cumse.org\\\/#website\"},\"primaryImageOfPage\":{\"@id\":\"https:\\\/\\\/cumse.org\\\/bagagli-culinari-scu-in-camerun\\\/#primaryimage\"},\"image\":{\"@id\":\"https:\\\/\\\/cumse.org\\\/bagagli-culinari-scu-in-camerun\\\/#primaryimage\"},\"thumbnailUrl\":\"https:\\\/\\\/i0.wp.com\\\/cumse.org\\\/wp-content\\\/uploads\\\/2021\\\/01\\\/WhatsApp-Image-2021-01-16-at-22.11.49.jpeg?fit=1200%2C1600&ssl=1\",\"datePublished\":\"2021-01-16T11:56:44+00:00\",\"dateModified\":\"2021-03-11T14:24:08+00:00\",\"author\":{\"@id\":\"https:\\\/\\\/cumse.org\\\/#\\\/schema\\\/person\\\/d8802c7f9d251c013018b375be80cb06\"},\"description\":\"SCU - Valeryo Falcone, civilista di Fondazione Cumse, racconta la sua esperienza in modo leggero e divertente. SEGUITE LA SUA STORIA!\",\"breadcrumb\":{\"@id\":\"https:\\\/\\\/cumse.org\\\/bagagli-culinari-scu-in-camerun\\\/#breadcrumb\"},\"inLanguage\":\"fr-FR\",\"potentialAction\":[{\"@type\":\"ReadAction\",\"target\":[\"https:\\\/\\\/cumse.org\\\/bagagli-culinari-scu-in-camerun\\\/\"]}]},{\"@type\":\"ImageObject\",\"inLanguage\":\"fr-FR\",\"@id\":\"https:\\\/\\\/cumse.org\\\/bagagli-culinari-scu-in-camerun\\\/#primaryimage\",\"url\":\"https:\\\/\\\/i0.wp.com\\\/cumse.org\\\/wp-content\\\/uploads\\\/2021\\\/01\\\/WhatsApp-Image-2021-01-16-at-22.11.49.jpeg?fit=1200%2C1600&ssl=1\",\"contentUrl\":\"https:\\\/\\\/i0.wp.com\\\/cumse.org\\\/wp-content\\\/uploads\\\/2021\\\/01\\\/WhatsApp-Image-2021-01-16-at-22.11.49.jpeg?fit=1200%2C1600&ssl=1\",\"width\":1200,\"height\":1600},{\"@type\":\"BreadcrumbList\",\"@id\":\"https:\\\/\\\/cumse.org\\\/bagagli-culinari-scu-in-camerun\\\/#breadcrumb\",\"itemListElement\":[{\"@type\":\"ListItem\",\"position\":1,\"name\":\"Home\",\"item\":\"https:\\\/\\\/cumse.org\\\/\"},{\"@type\":\"ListItem\",\"position\":2,\"name\":\"16 gennaio &#8211; Bagagli culinari\"}]},{\"@type\":\"WebSite\",\"@id\":\"https:\\\/\\\/cumse.org\\\/#website\",\"url\":\"https:\\\/\\\/cumse.org\\\/\",\"name\":\"Fondazione Cumse ETS\",\"description\":\"Siamo dove gli altri distolgono lo sguardo\",\"potentialAction\":[{\"@type\":\"SearchAction\",\"target\":{\"@type\":\"EntryPoint\",\"urlTemplate\":\"https:\\\/\\\/cumse.org\\\/?s={search_term_string}\"},\"query-input\":{\"@type\":\"PropertyValueSpecification\",\"valueRequired\":true,\"valueName\":\"search_term_string\"}}],\"inLanguage\":\"fr-FR\"},{\"@type\":\"Person\",\"@id\":\"https:\\\/\\\/cumse.org\\\/#\\\/schema\\\/person\\\/d8802c7f9d251c013018b375be80cb06\",\"name\":\"admin\",\"image\":{\"@type\":\"ImageObject\",\"inLanguage\":\"fr-FR\",\"@id\":\"https:\\\/\\\/secure.gravatar.com\\\/avatar\\\/7fcee464d094e0b490b50408a0c7356276eedd5a17796d503ee821451b764c37?s=96&d=mm&r=g\",\"url\":\"https:\\\/\\\/secure.gravatar.com\\\/avatar\\\/7fcee464d094e0b490b50408a0c7356276eedd5a17796d503ee821451b764c37?s=96&d=mm&r=g\",\"contentUrl\":\"https:\\\/\\\/secure.gravatar.com\\\/avatar\\\/7fcee464d094e0b490b50408a0c7356276eedd5a17796d503ee821451b764c37?s=96&d=mm&r=g\",\"caption\":\"admin\"}}]}<\/script>\n<!-- \/ Yoast SEO plugin. -->","yoast_head_json":{"title":"16 gennaio - Bagagli culinari - Fondazione Cumse ETS","description":"SCU - Valeryo Falcone, civilista di Fondazione Cumse, racconta la sua esperienza in modo leggero e divertente. SEGUITE LA SUA STORIA!","robots":{"index":"index","follow":"follow","max-snippet":"max-snippet:-1","max-image-preview":"max-image-preview:large","max-video-preview":"max-video-preview:-1"},"canonical":"https:\/\/cumse.org\/fr\/bagagli-culinari-scu-in-camerun\/","og_locale":"fr_FR","og_type":"article","og_title":"16 gennaio - Bagagli culinari - Fondazione Cumse ETS","og_description":"SCU - Valeryo Falcone, civilista di Fondazione Cumse, racconta la sua esperienza in modo leggero e divertente. SEGUITE LA SUA STORIA!","og_url":"https:\/\/cumse.org\/fr\/bagagli-culinari-scu-in-camerun\/","og_site_name":"Fondazione Cumse ETS","article_published_time":"2021-01-16T11:56:44+00:00","article_modified_time":"2021-03-11T14:24:08+00:00","og_image":[{"width":1200,"height":1600,"url":"https:\/\/cumse.org\/wp-content\/uploads\/2021\/01\/WhatsApp-Image-2021-01-16-at-22.11.49.jpeg","type":"image\/jpeg"}],"author":"admin","twitter_card":"summary_large_image","twitter_misc":{"\u00c9crit par":"admin","Dur\u00e9e de lecture estim\u00e9e":"10 minutes"},"schema":{"@context":"https:\/\/schema.org","@graph":[{"@type":"Article","@id":"https:\/\/cumse.org\/bagagli-culinari-scu-in-camerun\/#article","isPartOf":{"@id":"https:\/\/cumse.org\/bagagli-culinari-scu-in-camerun\/"},"author":{"name":"admin","@id":"https:\/\/cumse.org\/#\/schema\/person\/d8802c7f9d251c013018b375be80cb06"},"headline":"16 gennaio &#8211; Bagagli culinari","datePublished":"2021-01-16T11:56:44+00:00","dateModified":"2021-03-11T14:24:08+00:00","mainEntityOfPage":{"@id":"https:\/\/cumse.org\/bagagli-culinari-scu-in-camerun\/"},"wordCount":1905,"image":{"@id":"https:\/\/cumse.org\/bagagli-culinari-scu-in-camerun\/#primaryimage"},"thumbnailUrl":"https:\/\/i0.wp.com\/cumse.org\/wp-content\/uploads\/2021\/01\/WhatsApp-Image-2021-01-16-at-22.11.49.jpeg?fit=1200%2C1600&ssl=1","keywords":["Camerun","Fondazione Cumse","fulfulde","Marza","nassara","SCU","Servizio Civile Universale","yves","Yves Plumey"],"articleSection":["TrAvaler"],"inLanguage":"fr-FR"},{"@type":"WebPage","@id":"https:\/\/cumse.org\/bagagli-culinari-scu-in-camerun\/","url":"https:\/\/cumse.org\/bagagli-culinari-scu-in-camerun\/","name":"16 gennaio - Bagagli culinari - Fondazione Cumse ETS","isPartOf":{"@id":"https:\/\/cumse.org\/#website"},"primaryImageOfPage":{"@id":"https:\/\/cumse.org\/bagagli-culinari-scu-in-camerun\/#primaryimage"},"image":{"@id":"https:\/\/cumse.org\/bagagli-culinari-scu-in-camerun\/#primaryimage"},"thumbnailUrl":"https:\/\/i0.wp.com\/cumse.org\/wp-content\/uploads\/2021\/01\/WhatsApp-Image-2021-01-16-at-22.11.49.jpeg?fit=1200%2C1600&ssl=1","datePublished":"2021-01-16T11:56:44+00:00","dateModified":"2021-03-11T14:24:08+00:00","author":{"@id":"https:\/\/cumse.org\/#\/schema\/person\/d8802c7f9d251c013018b375be80cb06"},"description":"SCU - Valeryo Falcone, civilista di Fondazione Cumse, racconta la sua esperienza in modo leggero e divertente. SEGUITE LA SUA STORIA!","breadcrumb":{"@id":"https:\/\/cumse.org\/bagagli-culinari-scu-in-camerun\/#breadcrumb"},"inLanguage":"fr-FR","potentialAction":[{"@type":"ReadAction","target":["https:\/\/cumse.org\/bagagli-culinari-scu-in-camerun\/"]}]},{"@type":"ImageObject","inLanguage":"fr-FR","@id":"https:\/\/cumse.org\/bagagli-culinari-scu-in-camerun\/#primaryimage","url":"https:\/\/i0.wp.com\/cumse.org\/wp-content\/uploads\/2021\/01\/WhatsApp-Image-2021-01-16-at-22.11.49.jpeg?fit=1200%2C1600&ssl=1","contentUrl":"https:\/\/i0.wp.com\/cumse.org\/wp-content\/uploads\/2021\/01\/WhatsApp-Image-2021-01-16-at-22.11.49.jpeg?fit=1200%2C1600&ssl=1","width":1200,"height":1600},{"@type":"BreadcrumbList","@id":"https:\/\/cumse.org\/bagagli-culinari-scu-in-camerun\/#breadcrumb","itemListElement":[{"@type":"ListItem","position":1,"name":"Home","item":"https:\/\/cumse.org\/"},{"@type":"ListItem","position":2,"name":"16 gennaio &#8211; Bagagli culinari"}]},{"@type":"WebSite","@id":"https:\/\/cumse.org\/#website","url":"https:\/\/cumse.org\/","name":"Fondazione Cumse ETS","description":"Siamo dove gli altri distolgono lo sguardo","potentialAction":[{"@type":"SearchAction","target":{"@type":"EntryPoint","urlTemplate":"https:\/\/cumse.org\/?s={search_term_string}"},"query-input":{"@type":"PropertyValueSpecification","valueRequired":true,"valueName":"search_term_string"}}],"inLanguage":"fr-FR"},{"@type":"Person","@id":"https:\/\/cumse.org\/#\/schema\/person\/d8802c7f9d251c013018b375be80cb06","name":"admin","image":{"@type":"ImageObject","inLanguage":"fr-FR","@id":"https:\/\/secure.gravatar.com\/avatar\/7fcee464d094e0b490b50408a0c7356276eedd5a17796d503ee821451b764c37?s=96&d=mm&r=g","url":"https:\/\/secure.gravatar.com\/avatar\/7fcee464d094e0b490b50408a0c7356276eedd5a17796d503ee821451b764c37?s=96&d=mm&r=g","contentUrl":"https:\/\/secure.gravatar.com\/avatar\/7fcee464d094e0b490b50408a0c7356276eedd5a17796d503ee821451b764c37?s=96&d=mm&r=g","caption":"admin"}}]}},"jetpack_featured_media_url":"https:\/\/i0.wp.com\/cumse.org\/wp-content\/uploads\/2021\/01\/WhatsApp-Image-2021-01-16-at-22.11.49.jpeg?fit=1200%2C1600&ssl=1","jetpack_sharing_enabled":true,"_links":{"self":[{"href":"https:\/\/cumse.org\/fr\/wp-json\/wp\/v2\/posts\/3753","targetHints":{"allow":["GET"]}}],"collection":[{"href":"https:\/\/cumse.org\/fr\/wp-json\/wp\/v2\/posts"}],"about":[{"href":"https:\/\/cumse.org\/fr\/wp-json\/wp\/v2\/types\/post"}],"author":[{"embeddable":true,"href":"https:\/\/cumse.org\/fr\/wp-json\/wp\/v2\/users\/1"}],"replies":[{"embeddable":true,"href":"https:\/\/cumse.org\/fr\/wp-json\/wp\/v2\/comments?post=3753"}],"version-history":[{"count":0,"href":"https:\/\/cumse.org\/fr\/wp-json\/wp\/v2\/posts\/3753\/revisions"}],"wp:featuredmedia":[{"embeddable":true,"href":"https:\/\/cumse.org\/fr\/wp-json\/wp\/v2\/media\/4368"}],"wp:attachment":[{"href":"https:\/\/cumse.org\/fr\/wp-json\/wp\/v2\/media?parent=3753"}],"wp:term":[{"taxonomy":"category","embeddable":true,"href":"https:\/\/cumse.org\/fr\/wp-json\/wp\/v2\/categories?post=3753"},{"taxonomy":"post_tag","embeddable":true,"href":"https:\/\/cumse.org\/fr\/wp-json\/wp\/v2\/tags?post=3753"}],"curies":[{"name":"wp","href":"https:\/\/api.w.org\/{rel}","templated":true}]}}