{"id":3693,"date":"2021-01-14T13:23:54","date_gmt":"2021-01-14T12:23:54","guid":{"rendered":"https:\/\/cumse.org\/?p=3693"},"modified":"2021-03-09T15:21:39","modified_gmt":"2021-03-09T14:21:39","slug":"invasione-di-campo-scu-in-camerun","status":"publish","type":"post","link":"https:\/\/cumse.org\/fr\/invasione-di-campo-scu-in-camerun\/","title":{"rendered":"14 gennaio &#8211; Invasione di campo"},"content":{"rendered":"<p>La sveglia ha tuonato impietosa alle 6 del mattino. Anche oggi. Come sempre.<\/p>\n<p>Generalmente dormo 6 ore per notte, qui 8 non mi bastano e non so dirvi se sia un bene o un male. Lo scoprir\u00f2 col passare del tempo. Devo scattare le ultime fotografie per completare la raccolta da allegare al documento relativo alle ragazze.<br \/>\nMi metto a leggiucchiare una cosa interessante, si fanno le 6.39. <strong>Recidivo!<\/strong><\/p>\n<p>Corro fuori di casa con mezza banana in bocca, le scarpe slacciate e un pugno di arachidi nella mano sinistra.<br \/>\nLe ragazze mi stavano aspettando. Saranno loro ad indicarmi i volti di quelle che ancora non conosco.<br \/>\nLa scuola inizia alle 8.<\/p>\n<p>No, <strong>aspettate un attimo<\/strong>, a che ora inizia? Alle 8? Ma perch\u00e9? Perch\u00e9 pur abitando a 1 minuto di strada dall&#8217;edificio vi alzate alle 6 e arrivate alle 7 meno un quarto? Vi fa schifo la vita forse? Ebbene&#8230; le mie frustrazioni vengono immediatamente placate da una spiegazione ancora pi\u00f9 irrazionale per quanto valida. Nessuno ha intenzione di arrivare in ritardo.<\/p>\n<p>La punizione per coloro che varcano il cancello dopo le 7.30 prevede: ramazzare l&#8217;immenso cortile del complesso scolastico con uno scopino manuale capace di costringerti a stare vessato a faccia in gi\u00f9 per diverse ore prima che tu possa terminare l&#8217;opera. <strong>Tutto ci\u00f2 rigorosamente al mattino presto.<\/strong><br \/>\nLa disciplina quasi militare, pur schifandola, posso comprenderla nel caso in cui uno studente si presenti qualche minuto dopo l&#8217;inizio delle lezioni. Ma che si debba subire tale ingiuria per non essere arrivato con 15 minuti di anticipo mi pare un tantino esagerato!<\/p>\n<p>Ah gi\u00e0, vero che siamo in Africa, c&#8217;\u00e8 il fuso orario: &#8220;prevenire \u00e8 meglio che curare&#8221; qui diventa un monito marmoreo!<br \/>\nIl preside della scuola del resto si chiama <strong>padre Adolf.<\/strong> Coincidenze? Io non credo.<\/p>\n<p>Alle 7.00 si issa la bandiera del <a href=\"https:\/\/it.wikipedia.org\/wiki\/Camerun\">Camerun<\/a>. O meglio uno studente se ne occupa con rigore cameratesco. Le ragazze mi invitano a tenere una postura retta e composta. Faccio come Garibaldi, <strong>OBBEDISCO!<\/strong><br \/>\nTutti gli studenti nei paraggi si fermano per un istante: saluto bellico, riposo! Si riprende a ridere e scherzare. Per me \u00e8 pura fantascienza.<\/p>\n<p>Da qualche giorno nell&#8217;accompagnare le ragazze varco la soglia della scuola senza minimamente preoccuparmi della possibilit\u00e0 che padre Adolf voglia quantomeno essere al corrente della mia presenza nel suo territorio. Solo ora, osservando l&#8217;ordine di regime che regna nell&#8217;aria, mi pongo la domanda. E&#8217; strano come certe questioni sorgano nella nostra mente nei momenti pi\u00f9 disparati.<\/p>\n<p>Per esempio in questo caso, mentre mi auguro in cuor mio di non aver calpestato le trame invisibili della gerarchia (non sarebbe la prima volta), sono in posa a mo&#8217; di Pulcinella pronto a farmi immortalare con le mie nuove amiche. Del resto devo collezionare preziosi contenuti multimediali per il mio adorato blog, mica posso esimermi da certe figure!<br \/>\nDistolgo lo sguardo per un momento dall&#8217;obbiettivo e, dietro, poco lontano la figura di un uomo fuori fuoco va via via definendosi nelle mie pupille. Ovviamente \u00e8 padre Adolf.<\/p>\n<p>Mi ricordo di quella volta in cui in prima o seconda elementare ho parlato male della maestra per una decina di minuti buoni prima di accorgermi, dal silenzio generale dei miei compagni che avevano tutti smesso di ridere, di averla dietro le spalle. La sensazione di smarrimento e vergogna che provai allora non \u00e8 servita, date le circostanze, ad insegnarmi una preziosa lezione.<\/p>\n<p>Cerco di assumere la posa pi\u00f9 professionale e seria di cui dispongo, degna di un rappresentante del governo italiano all&#8217;estero. <strong>Ma chi voglio prendere in giro, il danno \u00e8 fatto!<\/strong> Padre Adolf si sforza di sorvolare anche se, rispetto all&#8217;espressione del viso, le sue sopracciglia fanno cortocircuito.<br \/>\nSpiego che sto raccogliendo materiale utile per un dossier che ci permetter\u00e0 di indire una raccolta fondi al fine di finanziare gli studi delle ragazze del centro al college. &#8220;Spero davvero di fare qualcosa di utile!&#8221; incalzo. Sorride, mi d\u00e0 la sua benedizione e mi augura buon lavoro. Ringrazio con melensa riverenza.<\/p>\n<p>Lo so, nella sua mente star\u00e0 pensando qualcosa tipo: &#8220;cosa ho fatto di male per ritrovarmi questo mix tra un nassara e un pagliaccio in cortile <strong>di prima mattina?<\/strong>&#8220;. Ehm&#8230; chi glielo dice che sono 3 giorni che mi spingo oltre il cancello di ingresso senza chiedere l&#8217;autorizzazione e che ho preso il numero di Friederich, (troppo simpatico) che in teoria dovrebbe essere l&#8217;addetto alla sicurezza e che, mai una volta, mi ha controllato col detector? Magari lo sa gi\u00e0, ho paura!<\/p>\n<p>Meglio tacere e non farsi vedere mai pi\u00f9, almeno non clandestinamente. Non voglio avere sulla coscienza il posto di lavoro di quel bravo ragazzo, n\u00e9 tantomeno ho intenzione di spazzare l&#8217;immenso campo antistante alla scuola.<\/p>\n<p>Rientrato a casa <strong>suor Nicole<\/strong> ha bisogno di vedermi. Discutiamo di alcune questioni logistico-burocratiche (vi piace come ve l&#8217;ho messa? Proprio come quei manager strapagati per fare niente che parlano del nulla come se fosse un lavoro difficilissimo!). Mi infilo a casa delle ragazze, vorrei tormentare un po&#8217; quella <strong>bontempona<\/strong>, super severa, di Claris.<\/p>\n<p>Filomena \u00e8 intenta a pulire <strong>le foglie di <a href=\"https:\/\/cumse.org\/fr\/progetti-sociali\/\">moringa<\/a> <\/strong>per la cena, Claris mi mette a lavoro. Provo a sminuzzare le foglie con la mia tecnica ninja ancora da affinare. Le fanciulle temono che io possa tranciarmi la mano vista la mancanza di praticit\u00e0 penosa di cui faccio sfoggio.<br \/>\nSuscito desolazione nei cuori delle spettatrici, le quali, gentilmente,\u00a0 cominciano a chiamarmi &#8220;uomo bianco&#8221; (non Nassara eh, proprio &#8220;white man&#8221;). Che fine ha fatto Valeryo, qualcuno lo ha visto?<\/p>\n<p><img data-recalc-dims=\"1\" loading=\"lazy\" decoding=\"async\" class=\"alignnone wp-image-4334\" src=\"https:\/\/i0.wp.com\/cumse.org\/wp-content\/uploads\/2021\/01\/WhatsApp-Image-2021-01-14-at-21.57.36.jpeg?resize=289%2C386&#038;ssl=1\" alt=\"\" width=\"289\" height=\"386\" srcset=\"https:\/\/i0.wp.com\/cumse.org\/wp-content\/uploads\/2021\/01\/WhatsApp-Image-2021-01-14-at-21.57.36.jpeg?w=1200&amp;ssl=1 1200w, https:\/\/i0.wp.com\/cumse.org\/wp-content\/uploads\/2021\/01\/WhatsApp-Image-2021-01-14-at-21.57.36.jpeg?resize=800%2C1067&amp;ssl=1 800w, https:\/\/i0.wp.com\/cumse.org\/wp-content\/uploads\/2021\/01\/WhatsApp-Image-2021-01-14-at-21.57.36.jpeg?resize=225%2C300&amp;ssl=1 225w, https:\/\/i0.wp.com\/cumse.org\/wp-content\/uploads\/2021\/01\/WhatsApp-Image-2021-01-14-at-21.57.36.jpeg?resize=768%2C1024&amp;ssl=1 768w, https:\/\/i0.wp.com\/cumse.org\/wp-content\/uploads\/2021\/01\/WhatsApp-Image-2021-01-14-at-21.57.36.jpeg?resize=1152%2C1536&amp;ssl=1 1152w\" sizes=\"auto, (max-width: 289px) 100vw, 289px\" \/><\/p>\n<p>Vorrei avere modo di rimediare. Per compassione mi viene affidata la mansione di setacciare le arachidi. Non so nemmeno quali siano quelle guaste: namo bene!<br \/>\nFilomena mi spiega sorvegliando il mio svogliato e pigro operato. Ho saputo poi che Claris, donna di poca fede, le ha chiesto di ricontrollarle.<\/p>\n<p>Fuggo a casa a gambe levate. E&#8217; quasi ora di pranzo. Mi chiama Mohamed, <strong>esatto proprio lui<\/strong>, l&#8217;autista che ieri mi spiegava di quanto fosse utile investire i cani randagi.<br \/>\nQuanto mai gli ho dato il numero. Mi chiama perch\u00e9 vuole sapere come si dice &#8220;buongiorno, buonasera e donna&#8221; in italiano. Ma io dico, non ci son soldi per il pane e spendiamo 150 franchi per ste fandonie? Valla a capire la gente. Oggi mi ha chiamato 3 volte. No, ditemi voi, io mi arrendo.<\/p>\n<p>Suor Nicole viene a trovarmi per chiarire dei dettagli secondari (che stile la lingua del marketing, pazzesco!).<br \/>\nPrima di attaccare con le fauci veraci le mie libagioni ho una missione. Ci sono altre due donzelle che devo tenere da conto nell&#8217;elenco. Si tratta di Miriam ed Elizabeth, l&#8217;anno prossimo passeranno al College, si dovr\u00e0 dunque provvedere alle spese anche per i loro studi. Corro verso la scuola primaria, qui gioco in casa, il mio maestro Jojo \u00e8 un ottimo aggancio per ottenere l&#8217;autorizzazione ad entrare (non che l&#8217;abbia chiesta, ma nel caso&#8230;) e immortalare un paio di scatti.<\/p>\n<p><img data-recalc-dims=\"1\" loading=\"lazy\" decoding=\"async\" class=\"alignnone size-medium wp-image-4330\" src=\"https:\/\/i0.wp.com\/cumse.org\/wp-content\/uploads\/2021\/01\/WhatsApp-Image-2021-01-14-at-21.57.33.jpeg?resize=225%2C300&#038;ssl=1\" alt=\"\" width=\"225\" height=\"300\" srcset=\"https:\/\/i0.wp.com\/cumse.org\/wp-content\/uploads\/2021\/01\/WhatsApp-Image-2021-01-14-at-21.57.33.jpeg?resize=225%2C300&amp;ssl=1 225w, https:\/\/i0.wp.com\/cumse.org\/wp-content\/uploads\/2021\/01\/WhatsApp-Image-2021-01-14-at-21.57.33.jpeg?resize=800%2C1067&amp;ssl=1 800w, https:\/\/i0.wp.com\/cumse.org\/wp-content\/uploads\/2021\/01\/WhatsApp-Image-2021-01-14-at-21.57.33.jpeg?resize=768%2C1024&amp;ssl=1 768w, https:\/\/i0.wp.com\/cumse.org\/wp-content\/uploads\/2021\/01\/WhatsApp-Image-2021-01-14-at-21.57.33.jpeg?resize=1152%2C1536&amp;ssl=1 1152w, https:\/\/i0.wp.com\/cumse.org\/wp-content\/uploads\/2021\/01\/WhatsApp-Image-2021-01-14-at-21.57.33.jpeg?w=1200&amp;ssl=1 1200w\" sizes=\"auto, (max-width: 225px) 100vw, 225px\" \/> <img data-recalc-dims=\"1\" loading=\"lazy\" decoding=\"async\" class=\"alignnone size-medium wp-image-4331\" src=\"https:\/\/i0.wp.com\/cumse.org\/wp-content\/uploads\/2021\/01\/WhatsApp-Image-2021-01-14-at-21.57.33-1.jpeg?resize=225%2C300&#038;ssl=1\" alt=\"\" width=\"225\" height=\"300\" srcset=\"https:\/\/i0.wp.com\/cumse.org\/wp-content\/uploads\/2021\/01\/WhatsApp-Image-2021-01-14-at-21.57.33-1.jpeg?resize=225%2C300&amp;ssl=1 225w, https:\/\/i0.wp.com\/cumse.org\/wp-content\/uploads\/2021\/01\/WhatsApp-Image-2021-01-14-at-21.57.33-1.jpeg?resize=800%2C1067&amp;ssl=1 800w, https:\/\/i0.wp.com\/cumse.org\/wp-content\/uploads\/2021\/01\/WhatsApp-Image-2021-01-14-at-21.57.33-1.jpeg?resize=768%2C1024&amp;ssl=1 768w, https:\/\/i0.wp.com\/cumse.org\/wp-content\/uploads\/2021\/01\/WhatsApp-Image-2021-01-14-at-21.57.33-1.jpeg?resize=1152%2C1536&amp;ssl=1 1152w, https:\/\/i0.wp.com\/cumse.org\/wp-content\/uploads\/2021\/01\/WhatsApp-Image-2021-01-14-at-21.57.33-1.jpeg?w=1200&amp;ssl=1 1200w\" sizes=\"auto, (max-width: 225px) 100vw, 225px\" \/> <img data-recalc-dims=\"1\" loading=\"lazy\" decoding=\"async\" class=\"alignnone size-medium wp-image-4332\" src=\"https:\/\/i0.wp.com\/cumse.org\/wp-content\/uploads\/2021\/01\/WhatsApp-Image-2021-01-14-at-21.57.32.jpeg?resize=225%2C300&#038;ssl=1\" alt=\"\" width=\"225\" height=\"300\" srcset=\"https:\/\/i0.wp.com\/cumse.org\/wp-content\/uploads\/2021\/01\/WhatsApp-Image-2021-01-14-at-21.57.32.jpeg?resize=225%2C300&amp;ssl=1 225w, https:\/\/i0.wp.com\/cumse.org\/wp-content\/uploads\/2021\/01\/WhatsApp-Image-2021-01-14-at-21.57.32.jpeg?resize=800%2C1067&amp;ssl=1 800w, https:\/\/i0.wp.com\/cumse.org\/wp-content\/uploads\/2021\/01\/WhatsApp-Image-2021-01-14-at-21.57.32.jpeg?resize=768%2C1024&amp;ssl=1 768w, https:\/\/i0.wp.com\/cumse.org\/wp-content\/uploads\/2021\/01\/WhatsApp-Image-2021-01-14-at-21.57.32.jpeg?resize=1152%2C1536&amp;ssl=1 1152w, https:\/\/i0.wp.com\/cumse.org\/wp-content\/uploads\/2021\/01\/WhatsApp-Image-2021-01-14-at-21.57.32.jpeg?w=1200&amp;ssl=1 1200w\" sizes=\"auto, (max-width: 225px) 100vw, 225px\" \/><\/p>\n<p>Il pranzo me lo sono guadagnato:\u00a0 questo \u00e8 quello che racconto a me stesso per non sentirmi troppo in colpa nel gustare i manicaretti di Godyene.<br \/>\nAnche il pomeriggio scorre veloce. Ho un appuntamento con <strong>Marcelin,<\/strong> sapete vanno rettificati alcuni macro punti edili. (Mi diverto troppo a parlare cos\u00ec). In verit\u00e0 Marcelin vuole costruire dei muri forniti di zanzariere chiudendo la veranda, il mio luogo preferito. Questo mi permetter\u00e0 di utilizzarla anche la sera nonostante gli insetti. L&#8217;idea non mi va affatto. Preferisco godermi l&#8217;ambiente nelle ore di luce, piuttosto che vivere in una mezza prigione. Poco male, i muri son fatti di fango, nel caso ne butto gi\u00f9 qualcuno. Decido di godermi gli ultimi giorni di libert\u00e0 e lo attendo all&#8217;esterno.<\/p>\n<p><strong>Counsulate e Uma<\/strong> mi corrono incontro. Adagiano i loro esili corpicini sui gradoni dell&#8217;entrata e iniziano a chiacchierare con me. Avevo giusto giusto voglia di compagnia!<br \/>\nMi chiedono quando faremo ancora ginnastica insieme. Venerd\u00ec dopo la scuola, promesso. Nel mentre ho inviato il mio personale emissario al mercato, <strong>Manass\u00e8<\/strong>, per l&#8217;acquisto di un pallone da calcio. I miei messaggeri mi dicono che il prode generale ha ben portato a termine il suo compito. Domani grande torneo.<br \/>\nDel resto si sa, per placare la plebe servono <strong>pane et circensem<\/strong>. Noi imperatori siamo dei maestri dell&#8217;intrattenimento. <span style=\"font-size: 1rem;\">Devo aver fatto confusione tra neri e Nerone&#8230;un attimo di smarrimento, chiedo venia.<\/span><\/p>\n<p><span style=\"font-size: 1rem;\"> Marcelin arriva in concomitanza con Jojo. L&#8217;uno prende appunti e misure per costruire la gabbia, l&#8217;altro attacca con i verbi del terzo gruppo, la cui pronuncia per me \u00e8 abbastanza disturbante. Nel mentre un messaggio di Claris mi invita a passare dalle ragazze per una partita di <strong>Sarak\u00e8<\/strong>\u00a0<\/span>(cos\u00ec si chiama il primo gioco di cui vi ho parlato ieri) e un piatto di moringa. Come rifiutare! Aisha estrae un giornale di moda e mi mostra le case spaziali in cui vorrebbe vivere, Diane sogna di comprare un Rolex, Marie mi chiede cosa ne penso delle modelle: sono magre come un chiodo, nessuna di loro mostra i denti quando sorride, insomma troppo algide per il sottoscritto (sono un nostalgico rimango per la Loren e la Cardinale).<\/p>\n<p>Larissa mi rivela che tutte le treccine in capo alle piccole donne sono opera sua. Quali preferisco? Se avessi i capelli le farebbe anche a me, <strong>genetica infame!<\/strong>\u00a0La notizia del mio segreto desiderio di avere le treccine nere fomenta una fragorosa risata.<br \/>\nTra un gioco e l&#8217;altro mi chiama ancora Mohamed, con tutto il bene, BASTA! Prima di coricarsi Claris ha l&#8217;abitudine di far pregare il gruppo, mi invitano ad unirmi, lo faccio volentieri. Come d&#8217;uso, i canti e le melodie accompagnano le formule rituali. Il rosario tocca delle dinamiche impensabili dalle nostre parti.<\/p>\n<p>Sar\u00e0 il profondo blu del cielo che sovrasta la corte interna della casa, saranno le stelle che appaiono pi\u00f9 grandi, sar\u00e0 la leggera brezza serale che distende i miei nervi, saranno le ugole dorate di queste talentuose donnine, sar\u00e0 che, come i bambini, se voglio mi diverto con poco (ammesso che tutto questo sia poco, per me non lo \u00e8), che posso dire, anche oggi non presento rimostranze.<\/p>","protected":false},"excerpt":{"rendered":"<p>La sveglia ha tuonato impietosa alle 6 del mattino. Anche oggi. Come sempre. Generalmente dormo 6 ore per notte, qui 8 non mi bastano e non so dirvi se sia un bene o un male. Lo scoprir\u00f2 col passare del tempo. Devo scattare le ultime fotografie per completare la raccolta da allegare al documento relativo [&hellip;]<\/p>\n","protected":false},"author":1,"featured_media":4333,"comment_status":"closed","ping_status":"closed","sticky":false,"template":"","format":"standard","meta":{"_jetpack_memberships_contains_paid_content":false,"footnotes":""},"categories":[62],"tags":[68,67,90,65,66],"class_list":["post-3693","post","type-post","status-publish","format-standard","has-post-thumbnail","hentry","category-travaler","tag-camerun","tag-fondazione-cumse","tag-moringa","tag-scu","tag-servizio-civile-universale"],"yoast_head":"<!-- This site is optimized with the Yoast SEO plugin v27.3 - https:\/\/yoast.com\/product\/yoast-seo-wordpress\/ -->\n<title>14 gennaio - Invasione di campo - Fondazione Cumse ETS<\/title>\n<meta name=\"description\" content=\"SCU - Valeryo Falcone, civilista di Fondazione Cumse, racconta la sua esperienza in modo leggero e divertente. SEGUITE LA SUA STORIA!\" \/>\n<meta name=\"robots\" content=\"index, follow, max-snippet:-1, max-image-preview:large, max-video-preview:-1\" \/>\n<link rel=\"canonical\" href=\"https:\/\/cumse.org\/fr\/invasione-di-campo-scu-in-camerun\/\" \/>\n<meta property=\"og:locale\" content=\"fr_FR\" \/>\n<meta property=\"og:type\" content=\"article\" \/>\n<meta property=\"og:title\" content=\"14 gennaio - Invasione di campo - Fondazione Cumse ETS\" \/>\n<meta property=\"og:description\" content=\"SCU - Valeryo Falcone, civilista di Fondazione Cumse, racconta la sua esperienza in modo leggero e divertente. SEGUITE LA SUA STORIA!\" \/>\n<meta property=\"og:url\" content=\"https:\/\/cumse.org\/fr\/invasione-di-campo-scu-in-camerun\/\" \/>\n<meta property=\"og:site_name\" content=\"Fondazione Cumse ETS\" \/>\n<meta property=\"article:published_time\" content=\"2021-01-14T12:23:54+00:00\" \/>\n<meta property=\"article:modified_time\" content=\"2021-03-09T14:21:39+00:00\" \/>\n<meta property=\"og:image\" content=\"https:\/\/cumse.org\/wp-content\/uploads\/2021\/01\/WhatsApp-Image-2021-01-14-at-21.57.35.jpeg\" \/>\n\t<meta property=\"og:image:width\" content=\"960\" \/>\n\t<meta property=\"og:image:height\" content=\"1280\" \/>\n\t<meta property=\"og:image:type\" content=\"image\/jpeg\" \/>\n<meta name=\"author\" content=\"admin\" \/>\n<meta name=\"twitter:card\" content=\"summary_large_image\" \/>\n<meta name=\"twitter:label1\" content=\"\u00c9crit par\" \/>\n\t<meta name=\"twitter:data1\" content=\"admin\" \/>\n\t<meta name=\"twitter:label2\" content=\"Dur\u00e9e de lecture estim\u00e9e\" \/>\n\t<meta name=\"twitter:data2\" content=\"9 minutes\" \/>\n<script type=\"application\/ld+json\" class=\"yoast-schema-graph\">{\"@context\":\"https:\\\/\\\/schema.org\",\"@graph\":[{\"@type\":\"Article\",\"@id\":\"https:\\\/\\\/cumse.org\\\/invasione-di-campo-scu-in-camerun\\\/#article\",\"isPartOf\":{\"@id\":\"https:\\\/\\\/cumse.org\\\/invasione-di-campo-scu-in-camerun\\\/\"},\"author\":{\"name\":\"admin\",\"@id\":\"https:\\\/\\\/cumse.org\\\/#\\\/schema\\\/person\\\/d8802c7f9d251c013018b375be80cb06\"},\"headline\":\"14 gennaio &#8211; Invasione di campo\",\"datePublished\":\"2021-01-14T12:23:54+00:00\",\"dateModified\":\"2021-03-09T14:21:39+00:00\",\"mainEntityOfPage\":{\"@id\":\"https:\\\/\\\/cumse.org\\\/invasione-di-campo-scu-in-camerun\\\/\"},\"wordCount\":1640,\"image\":{\"@id\":\"https:\\\/\\\/cumse.org\\\/invasione-di-campo-scu-in-camerun\\\/#primaryimage\"},\"thumbnailUrl\":\"https:\\\/\\\/i0.wp.com\\\/cumse.org\\\/wp-content\\\/uploads\\\/2021\\\/01\\\/WhatsApp-Image-2021-01-14-at-21.57.35.jpeg?fit=960%2C1280&ssl=1\",\"keywords\":[\"Camerun\",\"Fondazione Cumse\",\"moringa\",\"SCU\",\"Servizio Civile Universale\"],\"articleSection\":[\"TrAvaler\"],\"inLanguage\":\"fr-FR\"},{\"@type\":\"WebPage\",\"@id\":\"https:\\\/\\\/cumse.org\\\/invasione-di-campo-scu-in-camerun\\\/\",\"url\":\"https:\\\/\\\/cumse.org\\\/invasione-di-campo-scu-in-camerun\\\/\",\"name\":\"14 gennaio - Invasione di campo - Fondazione Cumse ETS\",\"isPartOf\":{\"@id\":\"https:\\\/\\\/cumse.org\\\/#website\"},\"primaryImageOfPage\":{\"@id\":\"https:\\\/\\\/cumse.org\\\/invasione-di-campo-scu-in-camerun\\\/#primaryimage\"},\"image\":{\"@id\":\"https:\\\/\\\/cumse.org\\\/invasione-di-campo-scu-in-camerun\\\/#primaryimage\"},\"thumbnailUrl\":\"https:\\\/\\\/i0.wp.com\\\/cumse.org\\\/wp-content\\\/uploads\\\/2021\\\/01\\\/WhatsApp-Image-2021-01-14-at-21.57.35.jpeg?fit=960%2C1280&ssl=1\",\"datePublished\":\"2021-01-14T12:23:54+00:00\",\"dateModified\":\"2021-03-09T14:21:39+00:00\",\"author\":{\"@id\":\"https:\\\/\\\/cumse.org\\\/#\\\/schema\\\/person\\\/d8802c7f9d251c013018b375be80cb06\"},\"description\":\"SCU - Valeryo Falcone, civilista di Fondazione Cumse, racconta la sua esperienza in modo leggero e divertente. SEGUITE LA SUA STORIA!\",\"breadcrumb\":{\"@id\":\"https:\\\/\\\/cumse.org\\\/invasione-di-campo-scu-in-camerun\\\/#breadcrumb\"},\"inLanguage\":\"fr-FR\",\"potentialAction\":[{\"@type\":\"ReadAction\",\"target\":[\"https:\\\/\\\/cumse.org\\\/invasione-di-campo-scu-in-camerun\\\/\"]}]},{\"@type\":\"ImageObject\",\"inLanguage\":\"fr-FR\",\"@id\":\"https:\\\/\\\/cumse.org\\\/invasione-di-campo-scu-in-camerun\\\/#primaryimage\",\"url\":\"https:\\\/\\\/i0.wp.com\\\/cumse.org\\\/wp-content\\\/uploads\\\/2021\\\/01\\\/WhatsApp-Image-2021-01-14-at-21.57.35.jpeg?fit=960%2C1280&ssl=1\",\"contentUrl\":\"https:\\\/\\\/i0.wp.com\\\/cumse.org\\\/wp-content\\\/uploads\\\/2021\\\/01\\\/WhatsApp-Image-2021-01-14-at-21.57.35.jpeg?fit=960%2C1280&ssl=1\",\"width\":960,\"height\":1280},{\"@type\":\"BreadcrumbList\",\"@id\":\"https:\\\/\\\/cumse.org\\\/invasione-di-campo-scu-in-camerun\\\/#breadcrumb\",\"itemListElement\":[{\"@type\":\"ListItem\",\"position\":1,\"name\":\"Home\",\"item\":\"https:\\\/\\\/cumse.org\\\/\"},{\"@type\":\"ListItem\",\"position\":2,\"name\":\"14 gennaio &#8211; Invasione di campo\"}]},{\"@type\":\"WebSite\",\"@id\":\"https:\\\/\\\/cumse.org\\\/#website\",\"url\":\"https:\\\/\\\/cumse.org\\\/\",\"name\":\"Fondazione Cumse ETS\",\"description\":\"Siamo dove gli altri distolgono lo sguardo\",\"potentialAction\":[{\"@type\":\"SearchAction\",\"target\":{\"@type\":\"EntryPoint\",\"urlTemplate\":\"https:\\\/\\\/cumse.org\\\/?s={search_term_string}\"},\"query-input\":{\"@type\":\"PropertyValueSpecification\",\"valueRequired\":true,\"valueName\":\"search_term_string\"}}],\"inLanguage\":\"fr-FR\"},{\"@type\":\"Person\",\"@id\":\"https:\\\/\\\/cumse.org\\\/#\\\/schema\\\/person\\\/d8802c7f9d251c013018b375be80cb06\",\"name\":\"admin\",\"image\":{\"@type\":\"ImageObject\",\"inLanguage\":\"fr-FR\",\"@id\":\"https:\\\/\\\/secure.gravatar.com\\\/avatar\\\/7fcee464d094e0b490b50408a0c7356276eedd5a17796d503ee821451b764c37?s=96&d=mm&r=g\",\"url\":\"https:\\\/\\\/secure.gravatar.com\\\/avatar\\\/7fcee464d094e0b490b50408a0c7356276eedd5a17796d503ee821451b764c37?s=96&d=mm&r=g\",\"contentUrl\":\"https:\\\/\\\/secure.gravatar.com\\\/avatar\\\/7fcee464d094e0b490b50408a0c7356276eedd5a17796d503ee821451b764c37?s=96&d=mm&r=g\",\"caption\":\"admin\"}}]}<\/script>\n<!-- \/ Yoast SEO plugin. -->","yoast_head_json":{"title":"14 gennaio - Invasione di campo - Fondazione Cumse ETS","description":"SCU - Valeryo Falcone, civilista di Fondazione Cumse, racconta la sua esperienza in modo leggero e divertente. SEGUITE LA SUA STORIA!","robots":{"index":"index","follow":"follow","max-snippet":"max-snippet:-1","max-image-preview":"max-image-preview:large","max-video-preview":"max-video-preview:-1"},"canonical":"https:\/\/cumse.org\/fr\/invasione-di-campo-scu-in-camerun\/","og_locale":"fr_FR","og_type":"article","og_title":"14 gennaio - Invasione di campo - Fondazione Cumse ETS","og_description":"SCU - Valeryo Falcone, civilista di Fondazione Cumse, racconta la sua esperienza in modo leggero e divertente. SEGUITE LA SUA STORIA!","og_url":"https:\/\/cumse.org\/fr\/invasione-di-campo-scu-in-camerun\/","og_site_name":"Fondazione Cumse ETS","article_published_time":"2021-01-14T12:23:54+00:00","article_modified_time":"2021-03-09T14:21:39+00:00","og_image":[{"width":960,"height":1280,"url":"https:\/\/cumse.org\/wp-content\/uploads\/2021\/01\/WhatsApp-Image-2021-01-14-at-21.57.35.jpeg","type":"image\/jpeg"}],"author":"admin","twitter_card":"summary_large_image","twitter_misc":{"\u00c9crit par":"admin","Dur\u00e9e de lecture estim\u00e9e":"9 minutes"},"schema":{"@context":"https:\/\/schema.org","@graph":[{"@type":"Article","@id":"https:\/\/cumse.org\/invasione-di-campo-scu-in-camerun\/#article","isPartOf":{"@id":"https:\/\/cumse.org\/invasione-di-campo-scu-in-camerun\/"},"author":{"name":"admin","@id":"https:\/\/cumse.org\/#\/schema\/person\/d8802c7f9d251c013018b375be80cb06"},"headline":"14 gennaio &#8211; Invasione di campo","datePublished":"2021-01-14T12:23:54+00:00","dateModified":"2021-03-09T14:21:39+00:00","mainEntityOfPage":{"@id":"https:\/\/cumse.org\/invasione-di-campo-scu-in-camerun\/"},"wordCount":1640,"image":{"@id":"https:\/\/cumse.org\/invasione-di-campo-scu-in-camerun\/#primaryimage"},"thumbnailUrl":"https:\/\/i0.wp.com\/cumse.org\/wp-content\/uploads\/2021\/01\/WhatsApp-Image-2021-01-14-at-21.57.35.jpeg?fit=960%2C1280&ssl=1","keywords":["Camerun","Fondazione Cumse","moringa","SCU","Servizio Civile Universale"],"articleSection":["TrAvaler"],"inLanguage":"fr-FR"},{"@type":"WebPage","@id":"https:\/\/cumse.org\/invasione-di-campo-scu-in-camerun\/","url":"https:\/\/cumse.org\/invasione-di-campo-scu-in-camerun\/","name":"14 gennaio - Invasione di campo - Fondazione Cumse ETS","isPartOf":{"@id":"https:\/\/cumse.org\/#website"},"primaryImageOfPage":{"@id":"https:\/\/cumse.org\/invasione-di-campo-scu-in-camerun\/#primaryimage"},"image":{"@id":"https:\/\/cumse.org\/invasione-di-campo-scu-in-camerun\/#primaryimage"},"thumbnailUrl":"https:\/\/i0.wp.com\/cumse.org\/wp-content\/uploads\/2021\/01\/WhatsApp-Image-2021-01-14-at-21.57.35.jpeg?fit=960%2C1280&ssl=1","datePublished":"2021-01-14T12:23:54+00:00","dateModified":"2021-03-09T14:21:39+00:00","author":{"@id":"https:\/\/cumse.org\/#\/schema\/person\/d8802c7f9d251c013018b375be80cb06"},"description":"SCU - Valeryo Falcone, civilista di Fondazione Cumse, racconta la sua esperienza in modo leggero e divertente. SEGUITE LA SUA STORIA!","breadcrumb":{"@id":"https:\/\/cumse.org\/invasione-di-campo-scu-in-camerun\/#breadcrumb"},"inLanguage":"fr-FR","potentialAction":[{"@type":"ReadAction","target":["https:\/\/cumse.org\/invasione-di-campo-scu-in-camerun\/"]}]},{"@type":"ImageObject","inLanguage":"fr-FR","@id":"https:\/\/cumse.org\/invasione-di-campo-scu-in-camerun\/#primaryimage","url":"https:\/\/i0.wp.com\/cumse.org\/wp-content\/uploads\/2021\/01\/WhatsApp-Image-2021-01-14-at-21.57.35.jpeg?fit=960%2C1280&ssl=1","contentUrl":"https:\/\/i0.wp.com\/cumse.org\/wp-content\/uploads\/2021\/01\/WhatsApp-Image-2021-01-14-at-21.57.35.jpeg?fit=960%2C1280&ssl=1","width":960,"height":1280},{"@type":"BreadcrumbList","@id":"https:\/\/cumse.org\/invasione-di-campo-scu-in-camerun\/#breadcrumb","itemListElement":[{"@type":"ListItem","position":1,"name":"Home","item":"https:\/\/cumse.org\/"},{"@type":"ListItem","position":2,"name":"14 gennaio &#8211; Invasione di campo"}]},{"@type":"WebSite","@id":"https:\/\/cumse.org\/#website","url":"https:\/\/cumse.org\/","name":"Fondazione Cumse ETS","description":"Siamo dove gli altri distolgono lo sguardo","potentialAction":[{"@type":"SearchAction","target":{"@type":"EntryPoint","urlTemplate":"https:\/\/cumse.org\/?s={search_term_string}"},"query-input":{"@type":"PropertyValueSpecification","valueRequired":true,"valueName":"search_term_string"}}],"inLanguage":"fr-FR"},{"@type":"Person","@id":"https:\/\/cumse.org\/#\/schema\/person\/d8802c7f9d251c013018b375be80cb06","name":"admin","image":{"@type":"ImageObject","inLanguage":"fr-FR","@id":"https:\/\/secure.gravatar.com\/avatar\/7fcee464d094e0b490b50408a0c7356276eedd5a17796d503ee821451b764c37?s=96&d=mm&r=g","url":"https:\/\/secure.gravatar.com\/avatar\/7fcee464d094e0b490b50408a0c7356276eedd5a17796d503ee821451b764c37?s=96&d=mm&r=g","contentUrl":"https:\/\/secure.gravatar.com\/avatar\/7fcee464d094e0b490b50408a0c7356276eedd5a17796d503ee821451b764c37?s=96&d=mm&r=g","caption":"admin"}}]}},"jetpack_featured_media_url":"https:\/\/i0.wp.com\/cumse.org\/wp-content\/uploads\/2021\/01\/WhatsApp-Image-2021-01-14-at-21.57.35.jpeg?fit=960%2C1280&ssl=1","jetpack_sharing_enabled":true,"_links":{"self":[{"href":"https:\/\/cumse.org\/fr\/wp-json\/wp\/v2\/posts\/3693","targetHints":{"allow":["GET"]}}],"collection":[{"href":"https:\/\/cumse.org\/fr\/wp-json\/wp\/v2\/posts"}],"about":[{"href":"https:\/\/cumse.org\/fr\/wp-json\/wp\/v2\/types\/post"}],"author":[{"embeddable":true,"href":"https:\/\/cumse.org\/fr\/wp-json\/wp\/v2\/users\/1"}],"replies":[{"embeddable":true,"href":"https:\/\/cumse.org\/fr\/wp-json\/wp\/v2\/comments?post=3693"}],"version-history":[{"count":0,"href":"https:\/\/cumse.org\/fr\/wp-json\/wp\/v2\/posts\/3693\/revisions"}],"wp:featuredmedia":[{"embeddable":true,"href":"https:\/\/cumse.org\/fr\/wp-json\/wp\/v2\/media\/4333"}],"wp:attachment":[{"href":"https:\/\/cumse.org\/fr\/wp-json\/wp\/v2\/media?parent=3693"}],"wp:term":[{"taxonomy":"category","embeddable":true,"href":"https:\/\/cumse.org\/fr\/wp-json\/wp\/v2\/categories?post=3693"},{"taxonomy":"post_tag","embeddable":true,"href":"https:\/\/cumse.org\/fr\/wp-json\/wp\/v2\/tags?post=3693"}],"curies":[{"name":"wp","href":"https:\/\/api.w.org\/{rel}","templated":true}]}}