{"id":3688,"date":"2021-01-13T22:43:13","date_gmt":"2021-01-13T21:43:13","guid":{"rendered":"https:\/\/cumse.org\/?p=3688"},"modified":"2021-03-09T14:52:36","modified_gmt":"2021-03-09T13:52:36","slug":"darci-un-taglio-scu-in-camerun","status":"publish","type":"post","link":"https:\/\/cumse.org\/fr\/darci-un-taglio-scu-in-camerun\/","title":{"rendered":"13 gennaio &#8211; Darci un taglio"},"content":{"rendered":"<p>Mi sono svegliato alle 6 in largo anticipo per andare a trovare le ragazze.<\/p>\n<p>Menzogna, non so cosa diamine sia successo ma alle 6.32 ero ancora a letto. Non ce la posso fare!<br \/>\nCorro verso la grande casa rosa e le trovo gi\u00e0 in procinto di uscire. Sono un po&#8217; deluse dal pacco tirato loro a colazione ma mi perdonano. Aisha addirittura ha un regalo per me: arachidi caramellate! Quanto le amo&#8230;le noccioline intendo!<\/p>\n<p>A scuola ci facciamo un mega selfie: cos\u00ec, perch\u00e9 ci va. Chiacchieriamo davanti alle classi fino al secondo prima che inizi la lezione. Inizio ad apprezzare le<a href=\"https:\/\/r.search.yahoo.com\/_ylt=AwrJS5eodUdgtR4A5rzc5olQ;_ylu=Y29sbwNpcjIEcG9zAzEEdnRpZAMEc2VjA3Ny\/RV=2\/RE=1615324712\/RO=10\/RU=https%3a%2f%2fdizionari.corriere.it%2fdizionario_italiano%2fL%2flevataccia.shtml\/RK=2\/RS=2sEBaCrafD5Aj.pTgkgtNPTEBAw-\"> levatacce<\/a>, per 15 minuti al giorno mi sembra di essere tornato al liceo.<br \/>\nPoi loro entrano e io torno alla realt\u00e0.<strong> Godyene<\/strong> ha deciso che \u00e8 il giorno delle pulizie. Mi cambia le lenzuola, rivolta la stanza, lava i panni. Appena prima di lasciarla entrare in bagno la avviso chiedendo di risparmiare una piccola ranocchietta arancione casomai la trovasse. Dovrebbe essere nascosta dietro al water.<\/p>\n<p>Niente di Molly, a detta sua, nessuna nuova. Jacob bussa sul retro, lo trovo con una cucina in mano, questa ha il forno, cos\u00ec in quattro e quattrotto fa scomparire il tavolino di legno e \u00a0i fornelli sostituendoli con il nuovissimo arredo. La procedura richiede la chiusura della valvola della bombola di gas, per quanto Jacob sia competente, la cosa mi fa sudare freddo. Tremenda inquietudine!<\/p>\n<p>Gi\u00e0 immagino la casa saltare per aria. Mi allontano dalla scena, spero che sedermi sul divano dall&#8217;altra parte della stanza mi salvi la pellaccia: dubito fortemente. Verso le dieci, Claris e <strong>Conrad<\/strong> (mio futuro compagno di ufficio)\u00a0 si presentano all&#8217;uscio con un avocado in mano. Accetto il dono di buon grado e li invito ad accomodarsi.<\/p>\n<p>Oggi mi piovono cose dal cielo. Conrad vorrebbe parlarmi del progetto riguardante la costruzione del liceo. Ha gi\u00e0 messo gi\u00f9 i primi rudimenti e una\u00a0 bozza in inglese di almeno quattro pagine. Ci mancano alcuni elementi fondamentali da conoscere, ma la maggior parte delle priorit\u00e0 siamo gi\u00e0 in grado di trascriverle materialmente su carta. E&#8217; un buon inizio.<\/p>\n<p>Ci spostiamo in ufficio, luogo in cui possiamo confrontarci anche con Sophie. Conrad d&#8217;improvviso estrae una bottiglia di coca-cola piena di <em>&#8220;croquette&#8221;<\/em> ovvero dei cosini cilindrici infilati meticolosamente all&#8217;interno del contenitore. Vorrei assaggiarli. Basta chiedere! Sono come dei piccoli grissini dal sapore magicamente sia dolce che salato. Conrad mi spiega che vengono &#8220;imbottigliati&#8221; proprio per far si che diventi faticoso estrarli, altrimenti si finiscono in tempo zero.<\/p>\n<p>Per la stessa ragione si effettua la procedura dell&#8217;imbottigliamento anche con la frutta secca. L&#8217;idea \u00e8, a mio avviso, tanto geniale quanto capace di esprimere la cultura del paese. I cibi gustosi vengono conservati in modo da non essere consumati troppo rapidamente. E&#8217; bene che durino per un po&#8217; in modo da poterli apprezzare nelle occasioni meritevoli di cerimonia.<\/p>\n<p><strong>Suor Nicole<\/strong> mi ha accordato il permesso di scendere in citt\u00e0&#8217; nel pomeriggio. Devo raccogliere un po&#8217; di informazioni per il <em>Cumse<\/em> e in pi\u00f9 vorrei smarcare un paio di questioni: 1) tagliarmi i capelli. 2) comprare un pallone.<\/p>\n<p>Dopo pranzo\u00a0 sono serenamente libero da ogni preoccupazione. Ben riposato e sazio mi avvio verso l&#8217;ufficio.<br \/>\nNella direzione opposta incontro Manass\u00e8. Vorrei tanto che venisse con noi in citt\u00e0: accetta volentieri.<br \/>\nIo, Conrad e quest&#8217;ultimo montiamo in auto.<\/p>\n<p>Stavolta a guidare c&#8217;\u00e8 Mohamed, vorrei potervi dire &#8220;<strong>per fortuna!<\/strong>&#8220;, ma malauguratamente anche lui inizia a parlare male dei cani che attraversano la strada in quanto selvaggi, pericolosi ed inutili. Cerco di spiegare che non sono proprio abituato a vederla cos\u00ec ma che posso certamente fare del mio meglio per comprendere il suo punto di vista. Non c&#8217;\u00e8 santo che tenga, molto meglio tacere a riguardo!<\/p>\n<p>Iniziamo a girovagare per banche chiedendo a destra ed a manca le informazioni che mi interessano. Pazientemente Conrad e Manass\u00e8 mi seguono e fungono da interpreti. Nessun risultato. Pare proprio che il nostro sia stato un buco nell&#8217;acqua. Vorrei almeno tagliarmi i capelli, con questa ricrescita laterale da vecchio non ci resisto pi\u00f9! Odio andare a letto con la testa umida.<br \/>\nI miei compagni di gita sono scettici a riguardo. Pensano che con meno capelli in testa possa apparire peggio di cos\u00ec. Ingenui. Non sanno quanto sia illusoria una buona sfumatura fatta ad arte.<\/p>\n<p>Sulla strada incrociamo <strong>Larissa<\/strong> che torna da scuola. Ha voglia e tempo per aspettarci e cos\u00ec in cambio le offriamo un passaggio in auto. Varco la soglia del minuscolo salone. I pavimenti sono in marmo grigio e bianco striato. Le tre sedie da barbiere in pelle nera sono disposte l&#8217;una accanto all&#8217;altra. Sul fondo una sola postazione di lavaggio occupa l&#8217;ultimo angolo rimasto libero. Piroettano tra le ciocche due baldi giovani; fisicati e ben vestiti. Pantalone nero e camicia rigorosamente iper-colorata. Sandalo in cuoio obbligatorio.<\/p>\n<p>Entriamo tutti e quattro in fila. I capelli li devo tagliare solo io, ma da megalomane volevo che ci fosse un po&#8217; di pubblico. Patrice (cos\u00ec si chiama il ragazzo addetto al mio scalpo) mi chiede di attendere. Finisce un signore e poi mi tosa. Conrad \u00e8 sempre pi\u00f9 scettico. <em>&#8220;Voglio proprio vedere come ne esci!&#8221;<\/em>. Manass\u00e8 invece, nella sua figura alta e snella, sembra uscito dal film del &#8220;Mago di Oz&#8221;.<br \/>\nNell&#8217;attesa \u00e8 andato a comprare due scope per suor Nicole, se ne sta seduto con gli attrezzi in mano, il peso della testa incurva un po&#8217; il collo, somiglia ad uno spaventapasseri stanco, ride sotto i baffi nel sentire i commenti di Conrad. Larisse mi scruta la pelata incuriosita.<\/p>\n<p>E&#8217; il mio turno. <em>&#8220;Allora li vorrei corti corti dietro, proprio a zero, e un po&#8217; pi\u00f9 lunghi, ma poco, di sopra&#8221;<\/em>. Patrice mette in carica un rasoi da barba con le testine mobili, attacca la macchinetta e comincia a zigzagare sul mio cranio. Il rumore ripetuto del minuscolo motore elettrico mi rilassa tremendamente, da bambino i parrucchieri con me rischiavano sempre di andare storti perch\u00e9 dopo un po&#8217; mi abbioccavo tirando gi\u00f9 la testa di colpo. Ricordo le ghignate di mio padre nel vedermi pisolare sotto le mani di questi artisti incompresi.<\/p>\n<p>Sono quasi sul punto di piombare quando il nostro &#8220;<strong>Edward mani di forbici<\/strong>&#8221; versione noir afferra il rasoio da barba e comincia a assestarmi dei colpetti verticali dal basso verso l&#8217;alto a livello delle basette. Mai vista n\u00e8 usata una tecnica simile, eppure pare efficace!<br \/>\nPian pianino la faccia di Conrad muta dallo stupore. <em>&#8220;Non lo avrei mai detto, ma stai molto meglio cos\u00ec!&#8221;<\/em> VITTORIA!<\/p>\n<p>Larissa accenna in italiano un: <em>&#8220;Valeryo tu \u00e8 tres bellissimo!&#8221;<\/em>. Linfa vitale per la mia proverbiale vanit\u00e0.<br \/>\nPatrice mi invita a seguirlo verso l&#8217;angolo lavaggio. Mi avvisa: sta per usare un panno caldo. La morbida sensazione della stoffa bollente, vaporosa, soffice mi accarezza il viso. La mano del barbiere \u00e8 severa, per poco non mi sloga la mascella, poi torna su, mi stacca il naso, scende ancora dietro le orecchie, scrubbing involontario. Addio punti neri, caso mai ne avessi avuti.<\/p>\n<p>Poi shampoo con acqua calda, questa sconosciuta, \u00e8 da un mese che vado di docce fredde.<br \/>\nSogno o son desto? Altro che radersi, questo trattamento \u00e8 un tonico pazzesco. Mi asciuga nel tentativo di staccarmi la testa dal collo. Una lucidata vigorosa.<br \/>\nRitorno sulla poltrona e mi cosparge la zucca con un unguento profumato. L&#8217;aroma mi avvolge come un&#8217;aureola per poi riempirmi le narici di un odore fresco e che sa di pulito. Come si dice a Roma: <em>&#8220;sto na crema!&#8221;<\/em>.<\/p>\n<p>Ma si sa, c&#8217;\u00e8 un tempo per ridere e uno per piangere. Mi tocca pagare: <em>&#8220;quant&#8217;\u00e8?&#8221;<\/em> La timidezza traspare dalla mia voce come a dire: &#8220;si sono bianco ma andateci piano!&#8221;. <em>&#8220;1000 Cfa&#8221;<\/em>. Faccio due calcoli: 1 euro e 50 circa! La prossima volta faccio<em> completo<\/em> come il Kebab, barba e capelli! Propongo un selfie celebrativo per commemorare il mio primo taglio africano.<\/p>\n<p><span style=\"font-size: 1rem;\">Chiedo all&#8217;autista se per caso sia possibile fermarci a comprare una palla. Avrei dovuto pensarci nell&#8217;attesa dal parrucchiere. Ha ragione. Manass\u00e8 si \u00e8 offerto di effettuare l&#8217;acquisto domani. Prevedo partitelle clandestine.<\/span><\/p>\n<p>Morale su 3 cose che dovevo fare, ne ho risolte la met\u00e0. Tutto nel modesto periodo di 3 ore.<\/p>\n<p>Ebbene s\u00ec, anche oggi, senza capire bene ne cosa ne come, abbiamo dato!<\/p>","protected":false},"excerpt":{"rendered":"<p>Mi sono svegliato alle 6 in largo anticipo per andare a trovare le ragazze. Menzogna, non so cosa diamine sia successo ma alle 6.32 ero ancora a letto. Non ce la posso fare! Corro verso la grande casa rosa e le trovo gi\u00e0 in procinto di uscire. Sono un po&#8217; deluse dal pacco tirato loro [&hellip;]<\/p>\n","protected":false},"author":1,"featured_media":4326,"comment_status":"closed","ping_status":"closed","sticky":false,"template":"","format":"standard","meta":{"_jetpack_memberships_contains_paid_content":false,"footnotes":""},"categories":[62],"tags":[68,67,65,66],"class_list":["post-3688","post","type-post","status-publish","format-standard","has-post-thumbnail","hentry","category-travaler","tag-camerun","tag-fondazione-cumse","tag-scu","tag-servizio-civile-universale"],"yoast_head":"<!-- This site is optimized with the Yoast SEO plugin v27.3 - https:\/\/yoast.com\/product\/yoast-seo-wordpress\/ -->\n<title>13 gennaio - Darci un taglio - Fondazione Cumse ETS<\/title>\n<meta name=\"description\" content=\"SCU - Valeryo Falcone, civilista di Fondazione Cumse, racconta la sua esperienza in modo leggero e divertente. SEGUITE LA SUA STORIA!\" \/>\n<meta name=\"robots\" content=\"index, follow, max-snippet:-1, max-image-preview:large, max-video-preview:-1\" \/>\n<link rel=\"canonical\" href=\"https:\/\/cumse.org\/fr\/darci-un-taglio-scu-in-camerun\/\" \/>\n<meta property=\"og:locale\" content=\"fr_FR\" \/>\n<meta property=\"og:type\" content=\"article\" \/>\n<meta property=\"og:title\" content=\"13 gennaio - Darci un taglio - Fondazione Cumse ETS\" \/>\n<meta property=\"og:description\" content=\"SCU - Valeryo Falcone, civilista di Fondazione Cumse, racconta la sua esperienza in modo leggero e divertente. SEGUITE LA SUA STORIA!\" \/>\n<meta property=\"og:url\" content=\"https:\/\/cumse.org\/fr\/darci-un-taglio-scu-in-camerun\/\" \/>\n<meta property=\"og:site_name\" content=\"Fondazione Cumse ETS\" \/>\n<meta property=\"article:published_time\" content=\"2021-01-13T21:43:13+00:00\" \/>\n<meta property=\"article:modified_time\" content=\"2021-03-09T13:52:36+00:00\" \/>\n<meta property=\"og:image\" content=\"https:\/\/cumse.org\/wp-content\/uploads\/2021\/01\/WhatsApp-Image-2021-01-13-at-22.23.16-1.jpeg\" \/>\n\t<meta property=\"og:image:width\" content=\"1280\" \/>\n\t<meta property=\"og:image:height\" content=\"960\" \/>\n\t<meta property=\"og:image:type\" content=\"image\/jpeg\" \/>\n<meta name=\"author\" content=\"admin\" \/>\n<meta name=\"twitter:card\" content=\"summary_large_image\" \/>\n<meta name=\"twitter:label1\" content=\"\u00c9crit par\" \/>\n\t<meta name=\"twitter:data1\" content=\"admin\" \/>\n\t<meta name=\"twitter:label2\" content=\"Dur\u00e9e de lecture estim\u00e9e\" \/>\n\t<meta name=\"twitter:data2\" content=\"6 minutes\" \/>\n<script type=\"application\/ld+json\" class=\"yoast-schema-graph\">{\"@context\":\"https:\\\/\\\/schema.org\",\"@graph\":[{\"@type\":\"Article\",\"@id\":\"https:\\\/\\\/cumse.org\\\/darci-un-taglio-scu-in-camerun\\\/#article\",\"isPartOf\":{\"@id\":\"https:\\\/\\\/cumse.org\\\/darci-un-taglio-scu-in-camerun\\\/\"},\"author\":{\"name\":\"admin\",\"@id\":\"https:\\\/\\\/cumse.org\\\/#\\\/schema\\\/person\\\/d8802c7f9d251c013018b375be80cb06\"},\"headline\":\"13 gennaio &#8211; Darci un taglio\",\"datePublished\":\"2021-01-13T21:43:13+00:00\",\"dateModified\":\"2021-03-09T13:52:36+00:00\",\"mainEntityOfPage\":{\"@id\":\"https:\\\/\\\/cumse.org\\\/darci-un-taglio-scu-in-camerun\\\/\"},\"wordCount\":1348,\"image\":{\"@id\":\"https:\\\/\\\/cumse.org\\\/darci-un-taglio-scu-in-camerun\\\/#primaryimage\"},\"thumbnailUrl\":\"https:\\\/\\\/i0.wp.com\\\/cumse.org\\\/wp-content\\\/uploads\\\/2021\\\/01\\\/WhatsApp-Image-2021-01-13-at-22.23.16-1.jpeg?fit=1280%2C960&ssl=1\",\"keywords\":[\"Camerun\",\"Fondazione Cumse\",\"SCU\",\"Servizio Civile Universale\"],\"articleSection\":[\"TrAvaler\"],\"inLanguage\":\"fr-FR\"},{\"@type\":\"WebPage\",\"@id\":\"https:\\\/\\\/cumse.org\\\/darci-un-taglio-scu-in-camerun\\\/\",\"url\":\"https:\\\/\\\/cumse.org\\\/darci-un-taglio-scu-in-camerun\\\/\",\"name\":\"13 gennaio - Darci un taglio - Fondazione Cumse ETS\",\"isPartOf\":{\"@id\":\"https:\\\/\\\/cumse.org\\\/#website\"},\"primaryImageOfPage\":{\"@id\":\"https:\\\/\\\/cumse.org\\\/darci-un-taglio-scu-in-camerun\\\/#primaryimage\"},\"image\":{\"@id\":\"https:\\\/\\\/cumse.org\\\/darci-un-taglio-scu-in-camerun\\\/#primaryimage\"},\"thumbnailUrl\":\"https:\\\/\\\/i0.wp.com\\\/cumse.org\\\/wp-content\\\/uploads\\\/2021\\\/01\\\/WhatsApp-Image-2021-01-13-at-22.23.16-1.jpeg?fit=1280%2C960&ssl=1\",\"datePublished\":\"2021-01-13T21:43:13+00:00\",\"dateModified\":\"2021-03-09T13:52:36+00:00\",\"author\":{\"@id\":\"https:\\\/\\\/cumse.org\\\/#\\\/schema\\\/person\\\/d8802c7f9d251c013018b375be80cb06\"},\"description\":\"SCU - Valeryo Falcone, civilista di Fondazione Cumse, racconta la sua esperienza in modo leggero e divertente. SEGUITE LA SUA STORIA!\",\"breadcrumb\":{\"@id\":\"https:\\\/\\\/cumse.org\\\/darci-un-taglio-scu-in-camerun\\\/#breadcrumb\"},\"inLanguage\":\"fr-FR\",\"potentialAction\":[{\"@type\":\"ReadAction\",\"target\":[\"https:\\\/\\\/cumse.org\\\/darci-un-taglio-scu-in-camerun\\\/\"]}]},{\"@type\":\"ImageObject\",\"inLanguage\":\"fr-FR\",\"@id\":\"https:\\\/\\\/cumse.org\\\/darci-un-taglio-scu-in-camerun\\\/#primaryimage\",\"url\":\"https:\\\/\\\/i0.wp.com\\\/cumse.org\\\/wp-content\\\/uploads\\\/2021\\\/01\\\/WhatsApp-Image-2021-01-13-at-22.23.16-1.jpeg?fit=1280%2C960&ssl=1\",\"contentUrl\":\"https:\\\/\\\/i0.wp.com\\\/cumse.org\\\/wp-content\\\/uploads\\\/2021\\\/01\\\/WhatsApp-Image-2021-01-13-at-22.23.16-1.jpeg?fit=1280%2C960&ssl=1\",\"width\":1280,\"height\":960},{\"@type\":\"BreadcrumbList\",\"@id\":\"https:\\\/\\\/cumse.org\\\/darci-un-taglio-scu-in-camerun\\\/#breadcrumb\",\"itemListElement\":[{\"@type\":\"ListItem\",\"position\":1,\"name\":\"Home\",\"item\":\"https:\\\/\\\/cumse.org\\\/\"},{\"@type\":\"ListItem\",\"position\":2,\"name\":\"13 gennaio &#8211; Darci un taglio\"}]},{\"@type\":\"WebSite\",\"@id\":\"https:\\\/\\\/cumse.org\\\/#website\",\"url\":\"https:\\\/\\\/cumse.org\\\/\",\"name\":\"Fondazione Cumse ETS\",\"description\":\"Siamo dove gli altri distolgono lo sguardo\",\"potentialAction\":[{\"@type\":\"SearchAction\",\"target\":{\"@type\":\"EntryPoint\",\"urlTemplate\":\"https:\\\/\\\/cumse.org\\\/?s={search_term_string}\"},\"query-input\":{\"@type\":\"PropertyValueSpecification\",\"valueRequired\":true,\"valueName\":\"search_term_string\"}}],\"inLanguage\":\"fr-FR\"},{\"@type\":\"Person\",\"@id\":\"https:\\\/\\\/cumse.org\\\/#\\\/schema\\\/person\\\/d8802c7f9d251c013018b375be80cb06\",\"name\":\"admin\",\"image\":{\"@type\":\"ImageObject\",\"inLanguage\":\"fr-FR\",\"@id\":\"https:\\\/\\\/secure.gravatar.com\\\/avatar\\\/7fcee464d094e0b490b50408a0c7356276eedd5a17796d503ee821451b764c37?s=96&d=mm&r=g\",\"url\":\"https:\\\/\\\/secure.gravatar.com\\\/avatar\\\/7fcee464d094e0b490b50408a0c7356276eedd5a17796d503ee821451b764c37?s=96&d=mm&r=g\",\"contentUrl\":\"https:\\\/\\\/secure.gravatar.com\\\/avatar\\\/7fcee464d094e0b490b50408a0c7356276eedd5a17796d503ee821451b764c37?s=96&d=mm&r=g\",\"caption\":\"admin\"}}]}<\/script>\n<!-- \/ Yoast SEO plugin. -->","yoast_head_json":{"title":"13 gennaio - Darci un taglio - Fondazione Cumse ETS","description":"SCU - Valeryo Falcone, civilista di Fondazione Cumse, racconta la sua esperienza in modo leggero e divertente. SEGUITE LA SUA STORIA!","robots":{"index":"index","follow":"follow","max-snippet":"max-snippet:-1","max-image-preview":"max-image-preview:large","max-video-preview":"max-video-preview:-1"},"canonical":"https:\/\/cumse.org\/fr\/darci-un-taglio-scu-in-camerun\/","og_locale":"fr_FR","og_type":"article","og_title":"13 gennaio - Darci un taglio - Fondazione Cumse ETS","og_description":"SCU - Valeryo Falcone, civilista di Fondazione Cumse, racconta la sua esperienza in modo leggero e divertente. SEGUITE LA SUA STORIA!","og_url":"https:\/\/cumse.org\/fr\/darci-un-taglio-scu-in-camerun\/","og_site_name":"Fondazione Cumse ETS","article_published_time":"2021-01-13T21:43:13+00:00","article_modified_time":"2021-03-09T13:52:36+00:00","og_image":[{"width":1280,"height":960,"url":"https:\/\/cumse.org\/wp-content\/uploads\/2021\/01\/WhatsApp-Image-2021-01-13-at-22.23.16-1.jpeg","type":"image\/jpeg"}],"author":"admin","twitter_card":"summary_large_image","twitter_misc":{"\u00c9crit par":"admin","Dur\u00e9e de lecture estim\u00e9e":"6 minutes"},"schema":{"@context":"https:\/\/schema.org","@graph":[{"@type":"Article","@id":"https:\/\/cumse.org\/darci-un-taglio-scu-in-camerun\/#article","isPartOf":{"@id":"https:\/\/cumse.org\/darci-un-taglio-scu-in-camerun\/"},"author":{"name":"admin","@id":"https:\/\/cumse.org\/#\/schema\/person\/d8802c7f9d251c013018b375be80cb06"},"headline":"13 gennaio &#8211; Darci un taglio","datePublished":"2021-01-13T21:43:13+00:00","dateModified":"2021-03-09T13:52:36+00:00","mainEntityOfPage":{"@id":"https:\/\/cumse.org\/darci-un-taglio-scu-in-camerun\/"},"wordCount":1348,"image":{"@id":"https:\/\/cumse.org\/darci-un-taglio-scu-in-camerun\/#primaryimage"},"thumbnailUrl":"https:\/\/i0.wp.com\/cumse.org\/wp-content\/uploads\/2021\/01\/WhatsApp-Image-2021-01-13-at-22.23.16-1.jpeg?fit=1280%2C960&ssl=1","keywords":["Camerun","Fondazione Cumse","SCU","Servizio Civile Universale"],"articleSection":["TrAvaler"],"inLanguage":"fr-FR"},{"@type":"WebPage","@id":"https:\/\/cumse.org\/darci-un-taglio-scu-in-camerun\/","url":"https:\/\/cumse.org\/darci-un-taglio-scu-in-camerun\/","name":"13 gennaio - Darci un taglio - Fondazione Cumse ETS","isPartOf":{"@id":"https:\/\/cumse.org\/#website"},"primaryImageOfPage":{"@id":"https:\/\/cumse.org\/darci-un-taglio-scu-in-camerun\/#primaryimage"},"image":{"@id":"https:\/\/cumse.org\/darci-un-taglio-scu-in-camerun\/#primaryimage"},"thumbnailUrl":"https:\/\/i0.wp.com\/cumse.org\/wp-content\/uploads\/2021\/01\/WhatsApp-Image-2021-01-13-at-22.23.16-1.jpeg?fit=1280%2C960&ssl=1","datePublished":"2021-01-13T21:43:13+00:00","dateModified":"2021-03-09T13:52:36+00:00","author":{"@id":"https:\/\/cumse.org\/#\/schema\/person\/d8802c7f9d251c013018b375be80cb06"},"description":"SCU - Valeryo Falcone, civilista di Fondazione Cumse, racconta la sua esperienza in modo leggero e divertente. SEGUITE LA SUA STORIA!","breadcrumb":{"@id":"https:\/\/cumse.org\/darci-un-taglio-scu-in-camerun\/#breadcrumb"},"inLanguage":"fr-FR","potentialAction":[{"@type":"ReadAction","target":["https:\/\/cumse.org\/darci-un-taglio-scu-in-camerun\/"]}]},{"@type":"ImageObject","inLanguage":"fr-FR","@id":"https:\/\/cumse.org\/darci-un-taglio-scu-in-camerun\/#primaryimage","url":"https:\/\/i0.wp.com\/cumse.org\/wp-content\/uploads\/2021\/01\/WhatsApp-Image-2021-01-13-at-22.23.16-1.jpeg?fit=1280%2C960&ssl=1","contentUrl":"https:\/\/i0.wp.com\/cumse.org\/wp-content\/uploads\/2021\/01\/WhatsApp-Image-2021-01-13-at-22.23.16-1.jpeg?fit=1280%2C960&ssl=1","width":1280,"height":960},{"@type":"BreadcrumbList","@id":"https:\/\/cumse.org\/darci-un-taglio-scu-in-camerun\/#breadcrumb","itemListElement":[{"@type":"ListItem","position":1,"name":"Home","item":"https:\/\/cumse.org\/"},{"@type":"ListItem","position":2,"name":"13 gennaio &#8211; Darci un taglio"}]},{"@type":"WebSite","@id":"https:\/\/cumse.org\/#website","url":"https:\/\/cumse.org\/","name":"Fondazione Cumse ETS","description":"Siamo dove gli altri distolgono lo sguardo","potentialAction":[{"@type":"SearchAction","target":{"@type":"EntryPoint","urlTemplate":"https:\/\/cumse.org\/?s={search_term_string}"},"query-input":{"@type":"PropertyValueSpecification","valueRequired":true,"valueName":"search_term_string"}}],"inLanguage":"fr-FR"},{"@type":"Person","@id":"https:\/\/cumse.org\/#\/schema\/person\/d8802c7f9d251c013018b375be80cb06","name":"admin","image":{"@type":"ImageObject","inLanguage":"fr-FR","@id":"https:\/\/secure.gravatar.com\/avatar\/7fcee464d094e0b490b50408a0c7356276eedd5a17796d503ee821451b764c37?s=96&d=mm&r=g","url":"https:\/\/secure.gravatar.com\/avatar\/7fcee464d094e0b490b50408a0c7356276eedd5a17796d503ee821451b764c37?s=96&d=mm&r=g","contentUrl":"https:\/\/secure.gravatar.com\/avatar\/7fcee464d094e0b490b50408a0c7356276eedd5a17796d503ee821451b764c37?s=96&d=mm&r=g","caption":"admin"}}]}},"jetpack_featured_media_url":"https:\/\/i0.wp.com\/cumse.org\/wp-content\/uploads\/2021\/01\/WhatsApp-Image-2021-01-13-at-22.23.16-1.jpeg?fit=1280%2C960&ssl=1","jetpack_sharing_enabled":true,"_links":{"self":[{"href":"https:\/\/cumse.org\/fr\/wp-json\/wp\/v2\/posts\/3688","targetHints":{"allow":["GET"]}}],"collection":[{"href":"https:\/\/cumse.org\/fr\/wp-json\/wp\/v2\/posts"}],"about":[{"href":"https:\/\/cumse.org\/fr\/wp-json\/wp\/v2\/types\/post"}],"author":[{"embeddable":true,"href":"https:\/\/cumse.org\/fr\/wp-json\/wp\/v2\/users\/1"}],"replies":[{"embeddable":true,"href":"https:\/\/cumse.org\/fr\/wp-json\/wp\/v2\/comments?post=3688"}],"version-history":[{"count":0,"href":"https:\/\/cumse.org\/fr\/wp-json\/wp\/v2\/posts\/3688\/revisions"}],"wp:featuredmedia":[{"embeddable":true,"href":"https:\/\/cumse.org\/fr\/wp-json\/wp\/v2\/media\/4326"}],"wp:attachment":[{"href":"https:\/\/cumse.org\/fr\/wp-json\/wp\/v2\/media?parent=3688"}],"wp:term":[{"taxonomy":"category","embeddable":true,"href":"https:\/\/cumse.org\/fr\/wp-json\/wp\/v2\/categories?post=3688"},{"taxonomy":"post_tag","embeddable":true,"href":"https:\/\/cumse.org\/fr\/wp-json\/wp\/v2\/tags?post=3688"}],"curies":[{"name":"wp","href":"https:\/\/api.w.org\/{rel}","templated":true}]}}