{"id":3683,"date":"2021-01-11T08:27:16","date_gmt":"2021-01-11T07:27:16","guid":{"rendered":"https:\/\/cumse.org\/?p=3683"},"modified":"2021-03-04T14:44:21","modified_gmt":"2021-03-04T13:44:21","slug":"carriole-volanti-scu-in-camerun","status":"publish","type":"post","link":"https:\/\/cumse.org\/fr\/carriole-volanti-scu-in-camerun\/","title":{"rendered":"11 gennaio &#8211; Carriole volanti"},"content":{"rendered":"<p>Mi sono alzato alle 6 per scattare queste BENEDETTE fotografie.<\/p>\n<p>Mi presento alle 6.20, <strong>Claris<\/strong> \u00e8 dispiaciuta, mi aveva detto 6.20 ma intendeva 6.40. No tranquilla ho perso mezz&#8217;ora di sonno. Come premio di consolazione le ragazze mi offrono un piatto di Benni\u00e8 appena fritti, soffici e caldi. Per sta volta potrei perdonare Claris. Che ci crediate o meno, sono riuscito a cannare il lavoro anche oggi. E&#8217; necessario che tutte le ragazze abbiano lo zaino in spalla e che (magari) si vedano nitidamente i loro volti.<\/p>\n<p>Ritento domani, mi auguro di fare bene perch\u00e9 sono un po&#8217; stufo delle levatacce inutili. Alle 8 mi reco in ufficio dove ho appuntamento con suor Nicole e Marcelin ma&#8230;come non detto, non si presenta nessuno. Recupero i dossier delle ragazze e mi immergo in un mare di documenti, certificati di nascita, visite mediche, tanti piccoli pezzi di carta che insieme formano un puzzle per ciascuna vita. E&#8217; un primo modo per conoscerle. Ad ogni modo, per quanto intimi, dei documenti non sostituiranno mai, a mio avviso, una piacevole conversazione.<\/p>\n<p>In pompa magna, dopo aver esaminato tutto, mi faccio aiutare da Claris a sistemare la prima bozza del documento da presentare per la partecipazione al bando di concorso avente in palio i fondi necessari per lo studio delle fanciulle. Tra il dire e il fare terminiamo alle 12.30. Tanto per cambiare, muoio di fame! Mi precipito a casa rincorrendo la scia dei magici aromi provenienti dalle cucina in cui <strong>Godyene<\/strong> sta praticando come di consueto i suoi incantesimi.<\/p>\n<p>Nonostante viva nell&#8217;agio, l&#8217;Africa \u00e8 capace di assorbire le mie energie silenziosamente, non che io abbia faticato in miniera, eppure mi sento cotto. Mi stendo sul letto. La zanzariera al momento \u00e8 raccolta su s\u00e9 stessa. Manass\u00e8 mi ha consigliato di lasciarla cos\u00ec per un paio di giorni, di modo da far asciugare bene il prodotto repellente di cui \u00e8 impregnata. Il rischio \u00e8 che mi vengano delle noiose irritazioni cutanee che, da buon fifone, preferirei volentieri evitare.<\/p>\n<p>Mi sembra di avere una nuvoletta persecutoria sul capo, molto fantozziana. Il soffitto diventa un cielo limpido, <em>Gino Paoli<\/em> riecheggia da lontano nei miei ricordi, immagino la mia versione black de &#8220;<em>il cielo in una stanza<\/em>&#8220;, la zanzariera comincia a volare, librandosi sempre pi\u00f9 in alto, assumendo, con un bel po&#8217; di fantasia, strane forme di animali selvatici. Elefanti, giraffe&#8230; nel caso ve lo stiate chiedendo: no non ho assunto nessun tipo di droga, sono solo un po&#8217; affaticato, tanto da cadere nel tranello di un sonnellino pomeridiano.<\/p>\n<p>Dormire durante le ore di luce non mi \u00e8 mai piaciuto. Ho sempre avuto la sensazione, fin da bambino, di sprecare tempo prezioso, utilissimo per fare cose molto pi\u00f9 stimolanti e serie tipo: giocare. Quelle rare volte in cui mi acchiappo un febbrone e mi ritrovo costretto a giacere inerme sul materasso, divento pi\u00f9 intrattabile di un gatto in procinto di essere lavato con acqua fredda. Non lo sopporto.<\/p>\n<p>Mi sveglio alle 15.30, sar\u00f2 stato altrove per un&#8217;oretta al massimo, ma non riesco a perdonarmelo. Devo reagire, mettere insieme le forze che non mi sembra di avere ma che sono sicuro siano da qualche parte nascoste nel mio corpo. Ecco che il mio nervosismo evolve arrivando a toccare quel punto detestabile in cui, pur non avendo la bench\u00e9 minima idea di cosa fare, mi ritrovo ad aver voglia di fare qualcosa. Una frustrazione bestiale.<\/p>\n<p>Ho in mente l&#8217;immagine della boccia bianca sul tappeto verde del biliardo che scivola oleosamente contro quella rossa. Ad ogni azione corrisponde una reazione. Esco in veranda e la mia attenzione viene catturata da dei ragazzi che lavano i piatti al lavabo della casa di fronte. Chiudo la porta e mi avvio, piuttosto che stare fermo mi va bene tutto, perfino asciugare le stoviglie.<\/p>\n<p>Pi\u00f9 mi appropinquo allo stabile e pi\u00f9 i miei padiglioni auricolari captano una vocina familiare. Con i suoi gemiti felini <strong>Soumaya<\/strong> sta gridando al mondo che, l&#8217;essere stata svegliata dalla pennica, non \u00e8 stata cosa gradita. Levo il cappello e faccio capolino sulla soglia. Il mio ego vive per essere osannato. Inutile descrivere l&#8217;orgoglio tronfio e impuro che ho provato nel veder smettere di piangere la piccola nel secondo stesso in cui il suo sguardo ha incrociato il mio.<br \/>\n<em>&#8220;Vaeioooo!&#8221;<\/em> grida a squarciagola. <em>&#8220;Oui, c&#8217;est moi!&#8221;<\/em>. Me la spupazzo per bene mentre i ragazzi riordinano un po&#8217; la sala.<\/p>\n<p>Appena si sparge la voce della mia presenza cominciano a spuntare come funghi: Mbaue, Michelle, Uma, Margherit, Miriam, Elizabeth, Alloise, Manass\u00e8 e via dicendo. Godyene mi esorta a parlare con Michelle, il ragazzo \u00e8 spesso silenzioso e schivo. Non ho intenzione di forzare le cose, quindi far\u00f2 attenzione nel tempo e cercher\u00f2 un ponte per dialogare con lui.<br \/>\nO almeno cos\u00ec pensavo. Mentre mi intrattenevo con il piccolo <strong>Alloise<\/strong> (4 anni) in una virile prova di braccio di ferro , il quieto Michelle rimane affascinato dal mio bicipite.<\/p>\n<p>Ultimo baluardo di una giovinezza ormai quasi del tutto svanita. Essendo sensibile alle adulazioni, comincio a farlo ballare un po&#8217; scatenando involontariamente una specie di concorso under 12 di mister Olympia camerunense. Approfittando della curiosit\u00e0 di cui gli occhi del mio silente spettatore sono colmi, chiedo a Michelle se vuole vedere qualche esercizio utile per aumentare un po&#8217; la tonicit\u00e0 muscolare. Vorrebbe essere pi\u00f9 grande e pi\u00f9 forte, forse per darsi da fare, per potersi difendere da un mondo in cui da sempre cammina da solo, forse per proteggere i suoi compagni. Ha un sorriso troppo buono. Comincio ad eseguire qualche piegamento, Manass\u00e8 (19 anni) si fa subito trascinare e vuole allenarsi con me.<\/p>\n<p>Tutti i bimbi ci seguono a ruota. Soumaya compresa ovviamente. Chi cade muso a terra al primo tentativo, chi, come Alloise, dimostra una forza inaspettata.<br \/>\nTutti sudiamo, addominali, squat, stretching. I ragazzi sono proprio contenti di muoversi. Hanno un gran bisogno di sfogarsi. Godyene ci esorta a fare una piccola gara di corsa a saltelli, non vale poggiare le mani a terra. PARTITI!<\/p>\n<p>Viene fuori un casotto pazzesco. Tutti che ridono, che si rotolano (pulendo il pavimento nella maniera pi\u00f9 bella che ci sia), che saltano. Non vi nego che la salinit\u00e0 acida dei nostri corpi comincia a sentirsi per tutta la stanza. Susu, in qualit\u00e0 di regina madre dei giochi appena indetti, spalanca la porta. Mentre i raggi del sole irradiano le pareti, tiro fuori una delle nuove parole apprese ultimamente a lezione con Jojo.<\/p>\n<p>&#8220;Conoscete la brouette&#8221; (carriola)? Non lo avessi mai detto. Anche Godyene vuole provare. Proprio tutti. Manass\u00e8 finisce vessato, prono con Soumaya sul dorso e Margherit che lo tiene per i piedi. <em>&#8220;Corri dannato cavallo, corri pi\u00f9 del vento del deserto!&#8221;<\/em>. Questo pensa la piccola Susu mentre con la manina gli batte tra le scapole i colpi pi\u00f9 forti che pu\u00f2 dare. C&#8217;\u00e8 da dire che poche volte ho incontrato individui pi\u00f9 quieti e pacifici del grande Manass\u00e8. Si presta ai giochi dei pi\u00f9 piccoli con l&#8217;affetto di un fratello maggiore.<\/p>\n<p><img data-recalc-dims=\"1\" loading=\"lazy\" decoding=\"async\" class=\"alignleft wp-image-4313\" src=\"https:\/\/i0.wp.com\/cumse.org\/wp-content\/uploads\/2021\/01\/WhatsApp-Image-2021-01-11-at-21.49.37.jpeg?resize=351%2C263&#038;ssl=1\" alt=\"\" width=\"351\" height=\"263\" srcset=\"https:\/\/i0.wp.com\/cumse.org\/wp-content\/uploads\/2021\/01\/WhatsApp-Image-2021-01-11-at-21.49.37.jpeg?w=1600&amp;ssl=1 1600w, https:\/\/i0.wp.com\/cumse.org\/wp-content\/uploads\/2021\/01\/WhatsApp-Image-2021-01-11-at-21.49.37.jpeg?resize=1200%2C900&amp;ssl=1 1200w, https:\/\/i0.wp.com\/cumse.org\/wp-content\/uploads\/2021\/01\/WhatsApp-Image-2021-01-11-at-21.49.37.jpeg?resize=300%2C225&amp;ssl=1 300w, https:\/\/i0.wp.com\/cumse.org\/wp-content\/uploads\/2021\/01\/WhatsApp-Image-2021-01-11-at-21.49.37.jpeg?resize=1024%2C768&amp;ssl=1 1024w, https:\/\/i0.wp.com\/cumse.org\/wp-content\/uploads\/2021\/01\/WhatsApp-Image-2021-01-11-at-21.49.37.jpeg?resize=768%2C576&amp;ssl=1 768w, https:\/\/i0.wp.com\/cumse.org\/wp-content\/uploads\/2021\/01\/WhatsApp-Image-2021-01-11-at-21.49.37.jpeg?resize=1536%2C1152&amp;ssl=1 1536w, https:\/\/i0.wp.com\/cumse.org\/wp-content\/uploads\/2021\/01\/WhatsApp-Image-2021-01-11-at-21.49.37.jpeg?w=1280&amp;ssl=1 1280w\" sizes=\"auto, (max-width: 351px) 100vw, 351px\" \/> <img data-recalc-dims=\"1\" loading=\"lazy\" decoding=\"async\" class=\"alignnone wp-image-4314\" src=\"https:\/\/i0.wp.com\/cumse.org\/wp-content\/uploads\/2021\/01\/WhatsApp-Image-2021-01-11-at-21.49.47.jpeg?resize=256%2C341&#038;ssl=1\" alt=\"\" width=\"256\" height=\"341\" srcset=\"https:\/\/i0.wp.com\/cumse.org\/wp-content\/uploads\/2021\/01\/WhatsApp-Image-2021-01-11-at-21.49.47.jpeg?w=1200&amp;ssl=1 1200w, https:\/\/i0.wp.com\/cumse.org\/wp-content\/uploads\/2021\/01\/WhatsApp-Image-2021-01-11-at-21.49.47.jpeg?resize=800%2C1067&amp;ssl=1 800w, https:\/\/i0.wp.com\/cumse.org\/wp-content\/uploads\/2021\/01\/WhatsApp-Image-2021-01-11-at-21.49.47.jpeg?resize=225%2C300&amp;ssl=1 225w, https:\/\/i0.wp.com\/cumse.org\/wp-content\/uploads\/2021\/01\/WhatsApp-Image-2021-01-11-at-21.49.47.jpeg?resize=768%2C1024&amp;ssl=1 768w, https:\/\/i0.wp.com\/cumse.org\/wp-content\/uploads\/2021\/01\/WhatsApp-Image-2021-01-11-at-21.49.47.jpeg?resize=1152%2C1536&amp;ssl=1 1152w\" sizes=\"auto, (max-width: 256px) 100vw, 256px\" \/> <img data-recalc-dims=\"1\" loading=\"lazy\" decoding=\"async\" class=\"alignnone wp-image-4315\" src=\"https:\/\/i0.wp.com\/cumse.org\/wp-content\/uploads\/2021\/01\/WhatsApp-Image-2021-01-11-at-21.49.48.jpeg?resize=302%2C403&#038;ssl=1\" alt=\"\" width=\"302\" height=\"403\" srcset=\"https:\/\/i0.wp.com\/cumse.org\/wp-content\/uploads\/2021\/01\/WhatsApp-Image-2021-01-11-at-21.49.48.jpeg?w=1200&amp;ssl=1 1200w, https:\/\/i0.wp.com\/cumse.org\/wp-content\/uploads\/2021\/01\/WhatsApp-Image-2021-01-11-at-21.49.48.jpeg?resize=800%2C1067&amp;ssl=1 800w, https:\/\/i0.wp.com\/cumse.org\/wp-content\/uploads\/2021\/01\/WhatsApp-Image-2021-01-11-at-21.49.48.jpeg?resize=225%2C300&amp;ssl=1 225w, https:\/\/i0.wp.com\/cumse.org\/wp-content\/uploads\/2021\/01\/WhatsApp-Image-2021-01-11-at-21.49.48.jpeg?resize=768%2C1024&amp;ssl=1 768w, https:\/\/i0.wp.com\/cumse.org\/wp-content\/uploads\/2021\/01\/WhatsApp-Image-2021-01-11-at-21.49.48.jpeg?resize=1152%2C1536&amp;ssl=1 1152w\" sizes=\"auto, (max-width: 302px) 100vw, 302px\" \/><\/p>\n<p>Ovviamente anche io partecipo alle gare. Godyene, invece, con tutta la buona volont\u00e0, non ha la forza necessaria e finisce per arrendersi cadendo di pancia sul pavimento in un lago di risate. Susu vorrebbe provare ma nessuno la calcola. Rieccoci al punto di partenza e ai gemiti di due ore prima. Manass\u00e8 si offre per afferrarle le gambe. Il giovane gigante alto quasi un 1.90 si ingobbisce per sostenere le leve minute del nostro amatissimo soldo di cacio. Susu per\u00f2, nonostante i 18 mesi scarsi, \u00e8 fortissima. Una regina del resto non pu\u00f2 permettersi di mostrare le proprie debolezze in pubblico.<br \/>\nCos\u00ec scopriamo che \u00e8 capacissima di reggersi sulle braccia. Viene eletta vincitrice delle gare in automatico e acclamata dalla folla.<\/p>\n<p>Vi ho detto che preferisco giocare anzich\u00e9 dormire giusto? Tutto vero ma sono esausto e sudato. Rientro a casa e incontro il buon Nicol\u00e0. Ultimamente l&#8217;ho trascurato e mi sento in colpa. Prendo un pezzo di cioccolato e, in gran segreto, glielo porgo. Che grande educatore che sono, la corruzione con i bambini funziona sempre! In verit\u00e0 anche con gli adulti, purtroppo!<\/p>\n<p>Due minuti dopo si presenta Brenda, la sorellina, reclamando la sua quota.<br \/>\nVuole anche l&#8217;artemisia. Datemi almeno il tempo di scaldare l&#8217;acqua! Proprio vero eh, questi giovani d&#8217;oggi gli dai un dito e&#8230;robe da matti. Esco con le tazze fumanti in veranda. Brenda esige che gliela porti. Mi accorgo dal tono e dall&#8217;insistenza della richiesta che il suo non \u00e8 un capriccio, neppure qualche vizio malsano, bens\u00ec un sincero desiderio di essere coccolata. Vuole che qualcuno le presti premura.<\/p>\n<p><img data-recalc-dims=\"1\" loading=\"lazy\" decoding=\"async\" class=\"alignnone wp-image-4316\" src=\"https:\/\/i0.wp.com\/cumse.org\/wp-content\/uploads\/2021\/01\/WhatsApp-Image-2021-01-11-at-21.49.52.jpeg?resize=255%2C340&#038;ssl=1\" alt=\"\" width=\"255\" height=\"340\" srcset=\"https:\/\/i0.wp.com\/cumse.org\/wp-content\/uploads\/2021\/01\/WhatsApp-Image-2021-01-11-at-21.49.52.jpeg?w=1200&amp;ssl=1 1200w, https:\/\/i0.wp.com\/cumse.org\/wp-content\/uploads\/2021\/01\/WhatsApp-Image-2021-01-11-at-21.49.52.jpeg?resize=800%2C1067&amp;ssl=1 800w, https:\/\/i0.wp.com\/cumse.org\/wp-content\/uploads\/2021\/01\/WhatsApp-Image-2021-01-11-at-21.49.52.jpeg?resize=225%2C300&amp;ssl=1 225w, https:\/\/i0.wp.com\/cumse.org\/wp-content\/uploads\/2021\/01\/WhatsApp-Image-2021-01-11-at-21.49.52.jpeg?resize=768%2C1024&amp;ssl=1 768w, https:\/\/i0.wp.com\/cumse.org\/wp-content\/uploads\/2021\/01\/WhatsApp-Image-2021-01-11-at-21.49.52.jpeg?resize=1152%2C1536&amp;ssl=1 1152w\" sizes=\"auto, (max-width: 255px) 100vw, 255px\" \/><\/p>\n<p>Quante volte la mia mamma adorata mi ha rimboccato le coperte? Quante tisane mio padre ci ha portato mentre noi oziavamo comodi sul divano? Quanta fortuna ho ricevuto in questa vita. Tante piccole cose che per la piccola Brenda rimangono episodi sporadici. Mi alzo di buona lena dalla sedia e le porgo la tazzina <em>&#8220;Occhio eh, che \u00e8 bollente!&#8221;<\/em>. Lei si arrampica su una roccia e incomincia a soffiare. Beve piano piano. Plaf!<\/p>\n<p>Brenda mi cade con la tazza tra le mani gi\u00f9 dal sasso. La tazza in frantumi, le sue mani&#8230;fiuu fortunatamente intatte.<br \/>\n<em>&#8220;Ehm, Valeryo io ne vorrei ancora!&#8221;<\/em> Eccall\u00e0! Prendo la tazza, riempio, riconsegno. Beve e poi vorrebbe che io mi alzassi di nuovo per mettere a posto il recipiente.<br \/>\nMi spiace tesoruccio, non sono ancora diventato genitore, anzi sono pi\u00f9 immaturo di te e ho finito la pazienza, muoversi e rimettere la tazza sul tavolo, AVANTI MARCHE! Nicol\u00e0, da vero gentlemen, la sistema per lei.<br \/>\nManass\u00e8 si aggiunge alla combriccola, faccio gli onori di casa, ci ho preso gusto.<\/p>\n<p>Sto aspettando una telefonata, a causa dei pipistrelli i fratellini sono rincasati. Manass\u00e8 dice che non c&#8217;\u00e8 problema. Rimane ad aspettare per 40 minuti mentre parlo al telefono solamente per potermi salutare come si deve. Che idolo, vorrei rubare la sua calma afro-giapponese.<\/p>\n<p>La zanzariera \u00e8 ancora accartocciata a nuvoletta. Non facevo la doccia da un paio di giorni e dopo la ginnastica di oggi credo proprio che non mi sar\u00e0 difficile immaginare al posto del groviglio di rete bianca una, due, tre, quattro&#8230; pecorelle volanti, magari prese a fare la brouette.<\/p>\n<p>Per i fan: anche oggi nessuna apparizione di Molly.<\/p>","protected":false},"excerpt":{"rendered":"<p>Mi sono alzato alle 6 per scattare queste BENEDETTE fotografie. Mi presento alle 6.20, Claris \u00e8 dispiaciuta, mi aveva detto 6.20 ma intendeva 6.40. No tranquilla ho perso mezz&#8217;ora di sonno. Come premio di consolazione le ragazze mi offrono un piatto di Benni\u00e8 appena fritti, soffici e caldi. Per sta volta potrei perdonare Claris. Che [&hellip;]<\/p>\n","protected":false},"author":1,"featured_media":4312,"comment_status":"closed","ping_status":"closed","sticky":false,"template":"","format":"standard","meta":{"_jetpack_memberships_contains_paid_content":false,"footnotes":""},"categories":[62],"tags":[68,67,65,66],"class_list":["post-3683","post","type-post","status-publish","format-standard","has-post-thumbnail","hentry","category-travaler","tag-camerun","tag-fondazione-cumse","tag-scu","tag-servizio-civile-universale"],"yoast_head":"<!-- This site is optimized with the Yoast SEO plugin v27.3 - https:\/\/yoast.com\/product\/yoast-seo-wordpress\/ -->\n<title>11 gennaio - Carriole volanti - Fondazione Cumse ETS<\/title>\n<meta name=\"description\" content=\"SCU - Valeryo Falcone, civilista di Fondazione Cumse, racconta la sua esperienza in modo leggero e divertente. SEGUITE LA SUA STORIA!\" \/>\n<meta name=\"robots\" content=\"index, follow, max-snippet:-1, max-image-preview:large, max-video-preview:-1\" \/>\n<link rel=\"canonical\" href=\"https:\/\/cumse.org\/fr\/carriole-volanti-scu-in-camerun\/\" \/>\n<meta property=\"og:locale\" content=\"fr_FR\" \/>\n<meta property=\"og:type\" content=\"article\" \/>\n<meta property=\"og:title\" content=\"11 gennaio - Carriole volanti - Fondazione Cumse ETS\" \/>\n<meta property=\"og:description\" content=\"SCU - Valeryo Falcone, civilista di Fondazione Cumse, racconta la sua esperienza in modo leggero e divertente. SEGUITE LA SUA STORIA!\" \/>\n<meta property=\"og:url\" content=\"https:\/\/cumse.org\/fr\/carriole-volanti-scu-in-camerun\/\" \/>\n<meta property=\"og:site_name\" content=\"Fondazione Cumse ETS\" \/>\n<meta property=\"article:published_time\" content=\"2021-01-11T07:27:16+00:00\" \/>\n<meta property=\"article:modified_time\" content=\"2021-03-04T13:44:21+00:00\" \/>\n<meta property=\"og:image\" content=\"https:\/\/cumse.org\/wp-content\/uploads\/2021\/01\/WhatsApp-Image-2021-01-11-at-21.49.50.jpeg\" \/>\n\t<meta property=\"og:image:width\" content=\"1600\" \/>\n\t<meta property=\"og:image:height\" content=\"1200\" \/>\n\t<meta property=\"og:image:type\" content=\"image\/jpeg\" \/>\n<meta name=\"author\" content=\"admin\" \/>\n<meta name=\"twitter:card\" content=\"summary_large_image\" \/>\n<meta name=\"twitter:label1\" content=\"\u00c9crit par\" \/>\n\t<meta name=\"twitter:data1\" content=\"admin\" \/>\n\t<meta name=\"twitter:label2\" content=\"Dur\u00e9e de lecture estim\u00e9e\" \/>\n\t<meta name=\"twitter:data2\" content=\"9 minutes\" \/>\n<script type=\"application\/ld+json\" class=\"yoast-schema-graph\">{\"@context\":\"https:\\\/\\\/schema.org\",\"@graph\":[{\"@type\":\"Article\",\"@id\":\"https:\\\/\\\/cumse.org\\\/carriole-volanti-scu-in-camerun\\\/#article\",\"isPartOf\":{\"@id\":\"https:\\\/\\\/cumse.org\\\/carriole-volanti-scu-in-camerun\\\/\"},\"author\":{\"name\":\"admin\",\"@id\":\"https:\\\/\\\/cumse.org\\\/#\\\/schema\\\/person\\\/d8802c7f9d251c013018b375be80cb06\"},\"headline\":\"11 gennaio &#8211; Carriole volanti\",\"datePublished\":\"2021-01-11T07:27:16+00:00\",\"dateModified\":\"2021-03-04T13:44:21+00:00\",\"mainEntityOfPage\":{\"@id\":\"https:\\\/\\\/cumse.org\\\/carriole-volanti-scu-in-camerun\\\/\"},\"wordCount\":1671,\"image\":{\"@id\":\"https:\\\/\\\/cumse.org\\\/carriole-volanti-scu-in-camerun\\\/#primaryimage\"},\"thumbnailUrl\":\"https:\\\/\\\/i0.wp.com\\\/cumse.org\\\/wp-content\\\/uploads\\\/2021\\\/01\\\/WhatsApp-Image-2021-01-11-at-21.49.50.jpeg?fit=1600%2C1200&ssl=1\",\"keywords\":[\"Camerun\",\"Fondazione Cumse\",\"SCU\",\"Servizio Civile Universale\"],\"articleSection\":[\"TrAvaler\"],\"inLanguage\":\"fr-FR\"},{\"@type\":\"WebPage\",\"@id\":\"https:\\\/\\\/cumse.org\\\/carriole-volanti-scu-in-camerun\\\/\",\"url\":\"https:\\\/\\\/cumse.org\\\/carriole-volanti-scu-in-camerun\\\/\",\"name\":\"11 gennaio - Carriole volanti - Fondazione Cumse ETS\",\"isPartOf\":{\"@id\":\"https:\\\/\\\/cumse.org\\\/#website\"},\"primaryImageOfPage\":{\"@id\":\"https:\\\/\\\/cumse.org\\\/carriole-volanti-scu-in-camerun\\\/#primaryimage\"},\"image\":{\"@id\":\"https:\\\/\\\/cumse.org\\\/carriole-volanti-scu-in-camerun\\\/#primaryimage\"},\"thumbnailUrl\":\"https:\\\/\\\/i0.wp.com\\\/cumse.org\\\/wp-content\\\/uploads\\\/2021\\\/01\\\/WhatsApp-Image-2021-01-11-at-21.49.50.jpeg?fit=1600%2C1200&ssl=1\",\"datePublished\":\"2021-01-11T07:27:16+00:00\",\"dateModified\":\"2021-03-04T13:44:21+00:00\",\"author\":{\"@id\":\"https:\\\/\\\/cumse.org\\\/#\\\/schema\\\/person\\\/d8802c7f9d251c013018b375be80cb06\"},\"description\":\"SCU - Valeryo Falcone, civilista di Fondazione Cumse, racconta la sua esperienza in modo leggero e divertente. SEGUITE LA SUA STORIA!\",\"breadcrumb\":{\"@id\":\"https:\\\/\\\/cumse.org\\\/carriole-volanti-scu-in-camerun\\\/#breadcrumb\"},\"inLanguage\":\"fr-FR\",\"potentialAction\":[{\"@type\":\"ReadAction\",\"target\":[\"https:\\\/\\\/cumse.org\\\/carriole-volanti-scu-in-camerun\\\/\"]}]},{\"@type\":\"ImageObject\",\"inLanguage\":\"fr-FR\",\"@id\":\"https:\\\/\\\/cumse.org\\\/carriole-volanti-scu-in-camerun\\\/#primaryimage\",\"url\":\"https:\\\/\\\/i0.wp.com\\\/cumse.org\\\/wp-content\\\/uploads\\\/2021\\\/01\\\/WhatsApp-Image-2021-01-11-at-21.49.50.jpeg?fit=1600%2C1200&ssl=1\",\"contentUrl\":\"https:\\\/\\\/i0.wp.com\\\/cumse.org\\\/wp-content\\\/uploads\\\/2021\\\/01\\\/WhatsApp-Image-2021-01-11-at-21.49.50.jpeg?fit=1600%2C1200&ssl=1\",\"width\":1600,\"height\":1200},{\"@type\":\"BreadcrumbList\",\"@id\":\"https:\\\/\\\/cumse.org\\\/carriole-volanti-scu-in-camerun\\\/#breadcrumb\",\"itemListElement\":[{\"@type\":\"ListItem\",\"position\":1,\"name\":\"Home\",\"item\":\"https:\\\/\\\/cumse.org\\\/\"},{\"@type\":\"ListItem\",\"position\":2,\"name\":\"11 gennaio &#8211; Carriole volanti\"}]},{\"@type\":\"WebSite\",\"@id\":\"https:\\\/\\\/cumse.org\\\/#website\",\"url\":\"https:\\\/\\\/cumse.org\\\/\",\"name\":\"Fondazione Cumse ETS\",\"description\":\"Siamo dove gli altri distolgono lo sguardo\",\"potentialAction\":[{\"@type\":\"SearchAction\",\"target\":{\"@type\":\"EntryPoint\",\"urlTemplate\":\"https:\\\/\\\/cumse.org\\\/?s={search_term_string}\"},\"query-input\":{\"@type\":\"PropertyValueSpecification\",\"valueRequired\":true,\"valueName\":\"search_term_string\"}}],\"inLanguage\":\"fr-FR\"},{\"@type\":\"Person\",\"@id\":\"https:\\\/\\\/cumse.org\\\/#\\\/schema\\\/person\\\/d8802c7f9d251c013018b375be80cb06\",\"name\":\"admin\",\"image\":{\"@type\":\"ImageObject\",\"inLanguage\":\"fr-FR\",\"@id\":\"https:\\\/\\\/secure.gravatar.com\\\/avatar\\\/7fcee464d094e0b490b50408a0c7356276eedd5a17796d503ee821451b764c37?s=96&d=mm&r=g\",\"url\":\"https:\\\/\\\/secure.gravatar.com\\\/avatar\\\/7fcee464d094e0b490b50408a0c7356276eedd5a17796d503ee821451b764c37?s=96&d=mm&r=g\",\"contentUrl\":\"https:\\\/\\\/secure.gravatar.com\\\/avatar\\\/7fcee464d094e0b490b50408a0c7356276eedd5a17796d503ee821451b764c37?s=96&d=mm&r=g\",\"caption\":\"admin\"}}]}<\/script>\n<!-- \/ Yoast SEO plugin. -->","yoast_head_json":{"title":"11 gennaio - Carriole volanti - Fondazione Cumse ETS","description":"SCU - Valeryo Falcone, civilista di Fondazione Cumse, racconta la sua esperienza in modo leggero e divertente. SEGUITE LA SUA STORIA!","robots":{"index":"index","follow":"follow","max-snippet":"max-snippet:-1","max-image-preview":"max-image-preview:large","max-video-preview":"max-video-preview:-1"},"canonical":"https:\/\/cumse.org\/fr\/carriole-volanti-scu-in-camerun\/","og_locale":"fr_FR","og_type":"article","og_title":"11 gennaio - Carriole volanti - Fondazione Cumse ETS","og_description":"SCU - Valeryo Falcone, civilista di Fondazione Cumse, racconta la sua esperienza in modo leggero e divertente. SEGUITE LA SUA STORIA!","og_url":"https:\/\/cumse.org\/fr\/carriole-volanti-scu-in-camerun\/","og_site_name":"Fondazione Cumse ETS","article_published_time":"2021-01-11T07:27:16+00:00","article_modified_time":"2021-03-04T13:44:21+00:00","og_image":[{"width":1600,"height":1200,"url":"https:\/\/cumse.org\/wp-content\/uploads\/2021\/01\/WhatsApp-Image-2021-01-11-at-21.49.50.jpeg","type":"image\/jpeg"}],"author":"admin","twitter_card":"summary_large_image","twitter_misc":{"\u00c9crit par":"admin","Dur\u00e9e de lecture estim\u00e9e":"9 minutes"},"schema":{"@context":"https:\/\/schema.org","@graph":[{"@type":"Article","@id":"https:\/\/cumse.org\/carriole-volanti-scu-in-camerun\/#article","isPartOf":{"@id":"https:\/\/cumse.org\/carriole-volanti-scu-in-camerun\/"},"author":{"name":"admin","@id":"https:\/\/cumse.org\/#\/schema\/person\/d8802c7f9d251c013018b375be80cb06"},"headline":"11 gennaio &#8211; Carriole volanti","datePublished":"2021-01-11T07:27:16+00:00","dateModified":"2021-03-04T13:44:21+00:00","mainEntityOfPage":{"@id":"https:\/\/cumse.org\/carriole-volanti-scu-in-camerun\/"},"wordCount":1671,"image":{"@id":"https:\/\/cumse.org\/carriole-volanti-scu-in-camerun\/#primaryimage"},"thumbnailUrl":"https:\/\/i0.wp.com\/cumse.org\/wp-content\/uploads\/2021\/01\/WhatsApp-Image-2021-01-11-at-21.49.50.jpeg?fit=1600%2C1200&ssl=1","keywords":["Camerun","Fondazione Cumse","SCU","Servizio Civile Universale"],"articleSection":["TrAvaler"],"inLanguage":"fr-FR"},{"@type":"WebPage","@id":"https:\/\/cumse.org\/carriole-volanti-scu-in-camerun\/","url":"https:\/\/cumse.org\/carriole-volanti-scu-in-camerun\/","name":"11 gennaio - Carriole volanti - Fondazione Cumse ETS","isPartOf":{"@id":"https:\/\/cumse.org\/#website"},"primaryImageOfPage":{"@id":"https:\/\/cumse.org\/carriole-volanti-scu-in-camerun\/#primaryimage"},"image":{"@id":"https:\/\/cumse.org\/carriole-volanti-scu-in-camerun\/#primaryimage"},"thumbnailUrl":"https:\/\/i0.wp.com\/cumse.org\/wp-content\/uploads\/2021\/01\/WhatsApp-Image-2021-01-11-at-21.49.50.jpeg?fit=1600%2C1200&ssl=1","datePublished":"2021-01-11T07:27:16+00:00","dateModified":"2021-03-04T13:44:21+00:00","author":{"@id":"https:\/\/cumse.org\/#\/schema\/person\/d8802c7f9d251c013018b375be80cb06"},"description":"SCU - Valeryo Falcone, civilista di Fondazione Cumse, racconta la sua esperienza in modo leggero e divertente. SEGUITE LA SUA STORIA!","breadcrumb":{"@id":"https:\/\/cumse.org\/carriole-volanti-scu-in-camerun\/#breadcrumb"},"inLanguage":"fr-FR","potentialAction":[{"@type":"ReadAction","target":["https:\/\/cumse.org\/carriole-volanti-scu-in-camerun\/"]}]},{"@type":"ImageObject","inLanguage":"fr-FR","@id":"https:\/\/cumse.org\/carriole-volanti-scu-in-camerun\/#primaryimage","url":"https:\/\/i0.wp.com\/cumse.org\/wp-content\/uploads\/2021\/01\/WhatsApp-Image-2021-01-11-at-21.49.50.jpeg?fit=1600%2C1200&ssl=1","contentUrl":"https:\/\/i0.wp.com\/cumse.org\/wp-content\/uploads\/2021\/01\/WhatsApp-Image-2021-01-11-at-21.49.50.jpeg?fit=1600%2C1200&ssl=1","width":1600,"height":1200},{"@type":"BreadcrumbList","@id":"https:\/\/cumse.org\/carriole-volanti-scu-in-camerun\/#breadcrumb","itemListElement":[{"@type":"ListItem","position":1,"name":"Home","item":"https:\/\/cumse.org\/"},{"@type":"ListItem","position":2,"name":"11 gennaio &#8211; Carriole volanti"}]},{"@type":"WebSite","@id":"https:\/\/cumse.org\/#website","url":"https:\/\/cumse.org\/","name":"Fondazione Cumse ETS","description":"Siamo dove gli altri distolgono lo sguardo","potentialAction":[{"@type":"SearchAction","target":{"@type":"EntryPoint","urlTemplate":"https:\/\/cumse.org\/?s={search_term_string}"},"query-input":{"@type":"PropertyValueSpecification","valueRequired":true,"valueName":"search_term_string"}}],"inLanguage":"fr-FR"},{"@type":"Person","@id":"https:\/\/cumse.org\/#\/schema\/person\/d8802c7f9d251c013018b375be80cb06","name":"admin","image":{"@type":"ImageObject","inLanguage":"fr-FR","@id":"https:\/\/secure.gravatar.com\/avatar\/7fcee464d094e0b490b50408a0c7356276eedd5a17796d503ee821451b764c37?s=96&d=mm&r=g","url":"https:\/\/secure.gravatar.com\/avatar\/7fcee464d094e0b490b50408a0c7356276eedd5a17796d503ee821451b764c37?s=96&d=mm&r=g","contentUrl":"https:\/\/secure.gravatar.com\/avatar\/7fcee464d094e0b490b50408a0c7356276eedd5a17796d503ee821451b764c37?s=96&d=mm&r=g","caption":"admin"}}]}},"jetpack_featured_media_url":"https:\/\/i0.wp.com\/cumse.org\/wp-content\/uploads\/2021\/01\/WhatsApp-Image-2021-01-11-at-21.49.50.jpeg?fit=1600%2C1200&ssl=1","jetpack_sharing_enabled":true,"_links":{"self":[{"href":"https:\/\/cumse.org\/fr\/wp-json\/wp\/v2\/posts\/3683","targetHints":{"allow":["GET"]}}],"collection":[{"href":"https:\/\/cumse.org\/fr\/wp-json\/wp\/v2\/posts"}],"about":[{"href":"https:\/\/cumse.org\/fr\/wp-json\/wp\/v2\/types\/post"}],"author":[{"embeddable":true,"href":"https:\/\/cumse.org\/fr\/wp-json\/wp\/v2\/users\/1"}],"replies":[{"embeddable":true,"href":"https:\/\/cumse.org\/fr\/wp-json\/wp\/v2\/comments?post=3683"}],"version-history":[{"count":0,"href":"https:\/\/cumse.org\/fr\/wp-json\/wp\/v2\/posts\/3683\/revisions"}],"wp:featuredmedia":[{"embeddable":true,"href":"https:\/\/cumse.org\/fr\/wp-json\/wp\/v2\/media\/4312"}],"wp:attachment":[{"href":"https:\/\/cumse.org\/fr\/wp-json\/wp\/v2\/media?parent=3683"}],"wp:term":[{"taxonomy":"category","embeddable":true,"href":"https:\/\/cumse.org\/fr\/wp-json\/wp\/v2\/categories?post=3683"},{"taxonomy":"post_tag","embeddable":true,"href":"https:\/\/cumse.org\/fr\/wp-json\/wp\/v2\/tags?post=3683"}],"curies":[{"name":"wp","href":"https:\/\/api.w.org\/{rel}","templated":true}]}}