{"id":3674,"date":"2021-01-10T12:57:09","date_gmt":"2021-01-10T11:57:09","guid":{"rendered":"https:\/\/cumse.org\/?p=3674"},"modified":"2021-03-04T14:44:15","modified_gmt":"2021-03-04T13:44:15","slug":"chiamate-dallalto-scu-in-camerun","status":"publish","type":"post","link":"https:\/\/cumse.org\/fr\/chiamate-dallalto-scu-in-camerun\/","title":{"rendered":"10 gennaio &#8211; Chiamate dall&#8217;alto"},"content":{"rendered":"<p>Mi sono svegliato alle 7.20 per andare alla messa domenicale. Potrei mai perdermi l&#8217;unica occasione della settimana per uscire in compagnia?<\/p>\n<p><strong>Nicol\u00e0<\/strong> oggi \u00e8 pi\u00f9 in pimpa del solito. Non mi era ancora capitato di vederlo cos\u00ec scatenato e sovversivo. I sermoni di padre Allois traviano le giovani leve che, distratte, impegnano il tempo del rituale per farsi dispetti, schiaffeggiarsi, giocare. Ho deciso di poggiare il lato B nel settore bimbi per rispettare il mio nuovo legame con le panche, boicottando le sedie. Fila tutto molto lentamente come sempre, ho vissuto questa dinamica gi\u00e0 cos\u00ec tante volte da essere diventato capace di prevedere il susseguirsi degli eventi.<\/p>\n<p>Proprio quando il finale sembrava gi\u00e0 scritto ecco che qualcosa mi prende in contropiede. <strong>Jojo<\/strong>, il mio maestro di francese, si alza dirigendosi verso il leggio. Annuncia il programma della settimana in preparazione della festa del patrono prevista per il 2 febbraio.<br \/>\nDopodich\u00e9 dice qualcos&#8217;altro, io ho mollato la presa, non sto quasi pi\u00f9 ascoltando e proprio in quel momento, come quando a scuola la prof riusciva a sgamarti negli unici due secondi in cui, anzich\u00e9 ascoltare lei, pensavi ai fatti tuoi, mi pare di udire un insieme di suoni simili a quelli che normalmente compongono le lettere del mio nome. <em>&#8220;Valeryo, oui, s&#8217;il vous pla\u00ect&#8221;<\/em> ripete Joseph. <em>&#8220;Alzati e presentati alla comunit\u00e0 di Marza: nome, cognome e magari la tua provenienza&#8221;.<\/em><\/p>\n<p>Vorrei gridare qualcosa tipo: &#8220;No! Sono dati sensibili!&#8221;. Oppure qualcos&#8217;altro tipo: &#8220;A nessuno \u00e8 venuto in mente di consultarmi o quantomeno di avvisarmi prima di incasinarmi in questo pantano a sorpresa?&#8221;. O ancora: &#8220;ammutinamento da parte delle forze alleate!&#8221; Nella mia mente esplodono palle di cannone roventi, la polvere di zolfo delle micce oscura i miei pensieri. Toro seduto incendia le frecce del suo arco e si prepara allo scontro.<\/p>\n<p>Avr\u00f2 avuto la faccia bordeaux. Mi alzo in piedi guardando verso Jojo, poi con gli occhi seguo la direzione della sua mano e voltandomi mi ritrovo, mio malgrado, faccia a faccia con la folla. Memore di tutti quei video di presentazione tanto di moda sul finire degli anni novanta a causa dell&#8217;avvento di reality show e programmi tv tipo &#8220;The Club&#8221;, metto insieme un paio di concetti mantenendo un atteggiamento distinto.<\/p>\n<p>Ora, ho la faccia rossa, la vena della fronte che pulsa, una goccia di sudore mi scende lungo la basetta, non so se &#8220;distinto&#8221; sia l&#8217;aggettivo pi\u00f9 appropriato, ma non ho rimpianti ce l&#8217;ho messa tutta: <em>&#8220;mi chiamo Valeryo, sono italiano<\/em> &#8211; pausa &#8211;<em> enchant\u00e9!&#8221;<\/em>. Partono gli applausi a scrosci. Potevo anche impegnarmi un po&#8217; di pi\u00f9 per far fare bella figura alle lezioni di Jojo ma&#8230; si attaccasse al tram, avrebbe dovuto chiedere il mio parere prima di darmi in pasto alle masse.<\/p>\n<p>Anche <strong>Mr. Francois<\/strong> viene chiamato in causa per alzarsi e presentarsi. La vecchia volpe navigata per\u00f2, scuote dolcemente il capo da destra verso sinistra, rimanendo impassibile. Ecco come la gente di classe esce abitualmente dall&#8217;impasse.<br \/>\nIo, invece, in 28 anni non ho ancora capito dove sto di casa, lasciamo stare. Rientrato mi tengo allenato ripassando i fondamentali di francese con la piccola Susu e poi mangio beatamente.<\/p>\n<p><strong> Marcelin<\/strong> sta facendo il pollo alla brace, mi chiama per assistere alla procedura. Devo assimilare bene l&#8217;ordine esatto di ogni passaggio se voglio ripetere il tutto in terra natia. Pomeriggio lungo, lo passo steso sul materasso, ho invitato Manass\u00e8 a bere qualcosa pi\u00f9 tardi, spero proprio che passi a movimentare un po&#8217; la situazione. Quando caccio la testa fuori dal guscio domestico succedono cose.<\/p>\n<p>Etienne passa a montarmi la zanzariera, Manass\u00e8 bussa alla porta mentre siamo intenti srotolare la rete. Involontariamente il mio invito diventa motivo di fatica anche per lui. Il giovane \u00e8 snello e slanciato, i suoi lunghi arti si prestano perfettamente per appendere al soffitto i cavi portanti.<br \/>\nEtienne \u00e8 invece minuto, ma ha il mestiere in mano e dirige i lavori. Con un po&#8217; di pazienza il gioco \u00e8 fatto. Il risultato \u00e8 simile alla gabbia degli incontri di wrestling pi\u00f9 efferati. Ci manca che oltre alle blatte e alle ranocchie mi spunti fuori l&#8217;Undertaker sotto questa specie di baldacchino antizanzara.<\/p>\n<p>Mi sento in trappola, non mi piace molto, ma devo ammettere che \u00e8 utile, inoltre non devo essere arrogante n\u00e9 ingrato, un oggetto simile da queste parti \u00e8 davvero un lusso per pochi, a stento ne dispongono i malati all&#8217;ospedale. Ringraziare muti e deferenti, altro che storie!<\/p>\n<p>Finito il fissaggio Etienne si congeda e il generatore salta, tanto per cambiare. Manass\u00e8 mi assicura che torner\u00e0 dopo averlo sistemato. E&#8217; di parola. Sorseggiamo un buon bicchiere di succo sulla veranda, lui mi racconta delle sue origini.<\/p>\n<p>In totale sono 5 fratelli e 2 sorelle, i suoi vivono all&#8217;estremo nord. ovviamente gli mancano. Mi scuso per avergli posto una domanda tanto sciocca, il mio dizionario di francese non mi permette di fare grandi manovre colloquiali. O forse \u00e8 il mio intelletto a non permettermelo, sempre meglio lasciarsi il beneficio del dubbio!<\/p>\n<p>Se la ride sereno. Come nei pi\u00f9 importanti incontri diplomatici all&#8217;interno delle sale vaticane a porte chiuse, anche noi vogliamo condividere reciprocamente qualche frammento culturale. Manass\u00e8 mi fa ascoltare un cantante africano i cui testi sono in quel dialetto mezzo inglese e mezzo fufuld\u00e8 di cui mi ha gi\u00e0 raccontato. Scoperta la mia lacuna in materia di musica afro, vuole mettersi in pari e mi chiede di fargli ascoltare qualcosa di italiano.<\/p>\n<p>E&#8217; un momento fondamentale, devo giocarmelo bene. Sta a me scegliere il primo cantante italico che il ragazzo ascolter\u00e0 nella vita. Deve trattarsi di qualcosa di speciale, ma al contempo anche abbastanza mainstream, insomma devo tirar fuori qualche pezzo dal canzoniere dei chitarristi da spiaggia se voglio che un giorno, durante una sua possibile visita in patria, possa cantare a squarciagola insieme a me almeno un brano.<br \/>\nAvrei voluto osare di pi\u00f9 ma ho optato per la canzone del sole. Roba da Karaoke nazionale. Ne rimane affascinato e si appunta sul cellulare il nome di Lucio Battisti con mia commossa soddisfazione.<\/p>\n<p>Poi mi confessa di non aver mai ascoltato Jimmy Hendrix. Amico mio, oggi si segna la tua rinascita, da questo momento in poi sei un tipo da Woodstock, non si torna indietro. Brucio gli ultimi mega di navigazione per istradare il mio amico alla via della pace e dell&#8217;amore dei figli dei fiori.<br \/>\nLa musica di Hendrix lo manda al manicomio, ovviamente, e cos\u00ec iniziamo ad ascoltare di tutto, anche della fusion nerissima da sballo.<\/p>\n<p>Mi sarebbe bastato ma, proprio nel momento in cui l&#8217;operatore mi avvisa che il mio credito \u00e8 terminato, un uomo panzuto e affannato si presenta sulle scale, chiedendomi se sono proprio io l&#8217;italiano che \u00e8 venuto a vivere a Marza. Annuisco. Tenete a mente che non l&#8217;ho mai visto prima.<\/p>\n<p>Mi passa il telefono e mi dice che Fabio vuole parlare con me.<br \/>\nA quanto pare dovr\u00f2 abituarmi anche a sta cosa che la gente decide della mia vita senza interpellarmi minimamente un po\u2019 come \u00a0succede ad Hilary Duff in quei film americani dove spuntano sempre fuori i genitori oppressivi che ti pianificano il futuro. Afferro il telefono, \u00e8 proprio un certo Fabio.<br \/>\nMi sento come Magalli quando al mattino si interfaccia con le anziane signore, avete presente? &#8220;Buongiorno, lei \u00e8 la signora?&#8230; Avelina ma certo! (certo de che?)<br \/>\nDa dove chiama signora Avelina? ecc.&#8221; Non sar\u00f2 io a inventare qualche nuova maniera di fare tv, quindi, attacco con un evergreen: <em>&#8220;pronto Fabio? Fabio is, ma certamente, possiamo darci del tu? Grazie, da dove chiami?&#8221;<\/em>. Che ci crediate o no, fingere di conoscere benissimo il proprio interlocutore al telefono funziona.<\/p>\n<p>Costringe il dialogo ad abbandonare di colpo l&#8217;80% buono delle formalit\u00e0. Fabio \u00e8 della Caritas della diocesi di ? (&#8220;Aboud\u00e0&#8221; pu\u00f2 essere? Non ho ben capito), nella regione nord del Camerun, un bel po&#8217; pi\u00f9 in alto. La seconda domanda che gli pongo \u00e8 quasi peggio di quel <em>&#8220;allora come stai?&#8221;<\/em> che ogni tanto scappa ai funerali.<\/p>\n<p>Altrettanto superficialmente lo interrogo: <em>&#8220;allora<\/em> (molto milanese) <em>com&#8217;\u00e8 la situazione l\u00ec da voi?&#8221;<\/em> Se andasse tutto a meraviglia forse non ci sarebbe una sede della Caritas, risponde: <em>&#8220;eh, incasinata! Non \u00e8 pericoloso, i bokoharam danno problemi s\u00ec, ma pi\u00f9 a nord, se non avvisi le ambasciate puoi venire qui tranquillamente, se invece le coinvolgi non avrai mai i permessi perch\u00e9 comunque si tratta di una zona a rischio&#8221;.<\/em> Tutto regolare insomma, molto Africa.<\/p>\n<p>Fabio conosce la fondazione <strong>Cumse<\/strong>, \u00e8 un missionario del <strong>Pime<\/strong>, conosce Giuseppe, il mio formatore nonch\u00e9 caro amico, \u00e8 di Lissone, Brianza anche lui (non che sia un vanto eh), sta l\u00ec con un certo Dario ad occuparsi della moringa ed \u00e8 entusiasta di avere un altro appoggio italiano da poter coinvolgere nel loro lavoro. Sognano di riuscire ad esportarla in Europa e vorrebbero condividere con me e la fondazione alcune idee.<\/p>\n<p>Nel mentre arriva Delphin che vuole il mio numero per inviarmi le parole di una canzone che mi piace tanto malgrado sia scritta in un dialetto tipico del sud del paese di cui capisco meno di zero. Si aggiunge anche Frederich, mai visto manco lui, amico del proprietario dell&#8217;apparecchio, il cui nome \u00e8 Alin.<br \/>\nTengo il telefono incastrato tra l&#8217;orecchio destro e la spalla mentre parlo con Fabio e servo da bere ai miei nuovi ospiti.<br \/>\nManass\u00e8 guarda in silenzio.<\/p>\n<p>Morale, appena approder\u00f2 a Garou\u00e0 trover\u00f2 ad attendermi Fabio e Dario pronti a condividere non solo due chiacchiere in italiano, ma anche un bel piatto di pasta asciutta. Spettacolo.<\/p>\n<p>Non resta che capire dove si trovino con esattezza&#8230; na parola! Saluto calorosamente i portatori dell&#8217;improvvisata ambasciata tricolore e torno a chiacchierare con il primo arrivato. Si aggrega anche Moses che, da vero aspirante giornalista, \u00e8 stato incuriosito dal via vai generale.<\/p>\n<p>Si parla di viaggi, di scuola, di lampade a pannelli solari, di zanzariere, di cartoni giapponesi, di sport. Mi casa es tu casa ragazzi, tornate pure quando vi pare, fa sempre piacere avere un po\u2019 di gente intorno!<\/p>\n<p>Ps. La rana Molly si \u00e8 data alla macchia, nessun segnale della sua presenza nel mio bagno, resto in attesa di avvistamenti.<\/p>","protected":false},"excerpt":{"rendered":"<p>Mi sono svegliato alle 7.20 per andare alla messa domenicale. Potrei mai perdermi l&#8217;unica occasione della settimana per uscire in compagnia? Nicol\u00e0 oggi \u00e8 pi\u00f9 in pimpa del solito. Non mi era ancora capitato di vederlo cos\u00ec scatenato e sovversivo. I sermoni di padre Allois traviano le giovani leve che, distratte, impegnano il tempo del [&hellip;]<\/p>\n","protected":false},"author":1,"featured_media":4175,"comment_status":"closed","ping_status":"closed","sticky":false,"template":"","format":"standard","meta":{"_jetpack_memberships_contains_paid_content":false,"footnotes":""},"categories":[62],"tags":[68,67,65,66],"class_list":["post-3674","post","type-post","status-publish","format-standard","has-post-thumbnail","hentry","category-travaler","tag-camerun","tag-fondazione-cumse","tag-scu","tag-servizio-civile-universale"],"yoast_head":"<!-- This site is optimized with the Yoast SEO plugin v27.3 - https:\/\/yoast.com\/product\/yoast-seo-wordpress\/ -->\n<title>10 gennaio - Chiamate dall&#039;alto - Fondazione Cumse ETS<\/title>\n<meta name=\"description\" content=\"SCU - Valeryo Falcone, civilista di Fondazione Cumse, racconta la sua esperienza in modo leggero e divertente. SEGUITE LA SUA STORIA!\" \/>\n<meta name=\"robots\" content=\"index, follow, max-snippet:-1, max-image-preview:large, max-video-preview:-1\" \/>\n<link rel=\"canonical\" href=\"https:\/\/cumse.org\/fr\/chiamate-dallalto-scu-in-camerun\/\" \/>\n<meta property=\"og:locale\" content=\"fr_FR\" \/>\n<meta property=\"og:type\" content=\"article\" \/>\n<meta property=\"og:title\" content=\"10 gennaio - Chiamate dall&#039;alto - Fondazione Cumse ETS\" \/>\n<meta property=\"og:description\" content=\"SCU - Valeryo Falcone, civilista di Fondazione Cumse, racconta la sua esperienza in modo leggero e divertente. SEGUITE LA SUA STORIA!\" \/>\n<meta property=\"og:url\" content=\"https:\/\/cumse.org\/fr\/chiamate-dallalto-scu-in-camerun\/\" \/>\n<meta property=\"og:site_name\" content=\"Fondazione Cumse ETS\" \/>\n<meta property=\"article:published_time\" content=\"2021-01-10T11:57:09+00:00\" \/>\n<meta property=\"article:modified_time\" content=\"2021-03-04T13:44:15+00:00\" \/>\n<meta property=\"og:image\" content=\"https:\/\/cumse.org\/wp-content\/uploads\/2021\/01\/WhatsApp-Image-2021-01-11-at-01.41.32.jpeg\" \/>\n\t<meta property=\"og:image:width\" content=\"1200\" \/>\n\t<meta property=\"og:image:height\" content=\"1600\" \/>\n\t<meta property=\"og:image:type\" content=\"image\/jpeg\" \/>\n<meta name=\"author\" content=\"admin\" \/>\n<meta name=\"twitter:card\" content=\"summary_large_image\" \/>\n<meta name=\"twitter:label1\" content=\"\u00c9crit par\" \/>\n\t<meta name=\"twitter:data1\" content=\"admin\" \/>\n\t<meta name=\"twitter:label2\" content=\"Dur\u00e9e de lecture estim\u00e9e\" \/>\n\t<meta name=\"twitter:data2\" content=\"8 minutes\" \/>\n<script type=\"application\/ld+json\" class=\"yoast-schema-graph\">{\"@context\":\"https:\\\/\\\/schema.org\",\"@graph\":[{\"@type\":\"Article\",\"@id\":\"https:\\\/\\\/cumse.org\\\/chiamate-dallalto-scu-in-camerun\\\/#article\",\"isPartOf\":{\"@id\":\"https:\\\/\\\/cumse.org\\\/chiamate-dallalto-scu-in-camerun\\\/\"},\"author\":{\"name\":\"admin\",\"@id\":\"https:\\\/\\\/cumse.org\\\/#\\\/schema\\\/person\\\/d8802c7f9d251c013018b375be80cb06\"},\"headline\":\"10 gennaio &#8211; Chiamate dall&#8217;alto\",\"datePublished\":\"2021-01-10T11:57:09+00:00\",\"dateModified\":\"2021-03-04T13:44:15+00:00\",\"mainEntityOfPage\":{\"@id\":\"https:\\\/\\\/cumse.org\\\/chiamate-dallalto-scu-in-camerun\\\/\"},\"wordCount\":1653,\"image\":{\"@id\":\"https:\\\/\\\/cumse.org\\\/chiamate-dallalto-scu-in-camerun\\\/#primaryimage\"},\"thumbnailUrl\":\"https:\\\/\\\/i0.wp.com\\\/cumse.org\\\/wp-content\\\/uploads\\\/2021\\\/01\\\/WhatsApp-Image-2021-01-11-at-01.41.32.jpeg?fit=1200%2C1600&ssl=1\",\"keywords\":[\"Camerun\",\"Fondazione Cumse\",\"SCU\",\"Servizio Civile Universale\"],\"articleSection\":[\"TrAvaler\"],\"inLanguage\":\"fr-FR\"},{\"@type\":\"WebPage\",\"@id\":\"https:\\\/\\\/cumse.org\\\/chiamate-dallalto-scu-in-camerun\\\/\",\"url\":\"https:\\\/\\\/cumse.org\\\/chiamate-dallalto-scu-in-camerun\\\/\",\"name\":\"10 gennaio - Chiamate dall'alto - Fondazione Cumse ETS\",\"isPartOf\":{\"@id\":\"https:\\\/\\\/cumse.org\\\/#website\"},\"primaryImageOfPage\":{\"@id\":\"https:\\\/\\\/cumse.org\\\/chiamate-dallalto-scu-in-camerun\\\/#primaryimage\"},\"image\":{\"@id\":\"https:\\\/\\\/cumse.org\\\/chiamate-dallalto-scu-in-camerun\\\/#primaryimage\"},\"thumbnailUrl\":\"https:\\\/\\\/i0.wp.com\\\/cumse.org\\\/wp-content\\\/uploads\\\/2021\\\/01\\\/WhatsApp-Image-2021-01-11-at-01.41.32.jpeg?fit=1200%2C1600&ssl=1\",\"datePublished\":\"2021-01-10T11:57:09+00:00\",\"dateModified\":\"2021-03-04T13:44:15+00:00\",\"author\":{\"@id\":\"https:\\\/\\\/cumse.org\\\/#\\\/schema\\\/person\\\/d8802c7f9d251c013018b375be80cb06\"},\"description\":\"SCU - Valeryo Falcone, civilista di Fondazione Cumse, racconta la sua esperienza in modo leggero e divertente. SEGUITE LA SUA STORIA!\",\"breadcrumb\":{\"@id\":\"https:\\\/\\\/cumse.org\\\/chiamate-dallalto-scu-in-camerun\\\/#breadcrumb\"},\"inLanguage\":\"fr-FR\",\"potentialAction\":[{\"@type\":\"ReadAction\",\"target\":[\"https:\\\/\\\/cumse.org\\\/chiamate-dallalto-scu-in-camerun\\\/\"]}]},{\"@type\":\"ImageObject\",\"inLanguage\":\"fr-FR\",\"@id\":\"https:\\\/\\\/cumse.org\\\/chiamate-dallalto-scu-in-camerun\\\/#primaryimage\",\"url\":\"https:\\\/\\\/i0.wp.com\\\/cumse.org\\\/wp-content\\\/uploads\\\/2021\\\/01\\\/WhatsApp-Image-2021-01-11-at-01.41.32.jpeg?fit=1200%2C1600&ssl=1\",\"contentUrl\":\"https:\\\/\\\/i0.wp.com\\\/cumse.org\\\/wp-content\\\/uploads\\\/2021\\\/01\\\/WhatsApp-Image-2021-01-11-at-01.41.32.jpeg?fit=1200%2C1600&ssl=1\",\"width\":1200,\"height\":1600},{\"@type\":\"BreadcrumbList\",\"@id\":\"https:\\\/\\\/cumse.org\\\/chiamate-dallalto-scu-in-camerun\\\/#breadcrumb\",\"itemListElement\":[{\"@type\":\"ListItem\",\"position\":1,\"name\":\"Home\",\"item\":\"https:\\\/\\\/cumse.org\\\/\"},{\"@type\":\"ListItem\",\"position\":2,\"name\":\"10 gennaio &#8211; Chiamate dall&#8217;alto\"}]},{\"@type\":\"WebSite\",\"@id\":\"https:\\\/\\\/cumse.org\\\/#website\",\"url\":\"https:\\\/\\\/cumse.org\\\/\",\"name\":\"Fondazione Cumse ETS\",\"description\":\"Siamo dove gli altri distolgono lo sguardo\",\"potentialAction\":[{\"@type\":\"SearchAction\",\"target\":{\"@type\":\"EntryPoint\",\"urlTemplate\":\"https:\\\/\\\/cumse.org\\\/?s={search_term_string}\"},\"query-input\":{\"@type\":\"PropertyValueSpecification\",\"valueRequired\":true,\"valueName\":\"search_term_string\"}}],\"inLanguage\":\"fr-FR\"},{\"@type\":\"Person\",\"@id\":\"https:\\\/\\\/cumse.org\\\/#\\\/schema\\\/person\\\/d8802c7f9d251c013018b375be80cb06\",\"name\":\"admin\",\"image\":{\"@type\":\"ImageObject\",\"inLanguage\":\"fr-FR\",\"@id\":\"https:\\\/\\\/secure.gravatar.com\\\/avatar\\\/7fcee464d094e0b490b50408a0c7356276eedd5a17796d503ee821451b764c37?s=96&d=mm&r=g\",\"url\":\"https:\\\/\\\/secure.gravatar.com\\\/avatar\\\/7fcee464d094e0b490b50408a0c7356276eedd5a17796d503ee821451b764c37?s=96&d=mm&r=g\",\"contentUrl\":\"https:\\\/\\\/secure.gravatar.com\\\/avatar\\\/7fcee464d094e0b490b50408a0c7356276eedd5a17796d503ee821451b764c37?s=96&d=mm&r=g\",\"caption\":\"admin\"}}]}<\/script>\n<!-- \/ Yoast SEO plugin. -->","yoast_head_json":{"title":"10 gennaio - Chiamate dall'alto - Fondazione Cumse ETS","description":"SCU - Valeryo Falcone, civilista di Fondazione Cumse, racconta la sua esperienza in modo leggero e divertente. SEGUITE LA SUA STORIA!","robots":{"index":"index","follow":"follow","max-snippet":"max-snippet:-1","max-image-preview":"max-image-preview:large","max-video-preview":"max-video-preview:-1"},"canonical":"https:\/\/cumse.org\/fr\/chiamate-dallalto-scu-in-camerun\/","og_locale":"fr_FR","og_type":"article","og_title":"10 gennaio - Chiamate dall'alto - Fondazione Cumse ETS","og_description":"SCU - Valeryo Falcone, civilista di Fondazione Cumse, racconta la sua esperienza in modo leggero e divertente. SEGUITE LA SUA STORIA!","og_url":"https:\/\/cumse.org\/fr\/chiamate-dallalto-scu-in-camerun\/","og_site_name":"Fondazione Cumse ETS","article_published_time":"2021-01-10T11:57:09+00:00","article_modified_time":"2021-03-04T13:44:15+00:00","og_image":[{"width":1200,"height":1600,"url":"https:\/\/cumse.org\/wp-content\/uploads\/2021\/01\/WhatsApp-Image-2021-01-11-at-01.41.32.jpeg","type":"image\/jpeg"}],"author":"admin","twitter_card":"summary_large_image","twitter_misc":{"\u00c9crit par":"admin","Dur\u00e9e de lecture estim\u00e9e":"8 minutes"},"schema":{"@context":"https:\/\/schema.org","@graph":[{"@type":"Article","@id":"https:\/\/cumse.org\/chiamate-dallalto-scu-in-camerun\/#article","isPartOf":{"@id":"https:\/\/cumse.org\/chiamate-dallalto-scu-in-camerun\/"},"author":{"name":"admin","@id":"https:\/\/cumse.org\/#\/schema\/person\/d8802c7f9d251c013018b375be80cb06"},"headline":"10 gennaio &#8211; Chiamate dall&#8217;alto","datePublished":"2021-01-10T11:57:09+00:00","dateModified":"2021-03-04T13:44:15+00:00","mainEntityOfPage":{"@id":"https:\/\/cumse.org\/chiamate-dallalto-scu-in-camerun\/"},"wordCount":1653,"image":{"@id":"https:\/\/cumse.org\/chiamate-dallalto-scu-in-camerun\/#primaryimage"},"thumbnailUrl":"https:\/\/i0.wp.com\/cumse.org\/wp-content\/uploads\/2021\/01\/WhatsApp-Image-2021-01-11-at-01.41.32.jpeg?fit=1200%2C1600&ssl=1","keywords":["Camerun","Fondazione Cumse","SCU","Servizio Civile Universale"],"articleSection":["TrAvaler"],"inLanguage":"fr-FR"},{"@type":"WebPage","@id":"https:\/\/cumse.org\/chiamate-dallalto-scu-in-camerun\/","url":"https:\/\/cumse.org\/chiamate-dallalto-scu-in-camerun\/","name":"10 gennaio - Chiamate dall'alto - Fondazione Cumse ETS","isPartOf":{"@id":"https:\/\/cumse.org\/#website"},"primaryImageOfPage":{"@id":"https:\/\/cumse.org\/chiamate-dallalto-scu-in-camerun\/#primaryimage"},"image":{"@id":"https:\/\/cumse.org\/chiamate-dallalto-scu-in-camerun\/#primaryimage"},"thumbnailUrl":"https:\/\/i0.wp.com\/cumse.org\/wp-content\/uploads\/2021\/01\/WhatsApp-Image-2021-01-11-at-01.41.32.jpeg?fit=1200%2C1600&ssl=1","datePublished":"2021-01-10T11:57:09+00:00","dateModified":"2021-03-04T13:44:15+00:00","author":{"@id":"https:\/\/cumse.org\/#\/schema\/person\/d8802c7f9d251c013018b375be80cb06"},"description":"SCU - Valeryo Falcone, civilista di Fondazione Cumse, racconta la sua esperienza in modo leggero e divertente. SEGUITE LA SUA STORIA!","breadcrumb":{"@id":"https:\/\/cumse.org\/chiamate-dallalto-scu-in-camerun\/#breadcrumb"},"inLanguage":"fr-FR","potentialAction":[{"@type":"ReadAction","target":["https:\/\/cumse.org\/chiamate-dallalto-scu-in-camerun\/"]}]},{"@type":"ImageObject","inLanguage":"fr-FR","@id":"https:\/\/cumse.org\/chiamate-dallalto-scu-in-camerun\/#primaryimage","url":"https:\/\/i0.wp.com\/cumse.org\/wp-content\/uploads\/2021\/01\/WhatsApp-Image-2021-01-11-at-01.41.32.jpeg?fit=1200%2C1600&ssl=1","contentUrl":"https:\/\/i0.wp.com\/cumse.org\/wp-content\/uploads\/2021\/01\/WhatsApp-Image-2021-01-11-at-01.41.32.jpeg?fit=1200%2C1600&ssl=1","width":1200,"height":1600},{"@type":"BreadcrumbList","@id":"https:\/\/cumse.org\/chiamate-dallalto-scu-in-camerun\/#breadcrumb","itemListElement":[{"@type":"ListItem","position":1,"name":"Home","item":"https:\/\/cumse.org\/"},{"@type":"ListItem","position":2,"name":"10 gennaio &#8211; Chiamate dall&#8217;alto"}]},{"@type":"WebSite","@id":"https:\/\/cumse.org\/#website","url":"https:\/\/cumse.org\/","name":"Fondazione Cumse ETS","description":"Siamo dove gli altri distolgono lo sguardo","potentialAction":[{"@type":"SearchAction","target":{"@type":"EntryPoint","urlTemplate":"https:\/\/cumse.org\/?s={search_term_string}"},"query-input":{"@type":"PropertyValueSpecification","valueRequired":true,"valueName":"search_term_string"}}],"inLanguage":"fr-FR"},{"@type":"Person","@id":"https:\/\/cumse.org\/#\/schema\/person\/d8802c7f9d251c013018b375be80cb06","name":"admin","image":{"@type":"ImageObject","inLanguage":"fr-FR","@id":"https:\/\/secure.gravatar.com\/avatar\/7fcee464d094e0b490b50408a0c7356276eedd5a17796d503ee821451b764c37?s=96&d=mm&r=g","url":"https:\/\/secure.gravatar.com\/avatar\/7fcee464d094e0b490b50408a0c7356276eedd5a17796d503ee821451b764c37?s=96&d=mm&r=g","contentUrl":"https:\/\/secure.gravatar.com\/avatar\/7fcee464d094e0b490b50408a0c7356276eedd5a17796d503ee821451b764c37?s=96&d=mm&r=g","caption":"admin"}}]}},"jetpack_featured_media_url":"https:\/\/i0.wp.com\/cumse.org\/wp-content\/uploads\/2021\/01\/WhatsApp-Image-2021-01-11-at-01.41.32.jpeg?fit=1200%2C1600&ssl=1","jetpack_sharing_enabled":true,"_links":{"self":[{"href":"https:\/\/cumse.org\/fr\/wp-json\/wp\/v2\/posts\/3674","targetHints":{"allow":["GET"]}}],"collection":[{"href":"https:\/\/cumse.org\/fr\/wp-json\/wp\/v2\/posts"}],"about":[{"href":"https:\/\/cumse.org\/fr\/wp-json\/wp\/v2\/types\/post"}],"author":[{"embeddable":true,"href":"https:\/\/cumse.org\/fr\/wp-json\/wp\/v2\/users\/1"}],"replies":[{"embeddable":true,"href":"https:\/\/cumse.org\/fr\/wp-json\/wp\/v2\/comments?post=3674"}],"version-history":[{"count":0,"href":"https:\/\/cumse.org\/fr\/wp-json\/wp\/v2\/posts\/3674\/revisions"}],"wp:featuredmedia":[{"embeddable":true,"href":"https:\/\/cumse.org\/fr\/wp-json\/wp\/v2\/media\/4175"}],"wp:attachment":[{"href":"https:\/\/cumse.org\/fr\/wp-json\/wp\/v2\/media?parent=3674"}],"wp:term":[{"taxonomy":"category","embeddable":true,"href":"https:\/\/cumse.org\/fr\/wp-json\/wp\/v2\/categories?post=3674"},{"taxonomy":"post_tag","embeddable":true,"href":"https:\/\/cumse.org\/fr\/wp-json\/wp\/v2\/tags?post=3674"}],"curies":[{"name":"wp","href":"https:\/\/api.w.org\/{rel}","templated":true}]}}