{"id":3671,"date":"2021-01-09T23:36:25","date_gmt":"2021-01-09T22:36:25","guid":{"rendered":"https:\/\/cumse.org\/?p=3671"},"modified":"2021-03-04T14:44:04","modified_gmt":"2021-03-04T13:44:04","slug":"batoste-agrodolci-scu-in-camerun","status":"publish","type":"post","link":"https:\/\/cumse.org\/fr\/batoste-agrodolci-scu-in-camerun\/","title":{"rendered":"9 gennaio &#8211; Batoste agrodolci"},"content":{"rendered":"<p>Vorrei potervi dire di aver vissuto una giornata stupenda. Vorrei potervi raccontare di come anche oggi sia andato tutto liscio, ed in parte lo far\u00f2, perch\u00e8 c&#8217;\u00e8 un fondo di verit\u00e0 in questa affermazione. Tranquilli, non intendo tediare nessuno con un carico di negativit\u00e0 gratuita spedita direttamente dall&#8217;Africa. Almeno spero di riuscirci.<\/p>\n<p>E&#8217; solo che non riesco ad essere completamente soddisfatto. La giornata ha avuto un retrogusto inaspettato, un pizzico di amaro \u00e8 andato a posarsi proprio sul fondo della lingua, solleticando con dispetto le mie papille gustative. Un po&#8217; come quando mangiando l&#8217;insalata, la goccia di aceto posata sulla foglia scivola gi\u00f9 in fondo alla gola prendendo il sopravvento sul sapore tenero della lattuga, facendoti storcere un po&#8217; il naso.<br \/>\nRimettiamo insieme i pezzi.<\/p>\n<p>Mi sono svegliato alle 7 con l&#8217;intento di andare a casa delle ragazze per ripetere i benedetti scatti che da giorni tentiamo di fare. Mangio gli avanzi del pranzo: zuppa di cavolo con pistacchi e patate bollite, colazione dei campioni. Le fanciulle sono occupate, rimandiamo a domani dopo la messa. Per l&#8217;ennesima volta.<\/p>\n<p>Alle 8.30 io, <strong>Godyene, Soumaya e Suor Nicole<\/strong> ci avviamo verso il cancello d&#8217;ingresso aspettando l&#8217;autista.<br \/>\nNon ve l&#8217;ho detto? Oggi \u00e8 prevista una gita al ranch di Ngaundab\u00e0, a 40km da<a href=\"https:\/\/it.wikipedia.org\/wiki\/Ngaound%C3%A9r%C3%A9\"> Ngaounder\u00e8<\/a>. Notizia elettrizzante.<br \/>\nMr. Yurik (l&#8217;autista) si presenta con mezz&#8217;ora di ritardo. Ah gi\u00e0 che c&#8217;\u00e8 il fuso. Sulla strada accosta per mostrarci una grande cascata che apre la strada al fiume Vina. Non ci sono coccodrilli, ci si pu\u00f2 nuotare volendo, un tempo il fiume era popolato da ippopotami ma, oggigiorno non ve n&#8217;\u00e8 traccia.<\/p>\n<p><img data-recalc-dims=\"1\" loading=\"lazy\" decoding=\"async\" class=\"alignnone wp-image-4168\" src=\"https:\/\/i0.wp.com\/cumse.org\/wp-content\/uploads\/2021\/01\/WhatsApp-Image-2021-01-09-at-23.38.07.jpeg?resize=483%2C362&#038;ssl=1\" alt=\"\" width=\"483\" height=\"362\" srcset=\"https:\/\/i0.wp.com\/cumse.org\/wp-content\/uploads\/2021\/01\/WhatsApp-Image-2021-01-09-at-23.38.07.jpeg?w=1600&amp;ssl=1 1600w, https:\/\/i0.wp.com\/cumse.org\/wp-content\/uploads\/2021\/01\/WhatsApp-Image-2021-01-09-at-23.38.07.jpeg?resize=1200%2C900&amp;ssl=1 1200w, https:\/\/i0.wp.com\/cumse.org\/wp-content\/uploads\/2021\/01\/WhatsApp-Image-2021-01-09-at-23.38.07.jpeg?resize=300%2C225&amp;ssl=1 300w, https:\/\/i0.wp.com\/cumse.org\/wp-content\/uploads\/2021\/01\/WhatsApp-Image-2021-01-09-at-23.38.07.jpeg?resize=1024%2C768&amp;ssl=1 1024w, https:\/\/i0.wp.com\/cumse.org\/wp-content\/uploads\/2021\/01\/WhatsApp-Image-2021-01-09-at-23.38.07.jpeg?resize=768%2C576&amp;ssl=1 768w, https:\/\/i0.wp.com\/cumse.org\/wp-content\/uploads\/2021\/01\/WhatsApp-Image-2021-01-09-at-23.38.07.jpeg?resize=1536%2C1152&amp;ssl=1 1536w, https:\/\/i0.wp.com\/cumse.org\/wp-content\/uploads\/2021\/01\/WhatsApp-Image-2021-01-09-at-23.38.07.jpeg?w=1280&amp;ssl=1 1280w\" sizes=\"auto, (max-width: 483px) 100vw, 483px\" \/><\/p>\n<p>Peccato, mi stava per partire un jingle: &#8220;in the jungle&#8230;&#8221; occhei, troppo tardi.<br \/>\nIl piano inizia con una colazione (la seconda) al bar, ad attenderci troviamo una scimmietta al guinzaglio. Godyene ne \u00e8 rapita, scambia il numero con i ragazzi dello staff, caso mai ne vendessero una la chiameranno. La furbetta mi si attacca alle gambe e prova a mordermi. Qualche ora dopo penzolavo da un albero, spero di non fare la fine di Spider-Man.<\/p>\n<p>Seconda fase, camminare a bordo del meraviglioso lago vulcanico immerso nel verde magnetico della foresta equatoriale, per poi pranzare assaggiando &#8220;le capitain&#8221; un pesce tipico di questa zona, molto grasso (tipo il salmone ma bianco), alternato con carne di zib\u00f9 arrosto e un fresco contorno d&#8217;insalata d&#8217;avocado.<br \/>\nOvviamente per i pi\u00f9 golosi oltre al verde frutto, si aggiungono patate e platano fritti. Insomma una delizia.<\/p>\n<p>La fame \u00e8 stata ancor pi\u00f9 stimolata dal giro in barca affrontato poco prima. Mr. Daniel \u00e8 magro come un chiodo, ma con un remo solo e l&#8217;aiuto del principio di Archimede, traghetta se stesso, me e Godyene senza fare una piega. Si vede che \u00e8 il suo mestiere. Chiedo allora se la balneazione \u00e8 consentita.<br \/>\nRisposta: <em>&#8220;se sai nuotare non \u00e8 rischioso, si pu\u00f2 fare&#8221;<\/em>. Facciamo che ci penso.<\/p>\n<p><img data-recalc-dims=\"1\" loading=\"lazy\" decoding=\"async\" class=\"alignnone wp-image-4169\" src=\"https:\/\/i0.wp.com\/cumse.org\/wp-content\/uploads\/2021\/01\/WhatsApp-Image-2021-01-09-at-23.38.11-1.jpeg?resize=402%2C536&#038;ssl=1\" alt=\"\" width=\"402\" height=\"536\" srcset=\"https:\/\/i0.wp.com\/cumse.org\/wp-content\/uploads\/2021\/01\/WhatsApp-Image-2021-01-09-at-23.38.11-1.jpeg?w=960&amp;ssl=1 960w, https:\/\/i0.wp.com\/cumse.org\/wp-content\/uploads\/2021\/01\/WhatsApp-Image-2021-01-09-at-23.38.11-1.jpeg?resize=800%2C1067&amp;ssl=1 800w, https:\/\/i0.wp.com\/cumse.org\/wp-content\/uploads\/2021\/01\/WhatsApp-Image-2021-01-09-at-23.38.11-1.jpeg?resize=225%2C300&amp;ssl=1 225w, https:\/\/i0.wp.com\/cumse.org\/wp-content\/uploads\/2021\/01\/WhatsApp-Image-2021-01-09-at-23.38.11-1.jpeg?resize=768%2C1024&amp;ssl=1 768w\" sizes=\"auto, (max-width: 402px) 100vw, 402px\" \/><\/p>\n<p>La conca lacustre vista dall&#8217;interno \u00e8 ancora pi\u00f9 affascinante. Ninfee e piante acquatiche ne cospargono i margini, anatre e uccelli esotici spuntano da ogni dove.<br \/>\nAll&#8217;interno delle pi\u00f9 grandi canne di bamb\u00f9 si celano anche dei boa a detta di Mr. Daniel. Il fondale \u00e8 visibile ad occhio nudo.<\/p>\n<p>Lo scenario mi ricorda in qualche modo il mio amato laghetto di Montorfano.<br \/>\nSar\u00e0 anche per una piccola nostalgia delle mie estati italiane. Chiedo al nostro marinaio la profondit\u00e0: 425 m. Mah? Io vedo il fondale? No, quello \u00e8 fango sotto al quale si nasconde altra acqua, finirci dentro \u00e8 molto pericoloso, si rischia di non poter pi\u00f9 risalire.<br \/>\nAspetta, com&#8217;\u00e8 che aveva detto: &#8220;non \u00e8 rischioso&#8221; giusto? Come no! Altro che Montorfano. Mr. Daniel una volta ha pescato un Captain di 60 kg.<br \/>\nMeglio lasciarsi il beneficio del dubbio e desistere dal nuoto, noi codardi in questo siamo degli maestri.<\/p>\n<p>Dopodich\u00e9 il piano prevede di stendersi su un&#8217;amaca all&#8217;ombra di un grande mango per dondolare dolcemente. In mia compagnia c&#8217;\u00e8 un pastore tedesco di grossa taglia.<br \/>\nRex, nome banalotto, \u00e8 un grande accompagnatore. Molto intelligentemente ci indica la strada dei percorsi da fare. Ci aspetta sulle salite pi\u00f9 faticose, si sdraia sotto al nostro tavolo placidamente durante il pasto, chiede qualche carezza in cambio e ti guarda con due occhioni gentili che scioglierebbero persino il cuore di mandrake.<\/p>\n<p>Mi piacerebbe avere un cane cos\u00ec. Lo vizierei spudoratamente. Dire che ha umanit\u00e0 sarebbe come recargli offesa. E&#8217; molto pi\u00f9 in gamba di noi, il semplice fatto che non parli lo rende pi\u00f9 intelligente di una marea di persone che ho incontrato nella vita. Mi viene in mente il ritornello di una canzone che mi piace molto: &#8220;i cani sono meglio delle persone che dicono che i cani sono meglio delle persone&#8221;. Non voglio rientrare troppo a lungo in questa categoria,<br \/>\nanche se forse dovrei esserne onorato.<\/p>\n<p>Cambiando discorso, sul finire del nostro soggiorno un ragazzo, Ismael, si palesa al galoppo di un cavallino bianco ad una velocit\u00e0 impressionante. Rimango colpito dalla tecnica del giovane, poi anche dalle bizzarre minute dimensioni dell&#8217;equino. Una razza del nord, non crescono pi\u00f9 di cos\u00ec. Dietro di lui un altro paio di piccoli gioiellini della bio-meccanica galoppano all&#8217;inseguimento dell&#8217;aprifila.<\/p>\n<p>Sono talmente rapito da queste scene che Ismaele mi raggiunge: <em>&#8220;vuoi provare a montare? E&#8217; ben addestrato, ti guido io&#8221;.<\/em> Lo avr\u00e0 dedotto dalla mia espressione da vegetale? Presumibilmente s\u00ec.<br \/>\nHo un po&#8217; paura, non tanto della bestia in s\u00e8 ma quanto della velocit\u00e0 che pu\u00f2 raggiungere nonostante le dimensioni ridotte.<br \/>\nDel resto al passo ci so gi\u00e0 andare, decido di buttarmi. A guardare le foto son pi\u00f9 grande io di Sapphire (finalmente<br \/>\nun nome potente, era da un po&#8217; che non ne sentivo uno, adattissimo ad un cavallo simile).<br \/>\nCos&#8217;altro potrei desiderare? Assolutamente niente dico bene? Ho avuto una giornata fenomenale, mi sono riposato, ho fatto una bella passeggiata, sono andato in barca, ho montato al passo. Ho mangiato divinamente.<\/p>\n<p><img data-recalc-dims=\"1\" loading=\"lazy\" decoding=\"async\" class=\"alignnone wp-image-4171\" style=\"font-size: 1rem;\" src=\"https:\/\/i0.wp.com\/cumse.org\/wp-content\/uploads\/2021\/01\/WhatsApp-Image-2021-01-09-at-23.38.16.jpeg?resize=474%2C266&#038;ssl=1\" alt=\"\" width=\"474\" height=\"266\" srcset=\"https:\/\/i0.wp.com\/cumse.org\/wp-content\/uploads\/2021\/01\/WhatsApp-Image-2021-01-09-at-23.38.16.jpeg?w=1600&amp;ssl=1 1600w, https:\/\/i0.wp.com\/cumse.org\/wp-content\/uploads\/2021\/01\/WhatsApp-Image-2021-01-09-at-23.38.16.jpeg?resize=1200%2C675&amp;ssl=1 1200w, https:\/\/i0.wp.com\/cumse.org\/wp-content\/uploads\/2021\/01\/WhatsApp-Image-2021-01-09-at-23.38.16.jpeg?resize=300%2C169&amp;ssl=1 300w, https:\/\/i0.wp.com\/cumse.org\/wp-content\/uploads\/2021\/01\/WhatsApp-Image-2021-01-09-at-23.38.16.jpeg?resize=1024%2C576&amp;ssl=1 1024w, https:\/\/i0.wp.com\/cumse.org\/wp-content\/uploads\/2021\/01\/WhatsApp-Image-2021-01-09-at-23.38.16.jpeg?resize=768%2C432&amp;ssl=1 768w, https:\/\/i0.wp.com\/cumse.org\/wp-content\/uploads\/2021\/01\/WhatsApp-Image-2021-01-09-at-23.38.16.jpeg?resize=1536%2C864&amp;ssl=1 1536w, https:\/\/i0.wp.com\/cumse.org\/wp-content\/uploads\/2021\/01\/WhatsApp-Image-2021-01-09-at-23.38.16.jpeg?resize=1170%2C660&amp;ssl=1 1170w, https:\/\/i0.wp.com\/cumse.org\/wp-content\/uploads\/2021\/01\/WhatsApp-Image-2021-01-09-at-23.38.16.jpeg?w=1280&amp;ssl=1 1280w\" sizes=\"auto, (max-width: 474px) 100vw, 474px\" \/><\/p>\n<p>Saliamo in auto, Yurik \u00e8 pure puntuale. Sulla strada il tramonto comincia a tinteggiare d&#8217;arancio i contorni,<br \/>\ni rigagnoli di scolo, i tetti di paglia delle casupole di fango, persino la terra rossa si imbarazza aumentando il suo contrasto. Molte le bestie a bordo della strada. Zib\u00f9, caprette, inoltre ci sono anche due cagnolini.<\/p>\n<p>Due cuccioli beige di pochi mesi. Innocenti quanto incoscienti. Scondinzolano, giocano, si buttano in strada senza guardare. Notano l&#8217;auto, Yurik rallenta, rallentano, poi accelerano, sono preda dell&#8217;indecisione, l&#8217;autista spazientito<br \/>\nchiama gas col pedale. Non abbiamo nessuno dietro, nemmeno l&#8217;ombra di una vettura davanti, non c&#8217;\u00e8 alcuna fretta di arrivare in nessun posto se non a casa.<br \/>\nL&#8217;automobile aumenta follemente la sua corsa, mi scappa un &#8220;NOO!&#8221; smorzato sul finale da un botto.<\/p>\n<p>Chiudo e apro gli occhi, una frazione di secondo, non ho il coraggio di guardare nello specchietto retrovisore. Gli occhi mi si gonfiano, arrossiscono ma, purtroppo, non a causa della luce solare sempre pi\u00f9 cremisi. Resisto, mi volto<br \/>\nin direzione del finestrino, attingo un po&#8217; d&#8217;acqua dalla mia fedele borraccia con la segreta speranza che da questa esca qualcosa di pi\u00f9, una lozione stregata magari, capace di rimettere insieme i cocci del mio cuore in frantumi.<\/p>\n<p>L&#8217;autista (da qui in avanti non ho pi\u00f9 intenzione di chiamarlo per nome) procede senza fare una piega. Vorrei agire in qualche modo. Vorrei aver fatto qualcosa, PRIMA. Avrei dovuto suonare il clacson, tirare il freno a mano,<br \/>\nbuttarmi dal mezzo in corsa, gridare. Penso a mio padre, lui s\u00ec che avrebbe fatto qualcosa, lui con quelle sue mani pratiche capaci di tutto, lui che all&#8217;occorrenza \u00e8 idraulico, imbianchino, meccanico, carrozziere, falegname, elettricista, sempre pronto ad agire di riflesso. L&#8217;incarnazione delle generazioni &#8220;vecchia scuola&#8221;, magari avessi fatto anch&#8217;io la naia. Sto delirando.<\/p>\n<p>Io no. Io sono un mezzo artistoide sulle nuvole. Sono anche un codardo.<br \/>\nPrendo inoltre precipitosamente sempre e solo pessime decisioni. Fracassare il cranio del guidatore con la mia borraccia da un litro, ad esempio, non \u00e8 una buona idea.<br \/>\nPiangere nemmeno. Incazzarmi fino a perdere la voce potrebbe risultare inutile. Anche a recuperare il corpicino tutt&#8217;ossa del piccolo, non saprei curarlo. L&#8217;impotenza, in qualunque sua forma, pu\u00f2 diventare una condanna tremenda.<\/p>\n<p>Mentre penso a queste cose, fermo immobile fissando il parabrezza con gli occhi pi\u00f9 vacui che ho, suor Nicole attacca a parlare col pilota di tutti gli animali investiti per sbaglio in anni di guida. Del resto la strada non \u00e8<br \/>\nla sede naturale in cui dovrebbero trovarsi, \u00e8 pericoloso, succede di continuo, sapesse quanti camion ogni giorno centrano qualcosa o qualcuno.<br \/>\nUna volta ha pure rischiato grosso per colpa di un cane, da allora si rifiuta di guidare.<\/p>\n<p>Ragazzi so bene che tra tutti i pericoli e gli incidenti possibili, questo \u00e8 il minore dei mali. Ho imparato con una dura lezione come il valore della vita sia davvero esiguo da queste parti rispetto a quello che io sono abituato ad attribuirle.<\/p>\n<p><em>Nassara<\/em>. Io vengo da un mondo in cui i cani portano le babbucce ed il cappotto.<br \/>\nHo visto padroni ordinare il pollo alla griglia al ristorante per i loro amichetti pelosi. Lo stesso mondo ipocrita che lega gli animali al guardrail e li abbandona in agosto, per godersi le vacanze in santa pace. Qui i quadrupedi, anzich\u00e8 in borsa, al bisogno, si stirano sotto le macchine.<\/p>\n<p>Purtroppo, mi vedo complice, spettatore omertoso. Passeggero silente. Gioco fuori casa, non ho esperienza, sono solo. Ci\u00f2 che posso o non posso fare devo deciderlo da me, senza l&#8217;aiuto di nessuno. Fa parte del pacchetto, l&#8217;ho sempre saputo. Ho scelto il servizio civile anche per questo, \u00e8 questione di crescere, responsabilizzarsi, conquistarsi la famosa stramaledetta autonomia. Varcare le porte dell&#8217;et\u00e0 adulta.<br \/>\nBiasimatemi pure quando vi dico che io, se potessi, volerei sull&#8217;isola che non c&#8217;\u00e8 senza fare ritorno.<\/p>\n<table style=\"width: 100%; border-collapse: collapse;\" border=\"0\">\n<tbody>\n<tr>\n<td style=\"width: 100%; background-color: red; text-align: center; vertical-align: top;\">\n<h4><a href=\"\/fr\/servizio-civile-universale\/\"><span style=\"color: #ffffff;\"><strong>Per saperne di pi\u00f9 sul Servizio Civile Universale &#8211; SCU &#8211; clicca qu\u00ec!<\/strong><\/span><\/a><\/h4>\n<\/td>\n<\/tr>\n<\/tbody>\n<\/table>\n<p>Dai ricomponiamoci.<br \/>\nTornato a casa mi intrattengo con Delphin e Pelagin rimettendo, per quanto possibile, in sesto il mio animo.<br \/>\nVarcata la soglia della magione mi avvio verso il bagno senza pi\u00f9 preoccuparmi della ranocchietta che da un paio di giorni convive con me. Mi siedo sulla tazza, espleto i miei doveri e tiro l&#8217;acqua. Sbuca dal centro del WC la piccola creaturina arancione posandosi sul bordo. Ecco dov&#8217;era!<\/p>\n<p>Ma voi vi immaginate che razza di salto avrei fatto se mi fosse balzata di testa sullo sfintere? Oltre all&#8217;infarto avrei anche potuto correre il rischio di scoprire un certo piacere mai provato&#8230;GULP! Mi sa che<br \/>\nla faccio fuori. Probabilmente esagero. &#8220;Doing&#8221;. La simpaticona esegue un altro piccolo avanzamento andando a nascondersi dietro al Water. Sospiro.<\/p>\n<p>In fin dei conti che male fa? Sapete, oggi sono in vena di indulgenze.<\/p>\n<p>Avendo graziato l&#8217;autista, non vedo come potrei infierire su Molly. Ebbene s\u00ec, le ho dato un nome e GUAI a chi<br \/>\nla tocca.<\/p>","protected":false},"excerpt":{"rendered":"<p>Vorrei potervi dire di aver vissuto una giornata stupenda. Vorrei potervi raccontare di come anche oggi sia andato tutto liscio, ed in parte lo far\u00f2, perch\u00e8 c&#8217;\u00e8 un fondo di verit\u00e0 in questa affermazione. Tranquilli, non intendo tediare nessuno con un carico di negativit\u00e0 gratuita spedita direttamente dall&#8217;Africa. Almeno spero di riuscirci. E&#8217; solo che [&hellip;]<\/p>\n","protected":false},"author":1,"featured_media":4172,"comment_status":"closed","ping_status":"closed","sticky":false,"template":"","format":"standard","meta":{"_jetpack_memberships_contains_paid_content":false,"footnotes":""},"categories":[62],"tags":[68,67,79,65,66],"class_list":["post-3671","post","type-post","status-publish","format-standard","has-post-thumbnail","hentry","category-travaler","tag-camerun","tag-fondazione-cumse","tag-ngaoundere","tag-scu","tag-servizio-civile-universale"],"yoast_head":"<!-- This site is optimized with the Yoast SEO plugin v27.3 - https:\/\/yoast.com\/product\/yoast-seo-wordpress\/ -->\n<title>9 gennaio - Batoste agrodolci - Fondazione Cumse ETS<\/title>\n<meta name=\"description\" content=\"SCU - Valeryo Falcone, civilista di Fondazione Cumse, racconta la sua esperienza in modo leggero e divertente. SEGUITE LA SUA STORIA!\" \/>\n<meta name=\"robots\" content=\"index, follow, max-snippet:-1, max-image-preview:large, max-video-preview:-1\" \/>\n<link rel=\"canonical\" href=\"https:\/\/cumse.org\/fr\/batoste-agrodolci-scu-in-camerun\/\" \/>\n<meta property=\"og:locale\" content=\"fr_FR\" \/>\n<meta property=\"og:type\" content=\"article\" \/>\n<meta property=\"og:title\" content=\"9 gennaio - Batoste agrodolci - Fondazione Cumse ETS\" \/>\n<meta property=\"og:description\" content=\"SCU - Valeryo Falcone, civilista di Fondazione Cumse, racconta la sua esperienza in modo leggero e divertente. SEGUITE LA SUA STORIA!\" \/>\n<meta property=\"og:url\" content=\"https:\/\/cumse.org\/fr\/batoste-agrodolci-scu-in-camerun\/\" \/>\n<meta property=\"og:site_name\" content=\"Fondazione Cumse ETS\" \/>\n<meta property=\"article:published_time\" content=\"2021-01-09T22:36:25+00:00\" \/>\n<meta property=\"article:modified_time\" content=\"2021-03-04T13:44:04+00:00\" \/>\n<meta property=\"og:image\" content=\"https:\/\/cumse.org\/wp-content\/uploads\/2021\/01\/WhatsApp-Image-2021-01-09-at-23.38.09-1.jpeg\" \/>\n\t<meta property=\"og:image:width\" content=\"1280\" \/>\n\t<meta property=\"og:image:height\" content=\"960\" \/>\n\t<meta property=\"og:image:type\" content=\"image\/jpeg\" \/>\n<meta name=\"author\" content=\"admin\" \/>\n<meta name=\"twitter:card\" content=\"summary_large_image\" \/>\n<meta name=\"twitter:label1\" content=\"\u00c9crit par\" \/>\n\t<meta name=\"twitter:data1\" content=\"admin\" \/>\n\t<meta name=\"twitter:label2\" content=\"Dur\u00e9e de lecture estim\u00e9e\" \/>\n\t<meta name=\"twitter:data2\" content=\"9 minutes\" \/>\n<script type=\"application\/ld+json\" class=\"yoast-schema-graph\">{\"@context\":\"https:\\\/\\\/schema.org\",\"@graph\":[{\"@type\":\"Article\",\"@id\":\"https:\\\/\\\/cumse.org\\\/batoste-agrodolci-scu-in-camerun\\\/#article\",\"isPartOf\":{\"@id\":\"https:\\\/\\\/cumse.org\\\/batoste-agrodolci-scu-in-camerun\\\/\"},\"author\":{\"name\":\"admin\",\"@id\":\"https:\\\/\\\/cumse.org\\\/#\\\/schema\\\/person\\\/d8802c7f9d251c013018b375be80cb06\"},\"headline\":\"9 gennaio &#8211; Batoste agrodolci\",\"datePublished\":\"2021-01-09T22:36:25+00:00\",\"dateModified\":\"2021-03-04T13:44:04+00:00\",\"mainEntityOfPage\":{\"@id\":\"https:\\\/\\\/cumse.org\\\/batoste-agrodolci-scu-in-camerun\\\/\"},\"wordCount\":1758,\"image\":{\"@id\":\"https:\\\/\\\/cumse.org\\\/batoste-agrodolci-scu-in-camerun\\\/#primaryimage\"},\"thumbnailUrl\":\"https:\\\/\\\/i0.wp.com\\\/cumse.org\\\/wp-content\\\/uploads\\\/2021\\\/01\\\/WhatsApp-Image-2021-01-09-at-23.38.09-1.jpeg?fit=1280%2C960&ssl=1\",\"keywords\":[\"Camerun\",\"Fondazione Cumse\",\"Ngaounder\u00e8\",\"SCU\",\"Servizio Civile Universale\"],\"articleSection\":[\"TrAvaler\"],\"inLanguage\":\"fr-FR\"},{\"@type\":\"WebPage\",\"@id\":\"https:\\\/\\\/cumse.org\\\/batoste-agrodolci-scu-in-camerun\\\/\",\"url\":\"https:\\\/\\\/cumse.org\\\/batoste-agrodolci-scu-in-camerun\\\/\",\"name\":\"9 gennaio - Batoste agrodolci - Fondazione Cumse ETS\",\"isPartOf\":{\"@id\":\"https:\\\/\\\/cumse.org\\\/#website\"},\"primaryImageOfPage\":{\"@id\":\"https:\\\/\\\/cumse.org\\\/batoste-agrodolci-scu-in-camerun\\\/#primaryimage\"},\"image\":{\"@id\":\"https:\\\/\\\/cumse.org\\\/batoste-agrodolci-scu-in-camerun\\\/#primaryimage\"},\"thumbnailUrl\":\"https:\\\/\\\/i0.wp.com\\\/cumse.org\\\/wp-content\\\/uploads\\\/2021\\\/01\\\/WhatsApp-Image-2021-01-09-at-23.38.09-1.jpeg?fit=1280%2C960&ssl=1\",\"datePublished\":\"2021-01-09T22:36:25+00:00\",\"dateModified\":\"2021-03-04T13:44:04+00:00\",\"author\":{\"@id\":\"https:\\\/\\\/cumse.org\\\/#\\\/schema\\\/person\\\/d8802c7f9d251c013018b375be80cb06\"},\"description\":\"SCU - Valeryo Falcone, civilista di Fondazione Cumse, racconta la sua esperienza in modo leggero e divertente. SEGUITE LA SUA STORIA!\",\"breadcrumb\":{\"@id\":\"https:\\\/\\\/cumse.org\\\/batoste-agrodolci-scu-in-camerun\\\/#breadcrumb\"},\"inLanguage\":\"fr-FR\",\"potentialAction\":[{\"@type\":\"ReadAction\",\"target\":[\"https:\\\/\\\/cumse.org\\\/batoste-agrodolci-scu-in-camerun\\\/\"]}]},{\"@type\":\"ImageObject\",\"inLanguage\":\"fr-FR\",\"@id\":\"https:\\\/\\\/cumse.org\\\/batoste-agrodolci-scu-in-camerun\\\/#primaryimage\",\"url\":\"https:\\\/\\\/i0.wp.com\\\/cumse.org\\\/wp-content\\\/uploads\\\/2021\\\/01\\\/WhatsApp-Image-2021-01-09-at-23.38.09-1.jpeg?fit=1280%2C960&ssl=1\",\"contentUrl\":\"https:\\\/\\\/i0.wp.com\\\/cumse.org\\\/wp-content\\\/uploads\\\/2021\\\/01\\\/WhatsApp-Image-2021-01-09-at-23.38.09-1.jpeg?fit=1280%2C960&ssl=1\",\"width\":1280,\"height\":960},{\"@type\":\"BreadcrumbList\",\"@id\":\"https:\\\/\\\/cumse.org\\\/batoste-agrodolci-scu-in-camerun\\\/#breadcrumb\",\"itemListElement\":[{\"@type\":\"ListItem\",\"position\":1,\"name\":\"Home\",\"item\":\"https:\\\/\\\/cumse.org\\\/\"},{\"@type\":\"ListItem\",\"position\":2,\"name\":\"9 gennaio &#8211; Batoste agrodolci\"}]},{\"@type\":\"WebSite\",\"@id\":\"https:\\\/\\\/cumse.org\\\/#website\",\"url\":\"https:\\\/\\\/cumse.org\\\/\",\"name\":\"Fondazione Cumse ETS\",\"description\":\"Siamo dove gli altri distolgono lo sguardo\",\"potentialAction\":[{\"@type\":\"SearchAction\",\"target\":{\"@type\":\"EntryPoint\",\"urlTemplate\":\"https:\\\/\\\/cumse.org\\\/?s={search_term_string}\"},\"query-input\":{\"@type\":\"PropertyValueSpecification\",\"valueRequired\":true,\"valueName\":\"search_term_string\"}}],\"inLanguage\":\"fr-FR\"},{\"@type\":\"Person\",\"@id\":\"https:\\\/\\\/cumse.org\\\/#\\\/schema\\\/person\\\/d8802c7f9d251c013018b375be80cb06\",\"name\":\"admin\",\"image\":{\"@type\":\"ImageObject\",\"inLanguage\":\"fr-FR\",\"@id\":\"https:\\\/\\\/secure.gravatar.com\\\/avatar\\\/7fcee464d094e0b490b50408a0c7356276eedd5a17796d503ee821451b764c37?s=96&d=mm&r=g\",\"url\":\"https:\\\/\\\/secure.gravatar.com\\\/avatar\\\/7fcee464d094e0b490b50408a0c7356276eedd5a17796d503ee821451b764c37?s=96&d=mm&r=g\",\"contentUrl\":\"https:\\\/\\\/secure.gravatar.com\\\/avatar\\\/7fcee464d094e0b490b50408a0c7356276eedd5a17796d503ee821451b764c37?s=96&d=mm&r=g\",\"caption\":\"admin\"}}]}<\/script>\n<!-- \/ Yoast SEO plugin. -->","yoast_head_json":{"title":"9 gennaio - Batoste agrodolci - Fondazione Cumse ETS","description":"SCU - Valeryo Falcone, civilista di Fondazione Cumse, racconta la sua esperienza in modo leggero e divertente. SEGUITE LA SUA STORIA!","robots":{"index":"index","follow":"follow","max-snippet":"max-snippet:-1","max-image-preview":"max-image-preview:large","max-video-preview":"max-video-preview:-1"},"canonical":"https:\/\/cumse.org\/fr\/batoste-agrodolci-scu-in-camerun\/","og_locale":"fr_FR","og_type":"article","og_title":"9 gennaio - Batoste agrodolci - Fondazione Cumse ETS","og_description":"SCU - Valeryo Falcone, civilista di Fondazione Cumse, racconta la sua esperienza in modo leggero e divertente. SEGUITE LA SUA STORIA!","og_url":"https:\/\/cumse.org\/fr\/batoste-agrodolci-scu-in-camerun\/","og_site_name":"Fondazione Cumse ETS","article_published_time":"2021-01-09T22:36:25+00:00","article_modified_time":"2021-03-04T13:44:04+00:00","og_image":[{"width":1280,"height":960,"url":"https:\/\/cumse.org\/wp-content\/uploads\/2021\/01\/WhatsApp-Image-2021-01-09-at-23.38.09-1.jpeg","type":"image\/jpeg"}],"author":"admin","twitter_card":"summary_large_image","twitter_misc":{"\u00c9crit par":"admin","Dur\u00e9e de lecture estim\u00e9e":"9 minutes"},"schema":{"@context":"https:\/\/schema.org","@graph":[{"@type":"Article","@id":"https:\/\/cumse.org\/batoste-agrodolci-scu-in-camerun\/#article","isPartOf":{"@id":"https:\/\/cumse.org\/batoste-agrodolci-scu-in-camerun\/"},"author":{"name":"admin","@id":"https:\/\/cumse.org\/#\/schema\/person\/d8802c7f9d251c013018b375be80cb06"},"headline":"9 gennaio &#8211; Batoste agrodolci","datePublished":"2021-01-09T22:36:25+00:00","dateModified":"2021-03-04T13:44:04+00:00","mainEntityOfPage":{"@id":"https:\/\/cumse.org\/batoste-agrodolci-scu-in-camerun\/"},"wordCount":1758,"image":{"@id":"https:\/\/cumse.org\/batoste-agrodolci-scu-in-camerun\/#primaryimage"},"thumbnailUrl":"https:\/\/i0.wp.com\/cumse.org\/wp-content\/uploads\/2021\/01\/WhatsApp-Image-2021-01-09-at-23.38.09-1.jpeg?fit=1280%2C960&ssl=1","keywords":["Camerun","Fondazione Cumse","Ngaounder\u00e8","SCU","Servizio Civile Universale"],"articleSection":["TrAvaler"],"inLanguage":"fr-FR"},{"@type":"WebPage","@id":"https:\/\/cumse.org\/batoste-agrodolci-scu-in-camerun\/","url":"https:\/\/cumse.org\/batoste-agrodolci-scu-in-camerun\/","name":"9 gennaio - Batoste agrodolci - Fondazione Cumse ETS","isPartOf":{"@id":"https:\/\/cumse.org\/#website"},"primaryImageOfPage":{"@id":"https:\/\/cumse.org\/batoste-agrodolci-scu-in-camerun\/#primaryimage"},"image":{"@id":"https:\/\/cumse.org\/batoste-agrodolci-scu-in-camerun\/#primaryimage"},"thumbnailUrl":"https:\/\/i0.wp.com\/cumse.org\/wp-content\/uploads\/2021\/01\/WhatsApp-Image-2021-01-09-at-23.38.09-1.jpeg?fit=1280%2C960&ssl=1","datePublished":"2021-01-09T22:36:25+00:00","dateModified":"2021-03-04T13:44:04+00:00","author":{"@id":"https:\/\/cumse.org\/#\/schema\/person\/d8802c7f9d251c013018b375be80cb06"},"description":"SCU - Valeryo Falcone, civilista di Fondazione Cumse, racconta la sua esperienza in modo leggero e divertente. SEGUITE LA SUA STORIA!","breadcrumb":{"@id":"https:\/\/cumse.org\/batoste-agrodolci-scu-in-camerun\/#breadcrumb"},"inLanguage":"fr-FR","potentialAction":[{"@type":"ReadAction","target":["https:\/\/cumse.org\/batoste-agrodolci-scu-in-camerun\/"]}]},{"@type":"ImageObject","inLanguage":"fr-FR","@id":"https:\/\/cumse.org\/batoste-agrodolci-scu-in-camerun\/#primaryimage","url":"https:\/\/i0.wp.com\/cumse.org\/wp-content\/uploads\/2021\/01\/WhatsApp-Image-2021-01-09-at-23.38.09-1.jpeg?fit=1280%2C960&ssl=1","contentUrl":"https:\/\/i0.wp.com\/cumse.org\/wp-content\/uploads\/2021\/01\/WhatsApp-Image-2021-01-09-at-23.38.09-1.jpeg?fit=1280%2C960&ssl=1","width":1280,"height":960},{"@type":"BreadcrumbList","@id":"https:\/\/cumse.org\/batoste-agrodolci-scu-in-camerun\/#breadcrumb","itemListElement":[{"@type":"ListItem","position":1,"name":"Home","item":"https:\/\/cumse.org\/"},{"@type":"ListItem","position":2,"name":"9 gennaio &#8211; Batoste agrodolci"}]},{"@type":"WebSite","@id":"https:\/\/cumse.org\/#website","url":"https:\/\/cumse.org\/","name":"Fondazione Cumse ETS","description":"Siamo dove gli altri distolgono lo sguardo","potentialAction":[{"@type":"SearchAction","target":{"@type":"EntryPoint","urlTemplate":"https:\/\/cumse.org\/?s={search_term_string}"},"query-input":{"@type":"PropertyValueSpecification","valueRequired":true,"valueName":"search_term_string"}}],"inLanguage":"fr-FR"},{"@type":"Person","@id":"https:\/\/cumse.org\/#\/schema\/person\/d8802c7f9d251c013018b375be80cb06","name":"admin","image":{"@type":"ImageObject","inLanguage":"fr-FR","@id":"https:\/\/secure.gravatar.com\/avatar\/7fcee464d094e0b490b50408a0c7356276eedd5a17796d503ee821451b764c37?s=96&d=mm&r=g","url":"https:\/\/secure.gravatar.com\/avatar\/7fcee464d094e0b490b50408a0c7356276eedd5a17796d503ee821451b764c37?s=96&d=mm&r=g","contentUrl":"https:\/\/secure.gravatar.com\/avatar\/7fcee464d094e0b490b50408a0c7356276eedd5a17796d503ee821451b764c37?s=96&d=mm&r=g","caption":"admin"}}]}},"jetpack_featured_media_url":"https:\/\/i0.wp.com\/cumse.org\/wp-content\/uploads\/2021\/01\/WhatsApp-Image-2021-01-09-at-23.38.09-1.jpeg?fit=1280%2C960&ssl=1","jetpack_sharing_enabled":true,"_links":{"self":[{"href":"https:\/\/cumse.org\/fr\/wp-json\/wp\/v2\/posts\/3671","targetHints":{"allow":["GET"]}}],"collection":[{"href":"https:\/\/cumse.org\/fr\/wp-json\/wp\/v2\/posts"}],"about":[{"href":"https:\/\/cumse.org\/fr\/wp-json\/wp\/v2\/types\/post"}],"author":[{"embeddable":true,"href":"https:\/\/cumse.org\/fr\/wp-json\/wp\/v2\/users\/1"}],"replies":[{"embeddable":true,"href":"https:\/\/cumse.org\/fr\/wp-json\/wp\/v2\/comments?post=3671"}],"version-history":[{"count":0,"href":"https:\/\/cumse.org\/fr\/wp-json\/wp\/v2\/posts\/3671\/revisions"}],"wp:featuredmedia":[{"embeddable":true,"href":"https:\/\/cumse.org\/fr\/wp-json\/wp\/v2\/media\/4172"}],"wp:attachment":[{"href":"https:\/\/cumse.org\/fr\/wp-json\/wp\/v2\/media?parent=3671"}],"wp:term":[{"taxonomy":"category","embeddable":true,"href":"https:\/\/cumse.org\/fr\/wp-json\/wp\/v2\/categories?post=3671"},{"taxonomy":"post_tag","embeddable":true,"href":"https:\/\/cumse.org\/fr\/wp-json\/wp\/v2\/tags?post=3671"}],"curies":[{"name":"wp","href":"https:\/\/api.w.org\/{rel}","templated":true}]}}