{"id":3666,"date":"2021-01-08T14:38:08","date_gmt":"2021-01-08T13:38:08","guid":{"rendered":"https:\/\/cumse.org\/?p=3666"},"modified":"2021-03-09T14:35:48","modified_gmt":"2021-03-09T13:35:48","slug":"possibili-alleanze-scu-in-camerun","status":"publish","type":"post","link":"https:\/\/cumse.org\/fr\/possibili-alleanze-scu-in-camerun\/","title":{"rendered":"8 gennaio &#8211; Possibili alleanze"},"content":{"rendered":"<p>Sta notte mi sono alzato per fare quello che nei film italiani trash anni &#8217;80 \u00e8 stato anche definito: &#8221; il cambio dell&#8217;olio&#8221;.<\/p>\n<p>Rido cercando di ricordare se ho veramente gi\u00e0 sentito recitare questa battuta a Jerry Cal\u00e0, Boldi o qualcun altro degli Yuppies.<\/p>\n<p>Apro la porta del bagno con una pedata mentre poggio la mano destra sull&#8217;interruttore della luce. Balzo all&#8217;indietro percependo la sensazione di qualcosa che mi salta addosso. Colto totalmente impreparato, mollo un calcio<br \/>\nin aria di riflesso e l&#8217;infradito sinistra spara a razzo finendo quasi dentro al water. Il fatto che non ci sia caduta, anche se solo per un soffio, mi riempie di gioia per una frazione di secondo ma subito dopo riallaccio i pensieri e cerco di capire di che morte morire. Serpenti, blatte, ragni, pipistrelli, cani selvatici, millepiedi&#8230; cos&#8217;altro potrebbe mai&#8230;<\/p>\n<p>Mi guardo intorno circospetto, mi sento osservato, ora che ci penso lo sfioramento \u00e8 avvenuto all&#8217;altezza delle gambe, controlliamo la metratura del pavimento. A scanner i miei occhi si muovono sulle gambe, fino all&#8217;estremit\u00e0 degli alluci, un pezzo di piastrella, la porta. TIC TIC TIC TIC TIC. Le lancette del mio detector biologico (mai avuto) mi allarmano, salgo di qualche centimetro sulla superficie lignea dell&#8217;infisso e chi ti TROVO?<\/p>\n<p>Due occhietti minuscoli e bianchi mi fissano inebetiti. Una ranocchietta di dimensioni microscopiche, dal colore biancastro\/arancio mi punta sperando di passare inosservata. Con le creature codarde ho un certo feeling e poi, dopo tutta sta fauna, una cosina cos\u00ec pu\u00f2 anche andarmi a genio. Afferro l&#8217;altra ciabatta, poso lo sguardo sul corpo inerme della bestiola.<\/p>\n<p>Sono Nerone al Colosseo, pollice in su per la vita, pollice in gi\u00f9 per condannare a morte. Sono padrone del tuo destino mia piccola amica. Certo che c&#8217;\u00e8 dell&#8217;ironia, passi qualche settimana a scorrazzare libero nei fluidi come un girino fuori classe, per poi completare il tuo ciclo vitale spiaccicato su una porta grigio ospedale da una ciabatta di plastica.<\/p>\n<p>Ho deciso, oggi daremo una svolta all&#8217;umorismo inglese dell&#8217;esistenza.<br \/>\nRibalteremo le carte in tavola e lasceremo che il fato ci mostri cosa ha in serbo per noi. Pollice in su, vivi mia saltellante amichetta. Appoggio dolcemente la calzatura al sederino dell&#8217;anfibio che, quasi di malavoglia (pensa te, l&#8217;ho pure graziata) compie un balzello in avanti. La guardo e penso &#8220;fanne un altro va&#8230;&#8221;. Stessa scena e opl\u00e0, balzello.<\/p>\n<p>Espletati i miei doveri fisiologici richiudo la porta. Per\u00f2, certo che una rana come animaletto domestico non sarebbe male, potrei accomodarle un posticino sulla libreria. Ma dovrei nutrirla. Che cosa mangiano le rane? &#8220;L&#8217;alimentazione \u00e8 basata sul consumo di insetti, vermi, grilli, mosche, moscerini, larve&#8221;&#8230; Potrei aver trovato un potente alleato contro le zanzare e, dunque, anche contro l&#8217;insonnia e la malaria. Ovviamente ho gi\u00e0 una zanzariera, ma vuoi mettere la fatica e la noia di doverla installare, contro la gioia di crescere ed addestrare una rana killer professionista al mio servizio?<\/p>\n<p>Controllo di aver chiuso bene la porta del bagno, voglio che rimanga qui ancora per un po&#8217;, spero di ritrovarla, vorrei portarle qualche dono amicale (un paio di mosche o magari una blatta).<\/p>\n<p>Mi sveglio alle sei con tutte le buone intenzioni di ripresentarmi alla casa delle ragazze per ripetere le fotografie. Spiego a <strong>Clarisse<\/strong> che sarebbe bello provare a catturare la loro entrata a scuola, con zaino e divisa. Non se ne parla. Non ho considerato quanto potrebbe essere imbarazzante farsi accompagnare da un bianco a scuola per un servizio fotografico. Non ha mica tutti i torti, anzi.<\/p>\n<p>Le chiedo un consiglio, dice che devo decidere da me. Grazie, odio ogni tipo di responsabilit\u00e0, ma molto gentile, davvero! Decido quindi che \u00e8 meglio parlarne con <strong>suor Nicole.<\/strong> Spero che ponderi al posto mio ancora una volta.<br \/>\nIntanto assisto ad una scena bizzarra, Clarisse prima di salutare le ragazze, esige che ognuna di loro faccia bella mostra della Bic. Per quale motivo?<\/p>\n<p>E&#8217; facile, mi spiega infatti che, le signorinelle, con la scusa di essersi &#8220;dimenticate&#8221; la penna a casa tornano da scuola senza manco mezzo appunto.<br \/>\nNon succede sempre, ma prevenire \u00e8 meglio che curare. In quel momento ho dipinto sul volto della responsabile (Clarisse) un magnifico disappunto. Sono infatti entusiasta, la trovo una buona mossa.<\/p>\n<p>Ricordo ancora con nostalgia quei meravigliosi 16 anni in cui, con pi\u00f9 sogni di quanti capelli avessi in testa (chi mi conosce sa che non erano pochi), dimenticavo a casa l&#8217;astuccio, il diario, lo sbianchetto, i libri di testo. Ah che grandiose forme di sovversione sanno esercitare gli adolescenti. Pacifici e sorridenti si fanno beffe di tutti i regolamenti senza battere ciglio, con una spontaneit\u00e0 da far invidia ai boccioli freschi in primavera.<\/p>\n<p>Ribellioni non violente di ogni tipo. La sigaretta sulle scale antincendio prima dell&#8217;estenuante 6* ora, appoggiati di spalle con la suola della scarpa al muro per lasciare il segno del proprio passaggio esattamente sotto il divieto di fumo. Le chiavi dell&#8217;ascensore clonate ai bidelli per recuperare qualche secondo in caso di ritardo o per evitare di fare troppe rampe al rientro dall&#8217;intervallo, i bigini nella tasca dei jeans da consultare nascosti come dei rifugiati di guerra nei bagni. Le versioni di latino inviate su tutti i cellulari e potrei andare avanti per ore.<\/p>\n<p>Poi il suono liberatorio della campanella, come alle corse dei cani quando si aprono i cancelli, gi\u00f9 alla maniera dei levrieri affamati violando ogni divieto di corsa per i corridoi.<br \/>\nC&#8217;era gente (io ero uno di quelli) che, se avesse potuto, si sarebbe infilato la pettorina da maratoneta 5 minuti prima del magico &#8220;DRIIIN&#8221;, magari facendo un po&#8217; di stretching.<\/p>\n<p>Rapito da questa carrellata di pubert\u00e0 e amori non corrisposti, mentre vago nei meandri della mia giovent\u00f9 Clarisse mi invita ad entrare. Deve cucire un vestito. Mi metto a fissarla mentre fa ondeggiare il pedale della macchina da cucire. Le spiego che ho intenzione di fissarla e metterle ansia fin quando non avr\u00f2 capito bene come funge l&#8217;antifona.<\/p>\n<p>Si interrompe e, sia per quieto vivere che per la propria serenit\u00e0, decide di illustrarmi i vari meccanismi dell&#8217;antiquato marchingegno rigorosamente made in China. La risposta alla domanda successiva \u00e8 No. Non mi insegner\u00e0 a cucire. Le spiego che so gi\u00e0 rammendare i calzini. Non sente ragioni, non \u00e8 cosa.<\/p>\n<p>Peccato, \u00e8 lei che ci perde. Sarei stato un grande dell&#8217;alta moda, me lo sento. D&#8217;altro canto, non penso che il mondo abbia bisogno di ulteriori suggerimenti in fatto di cattivo gusto, perci\u00f2 desisto.<br \/>\nDa qui in poi si apre una conversazione filosofica di cui riporter\u00f2 solo pochi spunti. A voi la palla con tutte le responsabilit\u00e0 connesse.<\/p>\n<p>Raccolgo da terra un temperino rotto. Clarisse mi chiede di che si tratta. <em>&#8220;Era un temperino&#8221;<\/em>, rispondo. <em>&#8220;Perch\u00e8 usi il passato?&#8221;<\/em> incalza <em>&#8220;ora che \u00e8 rotto non lo \u00e8 pi\u00f9?&#8221;<\/em>. Rifletto sperando di trovare una risposta degna della domanda guardando il pavimento. In terra non c&#8217;\u00e8 scritto niente. Purtroppo mi tocca usare il cervello.<br \/>\nClarisse continua <em>&#8220;a cosa serviva?<\/em> <em>Ora che \u00e8 rotto invece a cosa serve?<\/em> <em>Se ti tagliassero un braccio smetteresti di essere un essere umano?&#8221;<\/em><\/p>\n<p>Urca, io mica ci volevo finire in questo casino, cos&#8217;\u00e8 che ho sbagliato? La mamma me lo ha ripetuto dal terzo giorno in cui son nato in avanti <em>&#8220;non raccogliere le cose da terra!&#8221;<\/em> perch\u00e9 diamine non ascolto mai?!<br \/>\nMa a cosa serve un temperino? Adesso che \u00e8 rotto poi? EUREKA. Replico: <em>&#8220;un temperino normalmente serve ad appuntire una matita o un pastello, questo, che \u00e8 rotto, <\/em><em>pu\u00f2 affilare molte pi\u00f9 cose, forse \u00e8 ancora pi\u00f9 utile di prima, d&#8217;altra parte un uomo, anche senza un braccio, continua ad essere ci\u00f2 che \u00e8 finch\u00e9 la sua mente <\/em><em>lo sostiene. Lo scopo di questo temperino \u00e8 cambiato. Di questo sono certo, credo nel cambiamento. Sia delle cose che delle persone.<\/em><br \/>\n<em>Tutti noi evolviamo, talvolta anche in meglio. Hai ragione, questo non era, bens\u00ec \u00e8 ancora un temperino!&#8221;<\/em><\/p>\n<p>Diciamo che, per una semplice questione di genere, la mia interlocutrice non si aspettava una risposta sensata.<br \/>\nDel resto si sa, noi uomini non sempre diamo sfoggio di chiss\u00e0 quale acume. La storia parla al posto nostro. Il 99% dei leader politici sono stati maschi negli ultimi secoli ed il risultato non mi pare soddisfacente. Penso di aver parato bene il colpo. Voi che ne dite?<\/p>\n<p>La giornata, dopo queste autentiche meditazioni binarie, scorre serena. Pi\u00f9 o meno. <strong>Soumaya<\/strong> \u00e8 in vena di canti e di balli. Va in cucina afferra la scatola di fiammiferi e, per la mia serenit\u00e0 mentale e miocardica, ne impugna uno continuando insistentemente a sfregarne la capocchia sul ruvido della confezione. All&#8217;improvviso quello si accende e la piccola si scotta. Niente di grave.<\/p>\n<p>La bombola accanto a lei non \u00e8 esplosa. Susu \u00e8 una tipa svelta, non piange per lo spavento, comprende di essersi un po&#8217; bruciacchiata, tutta colpa dei fiammiferi. Dopo aver fissato il contenitore con un piglio parecchio contrariato<br \/>\ncarica un lancio degno Babe Route e la scaglia fuori dalla porta della cucina. Tremenda vendetta!<\/p>\n<p>Lezione di francese, <strong>Joseph<\/strong> (per gli amici Jojo) si \u00e8 presentato puntuale anche oggi. Gli avevo consegnato il mio quaderno senza capirne bene la ragione, sono superficiale, mi limito ad assecondare le richieste senza indagare troppo, anche per pigrizia. Scopro cos\u00ec che il mio maestro a casa ha ricopiato a penna degli esercizi con l&#8217;intento di farmeli eseguire nella lezione odierna. Altro che fotocopiatrice. Il minimo che possa fare per tributare l&#8217;usura del suo polso \u00e8 impegnarmi al massimo.<\/p>\n<p>In tutto ci\u00f2 ancora non ho idea di dove sia la mia amata ranocchietta, dopo l&#8217;ennesima vana perlustrazione del bagno mi tocca usare l&#8217;ingegno.<\/p>\n<p>Lascer\u00f2 la porta socchiusa e attender\u00f2 con la torcia nel silenzio della notte, la tentazione di fare capolino per usmare un po&#8217; di libert\u00e0 non tarder\u00e0 ad arrivare. Sar\u00e0 allora che tenter\u00f2 di catturarla, qualcuno sa mica come si acchiappa una rana???<\/p>","protected":false},"excerpt":{"rendered":"<p>Sta notte mi sono alzato per fare quello che nei film italiani trash anni &#8217;80 \u00e8 stato anche definito: &#8221; il cambio dell&#8217;olio&#8221;. Rido cercando di ricordare se ho veramente gi\u00e0 sentito recitare questa battuta a Jerry Cal\u00e0, Boldi o qualcun altro degli Yuppies. Apro la porta del bagno con una pedata mentre poggio la [&hellip;]<\/p>\n","protected":false},"author":1,"featured_media":4826,"comment_status":"closed","ping_status":"closed","sticky":false,"template":"","format":"standard","meta":{"_jetpack_memberships_contains_paid_content":false,"footnotes":""},"categories":[62],"tags":[68,67,65,66],"class_list":["post-3666","post","type-post","status-publish","format-standard","has-post-thumbnail","hentry","category-travaler","tag-camerun","tag-fondazione-cumse","tag-scu","tag-servizio-civile-universale"],"yoast_head":"<!-- This site is optimized with the Yoast SEO plugin v27.3 - https:\/\/yoast.com\/product\/yoast-seo-wordpress\/ -->\n<title>8 gennaio - Possibili alleanze - Fondazione Cumse ETS<\/title>\n<meta name=\"description\" content=\"SCU - Valeryo Falcone, civilista di Fondazione Cumse, racconta la sua esperienza in modo leggero e divertente. SEGUITE LA SUA STORIA!\" \/>\n<meta name=\"robots\" content=\"index, follow, max-snippet:-1, max-image-preview:large, max-video-preview:-1\" \/>\n<link rel=\"canonical\" href=\"https:\/\/cumse.org\/fr\/possibili-alleanze-scu-in-camerun\/\" \/>\n<meta property=\"og:locale\" content=\"fr_FR\" \/>\n<meta property=\"og:type\" content=\"article\" \/>\n<meta property=\"og:title\" content=\"8 gennaio - Possibili alleanze - Fondazione Cumse ETS\" \/>\n<meta property=\"og:description\" content=\"SCU - Valeryo Falcone, civilista di Fondazione Cumse, racconta la sua esperienza in modo leggero e divertente. SEGUITE LA SUA STORIA!\" \/>\n<meta property=\"og:url\" content=\"https:\/\/cumse.org\/fr\/possibili-alleanze-scu-in-camerun\/\" \/>\n<meta property=\"og:site_name\" content=\"Fondazione Cumse ETS\" \/>\n<meta property=\"article:published_time\" content=\"2021-01-08T13:38:08+00:00\" \/>\n<meta property=\"article:modified_time\" content=\"2021-03-09T13:35:48+00:00\" \/>\n<meta property=\"og:image\" content=\"https:\/\/cumse.org\/wp-content\/uploads\/2021\/02\/ranetta.jpg\" \/>\n\t<meta property=\"og:image:width\" content=\"1024\" \/>\n\t<meta property=\"og:image:height\" content=\"554\" \/>\n\t<meta property=\"og:image:type\" content=\"image\/jpeg\" \/>\n<meta name=\"author\" content=\"admin\" \/>\n<meta name=\"twitter:card\" content=\"summary_large_image\" \/>\n<meta name=\"twitter:label1\" content=\"\u00c9crit par\" \/>\n\t<meta name=\"twitter:data1\" content=\"admin\" \/>\n\t<meta name=\"twitter:label2\" content=\"Dur\u00e9e de lecture estim\u00e9e\" \/>\n\t<meta name=\"twitter:data2\" content=\"8 minutes\" \/>\n<script type=\"application\/ld+json\" class=\"yoast-schema-graph\">{\"@context\":\"https:\\\/\\\/schema.org\",\"@graph\":[{\"@type\":\"Article\",\"@id\":\"https:\\\/\\\/cumse.org\\\/possibili-alleanze-scu-in-camerun\\\/#article\",\"isPartOf\":{\"@id\":\"https:\\\/\\\/cumse.org\\\/possibili-alleanze-scu-in-camerun\\\/\"},\"author\":{\"name\":\"admin\",\"@id\":\"https:\\\/\\\/cumse.org\\\/#\\\/schema\\\/person\\\/d8802c7f9d251c013018b375be80cb06\"},\"headline\":\"8 gennaio &#8211; Possibili alleanze\",\"datePublished\":\"2021-01-08T13:38:08+00:00\",\"dateModified\":\"2021-03-09T13:35:48+00:00\",\"mainEntityOfPage\":{\"@id\":\"https:\\\/\\\/cumse.org\\\/possibili-alleanze-scu-in-camerun\\\/\"},\"wordCount\":1610,\"image\":{\"@id\":\"https:\\\/\\\/cumse.org\\\/possibili-alleanze-scu-in-camerun\\\/#primaryimage\"},\"thumbnailUrl\":\"https:\\\/\\\/i0.wp.com\\\/cumse.org\\\/wp-content\\\/uploads\\\/2021\\\/02\\\/ranetta.jpg?fit=1024%2C554&ssl=1\",\"keywords\":[\"Camerun\",\"Fondazione Cumse\",\"SCU\",\"Servizio Civile Universale\"],\"articleSection\":[\"TrAvaler\"],\"inLanguage\":\"fr-FR\"},{\"@type\":\"WebPage\",\"@id\":\"https:\\\/\\\/cumse.org\\\/possibili-alleanze-scu-in-camerun\\\/\",\"url\":\"https:\\\/\\\/cumse.org\\\/possibili-alleanze-scu-in-camerun\\\/\",\"name\":\"8 gennaio - Possibili alleanze - Fondazione Cumse ETS\",\"isPartOf\":{\"@id\":\"https:\\\/\\\/cumse.org\\\/#website\"},\"primaryImageOfPage\":{\"@id\":\"https:\\\/\\\/cumse.org\\\/possibili-alleanze-scu-in-camerun\\\/#primaryimage\"},\"image\":{\"@id\":\"https:\\\/\\\/cumse.org\\\/possibili-alleanze-scu-in-camerun\\\/#primaryimage\"},\"thumbnailUrl\":\"https:\\\/\\\/i0.wp.com\\\/cumse.org\\\/wp-content\\\/uploads\\\/2021\\\/02\\\/ranetta.jpg?fit=1024%2C554&ssl=1\",\"datePublished\":\"2021-01-08T13:38:08+00:00\",\"dateModified\":\"2021-03-09T13:35:48+00:00\",\"author\":{\"@id\":\"https:\\\/\\\/cumse.org\\\/#\\\/schema\\\/person\\\/d8802c7f9d251c013018b375be80cb06\"},\"description\":\"SCU - Valeryo Falcone, civilista di Fondazione Cumse, racconta la sua esperienza in modo leggero e divertente. SEGUITE LA SUA STORIA!\",\"breadcrumb\":{\"@id\":\"https:\\\/\\\/cumse.org\\\/possibili-alleanze-scu-in-camerun\\\/#breadcrumb\"},\"inLanguage\":\"fr-FR\",\"potentialAction\":[{\"@type\":\"ReadAction\",\"target\":[\"https:\\\/\\\/cumse.org\\\/possibili-alleanze-scu-in-camerun\\\/\"]}]},{\"@type\":\"ImageObject\",\"inLanguage\":\"fr-FR\",\"@id\":\"https:\\\/\\\/cumse.org\\\/possibili-alleanze-scu-in-camerun\\\/#primaryimage\",\"url\":\"https:\\\/\\\/i0.wp.com\\\/cumse.org\\\/wp-content\\\/uploads\\\/2021\\\/02\\\/ranetta.jpg?fit=1024%2C554&ssl=1\",\"contentUrl\":\"https:\\\/\\\/i0.wp.com\\\/cumse.org\\\/wp-content\\\/uploads\\\/2021\\\/02\\\/ranetta.jpg?fit=1024%2C554&ssl=1\",\"width\":1024,\"height\":554},{\"@type\":\"BreadcrumbList\",\"@id\":\"https:\\\/\\\/cumse.org\\\/possibili-alleanze-scu-in-camerun\\\/#breadcrumb\",\"itemListElement\":[{\"@type\":\"ListItem\",\"position\":1,\"name\":\"Home\",\"item\":\"https:\\\/\\\/cumse.org\\\/\"},{\"@type\":\"ListItem\",\"position\":2,\"name\":\"8 gennaio &#8211; Possibili alleanze\"}]},{\"@type\":\"WebSite\",\"@id\":\"https:\\\/\\\/cumse.org\\\/#website\",\"url\":\"https:\\\/\\\/cumse.org\\\/\",\"name\":\"Fondazione Cumse ETS\",\"description\":\"Siamo dove gli altri distolgono lo sguardo\",\"potentialAction\":[{\"@type\":\"SearchAction\",\"target\":{\"@type\":\"EntryPoint\",\"urlTemplate\":\"https:\\\/\\\/cumse.org\\\/?s={search_term_string}\"},\"query-input\":{\"@type\":\"PropertyValueSpecification\",\"valueRequired\":true,\"valueName\":\"search_term_string\"}}],\"inLanguage\":\"fr-FR\"},{\"@type\":\"Person\",\"@id\":\"https:\\\/\\\/cumse.org\\\/#\\\/schema\\\/person\\\/d8802c7f9d251c013018b375be80cb06\",\"name\":\"admin\",\"image\":{\"@type\":\"ImageObject\",\"inLanguage\":\"fr-FR\",\"@id\":\"https:\\\/\\\/secure.gravatar.com\\\/avatar\\\/7fcee464d094e0b490b50408a0c7356276eedd5a17796d503ee821451b764c37?s=96&d=mm&r=g\",\"url\":\"https:\\\/\\\/secure.gravatar.com\\\/avatar\\\/7fcee464d094e0b490b50408a0c7356276eedd5a17796d503ee821451b764c37?s=96&d=mm&r=g\",\"contentUrl\":\"https:\\\/\\\/secure.gravatar.com\\\/avatar\\\/7fcee464d094e0b490b50408a0c7356276eedd5a17796d503ee821451b764c37?s=96&d=mm&r=g\",\"caption\":\"admin\"}}]}<\/script>\n<!-- \/ Yoast SEO plugin. -->","yoast_head_json":{"title":"8 gennaio - Possibili alleanze - Fondazione Cumse ETS","description":"SCU - Valeryo Falcone, civilista di Fondazione Cumse, racconta la sua esperienza in modo leggero e divertente. SEGUITE LA SUA STORIA!","robots":{"index":"index","follow":"follow","max-snippet":"max-snippet:-1","max-image-preview":"max-image-preview:large","max-video-preview":"max-video-preview:-1"},"canonical":"https:\/\/cumse.org\/fr\/possibili-alleanze-scu-in-camerun\/","og_locale":"fr_FR","og_type":"article","og_title":"8 gennaio - Possibili alleanze - Fondazione Cumse ETS","og_description":"SCU - Valeryo Falcone, civilista di Fondazione Cumse, racconta la sua esperienza in modo leggero e divertente. SEGUITE LA SUA STORIA!","og_url":"https:\/\/cumse.org\/fr\/possibili-alleanze-scu-in-camerun\/","og_site_name":"Fondazione Cumse ETS","article_published_time":"2021-01-08T13:38:08+00:00","article_modified_time":"2021-03-09T13:35:48+00:00","og_image":[{"width":1024,"height":554,"url":"https:\/\/cumse.org\/wp-content\/uploads\/2021\/02\/ranetta.jpg","type":"image\/jpeg"}],"author":"admin","twitter_card":"summary_large_image","twitter_misc":{"\u00c9crit par":"admin","Dur\u00e9e de lecture estim\u00e9e":"8 minutes"},"schema":{"@context":"https:\/\/schema.org","@graph":[{"@type":"Article","@id":"https:\/\/cumse.org\/possibili-alleanze-scu-in-camerun\/#article","isPartOf":{"@id":"https:\/\/cumse.org\/possibili-alleanze-scu-in-camerun\/"},"author":{"name":"admin","@id":"https:\/\/cumse.org\/#\/schema\/person\/d8802c7f9d251c013018b375be80cb06"},"headline":"8 gennaio &#8211; Possibili alleanze","datePublished":"2021-01-08T13:38:08+00:00","dateModified":"2021-03-09T13:35:48+00:00","mainEntityOfPage":{"@id":"https:\/\/cumse.org\/possibili-alleanze-scu-in-camerun\/"},"wordCount":1610,"image":{"@id":"https:\/\/cumse.org\/possibili-alleanze-scu-in-camerun\/#primaryimage"},"thumbnailUrl":"https:\/\/i0.wp.com\/cumse.org\/wp-content\/uploads\/2021\/02\/ranetta.jpg?fit=1024%2C554&ssl=1","keywords":["Camerun","Fondazione Cumse","SCU","Servizio Civile Universale"],"articleSection":["TrAvaler"],"inLanguage":"fr-FR"},{"@type":"WebPage","@id":"https:\/\/cumse.org\/possibili-alleanze-scu-in-camerun\/","url":"https:\/\/cumse.org\/possibili-alleanze-scu-in-camerun\/","name":"8 gennaio - Possibili alleanze - Fondazione Cumse ETS","isPartOf":{"@id":"https:\/\/cumse.org\/#website"},"primaryImageOfPage":{"@id":"https:\/\/cumse.org\/possibili-alleanze-scu-in-camerun\/#primaryimage"},"image":{"@id":"https:\/\/cumse.org\/possibili-alleanze-scu-in-camerun\/#primaryimage"},"thumbnailUrl":"https:\/\/i0.wp.com\/cumse.org\/wp-content\/uploads\/2021\/02\/ranetta.jpg?fit=1024%2C554&ssl=1","datePublished":"2021-01-08T13:38:08+00:00","dateModified":"2021-03-09T13:35:48+00:00","author":{"@id":"https:\/\/cumse.org\/#\/schema\/person\/d8802c7f9d251c013018b375be80cb06"},"description":"SCU - Valeryo Falcone, civilista di Fondazione Cumse, racconta la sua esperienza in modo leggero e divertente. SEGUITE LA SUA STORIA!","breadcrumb":{"@id":"https:\/\/cumse.org\/possibili-alleanze-scu-in-camerun\/#breadcrumb"},"inLanguage":"fr-FR","potentialAction":[{"@type":"ReadAction","target":["https:\/\/cumse.org\/possibili-alleanze-scu-in-camerun\/"]}]},{"@type":"ImageObject","inLanguage":"fr-FR","@id":"https:\/\/cumse.org\/possibili-alleanze-scu-in-camerun\/#primaryimage","url":"https:\/\/i0.wp.com\/cumse.org\/wp-content\/uploads\/2021\/02\/ranetta.jpg?fit=1024%2C554&ssl=1","contentUrl":"https:\/\/i0.wp.com\/cumse.org\/wp-content\/uploads\/2021\/02\/ranetta.jpg?fit=1024%2C554&ssl=1","width":1024,"height":554},{"@type":"BreadcrumbList","@id":"https:\/\/cumse.org\/possibili-alleanze-scu-in-camerun\/#breadcrumb","itemListElement":[{"@type":"ListItem","position":1,"name":"Home","item":"https:\/\/cumse.org\/"},{"@type":"ListItem","position":2,"name":"8 gennaio &#8211; Possibili alleanze"}]},{"@type":"WebSite","@id":"https:\/\/cumse.org\/#website","url":"https:\/\/cumse.org\/","name":"Fondazione Cumse ETS","description":"Siamo dove gli altri distolgono lo sguardo","potentialAction":[{"@type":"SearchAction","target":{"@type":"EntryPoint","urlTemplate":"https:\/\/cumse.org\/?s={search_term_string}"},"query-input":{"@type":"PropertyValueSpecification","valueRequired":true,"valueName":"search_term_string"}}],"inLanguage":"fr-FR"},{"@type":"Person","@id":"https:\/\/cumse.org\/#\/schema\/person\/d8802c7f9d251c013018b375be80cb06","name":"admin","image":{"@type":"ImageObject","inLanguage":"fr-FR","@id":"https:\/\/secure.gravatar.com\/avatar\/7fcee464d094e0b490b50408a0c7356276eedd5a17796d503ee821451b764c37?s=96&d=mm&r=g","url":"https:\/\/secure.gravatar.com\/avatar\/7fcee464d094e0b490b50408a0c7356276eedd5a17796d503ee821451b764c37?s=96&d=mm&r=g","contentUrl":"https:\/\/secure.gravatar.com\/avatar\/7fcee464d094e0b490b50408a0c7356276eedd5a17796d503ee821451b764c37?s=96&d=mm&r=g","caption":"admin"}}]}},"jetpack_featured_media_url":"https:\/\/i0.wp.com\/cumse.org\/wp-content\/uploads\/2021\/02\/ranetta.jpg?fit=1024%2C554&ssl=1","jetpack_sharing_enabled":true,"_links":{"self":[{"href":"https:\/\/cumse.org\/fr\/wp-json\/wp\/v2\/posts\/3666","targetHints":{"allow":["GET"]}}],"collection":[{"href":"https:\/\/cumse.org\/fr\/wp-json\/wp\/v2\/posts"}],"about":[{"href":"https:\/\/cumse.org\/fr\/wp-json\/wp\/v2\/types\/post"}],"author":[{"embeddable":true,"href":"https:\/\/cumse.org\/fr\/wp-json\/wp\/v2\/users\/1"}],"replies":[{"embeddable":true,"href":"https:\/\/cumse.org\/fr\/wp-json\/wp\/v2\/comments?post=3666"}],"version-history":[{"count":0,"href":"https:\/\/cumse.org\/fr\/wp-json\/wp\/v2\/posts\/3666\/revisions"}],"wp:featuredmedia":[{"embeddable":true,"href":"https:\/\/cumse.org\/fr\/wp-json\/wp\/v2\/media\/4826"}],"wp:attachment":[{"href":"https:\/\/cumse.org\/fr\/wp-json\/wp\/v2\/media?parent=3666"}],"wp:term":[{"taxonomy":"category","embeddable":true,"href":"https:\/\/cumse.org\/fr\/wp-json\/wp\/v2\/categories?post=3666"},{"taxonomy":"post_tag","embeddable":true,"href":"https:\/\/cumse.org\/fr\/wp-json\/wp\/v2\/tags?post=3666"}],"curies":[{"name":"wp","href":"https:\/\/api.w.org\/{rel}","templated":true}]}}