{"id":3660,"date":"2021-01-07T14:20:09","date_gmt":"2021-01-07T13:20:09","guid":{"rendered":"https:\/\/cumse.org\/?p=3660"},"modified":"2021-03-09T14:09:29","modified_gmt":"2021-03-09T13:09:29","slug":"setole-preziose-scu-in-camerun","status":"publish","type":"post","link":"https:\/\/cumse.org\/fr\/setole-preziose-scu-in-camerun\/","title":{"rendered":"7 gennaio &#8211; Setole preziose"},"content":{"rendered":"<p>&nbsp;<\/p>\n<p>Sveglia alle 6. Devo essere a casa delle ragazze entro 45 minuti per il servizio fotografico. Oggi il mio compito \u00e8 farle apparire al meglio della loro forma, di modo da avere una presentazione ben documentata e aggiornata di tutti i loro profili. Questo ci aiuter\u00e0 molto per il progetto di sostegno allo studio che vorremmo stilare.<\/p>\n<p>Ho bisogno di energia e cos\u00ec mi scaldo il riso di Godyene con la carne al pistacchio avanzata da ieri.<br \/>\nColazione da CAMPIONI! Giunto alla magione trovo le giovani studentesse intente a spartirsi degli spaghetti aglio e olio.<br \/>\nQualcuna prepara la schiscetta, qualcun&#8217;altra attacca a mangiare direttamente. Suppongo si intuisca che sono un grande estimatore di due cose: punto primo la colazione continentale, punto secondo le persone con un robusto appetito (perch\u00e8 mi somigliano).<br \/>\nLancio dei fieri sguardi di approvazione alla tavolata, tutto il mio rispetto! Eseguito il mio dovere, ancora troppo rimbambito dal sonno, scopro di non aver fatto le cose per bene, quando mai.<\/p>\n<p>Vana fu la levataccia. <strong>Suor Nicole<\/strong> crede sia meglio fotografarle davanti all&#8217;ingresso della scuola. Vorr\u00e0 dire che mi sacrificher\u00f2 di nuovo, se proprio devo. \u00a0Dopotutto scattare foto a queste bellezze d&#8217;ebano non \u00e8 poi una mansione troppo gravosa per me.<br \/>\nMi presento in ufficio da Nicole e insieme ci dirigiamo da <strong>padre Adolf<\/strong> per discutere del progetto di costruzione della scuola superiore. Sarebbe molto bello creare un unico comprensorio scolastico a <strong>Marza<\/strong> evitando che i giovani si facciano 5 o 10 chilometri a piedi per adempiere al loro dovere di studenti. Trattasi di un sogno a lungo periodo, al momento mancano le classi per gli studenti, questione di priorit\u00e0.<\/p>\n<p><img data-recalc-dims=\"1\" loading=\"lazy\" decoding=\"async\" class=\"alignnone size-medium wp-image-4159\" src=\"https:\/\/i0.wp.com\/cumse.org\/wp-content\/uploads\/2021\/01\/WhatsApp-Image-2021-01-07-at-21.36.22.jpeg?resize=225%2C300&#038;ssl=1\" alt=\"\" width=\"225\" height=\"300\" srcset=\"https:\/\/i0.wp.com\/cumse.org\/wp-content\/uploads\/2021\/01\/WhatsApp-Image-2021-01-07-at-21.36.22.jpeg?resize=225%2C300&amp;ssl=1 225w, https:\/\/i0.wp.com\/cumse.org\/wp-content\/uploads\/2021\/01\/WhatsApp-Image-2021-01-07-at-21.36.22.jpeg?resize=200%2C267&amp;ssl=1 200w, https:\/\/i0.wp.com\/cumse.org\/wp-content\/uploads\/2021\/01\/WhatsApp-Image-2021-01-07-at-21.36.22.jpeg?w=768&amp;ssl=1 768w\" sizes=\"auto, (max-width: 225px) 100vw, 225px\" \/> <img data-recalc-dims=\"1\" loading=\"lazy\" decoding=\"async\" class=\"alignnone size-medium wp-image-4160\" src=\"https:\/\/i0.wp.com\/cumse.org\/wp-content\/uploads\/2021\/01\/WhatsApp-Image-2021-01-07-at-21.36.01.jpeg?resize=225%2C300&#038;ssl=1\" alt=\"\" width=\"225\" height=\"300\" srcset=\"https:\/\/i0.wp.com\/cumse.org\/wp-content\/uploads\/2021\/01\/WhatsApp-Image-2021-01-07-at-21.36.01.jpeg?resize=225%2C300&amp;ssl=1 225w, https:\/\/i0.wp.com\/cumse.org\/wp-content\/uploads\/2021\/01\/WhatsApp-Image-2021-01-07-at-21.36.01.jpeg?resize=800%2C1067&amp;ssl=1 800w, https:\/\/i0.wp.com\/cumse.org\/wp-content\/uploads\/2021\/01\/WhatsApp-Image-2021-01-07-at-21.36.01.jpeg?resize=768%2C1024&amp;ssl=1 768w, https:\/\/i0.wp.com\/cumse.org\/wp-content\/uploads\/2021\/01\/WhatsApp-Image-2021-01-07-at-21.36.01.jpeg?resize=1152%2C1536&amp;ssl=1 1152w, https:\/\/i0.wp.com\/cumse.org\/wp-content\/uploads\/2021\/01\/WhatsApp-Image-2021-01-07-at-21.36.01.jpeg?w=1200&amp;ssl=1 1200w\" sizes=\"auto, (max-width: 225px) 100vw, 225px\" \/> <img data-recalc-dims=\"1\" loading=\"lazy\" decoding=\"async\" class=\"alignnone size-medium wp-image-4161\" src=\"https:\/\/i0.wp.com\/cumse.org\/wp-content\/uploads\/2021\/01\/WhatsApp-Image-2021-01-07-at-21.36.01-1.jpeg?resize=225%2C300&#038;ssl=1\" alt=\"\" width=\"225\" height=\"300\" srcset=\"https:\/\/i0.wp.com\/cumse.org\/wp-content\/uploads\/2021\/01\/WhatsApp-Image-2021-01-07-at-21.36.01-1.jpeg?resize=225%2C300&amp;ssl=1 225w, https:\/\/i0.wp.com\/cumse.org\/wp-content\/uploads\/2021\/01\/WhatsApp-Image-2021-01-07-at-21.36.01-1.jpeg?resize=800%2C1067&amp;ssl=1 800w, https:\/\/i0.wp.com\/cumse.org\/wp-content\/uploads\/2021\/01\/WhatsApp-Image-2021-01-07-at-21.36.01-1.jpeg?resize=768%2C1024&amp;ssl=1 768w, https:\/\/i0.wp.com\/cumse.org\/wp-content\/uploads\/2021\/01\/WhatsApp-Image-2021-01-07-at-21.36.01-1.jpeg?resize=1152%2C1536&amp;ssl=1 1152w, https:\/\/i0.wp.com\/cumse.org\/wp-content\/uploads\/2021\/01\/WhatsApp-Image-2021-01-07-at-21.36.01-1.jpeg?w=1200&amp;ssl=1 1200w\" sizes=\"auto, (max-width: 225px) 100vw, 225px\" \/><\/p>\n<p>Non faccio in tempo a salutare padre Adolf che incontro Clarisse in marcia nella mia direzione. Scopro allora che suor Nicole ha perso le chiavi dell&#8217;ufficio, serve aiuto per cercarle. Mi offro volontario e spendo un paio d&#8217;ore con lei. Il mio scarso francese la esaspera ma riesco almeno a comunicare.<\/p>\n<p>Nel giardino della scuola non v&#8217;\u00e8 ombra di ferraglia. Rientriamo e, con mio felice stupore, una sorpresa ci attende alla fine della strada. <em>&#8220;Guarda Clarisse, un serpente! Che bello! Spaccano i serpenti, son potentissimi!&#8221;<\/em><\/p>\n<p>Ovviamente anche io ne ho timore quanto basta per non morire, per\u00f2 il serpente, come molti animali pericolosi, ha sempre avuto un certo fascino, un ascendente ipnotico.<br \/>\nLa sua presenza evoca sacrali simbologie, ma anche figure retoriche come &#8220;la serpe in seno&#8221; o\u00a0 tutti i film di Indiana Jones.<br \/>\nE&#8217; lui che porta l&#8217;avventura e sottolinea strisciando che tu, esploratore da strapazzo, hai varcato la soglia<br \/>\ndelle terre selvagge, ma selvagge per davvero, in cui gli animali a piede libero non sono pi\u00f9 scoiattolini e leprotti, bens\u00ec rettili di ogni forma e dimensione, compreso lui, special guest del &#8220;Libro della Giungla&#8221;.<\/p>\n<p>Sono proprio in Africa e finalmente mi ci sento. <em>&#8220;Clarisse chiss\u00e0 se becchiamo anche qualche leone dai!<\/em><br \/>\n<em>Ti immagini che storia?&#8221;<\/em> Credo che per un attimo la mia compagna di passeggiata sia sbiancata malgrado il suo pigmento fondente. Ha una paura folle, si butta in mezzo alla strada senza guardare n\u00e8 il traffico n\u00e8 il mio nuovo amico verdastro. Mi avvicino, scatto un paio di foto e poi, tornato in modalit\u00e0 codardo, mi preoccupo di non mettere troppo alla prova la pazienza del possente animale. Ognuno per la sua strada.<\/p>\n<p>Una volta rientrato a casa ho addosso una certa euforia. Mi sovviene una promessa fatta a me stesso proprio ieri. Se sono il bravo ragazzo che dico di essere, oggi devo radermi. Apro finalmente la valigia che, per dirla tutta, all&#8217;alba del 7 gennaio non \u00e8 ancora stata svuotata. Intatta da 20 giorni esatti, chiss\u00e0 se esiste un record al riguardo, mi piacerebbe tanto batterlo. Nonostante io mi trovi in Africa, la mia indole viziata e pasciuta non mi consente di rinunciare a certi<br \/>\npiccoli piaceri della vita.<\/p>\n<p>Radermi, per esempio, \u00e8 una di quelle cose che mi rilassa, ha un effetto tonificante, rinvigorente, \u00e8 un momento prezioso. Mi piace sentire le setole di un buon pennello massaggiarmi il grugno con la schiuma. Un po&#8217; come la doccia bollente in inverno, magari con della musica in sottofondo, o il calum\u00e8 della pace, un vero e proprio rituale. S\u00ec perch\u00e8, da nostalgico incallito, io ancora mi ostino ad usare il pennello. Guerra ai clorofluoro-carburi della bomboletta, guerra alla schiuma da barba spray.<\/p>\n<p>Salvietta e pennello secondo l&#8217;uso che fu prima del padre di mio nonno, poi di mio nonno, poi di mio padre e ora mio. A dir il vero mio nonno aveva appesa al muro anche una bellissima striscia di cuoio sulla quale, prima del taglio, affilare, ricordo anche con una certa veemenza, la lama del suo rasoio. Di rasoi lui ne aveva tanti, dai pi\u00f9 classici, quelli che in tutti i film di malavita si usano per sgozzare gli ignari &#8220;nemici della famigghia&#8221;, a quelli un pochino meno datati. La gillette non usa e getta per intenderci, con le lame intercambiabili. Ma finiamola qui con la storia del rasoio nel secondo 900&#8242;, esiste Google nel caso.<\/p>\n<p>Fatto sta che io ho troppa paura di tagliarmi o di sgozzarmi male proprio come uno dei cattivi dei film di Coppola per protrarre nel tempo questa consuetudine. Mi accontento del pennello e di un &#8220;Fusion&#8221; 5 lame che viaggia sulle guance come una Ferrari. Giusto, il pennello&#8230; dunque il pennello l&#8217;avevo messoo&#8230;ma dove lo avevo messo???<\/p>\n<p>No perch\u00e8 mi ricordo di aver quasi rischiato di dimenticarlo a casa, poi ho perso l&#8217;aereo quando non mi \u00e8 arrivato il passaporto, allora ho fatto in tempo a spostare il viaggio e a mettere dentro anche lui. Ma dov&#8217;\u00e8? Possibile che non lo abbia portato? Mi pare troppo strano. Svuoto la valigia, prima uno scomparto, rimetto tutto a posto, poi l&#8217;altro<br \/>\n(non voglio svuotarla davvero, ho un record da infrangere). Non c&#8217;\u00e8. La richiudo, piena. Cerco ovunque, nel beauty, nei sacchetti di plastica, nel borsone, nell&#8217;altra valigia che non \u00e8 neanche mia. Zero.<\/p>\n<p>Eppure ricordo bene di averlo riposto da qualche parte di modo che fosse a portata di mano. Nello zaino forse?<br \/>\nNemmeno. Ridisfo e rifaccio la valigia. Neanche l&#8217;ombra del mio adorato oggetto. Inizio a stare peggio di quando ho dovuto buttare il mio spazzolino di bamb\u00f9.<br \/>\nHo un legame con le setole, dopo l\u2019avvento della calvizie poi, ancora di pi\u00f9. Ricordo allora il consiglio di un amico che mi ha suggerito di utilizzare il sapone in caso fossi rimasto a secco. Si perch\u00e8 l&#8217;ho anche detto agli amici che mi portavo il pennello, come pu\u00f2 non esserci?<br \/>\nE&#8217; passata circa un&#8217;ora da quando ho deciso di radermi. Altro che relax, sono isterico come una biscia, anzi, contestualizzo, come un serpente.<\/p>\n<p>Entro in bagno sconfitto mentre penso che in citt\u00e0 potrei recuperare qualche rimpiazzo senza troppa fatica, non sar\u00e0 mai la stessa cosa per\u00f2.<br \/>\nApro l&#8217;astuccio dello spazzolino, quello che mi porto sempre dietr&#8230; No aspetta, vuoi dire mica che l&#8217;ho messo qua? Ma \u00e8 piccolissimo, stra pieno di roba, non posso averl&#8230; ECCOLO! LA GIOIA.<\/p>\n<p>Un&#8217;ora a cercare in valigia qualcosa che avevo gi\u00e0 tolto. Bene cos\u00ec. Non mi smentisco mai.<br \/>\nE&#8217; solo un piccolo passo verso il successo. La strada \u00e8 ancora lunga, troppo lunga, proprio come la mia barba che, imprudentemente ho lasciato infoltire per un tempo eccessivo. Il mio gene calabro-normannico mi ha donato un pelo ispido come uno zerbino di casa, duro come le spazzoline in acciaio per scrostare le padelle.<br \/>\nIl 5 lame non va bene per un pelo cos\u00ec forte, non quando \u00e8 troppo lungo. La mia alternativa? Una gillette usa e getta a 2 lame.<\/p>\n<p><img data-recalc-dims=\"1\" loading=\"lazy\" decoding=\"async\" class=\"wp-image-4162  alignleft\" src=\"https:\/\/i0.wp.com\/cumse.org\/wp-content\/uploads\/2021\/01\/WhatsApp-Image-2021-01-07-at-22.20.23.jpeg?resize=469%2C306&#038;ssl=1\" alt=\"\" width=\"469\" height=\"306\" srcset=\"https:\/\/i0.wp.com\/cumse.org\/wp-content\/uploads\/2021\/01\/WhatsApp-Image-2021-01-07-at-22.20.23.jpeg?w=1600&amp;ssl=1 1600w, https:\/\/i0.wp.com\/cumse.org\/wp-content\/uploads\/2021\/01\/WhatsApp-Image-2021-01-07-at-22.20.23.jpeg?resize=1200%2C783&amp;ssl=1 1200w, https:\/\/i0.wp.com\/cumse.org\/wp-content\/uploads\/2021\/01\/WhatsApp-Image-2021-01-07-at-22.20.23.jpeg?resize=300%2C196&amp;ssl=1 300w, https:\/\/i0.wp.com\/cumse.org\/wp-content\/uploads\/2021\/01\/WhatsApp-Image-2021-01-07-at-22.20.23.jpeg?resize=1024%2C668&amp;ssl=1 1024w, https:\/\/i0.wp.com\/cumse.org\/wp-content\/uploads\/2021\/01\/WhatsApp-Image-2021-01-07-at-22.20.23.jpeg?resize=768%2C501&amp;ssl=1 768w, https:\/\/i0.wp.com\/cumse.org\/wp-content\/uploads\/2021\/01\/WhatsApp-Image-2021-01-07-at-22.20.23.jpeg?resize=1536%2C1002&amp;ssl=1 1536w, https:\/\/i0.wp.com\/cumse.org\/wp-content\/uploads\/2021\/01\/WhatsApp-Image-2021-01-07-at-22.20.23.jpeg?w=1280&amp;ssl=1 1280w\" sizes=\"auto, (max-width: 469px) 100vw, 469px\" \/><\/p>\n<p>Ammetto di essere stato sorpreso nel constatare quanto bene tagli l&#8217;aggeggino blu. Purtroppo per\u00f2 ogni 30 secondi mi devo fermare per bacchettare sul bordo del lavabo la lametta gi\u00e0 intasata del mio vello ribelle. Nel mentre la schiuma che mi ero sapientemente passato si asciuga e allora gi\u00f9 di pennellate, un po&#8217; di lama, un po&#8217; di pennello. Ancora lama e cos\u00ec via. Un&#8217;ora per radermi. Mai pi\u00f9.<\/p>\n<p>Nuova regola: la barba si fa una volta ogni 3 giorni, basta rotture di balle.<br \/>\nAlla fine del travaglio il mio mento splende roseo sotto a delle gote da putto barocco. Mi ritengo soddisfatto, ho perso si un po&#8217; di tempo, ma anche 5 anni di vecchiaia in un colpo solo.<\/p>\n<p><strong> Joseph<\/strong> \u00e8 puntuale e cos\u00ec fresco di barbiere mi applico in francese.<br \/>\nMi impegno al punto da tardare all&#8217;adorazione, qui ritrovo il mio giovane amico <strong>Nicol\u00e0<\/strong> che aspettava sui gradini per entrare insieme a me.<br \/>\nNon lo vedevo da un po&#8217; e guardandolo mi accorgo che, non fosse per la pelle bianca, sbarbato un po&#8217; gli somiglio.<br \/>\nOra che ci penso \u00e8 da qualche tempo che, con l&#8217;inizio dei primi lavoretti, non vedo parecchia gente.<\/p>\n<p>Decido allora di passare a fare due chiacchere insieme a Polyne, Nadesh e Angela. Ripetizioni di Francese, preghiere in italiano (Polyne \u00e8 una novizia che attende di prendere i voti, ma \u00e8 simpatica, giuro!) e un'&#8221;avemaria&#8221; in latino che Angela (8 anni) ci sfoggia con orgoglio evidenziando la somiglianza di pronuncia con l&#8217;italiano.<br \/>\nMorale mi toccher\u00e0 dar loro qualche lezione della mia lingua madre. Ci tengono e io, personalmente, preferisco che dicano qualcos&#8217;altro oltre alle preghiere, se proprio insistono.<\/p>\n<p>E&#8217; buio, sento un rumore di zanzare minaccioso, il solo pensiero di un&#8217;altra notte insonne mi uccide. Meglio battere in ritirata.<\/p>","protected":false},"excerpt":{"rendered":"<p>&nbsp; Sveglia alle 6. Devo essere a casa delle ragazze entro 45 minuti per il servizio fotografico. Oggi il mio compito \u00e8 farle apparire al meglio della loro forma, di modo da avere una presentazione ben documentata e aggiornata di tutti i loro profili. Questo ci aiuter\u00e0 molto per il progetto di sostegno allo studio [&hellip;]<\/p>\n","protected":false},"author":1,"featured_media":4158,"comment_status":"closed","ping_status":"closed","sticky":false,"template":"","format":"standard","meta":{"_jetpack_memberships_contains_paid_content":false,"footnotes":""},"categories":[62],"tags":[68,67,73,65,66],"class_list":["post-3660","post","type-post","status-publish","format-standard","has-post-thumbnail","hentry","category-travaler","tag-camerun","tag-fondazione-cumse","tag-marza","tag-scu","tag-servizio-civile-universale"],"yoast_head":"<!-- This site is optimized with the Yoast SEO plugin v27.3 - https:\/\/yoast.com\/product\/yoast-seo-wordpress\/ -->\n<title>7 gennaio - Setole preziose - Fondazione Cumse ETS<\/title>\n<meta name=\"description\" content=\"SCU - Valeryo Falcone, civilista di Fondazione Cumse, racconta la sua esperienza in modo leggero e divertente. SEGUITE LA SUA STORIA!\" \/>\n<meta name=\"robots\" content=\"index, follow, max-snippet:-1, max-image-preview:large, max-video-preview:-1\" \/>\n<link rel=\"canonical\" href=\"https:\/\/cumse.org\/fr\/setole-preziose-scu-in-camerun\/\" \/>\n<meta property=\"og:locale\" content=\"fr_FR\" \/>\n<meta property=\"og:type\" content=\"article\" \/>\n<meta property=\"og:title\" content=\"7 gennaio - Setole preziose - Fondazione Cumse ETS\" \/>\n<meta property=\"og:description\" content=\"SCU - Valeryo Falcone, civilista di Fondazione Cumse, racconta la sua esperienza in modo leggero e divertente. SEGUITE LA SUA STORIA!\" \/>\n<meta property=\"og:url\" content=\"https:\/\/cumse.org\/fr\/setole-preziose-scu-in-camerun\/\" \/>\n<meta property=\"og:site_name\" content=\"Fondazione Cumse ETS\" \/>\n<meta property=\"article:published_time\" content=\"2021-01-07T13:20:09+00:00\" \/>\n<meta property=\"article:modified_time\" content=\"2021-03-09T13:09:29+00:00\" \/>\n<meta property=\"og:image\" content=\"https:\/\/cumse.org\/wp-content\/uploads\/2021\/01\/WhatsApp-Image-2021-01-07-at-21.35.57.jpeg\" \/>\n\t<meta property=\"og:image:width\" content=\"1200\" \/>\n\t<meta property=\"og:image:height\" content=\"1600\" \/>\n\t<meta property=\"og:image:type\" content=\"image\/jpeg\" \/>\n<meta name=\"author\" content=\"admin\" \/>\n<meta name=\"twitter:card\" content=\"summary_large_image\" \/>\n<meta name=\"twitter:label1\" content=\"\u00c9crit par\" \/>\n\t<meta name=\"twitter:data1\" content=\"admin\" \/>\n\t<meta name=\"twitter:label2\" content=\"Dur\u00e9e de lecture estim\u00e9e\" \/>\n\t<meta name=\"twitter:data2\" content=\"8 minutes\" \/>\n<script type=\"application\/ld+json\" class=\"yoast-schema-graph\">{\"@context\":\"https:\\\/\\\/schema.org\",\"@graph\":[{\"@type\":\"Article\",\"@id\":\"https:\\\/\\\/cumse.org\\\/setole-preziose-scu-in-camerun\\\/#article\",\"isPartOf\":{\"@id\":\"https:\\\/\\\/cumse.org\\\/setole-preziose-scu-in-camerun\\\/\"},\"author\":{\"name\":\"admin\",\"@id\":\"https:\\\/\\\/cumse.org\\\/#\\\/schema\\\/person\\\/d8802c7f9d251c013018b375be80cb06\"},\"headline\":\"7 gennaio &#8211; Setole preziose\",\"datePublished\":\"2021-01-07T13:20:09+00:00\",\"dateModified\":\"2021-03-09T13:09:29+00:00\",\"mainEntityOfPage\":{\"@id\":\"https:\\\/\\\/cumse.org\\\/setole-preziose-scu-in-camerun\\\/\"},\"wordCount\":1533,\"image\":{\"@id\":\"https:\\\/\\\/cumse.org\\\/setole-preziose-scu-in-camerun\\\/#primaryimage\"},\"thumbnailUrl\":\"https:\\\/\\\/i0.wp.com\\\/cumse.org\\\/wp-content\\\/uploads\\\/2021\\\/01\\\/WhatsApp-Image-2021-01-07-at-21.35.57.jpeg?fit=1200%2C1600&ssl=1\",\"keywords\":[\"Camerun\",\"Fondazione Cumse\",\"Marza\",\"SCU\",\"Servizio Civile Universale\"],\"articleSection\":[\"TrAvaler\"],\"inLanguage\":\"fr-FR\"},{\"@type\":\"WebPage\",\"@id\":\"https:\\\/\\\/cumse.org\\\/setole-preziose-scu-in-camerun\\\/\",\"url\":\"https:\\\/\\\/cumse.org\\\/setole-preziose-scu-in-camerun\\\/\",\"name\":\"7 gennaio - Setole preziose - Fondazione Cumse ETS\",\"isPartOf\":{\"@id\":\"https:\\\/\\\/cumse.org\\\/#website\"},\"primaryImageOfPage\":{\"@id\":\"https:\\\/\\\/cumse.org\\\/setole-preziose-scu-in-camerun\\\/#primaryimage\"},\"image\":{\"@id\":\"https:\\\/\\\/cumse.org\\\/setole-preziose-scu-in-camerun\\\/#primaryimage\"},\"thumbnailUrl\":\"https:\\\/\\\/i0.wp.com\\\/cumse.org\\\/wp-content\\\/uploads\\\/2021\\\/01\\\/WhatsApp-Image-2021-01-07-at-21.35.57.jpeg?fit=1200%2C1600&ssl=1\",\"datePublished\":\"2021-01-07T13:20:09+00:00\",\"dateModified\":\"2021-03-09T13:09:29+00:00\",\"author\":{\"@id\":\"https:\\\/\\\/cumse.org\\\/#\\\/schema\\\/person\\\/d8802c7f9d251c013018b375be80cb06\"},\"description\":\"SCU - Valeryo Falcone, civilista di Fondazione Cumse, racconta la sua esperienza in modo leggero e divertente. SEGUITE LA SUA STORIA!\",\"breadcrumb\":{\"@id\":\"https:\\\/\\\/cumse.org\\\/setole-preziose-scu-in-camerun\\\/#breadcrumb\"},\"inLanguage\":\"fr-FR\",\"potentialAction\":[{\"@type\":\"ReadAction\",\"target\":[\"https:\\\/\\\/cumse.org\\\/setole-preziose-scu-in-camerun\\\/\"]}]},{\"@type\":\"ImageObject\",\"inLanguage\":\"fr-FR\",\"@id\":\"https:\\\/\\\/cumse.org\\\/setole-preziose-scu-in-camerun\\\/#primaryimage\",\"url\":\"https:\\\/\\\/i0.wp.com\\\/cumse.org\\\/wp-content\\\/uploads\\\/2021\\\/01\\\/WhatsApp-Image-2021-01-07-at-21.35.57.jpeg?fit=1200%2C1600&ssl=1\",\"contentUrl\":\"https:\\\/\\\/i0.wp.com\\\/cumse.org\\\/wp-content\\\/uploads\\\/2021\\\/01\\\/WhatsApp-Image-2021-01-07-at-21.35.57.jpeg?fit=1200%2C1600&ssl=1\",\"width\":1200,\"height\":1600},{\"@type\":\"BreadcrumbList\",\"@id\":\"https:\\\/\\\/cumse.org\\\/setole-preziose-scu-in-camerun\\\/#breadcrumb\",\"itemListElement\":[{\"@type\":\"ListItem\",\"position\":1,\"name\":\"Home\",\"item\":\"https:\\\/\\\/cumse.org\\\/\"},{\"@type\":\"ListItem\",\"position\":2,\"name\":\"7 gennaio &#8211; Setole preziose\"}]},{\"@type\":\"WebSite\",\"@id\":\"https:\\\/\\\/cumse.org\\\/#website\",\"url\":\"https:\\\/\\\/cumse.org\\\/\",\"name\":\"Fondazione Cumse ETS\",\"description\":\"Siamo dove gli altri distolgono lo sguardo\",\"potentialAction\":[{\"@type\":\"SearchAction\",\"target\":{\"@type\":\"EntryPoint\",\"urlTemplate\":\"https:\\\/\\\/cumse.org\\\/?s={search_term_string}\"},\"query-input\":{\"@type\":\"PropertyValueSpecification\",\"valueRequired\":true,\"valueName\":\"search_term_string\"}}],\"inLanguage\":\"fr-FR\"},{\"@type\":\"Person\",\"@id\":\"https:\\\/\\\/cumse.org\\\/#\\\/schema\\\/person\\\/d8802c7f9d251c013018b375be80cb06\",\"name\":\"admin\",\"image\":{\"@type\":\"ImageObject\",\"inLanguage\":\"fr-FR\",\"@id\":\"https:\\\/\\\/secure.gravatar.com\\\/avatar\\\/7fcee464d094e0b490b50408a0c7356276eedd5a17796d503ee821451b764c37?s=96&d=mm&r=g\",\"url\":\"https:\\\/\\\/secure.gravatar.com\\\/avatar\\\/7fcee464d094e0b490b50408a0c7356276eedd5a17796d503ee821451b764c37?s=96&d=mm&r=g\",\"contentUrl\":\"https:\\\/\\\/secure.gravatar.com\\\/avatar\\\/7fcee464d094e0b490b50408a0c7356276eedd5a17796d503ee821451b764c37?s=96&d=mm&r=g\",\"caption\":\"admin\"}}]}<\/script>\n<!-- \/ Yoast SEO plugin. -->","yoast_head_json":{"title":"7 gennaio - Setole preziose - Fondazione Cumse ETS","description":"SCU - Valeryo Falcone, civilista di Fondazione Cumse, racconta la sua esperienza in modo leggero e divertente. SEGUITE LA SUA STORIA!","robots":{"index":"index","follow":"follow","max-snippet":"max-snippet:-1","max-image-preview":"max-image-preview:large","max-video-preview":"max-video-preview:-1"},"canonical":"https:\/\/cumse.org\/fr\/setole-preziose-scu-in-camerun\/","og_locale":"fr_FR","og_type":"article","og_title":"7 gennaio - Setole preziose - Fondazione Cumse ETS","og_description":"SCU - Valeryo Falcone, civilista di Fondazione Cumse, racconta la sua esperienza in modo leggero e divertente. SEGUITE LA SUA STORIA!","og_url":"https:\/\/cumse.org\/fr\/setole-preziose-scu-in-camerun\/","og_site_name":"Fondazione Cumse ETS","article_published_time":"2021-01-07T13:20:09+00:00","article_modified_time":"2021-03-09T13:09:29+00:00","og_image":[{"width":1200,"height":1600,"url":"https:\/\/cumse.org\/wp-content\/uploads\/2021\/01\/WhatsApp-Image-2021-01-07-at-21.35.57.jpeg","type":"image\/jpeg"}],"author":"admin","twitter_card":"summary_large_image","twitter_misc":{"\u00c9crit par":"admin","Dur\u00e9e de lecture estim\u00e9e":"8 minutes"},"schema":{"@context":"https:\/\/schema.org","@graph":[{"@type":"Article","@id":"https:\/\/cumse.org\/setole-preziose-scu-in-camerun\/#article","isPartOf":{"@id":"https:\/\/cumse.org\/setole-preziose-scu-in-camerun\/"},"author":{"name":"admin","@id":"https:\/\/cumse.org\/#\/schema\/person\/d8802c7f9d251c013018b375be80cb06"},"headline":"7 gennaio &#8211; Setole preziose","datePublished":"2021-01-07T13:20:09+00:00","dateModified":"2021-03-09T13:09:29+00:00","mainEntityOfPage":{"@id":"https:\/\/cumse.org\/setole-preziose-scu-in-camerun\/"},"wordCount":1533,"image":{"@id":"https:\/\/cumse.org\/setole-preziose-scu-in-camerun\/#primaryimage"},"thumbnailUrl":"https:\/\/i0.wp.com\/cumse.org\/wp-content\/uploads\/2021\/01\/WhatsApp-Image-2021-01-07-at-21.35.57.jpeg?fit=1200%2C1600&ssl=1","keywords":["Camerun","Fondazione Cumse","Marza","SCU","Servizio Civile Universale"],"articleSection":["TrAvaler"],"inLanguage":"fr-FR"},{"@type":"WebPage","@id":"https:\/\/cumse.org\/setole-preziose-scu-in-camerun\/","url":"https:\/\/cumse.org\/setole-preziose-scu-in-camerun\/","name":"7 gennaio - Setole preziose - Fondazione Cumse ETS","isPartOf":{"@id":"https:\/\/cumse.org\/#website"},"primaryImageOfPage":{"@id":"https:\/\/cumse.org\/setole-preziose-scu-in-camerun\/#primaryimage"},"image":{"@id":"https:\/\/cumse.org\/setole-preziose-scu-in-camerun\/#primaryimage"},"thumbnailUrl":"https:\/\/i0.wp.com\/cumse.org\/wp-content\/uploads\/2021\/01\/WhatsApp-Image-2021-01-07-at-21.35.57.jpeg?fit=1200%2C1600&ssl=1","datePublished":"2021-01-07T13:20:09+00:00","dateModified":"2021-03-09T13:09:29+00:00","author":{"@id":"https:\/\/cumse.org\/#\/schema\/person\/d8802c7f9d251c013018b375be80cb06"},"description":"SCU - Valeryo Falcone, civilista di Fondazione Cumse, racconta la sua esperienza in modo leggero e divertente. SEGUITE LA SUA STORIA!","breadcrumb":{"@id":"https:\/\/cumse.org\/setole-preziose-scu-in-camerun\/#breadcrumb"},"inLanguage":"fr-FR","potentialAction":[{"@type":"ReadAction","target":["https:\/\/cumse.org\/setole-preziose-scu-in-camerun\/"]}]},{"@type":"ImageObject","inLanguage":"fr-FR","@id":"https:\/\/cumse.org\/setole-preziose-scu-in-camerun\/#primaryimage","url":"https:\/\/i0.wp.com\/cumse.org\/wp-content\/uploads\/2021\/01\/WhatsApp-Image-2021-01-07-at-21.35.57.jpeg?fit=1200%2C1600&ssl=1","contentUrl":"https:\/\/i0.wp.com\/cumse.org\/wp-content\/uploads\/2021\/01\/WhatsApp-Image-2021-01-07-at-21.35.57.jpeg?fit=1200%2C1600&ssl=1","width":1200,"height":1600},{"@type":"BreadcrumbList","@id":"https:\/\/cumse.org\/setole-preziose-scu-in-camerun\/#breadcrumb","itemListElement":[{"@type":"ListItem","position":1,"name":"Home","item":"https:\/\/cumse.org\/"},{"@type":"ListItem","position":2,"name":"7 gennaio &#8211; Setole preziose"}]},{"@type":"WebSite","@id":"https:\/\/cumse.org\/#website","url":"https:\/\/cumse.org\/","name":"Fondazione Cumse ETS","description":"Siamo dove gli altri distolgono lo sguardo","potentialAction":[{"@type":"SearchAction","target":{"@type":"EntryPoint","urlTemplate":"https:\/\/cumse.org\/?s={search_term_string}"},"query-input":{"@type":"PropertyValueSpecification","valueRequired":true,"valueName":"search_term_string"}}],"inLanguage":"fr-FR"},{"@type":"Person","@id":"https:\/\/cumse.org\/#\/schema\/person\/d8802c7f9d251c013018b375be80cb06","name":"admin","image":{"@type":"ImageObject","inLanguage":"fr-FR","@id":"https:\/\/secure.gravatar.com\/avatar\/7fcee464d094e0b490b50408a0c7356276eedd5a17796d503ee821451b764c37?s=96&d=mm&r=g","url":"https:\/\/secure.gravatar.com\/avatar\/7fcee464d094e0b490b50408a0c7356276eedd5a17796d503ee821451b764c37?s=96&d=mm&r=g","contentUrl":"https:\/\/secure.gravatar.com\/avatar\/7fcee464d094e0b490b50408a0c7356276eedd5a17796d503ee821451b764c37?s=96&d=mm&r=g","caption":"admin"}}]}},"jetpack_featured_media_url":"https:\/\/i0.wp.com\/cumse.org\/wp-content\/uploads\/2021\/01\/WhatsApp-Image-2021-01-07-at-21.35.57.jpeg?fit=1200%2C1600&ssl=1","jetpack_sharing_enabled":true,"_links":{"self":[{"href":"https:\/\/cumse.org\/fr\/wp-json\/wp\/v2\/posts\/3660","targetHints":{"allow":["GET"]}}],"collection":[{"href":"https:\/\/cumse.org\/fr\/wp-json\/wp\/v2\/posts"}],"about":[{"href":"https:\/\/cumse.org\/fr\/wp-json\/wp\/v2\/types\/post"}],"author":[{"embeddable":true,"href":"https:\/\/cumse.org\/fr\/wp-json\/wp\/v2\/users\/1"}],"replies":[{"embeddable":true,"href":"https:\/\/cumse.org\/fr\/wp-json\/wp\/v2\/comments?post=3660"}],"version-history":[{"count":0,"href":"https:\/\/cumse.org\/fr\/wp-json\/wp\/v2\/posts\/3660\/revisions"}],"wp:featuredmedia":[{"embeddable":true,"href":"https:\/\/cumse.org\/fr\/wp-json\/wp\/v2\/media\/4158"}],"wp:attachment":[{"href":"https:\/\/cumse.org\/fr\/wp-json\/wp\/v2\/media?parent=3660"}],"wp:term":[{"taxonomy":"category","embeddable":true,"href":"https:\/\/cumse.org\/fr\/wp-json\/wp\/v2\/categories?post=3660"},{"taxonomy":"post_tag","embeddable":true,"href":"https:\/\/cumse.org\/fr\/wp-json\/wp\/v2\/tags?post=3660"}],"curies":[{"name":"wp","href":"https:\/\/api.w.org\/{rel}","templated":true}]}}