{"id":3656,"date":"2021-01-06T12:30:12","date_gmt":"2021-01-06T11:30:12","guid":{"rendered":"https:\/\/cumse.org\/?p=3656"},"modified":"2021-03-04T14:43:48","modified_gmt":"2021-03-04T13:43:48","slug":"ozio-padrone-del-vizio-scu-in-camerun","status":"publish","type":"post","link":"https:\/\/cumse.org\/fr\/ozio-padrone-del-vizio-scu-in-camerun\/","title":{"rendered":"6 gennaio &#8211; Ozio padrone del vizio?"},"content":{"rendered":"<p>Scherzavo! L&#8217;acqua c&#8217;era eccome e io ne ho ben goduto. Poche cose mi appagano quanto coricarmi pulito in un letto profumato.<\/p>\n<p>A qualche centinaio di metri da casa si odono le musiche di una festa pazzesca. Essere bianchi \u00e8 proprio una rottura. E&#8217; pericoloso andarci da soli se si \u00e8 del luogo, figuriamoci per un NASSARA.<br \/>\nLe percussioni menano talmente forte che avrei voglia di mettermi a correre in direzione del fragore come un cane selvatico, ma purtroppo l&#8217;unico scatto a me concesso \u00e8 quello finalizzato a girarmi su un fianco. Mi rifar\u00f2 prima o poi!<\/p>\n<p>Alle 6 la sveglia osa interrompere i miei sogni di gloria. Ero proprio nel mezzo del grande cerchio, sognavo di essere alla festa con un&#8217;enorme <em>Jamb\u00e8<\/em> che percuotevo con foga suscitando l&#8217;adorazione della folla. Mi sollevo dal letto e cerco di rimettermi insieme. Una <em>mende<\/em> morta mi attende in cucina, apro la porta sul retro e la<br \/>\nrispedisco al mittente con tanto di raccomandata. Ormai non mi fanno quasi pi\u00f9 effetto.<\/p>\n<p>Stando ai patti <strong>Etienne<\/strong> dovrebbe presentarsi alle 6.30.<br \/>\nA quell&#8217;ora si presenta per\u00f2 solo <strong>Suor Nicole<\/strong> per avvisarmi che, nel caso non lo avessi ancora capito, in Africa le 6.30 sono le 7. C&#8217;\u00e8 un fuso nascosto che non avevo previsto, lo terr\u00f2 a mente per la sveglia di domani.<\/p>\n<p>All&#8217;arrivo del mio compare mi getto in una marcia affannata verso il primo campo di <a href=\"https:\/\/cumse.org\/fr\/progetti-sociali\/\">MORINGA<\/a> che dovr\u00f2 ispezionare.<br \/>\nDai bambini ai ragazzi, tutti con un bel grembiule verde, percorrono la nostra strada in direzione opposta, loro dalla campagna vanno a scuola, noi invece ci tuffiamo in direzione della terra rossa.<\/p>\n<p>Un bimbo di 6 anni fa da guida al fratellino pi\u00f9 piccolo, constato che entrambi sono freschi come dei boccioli, io grande e grosso faccio una pessima figura mostrando senza vergogna un mezzo fiatone. Del resto sono stato bellamente fermo a pascere per due settimane, \u00e8 normale annaspare un poco. Arrivati al campo ci sporchiamo per benino,<br \/>\nEtienne mi illustra il suo lavoro palmo per palmo, dalle piante pi\u00f9 attempate a quelle pi\u00f9 giovani, strappa due mandarini verdi dall&#8217;albero, me ne lancia uno, aspro pi\u00f9 di un limone. Faccio un&#8217;espressione che \u00e8 tutto un programma e mando gi\u00f9 quanto pi\u00f9 avidamente possibile per la soddisfazione del mio interlocutore.<\/p>\n<p><img data-recalc-dims=\"1\" loading=\"lazy\" decoding=\"async\" class=\"alignnone wp-image-4150\" src=\"https:\/\/i0.wp.com\/cumse.org\/wp-content\/uploads\/2021\/01\/WhatsApp-Image-2021-01-06-at-20.43.09.jpeg?resize=535%2C401&#038;ssl=1\" alt=\"\" width=\"535\" height=\"401\" srcset=\"https:\/\/i0.wp.com\/cumse.org\/wp-content\/uploads\/2021\/01\/WhatsApp-Image-2021-01-06-at-20.43.09.jpeg?w=1600&amp;ssl=1 1600w, https:\/\/i0.wp.com\/cumse.org\/wp-content\/uploads\/2021\/01\/WhatsApp-Image-2021-01-06-at-20.43.09.jpeg?resize=1200%2C900&amp;ssl=1 1200w, https:\/\/i0.wp.com\/cumse.org\/wp-content\/uploads\/2021\/01\/WhatsApp-Image-2021-01-06-at-20.43.09.jpeg?resize=300%2C225&amp;ssl=1 300w, https:\/\/i0.wp.com\/cumse.org\/wp-content\/uploads\/2021\/01\/WhatsApp-Image-2021-01-06-at-20.43.09.jpeg?resize=1024%2C768&amp;ssl=1 1024w, https:\/\/i0.wp.com\/cumse.org\/wp-content\/uploads\/2021\/01\/WhatsApp-Image-2021-01-06-at-20.43.09.jpeg?resize=768%2C576&amp;ssl=1 768w, https:\/\/i0.wp.com\/cumse.org\/wp-content\/uploads\/2021\/01\/WhatsApp-Image-2021-01-06-at-20.43.09.jpeg?resize=1536%2C1152&amp;ssl=1 1536w, https:\/\/i0.wp.com\/cumse.org\/wp-content\/uploads\/2021\/01\/WhatsApp-Image-2021-01-06-at-20.43.09.jpeg?w=1280&amp;ssl=1 1280w\" sizes=\"auto, (max-width: 535px) 100vw, 535px\" \/><\/p>\n<p>Ci sono parecchi lavori da fare, scemo che io che pensavo 10 mesi fossero tanti. Illusione, quando si tratta di terra non basta una vita.<br \/>\nSussiste per il contadino questo bizzarro rapporto di schiavit\u00f9 e libert\u00e0 al medesimo tempo. Lavorare nei campi implica una pace sconfinata, piante magnifiche con cui conversare, niente telefoni, niente computer, niente e-mail, niente capo che ti grida addosso. Insomma: la pace. Le piante hanno i loro tempi e il sole ti impedisce fisicamente di lavorare pi\u00f9 del dovuto. La qualit\u00e0 della vita quotidiana aumenta in modo esponenziale. Il prezzo da pagare?<\/p>\n<p>Vivere in vacanza implica rinunciare alle vacanze. Niente ferie, non puoi metter in pausa la crescita degli alberi o la vita degli animali, quelli volenti o nolenti rimangono i pi\u00f9 grandi faticatori del pianeta.<\/p>\n<p>Pochi fortunati possono delegare per un paio di settimane il loro appezzamento a qualche uomo di fiducia, ma questo non \u00e8 il comportamento proprio del contadino purosangue. Quest&#8217;ultimo vede la terra come una madre e le piante come dei figli, creature di cui sentirsi responsabili vita-natural-durante, senza sconti.<br \/>\nCos\u00ec i germogli crescono a dose di sole, vento, pioggia e amore. Se Etienne mi giurasse di aver sentito un albero rispondergli, non farei troppa fatica a credergli visto l&#8217;operato certosino che ha compiuto negli anni.<\/p>\n<p>Le sue impronte, le sue mani, le sue gocce di sudore, non c&#8217;\u00e8 segno di forma di vita umana estranea ad Etienne su questo fazzoletto di terra. Forse \u00e8 proprio per tale verde intimit\u00e0 che il contadino si incatena volontariamente al suo terreno, dichiarandosi schiavo, prostrandosi con un gran sorriso di soddisfazione. Fa parte del pacchetto. Avere dei doveri, in qualunque mestiere, implica essere assoggettati a certe regole, a certe mansioni, a certe tempistiche. Forse tra tutti, quello dell&#8217;agricoltore rispetta di pi\u00f9 la natura dell&#8217;essere umano.<\/p>\n<p>Ma \u00e8 troppo presto per pronunciarsi. Ne riparleremo tra 10 mesi quando ne avr\u00f2 abbastanza di tutto e agogner\u00f2 la madrepatria ed il suo fulgido tricolore.<\/p>\n<p>Sono gi\u00e0 le 8.37, sar\u00e0 meglio sbrigarsi, dovrei essere in ufficio per le 9. Voi di sicuro avrete compreso ben prima di me che si doveva considerare il fuso.<br \/>\nRaggiungo la porta dell&#8217;ufficio con la stessa foga di un maratoneta che tocca il traguardo dopo 42 km di sofferenze: CHIUSO.<\/p>\n<p>Mi arriva un messaggio, Suor Nicole:<br \/>\n<em>&#8220;Ciao Valeryo non siamo ancora pronti, ci vediamo alle 10&#8221;<\/em>.<\/p>\n<p>Bello aprire e chiudere gli uffici a seconda di quando si \u00e8 pronti. Dovremmo imparare anche noi questa flessibilit\u00e0 anzich\u00e9 scapicollarci come matti per essere puntuali ad un appuntamento. BUGIA. Odio aspettare. Mi son proprio perso la distribuzione della pazienza alla nascita, non saprei dove, ma ero altrove. Non ne ho. Conviene per\u00f2 che io impari ad averne.<\/p>\n<p>In ufficio mi dilungo con Sophie e Clarisse su questioni ideologiche inerenti la conquista dell&#8217;autonomia del centro da qualsiasi fondazione o ente di turno. Le ragazze vorrebbero essere in grado di provvedere a loro stesse senza pi\u00f9 tendere la mano.<br \/>\nE&#8217; questione di orgoglio, di dignit\u00e0, di indipendenza, di libert\u00e0. Insomma, roba grossa. Io personalmente, per quel che vale, quoto!<\/p>\n<p>Loro apprezzano e mi invitano a visitare il porcile alle 17. Accetto di buon grado. Rientro a casa alle 13.30. Dopo una giornata cos\u00ec ho una fame che manco i lupi della siberia durante il rigido inverno. Godyene mi ha preparato carne trita con pistacchi, sugo di melanzane a parte e il mio adorato riso bianco. Seduto al desco faccio razzie degne di Conan il barbaro. L&#8217;endorfine da attivit\u00e0 motoria come il pasto iper-proteico mi hanno tirato la molla. Sono le 14.30, il sole picchia duro ma io devo lavare i panni. Me la sento. E&#8217; il mio momento. Verso un chilo di detersivo in polvere nel secchio e comincio a sfregare in modo buffo e scoordinato.<\/p>\n<p>Una gallina selvatica di tanto in tanto si avvicina con il palese intento di rompermi le balle. La scaccio per mezzo di una secchiata d&#8217;acqua minatoria. Paganini non ripete, la prossima lavo anche te gi\u00e0 che ci sono!<br \/>\nIn un modo o nell&#8217;altro, vi dir\u00f2, ho portato a casa il risultato. Per gli affezionati \u00e8 mio dovere dire che ho lavato per la prima volta in questa storia anche la maglietta profuma ambienti pregna di crema solare. Come la prendereste se vi dicessi che quel suo profumo dolce un po\u2019 mi manca? Quasi quasi un giorno di questi riprovo! Malgrado tutto non sono ancora in pace con me stesso. Devo agire.<\/p>\n<p>Vado da <strong>Mr. Francois<\/strong> e consegno finalmente il pallone acquistato per i suoi cagnolini. Qui trovo anche <strong>Sophie<\/strong>. Facile allora andare a prendere Clarisse e dirigerci insieme al porcile. In questo mistico luogo puzzolente due anatre fanno da guardia alle gabbie dei maiali. Su tutti ne spicca uno enorme, talmente grasso da far fatica a muoversi. \u00c8 proprio vero che in Africa le dimensioni contano. Sophie inizia un gioco crudele. Entra nella gabbia e gli si avvicina soltanto. Quello, codardo pi\u00f9 di me, pensa al peggio e, sentendosi in pericolo, trova le forze di alzarsi sulle zampe e fare due passi, ne sarebbe bastato un terzo per assaggiare un po&#8217; di libert\u00e0, ma Sophie gli chiude la gabbia sotto il naso proprio<br \/>\nsul pi\u00f9 bello&#8230;.<\/p>\n<p>Niente da fare! E&#8217; un animale bruttino. I maiali di qui hanno grosse orecchie da pipistrello e un muso pi\u00f9 allungato di quelli che mio zio mi ostentava in terra Calabra quand&#8217;ero piccino. Oggi comprendo il suo orgoglio. In confronto a questi i suoi potevano dirsi davvero graziosi. In Africa si sa, la natura tutta assume un aspetto pi\u00f9 selvaggio. Orecchie pi\u00f9 grandi per udire i pericoli a lunghe distanze, lo stesso vale per il muso e quindi l&#8217;olfatto ancor pi\u00f9 sviluppato.<\/p>\n<p><img data-recalc-dims=\"1\" loading=\"lazy\" decoding=\"async\" class=\"alignnone wp-image-4151\" src=\"https:\/\/i0.wp.com\/cumse.org\/wp-content\/uploads\/2021\/01\/WhatsApp-Image-2021-01-06-at-20.43.24.jpeg?resize=280%2C374&#038;ssl=1\" alt=\"\" width=\"280\" height=\"374\" srcset=\"https:\/\/i0.wp.com\/cumse.org\/wp-content\/uploads\/2021\/01\/WhatsApp-Image-2021-01-06-at-20.43.24.jpeg?w=1200&amp;ssl=1 1200w, https:\/\/i0.wp.com\/cumse.org\/wp-content\/uploads\/2021\/01\/WhatsApp-Image-2021-01-06-at-20.43.24.jpeg?resize=800%2C1067&amp;ssl=1 800w, https:\/\/i0.wp.com\/cumse.org\/wp-content\/uploads\/2021\/01\/WhatsApp-Image-2021-01-06-at-20.43.24.jpeg?resize=225%2C300&amp;ssl=1 225w, https:\/\/i0.wp.com\/cumse.org\/wp-content\/uploads\/2021\/01\/WhatsApp-Image-2021-01-06-at-20.43.24.jpeg?resize=768%2C1024&amp;ssl=1 768w, https:\/\/i0.wp.com\/cumse.org\/wp-content\/uploads\/2021\/01\/WhatsApp-Image-2021-01-06-at-20.43.24.jpeg?resize=1152%2C1536&amp;ssl=1 1152w\" sizes=\"auto, (max-width: 280px) 100vw, 280px\" \/><img data-recalc-dims=\"1\" loading=\"lazy\" decoding=\"async\" class=\"alignnone wp-image-4154\" src=\"https:\/\/i0.wp.com\/cumse.org\/wp-content\/uploads\/2021\/01\/WhatsApp-Image-2021-01-06-at-20.43.24-1.jpeg?resize=279%2C372&#038;ssl=1\" alt=\"\" width=\"279\" height=\"372\" srcset=\"https:\/\/i0.wp.com\/cumse.org\/wp-content\/uploads\/2021\/01\/WhatsApp-Image-2021-01-06-at-20.43.24-1.jpeg?w=1200&amp;ssl=1 1200w, https:\/\/i0.wp.com\/cumse.org\/wp-content\/uploads\/2021\/01\/WhatsApp-Image-2021-01-06-at-20.43.24-1.jpeg?resize=800%2C1067&amp;ssl=1 800w, https:\/\/i0.wp.com\/cumse.org\/wp-content\/uploads\/2021\/01\/WhatsApp-Image-2021-01-06-at-20.43.24-1.jpeg?resize=225%2C300&amp;ssl=1 225w, https:\/\/i0.wp.com\/cumse.org\/wp-content\/uploads\/2021\/01\/WhatsApp-Image-2021-01-06-at-20.43.24-1.jpeg?resize=768%2C1024&amp;ssl=1 768w, https:\/\/i0.wp.com\/cumse.org\/wp-content\/uploads\/2021\/01\/WhatsApp-Image-2021-01-06-at-20.43.24-1.jpeg?resize=1152%2C1536&amp;ssl=1 1152w\" sizes=\"auto, (max-width: 279px) 100vw, 279px\" \/><\/p>\n<p>Rispetto al solito ho avuto una giornata movimentata, eppure sono in vena di colpi di scena. Decido di bussare alla porta di <strong>Godyene<\/strong>, mi accoglie con Soumaya aggrappata al collo. Niente di meglio di una chiacchierata per concludere in bellezza.<\/p>\n<p>Sono stato veramente appagato dall&#8217;aver fatto finalmente qualcosa. Sono contento di lavorare? Ma che \u00e8? I rosari fanno effetto? Non saprei. Penso per\u00f2 che sarebbe bello se potessimo decidere di rimboccarci le maniche per voglia e non solo per necessit\u00e0.<\/p>\n<p>Vorrei potervi vendere questa idea come una delle mie, ma sfortunatamente gli antichi romani mi hanno preceduto.<br \/>\nPensate che il &#8220;negotium&#8221; (il lavoro, gli affari) per l&#8217;alta societ\u00e0 romana era una questione propria degli schiavi. Quasi paradossale al giorno d&#8217;oggi.<br \/>\nI nobili senatori invece, molto comodamente adagiati nelle ville di campagna, ambivano a coltivare il pensiero filosofico, a banchettare in compagnia, a contemplare l&#8217;arte, a fare esercizio fisico e a consumare (tra l&#8217;altro) buone letture. MICA SCEMI!<\/p>\n<p>Sarebbe magnifico se la professione fosse un po&#8217;come il cibo. Saziarsi quando si ha fame, indipendentemente dagli orari consolidati dall&#8217;uso.<\/p>\n<p>Viva lo spaghetto di mezzanotte, viva la merenda delle 18 e viva l&#8217;ozio.<br \/>\nSembra che io abbia parecchia voglia di sognare, in questi casi, meglio provare a farlo ad occhi chiusi.<\/p>","protected":false},"excerpt":{"rendered":"<p>Scherzavo! L&#8217;acqua c&#8217;era eccome e io ne ho ben goduto. Poche cose mi appagano quanto coricarmi pulito in un letto profumato. A qualche centinaio di metri da casa si odono le musiche di una festa pazzesca. Essere bianchi \u00e8 proprio una rottura. E&#8217; pericoloso andarci da soli se si \u00e8 del luogo, figuriamoci per un [&hellip;]<\/p>\n","protected":false},"author":1,"featured_media":4152,"comment_status":"closed","ping_status":"closed","sticky":false,"template":"","format":"standard","meta":{"_jetpack_memberships_contains_paid_content":false,"footnotes":""},"categories":[62],"tags":[68,67,90,65,66],"class_list":["post-3656","post","type-post","status-publish","format-standard","has-post-thumbnail","hentry","category-travaler","tag-camerun","tag-fondazione-cumse","tag-moringa","tag-scu","tag-servizio-civile-universale"],"yoast_head":"<!-- This site is optimized with the Yoast SEO plugin v27.3 - https:\/\/yoast.com\/product\/yoast-seo-wordpress\/ -->\n<title>6 gennaio - Ozio padrone del vizio? - Fondazione Cumse ETS<\/title>\n<meta name=\"description\" content=\"SCU - Valeryo Falcone, civilista di Fondazione Cumse, racconta la sua esperienza in modo leggero e divertente. SEGUITE LA SUA STORIA!\" \/>\n<meta name=\"robots\" content=\"index, follow, max-snippet:-1, max-image-preview:large, max-video-preview:-1\" \/>\n<link rel=\"canonical\" href=\"https:\/\/cumse.org\/fr\/ozio-padrone-del-vizio-scu-in-camerun\/\" \/>\n<meta property=\"og:locale\" content=\"fr_FR\" \/>\n<meta property=\"og:type\" content=\"article\" \/>\n<meta property=\"og:title\" content=\"6 gennaio - Ozio padrone del vizio? - Fondazione Cumse ETS\" \/>\n<meta property=\"og:description\" content=\"SCU - Valeryo Falcone, civilista di Fondazione Cumse, racconta la sua esperienza in modo leggero e divertente. SEGUITE LA SUA STORIA!\" \/>\n<meta property=\"og:url\" content=\"https:\/\/cumse.org\/fr\/ozio-padrone-del-vizio-scu-in-camerun\/\" \/>\n<meta property=\"og:site_name\" content=\"Fondazione Cumse ETS\" \/>\n<meta property=\"article:published_time\" content=\"2021-01-06T11:30:12+00:00\" \/>\n<meta property=\"article:modified_time\" content=\"2021-03-04T13:43:48+00:00\" \/>\n<meta property=\"og:image\" content=\"https:\/\/cumse.org\/wp-content\/uploads\/2021\/01\/WhatsApp-Image-2021-01-06-at-20.43.17-e1612438379549.jpeg\" \/>\n\t<meta property=\"og:image:width\" content=\"1000\" \/>\n\t<meta property=\"og:image:height\" content=\"1333\" \/>\n\t<meta property=\"og:image:type\" content=\"image\/jpeg\" \/>\n<meta name=\"author\" content=\"admin\" \/>\n<meta name=\"twitter:card\" content=\"summary_large_image\" \/>\n<meta name=\"twitter:label1\" content=\"\u00c9crit par\" \/>\n\t<meta name=\"twitter:data1\" content=\"admin\" \/>\n\t<meta name=\"twitter:label2\" content=\"Dur\u00e9e de lecture estim\u00e9e\" \/>\n\t<meta name=\"twitter:data2\" content=\"8 minutes\" \/>\n<script type=\"application\/ld+json\" class=\"yoast-schema-graph\">{\"@context\":\"https:\\\/\\\/schema.org\",\"@graph\":[{\"@type\":\"Article\",\"@id\":\"https:\\\/\\\/cumse.org\\\/ozio-padrone-del-vizio-scu-in-camerun\\\/#article\",\"isPartOf\":{\"@id\":\"https:\\\/\\\/cumse.org\\\/ozio-padrone-del-vizio-scu-in-camerun\\\/\"},\"author\":{\"name\":\"admin\",\"@id\":\"https:\\\/\\\/cumse.org\\\/#\\\/schema\\\/person\\\/d8802c7f9d251c013018b375be80cb06\"},\"headline\":\"6 gennaio &#8211; Ozio padrone del vizio?\",\"datePublished\":\"2021-01-06T11:30:12+00:00\",\"dateModified\":\"2021-03-04T13:43:48+00:00\",\"mainEntityOfPage\":{\"@id\":\"https:\\\/\\\/cumse.org\\\/ozio-padrone-del-vizio-scu-in-camerun\\\/\"},\"wordCount\":1508,\"image\":{\"@id\":\"https:\\\/\\\/cumse.org\\\/ozio-padrone-del-vizio-scu-in-camerun\\\/#primaryimage\"},\"thumbnailUrl\":\"https:\\\/\\\/i0.wp.com\\\/cumse.org\\\/wp-content\\\/uploads\\\/2021\\\/01\\\/WhatsApp-Image-2021-01-06-at-20.43.17-e1612438379549.jpeg?fit=1000%2C1333&ssl=1\",\"keywords\":[\"Camerun\",\"Fondazione Cumse\",\"moringa\",\"SCU\",\"Servizio Civile Universale\"],\"articleSection\":[\"TrAvaler\"],\"inLanguage\":\"fr-FR\"},{\"@type\":\"WebPage\",\"@id\":\"https:\\\/\\\/cumse.org\\\/ozio-padrone-del-vizio-scu-in-camerun\\\/\",\"url\":\"https:\\\/\\\/cumse.org\\\/ozio-padrone-del-vizio-scu-in-camerun\\\/\",\"name\":\"6 gennaio - Ozio padrone del vizio? - Fondazione Cumse ETS\",\"isPartOf\":{\"@id\":\"https:\\\/\\\/cumse.org\\\/#website\"},\"primaryImageOfPage\":{\"@id\":\"https:\\\/\\\/cumse.org\\\/ozio-padrone-del-vizio-scu-in-camerun\\\/#primaryimage\"},\"image\":{\"@id\":\"https:\\\/\\\/cumse.org\\\/ozio-padrone-del-vizio-scu-in-camerun\\\/#primaryimage\"},\"thumbnailUrl\":\"https:\\\/\\\/i0.wp.com\\\/cumse.org\\\/wp-content\\\/uploads\\\/2021\\\/01\\\/WhatsApp-Image-2021-01-06-at-20.43.17-e1612438379549.jpeg?fit=1000%2C1333&ssl=1\",\"datePublished\":\"2021-01-06T11:30:12+00:00\",\"dateModified\":\"2021-03-04T13:43:48+00:00\",\"author\":{\"@id\":\"https:\\\/\\\/cumse.org\\\/#\\\/schema\\\/person\\\/d8802c7f9d251c013018b375be80cb06\"},\"description\":\"SCU - Valeryo Falcone, civilista di Fondazione Cumse, racconta la sua esperienza in modo leggero e divertente. SEGUITE LA SUA STORIA!\",\"breadcrumb\":{\"@id\":\"https:\\\/\\\/cumse.org\\\/ozio-padrone-del-vizio-scu-in-camerun\\\/#breadcrumb\"},\"inLanguage\":\"fr-FR\",\"potentialAction\":[{\"@type\":\"ReadAction\",\"target\":[\"https:\\\/\\\/cumse.org\\\/ozio-padrone-del-vizio-scu-in-camerun\\\/\"]}]},{\"@type\":\"ImageObject\",\"inLanguage\":\"fr-FR\",\"@id\":\"https:\\\/\\\/cumse.org\\\/ozio-padrone-del-vizio-scu-in-camerun\\\/#primaryimage\",\"url\":\"https:\\\/\\\/i0.wp.com\\\/cumse.org\\\/wp-content\\\/uploads\\\/2021\\\/01\\\/WhatsApp-Image-2021-01-06-at-20.43.17-e1612438379549.jpeg?fit=1000%2C1333&ssl=1\",\"contentUrl\":\"https:\\\/\\\/i0.wp.com\\\/cumse.org\\\/wp-content\\\/uploads\\\/2021\\\/01\\\/WhatsApp-Image-2021-01-06-at-20.43.17-e1612438379549.jpeg?fit=1000%2C1333&ssl=1\",\"width\":1000,\"height\":1333},{\"@type\":\"BreadcrumbList\",\"@id\":\"https:\\\/\\\/cumse.org\\\/ozio-padrone-del-vizio-scu-in-camerun\\\/#breadcrumb\",\"itemListElement\":[{\"@type\":\"ListItem\",\"position\":1,\"name\":\"Home\",\"item\":\"https:\\\/\\\/cumse.org\\\/\"},{\"@type\":\"ListItem\",\"position\":2,\"name\":\"6 gennaio &#8211; Ozio padrone del vizio?\"}]},{\"@type\":\"WebSite\",\"@id\":\"https:\\\/\\\/cumse.org\\\/#website\",\"url\":\"https:\\\/\\\/cumse.org\\\/\",\"name\":\"Fondazione Cumse ETS\",\"description\":\"Siamo dove gli altri distolgono lo sguardo\",\"potentialAction\":[{\"@type\":\"SearchAction\",\"target\":{\"@type\":\"EntryPoint\",\"urlTemplate\":\"https:\\\/\\\/cumse.org\\\/?s={search_term_string}\"},\"query-input\":{\"@type\":\"PropertyValueSpecification\",\"valueRequired\":true,\"valueName\":\"search_term_string\"}}],\"inLanguage\":\"fr-FR\"},{\"@type\":\"Person\",\"@id\":\"https:\\\/\\\/cumse.org\\\/#\\\/schema\\\/person\\\/d8802c7f9d251c013018b375be80cb06\",\"name\":\"admin\",\"image\":{\"@type\":\"ImageObject\",\"inLanguage\":\"fr-FR\",\"@id\":\"https:\\\/\\\/secure.gravatar.com\\\/avatar\\\/7fcee464d094e0b490b50408a0c7356276eedd5a17796d503ee821451b764c37?s=96&d=mm&r=g\",\"url\":\"https:\\\/\\\/secure.gravatar.com\\\/avatar\\\/7fcee464d094e0b490b50408a0c7356276eedd5a17796d503ee821451b764c37?s=96&d=mm&r=g\",\"contentUrl\":\"https:\\\/\\\/secure.gravatar.com\\\/avatar\\\/7fcee464d094e0b490b50408a0c7356276eedd5a17796d503ee821451b764c37?s=96&d=mm&r=g\",\"caption\":\"admin\"}}]}<\/script>\n<!-- \/ Yoast SEO plugin. -->","yoast_head_json":{"title":"6 gennaio - Ozio padrone del vizio? - Fondazione Cumse ETS","description":"SCU - Valeryo Falcone, civilista di Fondazione Cumse, racconta la sua esperienza in modo leggero e divertente. SEGUITE LA SUA STORIA!","robots":{"index":"index","follow":"follow","max-snippet":"max-snippet:-1","max-image-preview":"max-image-preview:large","max-video-preview":"max-video-preview:-1"},"canonical":"https:\/\/cumse.org\/fr\/ozio-padrone-del-vizio-scu-in-camerun\/","og_locale":"fr_FR","og_type":"article","og_title":"6 gennaio - Ozio padrone del vizio? - Fondazione Cumse ETS","og_description":"SCU - Valeryo Falcone, civilista di Fondazione Cumse, racconta la sua esperienza in modo leggero e divertente. SEGUITE LA SUA STORIA!","og_url":"https:\/\/cumse.org\/fr\/ozio-padrone-del-vizio-scu-in-camerun\/","og_site_name":"Fondazione Cumse ETS","article_published_time":"2021-01-06T11:30:12+00:00","article_modified_time":"2021-03-04T13:43:48+00:00","og_image":[{"width":1000,"height":1333,"url":"https:\/\/cumse.org\/wp-content\/uploads\/2021\/01\/WhatsApp-Image-2021-01-06-at-20.43.17-e1612438379549.jpeg","type":"image\/jpeg"}],"author":"admin","twitter_card":"summary_large_image","twitter_misc":{"\u00c9crit par":"admin","Dur\u00e9e de lecture estim\u00e9e":"8 minutes"},"schema":{"@context":"https:\/\/schema.org","@graph":[{"@type":"Article","@id":"https:\/\/cumse.org\/ozio-padrone-del-vizio-scu-in-camerun\/#article","isPartOf":{"@id":"https:\/\/cumse.org\/ozio-padrone-del-vizio-scu-in-camerun\/"},"author":{"name":"admin","@id":"https:\/\/cumse.org\/#\/schema\/person\/d8802c7f9d251c013018b375be80cb06"},"headline":"6 gennaio &#8211; Ozio padrone del vizio?","datePublished":"2021-01-06T11:30:12+00:00","dateModified":"2021-03-04T13:43:48+00:00","mainEntityOfPage":{"@id":"https:\/\/cumse.org\/ozio-padrone-del-vizio-scu-in-camerun\/"},"wordCount":1508,"image":{"@id":"https:\/\/cumse.org\/ozio-padrone-del-vizio-scu-in-camerun\/#primaryimage"},"thumbnailUrl":"https:\/\/i0.wp.com\/cumse.org\/wp-content\/uploads\/2021\/01\/WhatsApp-Image-2021-01-06-at-20.43.17-e1612438379549.jpeg?fit=1000%2C1333&ssl=1","keywords":["Camerun","Fondazione Cumse","moringa","SCU","Servizio Civile Universale"],"articleSection":["TrAvaler"],"inLanguage":"fr-FR"},{"@type":"WebPage","@id":"https:\/\/cumse.org\/ozio-padrone-del-vizio-scu-in-camerun\/","url":"https:\/\/cumse.org\/ozio-padrone-del-vizio-scu-in-camerun\/","name":"6 gennaio - Ozio padrone del vizio? - Fondazione Cumse ETS","isPartOf":{"@id":"https:\/\/cumse.org\/#website"},"primaryImageOfPage":{"@id":"https:\/\/cumse.org\/ozio-padrone-del-vizio-scu-in-camerun\/#primaryimage"},"image":{"@id":"https:\/\/cumse.org\/ozio-padrone-del-vizio-scu-in-camerun\/#primaryimage"},"thumbnailUrl":"https:\/\/i0.wp.com\/cumse.org\/wp-content\/uploads\/2021\/01\/WhatsApp-Image-2021-01-06-at-20.43.17-e1612438379549.jpeg?fit=1000%2C1333&ssl=1","datePublished":"2021-01-06T11:30:12+00:00","dateModified":"2021-03-04T13:43:48+00:00","author":{"@id":"https:\/\/cumse.org\/#\/schema\/person\/d8802c7f9d251c013018b375be80cb06"},"description":"SCU - Valeryo Falcone, civilista di Fondazione Cumse, racconta la sua esperienza in modo leggero e divertente. SEGUITE LA SUA STORIA!","breadcrumb":{"@id":"https:\/\/cumse.org\/ozio-padrone-del-vizio-scu-in-camerun\/#breadcrumb"},"inLanguage":"fr-FR","potentialAction":[{"@type":"ReadAction","target":["https:\/\/cumse.org\/ozio-padrone-del-vizio-scu-in-camerun\/"]}]},{"@type":"ImageObject","inLanguage":"fr-FR","@id":"https:\/\/cumse.org\/ozio-padrone-del-vizio-scu-in-camerun\/#primaryimage","url":"https:\/\/i0.wp.com\/cumse.org\/wp-content\/uploads\/2021\/01\/WhatsApp-Image-2021-01-06-at-20.43.17-e1612438379549.jpeg?fit=1000%2C1333&ssl=1","contentUrl":"https:\/\/i0.wp.com\/cumse.org\/wp-content\/uploads\/2021\/01\/WhatsApp-Image-2021-01-06-at-20.43.17-e1612438379549.jpeg?fit=1000%2C1333&ssl=1","width":1000,"height":1333},{"@type":"BreadcrumbList","@id":"https:\/\/cumse.org\/ozio-padrone-del-vizio-scu-in-camerun\/#breadcrumb","itemListElement":[{"@type":"ListItem","position":1,"name":"Home","item":"https:\/\/cumse.org\/"},{"@type":"ListItem","position":2,"name":"6 gennaio &#8211; Ozio padrone del vizio?"}]},{"@type":"WebSite","@id":"https:\/\/cumse.org\/#website","url":"https:\/\/cumse.org\/","name":"Fondazione Cumse ETS","description":"Siamo dove gli altri distolgono lo sguardo","potentialAction":[{"@type":"SearchAction","target":{"@type":"EntryPoint","urlTemplate":"https:\/\/cumse.org\/?s={search_term_string}"},"query-input":{"@type":"PropertyValueSpecification","valueRequired":true,"valueName":"search_term_string"}}],"inLanguage":"fr-FR"},{"@type":"Person","@id":"https:\/\/cumse.org\/#\/schema\/person\/d8802c7f9d251c013018b375be80cb06","name":"admin","image":{"@type":"ImageObject","inLanguage":"fr-FR","@id":"https:\/\/secure.gravatar.com\/avatar\/7fcee464d094e0b490b50408a0c7356276eedd5a17796d503ee821451b764c37?s=96&d=mm&r=g","url":"https:\/\/secure.gravatar.com\/avatar\/7fcee464d094e0b490b50408a0c7356276eedd5a17796d503ee821451b764c37?s=96&d=mm&r=g","contentUrl":"https:\/\/secure.gravatar.com\/avatar\/7fcee464d094e0b490b50408a0c7356276eedd5a17796d503ee821451b764c37?s=96&d=mm&r=g","caption":"admin"}}]}},"jetpack_featured_media_url":"https:\/\/i0.wp.com\/cumse.org\/wp-content\/uploads\/2021\/01\/WhatsApp-Image-2021-01-06-at-20.43.17-e1612438379549.jpeg?fit=1000%2C1333&ssl=1","jetpack_sharing_enabled":true,"_links":{"self":[{"href":"https:\/\/cumse.org\/fr\/wp-json\/wp\/v2\/posts\/3656","targetHints":{"allow":["GET"]}}],"collection":[{"href":"https:\/\/cumse.org\/fr\/wp-json\/wp\/v2\/posts"}],"about":[{"href":"https:\/\/cumse.org\/fr\/wp-json\/wp\/v2\/types\/post"}],"author":[{"embeddable":true,"href":"https:\/\/cumse.org\/fr\/wp-json\/wp\/v2\/users\/1"}],"replies":[{"embeddable":true,"href":"https:\/\/cumse.org\/fr\/wp-json\/wp\/v2\/comments?post=3656"}],"version-history":[{"count":0,"href":"https:\/\/cumse.org\/fr\/wp-json\/wp\/v2\/posts\/3656\/revisions"}],"wp:featuredmedia":[{"embeddable":true,"href":"https:\/\/cumse.org\/fr\/wp-json\/wp\/v2\/media\/4152"}],"wp:attachment":[{"href":"https:\/\/cumse.org\/fr\/wp-json\/wp\/v2\/media?parent=3656"}],"wp:term":[{"taxonomy":"category","embeddable":true,"href":"https:\/\/cumse.org\/fr\/wp-json\/wp\/v2\/categories?post=3656"},{"taxonomy":"post_tag","embeddable":true,"href":"https:\/\/cumse.org\/fr\/wp-json\/wp\/v2\/tags?post=3656"}],"curies":[{"name":"wp","href":"https:\/\/api.w.org\/{rel}","templated":true}]}}