{"id":3654,"date":"2021-01-05T12:07:39","date_gmt":"2021-01-05T11:07:39","guid":{"rendered":"https:\/\/cumse.org\/?p=3654"},"modified":"2021-03-04T14:43:40","modified_gmt":"2021-03-04T13:43:40","slug":"livin-on-a-prayer-scu-in-camerun","status":"publish","type":"post","link":"https:\/\/cumse.org\/fr\/livin-on-a-prayer-scu-in-camerun\/","title":{"rendered":"5 gennaio &#8211; Livin&#8217; On A Prayer"},"content":{"rendered":"<p>Dopo aver isolato l&#8217;unica zanzara presente in casa nel soggiorno, mi sono coricato dolcemente.<\/p>\n<p>Ho dormito circa dalle 21 alle 6.30 e mi sono alzato pi\u00f9 carico del tipo vestito con le pelli di leopardo che urla sulle liane nella pubblicit\u00e0 delle Gocciole Pavesi.<br \/>\nSono talmente di buon umore che avrei voglia di fare una di quelle robe da bravo ragazzo che di tanto in tanto si fanno per mettersi a posto la coscienza, tipo&#8230; to&#8217; il bucato per esempio, o tutto quello che rientra nella categoria delle &#8220;pulizie&#8221; (che nella mia lingua significa: rotture di balle!)<\/p>\n<p>Sono finalmente in vena di lavarmi i pantaloni beige che avr\u00f2 addosso da almeno sei giorni.<\/p>\n<p>Ops, non c&#8217;\u00e8 acqua. Era destino che li indossassi anche oggi. L&#8217;Africa, se sei pigro, \u00e8 un posto bellissimo, ti piovono dal cielo questi piccoli regali gratuiti, son sogni che si avverano. A casa non avrei avuto scampo.<br \/>\nNessun problema per me.<\/p>\n<p>Peccato per\u00f2, ero veramente motivato. Sar\u00e0 che normalmente in Italia dormo sei ore per notte, massimo sette, ma oggi ho proprio l&#8217;istintivo impulso di agire. Sono rifiorito. Mangio il riso avanzato dalla sera prima per colazione solo per lavare la pentola. Non mi va che Godyene faccia proprio tutto. Chiss\u00e0 che fine ha fatto quel mio bel discorso sulla conquista dell&#8217;indipendenza e bla bla bla? Minimo lavo la pentola, anche le tazze gi\u00e0 che ci sono, crepi l&#8217;avarizia. Tronfio di soddisfazione decido di mettermi a leggere un po&#8217;, sono ancora le otto e non ho impegni fino alle undici.<\/p>\n<p><strong>Godyene<\/strong> e<strong> Soumaya<\/strong> si palesano alle 9.30. Spiego alla mia tutor (da me eletta tale a sua insaputa) della questione pulci\/pidocchi. Ammette la loro esistenza, ma non ne ha mai viste in questa casa. Le mostro la camera da letto. Le indico il punto esatto in cui ho beccato gli animaletti saltellanti.<br \/>\nDubita siano pulci, pi\u00f9 probabile che si tratti di qualche insettino caduto dal controsoffitto di legno. Sono molti gli animali che si annidano nelle case africane, i mattoni del resto sono fatti di terra, ma questo gi\u00e0 lo sappiamo. Dopo una breve scansione dell&#8217;ambiente circostante decidiamo all&#8217;unanimit\u00e0 che \u00e8 tempo di cambiare le lenzuola, perch\u00e9 fanno schifo. Con la scusa diamo un&#8217;occhiata pi\u00f9 ravvicinata alle condizioni del materasso.<\/p>\n<p>RIVOLUZIONE!<br \/>\nLo sollevo di peso e lo porto sulla veranda, ben esposto al sole, di modo che i 32 gradi equatoriali sterminino qualunque forma di vita superstite.<br \/>\nFinalmente trovo il modo di impiegare il mio buon proposito mattutino, afferro la scopa e inizio a pulire sotto il letto.<br \/>\nChili di polvere e una blatta mezza morta. Infame. Caso mai ve lo steste chiedendo la risposta \u00e8: no, la casa non \u00e8 abitata da spiriti protettori. Il motivo per cui trovo le Mende sempre mezze morte \u00e8 che ogni mese suor Nicole effettua un trattamento con del veleno in polvere che neutralizza gli obbrobriosi insettoni. Siano benedetti la scienza ed il progresso!<\/p>\n<p>Non esiste che <strong>Godyene<\/strong> faccia le cose tanto per farle. Decide che la mia camera deve tornare a splendere. Prende una spugna nuova di zecca, secchio e straccio e comincia a ruzzare sulle piastrelle, poi mi chiede il permesso di pulire anche il bagno. CAPITO? Mi chiede il permesso.<br \/>\nLa discrezione cortese e il rispetto per l&#8217;intimit\u00e0 dello spazio privato, oltre che la sacra ospitalit\u00e0 mi fanno pensare. Godyene sostiene che questo atteggiamento \u00e8 tipico del popolo congolese, stirpe da cui lei discende. Ovviamente \u00e8 proprio anche del Camerun ma in forma meno marcata e, sfortunatamente, sta via via perdendosi.<\/p>\n<p><strong>Soumaya<\/strong> concentrata, appoggiata allo stipite della porta (non sia mai che cada), coordina i lavori. Scappo alla riunione.<\/p>\n<p><img data-recalc-dims=\"1\" loading=\"lazy\" decoding=\"async\" class=\"alignnone wp-image-4145\" src=\"https:\/\/i0.wp.com\/cumse.org\/wp-content\/uploads\/2021\/01\/WhatsApp-Image-2021-01-05-at-20.25.22.jpeg?resize=373%2C497&#038;ssl=1\" alt=\"\" width=\"373\" height=\"497\" srcset=\"https:\/\/i0.wp.com\/cumse.org\/wp-content\/uploads\/2021\/01\/WhatsApp-Image-2021-01-05-at-20.25.22.jpeg?w=1200&amp;ssl=1 1200w, https:\/\/i0.wp.com\/cumse.org\/wp-content\/uploads\/2021\/01\/WhatsApp-Image-2021-01-05-at-20.25.22.jpeg?resize=800%2C1067&amp;ssl=1 800w, https:\/\/i0.wp.com\/cumse.org\/wp-content\/uploads\/2021\/01\/WhatsApp-Image-2021-01-05-at-20.25.22.jpeg?resize=225%2C300&amp;ssl=1 225w, https:\/\/i0.wp.com\/cumse.org\/wp-content\/uploads\/2021\/01\/WhatsApp-Image-2021-01-05-at-20.25.22.jpeg?resize=768%2C1024&amp;ssl=1 768w, https:\/\/i0.wp.com\/cumse.org\/wp-content\/uploads\/2021\/01\/WhatsApp-Image-2021-01-05-at-20.25.22.jpeg?resize=1152%2C1536&amp;ssl=1 1152w\" sizes=\"auto, (max-width: 373px) 100vw, 373px\" \/><\/p>\n<p><strong>Suor Nicole<\/strong> apre il discorso con una preghiera, poi mi annuncia all&#8217;equipe e presenta ufficialmente il mio programma di lavoro. Il canto sacro come incipit iniziale mi suona un po&#8217; bizzarro, ma prendo le cose come vengono.<br \/>\nQuesta formalit\u00e0 mi impegna per una quarantina di minuti.<\/p>\n<p>Al mio ritorno trovo un profumino di pollo al sugo ad accogliermi ed una camera da letto linda e pulita come non l&#8217;avevo pi\u00f9 avuta da prima di partire.<br \/>\nTanto \u00e8 luminosa che gi\u00e0 so di non riuscire mai pi\u00f9 a replicare un simile risultato, commosso faccio una foto per non dimenticare.<br \/>\nTempo mezza giornata e torner\u00e0 a dominare l&#8217;usuale tugurio che da sempre caratterizza la mia presenza in un luogo.<\/p>\n<p><img data-recalc-dims=\"1\" loading=\"lazy\" decoding=\"async\" class=\"alignnone wp-image-4146\" src=\"https:\/\/i0.wp.com\/cumse.org\/wp-content\/uploads\/2021\/01\/WhatsApp-Image-2021-01-05-at-20.27.02.jpeg?resize=503%2C377&#038;ssl=1\" alt=\"\" width=\"503\" height=\"377\" srcset=\"https:\/\/i0.wp.com\/cumse.org\/wp-content\/uploads\/2021\/01\/WhatsApp-Image-2021-01-05-at-20.27.02.jpeg?w=1600&amp;ssl=1 1600w, https:\/\/i0.wp.com\/cumse.org\/wp-content\/uploads\/2021\/01\/WhatsApp-Image-2021-01-05-at-20.27.02.jpeg?resize=1200%2C900&amp;ssl=1 1200w, https:\/\/i0.wp.com\/cumse.org\/wp-content\/uploads\/2021\/01\/WhatsApp-Image-2021-01-05-at-20.27.02.jpeg?resize=300%2C225&amp;ssl=1 300w, https:\/\/i0.wp.com\/cumse.org\/wp-content\/uploads\/2021\/01\/WhatsApp-Image-2021-01-05-at-20.27.02.jpeg?resize=1024%2C768&amp;ssl=1 1024w, https:\/\/i0.wp.com\/cumse.org\/wp-content\/uploads\/2021\/01\/WhatsApp-Image-2021-01-05-at-20.27.02.jpeg?resize=768%2C576&amp;ssl=1 768w, https:\/\/i0.wp.com\/cumse.org\/wp-content\/uploads\/2021\/01\/WhatsApp-Image-2021-01-05-at-20.27.02.jpeg?resize=1536%2C1152&amp;ssl=1 1536w, https:\/\/i0.wp.com\/cumse.org\/wp-content\/uploads\/2021\/01\/WhatsApp-Image-2021-01-05-at-20.27.02.jpeg?w=1280&amp;ssl=1 1280w\" sizes=\"auto, (max-width: 503px) 100vw, 503px\" \/><\/p>\n<p>Soumaya nel mentre, da brava matrona, si \u00e8 pure cambiata d&#8217;abito. Quanto pu\u00f2 essere adorabilmente vanitosa una bimba di 2 anni? Le ha gi\u00e0 tutte vinte!<\/p>\n<p>Dopo pranzo la vita scorre sempre molto serena. Mi metto sul divanetto del soggiorno a studiacchiare francese. Il maestro <strong>Joseph<\/strong> si presenta puntuale, per davvero sta volta. Vuole pregare prima di iniziare. NO, ANCHE LUI? Immaginate che il vostro insegnante di ripetizioni, subito dopo essere arrivato a casa, estragga un rosario dalla tasca<br \/>\ne vi prenda per mano dicendovi quanto ci tiene ad ritrovare insieme a voi la giusta energia per lo studio attraverso il divino. Qui si prega prima di fare la qualunque. Vorrei obiettare. Dire almeno che non c&#8217;\u00e8 bisogno di tutta questa formalit\u00e0. In fondo persino il prete brillantissimo (sostituto straordinario di padre Alloise) ha detto che sgranare il rosario a macchinetta non serve a nulla senza la spontaneit\u00e0.<\/p>\n<p>Il punto \u00e8 che a differenza mia, che sono in imbarazzo, Joseph \u00e8 completamente a suo agio, \u00e8 normalissimo per lui, come se fosse una stretta di mano un po&#8217; diversa, ma pur sempre un semplice saluto.<br \/>\nEh niente, taccio bellamente, trovo un sorriso nello scatolone degli oggetti smarriti e me lo appiccico in faccia. Tutto vorrei fuorch\u00e9 offenderlo, apprezzo la sua sincerit\u00e0 e sento di voler rispettare il suo credo. Forse ci sono ragioni ben pi\u00f9 profonde per cui il mio maestro sente il bisogno di esprimere la sua gratitudine ad alta voce, quanto pi\u00f9 spesso possibile. Probabilmente sarebbe sciocco ed anche un po&#8217; arrogante giudicarlo precipitosamente. Ho come la sensazione che, col tempo, capir\u00f2.<\/p>\n<table style=\"width: 100%; border-collapse: collapse;\" border=\"0\">\n<tbody>\n<tr>\n<td style=\"width: 100%; background-color: red; text-align: center; vertical-align: top;\">\n<h4><a href=\"\/fr\/servizio-civile-universale\/\"><span style=\"color: #ffffff;\"><strong>Per saperne di pi\u00f9 sul Servizio Civile Universale &#8211; SCU &#8211; clicca qu\u00ec!<\/strong><\/span><\/a><\/h4>\n<\/td>\n<\/tr>\n<\/tbody>\n<\/table>\n<p>Sia come sia, Joseph mi sta proprio simpatico e quindi cerco di dare il massimo mostrando tutti i miei progressi di lingua. Lui ne \u00e8 entusiasta, i complimenti mi mettono un po&#8217; a disagio anche se sfamano l&#8217;appetito atavico del mio ego. Chiss\u00e0 se Joseph si mette a pregare anche davanti ad un birroccio al baretto.<br \/>\nMi sta giusto sorgendo una certa curiosit\u00e0. Penso che mi ci vorranno ancora un paio di lezioni prima di prendermi impunemente la confidenza di invitarlo. Attendere \u00e8 la chiave di volta.<\/p>\n<p>Ore 18, il sole sta calando ma io voglio cacciare la testa fuori di casa. Vado da Godyene. Non c&#8217;\u00e8. In compenso trovo Manass\u00e8, Moses, Delphin, Pelagin e un altro ragazzo di cui non so ancora il nome (ma, a mia discolpa, so che studia biomedica).<br \/>\nIn un tennis linguistico iniziamo a scambiarci battute in francese, poi in italiano e ancora in un inglese misto ad una<br \/>\nlingua africana di cui non ho capito un ACCA. I pipistrelli cominciano a scorrazzare liberamente sopra le nostre teste. Il solo pensiero di quante zanzare verranno divorate dall&#8217;orda di questi piccoli cavalieri oscuri mi procura una gioia incommensurabile. Volate mie piccoli amici neri, razziate, depredate, fate man bassa, non voglio testimoni!<\/p>\n<p>Qui \u00e8 pi\u00f9 buio del solito, il generatore \u00e8 saltato per l&#8217;ennesima volta. Ho proprio ben presente il ricordo di quando Marcelin mi aveva assicurato il suo perfetto funzionamento.<br \/>\nSe, come no.<\/p>\n<p>Non c&#8217;\u00e8 acqua&#8230; peccato, mi tocca inaugurare il mio super letto profumatissimo nel peggiore dei modi: bello lercio!<\/p>","protected":false},"excerpt":{"rendered":"<p>Dopo aver isolato l&#8217;unica zanzara presente in casa nel soggiorno, mi sono coricato dolcemente. Ho dormito circa dalle 21 alle 6.30 e mi sono alzato pi\u00f9 carico del tipo vestito con le pelli di leopardo che urla sulle liane nella pubblicit\u00e0 delle Gocciole Pavesi. Sono talmente di buon umore che avrei voglia di fare una [&hellip;]<\/p>\n","protected":false},"author":1,"featured_media":4147,"comment_status":"closed","ping_status":"closed","sticky":false,"template":"","format":"standard","meta":{"_jetpack_memberships_contains_paid_content":false,"footnotes":""},"categories":[62],"tags":[68,67,65,66],"class_list":["post-3654","post","type-post","status-publish","format-standard","has-post-thumbnail","hentry","category-travaler","tag-camerun","tag-fondazione-cumse","tag-scu","tag-servizio-civile-universale"],"yoast_head":"<!-- This site is optimized with the Yoast SEO plugin v27.3 - https:\/\/yoast.com\/product\/yoast-seo-wordpress\/ -->\n<title>5 gennaio - Livin&#039; On A Prayer - Fondazione Cumse ETS<\/title>\n<meta name=\"description\" content=\"SCU - Valeryo Falcone, civilista di Fondazione Cumse, racconta la sua esperienza in modo leggero e divertente. SEGUITE LA SUA STORIA!\" \/>\n<meta name=\"robots\" content=\"index, follow, max-snippet:-1, max-image-preview:large, max-video-preview:-1\" \/>\n<link rel=\"canonical\" href=\"https:\/\/cumse.org\/fr\/livin-on-a-prayer-scu-in-camerun\/\" \/>\n<meta property=\"og:locale\" content=\"fr_FR\" \/>\n<meta property=\"og:type\" content=\"article\" \/>\n<meta property=\"og:title\" content=\"5 gennaio - Livin&#039; On A Prayer - Fondazione Cumse ETS\" \/>\n<meta property=\"og:description\" content=\"SCU - Valeryo Falcone, civilista di Fondazione Cumse, racconta la sua esperienza in modo leggero e divertente. SEGUITE LA SUA STORIA!\" \/>\n<meta property=\"og:url\" content=\"https:\/\/cumse.org\/fr\/livin-on-a-prayer-scu-in-camerun\/\" \/>\n<meta property=\"og:site_name\" content=\"Fondazione Cumse ETS\" \/>\n<meta property=\"article:published_time\" content=\"2021-01-05T11:07:39+00:00\" \/>\n<meta property=\"article:modified_time\" content=\"2021-03-04T13:43:40+00:00\" \/>\n<meta property=\"og:image\" content=\"https:\/\/cumse.org\/wp-content\/uploads\/2021\/01\/WhatsApp-Image-2021-01-05-at-20.25.22-1.jpeg\" \/>\n\t<meta property=\"og:image:width\" content=\"1200\" \/>\n\t<meta property=\"og:image:height\" content=\"1600\" \/>\n\t<meta property=\"og:image:type\" content=\"image\/jpeg\" \/>\n<meta name=\"author\" content=\"admin\" \/>\n<meta name=\"twitter:card\" content=\"summary_large_image\" \/>\n<meta name=\"twitter:label1\" content=\"\u00c9crit par\" \/>\n\t<meta name=\"twitter:data1\" content=\"admin\" \/>\n\t<meta name=\"twitter:label2\" content=\"Dur\u00e9e de lecture estim\u00e9e\" \/>\n\t<meta name=\"twitter:data2\" content=\"6 minutes\" \/>\n<script type=\"application\/ld+json\" class=\"yoast-schema-graph\">{\"@context\":\"https:\\\/\\\/schema.org\",\"@graph\":[{\"@type\":\"Article\",\"@id\":\"https:\\\/\\\/cumse.org\\\/livin-on-a-prayer-scu-in-camerun\\\/#article\",\"isPartOf\":{\"@id\":\"https:\\\/\\\/cumse.org\\\/livin-on-a-prayer-scu-in-camerun\\\/\"},\"author\":{\"name\":\"admin\",\"@id\":\"https:\\\/\\\/cumse.org\\\/#\\\/schema\\\/person\\\/d8802c7f9d251c013018b375be80cb06\"},\"headline\":\"5 gennaio &#8211; Livin&#8217; On A Prayer\",\"datePublished\":\"2021-01-05T11:07:39+00:00\",\"dateModified\":\"2021-03-04T13:43:40+00:00\",\"mainEntityOfPage\":{\"@id\":\"https:\\\/\\\/cumse.org\\\/livin-on-a-prayer-scu-in-camerun\\\/\"},\"wordCount\":1237,\"image\":{\"@id\":\"https:\\\/\\\/cumse.org\\\/livin-on-a-prayer-scu-in-camerun\\\/#primaryimage\"},\"thumbnailUrl\":\"https:\\\/\\\/i0.wp.com\\\/cumse.org\\\/wp-content\\\/uploads\\\/2021\\\/01\\\/WhatsApp-Image-2021-01-05-at-20.25.22-1.jpeg?fit=1200%2C1600&ssl=1\",\"keywords\":[\"Camerun\",\"Fondazione Cumse\",\"SCU\",\"Servizio Civile Universale\"],\"articleSection\":[\"TrAvaler\"],\"inLanguage\":\"fr-FR\"},{\"@type\":\"WebPage\",\"@id\":\"https:\\\/\\\/cumse.org\\\/livin-on-a-prayer-scu-in-camerun\\\/\",\"url\":\"https:\\\/\\\/cumse.org\\\/livin-on-a-prayer-scu-in-camerun\\\/\",\"name\":\"5 gennaio - Livin' On A Prayer - Fondazione Cumse ETS\",\"isPartOf\":{\"@id\":\"https:\\\/\\\/cumse.org\\\/#website\"},\"primaryImageOfPage\":{\"@id\":\"https:\\\/\\\/cumse.org\\\/livin-on-a-prayer-scu-in-camerun\\\/#primaryimage\"},\"image\":{\"@id\":\"https:\\\/\\\/cumse.org\\\/livin-on-a-prayer-scu-in-camerun\\\/#primaryimage\"},\"thumbnailUrl\":\"https:\\\/\\\/i0.wp.com\\\/cumse.org\\\/wp-content\\\/uploads\\\/2021\\\/01\\\/WhatsApp-Image-2021-01-05-at-20.25.22-1.jpeg?fit=1200%2C1600&ssl=1\",\"datePublished\":\"2021-01-05T11:07:39+00:00\",\"dateModified\":\"2021-03-04T13:43:40+00:00\",\"author\":{\"@id\":\"https:\\\/\\\/cumse.org\\\/#\\\/schema\\\/person\\\/d8802c7f9d251c013018b375be80cb06\"},\"description\":\"SCU - Valeryo Falcone, civilista di Fondazione Cumse, racconta la sua esperienza in modo leggero e divertente. SEGUITE LA SUA STORIA!\",\"breadcrumb\":{\"@id\":\"https:\\\/\\\/cumse.org\\\/livin-on-a-prayer-scu-in-camerun\\\/#breadcrumb\"},\"inLanguage\":\"fr-FR\",\"potentialAction\":[{\"@type\":\"ReadAction\",\"target\":[\"https:\\\/\\\/cumse.org\\\/livin-on-a-prayer-scu-in-camerun\\\/\"]}]},{\"@type\":\"ImageObject\",\"inLanguage\":\"fr-FR\",\"@id\":\"https:\\\/\\\/cumse.org\\\/livin-on-a-prayer-scu-in-camerun\\\/#primaryimage\",\"url\":\"https:\\\/\\\/i0.wp.com\\\/cumse.org\\\/wp-content\\\/uploads\\\/2021\\\/01\\\/WhatsApp-Image-2021-01-05-at-20.25.22-1.jpeg?fit=1200%2C1600&ssl=1\",\"contentUrl\":\"https:\\\/\\\/i0.wp.com\\\/cumse.org\\\/wp-content\\\/uploads\\\/2021\\\/01\\\/WhatsApp-Image-2021-01-05-at-20.25.22-1.jpeg?fit=1200%2C1600&ssl=1\",\"width\":1200,\"height\":1600},{\"@type\":\"BreadcrumbList\",\"@id\":\"https:\\\/\\\/cumse.org\\\/livin-on-a-prayer-scu-in-camerun\\\/#breadcrumb\",\"itemListElement\":[{\"@type\":\"ListItem\",\"position\":1,\"name\":\"Home\",\"item\":\"https:\\\/\\\/cumse.org\\\/\"},{\"@type\":\"ListItem\",\"position\":2,\"name\":\"5 gennaio &#8211; Livin&#8217; On A Prayer\"}]},{\"@type\":\"WebSite\",\"@id\":\"https:\\\/\\\/cumse.org\\\/#website\",\"url\":\"https:\\\/\\\/cumse.org\\\/\",\"name\":\"Fondazione Cumse ETS\",\"description\":\"Siamo dove gli altri distolgono lo sguardo\",\"potentialAction\":[{\"@type\":\"SearchAction\",\"target\":{\"@type\":\"EntryPoint\",\"urlTemplate\":\"https:\\\/\\\/cumse.org\\\/?s={search_term_string}\"},\"query-input\":{\"@type\":\"PropertyValueSpecification\",\"valueRequired\":true,\"valueName\":\"search_term_string\"}}],\"inLanguage\":\"fr-FR\"},{\"@type\":\"Person\",\"@id\":\"https:\\\/\\\/cumse.org\\\/#\\\/schema\\\/person\\\/d8802c7f9d251c013018b375be80cb06\",\"name\":\"admin\",\"image\":{\"@type\":\"ImageObject\",\"inLanguage\":\"fr-FR\",\"@id\":\"https:\\\/\\\/secure.gravatar.com\\\/avatar\\\/7fcee464d094e0b490b50408a0c7356276eedd5a17796d503ee821451b764c37?s=96&d=mm&r=g\",\"url\":\"https:\\\/\\\/secure.gravatar.com\\\/avatar\\\/7fcee464d094e0b490b50408a0c7356276eedd5a17796d503ee821451b764c37?s=96&d=mm&r=g\",\"contentUrl\":\"https:\\\/\\\/secure.gravatar.com\\\/avatar\\\/7fcee464d094e0b490b50408a0c7356276eedd5a17796d503ee821451b764c37?s=96&d=mm&r=g\",\"caption\":\"admin\"}}]}<\/script>\n<!-- \/ Yoast SEO plugin. -->","yoast_head_json":{"title":"5 gennaio - Livin' On A Prayer - Fondazione Cumse ETS","description":"SCU - Valeryo Falcone, civilista di Fondazione Cumse, racconta la sua esperienza in modo leggero e divertente. SEGUITE LA SUA STORIA!","robots":{"index":"index","follow":"follow","max-snippet":"max-snippet:-1","max-image-preview":"max-image-preview:large","max-video-preview":"max-video-preview:-1"},"canonical":"https:\/\/cumse.org\/fr\/livin-on-a-prayer-scu-in-camerun\/","og_locale":"fr_FR","og_type":"article","og_title":"5 gennaio - Livin' On A Prayer - Fondazione Cumse ETS","og_description":"SCU - Valeryo Falcone, civilista di Fondazione Cumse, racconta la sua esperienza in modo leggero e divertente. SEGUITE LA SUA STORIA!","og_url":"https:\/\/cumse.org\/fr\/livin-on-a-prayer-scu-in-camerun\/","og_site_name":"Fondazione Cumse ETS","article_published_time":"2021-01-05T11:07:39+00:00","article_modified_time":"2021-03-04T13:43:40+00:00","og_image":[{"width":1200,"height":1600,"url":"https:\/\/cumse.org\/wp-content\/uploads\/2021\/01\/WhatsApp-Image-2021-01-05-at-20.25.22-1.jpeg","type":"image\/jpeg"}],"author":"admin","twitter_card":"summary_large_image","twitter_misc":{"\u00c9crit par":"admin","Dur\u00e9e de lecture estim\u00e9e":"6 minutes"},"schema":{"@context":"https:\/\/schema.org","@graph":[{"@type":"Article","@id":"https:\/\/cumse.org\/livin-on-a-prayer-scu-in-camerun\/#article","isPartOf":{"@id":"https:\/\/cumse.org\/livin-on-a-prayer-scu-in-camerun\/"},"author":{"name":"admin","@id":"https:\/\/cumse.org\/#\/schema\/person\/d8802c7f9d251c013018b375be80cb06"},"headline":"5 gennaio &#8211; Livin&#8217; On A Prayer","datePublished":"2021-01-05T11:07:39+00:00","dateModified":"2021-03-04T13:43:40+00:00","mainEntityOfPage":{"@id":"https:\/\/cumse.org\/livin-on-a-prayer-scu-in-camerun\/"},"wordCount":1237,"image":{"@id":"https:\/\/cumse.org\/livin-on-a-prayer-scu-in-camerun\/#primaryimage"},"thumbnailUrl":"https:\/\/i0.wp.com\/cumse.org\/wp-content\/uploads\/2021\/01\/WhatsApp-Image-2021-01-05-at-20.25.22-1.jpeg?fit=1200%2C1600&ssl=1","keywords":["Camerun","Fondazione Cumse","SCU","Servizio Civile Universale"],"articleSection":["TrAvaler"],"inLanguage":"fr-FR"},{"@type":"WebPage","@id":"https:\/\/cumse.org\/livin-on-a-prayer-scu-in-camerun\/","url":"https:\/\/cumse.org\/livin-on-a-prayer-scu-in-camerun\/","name":"5 gennaio - Livin' On A Prayer - Fondazione Cumse ETS","isPartOf":{"@id":"https:\/\/cumse.org\/#website"},"primaryImageOfPage":{"@id":"https:\/\/cumse.org\/livin-on-a-prayer-scu-in-camerun\/#primaryimage"},"image":{"@id":"https:\/\/cumse.org\/livin-on-a-prayer-scu-in-camerun\/#primaryimage"},"thumbnailUrl":"https:\/\/i0.wp.com\/cumse.org\/wp-content\/uploads\/2021\/01\/WhatsApp-Image-2021-01-05-at-20.25.22-1.jpeg?fit=1200%2C1600&ssl=1","datePublished":"2021-01-05T11:07:39+00:00","dateModified":"2021-03-04T13:43:40+00:00","author":{"@id":"https:\/\/cumse.org\/#\/schema\/person\/d8802c7f9d251c013018b375be80cb06"},"description":"SCU - Valeryo Falcone, civilista di Fondazione Cumse, racconta la sua esperienza in modo leggero e divertente. SEGUITE LA SUA STORIA!","breadcrumb":{"@id":"https:\/\/cumse.org\/livin-on-a-prayer-scu-in-camerun\/#breadcrumb"},"inLanguage":"fr-FR","potentialAction":[{"@type":"ReadAction","target":["https:\/\/cumse.org\/livin-on-a-prayer-scu-in-camerun\/"]}]},{"@type":"ImageObject","inLanguage":"fr-FR","@id":"https:\/\/cumse.org\/livin-on-a-prayer-scu-in-camerun\/#primaryimage","url":"https:\/\/i0.wp.com\/cumse.org\/wp-content\/uploads\/2021\/01\/WhatsApp-Image-2021-01-05-at-20.25.22-1.jpeg?fit=1200%2C1600&ssl=1","contentUrl":"https:\/\/i0.wp.com\/cumse.org\/wp-content\/uploads\/2021\/01\/WhatsApp-Image-2021-01-05-at-20.25.22-1.jpeg?fit=1200%2C1600&ssl=1","width":1200,"height":1600},{"@type":"BreadcrumbList","@id":"https:\/\/cumse.org\/livin-on-a-prayer-scu-in-camerun\/#breadcrumb","itemListElement":[{"@type":"ListItem","position":1,"name":"Home","item":"https:\/\/cumse.org\/"},{"@type":"ListItem","position":2,"name":"5 gennaio &#8211; Livin&#8217; On A Prayer"}]},{"@type":"WebSite","@id":"https:\/\/cumse.org\/#website","url":"https:\/\/cumse.org\/","name":"Fondazione Cumse ETS","description":"Siamo dove gli altri distolgono lo sguardo","potentialAction":[{"@type":"SearchAction","target":{"@type":"EntryPoint","urlTemplate":"https:\/\/cumse.org\/?s={search_term_string}"},"query-input":{"@type":"PropertyValueSpecification","valueRequired":true,"valueName":"search_term_string"}}],"inLanguage":"fr-FR"},{"@type":"Person","@id":"https:\/\/cumse.org\/#\/schema\/person\/d8802c7f9d251c013018b375be80cb06","name":"admin","image":{"@type":"ImageObject","inLanguage":"fr-FR","@id":"https:\/\/secure.gravatar.com\/avatar\/7fcee464d094e0b490b50408a0c7356276eedd5a17796d503ee821451b764c37?s=96&d=mm&r=g","url":"https:\/\/secure.gravatar.com\/avatar\/7fcee464d094e0b490b50408a0c7356276eedd5a17796d503ee821451b764c37?s=96&d=mm&r=g","contentUrl":"https:\/\/secure.gravatar.com\/avatar\/7fcee464d094e0b490b50408a0c7356276eedd5a17796d503ee821451b764c37?s=96&d=mm&r=g","caption":"admin"}}]}},"jetpack_featured_media_url":"https:\/\/i0.wp.com\/cumse.org\/wp-content\/uploads\/2021\/01\/WhatsApp-Image-2021-01-05-at-20.25.22-1.jpeg?fit=1200%2C1600&ssl=1","jetpack_sharing_enabled":true,"_links":{"self":[{"href":"https:\/\/cumse.org\/fr\/wp-json\/wp\/v2\/posts\/3654","targetHints":{"allow":["GET"]}}],"collection":[{"href":"https:\/\/cumse.org\/fr\/wp-json\/wp\/v2\/posts"}],"about":[{"href":"https:\/\/cumse.org\/fr\/wp-json\/wp\/v2\/types\/post"}],"author":[{"embeddable":true,"href":"https:\/\/cumse.org\/fr\/wp-json\/wp\/v2\/users\/1"}],"replies":[{"embeddable":true,"href":"https:\/\/cumse.org\/fr\/wp-json\/wp\/v2\/comments?post=3654"}],"version-history":[{"count":0,"href":"https:\/\/cumse.org\/fr\/wp-json\/wp\/v2\/posts\/3654\/revisions"}],"wp:featuredmedia":[{"embeddable":true,"href":"https:\/\/cumse.org\/fr\/wp-json\/wp\/v2\/media\/4147"}],"wp:attachment":[{"href":"https:\/\/cumse.org\/fr\/wp-json\/wp\/v2\/media?parent=3654"}],"wp:term":[{"taxonomy":"category","embeddable":true,"href":"https:\/\/cumse.org\/fr\/wp-json\/wp\/v2\/categories?post=3654"},{"taxonomy":"post_tag","embeddable":true,"href":"https:\/\/cumse.org\/fr\/wp-json\/wp\/v2\/tags?post=3654"}],"curies":[{"name":"wp","href":"https:\/\/api.w.org\/{rel}","templated":true}]}}