{"id":3651,"date":"2021-01-04T16:48:03","date_gmt":"2021-01-04T15:48:03","guid":{"rendered":"https:\/\/cumse.org\/?p=3651"},"modified":"2021-02-22T12:22:29","modified_gmt":"2021-02-22T11:22:29","slug":"notte-di-safari-scu-in-camerun","status":"publish","type":"post","link":"https:\/\/cumse.org\/fr\/notte-di-safari-scu-in-camerun\/","title":{"rendered":"4 gennaio &#8211; Notte di safari"},"content":{"rendered":"<p><strong>Zzzzz. Zzzzz. Ziiip.<\/strong><\/p>\n<p>E&#8217; questo il suono che mi ronza nell&#8217;orecchio sinistro all&#8217;1.40 del mattino. Ok c&#8217;\u00e8 una zanzara, non \u00e8 cos\u00ec grave. Zzzz&#8230; zzzz&#8230; ziiip.<br \/>\nMi giro sul fianco. Zzzz&#8230; mi giro sul fianco opposto. Zzzz&#8230; lenzuolo sulla testa. Zzzz&#8230; attendo quel rumorino pi\u00f9 acuto che giunge quando l&#8217;infame \u00e8 pronta a pungere, ecco lo: ziiip.<\/p>\n<p>SCIAFF! Mi tiro uno schiaffo sulla guancia. Zzzz&#8230; mancata. Altro schiaffo&#8230; mancata ma porc*! Agito le mani a cagnolino annaspando.<br \/>\nZzzz. <strong>E guerra sia<\/strong>. Afferro il telefono con una mano, nell&#8217;altra l&#8217;ormai fedelissima infradito. I cani iniziano ad abbaiare.<\/p>\n<p>Normalmente, verso le due, sento spesso il vociare dei quadrupedi annunciare l&#8217;imminente canto orientale del muezzin, fa parte del pacchetto &#8220;notti nella savana&#8221; e finora non mi ha mai impedito di continuare a dormire, mi piacciono i loro gutturali guaiti. <strong>Sta notte per\u00f2 tutto \u00e8 insopportabile<\/strong>. A furia di schiaffi ho l&#8217;adrenalina a mille.<br \/>\nSo gi\u00e0 che sar\u00e0 molto difficile riaddormentarsi. Ho la torcia del telefono accesa, la ciabatta in mano, sono seduto sulla sponda del letto in attesa di un rumore, un singolo errore, tanto unico quanto fatale.<\/p>\n<p>Niente. Forse ha percepito il <strong>pericolo mortale<\/strong>. Se l&#8217;\u00e8 fatta sotto! Ziiip. Mi ha punto sul tallone destro. Ma puoi? Son qua,<br \/>\nteso come un fascio di nervi pronto all&#8217;assalto e non mi sono nemmeno accorto di averla a 1 mm di distanza? Namo bene. Mi sdraio con in pugno le mie armi. Ho mollato il cellulare e ho afferrato anche l&#8217;altra ciabatta. Mi sono trasformato nella mia personalissima versione di <strong><a href=\"https:\/\/it.wikipedia.org\/wiki\/Lara_Croft\">Lara Croft<\/a><\/strong>. Le cose in comune?<br \/>\nEntrambi abbiamo le mani occupate. Per il resto lei \u00e8 una sventola da urlo io, invece, solo un lontano parente di qualche primate.<\/p>\n<p>Socchiudo le palpebre. Deve essere sazia ormai.<br \/>\nForse forse mi riaddormento. Dai sar\u00f2 clemente, per questa volta passi. Dopotutto aveva solo fame. Un po&#8217; di sangue cosa vuoi che sia? Aspetta un po&#8217;?<br \/>\nZzzz. Non ce la faccio, con un colpo di tomaia accendo la luce. Sono le tre, parte il <strong><a href=\"https:\/\/it.wikipedia.org\/wiki\/Muezzin\">muezzin<\/a><\/strong>. Ho gli occhi iniettati di sangue, la vena della fronte che pulsa come un subwoofer scandendo ad ogni battito una lettera della parola MORTE! <strong>Dichiaro aperto il Safari.<\/strong><\/p>\n<p>Mi alzo e inizio a scandagliare tutta la camera, palmo a palmo, i muri, le piastrelle, le crepe, trovo due ragnetti innocui, li secco sul posto, desolato, NON SI SALVERA&#8217; NESSUNO. Non riesco a vederla.<br \/>\nPerlustro il bagno, niente. Rifaccio il giro delle quattro mura. Nada. E&#8217; anche intelligente la viscida!<\/p>\n<p>L&#8217;attesa \u00e8 il preludio del gusto. <strong>Non potr\u00e0 nascondersi per sempre<\/strong>. In questo modo non fa altro che alimentare la mia<br \/>\nsete di vendetta. Ho l&#8217;interruttore della luce proprio sulla testata del letto. Molto comodo per la caccia.<br \/>\nElaboro un piano. Spengo la luce e mi tengo pronto ad accenderla in caso di rumore. Mi siedo a gambe incrociate sul letto e attendo infradito munito.<br \/>\nZzzz. Accendo in un secondo. La vedo ma solo per un istante, si mimetizza sugli sfondi scuri e mi scappa. <strong>Balorda maledetta!<\/strong> Mi giro e la trovo ostinata all&#8217;altezza del petto, non solo aggressiva ma anche impudente, sottovalutarmi in tal maniera!<\/p>\n<p>Ripercorro il perimetro della stanza con le ciabatte dietro la schiena come se avessi il timore di rivelare le mie sanguinose intenzioni. Ma siamo proprio sicuri che si tratti di una zanzara?<br \/>\nRappresenta l&#8217;incarnazione di tutti i principi evolutivi darwiniani. Di sicuro, tra i suoi simili, \u00e8 un peso massimo. Vorrei potervi dire di essere ancora in uno stato di decenza, ma la verit\u00e0 \u00e8 che sono pi\u00f9 disperato di Tom Hanks in &#8220;<a href=\"https:\/\/it.wikipedia.org\/wiki\/Cast_Away\">Cast away<\/a>&#8220;. Tocco il gilet di <strong>Cumse<\/strong>, blu scuro. Percepisco un rumore.<\/p>\n<p>Ma certo! La diabolica bestiola si \u00e8 nascosta dove non posso vederla. Afferro il gilet, lo getto in un angolo, ce l&#8217;ho in pugno, non ha scampo. <strong>Sbaam!<\/strong> Una botta che avr\u00e0 svegliato anche il muezzin. Avrei voluto infierire sul corpo esanime del nemico ma, del corpo non v&#8217;\u00e8 pi\u00f9 traccia. Che sia sopravvissuta?<br \/>\nOsservo meglio, due macchie di sangue fresco simmetriche sulle suole delle infradito mi danno la conferma finale: bersaglio centrato. <strong>VITTORIA<\/strong>.<\/p>\n<p>Che ore saranno? Le 4&#8230; stento a crederci. Va beh posso sdraiarmi in pace. Tengo comunque una ciabatta al mio fianco, una versione tutta africana del peluche. <strong>Zzzz. Non pu\u00f2 essere<\/strong>. Che sia tornata dagli inferi per farmela pagare cara? Impossibile. Ho una sola finestra e c&#8217;\u00e8 anche la zanzariera come pu\u00f2 essercene un&#8217;altra?<\/p>\n<p>Accendo la luce. Nulla a che vedere con l&#8217;avversario precedente.<br \/>\nQuesta \u00e8 completamente scema, l\u00ec bella tranquilla poggiata al muro, su fondo chiaro. Servita su un piatto d&#8217;argento. <strong>Sbaaam!<\/strong> Mi prudono le orecchie, mi sa che ho aizzato la furia il muezzin per davvero. Morta inutilmente com&#8217;era vissuta, di lei non rimane che una leggera macchiolina sul muro. Un&#8217;altra tacca sulla mia ciabatta. Le 5 meno venti.<\/p>\n<p>Dannazione. Mi alzo completamente rimbambito verso le 9.30. Che giorno \u00e8 oggi? Mi sa che ho l&#8217;appuntamento in ufficio con <strong>suor Nicole.<\/strong> Mi vesto svogliatamente, mangio gli ultimi benni\u00e8 e preparo un litro di infuso all&#8217;artemisia amarissimo. Dopo l&#8217;esperienza di sta notte conviene!<br \/>\nMi siedo con la mia tazza, alzo lo sguardo e vedo un ragno grande come una mano. Mi fa rabbia ma ormai posso gestirlo, bevo prima e poi sistem&#8230; una Mende gigante giace morente in mezzo al salone. Scatto dalla sedia, spruzzo l&#8217;insetticida prima sulla blatta mezza morta e poi sul ragno. Quest&#8217;ultimo si da alla fuga in una fessura del contro soffitto. No problem, SO DOVE ABITI BASTARDO! Tiro un calcio allo scarafaggio scaraventandolo fuori dalla porta di casa.<\/p>\n<p>Godyene mi trova da solo mentre tiro insulti ad alta voce contro lo scalino. Mi chiede se ho dormito bene. Temporeggio dicendo che devo andare in ufficio, le racconter\u00f2 pi\u00f9 tardi. Non sono abbastanza lucido al momento. Trovo <strong>Sophie<\/strong> sulla soglia dell&#8217;edificio, la saluto. Vuole sapere il motivo della visita.<br \/>\nLe ricordo che oggi abbiamo la riunione. Mi ricorda che la riunione \u00e8 domani. <strong>Se non convivessi da 28 anni con me stesso non reggerei ad una giorno come questo.<\/strong><br \/>\nFortunatamente sono molto ben allenato.<\/p>\n<p>Certo che la riunione \u00e8 domani, l&#8217;ho anche scritto sull&#8217;AGENDA. Forse segretamente amo i paradossi. Ringrazio Sophie e me ne torno a casa. Lo sapeva anche Godyene che la riunione era domani.<br \/>\nGrazie per avermelo detto solo adesso! Le racconto della mia nottata sventurata mentre Soumaya mi sta in braccio alternando le due seguenti azioni: un po&#8217; mi morde e un po&#8217; mi pianta le unghie nella faccia ovviamente ridendo contenta. Le donne, valle a capire!<\/p>\n<p>Vorrei arrabbiarmi ma Godyene mi rivela che sta notte anche la piccolina non ha dormito bene, si \u00e8 svegliata urlando il mio nome. Avr\u00e0 percepito tutte le mie pene, povera stellina. Ecco brava mordi pi\u00f9 forte, vai alla giugulare. Cos\u00ec! (Sono uno di quelli che fa le vocine ai bambini, mi odio per questo, odio tutti coloro che lo fanno ma non so come smettere, vale se mi gioco la carta dell&#8217;infermit\u00e0 mentale?).<\/p>\n<p>A farci compagnia oggi c\u2019\u00e8 anche il piccolo Baue, il quale non esita a calciare due tiri con me in soggiorno <strong>indossando il mio cappello<\/strong> (una delle ragioni per cui vivere da soli: puoi giocare a calcio in casa).<br \/>\nA pranzo ho mangiato un chilo di fagioli al sugo con il riso bianco. Galattici. Ho una mongolfiera al posto dello stomaco. Mi stendo un po&#8217;. Vedo degli insettini saltellare. Ora, io non ho mai avuto n\u00e8 visto le pulci in vita mia, ma da quel che mi ricordo dei cartoni di &#8220;Tom &amp; Jerry&#8221; a me pare proprio che siano pulci. O pidocchi? BOH!<\/p>\n<p>Per la prima volta gioisco della calvizie. Sono pur sempre un codardo, domani mi rado la barba, non si sa mai. Decido di non voler scoprire di che si tratta, Godyene sapr\u00e0 cosa fare.<br \/>\nGiaccio sul letto per un paio d&#8217;ore. Sono libero fino alle 18, poi avr\u00f2 lezione di francese con <strong>Joseph<\/strong>. Ci siamo scambiati anche i numeri di telefono di modo da gestire gli imprevisti. O almeno cos\u00ec mi aveva detto. O almeno cos\u00ec avevo capito.<\/p>\n<p><img data-recalc-dims=\"1\" loading=\"lazy\" decoding=\"async\" class=\"wp-image-4130  alignleft\" src=\"https:\/\/i0.wp.com\/cumse.org\/wp-content\/uploads\/2021\/01\/WhatsApp-Image-2021-01-04-at-20.40.36.jpeg?resize=430%2C322&#038;ssl=1\" alt=\"\" width=\"430\" height=\"322\" srcset=\"https:\/\/i0.wp.com\/cumse.org\/wp-content\/uploads\/2021\/01\/WhatsApp-Image-2021-01-04-at-20.40.36.jpeg?w=1280&amp;ssl=1 1280w, https:\/\/i0.wp.com\/cumse.org\/wp-content\/uploads\/2021\/01\/WhatsApp-Image-2021-01-04-at-20.40.36.jpeg?resize=1200%2C900&amp;ssl=1 1200w, https:\/\/i0.wp.com\/cumse.org\/wp-content\/uploads\/2021\/01\/WhatsApp-Image-2021-01-04-at-20.40.36.jpeg?resize=300%2C225&amp;ssl=1 300w, https:\/\/i0.wp.com\/cumse.org\/wp-content\/uploads\/2021\/01\/WhatsApp-Image-2021-01-04-at-20.40.36.jpeg?resize=1024%2C768&amp;ssl=1 1024w, https:\/\/i0.wp.com\/cumse.org\/wp-content\/uploads\/2021\/01\/WhatsApp-Image-2021-01-04-at-20.40.36.jpeg?resize=768%2C576&amp;ssl=1 768w\" sizes=\"auto, (max-width: 430px) 100vw, 430px\" \/><\/p>\n<p>Joseph si presenta alle 16.30 e mi dice che, se per me non \u00e8 un problema, sarebbe pi\u00f9 comodo anticipare la lezione. <em>&#8220;Quando?&#8221; &#8220;Subito va bene&#8221;<\/em>.<\/p>\n<p>Non ho impegni particolari. Articoli determinativi, accenti, dittonghi e pronunce per oggi.<br \/>\nDomani interrogazione.<br \/>\nE&#8217; davvero un buon insegnante, molto vitale, entusiasta, dice che per lui \u00e8 importante avere allievi volenterosi. E&#8217; fortunato, per la prima volta nella vita ho voglia di studiare. 1 h e 30 di lezione a manetta. A modo suo \u00e8 stata una giornata lunga, meglio bere un bel bicchiere di artemisia per scongiurare qualsiasi probabilit\u00e0 di rivivere un&#8217;esperienza simile.<\/p>\n<p>Nicol\u00e0 e Brenda mi fanno compagnia, \u00e8 bello bere una tazza tutti insieme alle luci del tramonto.<br \/>\nI complimenti del mio maestro mi hanno rincuorato un po&#8217;. A chi non giova l&#8217;adulazione? Potrei quasi dirmi soddisfatto.<\/p>\n<p>Saluto i miei amichetti, mi chiudo la porta alle spalle e&#8230; Zzzz. Zzzz.<br \/>\nDitemi che non \u00e8 vero!<\/p>","protected":false},"excerpt":{"rendered":"<p>Zzzzz. Zzzzz. Ziiip. E&#8217; questo il suono che mi ronza nell&#8217;orecchio sinistro all&#8217;1.40 del mattino. Ok c&#8217;\u00e8 una zanzara, non \u00e8 cos\u00ec grave. Zzzz&#8230; zzzz&#8230; ziiip. Mi giro sul fianco. Zzzz&#8230; mi giro sul fianco opposto. Zzzz&#8230; lenzuolo sulla testa. Zzzz&#8230; attendo quel rumorino pi\u00f9 acuto che giunge quando l&#8217;infame \u00e8 pronta a pungere, ecco [&hellip;]<\/p>\n","protected":false},"author":1,"featured_media":4129,"comment_status":"closed","ping_status":"closed","sticky":false,"template":"","format":"standard","meta":{"_jetpack_memberships_contains_paid_content":false,"footnotes":""},"categories":[62],"tags":[68,67,65,66],"class_list":["post-3651","post","type-post","status-publish","format-standard","has-post-thumbnail","hentry","category-travaler","tag-camerun","tag-fondazione-cumse","tag-scu","tag-servizio-civile-universale"],"yoast_head":"<!-- This site is optimized with the Yoast SEO plugin v27.3 - https:\/\/yoast.com\/product\/yoast-seo-wordpress\/ -->\n<title>4 gennaio - Notte di safari - Fondazione Cumse ETS<\/title>\n<meta name=\"description\" content=\"SCU - Valeryo Falcone, civilista di Fondazione Cumse, racconta la sua esperienza in modo leggero e divertente. SEGUITE LA SUA STORIA!\" \/>\n<meta name=\"robots\" content=\"index, follow, max-snippet:-1, max-image-preview:large, max-video-preview:-1\" \/>\n<link rel=\"canonical\" href=\"https:\/\/cumse.org\/fr\/notte-di-safari-scu-in-camerun\/\" \/>\n<meta property=\"og:locale\" content=\"fr_FR\" \/>\n<meta property=\"og:type\" content=\"article\" \/>\n<meta property=\"og:title\" content=\"4 gennaio - Notte di safari - Fondazione Cumse ETS\" \/>\n<meta property=\"og:description\" content=\"SCU - Valeryo Falcone, civilista di Fondazione Cumse, racconta la sua esperienza in modo leggero e divertente. SEGUITE LA SUA STORIA!\" \/>\n<meta property=\"og:url\" content=\"https:\/\/cumse.org\/fr\/notte-di-safari-scu-in-camerun\/\" \/>\n<meta property=\"og:site_name\" content=\"Fondazione Cumse ETS\" \/>\n<meta property=\"article:published_time\" content=\"2021-01-04T15:48:03+00:00\" \/>\n<meta property=\"article:modified_time\" content=\"2021-02-22T11:22:29+00:00\" \/>\n<meta property=\"og:image\" content=\"https:\/\/cumse.org\/wp-content\/uploads\/2021\/01\/WhatsApp-Image-2021-01-04-at-20.40.34-e1615825074984.jpeg\" \/>\n\t<meta property=\"og:image:width\" content=\"960\" \/>\n\t<meta property=\"og:image:height\" content=\"838\" \/>\n\t<meta property=\"og:image:type\" content=\"image\/jpeg\" \/>\n<meta name=\"author\" content=\"admin\" \/>\n<meta name=\"twitter:card\" content=\"summary_large_image\" \/>\n<meta name=\"twitter:label1\" content=\"\u00c9crit par\" \/>\n\t<meta name=\"twitter:data1\" content=\"admin\" \/>\n\t<meta name=\"twitter:label2\" content=\"Dur\u00e9e de lecture estim\u00e9e\" \/>\n\t<meta name=\"twitter:data2\" content=\"7 minutes\" \/>\n<script type=\"application\/ld+json\" class=\"yoast-schema-graph\">{\"@context\":\"https:\\\/\\\/schema.org\",\"@graph\":[{\"@type\":\"Article\",\"@id\":\"https:\\\/\\\/cumse.org\\\/notte-di-safari-scu-in-camerun\\\/#article\",\"isPartOf\":{\"@id\":\"https:\\\/\\\/cumse.org\\\/notte-di-safari-scu-in-camerun\\\/\"},\"author\":{\"name\":\"admin\",\"@id\":\"https:\\\/\\\/cumse.org\\\/#\\\/schema\\\/person\\\/d8802c7f9d251c013018b375be80cb06\"},\"headline\":\"4 gennaio &#8211; Notte di safari\",\"datePublished\":\"2021-01-04T15:48:03+00:00\",\"dateModified\":\"2021-02-22T11:22:29+00:00\",\"mainEntityOfPage\":{\"@id\":\"https:\\\/\\\/cumse.org\\\/notte-di-safari-scu-in-camerun\\\/\"},\"wordCount\":1473,\"image\":{\"@id\":\"https:\\\/\\\/cumse.org\\\/notte-di-safari-scu-in-camerun\\\/#primaryimage\"},\"thumbnailUrl\":\"https:\\\/\\\/i0.wp.com\\\/cumse.org\\\/wp-content\\\/uploads\\\/2021\\\/01\\\/WhatsApp-Image-2021-01-04-at-20.40.34-e1615825074984.jpeg?fit=960%2C838&ssl=1\",\"keywords\":[\"Camerun\",\"Fondazione Cumse\",\"SCU\",\"Servizio Civile Universale\"],\"articleSection\":[\"TrAvaler\"],\"inLanguage\":\"fr-FR\"},{\"@type\":\"WebPage\",\"@id\":\"https:\\\/\\\/cumse.org\\\/notte-di-safari-scu-in-camerun\\\/\",\"url\":\"https:\\\/\\\/cumse.org\\\/notte-di-safari-scu-in-camerun\\\/\",\"name\":\"4 gennaio - Notte di safari - Fondazione Cumse ETS\",\"isPartOf\":{\"@id\":\"https:\\\/\\\/cumse.org\\\/#website\"},\"primaryImageOfPage\":{\"@id\":\"https:\\\/\\\/cumse.org\\\/notte-di-safari-scu-in-camerun\\\/#primaryimage\"},\"image\":{\"@id\":\"https:\\\/\\\/cumse.org\\\/notte-di-safari-scu-in-camerun\\\/#primaryimage\"},\"thumbnailUrl\":\"https:\\\/\\\/i0.wp.com\\\/cumse.org\\\/wp-content\\\/uploads\\\/2021\\\/01\\\/WhatsApp-Image-2021-01-04-at-20.40.34-e1615825074984.jpeg?fit=960%2C838&ssl=1\",\"datePublished\":\"2021-01-04T15:48:03+00:00\",\"dateModified\":\"2021-02-22T11:22:29+00:00\",\"author\":{\"@id\":\"https:\\\/\\\/cumse.org\\\/#\\\/schema\\\/person\\\/d8802c7f9d251c013018b375be80cb06\"},\"description\":\"SCU - Valeryo Falcone, civilista di Fondazione Cumse, racconta la sua esperienza in modo leggero e divertente. SEGUITE LA SUA STORIA!\",\"breadcrumb\":{\"@id\":\"https:\\\/\\\/cumse.org\\\/notte-di-safari-scu-in-camerun\\\/#breadcrumb\"},\"inLanguage\":\"fr-FR\",\"potentialAction\":[{\"@type\":\"ReadAction\",\"target\":[\"https:\\\/\\\/cumse.org\\\/notte-di-safari-scu-in-camerun\\\/\"]}]},{\"@type\":\"ImageObject\",\"inLanguage\":\"fr-FR\",\"@id\":\"https:\\\/\\\/cumse.org\\\/notte-di-safari-scu-in-camerun\\\/#primaryimage\",\"url\":\"https:\\\/\\\/i0.wp.com\\\/cumse.org\\\/wp-content\\\/uploads\\\/2021\\\/01\\\/WhatsApp-Image-2021-01-04-at-20.40.34-e1615825074984.jpeg?fit=960%2C838&ssl=1\",\"contentUrl\":\"https:\\\/\\\/i0.wp.com\\\/cumse.org\\\/wp-content\\\/uploads\\\/2021\\\/01\\\/WhatsApp-Image-2021-01-04-at-20.40.34-e1615825074984.jpeg?fit=960%2C838&ssl=1\",\"width\":960,\"height\":838},{\"@type\":\"BreadcrumbList\",\"@id\":\"https:\\\/\\\/cumse.org\\\/notte-di-safari-scu-in-camerun\\\/#breadcrumb\",\"itemListElement\":[{\"@type\":\"ListItem\",\"position\":1,\"name\":\"Home\",\"item\":\"https:\\\/\\\/cumse.org\\\/\"},{\"@type\":\"ListItem\",\"position\":2,\"name\":\"4 gennaio &#8211; Notte di safari\"}]},{\"@type\":\"WebSite\",\"@id\":\"https:\\\/\\\/cumse.org\\\/#website\",\"url\":\"https:\\\/\\\/cumse.org\\\/\",\"name\":\"Fondazione Cumse ETS\",\"description\":\"Siamo dove gli altri distolgono lo sguardo\",\"potentialAction\":[{\"@type\":\"SearchAction\",\"target\":{\"@type\":\"EntryPoint\",\"urlTemplate\":\"https:\\\/\\\/cumse.org\\\/?s={search_term_string}\"},\"query-input\":{\"@type\":\"PropertyValueSpecification\",\"valueRequired\":true,\"valueName\":\"search_term_string\"}}],\"inLanguage\":\"fr-FR\"},{\"@type\":\"Person\",\"@id\":\"https:\\\/\\\/cumse.org\\\/#\\\/schema\\\/person\\\/d8802c7f9d251c013018b375be80cb06\",\"name\":\"admin\",\"image\":{\"@type\":\"ImageObject\",\"inLanguage\":\"fr-FR\",\"@id\":\"https:\\\/\\\/secure.gravatar.com\\\/avatar\\\/7fcee464d094e0b490b50408a0c7356276eedd5a17796d503ee821451b764c37?s=96&d=mm&r=g\",\"url\":\"https:\\\/\\\/secure.gravatar.com\\\/avatar\\\/7fcee464d094e0b490b50408a0c7356276eedd5a17796d503ee821451b764c37?s=96&d=mm&r=g\",\"contentUrl\":\"https:\\\/\\\/secure.gravatar.com\\\/avatar\\\/7fcee464d094e0b490b50408a0c7356276eedd5a17796d503ee821451b764c37?s=96&d=mm&r=g\",\"caption\":\"admin\"}}]}<\/script>\n<!-- \/ Yoast SEO plugin. -->","yoast_head_json":{"title":"4 gennaio - Notte di safari - Fondazione Cumse ETS","description":"SCU - Valeryo Falcone, civilista di Fondazione Cumse, racconta la sua esperienza in modo leggero e divertente. SEGUITE LA SUA STORIA!","robots":{"index":"index","follow":"follow","max-snippet":"max-snippet:-1","max-image-preview":"max-image-preview:large","max-video-preview":"max-video-preview:-1"},"canonical":"https:\/\/cumse.org\/fr\/notte-di-safari-scu-in-camerun\/","og_locale":"fr_FR","og_type":"article","og_title":"4 gennaio - Notte di safari - Fondazione Cumse ETS","og_description":"SCU - Valeryo Falcone, civilista di Fondazione Cumse, racconta la sua esperienza in modo leggero e divertente. SEGUITE LA SUA STORIA!","og_url":"https:\/\/cumse.org\/fr\/notte-di-safari-scu-in-camerun\/","og_site_name":"Fondazione Cumse ETS","article_published_time":"2021-01-04T15:48:03+00:00","article_modified_time":"2021-02-22T11:22:29+00:00","og_image":[{"width":960,"height":838,"url":"https:\/\/cumse.org\/wp-content\/uploads\/2021\/01\/WhatsApp-Image-2021-01-04-at-20.40.34-e1615825074984.jpeg","type":"image\/jpeg"}],"author":"admin","twitter_card":"summary_large_image","twitter_misc":{"\u00c9crit par":"admin","Dur\u00e9e de lecture estim\u00e9e":"7 minutes"},"schema":{"@context":"https:\/\/schema.org","@graph":[{"@type":"Article","@id":"https:\/\/cumse.org\/notte-di-safari-scu-in-camerun\/#article","isPartOf":{"@id":"https:\/\/cumse.org\/notte-di-safari-scu-in-camerun\/"},"author":{"name":"admin","@id":"https:\/\/cumse.org\/#\/schema\/person\/d8802c7f9d251c013018b375be80cb06"},"headline":"4 gennaio &#8211; Notte di safari","datePublished":"2021-01-04T15:48:03+00:00","dateModified":"2021-02-22T11:22:29+00:00","mainEntityOfPage":{"@id":"https:\/\/cumse.org\/notte-di-safari-scu-in-camerun\/"},"wordCount":1473,"image":{"@id":"https:\/\/cumse.org\/notte-di-safari-scu-in-camerun\/#primaryimage"},"thumbnailUrl":"https:\/\/i0.wp.com\/cumse.org\/wp-content\/uploads\/2021\/01\/WhatsApp-Image-2021-01-04-at-20.40.34-e1615825074984.jpeg?fit=960%2C838&ssl=1","keywords":["Camerun","Fondazione Cumse","SCU","Servizio Civile Universale"],"articleSection":["TrAvaler"],"inLanguage":"fr-FR"},{"@type":"WebPage","@id":"https:\/\/cumse.org\/notte-di-safari-scu-in-camerun\/","url":"https:\/\/cumse.org\/notte-di-safari-scu-in-camerun\/","name":"4 gennaio - Notte di safari - Fondazione Cumse ETS","isPartOf":{"@id":"https:\/\/cumse.org\/#website"},"primaryImageOfPage":{"@id":"https:\/\/cumse.org\/notte-di-safari-scu-in-camerun\/#primaryimage"},"image":{"@id":"https:\/\/cumse.org\/notte-di-safari-scu-in-camerun\/#primaryimage"},"thumbnailUrl":"https:\/\/i0.wp.com\/cumse.org\/wp-content\/uploads\/2021\/01\/WhatsApp-Image-2021-01-04-at-20.40.34-e1615825074984.jpeg?fit=960%2C838&ssl=1","datePublished":"2021-01-04T15:48:03+00:00","dateModified":"2021-02-22T11:22:29+00:00","author":{"@id":"https:\/\/cumse.org\/#\/schema\/person\/d8802c7f9d251c013018b375be80cb06"},"description":"SCU - Valeryo Falcone, civilista di Fondazione Cumse, racconta la sua esperienza in modo leggero e divertente. SEGUITE LA SUA STORIA!","breadcrumb":{"@id":"https:\/\/cumse.org\/notte-di-safari-scu-in-camerun\/#breadcrumb"},"inLanguage":"fr-FR","potentialAction":[{"@type":"ReadAction","target":["https:\/\/cumse.org\/notte-di-safari-scu-in-camerun\/"]}]},{"@type":"ImageObject","inLanguage":"fr-FR","@id":"https:\/\/cumse.org\/notte-di-safari-scu-in-camerun\/#primaryimage","url":"https:\/\/i0.wp.com\/cumse.org\/wp-content\/uploads\/2021\/01\/WhatsApp-Image-2021-01-04-at-20.40.34-e1615825074984.jpeg?fit=960%2C838&ssl=1","contentUrl":"https:\/\/i0.wp.com\/cumse.org\/wp-content\/uploads\/2021\/01\/WhatsApp-Image-2021-01-04-at-20.40.34-e1615825074984.jpeg?fit=960%2C838&ssl=1","width":960,"height":838},{"@type":"BreadcrumbList","@id":"https:\/\/cumse.org\/notte-di-safari-scu-in-camerun\/#breadcrumb","itemListElement":[{"@type":"ListItem","position":1,"name":"Home","item":"https:\/\/cumse.org\/"},{"@type":"ListItem","position":2,"name":"4 gennaio &#8211; Notte di safari"}]},{"@type":"WebSite","@id":"https:\/\/cumse.org\/#website","url":"https:\/\/cumse.org\/","name":"Fondazione Cumse ETS","description":"Siamo dove gli altri distolgono lo sguardo","potentialAction":[{"@type":"SearchAction","target":{"@type":"EntryPoint","urlTemplate":"https:\/\/cumse.org\/?s={search_term_string}"},"query-input":{"@type":"PropertyValueSpecification","valueRequired":true,"valueName":"search_term_string"}}],"inLanguage":"fr-FR"},{"@type":"Person","@id":"https:\/\/cumse.org\/#\/schema\/person\/d8802c7f9d251c013018b375be80cb06","name":"admin","image":{"@type":"ImageObject","inLanguage":"fr-FR","@id":"https:\/\/secure.gravatar.com\/avatar\/7fcee464d094e0b490b50408a0c7356276eedd5a17796d503ee821451b764c37?s=96&d=mm&r=g","url":"https:\/\/secure.gravatar.com\/avatar\/7fcee464d094e0b490b50408a0c7356276eedd5a17796d503ee821451b764c37?s=96&d=mm&r=g","contentUrl":"https:\/\/secure.gravatar.com\/avatar\/7fcee464d094e0b490b50408a0c7356276eedd5a17796d503ee821451b764c37?s=96&d=mm&r=g","caption":"admin"}}]}},"jetpack_featured_media_url":"https:\/\/i0.wp.com\/cumse.org\/wp-content\/uploads\/2021\/01\/WhatsApp-Image-2021-01-04-at-20.40.34-e1615825074984.jpeg?fit=960%2C838&ssl=1","jetpack_sharing_enabled":true,"_links":{"self":[{"href":"https:\/\/cumse.org\/fr\/wp-json\/wp\/v2\/posts\/3651","targetHints":{"allow":["GET"]}}],"collection":[{"href":"https:\/\/cumse.org\/fr\/wp-json\/wp\/v2\/posts"}],"about":[{"href":"https:\/\/cumse.org\/fr\/wp-json\/wp\/v2\/types\/post"}],"author":[{"embeddable":true,"href":"https:\/\/cumse.org\/fr\/wp-json\/wp\/v2\/users\/1"}],"replies":[{"embeddable":true,"href":"https:\/\/cumse.org\/fr\/wp-json\/wp\/v2\/comments?post=3651"}],"version-history":[{"count":0,"href":"https:\/\/cumse.org\/fr\/wp-json\/wp\/v2\/posts\/3651\/revisions"}],"wp:featuredmedia":[{"embeddable":true,"href":"https:\/\/cumse.org\/fr\/wp-json\/wp\/v2\/media\/4129"}],"wp:attachment":[{"href":"https:\/\/cumse.org\/fr\/wp-json\/wp\/v2\/media?parent=3651"}],"wp:term":[{"taxonomy":"category","embeddable":true,"href":"https:\/\/cumse.org\/fr\/wp-json\/wp\/v2\/categories?post=3651"},{"taxonomy":"post_tag","embeddable":true,"href":"https:\/\/cumse.org\/fr\/wp-json\/wp\/v2\/tags?post=3651"}],"curies":[{"name":"wp","href":"https:\/\/api.w.org\/{rel}","templated":true}]}}