{"id":3649,"date":"2021-01-03T16:30:33","date_gmt":"2021-01-03T15:30:33","guid":{"rendered":"https:\/\/cumse.org\/?p=3649"},"modified":"2021-02-19T19:32:14","modified_gmt":"2021-02-19T18:32:14","slug":"un-quasi-miracolo-scu-in-camerun","status":"publish","type":"post","link":"https:\/\/cumse.org\/fr\/un-quasi-miracolo-scu-in-camerun\/","title":{"rendered":"3 gennaio &#8211; Un quasi miracolo"},"content":{"rendered":"<p>Il giorno <strong>3<\/strong> \u00e8 partito in modo pi\u00f9 claudicante del suo precedente collega, il caso vuole, proprio per le <strong>3<\/strong> seguenti ragioni.<\/p>\n<p><strong>PUNTO PRIMO<\/strong>: mi sono svegliato alle <strong>3<\/strong> del mattino (ho capito che il <strong>3<\/strong> me lo devo giocare alla lotteria), grazie<br \/>\nall&#8217;accompagnamento musicale del muezzin della moschea vicina.<\/p>\n<p>Mi \u00e8 gi\u00e0 successo, ma sono sempre riuscito a riaddormentarmi in pochi minuti,<br \/>\nsta notte invece, nel rigirami sotto il lenzuolo in stile cotoletta, lo sguardo mi \u00e8 caduto sul poster di San Conforti. Con quell&#8217;espressione austera poi chi dorme pi\u00f9?!<br \/>\nHo conosciuto un ragazzo in chiesa il cui nome \u00e8 <strong>Mercidi\u00e9<\/strong> (letteralmente &#8220;grazie Dio&#8221;, ennesimo nome allucinante) che si \u00e8 presentato alla comunione con una maglietta nera e oro firmata &#8220;Penthouse&#8221;. Ovviamente non potevo non presentarmi ad un personaggio di tale caratura. Prover\u00f2 a chiedergli se riesce a procurarmi qualche poster, per cos\u00ec dire, alternativo al fine di conciliare meglio il mio riposo.<\/p>\n<p><strong>PUNTO SECONDO<\/strong>: c&#8217;\u00e8 la messa. Padre Alloise \u00e8 tornato in piena forma. Sono contento per lui, nel bene o nel male, non \u00e8 cambiato per nulla. Vi dico solo che il percussionista oggi \u00e8 andato per un attimo fuori tempo. Vi basti e vi avanzi. Ah gi\u00e0, devo anche dirvi che Dudu ha battuto il record di pennica nazionale Camerunense, si \u00e8 addormentato prima<br \/>\ndell&#8217;ingresso del parroco e si \u00e8 svegliato solo dopo la fine della messa. A quanto pare non sono l&#8217;unico ad aver riposato male.<\/p>\n<p><strong>PUNTO TERZO<\/strong>: in soggiorno ho trovato un altro biplano intento a chiedere il permesso di atterraggio alla torre di controllo. Insetticida e ciabatta stanno a Valeryo come John Rambo sta a quella imbarazzate fascia legata sulla fronte (o al suo mitra, fate vobis).<\/p>\n<p>Mezzo rimbambito dalla nottataccia mi rifocillo con un po&#8217; dei Benni\u00e8 avanzati. La messa \u00e8 durata meno di tre ore, il che per me \u00e8 gi\u00e0 un miglioramento.<br \/>\n<strong>Godyene<\/strong>, anche se non ho ancora finito la cena che mi ha preparato ieri sera, mi si \u00e8 presentata a casa con l&#8217;intento di farmi assaggiare i fagioli rossi.<br \/>\nMentre mangio come un bue dalle corna lunate (altrimenti chiamato &#8220;Zib\u00f9&#8221; in questa regione) ho avuto una conversazione piuttosto interessante con la mia maestra di masseria&#8230;<\/p>\n<p>Tutto \u00e8 partito da un <strong>avocado<\/strong> che suor Nicole mi ha regalato. Non sono particolarmente fanatico di questo prodotto di madre natura. Conosco le sue propriet\u00e0 nutritive strabilianti e non lo disdegno. Tuttavia non lo trovo cos\u00ec straordinario. Anzi, proprio per il fatto che ultimamente, nel milanese e limitrofi, questa pera equatoriale verdastra sia diventata drammaticamente chic, io vi nutro un certo senso di antipatia.<\/p>\n<p>Che poi che gusto ha sto coso? Dopo la mia esperienza infelice con l&#8217;aggiunta del caff\u00e8, confesso che non sono molto propenso all&#8217;assaggio. Soprattutto dopo aver ottenuto con quella stramba e alchemica cremina il gusto, a me gi\u00e0 ben noto, di castagna (per altro, se avessi avuto voglia di castagne forse non avrei deciso di vivere vicino all&#8217;equatore per i prossimi 10 mesi, lasciamo perdere).<br \/>\nLa consistenza \u00e8 quella di un burro (ma vegetale, quindi senza la soddisfazione del pesante grasso animale che unge cos\u00ec bene le budella) e il sapore \u00e8 davvero tenue, quasi impercettibile. In pratica &#8220;al naturale&#8221; come lo vende bene Godyene non sa quasi di nulla.<\/p>\n<p>Le spiego che in Italia oltre ad essere molto costoso \u00e8 anche un frutto &#8220;che fa figo&#8221;, un sandwich al salmone con un paio di fettine ti costa poco meno di una decina di euro in centro citt\u00e0.<br \/>\nVogliamo parlare del fatto che la produzione intensiva di avocado (da parte di alcune multinazionali) sta privando dell&#8217;acqua potabile una buona parte dell&#8217;America latina?<\/p>\n<p>Non riesco proprio ad andarci d&#8217;accordo, anche se ammetto che accompagnato con un po&#8217; di riso bianco costituisce un buon pasto leggero.<br \/>\nLa mia maestra vuole poi conoscere qualche altra peculiarit\u00e0 italiana.<\/p>\n<p>Per ragioni abbastanza evidenti approdiamo all&#8217;argomento &#8220;pesce crudo&#8221;. Il <strong>&#8220;sushi&#8221;<\/strong> per Godyene \u00e8 qualcosa di marziano, ancora da inventare, mai visto prima ne mai sentito.<br \/>\nLe spiego la derivazione dalla tradizione giapponese: troppo orientale da queste parti (c&#8217;\u00e8 gi\u00e0 la Cina a causare non pochi pasticci culturali).<\/p>\n<p>Non si capacita di questo fatto di <strong>&#8220;non cuocere il pesce&#8221;<\/strong>, cio\u00e8 fa male&#8230; la salmonella&#8230; le spiego che prima, per precauzione, viene infatti messo in abbattitore, replica che questo priva la materia di tutte le sue sostanze nutritive. Ha ragione. Le dico inoltre che tendenzialmente un buon sushi \u00e8 anche costoso, motivo per cui continuer\u00f2 a mangiare lietamente al desco familiare. Non resiste, ride. Fa male, non ti nutre, non \u00e8 cotto e costa caro&#8230;robe da MATTI!<\/p>\n<p>Ho trovato molto interessante questo suo tema: <em>&#8220;io non sono una persona influenzabile, se mi chiedono di mangiare il pesce crudo non lo mangio&#8221;.<\/em><br \/>\nUn po&#8217; come quando la nonna ti insegna a non buttarti dalla finestra, anche se dovessero chiedertelo gentilmente.<br \/>\nIl discorso di Godyene non fa una piega. Ma non ho alcun interesse a continuare la mia invettiva contro il pesce crudo, dunque la smetto.<\/p>\n<p>Pieno come un uovo mi distendo sul mio materasso col buco in mezzo per tentare di agevolare, attraverso leggende metropolitane mai provate scientificamente, la mia digestione. <strong>&#8220;Il pisolino digestivo&#8221;<\/strong> (ciao proprio) non dormo nemmeno con l&#8217;etere. Mi arriva un messaggio, \u00e8 suor Nicole che mi avvisa; ore 17 rosario in cappellina.\u00a0Signori miei qui finisce che apriamo, per la prima volta nella storia, la pratica per la beatificazione di un soggetto ancora in vita.<\/p>\n<p>Se vi dicessi che mi sono divertito a dire il <strong>ROSARIO<\/strong>? Un tantino estremo, lo so, eppure&#8230;qua si canta, si balla, si fa casino quando si prega, le ragazze cacciano degli urli da coyote, poi pausa, un raffica di ave Maria, canto di chiesa contenuto, di nuovo tormentone spettinato.<\/p>\n<p>Insomma ad una certa sono stato chiamato in causa e mi son ritrovato a reggere un cero nel mezzo della cappellina mentre tutti in coro mi facevano le feste. Conosco dei narcisisti che pagherebbero per un simile trattamento, in effetti potrebbe essere un bel business, domani ne parler\u00f2 a suor Nicole.<\/p>\n<p>La chiesa diventa un punto di ritrovo qui dove in giro c&#8217;\u00e8 ben poco da fare. Dopo il rituale si aprono delle dinamiche abbastanza coinvolgenti. Sistemare le sedie diventa la scusa per fare 4 chiacchiere, cantare una canzone, ballare ancora un po&#8217;. Ci si incammina tutti insieme dalla chiesa verso le proprie case, ci si organizza per rivedersi il giorno dopo, ci si augura buona serata.<\/p>\n<p>In pratica se riesco ad installare una spillatrice per le BIRRETTE nella chiesetta per il post messa ho trovato la quadra.<br \/>\nIo, Manass\u00e8, Moses, Godyene e Soumaya ci ritroviamo poco davanti alla mia veranda con la canzone &#8220;Cueillons les fleurs de l&#8217;esperance&#8221; a manetta sul cellulare, <strong>esprimo il mio desiderio di suonare<\/strong>. I numi hanno le orecchie tese ed evidentemente sono stati commossi dalla recente impennata della mia curva delle frequenze di luoghi sacri negli ultimi giorni.<\/p>\n<p>Moses, toccato da Ermes, dio delle malefatte, dei ladri e dei mercanti, si illumina: <em>&#8220;C&#8217;\u00e8 una CHITARRA ed \u00e8 in casa mia.&#8221; <\/em><em>&#8220;Cosa? Dici davvero?&#8221;<\/em> Miracolo!<br \/>\nDa sempre la <strong>chitarra<\/strong> esercita un ascendente particolare su di me. E&#8217; un oggetto mistico, capace di materializzarsi nei luoghi pi\u00f9 insoliti, proprio quando meno te lo aspetti. Nella soffitta del nonno di una tua amica, dietro al magazzino del mercatino dell&#8217;usato, nella cantina del custode del palazzo, sotto il tendone di un lunapark. Qui sta il bello, lei c&#8217;\u00e8. Abracadabra: PAFF ecco che ti appare una sei corde nella casa senza indirizzo di una frazione di <a href=\"https:\/\/it.wikipedia.org\/wiki\/Ngaound%C3%A9r%C3%A9\"><strong>Ngaounder\u00e8<\/strong><\/a>. SPAZIALE.<\/p>\n<p>Ci si raduna tutti intorno. S\u00ec perch\u00e9 ha anche poteri magnetici. Fai un accordo ed ecco che le folle si accalcano. Non ti va gi\u00f9 qualcosa che normalmente non potresti dire, con la chitarra in mano puoi dire tutto quello che vuoi. <em>E&#8217; la spada dei giusti, la voce dei timidi, lo scettro degli incompresi.<\/em> In pi\u00f9 fa stare tutti meglio. Anche se la afferra un bambino che comincia a sfasciarla con foga, lei non si lamenta, anzi tira fuori qualcosa da tutta quell&#8217;energia.<\/p>\n<p>Insomma la notizia mi ha dato una certa eccitazione.<br \/>\nGli do le chiavi mentre uso per la prima volta, dai tempi delle elementari il tempo imperativo: Prendila!<br \/>\nUna cinesata, verde pistacchio, per bambini ma ai miei occhi \u00e8 un&#8217;oasi nel deserto.<\/p>\n<p>A guardar bene, purtroppo, si riveler\u00e0 solo un miraggio.<br \/>\nLa chitarra \u00e8 sempre stata nell&#8217;ufficio di suor Nicole, lo stesso che per pudore e discrezione non mi sono mai permesso di aprire. La porta di fronte alla mia camera. Dieci giorni senza suonare.<\/p>\n<p>L&#8217;ironia della vita direte voi, calma, quella arriva tra un attimo. Scarico un&#8217;applicazione per accordarla, consumando gli ultimi mega rimasti, operazione lentissima. Accordo il <em>mi<\/em>, poi il <em>la<\/em>, arriva il <em>re<\/em>&#8230; <strong>si spezza il <em>sol<\/em>!<\/strong><\/p>\n<p>NOO! Ma noo! Daai! Ma sar\u00f2 cretino?<br \/>\nEbbene si, sar\u00f2 e sono un po&#8217; un cretino. Ma del resto l&#8217;ho capito appena l&#8217;ho vista che non sarei riuscito ad accordarla per bene. Corde dell&#8217;et\u00e0 paleozoica, meccaniche scadenti.<\/p>\n<p><strong>Manass\u00e8<\/strong> conosce un posto in cui comprare una muta di corde nuova. Dopo scuola se gli do i soldi va lui a recuperarla.<br \/>\nAnche spezzando una corda \u00e8 possibile creare dei legami. Eccovi l&#8217;ironia promessa. Manass\u00e8 e <strong>Moses<\/strong> sono elettrizzati all&#8217;idea di imparare qualche rudimento.<\/p>\n<p>Sto ospitando quattro persone nel soggiorno della prima casa in cui vivo solo. Sento involontariamente di star prendendo le sembianze dell&#8217;<strong>oste gentile<\/strong> che offre bicchieri freschi e viveri ai propri ospiti.<\/p>\n<p>E io che pensavo di <strong>inselvatichirmi<\/strong> nel continente nero!<\/p>","protected":false},"excerpt":{"rendered":"<p>Il giorno 3 \u00e8 partito in modo pi\u00f9 claudicante del suo precedente collega, il caso vuole, proprio per le 3 seguenti ragioni. PUNTO PRIMO: mi sono svegliato alle 3 del mattino (ho capito che il 3 me lo devo giocare alla lotteria), grazie all&#8217;accompagnamento musicale del muezzin della moschea vicina. Mi \u00e8 gi\u00e0 successo, ma [&hellip;]<\/p>\n","protected":false},"author":1,"featured_media":4128,"comment_status":"closed","ping_status":"closed","sticky":false,"template":"","format":"standard","meta":{"_jetpack_memberships_contains_paid_content":false,"footnotes":""},"categories":[62],"tags":[89,68,67,79,65,66,69],"class_list":["post-3649","post","type-post","status-publish","format-standard","has-post-thumbnail","hentry","category-travaler","tag-avocado","tag-camerun","tag-fondazione-cumse","tag-ngaoundere","tag-scu","tag-servizio-civile-universale","tag-yaounde"],"yoast_head":"<!-- This site is optimized with the Yoast SEO plugin v27.3 - https:\/\/yoast.com\/product\/yoast-seo-wordpress\/ -->\n<title>3 gennaio - Un quasi miracolo - Fondazione Cumse ETS<\/title>\n<meta name=\"description\" content=\"SCU - Valeryo Falcone, civilista di Fondazione Cumse, racconta la sua esperienza in modo leggero e divertente. SEGUITE LA SUA STORIA!\" \/>\n<meta name=\"robots\" content=\"index, follow, max-snippet:-1, max-image-preview:large, max-video-preview:-1\" \/>\n<link rel=\"canonical\" href=\"https:\/\/cumse.org\/fr\/un-quasi-miracolo-scu-in-camerun\/\" \/>\n<meta property=\"og:locale\" content=\"fr_FR\" \/>\n<meta property=\"og:type\" content=\"article\" \/>\n<meta property=\"og:title\" content=\"3 gennaio - Un quasi miracolo - Fondazione Cumse ETS\" \/>\n<meta property=\"og:description\" content=\"SCU - Valeryo Falcone, civilista di Fondazione Cumse, racconta la sua esperienza in modo leggero e divertente. SEGUITE LA SUA STORIA!\" \/>\n<meta property=\"og:url\" content=\"https:\/\/cumse.org\/fr\/un-quasi-miracolo-scu-in-camerun\/\" \/>\n<meta property=\"og:site_name\" content=\"Fondazione Cumse ETS\" \/>\n<meta property=\"article:published_time\" content=\"2021-01-03T15:30:33+00:00\" \/>\n<meta property=\"article:modified_time\" content=\"2021-02-19T18:32:14+00:00\" \/>\n<meta property=\"og:image\" content=\"https:\/\/cumse.org\/wp-content\/uploads\/2021\/01\/WhatsApp-Image-2021-01-03-at-22.26.14.jpeg\" \/>\n\t<meta property=\"og:image:width\" content=\"1200\" \/>\n\t<meta property=\"og:image:height\" content=\"1600\" \/>\n\t<meta property=\"og:image:type\" content=\"image\/jpeg\" \/>\n<meta name=\"author\" content=\"admin\" \/>\n<meta name=\"twitter:card\" content=\"summary_large_image\" \/>\n<meta name=\"twitter:label1\" content=\"\u00c9crit par\" \/>\n\t<meta name=\"twitter:data1\" content=\"admin\" \/>\n\t<meta name=\"twitter:label2\" content=\"Dur\u00e9e de lecture estim\u00e9e\" \/>\n\t<meta name=\"twitter:data2\" content=\"7 minutes\" \/>\n<script type=\"application\/ld+json\" class=\"yoast-schema-graph\">{\"@context\":\"https:\\\/\\\/schema.org\",\"@graph\":[{\"@type\":\"Article\",\"@id\":\"https:\\\/\\\/cumse.org\\\/un-quasi-miracolo-scu-in-camerun\\\/#article\",\"isPartOf\":{\"@id\":\"https:\\\/\\\/cumse.org\\\/un-quasi-miracolo-scu-in-camerun\\\/\"},\"author\":{\"name\":\"admin\",\"@id\":\"https:\\\/\\\/cumse.org\\\/#\\\/schema\\\/person\\\/d8802c7f9d251c013018b375be80cb06\"},\"headline\":\"3 gennaio &#8211; Un quasi miracolo\",\"datePublished\":\"2021-01-03T15:30:33+00:00\",\"dateModified\":\"2021-02-19T18:32:14+00:00\",\"mainEntityOfPage\":{\"@id\":\"https:\\\/\\\/cumse.org\\\/un-quasi-miracolo-scu-in-camerun\\\/\"},\"wordCount\":1550,\"image\":{\"@id\":\"https:\\\/\\\/cumse.org\\\/un-quasi-miracolo-scu-in-camerun\\\/#primaryimage\"},\"thumbnailUrl\":\"https:\\\/\\\/i0.wp.com\\\/cumse.org\\\/wp-content\\\/uploads\\\/2021\\\/01\\\/WhatsApp-Image-2021-01-03-at-22.26.14.jpeg?fit=1200%2C1600&ssl=1\",\"keywords\":[\"avocado\",\"Camerun\",\"Fondazione Cumse\",\"Ngaounder\u00e8\",\"SCU\",\"Servizio Civile Universale\",\"Yaound\u00e8\"],\"articleSection\":[\"TrAvaler\"],\"inLanguage\":\"fr-FR\"},{\"@type\":\"WebPage\",\"@id\":\"https:\\\/\\\/cumse.org\\\/un-quasi-miracolo-scu-in-camerun\\\/\",\"url\":\"https:\\\/\\\/cumse.org\\\/un-quasi-miracolo-scu-in-camerun\\\/\",\"name\":\"3 gennaio - Un quasi miracolo - Fondazione Cumse ETS\",\"isPartOf\":{\"@id\":\"https:\\\/\\\/cumse.org\\\/#website\"},\"primaryImageOfPage\":{\"@id\":\"https:\\\/\\\/cumse.org\\\/un-quasi-miracolo-scu-in-camerun\\\/#primaryimage\"},\"image\":{\"@id\":\"https:\\\/\\\/cumse.org\\\/un-quasi-miracolo-scu-in-camerun\\\/#primaryimage\"},\"thumbnailUrl\":\"https:\\\/\\\/i0.wp.com\\\/cumse.org\\\/wp-content\\\/uploads\\\/2021\\\/01\\\/WhatsApp-Image-2021-01-03-at-22.26.14.jpeg?fit=1200%2C1600&ssl=1\",\"datePublished\":\"2021-01-03T15:30:33+00:00\",\"dateModified\":\"2021-02-19T18:32:14+00:00\",\"author\":{\"@id\":\"https:\\\/\\\/cumse.org\\\/#\\\/schema\\\/person\\\/d8802c7f9d251c013018b375be80cb06\"},\"description\":\"SCU - Valeryo Falcone, civilista di Fondazione Cumse, racconta la sua esperienza in modo leggero e divertente. SEGUITE LA SUA STORIA!\",\"breadcrumb\":{\"@id\":\"https:\\\/\\\/cumse.org\\\/un-quasi-miracolo-scu-in-camerun\\\/#breadcrumb\"},\"inLanguage\":\"fr-FR\",\"potentialAction\":[{\"@type\":\"ReadAction\",\"target\":[\"https:\\\/\\\/cumse.org\\\/un-quasi-miracolo-scu-in-camerun\\\/\"]}]},{\"@type\":\"ImageObject\",\"inLanguage\":\"fr-FR\",\"@id\":\"https:\\\/\\\/cumse.org\\\/un-quasi-miracolo-scu-in-camerun\\\/#primaryimage\",\"url\":\"https:\\\/\\\/i0.wp.com\\\/cumse.org\\\/wp-content\\\/uploads\\\/2021\\\/01\\\/WhatsApp-Image-2021-01-03-at-22.26.14.jpeg?fit=1200%2C1600&ssl=1\",\"contentUrl\":\"https:\\\/\\\/i0.wp.com\\\/cumse.org\\\/wp-content\\\/uploads\\\/2021\\\/01\\\/WhatsApp-Image-2021-01-03-at-22.26.14.jpeg?fit=1200%2C1600&ssl=1\",\"width\":1200,\"height\":1600},{\"@type\":\"BreadcrumbList\",\"@id\":\"https:\\\/\\\/cumse.org\\\/un-quasi-miracolo-scu-in-camerun\\\/#breadcrumb\",\"itemListElement\":[{\"@type\":\"ListItem\",\"position\":1,\"name\":\"Home\",\"item\":\"https:\\\/\\\/cumse.org\\\/\"},{\"@type\":\"ListItem\",\"position\":2,\"name\":\"3 gennaio &#8211; Un quasi miracolo\"}]},{\"@type\":\"WebSite\",\"@id\":\"https:\\\/\\\/cumse.org\\\/#website\",\"url\":\"https:\\\/\\\/cumse.org\\\/\",\"name\":\"Fondazione Cumse ETS\",\"description\":\"Siamo dove gli altri distolgono lo sguardo\",\"potentialAction\":[{\"@type\":\"SearchAction\",\"target\":{\"@type\":\"EntryPoint\",\"urlTemplate\":\"https:\\\/\\\/cumse.org\\\/?s={search_term_string}\"},\"query-input\":{\"@type\":\"PropertyValueSpecification\",\"valueRequired\":true,\"valueName\":\"search_term_string\"}}],\"inLanguage\":\"fr-FR\"},{\"@type\":\"Person\",\"@id\":\"https:\\\/\\\/cumse.org\\\/#\\\/schema\\\/person\\\/d8802c7f9d251c013018b375be80cb06\",\"name\":\"admin\",\"image\":{\"@type\":\"ImageObject\",\"inLanguage\":\"fr-FR\",\"@id\":\"https:\\\/\\\/secure.gravatar.com\\\/avatar\\\/7fcee464d094e0b490b50408a0c7356276eedd5a17796d503ee821451b764c37?s=96&d=mm&r=g\",\"url\":\"https:\\\/\\\/secure.gravatar.com\\\/avatar\\\/7fcee464d094e0b490b50408a0c7356276eedd5a17796d503ee821451b764c37?s=96&d=mm&r=g\",\"contentUrl\":\"https:\\\/\\\/secure.gravatar.com\\\/avatar\\\/7fcee464d094e0b490b50408a0c7356276eedd5a17796d503ee821451b764c37?s=96&d=mm&r=g\",\"caption\":\"admin\"}}]}<\/script>\n<!-- \/ Yoast SEO plugin. -->","yoast_head_json":{"title":"3 gennaio - Un quasi miracolo - Fondazione Cumse ETS","description":"SCU - Valeryo Falcone, civilista di Fondazione Cumse, racconta la sua esperienza in modo leggero e divertente. SEGUITE LA SUA STORIA!","robots":{"index":"index","follow":"follow","max-snippet":"max-snippet:-1","max-image-preview":"max-image-preview:large","max-video-preview":"max-video-preview:-1"},"canonical":"https:\/\/cumse.org\/fr\/un-quasi-miracolo-scu-in-camerun\/","og_locale":"fr_FR","og_type":"article","og_title":"3 gennaio - Un quasi miracolo - Fondazione Cumse ETS","og_description":"SCU - Valeryo Falcone, civilista di Fondazione Cumse, racconta la sua esperienza in modo leggero e divertente. SEGUITE LA SUA STORIA!","og_url":"https:\/\/cumse.org\/fr\/un-quasi-miracolo-scu-in-camerun\/","og_site_name":"Fondazione Cumse ETS","article_published_time":"2021-01-03T15:30:33+00:00","article_modified_time":"2021-02-19T18:32:14+00:00","og_image":[{"width":1200,"height":1600,"url":"https:\/\/cumse.org\/wp-content\/uploads\/2021\/01\/WhatsApp-Image-2021-01-03-at-22.26.14.jpeg","type":"image\/jpeg"}],"author":"admin","twitter_card":"summary_large_image","twitter_misc":{"\u00c9crit par":"admin","Dur\u00e9e de lecture estim\u00e9e":"7 minutes"},"schema":{"@context":"https:\/\/schema.org","@graph":[{"@type":"Article","@id":"https:\/\/cumse.org\/un-quasi-miracolo-scu-in-camerun\/#article","isPartOf":{"@id":"https:\/\/cumse.org\/un-quasi-miracolo-scu-in-camerun\/"},"author":{"name":"admin","@id":"https:\/\/cumse.org\/#\/schema\/person\/d8802c7f9d251c013018b375be80cb06"},"headline":"3 gennaio &#8211; Un quasi miracolo","datePublished":"2021-01-03T15:30:33+00:00","dateModified":"2021-02-19T18:32:14+00:00","mainEntityOfPage":{"@id":"https:\/\/cumse.org\/un-quasi-miracolo-scu-in-camerun\/"},"wordCount":1550,"image":{"@id":"https:\/\/cumse.org\/un-quasi-miracolo-scu-in-camerun\/#primaryimage"},"thumbnailUrl":"https:\/\/i0.wp.com\/cumse.org\/wp-content\/uploads\/2021\/01\/WhatsApp-Image-2021-01-03-at-22.26.14.jpeg?fit=1200%2C1600&ssl=1","keywords":["avocado","Camerun","Fondazione Cumse","Ngaounder\u00e8","SCU","Servizio Civile Universale","Yaound\u00e8"],"articleSection":["TrAvaler"],"inLanguage":"fr-FR"},{"@type":"WebPage","@id":"https:\/\/cumse.org\/un-quasi-miracolo-scu-in-camerun\/","url":"https:\/\/cumse.org\/un-quasi-miracolo-scu-in-camerun\/","name":"3 gennaio - Un quasi miracolo - Fondazione Cumse ETS","isPartOf":{"@id":"https:\/\/cumse.org\/#website"},"primaryImageOfPage":{"@id":"https:\/\/cumse.org\/un-quasi-miracolo-scu-in-camerun\/#primaryimage"},"image":{"@id":"https:\/\/cumse.org\/un-quasi-miracolo-scu-in-camerun\/#primaryimage"},"thumbnailUrl":"https:\/\/i0.wp.com\/cumse.org\/wp-content\/uploads\/2021\/01\/WhatsApp-Image-2021-01-03-at-22.26.14.jpeg?fit=1200%2C1600&ssl=1","datePublished":"2021-01-03T15:30:33+00:00","dateModified":"2021-02-19T18:32:14+00:00","author":{"@id":"https:\/\/cumse.org\/#\/schema\/person\/d8802c7f9d251c013018b375be80cb06"},"description":"SCU - Valeryo Falcone, civilista di Fondazione Cumse, racconta la sua esperienza in modo leggero e divertente. SEGUITE LA SUA STORIA!","breadcrumb":{"@id":"https:\/\/cumse.org\/un-quasi-miracolo-scu-in-camerun\/#breadcrumb"},"inLanguage":"fr-FR","potentialAction":[{"@type":"ReadAction","target":["https:\/\/cumse.org\/un-quasi-miracolo-scu-in-camerun\/"]}]},{"@type":"ImageObject","inLanguage":"fr-FR","@id":"https:\/\/cumse.org\/un-quasi-miracolo-scu-in-camerun\/#primaryimage","url":"https:\/\/i0.wp.com\/cumse.org\/wp-content\/uploads\/2021\/01\/WhatsApp-Image-2021-01-03-at-22.26.14.jpeg?fit=1200%2C1600&ssl=1","contentUrl":"https:\/\/i0.wp.com\/cumse.org\/wp-content\/uploads\/2021\/01\/WhatsApp-Image-2021-01-03-at-22.26.14.jpeg?fit=1200%2C1600&ssl=1","width":1200,"height":1600},{"@type":"BreadcrumbList","@id":"https:\/\/cumse.org\/un-quasi-miracolo-scu-in-camerun\/#breadcrumb","itemListElement":[{"@type":"ListItem","position":1,"name":"Home","item":"https:\/\/cumse.org\/"},{"@type":"ListItem","position":2,"name":"3 gennaio &#8211; Un quasi miracolo"}]},{"@type":"WebSite","@id":"https:\/\/cumse.org\/#website","url":"https:\/\/cumse.org\/","name":"Fondazione Cumse ETS","description":"Siamo dove gli altri distolgono lo sguardo","potentialAction":[{"@type":"SearchAction","target":{"@type":"EntryPoint","urlTemplate":"https:\/\/cumse.org\/?s={search_term_string}"},"query-input":{"@type":"PropertyValueSpecification","valueRequired":true,"valueName":"search_term_string"}}],"inLanguage":"fr-FR"},{"@type":"Person","@id":"https:\/\/cumse.org\/#\/schema\/person\/d8802c7f9d251c013018b375be80cb06","name":"admin","image":{"@type":"ImageObject","inLanguage":"fr-FR","@id":"https:\/\/secure.gravatar.com\/avatar\/7fcee464d094e0b490b50408a0c7356276eedd5a17796d503ee821451b764c37?s=96&d=mm&r=g","url":"https:\/\/secure.gravatar.com\/avatar\/7fcee464d094e0b490b50408a0c7356276eedd5a17796d503ee821451b764c37?s=96&d=mm&r=g","contentUrl":"https:\/\/secure.gravatar.com\/avatar\/7fcee464d094e0b490b50408a0c7356276eedd5a17796d503ee821451b764c37?s=96&d=mm&r=g","caption":"admin"}}]}},"jetpack_featured_media_url":"https:\/\/i0.wp.com\/cumse.org\/wp-content\/uploads\/2021\/01\/WhatsApp-Image-2021-01-03-at-22.26.14.jpeg?fit=1200%2C1600&ssl=1","jetpack_sharing_enabled":true,"_links":{"self":[{"href":"https:\/\/cumse.org\/fr\/wp-json\/wp\/v2\/posts\/3649","targetHints":{"allow":["GET"]}}],"collection":[{"href":"https:\/\/cumse.org\/fr\/wp-json\/wp\/v2\/posts"}],"about":[{"href":"https:\/\/cumse.org\/fr\/wp-json\/wp\/v2\/types\/post"}],"author":[{"embeddable":true,"href":"https:\/\/cumse.org\/fr\/wp-json\/wp\/v2\/users\/1"}],"replies":[{"embeddable":true,"href":"https:\/\/cumse.org\/fr\/wp-json\/wp\/v2\/comments?post=3649"}],"version-history":[{"count":0,"href":"https:\/\/cumse.org\/fr\/wp-json\/wp\/v2\/posts\/3649\/revisions"}],"wp:featuredmedia":[{"embeddable":true,"href":"https:\/\/cumse.org\/fr\/wp-json\/wp\/v2\/media\/4128"}],"wp:attachment":[{"href":"https:\/\/cumse.org\/fr\/wp-json\/wp\/v2\/media?parent=3649"}],"wp:term":[{"taxonomy":"category","embeddable":true,"href":"https:\/\/cumse.org\/fr\/wp-json\/wp\/v2\/categories?post=3649"},{"taxonomy":"post_tag","embeddable":true,"href":"https:\/\/cumse.org\/fr\/wp-json\/wp\/v2\/tags?post=3649"}],"curies":[{"name":"wp","href":"https:\/\/api.w.org\/{rel}","templated":true}]}}