{"id":3642,"date":"2021-01-02T16:31:26","date_gmt":"2021-01-02T15:31:26","guid":{"rendered":"https:\/\/cumse.org\/?p=3642"},"modified":"2021-02-19T18:31:17","modified_gmt":"2021-02-19T17:31:17","slug":"avanti-un-altro-scu-in-camerun","status":"publish","type":"post","link":"https:\/\/cumse.org\/fr\/avanti-un-altro-scu-in-camerun\/","title":{"rendered":"2 gennaio &#8211; Avanti un altro"},"content":{"rendered":"<p>Siamo tutti un po&#8217; colpevoli quando parliamo del primo gennaio.<\/p>\n<p>Lo abbiamo viziato, ormai si \u00e8 dato una certa importanza. Magari \u00e8 anche diventato un po&#8217; arrogante. Deleghiamo a lui tutte le responsabilit\u00e0 per l&#8217;anno nuovo. Somiglia molto ai nostri politici. Viene lautamente pagato, si adagia e lascia correre<br \/>\ndato che non detiene veramente il potere di cambiare le cose. Forse se festeggiassimo tutto il primo mese dell&#8217;anno la storia prenderebbe una piega migliore.<\/p>\n<p>Diversificare il rischio. Per esempio il mio secondo giorno di gennaio \u00e8 stato notevolmente pi\u00f9 piacevole \u00a0del primo. Non che fosse chiss\u00e0 quale impresa eh&#8230; per\u00f2 bisogna dirlo. Dalla parola Capo-d&#8217;anno dovremmo fiutare dei pericoli per la democrazia cronologica. Vogliamo davvero concentrare tutto il potere nelle mani di uno solo? Se il mio 2 gennaio tentasse un colpo di stato io lo appoggerei.<\/p>\n<p><strong>Prima di tutto<\/strong> mi sono alzato senza nemmeno uno scarafaggio nei paraggi. Ho controllato bene ma, con mia grande sorpresa, al mattino mi \u00e8 stata risparmiata la loro sgradita compagnia.<br \/>\n<strong>Punto secondo<\/strong> c&#8217;\u00e8 acqua corrente.<br \/>\n<strong>Punto terzo<\/strong> il pranzo avanzato ieri \u00e8 diventato una colazione continentale da campioni.<br \/>\nZuppa di cavolo bianco e riso al vapore con carote alle 8 di mattina, se gradite il salato, roba da panico.<\/p>\n<p>Bello pingue mi faccio un caff\u00e8 sulla veranda.<br \/>\nLa giornata comincia finalmente con il piede GIUSTO. Ah, quasi dimenticavo, niente formicai a sorpresa, un\u2019altra fatica risparmiata.<br \/>\nMentre attingo il mio oro nero dalla tazza, passa <strong>Manass\u00e8<\/strong> diretto al mercato. Avrei giusto bisogno di un paio di casse d&#8217;acqua e gi\u00e0 che c&#8217;\u00e8, se trova un pallone da calcio mi fa un gran favore. Detto fatto, senza muovere un dito, al costo di una piccola mancetta, ho anche fatto rifornimento. Di necessit\u00e0 virt\u00f9&#8230;I<span style=\"font-size: 1rem;\">l rischio di essere per poco rimasto senz&#8217;acqua potabile fa scattare in me la molla di dover comprare dei filtri per il rubinetto di casa.<\/span><\/p>\n<p>Alla buon&#8217;ora!<br \/>\n<strong>Suor Nicole<\/strong> arriva verso le 10.30 per stabilire insieme a me l&#8217;inizio del mio percorso formativo e lavorativo. Da luned\u00ec, salvo imprevisti, dovrei cominciare a rimboccarmi le maniche. Come aperitivo mi viene offerta una bella fetta di anguria fresca, insomma il racconto sta diventando immorale nei confronti di tutti coloro che al mattino si alzano e vanno a lavoro, chiedo venia. Del resto non potrei mai mentire al mio affezionato pubblico. Tranquilli, sono sicuro che tra qualche giorno<br \/>\nmi succederanno delle sfighe tremende con cui rifarvi del maltolto.<\/p>\n<p>La mia agenda \u00e8 gi\u00e0 piena di appuntamenti importanti.<br \/>\nOre 15.30: prima lezione del corso avanzato per diventare &#8220;allegra massaia&#8221; del villaggio. Altro che masterchef. Qua si gioca pesante. Ho appuntamento con <strong>Godyene<\/strong>, oggi si va di bucato.<\/p>\n<p>Lei puntualissima, io la accolgo e prendo il sapone in polvere. Mi guarda: <em>&#8220;Servirebbero almeno due sec<\/em>chi!&#8221; <em>&#8220;Ah gi\u00e0&#8230;<\/em><br \/>\n<em>mica ci avevo pensato&#8230;&#8221;<\/em> Chi ben comincia \u00e8 a met\u00e0 dell&#8217;opera mi dicono. Scopro che dalla porta sul retro di casa mia si ha accesso ad un rubinetto, mai visto prima, che svetta nell&#8217;orto e funge da zona lavanderia. Si versa il sapone in polvere in un secchio e si mescola con acqua, prima si lavano i bianchi, poi i colorati. Se non \u00e8 razzismo questo DICO IO! Per oggi passi.<\/p>\n<p><img data-recalc-dims=\"1\" loading=\"lazy\" decoding=\"async\" class=\"wp-image-4126  alignleft\" src=\"https:\/\/i0.wp.com\/cumse.org\/wp-content\/uploads\/2021\/01\/WhatsApp-Image-2021-01-02-at-22.15.03-1.jpeg?resize=263%2C468&#038;ssl=1\" alt=\"\" width=\"263\" height=\"468\" srcset=\"https:\/\/i0.wp.com\/cumse.org\/wp-content\/uploads\/2021\/01\/WhatsApp-Image-2021-01-02-at-22.15.03-1.jpeg?w=750&amp;ssl=1 750w, https:\/\/i0.wp.com\/cumse.org\/wp-content\/uploads\/2021\/01\/WhatsApp-Image-2021-01-02-at-22.15.03-1.jpeg?resize=200%2C356&amp;ssl=1 200w, https:\/\/i0.wp.com\/cumse.org\/wp-content\/uploads\/2021\/01\/WhatsApp-Image-2021-01-02-at-22.15.03-1.jpeg?resize=169%2C300&amp;ssl=1 169w, https:\/\/i0.wp.com\/cumse.org\/wp-content\/uploads\/2021\/01\/WhatsApp-Image-2021-01-02-at-22.15.03-1.jpeg?resize=576%2C1024&amp;ssl=1 576w\" sizes=\"auto, (max-width: 263px) 100vw, 263px\" \/><\/p>\n<p>Si prende un lembo del capo d&#8217;abbigliamento e si comincia a strofinare.<br \/>\nNo aspetta, com&#8217;\u00e8 che si fa? Cio\u00e8, con tutta la naturalezza del mondo, Godyene sfoggia una tecnica atavica, di quelle che si tramandano da generazioni e generazioni sin dai tempi delle prime trib\u00f9 autoctone. Ci provo, ci riprovo, per poco ci riesco, non so se ride di pi\u00f9 per la scena di un bianco che vuole lavarsi i panni o per la mia deficienza tecnica (e mentale). Quel che \u00e8 certo \u00e8 che ride di gusto. In un modo o nell&#8217;altro decreto che la mia maglietta bianco-verde \u00e8 finalmente tornata<br \/>\nal suo aspetto originario. Procedo al risciacquo e stendo.<\/p>\n<p>Un buon profumo di pulito si solleva sotto la veranda. Mentre bevo un elisir di succo d&#8217;ananas e zenzero (extra lusso) Godyene mi invita per una promenade sul promontorio. Ci imbattiamo in un sentierino mai fatto finora. Lo spettacolo che ci attende in cima \u00e8 la vista di buona parte di Marza, ai nostri piedi rocce vulcaniche, all&#8217;orizzonte la savana.<br \/>\nMi fingo Simba per un attimo e mi atteggio da poser su un bel masso. Foto ricordo per la mamma. Priorit\u00e0.<\/p>\n<p>Non desideravo altro, andava tutto a meraviglia. Ma si sa come sono gli europei, sempre con quel loro volere di pi\u00f9.<br \/>\nSfido la sorte con un pizzico di audacia, chiedo a Godyene se mi insegna a fare quella zuppa di patate e porri che mi piace tanto. Non solo accetta ma, avendo gi\u00e0 in programma di fare &#8220;le benni\u00e8&#8221; ne prepara un po&#8217; anche per me. Davvero basta, non \u00e8 un racconto, \u00e8 uno schiaffo alla miseria.<\/p>\n<table style=\"width: 100%; border-collapse: collapse;\" border=\"0\">\n<tbody>\n<tr>\n<td style=\"width: 100%; background-color: red; text-align: center; vertical-align: top;\">\n<h4><a href=\"\/fr\/servizio-civile-universale\/\"><span style=\"color: #ffffff;\"><strong>Per saperne di pi\u00f9 sul Servizio Civile Universale &#8211; SCU &#8211; clicca qu\u00ec!<\/strong><\/span><\/a><\/h4>\n<\/td>\n<\/tr>\n<\/tbody>\n<\/table>\n<p>Niente, il 2 gennaio aveva davvero intenzione di strafare nella speranza che almeno io, l&#8217;anno prossimo, tributi qualche lenticchia e un po&#8217; di spumante anche in suo onore.<\/p>\n<p>Bussano alla porta, un ragazzina entra e mi butta in braccio Soumaya. Oggi non l&#8217;ho proprio vista, mi mancava. La piccola vede il pallone: partitella?<br \/>\nNon resisto alla tentazione di fare una foto, scopro che la signorinella apprezza parecchio mettersi in posa, o almeno finge. S\u00ec perch\u00e9 nel mentre in cui mi decido a scattare\u00a0 il selfie inizia a piantarmi le unghie nelle guance per strapparmi i peli della barba. Un maleeeeee. Chi l&#8217;avrebbe detto che una robina cos\u00ec potesse essere tanto pericolosa? E poi la gente si preoccupa degli animali feroci nella savana&#8230; Non hanno mai incontrato Soumaya!<\/p>\n<p><img data-recalc-dims=\"1\" loading=\"lazy\" decoding=\"async\" class=\"alignnone wp-image-4122\" src=\"https:\/\/i0.wp.com\/cumse.org\/wp-content\/uploads\/2021\/01\/WhatsApp-Image-2021-01-02-at-22.14.58-1.jpeg?resize=360%2C480&#038;ssl=1\" alt=\"\" width=\"360\" height=\"480\" srcset=\"https:\/\/i0.wp.com\/cumse.org\/wp-content\/uploads\/2021\/01\/WhatsApp-Image-2021-01-02-at-22.14.58-1.jpeg?w=960&amp;ssl=1 960w, https:\/\/i0.wp.com\/cumse.org\/wp-content\/uploads\/2021\/01\/WhatsApp-Image-2021-01-02-at-22.14.58-1.jpeg?resize=800%2C1067&amp;ssl=1 800w, https:\/\/i0.wp.com\/cumse.org\/wp-content\/uploads\/2021\/01\/WhatsApp-Image-2021-01-02-at-22.14.58-1.jpeg?resize=225%2C300&amp;ssl=1 225w, https:\/\/i0.wp.com\/cumse.org\/wp-content\/uploads\/2021\/01\/WhatsApp-Image-2021-01-02-at-22.14.58-1.jpeg?resize=768%2C1024&amp;ssl=1 768w\" sizes=\"auto, (max-width: 360px) 100vw, 360px\" \/>\u00a0 \u00a0 \u00a0 \u00a0 <img data-recalc-dims=\"1\" loading=\"lazy\" decoding=\"async\" class=\"alignnone wp-image-4123\" src=\"https:\/\/i0.wp.com\/cumse.org\/wp-content\/uploads\/2021\/01\/WhatsApp-Image-2021-01-02-at-22.14.57.jpeg?resize=359%2C479&#038;ssl=1\" alt=\"\" width=\"359\" height=\"479\" srcset=\"https:\/\/i0.wp.com\/cumse.org\/wp-content\/uploads\/2021\/01\/WhatsApp-Image-2021-01-02-at-22.14.57.jpeg?w=960&amp;ssl=1 960w, https:\/\/i0.wp.com\/cumse.org\/wp-content\/uploads\/2021\/01\/WhatsApp-Image-2021-01-02-at-22.14.57.jpeg?resize=800%2C1067&amp;ssl=1 800w, https:\/\/i0.wp.com\/cumse.org\/wp-content\/uploads\/2021\/01\/WhatsApp-Image-2021-01-02-at-22.14.57.jpeg?resize=225%2C300&amp;ssl=1 225w, https:\/\/i0.wp.com\/cumse.org\/wp-content\/uploads\/2021\/01\/WhatsApp-Image-2021-01-02-at-22.14.57.jpeg?resize=768%2C1024&amp;ssl=1 768w\" sizes=\"auto, (max-width: 359px) 100vw, 359px\" \/><\/p>\n<p>Fuori programma iniziamo a cantare e ballare mentre il profumo della zuppa si mescola alla frittura delle<em> benni\u00e8.<\/em><br \/>\nSenza rendermene conto ho ufficiosamente ospitato la prima festa nella mia magione tra i banani. Ritiro i panni stesi, saluto le ragazze.<\/p>\n<p>C&#8217;\u00e8 acqua. Non ci credo, non era mai successo due sere di fila. Posso lavare i piatti senza fare le acrobazie. No, un momento, posso lavarmi! <strong>SPETTACOLO<\/strong>.<\/p>\n<p>In bagno trovo una <em>Mende<\/em> schifosa, ma \u00e8 gi\u00e0 agonizzante (ho imparato a spruzzare l&#8217;insetticida nei posti giusti). Nulla pu\u00f2 scalfire il mio buon umore. La bestia finisce dritta gi\u00f9 per lo sciacquone senza tante cerimonie.<br \/>\nDetto questo, a caso, giro i rubinetti del lavandino che fino a questa sera non ho mai usato (lavo i denti con pochissima acqua minerale per precauzione), a vedere i tubi staccati pensavo non funzionasse. Errore, uno dei due rubinetti sputa acqua per davvero.<\/p>\n<p>Non so decidere se sia pi\u00f9 bizzarro che io abbia usato il lavandino una volta in 10 giorni o che il lavandino funzioni. Mi lavo le mani, cos\u00ec, dopo la doccia, giusto perch\u00e9 posso! (Non che non le lavi, normalmente uso il secchio! Malfidenti!).<\/p>\n<p>Pulito e profumato (proprio come il mio bucato), tutto questo benessere mi da alla testa, ho imparato che nella vita la felicit\u00e0 dura poco ed \u00e8 sempre accompagnata da una buona dose di casini, sar\u00e0 meglio non gongolare troppo.<\/p>\n<p>Che cosa ha in serbo per me il giorno 3? Da codardo mi chiedo &#8220;dovrei avere paura?&#8221;.<\/p>\n<p>Una sola certezza: la colazione di domani \u00e8 a base di <em>benni\u00e8<\/em>, l&#8217;incentivo non \u00e8 male.<br \/>\nDopo un giorno cos\u00ec mi sento pronto a tutto, <strong>avanti un altro!<\/strong><\/p>","protected":false},"excerpt":{"rendered":"<p>Siamo tutti un po&#8217; colpevoli quando parliamo del primo gennaio. Lo abbiamo viziato, ormai si \u00e8 dato una certa importanza. Magari \u00e8 anche diventato un po&#8217; arrogante. Deleghiamo a lui tutte le responsabilit\u00e0 per l&#8217;anno nuovo. Somiglia molto ai nostri politici. Viene lautamente pagato, si adagia e lascia correre dato che non detiene veramente il [&hellip;]<\/p>\n","protected":false},"author":1,"featured_media":4125,"comment_status":"closed","ping_status":"closed","sticky":false,"template":"","format":"standard","meta":{"_jetpack_memberships_contains_paid_content":false,"footnotes":""},"categories":[62],"tags":[68,67,73,65,66],"class_list":["post-3642","post","type-post","status-publish","format-standard","has-post-thumbnail","hentry","category-travaler","tag-camerun","tag-fondazione-cumse","tag-marza","tag-scu","tag-servizio-civile-universale"],"yoast_head":"<!-- This site is optimized with the Yoast SEO plugin v27.3 - https:\/\/yoast.com\/product\/yoast-seo-wordpress\/ -->\n<title>2 gennaio - Avanti un altro - Fondazione Cumse ETS<\/title>\n<meta name=\"description\" content=\"SCU - Valeryo Falcone, civilista di Fondazione Cumse, racconta la sua esperienza in modo leggero e divertente. SEGUITE LA SUA STORIA!\" \/>\n<meta name=\"robots\" content=\"index, follow, max-snippet:-1, max-image-preview:large, max-video-preview:-1\" \/>\n<link rel=\"canonical\" href=\"https:\/\/cumse.org\/fr\/avanti-un-altro-scu-in-camerun\/\" \/>\n<meta property=\"og:locale\" content=\"fr_FR\" \/>\n<meta property=\"og:type\" content=\"article\" \/>\n<meta property=\"og:title\" content=\"2 gennaio - Avanti un altro - Fondazione Cumse ETS\" \/>\n<meta property=\"og:description\" content=\"SCU - Valeryo Falcone, civilista di Fondazione Cumse, racconta la sua esperienza in modo leggero e divertente. SEGUITE LA SUA STORIA!\" \/>\n<meta property=\"og:url\" content=\"https:\/\/cumse.org\/fr\/avanti-un-altro-scu-in-camerun\/\" \/>\n<meta property=\"og:site_name\" content=\"Fondazione Cumse ETS\" \/>\n<meta property=\"article:published_time\" content=\"2021-01-02T15:31:26+00:00\" \/>\n<meta property=\"article:modified_time\" content=\"2021-02-19T17:31:17+00:00\" \/>\n<meta property=\"og:image\" content=\"https:\/\/cumse.org\/wp-content\/uploads\/2021\/01\/WhatsApp-Image-2021-01-02-at-22.15.04.jpeg\" \/>\n\t<meta property=\"og:image:width\" content=\"1200\" \/>\n\t<meta property=\"og:image:height\" content=\"1600\" \/>\n\t<meta property=\"og:image:type\" content=\"image\/jpeg\" \/>\n<meta name=\"author\" content=\"admin\" \/>\n<meta name=\"twitter:card\" content=\"summary_large_image\" \/>\n<meta name=\"twitter:label1\" content=\"\u00c9crit par\" \/>\n\t<meta name=\"twitter:data1\" content=\"admin\" \/>\n\t<meta name=\"twitter:label2\" content=\"Dur\u00e9e de lecture estim\u00e9e\" \/>\n\t<meta name=\"twitter:data2\" content=\"6 minutes\" \/>\n<script type=\"application\/ld+json\" class=\"yoast-schema-graph\">{\"@context\":\"https:\\\/\\\/schema.org\",\"@graph\":[{\"@type\":\"Article\",\"@id\":\"https:\\\/\\\/cumse.org\\\/avanti-un-altro-scu-in-camerun\\\/#article\",\"isPartOf\":{\"@id\":\"https:\\\/\\\/cumse.org\\\/avanti-un-altro-scu-in-camerun\\\/\"},\"author\":{\"name\":\"admin\",\"@id\":\"https:\\\/\\\/cumse.org\\\/#\\\/schema\\\/person\\\/d8802c7f9d251c013018b375be80cb06\"},\"headline\":\"2 gennaio &#8211; Avanti un altro\",\"datePublished\":\"2021-01-02T15:31:26+00:00\",\"dateModified\":\"2021-02-19T17:31:17+00:00\",\"mainEntityOfPage\":{\"@id\":\"https:\\\/\\\/cumse.org\\\/avanti-un-altro-scu-in-camerun\\\/\"},\"wordCount\":1196,\"image\":{\"@id\":\"https:\\\/\\\/cumse.org\\\/avanti-un-altro-scu-in-camerun\\\/#primaryimage\"},\"thumbnailUrl\":\"https:\\\/\\\/i0.wp.com\\\/cumse.org\\\/wp-content\\\/uploads\\\/2021\\\/01\\\/WhatsApp-Image-2021-01-02-at-22.15.04.jpeg?fit=1200%2C1600&ssl=1\",\"keywords\":[\"Camerun\",\"Fondazione Cumse\",\"Marza\",\"SCU\",\"Servizio Civile Universale\"],\"articleSection\":[\"TrAvaler\"],\"inLanguage\":\"fr-FR\"},{\"@type\":\"WebPage\",\"@id\":\"https:\\\/\\\/cumse.org\\\/avanti-un-altro-scu-in-camerun\\\/\",\"url\":\"https:\\\/\\\/cumse.org\\\/avanti-un-altro-scu-in-camerun\\\/\",\"name\":\"2 gennaio - Avanti un altro - Fondazione Cumse ETS\",\"isPartOf\":{\"@id\":\"https:\\\/\\\/cumse.org\\\/#website\"},\"primaryImageOfPage\":{\"@id\":\"https:\\\/\\\/cumse.org\\\/avanti-un-altro-scu-in-camerun\\\/#primaryimage\"},\"image\":{\"@id\":\"https:\\\/\\\/cumse.org\\\/avanti-un-altro-scu-in-camerun\\\/#primaryimage\"},\"thumbnailUrl\":\"https:\\\/\\\/i0.wp.com\\\/cumse.org\\\/wp-content\\\/uploads\\\/2021\\\/01\\\/WhatsApp-Image-2021-01-02-at-22.15.04.jpeg?fit=1200%2C1600&ssl=1\",\"datePublished\":\"2021-01-02T15:31:26+00:00\",\"dateModified\":\"2021-02-19T17:31:17+00:00\",\"author\":{\"@id\":\"https:\\\/\\\/cumse.org\\\/#\\\/schema\\\/person\\\/d8802c7f9d251c013018b375be80cb06\"},\"description\":\"SCU - Valeryo Falcone, civilista di Fondazione Cumse, racconta la sua esperienza in modo leggero e divertente. SEGUITE LA SUA STORIA!\",\"breadcrumb\":{\"@id\":\"https:\\\/\\\/cumse.org\\\/avanti-un-altro-scu-in-camerun\\\/#breadcrumb\"},\"inLanguage\":\"fr-FR\",\"potentialAction\":[{\"@type\":\"ReadAction\",\"target\":[\"https:\\\/\\\/cumse.org\\\/avanti-un-altro-scu-in-camerun\\\/\"]}]},{\"@type\":\"ImageObject\",\"inLanguage\":\"fr-FR\",\"@id\":\"https:\\\/\\\/cumse.org\\\/avanti-un-altro-scu-in-camerun\\\/#primaryimage\",\"url\":\"https:\\\/\\\/i0.wp.com\\\/cumse.org\\\/wp-content\\\/uploads\\\/2021\\\/01\\\/WhatsApp-Image-2021-01-02-at-22.15.04.jpeg?fit=1200%2C1600&ssl=1\",\"contentUrl\":\"https:\\\/\\\/i0.wp.com\\\/cumse.org\\\/wp-content\\\/uploads\\\/2021\\\/01\\\/WhatsApp-Image-2021-01-02-at-22.15.04.jpeg?fit=1200%2C1600&ssl=1\",\"width\":1200,\"height\":1600},{\"@type\":\"BreadcrumbList\",\"@id\":\"https:\\\/\\\/cumse.org\\\/avanti-un-altro-scu-in-camerun\\\/#breadcrumb\",\"itemListElement\":[{\"@type\":\"ListItem\",\"position\":1,\"name\":\"Home\",\"item\":\"https:\\\/\\\/cumse.org\\\/\"},{\"@type\":\"ListItem\",\"position\":2,\"name\":\"2 gennaio &#8211; Avanti un altro\"}]},{\"@type\":\"WebSite\",\"@id\":\"https:\\\/\\\/cumse.org\\\/#website\",\"url\":\"https:\\\/\\\/cumse.org\\\/\",\"name\":\"Fondazione Cumse ETS\",\"description\":\"Siamo dove gli altri distolgono lo sguardo\",\"potentialAction\":[{\"@type\":\"SearchAction\",\"target\":{\"@type\":\"EntryPoint\",\"urlTemplate\":\"https:\\\/\\\/cumse.org\\\/?s={search_term_string}\"},\"query-input\":{\"@type\":\"PropertyValueSpecification\",\"valueRequired\":true,\"valueName\":\"search_term_string\"}}],\"inLanguage\":\"fr-FR\"},{\"@type\":\"Person\",\"@id\":\"https:\\\/\\\/cumse.org\\\/#\\\/schema\\\/person\\\/d8802c7f9d251c013018b375be80cb06\",\"name\":\"admin\",\"image\":{\"@type\":\"ImageObject\",\"inLanguage\":\"fr-FR\",\"@id\":\"https:\\\/\\\/secure.gravatar.com\\\/avatar\\\/7fcee464d094e0b490b50408a0c7356276eedd5a17796d503ee821451b764c37?s=96&d=mm&r=g\",\"url\":\"https:\\\/\\\/secure.gravatar.com\\\/avatar\\\/7fcee464d094e0b490b50408a0c7356276eedd5a17796d503ee821451b764c37?s=96&d=mm&r=g\",\"contentUrl\":\"https:\\\/\\\/secure.gravatar.com\\\/avatar\\\/7fcee464d094e0b490b50408a0c7356276eedd5a17796d503ee821451b764c37?s=96&d=mm&r=g\",\"caption\":\"admin\"}}]}<\/script>\n<!-- \/ Yoast SEO plugin. -->","yoast_head_json":{"title":"2 gennaio - Avanti un altro - Fondazione Cumse ETS","description":"SCU - Valeryo Falcone, civilista di Fondazione Cumse, racconta la sua esperienza in modo leggero e divertente. SEGUITE LA SUA STORIA!","robots":{"index":"index","follow":"follow","max-snippet":"max-snippet:-1","max-image-preview":"max-image-preview:large","max-video-preview":"max-video-preview:-1"},"canonical":"https:\/\/cumse.org\/fr\/avanti-un-altro-scu-in-camerun\/","og_locale":"fr_FR","og_type":"article","og_title":"2 gennaio - Avanti un altro - Fondazione Cumse ETS","og_description":"SCU - Valeryo Falcone, civilista di Fondazione Cumse, racconta la sua esperienza in modo leggero e divertente. SEGUITE LA SUA STORIA!","og_url":"https:\/\/cumse.org\/fr\/avanti-un-altro-scu-in-camerun\/","og_site_name":"Fondazione Cumse ETS","article_published_time":"2021-01-02T15:31:26+00:00","article_modified_time":"2021-02-19T17:31:17+00:00","og_image":[{"width":1200,"height":1600,"url":"https:\/\/cumse.org\/wp-content\/uploads\/2021\/01\/WhatsApp-Image-2021-01-02-at-22.15.04.jpeg","type":"image\/jpeg"}],"author":"admin","twitter_card":"summary_large_image","twitter_misc":{"\u00c9crit par":"admin","Dur\u00e9e de lecture estim\u00e9e":"6 minutes"},"schema":{"@context":"https:\/\/schema.org","@graph":[{"@type":"Article","@id":"https:\/\/cumse.org\/avanti-un-altro-scu-in-camerun\/#article","isPartOf":{"@id":"https:\/\/cumse.org\/avanti-un-altro-scu-in-camerun\/"},"author":{"name":"admin","@id":"https:\/\/cumse.org\/#\/schema\/person\/d8802c7f9d251c013018b375be80cb06"},"headline":"2 gennaio &#8211; Avanti un altro","datePublished":"2021-01-02T15:31:26+00:00","dateModified":"2021-02-19T17:31:17+00:00","mainEntityOfPage":{"@id":"https:\/\/cumse.org\/avanti-un-altro-scu-in-camerun\/"},"wordCount":1196,"image":{"@id":"https:\/\/cumse.org\/avanti-un-altro-scu-in-camerun\/#primaryimage"},"thumbnailUrl":"https:\/\/i0.wp.com\/cumse.org\/wp-content\/uploads\/2021\/01\/WhatsApp-Image-2021-01-02-at-22.15.04.jpeg?fit=1200%2C1600&ssl=1","keywords":["Camerun","Fondazione Cumse","Marza","SCU","Servizio Civile Universale"],"articleSection":["TrAvaler"],"inLanguage":"fr-FR"},{"@type":"WebPage","@id":"https:\/\/cumse.org\/avanti-un-altro-scu-in-camerun\/","url":"https:\/\/cumse.org\/avanti-un-altro-scu-in-camerun\/","name":"2 gennaio - Avanti un altro - Fondazione Cumse ETS","isPartOf":{"@id":"https:\/\/cumse.org\/#website"},"primaryImageOfPage":{"@id":"https:\/\/cumse.org\/avanti-un-altro-scu-in-camerun\/#primaryimage"},"image":{"@id":"https:\/\/cumse.org\/avanti-un-altro-scu-in-camerun\/#primaryimage"},"thumbnailUrl":"https:\/\/i0.wp.com\/cumse.org\/wp-content\/uploads\/2021\/01\/WhatsApp-Image-2021-01-02-at-22.15.04.jpeg?fit=1200%2C1600&ssl=1","datePublished":"2021-01-02T15:31:26+00:00","dateModified":"2021-02-19T17:31:17+00:00","author":{"@id":"https:\/\/cumse.org\/#\/schema\/person\/d8802c7f9d251c013018b375be80cb06"},"description":"SCU - Valeryo Falcone, civilista di Fondazione Cumse, racconta la sua esperienza in modo leggero e divertente. SEGUITE LA SUA STORIA!","breadcrumb":{"@id":"https:\/\/cumse.org\/avanti-un-altro-scu-in-camerun\/#breadcrumb"},"inLanguage":"fr-FR","potentialAction":[{"@type":"ReadAction","target":["https:\/\/cumse.org\/avanti-un-altro-scu-in-camerun\/"]}]},{"@type":"ImageObject","inLanguage":"fr-FR","@id":"https:\/\/cumse.org\/avanti-un-altro-scu-in-camerun\/#primaryimage","url":"https:\/\/i0.wp.com\/cumse.org\/wp-content\/uploads\/2021\/01\/WhatsApp-Image-2021-01-02-at-22.15.04.jpeg?fit=1200%2C1600&ssl=1","contentUrl":"https:\/\/i0.wp.com\/cumse.org\/wp-content\/uploads\/2021\/01\/WhatsApp-Image-2021-01-02-at-22.15.04.jpeg?fit=1200%2C1600&ssl=1","width":1200,"height":1600},{"@type":"BreadcrumbList","@id":"https:\/\/cumse.org\/avanti-un-altro-scu-in-camerun\/#breadcrumb","itemListElement":[{"@type":"ListItem","position":1,"name":"Home","item":"https:\/\/cumse.org\/"},{"@type":"ListItem","position":2,"name":"2 gennaio &#8211; Avanti un altro"}]},{"@type":"WebSite","@id":"https:\/\/cumse.org\/#website","url":"https:\/\/cumse.org\/","name":"Fondazione Cumse ETS","description":"Siamo dove gli altri distolgono lo sguardo","potentialAction":[{"@type":"SearchAction","target":{"@type":"EntryPoint","urlTemplate":"https:\/\/cumse.org\/?s={search_term_string}"},"query-input":{"@type":"PropertyValueSpecification","valueRequired":true,"valueName":"search_term_string"}}],"inLanguage":"fr-FR"},{"@type":"Person","@id":"https:\/\/cumse.org\/#\/schema\/person\/d8802c7f9d251c013018b375be80cb06","name":"admin","image":{"@type":"ImageObject","inLanguage":"fr-FR","@id":"https:\/\/secure.gravatar.com\/avatar\/7fcee464d094e0b490b50408a0c7356276eedd5a17796d503ee821451b764c37?s=96&d=mm&r=g","url":"https:\/\/secure.gravatar.com\/avatar\/7fcee464d094e0b490b50408a0c7356276eedd5a17796d503ee821451b764c37?s=96&d=mm&r=g","contentUrl":"https:\/\/secure.gravatar.com\/avatar\/7fcee464d094e0b490b50408a0c7356276eedd5a17796d503ee821451b764c37?s=96&d=mm&r=g","caption":"admin"}}]}},"jetpack_featured_media_url":"https:\/\/i0.wp.com\/cumse.org\/wp-content\/uploads\/2021\/01\/WhatsApp-Image-2021-01-02-at-22.15.04.jpeg?fit=1200%2C1600&ssl=1","jetpack_sharing_enabled":true,"_links":{"self":[{"href":"https:\/\/cumse.org\/fr\/wp-json\/wp\/v2\/posts\/3642","targetHints":{"allow":["GET"]}}],"collection":[{"href":"https:\/\/cumse.org\/fr\/wp-json\/wp\/v2\/posts"}],"about":[{"href":"https:\/\/cumse.org\/fr\/wp-json\/wp\/v2\/types\/post"}],"author":[{"embeddable":true,"href":"https:\/\/cumse.org\/fr\/wp-json\/wp\/v2\/users\/1"}],"replies":[{"embeddable":true,"href":"https:\/\/cumse.org\/fr\/wp-json\/wp\/v2\/comments?post=3642"}],"version-history":[{"count":0,"href":"https:\/\/cumse.org\/fr\/wp-json\/wp\/v2\/posts\/3642\/revisions"}],"wp:featuredmedia":[{"embeddable":true,"href":"https:\/\/cumse.org\/fr\/wp-json\/wp\/v2\/media\/4125"}],"wp:attachment":[{"href":"https:\/\/cumse.org\/fr\/wp-json\/wp\/v2\/media?parent=3642"}],"wp:term":[{"taxonomy":"category","embeddable":true,"href":"https:\/\/cumse.org\/fr\/wp-json\/wp\/v2\/categories?post=3642"},{"taxonomy":"post_tag","embeddable":true,"href":"https:\/\/cumse.org\/fr\/wp-json\/wp\/v2\/tags?post=3642"}],"curies":[{"name":"wp","href":"https:\/\/api.w.org\/{rel}","templated":true}]}}