{"id":3640,"date":"2021-01-01T22:56:30","date_gmt":"2021-01-01T21:56:30","guid":{"rendered":"https:\/\/cumse.org\/?p=3640"},"modified":"2021-02-16T14:54:42","modified_gmt":"2021-02-16T13:54:42","slug":"sorprese-scu-in-camerun","status":"publish","type":"post","link":"https:\/\/cumse.org\/fr\/sorprese-scu-in-camerun\/","title":{"rendered":"1 gennaio &#8211; Sorprese"},"content":{"rendered":"<p>Per una svolta di vita epocale, girare la pagina del calendario non basta. Me ne sono resoconto per il 28esimo anno consecutivo proprio stamane.<\/p>\n<p>Al mio risveglio una blatta mi sbuca dal controsoffitto per farmi gli auguri. Le sparo una massiccia dose di insetticida e un colpo di ciabatta. Auguri anche a te.<\/p>\n<p>Entrato in cucina non posso fare a meno di notare la somiglianza della formica africana con l&#8217;alacre operaio brianzolo.<br \/>\nIl principio di formicaio che ho distrutto ieri notte mi si para davanti nuovo nuovo. Approfittando del favore delle tenebre (un po&#8217; come certi partiti politici di mia conoscenza) i simpatici animaletti si sono rimboccati le maniche per bene. Mando la foto a <strong>Godyene<\/strong>, la mia salvatrice.<\/p>\n<p>Come nelle nostre conversazioni analogiche, anche per messaggio si fa due risate dicendomi che i mattoni della casa in cui vivo sono fatti di terra, \u00e8 dunque normale che ogni tanto sbuchino fuori delle formiche. Le case, nonostante questo reggono, Godyene definisce la bizzarra particolarit\u00e0: uno dei misteri dell&#8217;Africa.<\/p>\n<p>Io, invece, non sono proprio contento di scoprirlo. Mi sento appena entrato nella &#8220;tana delle tigri&#8221;.\u00a0 Esatto, proprio quella del famoso cartone animato, al cui interno i pi\u00f9 agguerriti e violenti nemici dell&#8217;Uomo Tigre dan gi\u00f9 botte da orbi a tutte le ore del giorno.<\/p>\n<p>Non \u00e8 una bella sensazione. Tra le cose da fare inserisco una ricerca approfondita sulle aree geografiche in cui vivono formiche carnivore. Prevenire \u00e8 meglio che curare.<br \/>\nCi vuole coraggio, mi dice, sar\u00e0 un anno pieno di sorprese!<br \/>\nMa un anno normale di quelli belli piatti no eh? Lasciamo perdere&#8230;<\/p>\n<p>Pronto per la messa, entro nel salone e il mio fido Nicol\u00e0 mi fa notare un lastrone rotto del soffitto. Basta, vado in panico. Tutto quello che ho scritto si sta avverando.<\/p>\n<p><img data-recalc-dims=\"1\" loading=\"lazy\" decoding=\"async\" class=\"wp-image-4119 alignleft\" src=\"https:\/\/i0.wp.com\/cumse.org\/wp-content\/uploads\/2021\/01\/WhatsApp-Image-2021-01-01-at-21.25.22.jpeg?resize=253%2C338&#038;ssl=1\" alt=\"\" width=\"253\" height=\"338\" srcset=\"https:\/\/i0.wp.com\/cumse.org\/wp-content\/uploads\/2021\/01\/WhatsApp-Image-2021-01-01-at-21.25.22.jpeg?w=1200&amp;ssl=1 1200w, https:\/\/i0.wp.com\/cumse.org\/wp-content\/uploads\/2021\/01\/WhatsApp-Image-2021-01-01-at-21.25.22.jpeg?resize=800%2C1067&amp;ssl=1 800w, https:\/\/i0.wp.com\/cumse.org\/wp-content\/uploads\/2021\/01\/WhatsApp-Image-2021-01-01-at-21.25.22.jpeg?resize=225%2C300&amp;ssl=1 225w, https:\/\/i0.wp.com\/cumse.org\/wp-content\/uploads\/2021\/01\/WhatsApp-Image-2021-01-01-at-21.25.22.jpeg?resize=768%2C1024&amp;ssl=1 768w, https:\/\/i0.wp.com\/cumse.org\/wp-content\/uploads\/2021\/01\/WhatsApp-Image-2021-01-01-at-21.25.22.jpeg?resize=1152%2C1536&amp;ssl=1 1152w\" sizes=\"auto, (max-width: 253px) 100vw, 253px\" \/><\/p>\n<p>Prima padre Alloise che sta male a causa delle mie parole di disappunto e adesso le lastrone di legno che cedono. &#8220;Signore mi dolgo di tutti i miei peccati, non ucciderlo, non \u00e8 cos\u00ec malvagio in fondo&#8230;&#8221;<\/p>\n<p>Mi giro e padre Alloise mi si para davanti. Sta volta sono io ad aver visto i fantasmi. E&#8217; quasi tornato in forma, per mio grande sollievo, ci scambiamo caldamente gli auguri. Qui entra in scena un giovane prete africano nato per dominare le predelle di tutte le chiese del mondo.\u00a0Il nostro Alloise non \u00e8 ancora operativo al 100%, pertanto, in via straordinaria, oggi verr\u00e0 sostituito.<\/p>\n<p>Il giovane ha di sicuro frequentato qualche webinar organizzato dallo Stato Pontificio durante la quarantena, si percepisce lontano un miglio che ha un certo carisma. Avr\u00e0 un master in sermoni interattivi. S\u00ec, perch\u00e9, per evitare di farci addormentare, il curato, oltre ad un tono di voce sostenuto, non termina tutte le parole della sua arringa, ne lascia in sospeso qualcuna aspettando che noi interveniamo con entusiasmo. Non solo, da vero rocker quando la risposta del pubblico non lo soddisfa, si mette una mano sull&#8217;orecchio a mo&#8217; di padiglione e chiede di ripetere.<\/p>\n<p>Per la prima volta da quando sono qui ho capito qualcosa a messa. <em>&#8220;La pace interiore \u00e8 fondamentale, senza aver coltivato in noi la carit\u00e0, l&#8217;empatia e la generosit\u00e0, dire il rosario non serve a nulla!&#8221;<\/em>. Non pensavo di poterlo dire, ma sono d&#8217;accordo. Credo sia ufficialmente iniziata la mia trasformazione ascetica.<\/p>\n<p>Il rito \u00e8 pi\u00f9 spedito, le donne ridono di gusto alle battute del brillante oratore, il coro ha pi\u00f9 grinta, la gente interviene alzando le mani e battendo il ritmo delle canzoni con forti applausi.<br \/>\nTutto molto divertente. Una prova di resistenza non da poco: 3 ore!<\/p>\n<p>Giuro, padre Alloise ad una certa si \u00e8 addormentato, \u00e8 volato per una volta dall&#8217;altra parte della staccionata. Un buon primo passo per sviluppare empatia con il suo pubblico e dare un&#8217;accorciata drastica alle sue abituali papelle.<br \/>\nOggi ho cambiato posto un&#8217;altra volta (sto migliorando), sto tra Dudu e Nicol\u00e0. Qui la situazione \u00e8 pi\u00f9 elastica, si celebra con tutte le porte aperte. I bambini e i ragazzi che non resistono, vista la lunga durata delle cerimonie, ogni tanto escono a sgranchirsi le gambe per poi tornare a sedersi. E&#8217; una partecipazione pi\u00f9 libera.<\/p>\n<p>I miei amichetti fanno lo stesso. Al rientro Dudu prende il posto di Nicol\u00e0. Quest&#8217;ultimo gli chiede di ritornare al suo. Alch\u00e9 Dudu si fa piccolo piccolo nella sedia invitando l&#8217;amico a sedersi con lui. C&#8217;\u00e8 posto per tutti. Anche se non capisco molto in chiesa, imparo sempre qualcosa. Se l&#8217;episodio fosse accaduto tra due adulti corpulenti, date le dimensioni non avrebbero mai potuto condividere la sedia, gli sarebbe toccato litigare per chiarire la situazione.<\/p>\n<p>Questo mi ha fatto pensare ai numerosi vantaggi derivanti dall&#8217;essere piccini. I bambini presentano delle soluzioni alternative e pacifiche a certi problemi, purtroppo spesso impossibili per noi adulti. Immaginate un mondo in cui i fucili sono troppo pesanti per essere imbracciati, in cui le bombe diventano fuochi d&#8217;artificio. Mi sorprende la grandezza letterale e metaforica dell&#8217;essere piccoli.<\/p>\n<p>Che invenzione triste la sedia. Fatta per uno solo, distaccata, lontana, privata. Specchio di una cultura limitata. Al massimo si pu\u00f2 stare uno in braccio all\u2019altro ma dopo un po\u2019 fa caldo e ti fan male le gambe. Comincio ad apprezzare di pi\u00f9 le panche. Sar\u00e0 il covid con le sue restrizioni, ma le panche per me hanno una marcia in pi\u00f9. Tutti belli vicini, a far ciondolare i piedi su e gi\u00f9, nessuno pu\u00f2 rubare il posto a nessuno, ci si siede dove capita.<br \/>\nMolto meglio davvero.<\/p>\n<p>Non faccio in tempo a rientrare a casa che sento un vociare proveniente da non troppo lontano: <em>&#8220;Valeryoooo!&#8221;<\/em> Mi affaccio. <strong>Marcelin<\/strong> mi chiama per assistere alla cottura del pollo alla brace (alla maniera africana). Mentre lui prepara una salsa con zenzero in pezzi, prezzemolo, basilico, aglio, cipolla, olio e sale, due\u00a0ragazzi spennano le ultime piume degli sventurati pennuti sacrificali. Un addetto specializzato si occupa del lavaggio e della pulizia delle teste.<\/p>\n<p><img data-recalc-dims=\"1\" loading=\"lazy\" decoding=\"async\" class=\"wp-image-4120  alignright\" src=\"https:\/\/i0.wp.com\/cumse.org\/wp-content\/uploads\/2021\/01\/WhatsApp-Image-2021-01-01-at-21.25.18-1.jpeg?resize=324%2C432&#038;ssl=1\" alt=\"\" width=\"324\" height=\"432\" srcset=\"https:\/\/i0.wp.com\/cumse.org\/wp-content\/uploads\/2021\/01\/WhatsApp-Image-2021-01-01-at-21.25.18-1.jpeg?w=1200&amp;ssl=1 1200w, https:\/\/i0.wp.com\/cumse.org\/wp-content\/uploads\/2021\/01\/WhatsApp-Image-2021-01-01-at-21.25.18-1.jpeg?resize=800%2C1067&amp;ssl=1 800w, https:\/\/i0.wp.com\/cumse.org\/wp-content\/uploads\/2021\/01\/WhatsApp-Image-2021-01-01-at-21.25.18-1.jpeg?resize=225%2C300&amp;ssl=1 225w, https:\/\/i0.wp.com\/cumse.org\/wp-content\/uploads\/2021\/01\/WhatsApp-Image-2021-01-01-at-21.25.18-1.jpeg?resize=768%2C1024&amp;ssl=1 768w, https:\/\/i0.wp.com\/cumse.org\/wp-content\/uploads\/2021\/01\/WhatsApp-Image-2021-01-01-at-21.25.18-1.jpeg?resize=1152%2C1536&amp;ssl=1 1152w\" sizes=\"auto, (max-width: 324px) 100vw, 324px\" \/><\/p>\n<p>Fa un po&#8217; impressione ma qui la testa del pollo \u00e8 un bocconcino prelibato destinato al capofamiglia (Marcelin). Vorrebbero che ne mangiassi una anche io&#8230;<br \/>\n<em>&#8220;Guarda come se avessi accettato, grazie mille&#8221;<\/em>.<\/p>\n<p>Mentre il pollo \u00e8 sul fuoco si palesa del tutto inaspettatamente una figura autoritaria, giunta appositamente per gli auguri di buon anno.<br \/>\nIl vescovo di <a href=\"https:\/\/it.wikipedia.org\/wiki\/Ngaound%C3%A9r%C3%A9\"><strong>Ngaounder\u00e8<\/strong> <\/a>in persona vuole salutarci, suor Nicole insiste perch\u00e9 io mi faccia fare delle foto da mandare alla mamma. Non solo, il vescovo ci onora con l&#8217;imposizione delle mani. Grazie a questa potrei raggiungere il livello di &#8220;super Saiyan&#8221;, speriamo cos\u00ec mi crescono i CAPELLI!<\/p>\n<p>Le donne hanno preparato un tavolo apposta per noi (avrei avuto pi\u00f9 piacere a mangiare sul tappeto con i bimbi, ma\u00a0d&#8217;altronde devo rispettare l&#8217;ospitalit\u00e0 onorevole). Assaggio un pezzo di intestino (altra leccornia locale) il sapore \u00e8 ottimo, mentre mastico sento come dei pezzi di terra o sabbia, deglutisco e sorrido: <em>&#8220;Favoloso!&#8221;<\/em><\/p>\n<p>Mi \u00e8 piaciuto davvero, ma forse avr\u00f2 modo di pentirmi di questa bravata culinaria il giorno in cui mi diagnosticheranno i calcoli renali.<br \/>\nTornato a casa non trovo pace, ho mangiato molto e, carico, ho voglia di socializzare.<br \/>\nMi ricordo l&#8217;invito di <strong>Mr. Francois<\/strong> a &#8220;sentirmi libero di andarlo a trovare quando voglio&#8221;.<\/p>\n<p>Al portone due cagnolini adorabili di pochi mesi fanno da guardia alla magione. Mi blocco, sembrano aggressivi, mi vengono incontro ringhiando, mi guardano, iniziano a leccarmi i piedi. Come Cerberi hanno ancora molta strada da fare. Buon per me!<\/p>\n<p>Mr. Francois mi invita a bere una birra fresca sulla veranda mentre mi illustra come diverr\u00e0 in futuro il suo splendido giardino. Banani, alberi di papaya e di mango svetteranno insieme a quelli di avocado.<\/p>\n<p>Sgranocchiamo due arachidi mentre il sole, tra un sorso e l&#8217;altro, prepara la sua dipartita.<\/p>\n<p>Come inizio, in fin dei conti, non c&#8217;\u00e8 male.<\/p>","protected":false},"excerpt":{"rendered":"<p>Per una svolta di vita epocale, girare la pagina del calendario non basta. Me ne sono resoconto per il 28esimo anno consecutivo proprio stamane. Al mio risveglio una blatta mi sbuca dal controsoffitto per farmi gli auguri. Le sparo una massiccia dose di insetticida e un colpo di ciabatta. Auguri anche a te. Entrato in [&hellip;]<\/p>\n","protected":false},"author":1,"featured_media":4351,"comment_status":"closed","ping_status":"closed","sticky":false,"template":"","format":"standard","meta":{"_jetpack_memberships_contains_paid_content":false,"footnotes":""},"categories":[62],"tags":[68,67,79,65,66],"class_list":["post-3640","post","type-post","status-publish","format-standard","has-post-thumbnail","hentry","category-travaler","tag-camerun","tag-fondazione-cumse","tag-ngaoundere","tag-scu","tag-servizio-civile-universale"],"yoast_head":"<!-- This site is optimized with the Yoast SEO plugin v27.3 - https:\/\/yoast.com\/product\/yoast-seo-wordpress\/ -->\n<title>1 gennaio - Sorprese - Fondazione Cumse ETS<\/title>\n<meta name=\"description\" content=\"SCU - Valeryo Falcone, civilista di Fondazione Cumse, racconta la sua esperienza in modo leggero e divertente. SEGUITE LA SUA STORIA!\" \/>\n<meta name=\"robots\" content=\"index, follow, max-snippet:-1, max-image-preview:large, max-video-preview:-1\" \/>\n<link rel=\"canonical\" href=\"https:\/\/cumse.org\/fr\/sorprese-scu-in-camerun\/\" \/>\n<meta property=\"og:locale\" content=\"fr_FR\" \/>\n<meta property=\"og:type\" content=\"article\" \/>\n<meta property=\"og:title\" content=\"1 gennaio - Sorprese - Fondazione Cumse ETS\" \/>\n<meta property=\"og:description\" content=\"SCU - Valeryo Falcone, civilista di Fondazione Cumse, racconta la sua esperienza in modo leggero e divertente. SEGUITE LA SUA STORIA!\" \/>\n<meta property=\"og:url\" content=\"https:\/\/cumse.org\/fr\/sorprese-scu-in-camerun\/\" \/>\n<meta property=\"og:site_name\" content=\"Fondazione Cumse ETS\" \/>\n<meta property=\"article:published_time\" content=\"2021-01-01T21:56:30+00:00\" \/>\n<meta property=\"article:modified_time\" content=\"2021-02-16T13:54:42+00:00\" \/>\n<meta property=\"og:image\" content=\"https:\/\/cumse.org\/wp-content\/uploads\/2021\/01\/WhatsApp-Image-2021-01-01-at-21.25.18.jpeg\" \/>\n\t<meta property=\"og:image:width\" content=\"1600\" \/>\n\t<meta property=\"og:image:height\" content=\"1200\" \/>\n\t<meta property=\"og:image:type\" content=\"image\/jpeg\" \/>\n<meta name=\"author\" content=\"admin\" \/>\n<meta name=\"twitter:card\" content=\"summary_large_image\" \/>\n<meta name=\"twitter:label1\" content=\"\u00c9crit par\" \/>\n\t<meta name=\"twitter:data1\" content=\"admin\" \/>\n\t<meta name=\"twitter:label2\" content=\"Dur\u00e9e de lecture estim\u00e9e\" \/>\n\t<meta name=\"twitter:data2\" content=\"7 minutes\" \/>\n<script type=\"application\/ld+json\" class=\"yoast-schema-graph\">{\"@context\":\"https:\\\/\\\/schema.org\",\"@graph\":[{\"@type\":\"Article\",\"@id\":\"https:\\\/\\\/cumse.org\\\/fr\\\/sorprese-scu-in-camerun\\\/#article\",\"isPartOf\":{\"@id\":\"https:\\\/\\\/cumse.org\\\/fr\\\/sorprese-scu-in-camerun\\\/\"},\"author\":{\"name\":\"admin\",\"@id\":\"https:\\\/\\\/cumse.org\\\/#\\\/schema\\\/person\\\/d8802c7f9d251c013018b375be80cb06\"},\"headline\":\"1 gennaio &#8211; Sorprese\",\"datePublished\":\"2021-01-01T21:56:30+00:00\",\"dateModified\":\"2021-02-16T13:54:42+00:00\",\"mainEntityOfPage\":{\"@id\":\"https:\\\/\\\/cumse.org\\\/fr\\\/sorprese-scu-in-camerun\\\/\"},\"wordCount\":1269,\"image\":{\"@id\":\"https:\\\/\\\/cumse.org\\\/fr\\\/sorprese-scu-in-camerun\\\/#primaryimage\"},\"thumbnailUrl\":\"https:\\\/\\\/i0.wp.com\\\/cumse.org\\\/wp-content\\\/uploads\\\/2021\\\/01\\\/WhatsApp-Image-2021-01-01-at-21.25.18.jpeg?fit=1600%2C1200&ssl=1\",\"keywords\":[\"Camerun\",\"Fondazione Cumse\",\"Ngaounder\u00e8\",\"SCU\",\"Servizio Civile Universale\"],\"articleSection\":[\"TrAvaler\"],\"inLanguage\":\"fr-FR\"},{\"@type\":\"WebPage\",\"@id\":\"https:\\\/\\\/cumse.org\\\/fr\\\/sorprese-scu-in-camerun\\\/\",\"url\":\"https:\\\/\\\/cumse.org\\\/fr\\\/sorprese-scu-in-camerun\\\/\",\"name\":\"1 gennaio - Sorprese - Fondazione Cumse ETS\",\"isPartOf\":{\"@id\":\"https:\\\/\\\/cumse.org\\\/#website\"},\"primaryImageOfPage\":{\"@id\":\"https:\\\/\\\/cumse.org\\\/fr\\\/sorprese-scu-in-camerun\\\/#primaryimage\"},\"image\":{\"@id\":\"https:\\\/\\\/cumse.org\\\/fr\\\/sorprese-scu-in-camerun\\\/#primaryimage\"},\"thumbnailUrl\":\"https:\\\/\\\/i0.wp.com\\\/cumse.org\\\/wp-content\\\/uploads\\\/2021\\\/01\\\/WhatsApp-Image-2021-01-01-at-21.25.18.jpeg?fit=1600%2C1200&ssl=1\",\"datePublished\":\"2021-01-01T21:56:30+00:00\",\"dateModified\":\"2021-02-16T13:54:42+00:00\",\"author\":{\"@id\":\"https:\\\/\\\/cumse.org\\\/#\\\/schema\\\/person\\\/d8802c7f9d251c013018b375be80cb06\"},\"description\":\"SCU - Valeryo Falcone, civilista di Fondazione Cumse, racconta la sua esperienza in modo leggero e divertente. SEGUITE LA SUA STORIA!\",\"breadcrumb\":{\"@id\":\"https:\\\/\\\/cumse.org\\\/fr\\\/sorprese-scu-in-camerun\\\/#breadcrumb\"},\"inLanguage\":\"fr-FR\",\"potentialAction\":[{\"@type\":\"ReadAction\",\"target\":[\"https:\\\/\\\/cumse.org\\\/fr\\\/sorprese-scu-in-camerun\\\/\"]}]},{\"@type\":\"ImageObject\",\"inLanguage\":\"fr-FR\",\"@id\":\"https:\\\/\\\/cumse.org\\\/fr\\\/sorprese-scu-in-camerun\\\/#primaryimage\",\"url\":\"https:\\\/\\\/i0.wp.com\\\/cumse.org\\\/wp-content\\\/uploads\\\/2021\\\/01\\\/WhatsApp-Image-2021-01-01-at-21.25.18.jpeg?fit=1600%2C1200&ssl=1\",\"contentUrl\":\"https:\\\/\\\/i0.wp.com\\\/cumse.org\\\/wp-content\\\/uploads\\\/2021\\\/01\\\/WhatsApp-Image-2021-01-01-at-21.25.18.jpeg?fit=1600%2C1200&ssl=1\",\"width\":1600,\"height\":1200},{\"@type\":\"BreadcrumbList\",\"@id\":\"https:\\\/\\\/cumse.org\\\/fr\\\/sorprese-scu-in-camerun\\\/#breadcrumb\",\"itemListElement\":[{\"@type\":\"ListItem\",\"position\":1,\"name\":\"Home\",\"item\":\"https:\\\/\\\/cumse.org\\\/\"},{\"@type\":\"ListItem\",\"position\":2,\"name\":\"1 gennaio &#8211; Sorprese\"}]},{\"@type\":\"WebSite\",\"@id\":\"https:\\\/\\\/cumse.org\\\/#website\",\"url\":\"https:\\\/\\\/cumse.org\\\/\",\"name\":\"Fondazione Cumse ETS\",\"description\":\"Siamo dove gli altri distolgono lo sguardo\",\"potentialAction\":[{\"@type\":\"SearchAction\",\"target\":{\"@type\":\"EntryPoint\",\"urlTemplate\":\"https:\\\/\\\/cumse.org\\\/?s={search_term_string}\"},\"query-input\":{\"@type\":\"PropertyValueSpecification\",\"valueRequired\":true,\"valueName\":\"search_term_string\"}}],\"inLanguage\":\"fr-FR\"},{\"@type\":\"Person\",\"@id\":\"https:\\\/\\\/cumse.org\\\/#\\\/schema\\\/person\\\/d8802c7f9d251c013018b375be80cb06\",\"name\":\"admin\",\"image\":{\"@type\":\"ImageObject\",\"inLanguage\":\"fr-FR\",\"@id\":\"https:\\\/\\\/secure.gravatar.com\\\/avatar\\\/7fcee464d094e0b490b50408a0c7356276eedd5a17796d503ee821451b764c37?s=96&d=mm&r=g\",\"url\":\"https:\\\/\\\/secure.gravatar.com\\\/avatar\\\/7fcee464d094e0b490b50408a0c7356276eedd5a17796d503ee821451b764c37?s=96&d=mm&r=g\",\"contentUrl\":\"https:\\\/\\\/secure.gravatar.com\\\/avatar\\\/7fcee464d094e0b490b50408a0c7356276eedd5a17796d503ee821451b764c37?s=96&d=mm&r=g\",\"caption\":\"admin\"}}]}<\/script>\n<!-- \/ Yoast SEO plugin. -->","yoast_head_json":{"title":"1 gennaio - Sorprese - Fondazione Cumse ETS","description":"SCU - Valeryo Falcone, civilista di Fondazione Cumse, racconta la sua esperienza in modo leggero e divertente. SEGUITE LA SUA STORIA!","robots":{"index":"index","follow":"follow","max-snippet":"max-snippet:-1","max-image-preview":"max-image-preview:large","max-video-preview":"max-video-preview:-1"},"canonical":"https:\/\/cumse.org\/fr\/sorprese-scu-in-camerun\/","og_locale":"fr_FR","og_type":"article","og_title":"1 gennaio - Sorprese - Fondazione Cumse ETS","og_description":"SCU - Valeryo Falcone, civilista di Fondazione Cumse, racconta la sua esperienza in modo leggero e divertente. SEGUITE LA SUA STORIA!","og_url":"https:\/\/cumse.org\/fr\/sorprese-scu-in-camerun\/","og_site_name":"Fondazione Cumse ETS","article_published_time":"2021-01-01T21:56:30+00:00","article_modified_time":"2021-02-16T13:54:42+00:00","og_image":[{"width":1600,"height":1200,"url":"https:\/\/cumse.org\/wp-content\/uploads\/2021\/01\/WhatsApp-Image-2021-01-01-at-21.25.18.jpeg","type":"image\/jpeg"}],"author":"admin","twitter_card":"summary_large_image","twitter_misc":{"\u00c9crit par":"admin","Dur\u00e9e de lecture estim\u00e9e":"7 minutes"},"schema":{"@context":"https:\/\/schema.org","@graph":[{"@type":"Article","@id":"https:\/\/cumse.org\/fr\/sorprese-scu-in-camerun\/#article","isPartOf":{"@id":"https:\/\/cumse.org\/fr\/sorprese-scu-in-camerun\/"},"author":{"name":"admin","@id":"https:\/\/cumse.org\/#\/schema\/person\/d8802c7f9d251c013018b375be80cb06"},"headline":"1 gennaio &#8211; Sorprese","datePublished":"2021-01-01T21:56:30+00:00","dateModified":"2021-02-16T13:54:42+00:00","mainEntityOfPage":{"@id":"https:\/\/cumse.org\/fr\/sorprese-scu-in-camerun\/"},"wordCount":1269,"image":{"@id":"https:\/\/cumse.org\/fr\/sorprese-scu-in-camerun\/#primaryimage"},"thumbnailUrl":"https:\/\/i0.wp.com\/cumse.org\/wp-content\/uploads\/2021\/01\/WhatsApp-Image-2021-01-01-at-21.25.18.jpeg?fit=1600%2C1200&ssl=1","keywords":["Camerun","Fondazione Cumse","Ngaounder\u00e8","SCU","Servizio Civile Universale"],"articleSection":["TrAvaler"],"inLanguage":"fr-FR"},{"@type":"WebPage","@id":"https:\/\/cumse.org\/fr\/sorprese-scu-in-camerun\/","url":"https:\/\/cumse.org\/fr\/sorprese-scu-in-camerun\/","name":"1 gennaio - Sorprese - Fondazione Cumse ETS","isPartOf":{"@id":"https:\/\/cumse.org\/#website"},"primaryImageOfPage":{"@id":"https:\/\/cumse.org\/fr\/sorprese-scu-in-camerun\/#primaryimage"},"image":{"@id":"https:\/\/cumse.org\/fr\/sorprese-scu-in-camerun\/#primaryimage"},"thumbnailUrl":"https:\/\/i0.wp.com\/cumse.org\/wp-content\/uploads\/2021\/01\/WhatsApp-Image-2021-01-01-at-21.25.18.jpeg?fit=1600%2C1200&ssl=1","datePublished":"2021-01-01T21:56:30+00:00","dateModified":"2021-02-16T13:54:42+00:00","author":{"@id":"https:\/\/cumse.org\/#\/schema\/person\/d8802c7f9d251c013018b375be80cb06"},"description":"SCU - Valeryo Falcone, civilista di Fondazione Cumse, racconta la sua esperienza in modo leggero e divertente. SEGUITE LA SUA STORIA!","breadcrumb":{"@id":"https:\/\/cumse.org\/fr\/sorprese-scu-in-camerun\/#breadcrumb"},"inLanguage":"fr-FR","potentialAction":[{"@type":"ReadAction","target":["https:\/\/cumse.org\/fr\/sorprese-scu-in-camerun\/"]}]},{"@type":"ImageObject","inLanguage":"fr-FR","@id":"https:\/\/cumse.org\/fr\/sorprese-scu-in-camerun\/#primaryimage","url":"https:\/\/i0.wp.com\/cumse.org\/wp-content\/uploads\/2021\/01\/WhatsApp-Image-2021-01-01-at-21.25.18.jpeg?fit=1600%2C1200&ssl=1","contentUrl":"https:\/\/i0.wp.com\/cumse.org\/wp-content\/uploads\/2021\/01\/WhatsApp-Image-2021-01-01-at-21.25.18.jpeg?fit=1600%2C1200&ssl=1","width":1600,"height":1200},{"@type":"BreadcrumbList","@id":"https:\/\/cumse.org\/fr\/sorprese-scu-in-camerun\/#breadcrumb","itemListElement":[{"@type":"ListItem","position":1,"name":"Home","item":"https:\/\/cumse.org\/"},{"@type":"ListItem","position":2,"name":"1 gennaio &#8211; Sorprese"}]},{"@type":"WebSite","@id":"https:\/\/cumse.org\/#website","url":"https:\/\/cumse.org\/","name":"Fondazione Cumse ETS","description":"Siamo dove gli altri distolgono lo sguardo","potentialAction":[{"@type":"SearchAction","target":{"@type":"EntryPoint","urlTemplate":"https:\/\/cumse.org\/?s={search_term_string}"},"query-input":{"@type":"PropertyValueSpecification","valueRequired":true,"valueName":"search_term_string"}}],"inLanguage":"fr-FR"},{"@type":"Person","@id":"https:\/\/cumse.org\/#\/schema\/person\/d8802c7f9d251c013018b375be80cb06","name":"admin","image":{"@type":"ImageObject","inLanguage":"fr-FR","@id":"https:\/\/secure.gravatar.com\/avatar\/7fcee464d094e0b490b50408a0c7356276eedd5a17796d503ee821451b764c37?s=96&d=mm&r=g","url":"https:\/\/secure.gravatar.com\/avatar\/7fcee464d094e0b490b50408a0c7356276eedd5a17796d503ee821451b764c37?s=96&d=mm&r=g","contentUrl":"https:\/\/secure.gravatar.com\/avatar\/7fcee464d094e0b490b50408a0c7356276eedd5a17796d503ee821451b764c37?s=96&d=mm&r=g","caption":"admin"}}]}},"jetpack_featured_media_url":"https:\/\/i0.wp.com\/cumse.org\/wp-content\/uploads\/2021\/01\/WhatsApp-Image-2021-01-01-at-21.25.18.jpeg?fit=1600%2C1200&ssl=1","jetpack_sharing_enabled":true,"_links":{"self":[{"href":"https:\/\/cumse.org\/fr\/wp-json\/wp\/v2\/posts\/3640","targetHints":{"allow":["GET"]}}],"collection":[{"href":"https:\/\/cumse.org\/fr\/wp-json\/wp\/v2\/posts"}],"about":[{"href":"https:\/\/cumse.org\/fr\/wp-json\/wp\/v2\/types\/post"}],"author":[{"embeddable":true,"href":"https:\/\/cumse.org\/fr\/wp-json\/wp\/v2\/users\/1"}],"replies":[{"embeddable":true,"href":"https:\/\/cumse.org\/fr\/wp-json\/wp\/v2\/comments?post=3640"}],"version-history":[{"count":0,"href":"https:\/\/cumse.org\/fr\/wp-json\/wp\/v2\/posts\/3640\/revisions"}],"wp:featuredmedia":[{"embeddable":true,"href":"https:\/\/cumse.org\/fr\/wp-json\/wp\/v2\/media\/4351"}],"wp:attachment":[{"href":"https:\/\/cumse.org\/fr\/wp-json\/wp\/v2\/media?parent=3640"}],"wp:term":[{"taxonomy":"category","embeddable":true,"href":"https:\/\/cumse.org\/fr\/wp-json\/wp\/v2\/categories?post=3640"},{"taxonomy":"post_tag","embeddable":true,"href":"https:\/\/cumse.org\/fr\/wp-json\/wp\/v2\/tags?post=3640"}],"curies":[{"name":"wp","href":"https:\/\/api.w.org\/{rel}","templated":true}]}}