{"id":3631,"date":"2020-12-29T23:31:15","date_gmt":"2020-12-29T22:31:15","guid":{"rendered":"https:\/\/cumse.org\/?p=3631"},"modified":"2021-02-19T07:23:06","modified_gmt":"2021-02-19T06:23:06","slug":"il-cammello-e-la-cruna-scu-in-camerun","status":"publish","type":"post","link":"https:\/\/cumse.org\/fr\/il-cammello-e-la-cruna-scu-in-camerun\/","title":{"rendered":"29 dicembre &#8211; Il cammello e la cruna"},"content":{"rendered":"<p style=\"text-align: left;\">Ribaltamento di prospettiva. Se ieri mi lamentavo di non aver quasi avuto nulla da scrivere per un giorno intero, oggi mi lamento per non aver avuto ancora il tempo di farlo. Usare l&#8217;ordine cronologico mi aiuta a non dimenticare gli eventi.<\/p>\n<p style=\"text-align: left;\">Punto primo, <strong>messa<\/strong> di padre Alois. Non posso pronunciarmi oltre, sarebbe come sparare sulla croce rossa.\u00a0 Anzi, vi dir\u00f2, oggi siamo stati al di sotto dei 60 minuti. 46 per essere precisi. Li ho contati! Che abbia intuito l&#8217;antifona? SPEREM.<\/p>\n<p style=\"text-align: left;\">Secondo: c&#8217;\u00e8 <strong>acqua<\/strong>. O meglio, c&#8217;era sta mattina. DOCCIA.<br \/>\nMentre mi lavo Godyene, in via del tutto innocente, mi chiama dal soggiorno rovinando questo momento idilliaco. Mi cambio al volo. Data la nostra chiacchierata di ieri, vuole sapere cosa dovr\u00e0 comprare al mercato. Lista della spesa, fatto.<\/p>\n<p style=\"text-align: left;\">Un bel bicchiere di succo strano alla vitamina D e poi veranda. Tutti i bimbi mi chiamano per nome, Valeryo di qua, Vale facci una foto di l\u00e0, persino Soumaya, con mia grande soddisfazione, mi chiama con un poderoso &#8220;<em>VAEIOOOO<\/em>&#8220;. Ha tolto qualche consonante, come si dice &#8220;in genio sintesi&#8221;. Mentre fingo di studiare accrescendo il volume del mio ego alimentato dalle carinerie dei bimbi sperduti mi viene in mente la <strong>RICETTA<\/strong> che suor Nicole mi ha consigliato il giorno prima. Avocado, caff\u00e8 e zucchero. Inizio un procedimento complicatissimo.<\/p>\n<p style=\"text-align: left;\">Faccio bollire due litri d&#8217;acqua. Ne uso un po&#8217; per lavare l&#8217;avocado (cosa inutile perch\u00e9 si mangia la polpa senza bisogno di sbucciarlo). Una parte la verso nella macchinetta del caff\u00e8, con l&#8217;altra ci faccio infuso di artemisia. Prendo una scodellina e comincio a mescolare. Assaggio. Il sapore mi sembra familiare&#8230;asp\u00e8, sa di CASTAGNA? Sa di castagna giuro.<\/p>\n<p style=\"text-align: left;\">Suor Nicole entra in casa mentre sono in piedi in soggiorno con la scodella in mano e la faccia contrariata dal disappunto. Mi chiedo come sia possibile. La suora \u00e8 ansiosa di sapere che ne penso. &#8220;Sa di castagna!&#8221;. Ride. Forse le piacciono le castagne. BOH.<\/p>\n<p style=\"text-align: left;\">Mi chiede aiuto, deve sistemare una reliquia. No scusa, non credo di aver capito. Ho capito benissimo. La mitra originale del vescovo <strong>Yves Plumey<\/strong> \u00e8 sotto la sua custodia e ora dev&#8217;essere portata nella famosa casa in cui ha vissuto i suoi ultimi anni, prima di essere ucciso, vi ricordate? (chi dimentica \u00e8 complice), che diventer\u00e0 luogo di pellegrinaggio per i fedeli.<\/p>\n<p style=\"text-align: left;\">Il bastone \u00e8 in ottone, sulla sommit\u00e0 ha una madonnina intagliata in avorio. A mo&#8217; di aureola, stelline anch&#8217;esse in avorio. Pietre preziose contornano il tutto. Un&#8217;enorme ametista troneggia alla base della madonnina.<\/p>\n<p style=\"text-align: left;\">Suor Nicole mi dice che questa pietra era una reliquia incastonata poi nella mitra . Il nostro Yves \u00e8 candidato al titolo<br \/>\ndi Beato se non ho capito male. Mi chiede di afferrarla per un po&#8217;. Dopo 26 messe adesso anche la mitra. Finisce che mi candido per il pontificato. Non \u00e8 una cosa da tutti i giorni comunque, poche balle, ho gongolato un paio di minuti.<\/p>\n<table style=\"width: 100%; border-collapse: collapse;\" border=\"0\">\n<tbody>\n<tr>\n<td style=\"width: 100%; background-color: red; text-align: center; vertical-align: top;\">\n<h4><a href=\"\/fr\/servizio-civile-universale\/\"><span style=\"color: #ffffff;\"><strong>Per saperne di pi\u00f9 sul Servizio Civile Universale &#8211; SCU &#8211; clicca qu\u00ec!<\/strong><\/span><\/a><\/h4>\n<\/td>\n<\/tr>\n<\/tbody>\n<\/table>\n<p style=\"text-align: left;\">Saluto suor Nicole e mi immergo in strane fantasie di me su un trono di pelli di leopardo attorniato da decine di mogli con lo scettro sacro in mano. Fortunatamente questa serie di pirlate viene interrotta da Godyene. Ha comprato tutto, perfino il sapone per il bucato, ago e filo.<\/p>\n<p style=\"text-align: left;\">Tutto bene finch\u00e8, aperta la porta del bagno di camera mia scorgo una blatta, o meglio una MENDE, grande come un palmo di mano. Con maschile virilit\u00e0 vado in soggiorno, afferro l&#8217;infradito e&#8230;. chiamo Godyene. &#8220;Ho visto una MENDE!&#8221;, ride. Per dimostrarle la mia sincera intenzione di diventare un vero Camerunense la avverto <em>&#8220;Guarda cosa ti combino!&#8221;<\/em> Afferro l&#8217;insetticida e mi dirigo verso il bagno.<br \/>\nLa guardo. Mi fa schifo. Raga oggettivamente \u00e8 un animale schifoso. Pu\u00f2 nutrirsi delle sue feci, se entra in contatto col cibo pu\u00f2 causare problemi seri ad un bianco. Se ti morde ti vengono febbre e malanni, insomma \u00e8 una maledetto inutile (in realt\u00e0 non morde).<\/p>\n<p style=\"text-align: left;\">Ci ripenso, mi viene in mente mia madre <em>&#8220;Portati i guanti monouso&#8221;<\/em>. Li ho portati, me li metto, tutti i sicari professionisti lo fanno, chi sono io per esentarmi? Guardo l&#8217;infradito, penso che dopo mi far\u00e0<br \/>\nschifo perch\u00e9 avr\u00e0 tutto il sangue di quella roba sulla suola. Parto con lo spray, nascondendo met\u00e0 del mio corpo dietro la porta in modo pavido e vergognoso.<br \/>\nLa schifida Comincia a girare in tondo a caso cercando di arrampicarsi sul muro, ma la dannata bestia ha mangiato troppa cacca, \u00e8 pesante, non riesce a salire. Galeotta fu la gola.<br \/>\nColpisco di ciabatta, una botta che si \u00e8 sentita fino a Ngaounder\u00e9.<\/p>\n<p style=\"text-align: left;\">Oh nonostante tutto ha avuto il coraggio di muovere la zampa. A mali estremi&#8230;<\/p>\n<p style=\"text-align: left;\">Forse ispirato dalla mitra, forse dai maestri Jedi, afferro lo spazzolino del bagno. Non c&#8217;\u00e8 pi\u00f9 stato niente da fare.<br \/>\nLa MENDE non ha avuto chance. L&#8217;afferro con i guanti e la mostro a Godyene che non fa una piega.<br \/>\nMa come? Non vedi che \u00e8 enorme? Tutto regolare, normale amministrazione. Ci vuole coraggio in Africa. Io ho paura di sti cosi, le spiego che se me lo ritrovassi di notte nel letto non sarei proprio super sereno. Ride.<\/p>\n<p style=\"text-align: left;\">Scagliato l&#8217;ospite indesiderato nella savana, penso che l&#8217;adrenalina abbia risvegliato quel boys scout che non sono mai stato da bambino e cos\u00ec decido di rammendarmi i calzini. Prendo un accendino per disinfettare l&#8217;ago, non sia mai che mi punga e faccia la fine della bella addormentata nella savana. Noi codardi pensiamo a tutto. Brucio il capo del filo per far si che riesca pi\u00f9 agevole infilarlo nella cruna dell&#8217;ago. In mezzo a tutta questa sacralit\u00e0 ormai penso solo per parabole. Com&#8217;era la storia del cammello che passava nella cruna dell&#8217;ago? Ve la ricordate? \u00c8 pi\u00f9 facile che un cammello passi nella cruna di un ago che il filo di Valeryo?<\/p>\n<p style=\"text-align: left;\">Non mi viene in mente, sto li a scervellarmi e intanto senza accorgermene ingarbuglio tutto. Ma proprio tutto. Penso di aver inventato un nuovo nodo.<br \/>\nRasento la blasfemia, non riesco a sbrogliarlo. Fortuna che da bambino ho visto tutti i Rambo. Se non riesci a risolvere un problema, DAGLI FUOCO.<br \/>\nImpugno l&#8217;accendino e brucio un metro di filo. 100% poliestere, ho una bombola di gas in cucina, non riusciamo a comprare qualcosa di meno infiammabile, mi chiedo? Made in China. Mi arrendo.<\/p>\n<p style=\"text-align: left;\">Riesco a liberare l&#8217;ago dal filo, tutto meno che il minuscolo nodino nell&#8217;asola. Prendo un altro ago e, con una certa<br \/>\nfatica, snodo la matassa. Riprovo. Ci riesco. Comincio a rammendare, piano piano ecco che compare un coso nero a palla al posto del buco, non \u00e8 il massimo, concludo l&#8217;opera e provo la calza.<\/p>\n<p style=\"text-align: left;\">Oh raga, pare che tenga e non \u00e8 manco scomoda. Calzino numero due. Inserisco il filo nell&#8217;ago, a sto giro, con una certa agilit\u00e0. Comincio a rammendare e anche qui l&#8217;aspetto estetico lascia un po&#8217; a desiderare. Lo provo. Perfetto. Tronfio di questo successo, no niente, son pigro come prima e quindi non ho minimamente voglia di cercare la parabola dell&#8217;ago e del cammello. Qualche volontario che si offre per un riassunto?<\/p>\n<p style=\"text-align: left;\">Il mio corso da &#8220;allegra massaia&#8221; \u00e8 solo all&#8217;inizio, ma io punto a diventare il primo della classe e cos\u00ec passo la scopa in camera mia. Penso di essermi meritato un bel bicchiere di succo di zenzero e limone sulla veranda.<\/p>\n<p style=\"text-align: left;\">Mentre sorseggio <strong>Etienne<\/strong><span style=\"font-size: 1rem;\">\u00a0passa a salutarmi. Lui \u00e8 falegname e io non ho un armadio. Destino?<\/span><br \/>\nGli chiedo un preventivo per un paio di mobili, poi vorrei rifare la staccionata e magari una cuccia per i cani visto che ce ne sono tanti in giro.<br \/>\n<img data-recalc-dims=\"1\" loading=\"lazy\" decoding=\"async\" class=\"wp-image-4111 alignleft\" src=\"https:\/\/i0.wp.com\/cumse.org\/wp-content\/uploads\/2020\/12\/WhatsApp-Image-2020-12-29-at-23.20.33.jpeg?resize=478%2C358&#038;ssl=1\" alt=\"\" width=\"478\" height=\"358\" srcset=\"https:\/\/i0.wp.com\/cumse.org\/wp-content\/uploads\/2020\/12\/WhatsApp-Image-2020-12-29-at-23.20.33.jpeg?w=1280&amp;ssl=1 1280w, https:\/\/i0.wp.com\/cumse.org\/wp-content\/uploads\/2020\/12\/WhatsApp-Image-2020-12-29-at-23.20.33.jpeg?resize=1200%2C900&amp;ssl=1 1200w, https:\/\/i0.wp.com\/cumse.org\/wp-content\/uploads\/2020\/12\/WhatsApp-Image-2020-12-29-at-23.20.33.jpeg?resize=300%2C225&amp;ssl=1 300w, https:\/\/i0.wp.com\/cumse.org\/wp-content\/uploads\/2020\/12\/WhatsApp-Image-2020-12-29-at-23.20.33.jpeg?resize=1024%2C768&amp;ssl=1 1024w, https:\/\/i0.wp.com\/cumse.org\/wp-content\/uploads\/2020\/12\/WhatsApp-Image-2020-12-29-at-23.20.33.jpeg?resize=768%2C576&amp;ssl=1 768w\" sizes=\"auto, (max-width: 478px) 100vw, 478px\" \/>Parla che ti riparla la butto l\u00ec: <em>&#8220;Vuoi una birra? C&#8217;ho una 33<\/em> (marca Camerunense) <em>in frigo&#8221;<\/em>. Non \u00e8 uomo da rifiutare. Gli racconto della mende (blatta), lui mi parla dei campi che andremo a visitare presto e i cui, insieme, lavoreremo.<\/p>\n<p style=\"text-align: left;\">Il sole inizia a tramontare, se gli commissiono gli armadi la cuccia per il cane me la fa gratis.<\/p>\n<p style=\"text-align: left;\">Una buona stretta di mano basta e avanza per ora, ne riparleremo&#8230;<\/p>","protected":false},"excerpt":{"rendered":"<p>Ribaltamento di prospettiva. Se ieri mi lamentavo di non aver quasi avuto nulla da scrivere per un giorno intero, oggi mi lamento per non aver avuto ancora il tempo di farlo. Usare l&#8217;ordine cronologico mi aiuta a non dimenticare gli eventi. Punto primo, messa di padre Alois. Non posso pronunciarmi oltre, sarebbe come sparare sulla [&hellip;]<\/p>\n","protected":false},"author":1,"featured_media":4110,"comment_status":"closed","ping_status":"closed","sticky":false,"template":"","format":"standard","meta":{"_jetpack_memberships_contains_paid_content":false,"footnotes":""},"categories":[62],"tags":[68,67,79,65,66,74],"class_list":["post-3631","post","type-post","status-publish","format-standard","has-post-thumbnail","hentry","category-travaler","tag-camerun","tag-fondazione-cumse","tag-ngaoundere","tag-scu","tag-servizio-civile-universale","tag-yves-plumey"],"yoast_head":"<!-- This site is optimized with the Yoast SEO plugin v27.3 - https:\/\/yoast.com\/product\/yoast-seo-wordpress\/ -->\n<title>29 dicembre - Il cammello e la cruna - Fondazione Cumse ETS<\/title>\n<meta name=\"description\" content=\"SCU - Valeryo Falcone, civilista di Fondazione Cumse, racconta la sua esperienza in modo leggero e divertente. SEGUITE LA SUA STORIA!\" \/>\n<meta name=\"robots\" content=\"index, follow, max-snippet:-1, max-image-preview:large, max-video-preview:-1\" \/>\n<link rel=\"canonical\" href=\"https:\/\/cumse.org\/fr\/il-cammello-e-la-cruna-scu-in-camerun\/\" \/>\n<meta property=\"og:locale\" content=\"fr_FR\" \/>\n<meta property=\"og:type\" content=\"article\" \/>\n<meta property=\"og:title\" content=\"29 dicembre - Il cammello e la cruna - Fondazione Cumse ETS\" \/>\n<meta property=\"og:description\" content=\"SCU - Valeryo Falcone, civilista di Fondazione Cumse, racconta la sua esperienza in modo leggero e divertente. SEGUITE LA SUA STORIA!\" \/>\n<meta property=\"og:url\" content=\"https:\/\/cumse.org\/fr\/il-cammello-e-la-cruna-scu-in-camerun\/\" \/>\n<meta property=\"og:site_name\" content=\"Fondazione Cumse ETS\" \/>\n<meta property=\"article:published_time\" content=\"2020-12-29T22:31:15+00:00\" \/>\n<meta property=\"article:modified_time\" content=\"2021-02-19T06:23:06+00:00\" \/>\n<meta property=\"og:image\" content=\"https:\/\/cumse.org\/wp-content\/uploads\/2020\/12\/WhatsApp-Image-2020-12-29-at-23.20.36-2.jpeg\" \/>\n\t<meta property=\"og:image:width\" content=\"1600\" \/>\n\t<meta property=\"og:image:height\" content=\"1200\" \/>\n\t<meta property=\"og:image:type\" content=\"image\/jpeg\" \/>\n<meta name=\"author\" content=\"admin\" \/>\n<meta name=\"twitter:card\" content=\"summary_large_image\" \/>\n<meta name=\"twitter:label1\" content=\"\u00c9crit par\" \/>\n\t<meta name=\"twitter:data1\" content=\"admin\" \/>\n\t<meta name=\"twitter:label2\" content=\"Dur\u00e9e de lecture estim\u00e9e\" \/>\n\t<meta name=\"twitter:data2\" content=\"7 minutes\" \/>\n<script type=\"application\/ld+json\" class=\"yoast-schema-graph\">{\"@context\":\"https:\\\/\\\/schema.org\",\"@graph\":[{\"@type\":\"Article\",\"@id\":\"https:\\\/\\\/cumse.org\\\/il-cammello-e-la-cruna-scu-in-camerun\\\/#article\",\"isPartOf\":{\"@id\":\"https:\\\/\\\/cumse.org\\\/il-cammello-e-la-cruna-scu-in-camerun\\\/\"},\"author\":{\"name\":\"admin\",\"@id\":\"https:\\\/\\\/cumse.org\\\/#\\\/schema\\\/person\\\/d8802c7f9d251c013018b375be80cb06\"},\"headline\":\"29 dicembre &#8211; Il cammello e la cruna\",\"datePublished\":\"2020-12-29T22:31:15+00:00\",\"dateModified\":\"2021-02-19T06:23:06+00:00\",\"mainEntityOfPage\":{\"@id\":\"https:\\\/\\\/cumse.org\\\/il-cammello-e-la-cruna-scu-in-camerun\\\/\"},\"wordCount\":1321,\"image\":{\"@id\":\"https:\\\/\\\/cumse.org\\\/il-cammello-e-la-cruna-scu-in-camerun\\\/#primaryimage\"},\"thumbnailUrl\":\"https:\\\/\\\/i0.wp.com\\\/cumse.org\\\/wp-content\\\/uploads\\\/2020\\\/12\\\/WhatsApp-Image-2020-12-29-at-23.20.36-2.jpeg?fit=1600%2C1200&ssl=1\",\"keywords\":[\"Camerun\",\"Fondazione Cumse\",\"Ngaounder\u00e8\",\"SCU\",\"Servizio Civile Universale\",\"Yves Plumey\"],\"articleSection\":[\"TrAvaler\"],\"inLanguage\":\"fr-FR\"},{\"@type\":\"WebPage\",\"@id\":\"https:\\\/\\\/cumse.org\\\/il-cammello-e-la-cruna-scu-in-camerun\\\/\",\"url\":\"https:\\\/\\\/cumse.org\\\/il-cammello-e-la-cruna-scu-in-camerun\\\/\",\"name\":\"29 dicembre - Il cammello e la cruna - Fondazione Cumse ETS\",\"isPartOf\":{\"@id\":\"https:\\\/\\\/cumse.org\\\/#website\"},\"primaryImageOfPage\":{\"@id\":\"https:\\\/\\\/cumse.org\\\/il-cammello-e-la-cruna-scu-in-camerun\\\/#primaryimage\"},\"image\":{\"@id\":\"https:\\\/\\\/cumse.org\\\/il-cammello-e-la-cruna-scu-in-camerun\\\/#primaryimage\"},\"thumbnailUrl\":\"https:\\\/\\\/i0.wp.com\\\/cumse.org\\\/wp-content\\\/uploads\\\/2020\\\/12\\\/WhatsApp-Image-2020-12-29-at-23.20.36-2.jpeg?fit=1600%2C1200&ssl=1\",\"datePublished\":\"2020-12-29T22:31:15+00:00\",\"dateModified\":\"2021-02-19T06:23:06+00:00\",\"author\":{\"@id\":\"https:\\\/\\\/cumse.org\\\/#\\\/schema\\\/person\\\/d8802c7f9d251c013018b375be80cb06\"},\"description\":\"SCU - Valeryo Falcone, civilista di Fondazione Cumse, racconta la sua esperienza in modo leggero e divertente. SEGUITE LA SUA STORIA!\",\"breadcrumb\":{\"@id\":\"https:\\\/\\\/cumse.org\\\/il-cammello-e-la-cruna-scu-in-camerun\\\/#breadcrumb\"},\"inLanguage\":\"fr-FR\",\"potentialAction\":[{\"@type\":\"ReadAction\",\"target\":[\"https:\\\/\\\/cumse.org\\\/il-cammello-e-la-cruna-scu-in-camerun\\\/\"]}]},{\"@type\":\"ImageObject\",\"inLanguage\":\"fr-FR\",\"@id\":\"https:\\\/\\\/cumse.org\\\/il-cammello-e-la-cruna-scu-in-camerun\\\/#primaryimage\",\"url\":\"https:\\\/\\\/i0.wp.com\\\/cumse.org\\\/wp-content\\\/uploads\\\/2020\\\/12\\\/WhatsApp-Image-2020-12-29-at-23.20.36-2.jpeg?fit=1600%2C1200&ssl=1\",\"contentUrl\":\"https:\\\/\\\/i0.wp.com\\\/cumse.org\\\/wp-content\\\/uploads\\\/2020\\\/12\\\/WhatsApp-Image-2020-12-29-at-23.20.36-2.jpeg?fit=1600%2C1200&ssl=1\",\"width\":1600,\"height\":1200},{\"@type\":\"BreadcrumbList\",\"@id\":\"https:\\\/\\\/cumse.org\\\/il-cammello-e-la-cruna-scu-in-camerun\\\/#breadcrumb\",\"itemListElement\":[{\"@type\":\"ListItem\",\"position\":1,\"name\":\"Home\",\"item\":\"https:\\\/\\\/cumse.org\\\/\"},{\"@type\":\"ListItem\",\"position\":2,\"name\":\"29 dicembre &#8211; Il cammello e la cruna\"}]},{\"@type\":\"WebSite\",\"@id\":\"https:\\\/\\\/cumse.org\\\/#website\",\"url\":\"https:\\\/\\\/cumse.org\\\/\",\"name\":\"Fondazione Cumse ETS\",\"description\":\"Siamo dove gli altri distolgono lo sguardo\",\"potentialAction\":[{\"@type\":\"SearchAction\",\"target\":{\"@type\":\"EntryPoint\",\"urlTemplate\":\"https:\\\/\\\/cumse.org\\\/?s={search_term_string}\"},\"query-input\":{\"@type\":\"PropertyValueSpecification\",\"valueRequired\":true,\"valueName\":\"search_term_string\"}}],\"inLanguage\":\"fr-FR\"},{\"@type\":\"Person\",\"@id\":\"https:\\\/\\\/cumse.org\\\/#\\\/schema\\\/person\\\/d8802c7f9d251c013018b375be80cb06\",\"name\":\"admin\",\"image\":{\"@type\":\"ImageObject\",\"inLanguage\":\"fr-FR\",\"@id\":\"https:\\\/\\\/secure.gravatar.com\\\/avatar\\\/7fcee464d094e0b490b50408a0c7356276eedd5a17796d503ee821451b764c37?s=96&d=mm&r=g\",\"url\":\"https:\\\/\\\/secure.gravatar.com\\\/avatar\\\/7fcee464d094e0b490b50408a0c7356276eedd5a17796d503ee821451b764c37?s=96&d=mm&r=g\",\"contentUrl\":\"https:\\\/\\\/secure.gravatar.com\\\/avatar\\\/7fcee464d094e0b490b50408a0c7356276eedd5a17796d503ee821451b764c37?s=96&d=mm&r=g\",\"caption\":\"admin\"}}]}<\/script>\n<!-- \/ Yoast SEO plugin. -->","yoast_head_json":{"title":"29 dicembre - Il cammello e la cruna - Fondazione Cumse ETS","description":"SCU - Valeryo Falcone, civilista di Fondazione Cumse, racconta la sua esperienza in modo leggero e divertente. SEGUITE LA SUA STORIA!","robots":{"index":"index","follow":"follow","max-snippet":"max-snippet:-1","max-image-preview":"max-image-preview:large","max-video-preview":"max-video-preview:-1"},"canonical":"https:\/\/cumse.org\/fr\/il-cammello-e-la-cruna-scu-in-camerun\/","og_locale":"fr_FR","og_type":"article","og_title":"29 dicembre - Il cammello e la cruna - Fondazione Cumse ETS","og_description":"SCU - Valeryo Falcone, civilista di Fondazione Cumse, racconta la sua esperienza in modo leggero e divertente. SEGUITE LA SUA STORIA!","og_url":"https:\/\/cumse.org\/fr\/il-cammello-e-la-cruna-scu-in-camerun\/","og_site_name":"Fondazione Cumse ETS","article_published_time":"2020-12-29T22:31:15+00:00","article_modified_time":"2021-02-19T06:23:06+00:00","og_image":[{"width":1600,"height":1200,"url":"https:\/\/cumse.org\/wp-content\/uploads\/2020\/12\/WhatsApp-Image-2020-12-29-at-23.20.36-2.jpeg","type":"image\/jpeg"}],"author":"admin","twitter_card":"summary_large_image","twitter_misc":{"\u00c9crit par":"admin","Dur\u00e9e de lecture estim\u00e9e":"7 minutes"},"schema":{"@context":"https:\/\/schema.org","@graph":[{"@type":"Article","@id":"https:\/\/cumse.org\/il-cammello-e-la-cruna-scu-in-camerun\/#article","isPartOf":{"@id":"https:\/\/cumse.org\/il-cammello-e-la-cruna-scu-in-camerun\/"},"author":{"name":"admin","@id":"https:\/\/cumse.org\/#\/schema\/person\/d8802c7f9d251c013018b375be80cb06"},"headline":"29 dicembre &#8211; Il cammello e la cruna","datePublished":"2020-12-29T22:31:15+00:00","dateModified":"2021-02-19T06:23:06+00:00","mainEntityOfPage":{"@id":"https:\/\/cumse.org\/il-cammello-e-la-cruna-scu-in-camerun\/"},"wordCount":1321,"image":{"@id":"https:\/\/cumse.org\/il-cammello-e-la-cruna-scu-in-camerun\/#primaryimage"},"thumbnailUrl":"https:\/\/i0.wp.com\/cumse.org\/wp-content\/uploads\/2020\/12\/WhatsApp-Image-2020-12-29-at-23.20.36-2.jpeg?fit=1600%2C1200&ssl=1","keywords":["Camerun","Fondazione Cumse","Ngaounder\u00e8","SCU","Servizio Civile Universale","Yves Plumey"],"articleSection":["TrAvaler"],"inLanguage":"fr-FR"},{"@type":"WebPage","@id":"https:\/\/cumse.org\/il-cammello-e-la-cruna-scu-in-camerun\/","url":"https:\/\/cumse.org\/il-cammello-e-la-cruna-scu-in-camerun\/","name":"29 dicembre - Il cammello e la cruna - Fondazione Cumse ETS","isPartOf":{"@id":"https:\/\/cumse.org\/#website"},"primaryImageOfPage":{"@id":"https:\/\/cumse.org\/il-cammello-e-la-cruna-scu-in-camerun\/#primaryimage"},"image":{"@id":"https:\/\/cumse.org\/il-cammello-e-la-cruna-scu-in-camerun\/#primaryimage"},"thumbnailUrl":"https:\/\/i0.wp.com\/cumse.org\/wp-content\/uploads\/2020\/12\/WhatsApp-Image-2020-12-29-at-23.20.36-2.jpeg?fit=1600%2C1200&ssl=1","datePublished":"2020-12-29T22:31:15+00:00","dateModified":"2021-02-19T06:23:06+00:00","author":{"@id":"https:\/\/cumse.org\/#\/schema\/person\/d8802c7f9d251c013018b375be80cb06"},"description":"SCU - Valeryo Falcone, civilista di Fondazione Cumse, racconta la sua esperienza in modo leggero e divertente. SEGUITE LA SUA STORIA!","breadcrumb":{"@id":"https:\/\/cumse.org\/il-cammello-e-la-cruna-scu-in-camerun\/#breadcrumb"},"inLanguage":"fr-FR","potentialAction":[{"@type":"ReadAction","target":["https:\/\/cumse.org\/il-cammello-e-la-cruna-scu-in-camerun\/"]}]},{"@type":"ImageObject","inLanguage":"fr-FR","@id":"https:\/\/cumse.org\/il-cammello-e-la-cruna-scu-in-camerun\/#primaryimage","url":"https:\/\/i0.wp.com\/cumse.org\/wp-content\/uploads\/2020\/12\/WhatsApp-Image-2020-12-29-at-23.20.36-2.jpeg?fit=1600%2C1200&ssl=1","contentUrl":"https:\/\/i0.wp.com\/cumse.org\/wp-content\/uploads\/2020\/12\/WhatsApp-Image-2020-12-29-at-23.20.36-2.jpeg?fit=1600%2C1200&ssl=1","width":1600,"height":1200},{"@type":"BreadcrumbList","@id":"https:\/\/cumse.org\/il-cammello-e-la-cruna-scu-in-camerun\/#breadcrumb","itemListElement":[{"@type":"ListItem","position":1,"name":"Home","item":"https:\/\/cumse.org\/"},{"@type":"ListItem","position":2,"name":"29 dicembre &#8211; Il cammello e la cruna"}]},{"@type":"WebSite","@id":"https:\/\/cumse.org\/#website","url":"https:\/\/cumse.org\/","name":"Fondazione Cumse ETS","description":"Siamo dove gli altri distolgono lo sguardo","potentialAction":[{"@type":"SearchAction","target":{"@type":"EntryPoint","urlTemplate":"https:\/\/cumse.org\/?s={search_term_string}"},"query-input":{"@type":"PropertyValueSpecification","valueRequired":true,"valueName":"search_term_string"}}],"inLanguage":"fr-FR"},{"@type":"Person","@id":"https:\/\/cumse.org\/#\/schema\/person\/d8802c7f9d251c013018b375be80cb06","name":"admin","image":{"@type":"ImageObject","inLanguage":"fr-FR","@id":"https:\/\/secure.gravatar.com\/avatar\/7fcee464d094e0b490b50408a0c7356276eedd5a17796d503ee821451b764c37?s=96&d=mm&r=g","url":"https:\/\/secure.gravatar.com\/avatar\/7fcee464d094e0b490b50408a0c7356276eedd5a17796d503ee821451b764c37?s=96&d=mm&r=g","contentUrl":"https:\/\/secure.gravatar.com\/avatar\/7fcee464d094e0b490b50408a0c7356276eedd5a17796d503ee821451b764c37?s=96&d=mm&r=g","caption":"admin"}}]}},"jetpack_featured_media_url":"https:\/\/i0.wp.com\/cumse.org\/wp-content\/uploads\/2020\/12\/WhatsApp-Image-2020-12-29-at-23.20.36-2.jpeg?fit=1600%2C1200&ssl=1","jetpack_sharing_enabled":true,"_links":{"self":[{"href":"https:\/\/cumse.org\/fr\/wp-json\/wp\/v2\/posts\/3631","targetHints":{"allow":["GET"]}}],"collection":[{"href":"https:\/\/cumse.org\/fr\/wp-json\/wp\/v2\/posts"}],"about":[{"href":"https:\/\/cumse.org\/fr\/wp-json\/wp\/v2\/types\/post"}],"author":[{"embeddable":true,"href":"https:\/\/cumse.org\/fr\/wp-json\/wp\/v2\/users\/1"}],"replies":[{"embeddable":true,"href":"https:\/\/cumse.org\/fr\/wp-json\/wp\/v2\/comments?post=3631"}],"version-history":[{"count":0,"href":"https:\/\/cumse.org\/fr\/wp-json\/wp\/v2\/posts\/3631\/revisions"}],"wp:featuredmedia":[{"embeddable":true,"href":"https:\/\/cumse.org\/fr\/wp-json\/wp\/v2\/media\/4110"}],"wp:attachment":[{"href":"https:\/\/cumse.org\/fr\/wp-json\/wp\/v2\/media?parent=3631"}],"wp:term":[{"taxonomy":"category","embeddable":true,"href":"https:\/\/cumse.org\/fr\/wp-json\/wp\/v2\/categories?post=3631"},{"taxonomy":"post_tag","embeddable":true,"href":"https:\/\/cumse.org\/fr\/wp-json\/wp\/v2\/tags?post=3631"}],"curies":[{"name":"wp","href":"https:\/\/api.w.org\/{rel}","templated":true}]}}