{"id":3628,"date":"2020-12-28T21:56:41","date_gmt":"2020-12-28T20:56:41","guid":{"rendered":"https:\/\/cumse.org\/?p=3628"},"modified":"2021-02-19T07:16:05","modified_gmt":"2021-02-19T06:16:05","slug":"il-mio-4-luglio-scu-in-camerun","status":"publish","type":"post","link":"https:\/\/cumse.org\/fr\/il-mio-4-luglio-scu-in-camerun\/","title":{"rendered":"28 dicembre &#8211; Il mio 4 luglio"},"content":{"rendered":"<p>Oggi \u00e8 stata una giornata particolare. Sar\u00f2 sincero, per un momento ho temuto di non avere argomenti da digitare.<br \/>\nVi dir\u00f2, niente scorribande motociclistiche e nemmeno strane parole nuove. Eppure finora questo \u00e8 il giorno pi\u00f9 sorprendente che abbia vissuto nella piccola Marza. Ma andiamo a ritroso.<\/p>\n<p>Mi sono alzato alle 7.00 in ANSIA perch\u00e8 la sera prima avevo esaurito IL giga a mia disposizione e quindi non avevo avuto la possibilit\u00e0 di caricare la pagina del blog (cosa che, da buon abitudinario, faccio prima di coricarmi). Sballare la routine mi inquieta. E&#8217; tutto nuovo, ho bisogno della mia piccola stabilit\u00e0.<\/p>\n<p>Dopodich\u00e8 ho ribaltato il materasso, al centro del quale in una settimana si \u00e8 gi\u00e0 creata una fossa con la forma del mio corpo (non vi dico la comodit\u00e0) e ho messo le lenzuola pulite. Qui finisce che divento grande per davvero. A casa le cambio una volta al mese (ops, forse questo non dovevo dirvelo).<\/p>\n<p>Non c&#8217;\u00e8 acqua, sognavo di lavarmi ma si deve attendere, spero di farcela entro domani.<\/p>\n<p>Ore 9: lezione di francese con <strong>Edit<\/strong>, una ragazzina di 13 anni la cui mente, mi dice suor Nicole, \u00e8 predisposta allo studio. Infatti nell&#8217;arco di mezz&#8217;ora mi asfalta completamente con la sua precisione prettamente femminile e la sua pronuncia perfetta. Non \u00e8 affatto arrogante per\u00f2, \u00e8 gentile e pacata, cos\u00ec io inizio a prenderci gusto e niente, ci siamo sparati due ore di grammatica francese no stop. Domani la seconda puntata, ma alziamo il tiro, al posto di Edit verr\u00e0 il suo maestro. Mi tremano le gambe al solo pensiero.<\/p>\n<p>Sotto al sole dell&#8217;equatore due ore di francese pesano parecchio, decido cos\u00ec di prendermi una pausa giocando con Soumaya (meno di 2 anni) e Consulate (8 anni?).<br \/>\nLe piccoline mi hanno impacchettato e messo via per benino. Alle 12.15 non ci vedo pi\u00f9 dalla fame, ma nulla mi rassicura di pi\u00f9 della musicalit\u00e0 dello spentolare di <strong>Godyene<\/strong>, la cui opera \u00e8 impressionante: spezzatino di manzo, patate, zuppa di manioca e amaranto, un bel bicchiere di succo energizzante fatto al momento con<br \/>\nzenzero e limone, dulic fresco e papaya. Ammetto di aver destinato la papaya per la merenda. Sar\u00e0 il caldo, sar\u00e0 la SCIATICA che cos\u00ec, per la prima volta in vita mia, ha deciso di manifestarsi proprio qui in Africa, sar\u00e0 il non veder scorrere nulla dai rubinetti aperti, sar\u00e0 quel che sar\u00e0, fiacco mi distendo a letto con lo stesso piglio di un orso pronto per il letargo.<\/p>\n<p>Faccio una breve ricerca su internet, non sono certo che sia sciatica, forse un nervo accavallato.<br \/>\nLa pagina Instagram di un mio amico, super preparato, fisioterapista mi illumina: il mito del &#8220;nervo accavallato&#8221; non esiste. Esistono bens\u00ec i cos\u00ec detti &#8220;trigger points&#8221; (punti grilletto), delle zone del muscolo che si accorciano per via di una contrazione che permane provocando dolore, questo a causa di sovraccarico o di un movimento scorretto. La cura? Dopo aver discusso con il professionista, il massaggio rimane quasi sempre la soluzione pi\u00f9 efficace. Easy.<br \/>\nDevo solo trovare un fisioterapista a Marza. Vince la pigrizia, comincio a massaggiarmi il lato b con la mano sinistra con l&#8217;unico risultato di assomigliare sempre pi\u00f9 all&#8217;orso Baloo.<\/p>\n<p>Decido di godermi il divano e il silenzio del villaggio, capace di far tacere anche tutti i miei trigger points, leggendo qualche pagina di un libro che ho portato. Verso le 16.30 spero di movimentare le cose mangiando la papaya in veranda. Niente da fare. Anche i ragazzi pi\u00f9 piccoli latitano.<br \/>\nInvio su whatsapp a <strong>Marcelin<\/strong> una foto dell&#8217;ultima birra rimasta in frigorifero sperando di tentarlo nel venire a trovarmi. Nessun segnale, sar\u00e0 stravolto dal lavoro (quasi lo invidio, QUASI). <strong>Suor Nicole<\/strong> mi raggiunge poco dopo. Mi ha comprato un quaderno per segnar tutte le spese che Godyene far\u00e0 per preparare i pasti,<br \/>\ncon questo semplice metodo potremo capire pi\u00f9 o meno quanto mi costa un mese di cibo quaggi\u00f9. Mi sembra una buona soluzione, carta e penna, vecchia scuola.<\/p>\n<p><img data-recalc-dims=\"1\" loading=\"lazy\" decoding=\"async\" class=\"wp-image-4107 alignleft\" src=\"https:\/\/i0.wp.com\/cumse.org\/wp-content\/uploads\/2020\/12\/WhatsApp-Image-2020-12-28-at-21.59.52-1.jpeg?resize=292%2C390&#038;ssl=1\" alt=\"\" width=\"292\" height=\"390\" srcset=\"https:\/\/i0.wp.com\/cumse.org\/wp-content\/uploads\/2020\/12\/WhatsApp-Image-2020-12-28-at-21.59.52-1.jpeg?w=1200&amp;ssl=1 1200w, https:\/\/i0.wp.com\/cumse.org\/wp-content\/uploads\/2020\/12\/WhatsApp-Image-2020-12-28-at-21.59.52-1.jpeg?resize=800%2C1067&amp;ssl=1 800w, https:\/\/i0.wp.com\/cumse.org\/wp-content\/uploads\/2020\/12\/WhatsApp-Image-2020-12-28-at-21.59.52-1.jpeg?resize=225%2C300&amp;ssl=1 225w, https:\/\/i0.wp.com\/cumse.org\/wp-content\/uploads\/2020\/12\/WhatsApp-Image-2020-12-28-at-21.59.52-1.jpeg?resize=768%2C1024&amp;ssl=1 768w, https:\/\/i0.wp.com\/cumse.org\/wp-content\/uploads\/2020\/12\/WhatsApp-Image-2020-12-28-at-21.59.52-1.jpeg?resize=1152%2C1536&amp;ssl=1 1152w\" sizes=\"auto, (max-width: 292px) 100vw, 292px\" \/><\/p>\n<p>Domani c&#8217;\u00e8 MESSA alle 7.00&#8230; provate ad indovinare? Ovvio, vado anche io ed \u00e8 sempre pi\u00f9 concreta la prospettiva di fondare una mia religione a fine percorso.<br \/>\nPi\u00f9 o meno tutto qui. Stavo gettando la spugna, pensavo di dover fare un copia e incolla da Wikipedia sui punti grilletto per riempire un po&#8217; la pagina di oggi, col calar del sole stavano calando anche le mie speranze di un ultimo colpo di scena, quando, poco prima del tramonto, <strong>Godyene<\/strong> mi bussa alla porta&#8230;<\/p>\n<p>&nbsp;<\/p>\n<p>Per tenere allenata la conversazione in francese le parlo del quaderno di suor Nicole. Le dico che sono molto contento del suo lavoro e ci tengo a capire quanto pu\u00f2 costarmi la vita qui. Da cosa nasce cosa, trovo il coraggio di confessarle che a casa non uso manco la lavatrice e che qui sarei contento di lavarmi i panni a mano.<br \/>\nGodyene \u00e8 sorpresa di come io abbia stravolto la mia esistenza venendomene in Africa. Le spiego che il mio obiettivo \u00e8 diventare pi\u00f9 elastico per poter essere capace di adattarmi a qualunque situazione.<\/p>\n<p>Mia madre mi rimprovera sempre del fatto che non mi decido a crescere, le spiego, quindi paradossalmente la presenza di una santa come lei che lavora anche pi\u00f9 di una madre non mi aiuta. Silenzio. Le spiego il mio bisogno di diventare indipendente, in <a href=\"https:\/\/it.wikipedia.org\/wiki\/Camerun\"><strong>Camerun<\/strong><\/a> come da qualunque altra parte del mondo.<\/p>\n<p>Mi guarda e mi dice che ha fatto della conquista dell&#8217;indipendenza come donna, tutta la sua vita. Capisce quello che dico e vuole aiutarmi, per diventare un domani un padre capace di badare ai suoi figli. Colpito in pieno. SBAM.<\/p>\n<p>Mi chiede se davvero ho provato a lavare i panni a mano. Corro in bagno e tiro fuori quello che considero il mio capolavoro, la mia &#8220;Guernica&#8221;, la maglietta bianco verde a strisce e gi\u00e0 che ci sono, prendo anche i calzini bianco-neri.<br \/>\nSui calzini dice che dovr\u00f2 fare una ripassata (ed \u00e8 stata gentile), la maglietta ha preso la tinta (purtroppo) ma \u00e8 pulita: <em>BRAVO VALERYO<\/em>!<\/p>\n<p>(Spero che il complimento non sia dovuto, non solo almeno, al fatto che la tinta verde viene proprio dalle sue famose lenzuola.) Le dico che anche col rammendare i calzini ho un conto in sospeso. Me la cavo, ma non so concludere il nodo finale. &#8220;<em>Si compra ago e filo e ti insegno<\/em>&#8221; risponde. Pi\u00f9 facile del previsto.<\/p>\n<p>Mi spiega che il sapone in polvere funziona di pi\u00f9 per il lavaggio manuale. Poi il colpo di grazia, se davvero voglio crescere, devo essere io a badare alla dispensa, a controllare quello che manca e a dirle di volta in volta cosa comprare in base a quello che voglio mangiare. Sul cucinare ci accordiamo, a pranzo ci pensa lei,<br \/>\na cena mi arrangio io (non sono ancora pronto per rinunciare del tutto ai suoi manicaretti, lo ammetto).<\/p>\n<p>Insomma parliamo per quasi un&#8217;ora, in francese.<br \/>\nCoerente con il mio stile sentimentale, impulsivo e spassionato (da buon italiano quale sono) le dico che ho la certezza di aver trovato la mia prima amica (femmina, perch\u00e8 Nicol\u00e0 \u00e8 il mio primo amico maschio).<\/p>\n<p>Godyene mi ringrazia per essere stato gentile con lei, pensava che io non la sopportassi.<br \/>\nMi affanno a spiegare che tutte le volte che la vedevo entrare in casa mi sentivo in colpa nel farmi servire e riverire come un colonizzatore (magari inglese).<br \/>\nSono super contento del suo lavoro figuriamoci.<br \/>\nLe divergenze culturali erano tali da farci interpretare le dinamiche in modi del tutto distorti. Io mi sentivo in colpa nel vedere Godyene svolgere le sue mansioni abituali mentre LEI si sentiva a disagio pensando che il suo lavoro non mi andasse bene. Qui nessuno ci aveva capito una ceppa.<\/p>\n<p>Oggi \u00e8 un giorno speciale per me.<br \/>\nL&#8217;inizio della mia dichiarazione di indipendenza, il mio personalissimo 4 luglio, mi sento libero di muovermi e, soprattutto, di decidere.<br \/>\nLa prospettiva di aver trovato una persona come lei (troppo brava) pronta ad accompagnarmi in questa crescita non fa altro che infondermi sicurezza.<br \/>\nCerto potevo arrivarci qualche anno prima, si suppone che io vada per i 30. Forse \u00e8 vero che c&#8217;\u00e8 un tempo per ogni cosa, forse \u00e8 vero che ognuno ha un proprio passo, quello di cui son certo \u00e8 che non vorrei essere in nessun altro posto se non qui. Adesso.<\/p>\n<p>Mi assicuro che la bombola sia chiusa (ho paura), accendo col fiammifero la candela, colo la cera sul ripiano della cucina, la fisso vicina al lavandino&#8230;<br \/>\n&#8230;\u00e8 il momento di lavare i piatti, finalmente.<\/p>","protected":false},"excerpt":{"rendered":"<p>Oggi \u00e8 stata una giornata particolare. Sar\u00f2 sincero, per un momento ho temuto di non avere argomenti da digitare. Vi dir\u00f2, niente scorribande motociclistiche e nemmeno strane parole nuove. Eppure finora questo \u00e8 il giorno pi\u00f9 sorprendente che abbia vissuto nella piccola Marza. Ma andiamo a ritroso. Mi sono alzato alle 7.00 in ANSIA perch\u00e8 [&hellip;]<\/p>\n","protected":false},"author":1,"featured_media":4291,"comment_status":"closed","ping_status":"closed","sticky":false,"template":"","format":"standard","meta":{"_jetpack_memberships_contains_paid_content":false,"footnotes":""},"categories":[62],"tags":[68,67,73,65,66],"class_list":["post-3628","post","type-post","status-publish","format-standard","has-post-thumbnail","hentry","category-travaler","tag-camerun","tag-fondazione-cumse","tag-marza","tag-scu","tag-servizio-civile-universale"],"yoast_head":"<!-- This site is optimized with the Yoast SEO plugin v27.3 - https:\/\/yoast.com\/product\/yoast-seo-wordpress\/ -->\n<title>28 dicembre - Il mio 4 luglio - Fondazione Cumse ETS<\/title>\n<meta name=\"description\" content=\"SCU - Valeryo Falcone, civilista di Fondazione Cumse, racconta la sua esperienza in modo leggero e divertente. SEGUITE LA SUA STORIA!\" \/>\n<meta name=\"robots\" content=\"index, follow, max-snippet:-1, max-image-preview:large, max-video-preview:-1\" \/>\n<link rel=\"canonical\" href=\"https:\/\/cumse.org\/fr\/il-mio-4-luglio-scu-in-camerun\/\" \/>\n<meta property=\"og:locale\" content=\"fr_FR\" \/>\n<meta property=\"og:type\" content=\"article\" \/>\n<meta property=\"og:title\" content=\"28 dicembre - Il mio 4 luglio - Fondazione Cumse ETS\" \/>\n<meta property=\"og:description\" content=\"SCU - Valeryo Falcone, civilista di Fondazione Cumse, racconta la sua esperienza in modo leggero e divertente. SEGUITE LA SUA STORIA!\" \/>\n<meta property=\"og:url\" content=\"https:\/\/cumse.org\/fr\/il-mio-4-luglio-scu-in-camerun\/\" \/>\n<meta property=\"og:site_name\" content=\"Fondazione Cumse ETS\" \/>\n<meta property=\"article:published_time\" content=\"2020-12-28T20:56:41+00:00\" \/>\n<meta property=\"article:modified_time\" content=\"2021-02-19T06:16:05+00:00\" \/>\n<meta property=\"og:image\" content=\"https:\/\/cumse.org\/wp-content\/uploads\/2020\/12\/2020-12-28.jpeg\" \/>\n\t<meta property=\"og:image:width\" content=\"1280\" \/>\n\t<meta property=\"og:image:height\" content=\"720\" \/>\n\t<meta property=\"og:image:type\" content=\"image\/jpeg\" \/>\n<meta name=\"author\" content=\"admin\" \/>\n<meta name=\"twitter:card\" content=\"summary_large_image\" \/>\n<meta name=\"twitter:label1\" content=\"\u00c9crit par\" \/>\n\t<meta name=\"twitter:data1\" content=\"admin\" \/>\n\t<meta name=\"twitter:label2\" content=\"Dur\u00e9e de lecture estim\u00e9e\" \/>\n\t<meta name=\"twitter:data2\" content=\"7 minutes\" \/>\n<script type=\"application\/ld+json\" class=\"yoast-schema-graph\">{\"@context\":\"https:\\\/\\\/schema.org\",\"@graph\":[{\"@type\":\"Article\",\"@id\":\"https:\\\/\\\/cumse.org\\\/il-mio-4-luglio-scu-in-camerun\\\/#article\",\"isPartOf\":{\"@id\":\"https:\\\/\\\/cumse.org\\\/il-mio-4-luglio-scu-in-camerun\\\/\"},\"author\":{\"name\":\"admin\",\"@id\":\"https:\\\/\\\/cumse.org\\\/#\\\/schema\\\/person\\\/d8802c7f9d251c013018b375be80cb06\"},\"headline\":\"28 dicembre &#8211; Il mio 4 luglio\",\"datePublished\":\"2020-12-28T20:56:41+00:00\",\"dateModified\":\"2021-02-19T06:16:05+00:00\",\"mainEntityOfPage\":{\"@id\":\"https:\\\/\\\/cumse.org\\\/il-mio-4-luglio-scu-in-camerun\\\/\"},\"wordCount\":1388,\"image\":{\"@id\":\"https:\\\/\\\/cumse.org\\\/il-mio-4-luglio-scu-in-camerun\\\/#primaryimage\"},\"thumbnailUrl\":\"https:\\\/\\\/i0.wp.com\\\/cumse.org\\\/wp-content\\\/uploads\\\/2020\\\/12\\\/2020-12-28.jpeg?fit=1280%2C720&ssl=1\",\"keywords\":[\"Camerun\",\"Fondazione Cumse\",\"Marza\",\"SCU\",\"Servizio Civile Universale\"],\"articleSection\":[\"TrAvaler\"],\"inLanguage\":\"fr-FR\"},{\"@type\":\"WebPage\",\"@id\":\"https:\\\/\\\/cumse.org\\\/il-mio-4-luglio-scu-in-camerun\\\/\",\"url\":\"https:\\\/\\\/cumse.org\\\/il-mio-4-luglio-scu-in-camerun\\\/\",\"name\":\"28 dicembre - Il mio 4 luglio - Fondazione Cumse ETS\",\"isPartOf\":{\"@id\":\"https:\\\/\\\/cumse.org\\\/#website\"},\"primaryImageOfPage\":{\"@id\":\"https:\\\/\\\/cumse.org\\\/il-mio-4-luglio-scu-in-camerun\\\/#primaryimage\"},\"image\":{\"@id\":\"https:\\\/\\\/cumse.org\\\/il-mio-4-luglio-scu-in-camerun\\\/#primaryimage\"},\"thumbnailUrl\":\"https:\\\/\\\/i0.wp.com\\\/cumse.org\\\/wp-content\\\/uploads\\\/2020\\\/12\\\/2020-12-28.jpeg?fit=1280%2C720&ssl=1\",\"datePublished\":\"2020-12-28T20:56:41+00:00\",\"dateModified\":\"2021-02-19T06:16:05+00:00\",\"author\":{\"@id\":\"https:\\\/\\\/cumse.org\\\/#\\\/schema\\\/person\\\/d8802c7f9d251c013018b375be80cb06\"},\"description\":\"SCU - Valeryo Falcone, civilista di Fondazione Cumse, racconta la sua esperienza in modo leggero e divertente. SEGUITE LA SUA STORIA!\",\"breadcrumb\":{\"@id\":\"https:\\\/\\\/cumse.org\\\/il-mio-4-luglio-scu-in-camerun\\\/#breadcrumb\"},\"inLanguage\":\"fr-FR\",\"potentialAction\":[{\"@type\":\"ReadAction\",\"target\":[\"https:\\\/\\\/cumse.org\\\/il-mio-4-luglio-scu-in-camerun\\\/\"]}]},{\"@type\":\"ImageObject\",\"inLanguage\":\"fr-FR\",\"@id\":\"https:\\\/\\\/cumse.org\\\/il-mio-4-luglio-scu-in-camerun\\\/#primaryimage\",\"url\":\"https:\\\/\\\/i0.wp.com\\\/cumse.org\\\/wp-content\\\/uploads\\\/2020\\\/12\\\/2020-12-28.jpeg?fit=1280%2C720&ssl=1\",\"contentUrl\":\"https:\\\/\\\/i0.wp.com\\\/cumse.org\\\/wp-content\\\/uploads\\\/2020\\\/12\\\/2020-12-28.jpeg?fit=1280%2C720&ssl=1\",\"width\":1280,\"height\":720},{\"@type\":\"BreadcrumbList\",\"@id\":\"https:\\\/\\\/cumse.org\\\/il-mio-4-luglio-scu-in-camerun\\\/#breadcrumb\",\"itemListElement\":[{\"@type\":\"ListItem\",\"position\":1,\"name\":\"Home\",\"item\":\"https:\\\/\\\/cumse.org\\\/\"},{\"@type\":\"ListItem\",\"position\":2,\"name\":\"28 dicembre &#8211; Il mio 4 luglio\"}]},{\"@type\":\"WebSite\",\"@id\":\"https:\\\/\\\/cumse.org\\\/#website\",\"url\":\"https:\\\/\\\/cumse.org\\\/\",\"name\":\"Fondazione Cumse ETS\",\"description\":\"Siamo dove gli altri distolgono lo sguardo\",\"potentialAction\":[{\"@type\":\"SearchAction\",\"target\":{\"@type\":\"EntryPoint\",\"urlTemplate\":\"https:\\\/\\\/cumse.org\\\/?s={search_term_string}\"},\"query-input\":{\"@type\":\"PropertyValueSpecification\",\"valueRequired\":true,\"valueName\":\"search_term_string\"}}],\"inLanguage\":\"fr-FR\"},{\"@type\":\"Person\",\"@id\":\"https:\\\/\\\/cumse.org\\\/#\\\/schema\\\/person\\\/d8802c7f9d251c013018b375be80cb06\",\"name\":\"admin\",\"image\":{\"@type\":\"ImageObject\",\"inLanguage\":\"fr-FR\",\"@id\":\"https:\\\/\\\/secure.gravatar.com\\\/avatar\\\/7fcee464d094e0b490b50408a0c7356276eedd5a17796d503ee821451b764c37?s=96&d=mm&r=g\",\"url\":\"https:\\\/\\\/secure.gravatar.com\\\/avatar\\\/7fcee464d094e0b490b50408a0c7356276eedd5a17796d503ee821451b764c37?s=96&d=mm&r=g\",\"contentUrl\":\"https:\\\/\\\/secure.gravatar.com\\\/avatar\\\/7fcee464d094e0b490b50408a0c7356276eedd5a17796d503ee821451b764c37?s=96&d=mm&r=g\",\"caption\":\"admin\"}}]}<\/script>\n<!-- \/ Yoast SEO plugin. -->","yoast_head_json":{"title":"28 dicembre - Il mio 4 luglio - Fondazione Cumse ETS","description":"SCU - Valeryo Falcone, civilista di Fondazione Cumse, racconta la sua esperienza in modo leggero e divertente. SEGUITE LA SUA STORIA!","robots":{"index":"index","follow":"follow","max-snippet":"max-snippet:-1","max-image-preview":"max-image-preview:large","max-video-preview":"max-video-preview:-1"},"canonical":"https:\/\/cumse.org\/fr\/il-mio-4-luglio-scu-in-camerun\/","og_locale":"fr_FR","og_type":"article","og_title":"28 dicembre - Il mio 4 luglio - Fondazione Cumse ETS","og_description":"SCU - Valeryo Falcone, civilista di Fondazione Cumse, racconta la sua esperienza in modo leggero e divertente. SEGUITE LA SUA STORIA!","og_url":"https:\/\/cumse.org\/fr\/il-mio-4-luglio-scu-in-camerun\/","og_site_name":"Fondazione Cumse ETS","article_published_time":"2020-12-28T20:56:41+00:00","article_modified_time":"2021-02-19T06:16:05+00:00","og_image":[{"width":1280,"height":720,"url":"https:\/\/cumse.org\/wp-content\/uploads\/2020\/12\/2020-12-28.jpeg","type":"image\/jpeg"}],"author":"admin","twitter_card":"summary_large_image","twitter_misc":{"\u00c9crit par":"admin","Dur\u00e9e de lecture estim\u00e9e":"7 minutes"},"schema":{"@context":"https:\/\/schema.org","@graph":[{"@type":"Article","@id":"https:\/\/cumse.org\/il-mio-4-luglio-scu-in-camerun\/#article","isPartOf":{"@id":"https:\/\/cumse.org\/il-mio-4-luglio-scu-in-camerun\/"},"author":{"name":"admin","@id":"https:\/\/cumse.org\/#\/schema\/person\/d8802c7f9d251c013018b375be80cb06"},"headline":"28 dicembre &#8211; Il mio 4 luglio","datePublished":"2020-12-28T20:56:41+00:00","dateModified":"2021-02-19T06:16:05+00:00","mainEntityOfPage":{"@id":"https:\/\/cumse.org\/il-mio-4-luglio-scu-in-camerun\/"},"wordCount":1388,"image":{"@id":"https:\/\/cumse.org\/il-mio-4-luglio-scu-in-camerun\/#primaryimage"},"thumbnailUrl":"https:\/\/i0.wp.com\/cumse.org\/wp-content\/uploads\/2020\/12\/2020-12-28.jpeg?fit=1280%2C720&ssl=1","keywords":["Camerun","Fondazione Cumse","Marza","SCU","Servizio Civile Universale"],"articleSection":["TrAvaler"],"inLanguage":"fr-FR"},{"@type":"WebPage","@id":"https:\/\/cumse.org\/il-mio-4-luglio-scu-in-camerun\/","url":"https:\/\/cumse.org\/il-mio-4-luglio-scu-in-camerun\/","name":"28 dicembre - Il mio 4 luglio - Fondazione Cumse ETS","isPartOf":{"@id":"https:\/\/cumse.org\/#website"},"primaryImageOfPage":{"@id":"https:\/\/cumse.org\/il-mio-4-luglio-scu-in-camerun\/#primaryimage"},"image":{"@id":"https:\/\/cumse.org\/il-mio-4-luglio-scu-in-camerun\/#primaryimage"},"thumbnailUrl":"https:\/\/i0.wp.com\/cumse.org\/wp-content\/uploads\/2020\/12\/2020-12-28.jpeg?fit=1280%2C720&ssl=1","datePublished":"2020-12-28T20:56:41+00:00","dateModified":"2021-02-19T06:16:05+00:00","author":{"@id":"https:\/\/cumse.org\/#\/schema\/person\/d8802c7f9d251c013018b375be80cb06"},"description":"SCU - Valeryo Falcone, civilista di Fondazione Cumse, racconta la sua esperienza in modo leggero e divertente. SEGUITE LA SUA STORIA!","breadcrumb":{"@id":"https:\/\/cumse.org\/il-mio-4-luglio-scu-in-camerun\/#breadcrumb"},"inLanguage":"fr-FR","potentialAction":[{"@type":"ReadAction","target":["https:\/\/cumse.org\/il-mio-4-luglio-scu-in-camerun\/"]}]},{"@type":"ImageObject","inLanguage":"fr-FR","@id":"https:\/\/cumse.org\/il-mio-4-luglio-scu-in-camerun\/#primaryimage","url":"https:\/\/i0.wp.com\/cumse.org\/wp-content\/uploads\/2020\/12\/2020-12-28.jpeg?fit=1280%2C720&ssl=1","contentUrl":"https:\/\/i0.wp.com\/cumse.org\/wp-content\/uploads\/2020\/12\/2020-12-28.jpeg?fit=1280%2C720&ssl=1","width":1280,"height":720},{"@type":"BreadcrumbList","@id":"https:\/\/cumse.org\/il-mio-4-luglio-scu-in-camerun\/#breadcrumb","itemListElement":[{"@type":"ListItem","position":1,"name":"Home","item":"https:\/\/cumse.org\/"},{"@type":"ListItem","position":2,"name":"28 dicembre &#8211; Il mio 4 luglio"}]},{"@type":"WebSite","@id":"https:\/\/cumse.org\/#website","url":"https:\/\/cumse.org\/","name":"Fondazione Cumse ETS","description":"Siamo dove gli altri distolgono lo sguardo","potentialAction":[{"@type":"SearchAction","target":{"@type":"EntryPoint","urlTemplate":"https:\/\/cumse.org\/?s={search_term_string}"},"query-input":{"@type":"PropertyValueSpecification","valueRequired":true,"valueName":"search_term_string"}}],"inLanguage":"fr-FR"},{"@type":"Person","@id":"https:\/\/cumse.org\/#\/schema\/person\/d8802c7f9d251c013018b375be80cb06","name":"admin","image":{"@type":"ImageObject","inLanguage":"fr-FR","@id":"https:\/\/secure.gravatar.com\/avatar\/7fcee464d094e0b490b50408a0c7356276eedd5a17796d503ee821451b764c37?s=96&d=mm&r=g","url":"https:\/\/secure.gravatar.com\/avatar\/7fcee464d094e0b490b50408a0c7356276eedd5a17796d503ee821451b764c37?s=96&d=mm&r=g","contentUrl":"https:\/\/secure.gravatar.com\/avatar\/7fcee464d094e0b490b50408a0c7356276eedd5a17796d503ee821451b764c37?s=96&d=mm&r=g","caption":"admin"}}]}},"jetpack_featured_media_url":"https:\/\/i0.wp.com\/cumse.org\/wp-content\/uploads\/2020\/12\/2020-12-28.jpeg?fit=1280%2C720&ssl=1","jetpack_sharing_enabled":true,"_links":{"self":[{"href":"https:\/\/cumse.org\/fr\/wp-json\/wp\/v2\/posts\/3628","targetHints":{"allow":["GET"]}}],"collection":[{"href":"https:\/\/cumse.org\/fr\/wp-json\/wp\/v2\/posts"}],"about":[{"href":"https:\/\/cumse.org\/fr\/wp-json\/wp\/v2\/types\/post"}],"author":[{"embeddable":true,"href":"https:\/\/cumse.org\/fr\/wp-json\/wp\/v2\/users\/1"}],"replies":[{"embeddable":true,"href":"https:\/\/cumse.org\/fr\/wp-json\/wp\/v2\/comments?post=3628"}],"version-history":[{"count":0,"href":"https:\/\/cumse.org\/fr\/wp-json\/wp\/v2\/posts\/3628\/revisions"}],"wp:featuredmedia":[{"embeddable":true,"href":"https:\/\/cumse.org\/fr\/wp-json\/wp\/v2\/media\/4291"}],"wp:attachment":[{"href":"https:\/\/cumse.org\/fr\/wp-json\/wp\/v2\/media?parent=3628"}],"wp:term":[{"taxonomy":"category","embeddable":true,"href":"https:\/\/cumse.org\/fr\/wp-json\/wp\/v2\/categories?post=3628"},{"taxonomy":"post_tag","embeddable":true,"href":"https:\/\/cumse.org\/fr\/wp-json\/wp\/v2\/tags?post=3628"}],"curies":[{"name":"wp","href":"https:\/\/api.w.org\/{rel}","templated":true}]}}