{"id":3591,"date":"2020-12-27T11:47:43","date_gmt":"2020-12-27T10:47:43","guid":{"rendered":"https:\/\/cumse.org\/?p=3591"},"modified":"2021-02-19T07:08:54","modified_gmt":"2021-02-19T06:08:54","slug":"diversivo-scu-in-camerun","status":"publish","type":"post","link":"https:\/\/cumse.org\/fr\/diversivo-scu-in-camerun\/","title":{"rendered":"27 dicembre &#8211; Diversivo"},"content":{"rendered":"<p>Ah come \u00e8 bella la domenica mattina, soprattutto se non hai impegni. Io chiaramente ne ho.<\/p>\n<p>Sveglia alle 7 in preparazione fisica e psicologica per la messa delle 8 di padre Alois. Suor Nicole ieri mi ha chiesto se mi andava di andarci insieme, che fai, dici di no? Una pi\u00f9 una meno, tanto ormai si \u00e8 capito che alla fine di sti dieci mesi divento un asceta illuminato.<\/p>\n<p>Io poi, quando voglio, sono un tipo abitudinario, mi va anche bene acquisire una certa ROUTINE per qualche tempo. Passi dunque la sveglia presto, passi anche l&#8217;andare a letto con le galline, mi trovo a mio agio a seguire la luce solare come indice per coricarmi in branda, \u00e8 pi\u00f9 facile che leggere l&#8217;orologio, diciamo cos\u00ec.<\/p>\n<p>Da buon abitudinario quindi, in chiesa mi siedo esattamente nello stesso posto che occupavo a Natale, terza fila a sinistra partendo dall&#8217;altare, tra i bambini.<br \/>\nLoro giocano, bisbigliano, sussurrano, ti danno la certezza che prima o poi succeder\u00e0 qualcosa di divertente. Qualcuno<br \/>\ninventer\u00e0 un passatempo per sopravvivere al sermone triturato tra i denti del nostro omeopatico rimedio per l&#8217;insonnia vivente.<\/p>\n<p>Sono tutti incuriositi da ME, non solo i bambini, anche gli adulti guardano il tizio bianco con la barba che si siede sulla panchetta tra i pischelli. Dalle facce qualcuno ha proprio voglia di menarmi male, le donne invece sembrano divertite e la cosa, non lo nego, mi piace.<\/p>\n<table style=\"width: 100%; border-collapse: collapse;\" border=\"0\">\n<tbody>\n<tr>\n<td style=\"width: 100%; background-color: red; text-align: center; vertical-align: top;\">\n<h4><a href=\"\/fr\/servizio-civile-universale\/\"><span style=\"color: #ffffff;\"><strong>Per saperne di pi\u00f9 sul Servizio Civile Universale &#8211; SCU &#8211; clicca qu\u00ec!<\/strong><\/span><\/a><\/h4>\n<\/td>\n<\/tr>\n<\/tbody>\n<\/table>\n<p><strong> Padre Alois<\/strong> attacca con l&#8217;arringa iniziale. In seconda fila, proprio davanti a me, c&#8217;\u00e8 un soldo di cacio con un completo celeste tradizionale e un cappello da cowboy rosso con una piuma bianca. Porta al collo una borsa di Gucci da donna (\u201ctarocco bene\u201d) piena di dolciumi. Insomma qui il rap made in USA ha distorto ampiamente i canoni stilistici. Il piccolo Snoop Dog tira fuori una bottiglietta di Sprite e inizia a bere mentre il parroco continua imperterrito. Vorrei avere una bottiglietta simile, ma piena di rum.<\/p>\n<p>Ad un certo punto la sorellina lo prende per mano e sgattaiola pian piano verso l&#8217;uscita. Vorrei prenderli per mano anche io e seguirli in capo al mondo ma, niente da fare, si suppone che gli adulti restino seduti (essere grandi fa davvero schifo).<\/p>\n<p>La messa procede. Che ci crediate o meno ad un certo punto la scritta &#8220;Joyeux Noel&#8221; appesa alle spalle di padre Alluis inizia a cedere, prima si stacca dal lato destro, dondolando a mo&#8217; di pendolo, poi cade in terra. INCREDIBILE.<\/p>\n<p>Il prete \u00e8 riuscito ad addormentare anche la colla che sosteneva la decorazione natalizia. Il giorno in cui addormenter\u00e0 i chiodi verranno gi\u00f9 tutte le lastre di legno del soffitto e probabilmente anche le panche. La forza scorre fin troppo potente in lui. Ho paura.<\/p>\n<p>Fortunatamente il coro mi distrae. Mi guardo intorno, anche di primo mattino le vittime dell&#8217;effetto soporifero sono numerose. Osservo i BIMBI vicino a me. Proprio come pensavo. Loro si sono persi nel mondo dell&#8217;immaginazione, c&#8217;\u00e8 chi fissa le fantasie del vestito del vicino, chi parla sottovoce al proprio fratellino o sorellina, c&#8217;\u00e8 una bimba che sembra la copia di Whitney Houston in miniatura intenta a sistemarsi le treccine.<\/p>\n<p>Questa \u00e8 la loro magia, una capacit\u00e0 di estraniamento completa, totale, tutti i posti del mondo per i bambini possono diventare luoghi incantevoli dove respirare l&#8217;odore di avventura e di scoperta. Non c&#8217;\u00e8 sermone che tenga.<\/p>\n<p>Decido che voglio provare a realizzare quella formula alchemica capace di portarmi altrove. Poggio le dita delle mani sulla panca che mi sta davanti, tutte attaccate, mano sinistra e destra. Sollevo in ordine i mignoli, poi gli indici, poi indietro sui medi infine gli anulari. Continuo a ripetere l&#8217;esercizio cambiando ordine, inizio a fantasticare sulla possibilit\u00e0 di utilizzare questa prassi come riabilitazione neuro-cognitiva. Chiss\u00e0, mi chiedo, se qualcuno abbia gi\u00e0 sperimentato la comunicazione tra mente e mani, e se s\u00ec, in che modo?<\/p>\n<p>Alla fine mi arrendo. I piedi dei bimbi dondolano dalle panche, i miei invece sono ben saldi al terreno. Io dico che dovrebbero costruire panche pi\u00f9 alte, di modo da far ciondolare anche i piedi dei grandi, chiss\u00e0 che cos\u00ec non ci venga pi\u00f9 facile ricordare come si vola, almeno con la fantasia.<\/p>\n<p>Il bimbo a fianco a me dorme con la testa poggiata in avanti. Nicol\u00e0, mio fido scudiero, mi fruga nelle tasche da dietro, mi sono infilato una penna rossa nel gilet prima di uscire, nell\u2019occasione giusta gliela regalo dato che ieri ci teneva ma non ho potuto accontentarlo.<\/p>\n<p>Una canzone si leva potente risvegliandoci di botto. C&#8217;\u00e8 un canto, ho notato durante l&#8217;assidua frequentazione liturgica, che si protrae a lungo. Ha strofe brevi, la musica cala, sembra finire e poi riattacca di colpo. Ho trovato finalmente il diversivo che cercavo. Ogni volta che questa si attenua fingo di smettere di battere le mani, con falsa sorpresa riprendo appena ricomincia.<\/p>\n<p>Insomma do l&#8217;idea di essere stanco di applaudire per poi ricominciare, facendo delle facce un po&#8217; buffe. Ai bambini piace, ridono tutti, rido anche io senza farmi vedere, battiamo le mani tutti insieme e poi anche i piedi. Sono riuscito a divertirmi anche oggi. Da qui in poi\u00a0 la celebrazione procede in discesa. Padre Alois sembra addirittura voler fare una battuta, chiede scusa per essere andato un po&#8217; &#8220;lunghino&#8221; e accenna, mi pare di capire dai gesti, al fatto che non veda molto bene, sorride e guarda verso di me. COINCIDENZE?<\/p>\n<p>Codardo e pure IPOCRITA sorrido anche io. Con i miei soci c&#8217;\u00e8 ormai una certa complicit\u00e0, nulla pu\u00f2 pi\u00f9 addormentarci.<br \/>\nEsco dalla porta, sbircio il cellulare: Le 10.00. Due ore di predicozzo. Mi tocco la faccia, mi do&#8217; un pizzicotto. Parrebbe essere tutto in ordine.<\/p>\n<p>Vado a casa distrutto dalla vita. La piccola Soumaya viene a farmi compagnia seguita da Godyane.<br \/>\nOggi la signorinella \u00e8 in vena di cantare, la metto a sedere a tavola con me e comincia con una canzone fatta di poche parole tipo: &#8220;J&#8217;aime papa&#8221;. Godyene le da un piatto per farmi compagnia. Mentre la pischella afferra avidamente dei fusilli in bianco con le manine la guardo stupito.<br \/>\nAncora una volta il potere dei bambini mi sorprende, mi basta la canzoncina di Soumaya per lasciarmi alle spalle due ore di messa.<\/p>\n<p>Carico, decido di reagire dopo pranzo mettendomi in veranda a studiacchiare con l&#8217;aiuto dal frasario.<strong> Suor Nicole<\/strong> si palesa con un piatto di ANGURIA fresca e due forchette. Ci voleva.<\/p>\n<p><img data-recalc-dims=\"1\" loading=\"lazy\" decoding=\"async\" class=\"wp-image-4104 alignleft\" src=\"https:\/\/i0.wp.com\/cumse.org\/wp-content\/uploads\/2020\/12\/WhatsApp-Image-2020-12-28-at-07.12.07.jpeg?resize=341%2C607&#038;ssl=1\" alt=\"\" width=\"341\" height=\"607\" srcset=\"https:\/\/i0.wp.com\/cumse.org\/wp-content\/uploads\/2020\/12\/WhatsApp-Image-2020-12-28-at-07.12.07.jpeg?w=898&amp;ssl=1 898w, https:\/\/i0.wp.com\/cumse.org\/wp-content\/uploads\/2020\/12\/WhatsApp-Image-2020-12-28-at-07.12.07.jpeg?resize=800%2C1425&amp;ssl=1 800w, https:\/\/i0.wp.com\/cumse.org\/wp-content\/uploads\/2020\/12\/WhatsApp-Image-2020-12-28-at-07.12.07.jpeg?resize=168%2C300&amp;ssl=1 168w, https:\/\/i0.wp.com\/cumse.org\/wp-content\/uploads\/2020\/12\/WhatsApp-Image-2020-12-28-at-07.12.07.jpeg?resize=575%2C1024&amp;ssl=1 575w, https:\/\/i0.wp.com\/cumse.org\/wp-content\/uploads\/2020\/12\/WhatsApp-Image-2020-12-28-at-07.12.07.jpeg?resize=768%2C1368&amp;ssl=1 768w, https:\/\/i0.wp.com\/cumse.org\/wp-content\/uploads\/2020\/12\/WhatsApp-Image-2020-12-28-at-07.12.07.jpeg?resize=862%2C1536&amp;ssl=1 862w\" sizes=\"auto, (max-width: 341px) 100vw, 341px\" \/><\/p>\n<p>Oggi \u00e8 la prima domenica dopo Natale. La festa della famiglia. Molti parenti o conoscenti dei ragazzi del centro passano a salutare. Tra loro c&#8217;\u00e8 anche <strong>Rog\u00e8<\/strong>, un giovane cresciuto in una situazione difficile che ora si \u00e8 laureato in economia ed ha voltato pagina. Non ha dimenticato, mi dice, da dove proviene e cos\u00ec ha portato qualcosa da distribuire ai giovani ospiti. Organizzeremo presto un&#8217;uscita in centro, Rog\u00e8 vuole mostrarmi l&#8217;universit\u00e0 di <a href=\"https:\/\/it.wikipedia.org\/wiki\/Ngaound%C3%A9r%C3%A9\">Ngaounder\u00e8<\/a>. A me va pi\u00f9 che bene.<\/p>\n<p>Quando ormai pensavo di aver dato tutto, <strong>Moses<\/strong> viene a farmi compagnia.<br \/>\nLezione di francese a domicilio. Mi racconta che sogna di fare il giornalista, motivo per cui si \u00e8 iscritto al laboratorio di giornalismo della scuola.<br \/>\nHa fatto un pezzo sull&#8217;arrivo del ministro dello sport a Ngaounder\u00e8. In gamba il giovane. Credo abbia un futuro. Parla anche un buon inglese, il che facilita la nostra sessione privata.<\/p>\n<p>Mi piace questa storia di non avere impegni, di godermi una piacevole chiacchierata senza dover guardare l&#8217;ora, sono convinto che partire sia stata una bella mossa. Se non fosse per le zanzare, pericolose per noi Nassara (soprattutto per quelli codardi) continuerei la mia discussione con lui pi\u00f9 che volentieri.<\/p>\n<p>Il sole sta calando, ma non \u00e8 grave, avremo tutto il tempo.<\/p>","protected":false},"excerpt":{"rendered":"<p>Ah come \u00e8 bella la domenica mattina, soprattutto se non hai impegni. Io chiaramente ne ho. Sveglia alle 7 in preparazione fisica e psicologica per la messa delle 8 di padre Alois. Suor Nicole ieri mi ha chiesto se mi andava di andarci insieme, che fai, dici di no? Una pi\u00f9 una meno, tanto ormai [&hellip;]<\/p>\n","protected":false},"author":1,"featured_media":4105,"comment_status":"closed","ping_status":"closed","sticky":false,"template":"","format":"standard","meta":{"_jetpack_memberships_contains_paid_content":false,"footnotes":""},"categories":[62],"tags":[68,67,79,65,66],"class_list":["post-3591","post","type-post","status-publish","format-standard","has-post-thumbnail","hentry","category-travaler","tag-camerun","tag-fondazione-cumse","tag-ngaoundere","tag-scu","tag-servizio-civile-universale"],"yoast_head":"<!-- This site is optimized with the Yoast SEO plugin v27.3 - https:\/\/yoast.com\/product\/yoast-seo-wordpress\/ -->\n<title>27 dicembre - Diversivo - Fondazione Cumse ETS<\/title>\n<meta name=\"description\" content=\"SCU - Valeryo Falcone, civilista di Fondazione Cumse, racconta la sua esperienza in modo leggero e divertente. SEGUITE LA SUA STORIA!\" \/>\n<meta name=\"robots\" content=\"index, follow, max-snippet:-1, max-image-preview:large, max-video-preview:-1\" \/>\n<link rel=\"canonical\" href=\"https:\/\/cumse.org\/fr\/diversivo-scu-in-camerun\/\" \/>\n<meta property=\"og:locale\" content=\"fr_FR\" \/>\n<meta property=\"og:type\" content=\"article\" \/>\n<meta property=\"og:title\" content=\"27 dicembre - Diversivo - Fondazione Cumse ETS\" \/>\n<meta property=\"og:description\" content=\"SCU - Valeryo Falcone, civilista di Fondazione Cumse, racconta la sua esperienza in modo leggero e divertente. SEGUITE LA SUA STORIA!\" \/>\n<meta property=\"og:url\" content=\"https:\/\/cumse.org\/fr\/diversivo-scu-in-camerun\/\" \/>\n<meta property=\"og:site_name\" content=\"Fondazione Cumse ETS\" \/>\n<meta property=\"article:published_time\" content=\"2020-12-27T10:47:43+00:00\" \/>\n<meta property=\"article:modified_time\" content=\"2021-02-19T06:08:54+00:00\" \/>\n<meta property=\"og:image\" content=\"https:\/\/cumse.org\/wp-content\/uploads\/2020\/12\/WhatsApp-Image-2020-12-28-at-16.19.54.jpeg\" \/>\n\t<meta property=\"og:image:width\" content=\"1024\" \/>\n\t<meta property=\"og:image:height\" content=\"768\" \/>\n\t<meta property=\"og:image:type\" content=\"image\/jpeg\" \/>\n<meta name=\"author\" content=\"admin\" \/>\n<meta name=\"twitter:card\" content=\"summary_large_image\" \/>\n<meta name=\"twitter:label1\" content=\"\u00c9crit par\" \/>\n\t<meta name=\"twitter:data1\" content=\"admin\" \/>\n\t<meta name=\"twitter:label2\" content=\"Dur\u00e9e de lecture estim\u00e9e\" \/>\n\t<meta name=\"twitter:data2\" content=\"6 minutes\" \/>\n<script type=\"application\/ld+json\" class=\"yoast-schema-graph\">{\"@context\":\"https:\\\/\\\/schema.org\",\"@graph\":[{\"@type\":\"Article\",\"@id\":\"https:\\\/\\\/cumse.org\\\/fr\\\/diversivo-scu-in-camerun\\\/#article\",\"isPartOf\":{\"@id\":\"https:\\\/\\\/cumse.org\\\/fr\\\/diversivo-scu-in-camerun\\\/\"},\"author\":{\"name\":\"admin\",\"@id\":\"https:\\\/\\\/cumse.org\\\/#\\\/schema\\\/person\\\/d8802c7f9d251c013018b375be80cb06\"},\"headline\":\"27 dicembre &#8211; Diversivo\",\"datePublished\":\"2020-12-27T10:47:43+00:00\",\"dateModified\":\"2021-02-19T06:08:54+00:00\",\"mainEntityOfPage\":{\"@id\":\"https:\\\/\\\/cumse.org\\\/fr\\\/diversivo-scu-in-camerun\\\/\"},\"wordCount\":1270,\"image\":{\"@id\":\"https:\\\/\\\/cumse.org\\\/fr\\\/diversivo-scu-in-camerun\\\/#primaryimage\"},\"thumbnailUrl\":\"https:\\\/\\\/i0.wp.com\\\/cumse.org\\\/wp-content\\\/uploads\\\/2020\\\/12\\\/WhatsApp-Image-2020-12-28-at-16.19.54.jpeg?fit=1024%2C768&ssl=1\",\"keywords\":[\"Camerun\",\"Fondazione Cumse\",\"Ngaounder\u00e8\",\"SCU\",\"Servizio Civile Universale\"],\"articleSection\":[\"TrAvaler\"],\"inLanguage\":\"fr-FR\"},{\"@type\":\"WebPage\",\"@id\":\"https:\\\/\\\/cumse.org\\\/fr\\\/diversivo-scu-in-camerun\\\/\",\"url\":\"https:\\\/\\\/cumse.org\\\/fr\\\/diversivo-scu-in-camerun\\\/\",\"name\":\"27 dicembre - Diversivo - Fondazione Cumse ETS\",\"isPartOf\":{\"@id\":\"https:\\\/\\\/cumse.org\\\/#website\"},\"primaryImageOfPage\":{\"@id\":\"https:\\\/\\\/cumse.org\\\/fr\\\/diversivo-scu-in-camerun\\\/#primaryimage\"},\"image\":{\"@id\":\"https:\\\/\\\/cumse.org\\\/fr\\\/diversivo-scu-in-camerun\\\/#primaryimage\"},\"thumbnailUrl\":\"https:\\\/\\\/i0.wp.com\\\/cumse.org\\\/wp-content\\\/uploads\\\/2020\\\/12\\\/WhatsApp-Image-2020-12-28-at-16.19.54.jpeg?fit=1024%2C768&ssl=1\",\"datePublished\":\"2020-12-27T10:47:43+00:00\",\"dateModified\":\"2021-02-19T06:08:54+00:00\",\"author\":{\"@id\":\"https:\\\/\\\/cumse.org\\\/#\\\/schema\\\/person\\\/d8802c7f9d251c013018b375be80cb06\"},\"description\":\"SCU - Valeryo Falcone, civilista di Fondazione Cumse, racconta la sua esperienza in modo leggero e divertente. SEGUITE LA SUA STORIA!\",\"breadcrumb\":{\"@id\":\"https:\\\/\\\/cumse.org\\\/fr\\\/diversivo-scu-in-camerun\\\/#breadcrumb\"},\"inLanguage\":\"fr-FR\",\"potentialAction\":[{\"@type\":\"ReadAction\",\"target\":[\"https:\\\/\\\/cumse.org\\\/fr\\\/diversivo-scu-in-camerun\\\/\"]}]},{\"@type\":\"ImageObject\",\"inLanguage\":\"fr-FR\",\"@id\":\"https:\\\/\\\/cumse.org\\\/fr\\\/diversivo-scu-in-camerun\\\/#primaryimage\",\"url\":\"https:\\\/\\\/i0.wp.com\\\/cumse.org\\\/wp-content\\\/uploads\\\/2020\\\/12\\\/WhatsApp-Image-2020-12-28-at-16.19.54.jpeg?fit=1024%2C768&ssl=1\",\"contentUrl\":\"https:\\\/\\\/i0.wp.com\\\/cumse.org\\\/wp-content\\\/uploads\\\/2020\\\/12\\\/WhatsApp-Image-2020-12-28-at-16.19.54.jpeg?fit=1024%2C768&ssl=1\",\"width\":1024,\"height\":768},{\"@type\":\"BreadcrumbList\",\"@id\":\"https:\\\/\\\/cumse.org\\\/fr\\\/diversivo-scu-in-camerun\\\/#breadcrumb\",\"itemListElement\":[{\"@type\":\"ListItem\",\"position\":1,\"name\":\"Home\",\"item\":\"https:\\\/\\\/cumse.org\\\/\"},{\"@type\":\"ListItem\",\"position\":2,\"name\":\"27 dicembre &#8211; Diversivo\"}]},{\"@type\":\"WebSite\",\"@id\":\"https:\\\/\\\/cumse.org\\\/#website\",\"url\":\"https:\\\/\\\/cumse.org\\\/\",\"name\":\"Fondazione Cumse ETS\",\"description\":\"Siamo dove gli altri distolgono lo sguardo\",\"potentialAction\":[{\"@type\":\"SearchAction\",\"target\":{\"@type\":\"EntryPoint\",\"urlTemplate\":\"https:\\\/\\\/cumse.org\\\/?s={search_term_string}\"},\"query-input\":{\"@type\":\"PropertyValueSpecification\",\"valueRequired\":true,\"valueName\":\"search_term_string\"}}],\"inLanguage\":\"fr-FR\"},{\"@type\":\"Person\",\"@id\":\"https:\\\/\\\/cumse.org\\\/#\\\/schema\\\/person\\\/d8802c7f9d251c013018b375be80cb06\",\"name\":\"admin\",\"image\":{\"@type\":\"ImageObject\",\"inLanguage\":\"fr-FR\",\"@id\":\"https:\\\/\\\/secure.gravatar.com\\\/avatar\\\/7fcee464d094e0b490b50408a0c7356276eedd5a17796d503ee821451b764c37?s=96&d=mm&r=g\",\"url\":\"https:\\\/\\\/secure.gravatar.com\\\/avatar\\\/7fcee464d094e0b490b50408a0c7356276eedd5a17796d503ee821451b764c37?s=96&d=mm&r=g\",\"contentUrl\":\"https:\\\/\\\/secure.gravatar.com\\\/avatar\\\/7fcee464d094e0b490b50408a0c7356276eedd5a17796d503ee821451b764c37?s=96&d=mm&r=g\",\"caption\":\"admin\"}}]}<\/script>\n<!-- \/ Yoast SEO plugin. -->","yoast_head_json":{"title":"27 dicembre - Diversivo - Fondazione Cumse ETS","description":"SCU - Valeryo Falcone, civilista di Fondazione Cumse, racconta la sua esperienza in modo leggero e divertente. SEGUITE LA SUA STORIA!","robots":{"index":"index","follow":"follow","max-snippet":"max-snippet:-1","max-image-preview":"max-image-preview:large","max-video-preview":"max-video-preview:-1"},"canonical":"https:\/\/cumse.org\/fr\/diversivo-scu-in-camerun\/","og_locale":"fr_FR","og_type":"article","og_title":"27 dicembre - Diversivo - Fondazione Cumse ETS","og_description":"SCU - Valeryo Falcone, civilista di Fondazione Cumse, racconta la sua esperienza in modo leggero e divertente. SEGUITE LA SUA STORIA!","og_url":"https:\/\/cumse.org\/fr\/diversivo-scu-in-camerun\/","og_site_name":"Fondazione Cumse ETS","article_published_time":"2020-12-27T10:47:43+00:00","article_modified_time":"2021-02-19T06:08:54+00:00","og_image":[{"width":1024,"height":768,"url":"https:\/\/cumse.org\/wp-content\/uploads\/2020\/12\/WhatsApp-Image-2020-12-28-at-16.19.54.jpeg","type":"image\/jpeg"}],"author":"admin","twitter_card":"summary_large_image","twitter_misc":{"\u00c9crit par":"admin","Dur\u00e9e de lecture estim\u00e9e":"6 minutes"},"schema":{"@context":"https:\/\/schema.org","@graph":[{"@type":"Article","@id":"https:\/\/cumse.org\/fr\/diversivo-scu-in-camerun\/#article","isPartOf":{"@id":"https:\/\/cumse.org\/fr\/diversivo-scu-in-camerun\/"},"author":{"name":"admin","@id":"https:\/\/cumse.org\/#\/schema\/person\/d8802c7f9d251c013018b375be80cb06"},"headline":"27 dicembre &#8211; Diversivo","datePublished":"2020-12-27T10:47:43+00:00","dateModified":"2021-02-19T06:08:54+00:00","mainEntityOfPage":{"@id":"https:\/\/cumse.org\/fr\/diversivo-scu-in-camerun\/"},"wordCount":1270,"image":{"@id":"https:\/\/cumse.org\/fr\/diversivo-scu-in-camerun\/#primaryimage"},"thumbnailUrl":"https:\/\/i0.wp.com\/cumse.org\/wp-content\/uploads\/2020\/12\/WhatsApp-Image-2020-12-28-at-16.19.54.jpeg?fit=1024%2C768&ssl=1","keywords":["Camerun","Fondazione Cumse","Ngaounder\u00e8","SCU","Servizio Civile Universale"],"articleSection":["TrAvaler"],"inLanguage":"fr-FR"},{"@type":"WebPage","@id":"https:\/\/cumse.org\/fr\/diversivo-scu-in-camerun\/","url":"https:\/\/cumse.org\/fr\/diversivo-scu-in-camerun\/","name":"27 dicembre - Diversivo - Fondazione Cumse ETS","isPartOf":{"@id":"https:\/\/cumse.org\/#website"},"primaryImageOfPage":{"@id":"https:\/\/cumse.org\/fr\/diversivo-scu-in-camerun\/#primaryimage"},"image":{"@id":"https:\/\/cumse.org\/fr\/diversivo-scu-in-camerun\/#primaryimage"},"thumbnailUrl":"https:\/\/i0.wp.com\/cumse.org\/wp-content\/uploads\/2020\/12\/WhatsApp-Image-2020-12-28-at-16.19.54.jpeg?fit=1024%2C768&ssl=1","datePublished":"2020-12-27T10:47:43+00:00","dateModified":"2021-02-19T06:08:54+00:00","author":{"@id":"https:\/\/cumse.org\/#\/schema\/person\/d8802c7f9d251c013018b375be80cb06"},"description":"SCU - Valeryo Falcone, civilista di Fondazione Cumse, racconta la sua esperienza in modo leggero e divertente. SEGUITE LA SUA STORIA!","breadcrumb":{"@id":"https:\/\/cumse.org\/fr\/diversivo-scu-in-camerun\/#breadcrumb"},"inLanguage":"fr-FR","potentialAction":[{"@type":"ReadAction","target":["https:\/\/cumse.org\/fr\/diversivo-scu-in-camerun\/"]}]},{"@type":"ImageObject","inLanguage":"fr-FR","@id":"https:\/\/cumse.org\/fr\/diversivo-scu-in-camerun\/#primaryimage","url":"https:\/\/i0.wp.com\/cumse.org\/wp-content\/uploads\/2020\/12\/WhatsApp-Image-2020-12-28-at-16.19.54.jpeg?fit=1024%2C768&ssl=1","contentUrl":"https:\/\/i0.wp.com\/cumse.org\/wp-content\/uploads\/2020\/12\/WhatsApp-Image-2020-12-28-at-16.19.54.jpeg?fit=1024%2C768&ssl=1","width":1024,"height":768},{"@type":"BreadcrumbList","@id":"https:\/\/cumse.org\/fr\/diversivo-scu-in-camerun\/#breadcrumb","itemListElement":[{"@type":"ListItem","position":1,"name":"Home","item":"https:\/\/cumse.org\/"},{"@type":"ListItem","position":2,"name":"27 dicembre &#8211; Diversivo"}]},{"@type":"WebSite","@id":"https:\/\/cumse.org\/#website","url":"https:\/\/cumse.org\/","name":"Fondazione Cumse ETS","description":"Siamo dove gli altri distolgono lo sguardo","potentialAction":[{"@type":"SearchAction","target":{"@type":"EntryPoint","urlTemplate":"https:\/\/cumse.org\/?s={search_term_string}"},"query-input":{"@type":"PropertyValueSpecification","valueRequired":true,"valueName":"search_term_string"}}],"inLanguage":"fr-FR"},{"@type":"Person","@id":"https:\/\/cumse.org\/#\/schema\/person\/d8802c7f9d251c013018b375be80cb06","name":"admin","image":{"@type":"ImageObject","inLanguage":"fr-FR","@id":"https:\/\/secure.gravatar.com\/avatar\/7fcee464d094e0b490b50408a0c7356276eedd5a17796d503ee821451b764c37?s=96&d=mm&r=g","url":"https:\/\/secure.gravatar.com\/avatar\/7fcee464d094e0b490b50408a0c7356276eedd5a17796d503ee821451b764c37?s=96&d=mm&r=g","contentUrl":"https:\/\/secure.gravatar.com\/avatar\/7fcee464d094e0b490b50408a0c7356276eedd5a17796d503ee821451b764c37?s=96&d=mm&r=g","caption":"admin"}}]}},"jetpack_featured_media_url":"https:\/\/i0.wp.com\/cumse.org\/wp-content\/uploads\/2020\/12\/WhatsApp-Image-2020-12-28-at-16.19.54.jpeg?fit=1024%2C768&ssl=1","jetpack_sharing_enabled":true,"_links":{"self":[{"href":"https:\/\/cumse.org\/fr\/wp-json\/wp\/v2\/posts\/3591","targetHints":{"allow":["GET"]}}],"collection":[{"href":"https:\/\/cumse.org\/fr\/wp-json\/wp\/v2\/posts"}],"about":[{"href":"https:\/\/cumse.org\/fr\/wp-json\/wp\/v2\/types\/post"}],"author":[{"embeddable":true,"href":"https:\/\/cumse.org\/fr\/wp-json\/wp\/v2\/users\/1"}],"replies":[{"embeddable":true,"href":"https:\/\/cumse.org\/fr\/wp-json\/wp\/v2\/comments?post=3591"}],"version-history":[{"count":0,"href":"https:\/\/cumse.org\/fr\/wp-json\/wp\/v2\/posts\/3591\/revisions"}],"wp:featuredmedia":[{"embeddable":true,"href":"https:\/\/cumse.org\/fr\/wp-json\/wp\/v2\/media\/4105"}],"wp:attachment":[{"href":"https:\/\/cumse.org\/fr\/wp-json\/wp\/v2\/media?parent=3591"}],"wp:term":[{"taxonomy":"category","embeddable":true,"href":"https:\/\/cumse.org\/fr\/wp-json\/wp\/v2\/categories?post=3591"},{"taxonomy":"post_tag","embeddable":true,"href":"https:\/\/cumse.org\/fr\/wp-json\/wp\/v2\/tags?post=3591"}],"curies":[{"name":"wp","href":"https:\/\/api.w.org\/{rel}","templated":true}]}}