{"id":3589,"date":"2020-12-26T23:13:51","date_gmt":"2020-12-26T22:13:51","guid":{"rendered":"https:\/\/cumse.org\/?p=3589"},"modified":"2021-02-12T17:09:23","modified_gmt":"2021-02-12T16:09:23","slug":"peli-scu-in-camerun","status":"publish","type":"post","link":"https:\/\/cumse.org\/fr\/peli-scu-in-camerun\/","title":{"rendered":"26 dicembre &#8211; Peli"},"content":{"rendered":"<p>Mi sono alzato verso le 8 con ancora addosso l&#8217;appiccicume del sudore e delle birre di ieri pomeriggio. Una doccia era NECESSARIA oltre che doverosa. La vita prende una piega tutta diversa dopo.<\/p>\n<p>Caccio la testa fuori dalla porta e la mia presenza attira subito l&#8217;attenzione di alcuni dei miei nuovi amichetti. A dir il vero anche il pianto di<strong> Brenda<\/strong> attira la mia. Mi siedo sulla veranda, estraggo un fazzoletto e la invito a sedersi vicino a me.<br \/>\nHa delle treccine meravigliose, non resisto e col mio francese le dico qualcosa tipo: <em>&#8220;Brenda se avessi i capelli, vorrei proprio delle treccine come le tue, tutte nere, belle!&#8221;<\/em> Gi\u00e0 mi vedo al campetto di via Diaz nel canturino a giocare a basket sfoggiando una capigliatura afro degna dei fortissimi dominicani assidui frequentatori del luogo. Purtroppo rester\u00e0 solo una fantasia. Almeno Brenda si \u00e8 fatta una risata e mi passa la mano sulla testa per controllare se \u00e8 proprio vero che sulla zucca da Nassara che mi ritrovo non ce ne siano (pi\u00f9). Dice che non fa niente, che va bene cos\u00ec.<\/p>\n<p><img data-recalc-dims=\"1\" loading=\"lazy\" decoding=\"async\" class=\"wp-image-4101 alignright\" src=\"https:\/\/i0.wp.com\/cumse.org\/wp-content\/uploads\/2020\/12\/WhatsApp-Image-2020-12-26-at-20.11.44.jpeg?resize=475%2C231&#038;ssl=1\" alt=\"\" width=\"475\" height=\"231\" srcset=\"https:\/\/i0.wp.com\/cumse.org\/wp-content\/uploads\/2020\/12\/WhatsApp-Image-2020-12-26-at-20.11.44.jpeg?w=1600&amp;ssl=1 1600w, https:\/\/i0.wp.com\/cumse.org\/wp-content\/uploads\/2020\/12\/WhatsApp-Image-2020-12-26-at-20.11.44.jpeg?resize=1200%2C583&amp;ssl=1 1200w, https:\/\/i0.wp.com\/cumse.org\/wp-content\/uploads\/2020\/12\/WhatsApp-Image-2020-12-26-at-20.11.44.jpeg?resize=300%2C146&amp;ssl=1 300w, https:\/\/i0.wp.com\/cumse.org\/wp-content\/uploads\/2020\/12\/WhatsApp-Image-2020-12-26-at-20.11.44.jpeg?resize=1024%2C497&amp;ssl=1 1024w, https:\/\/i0.wp.com\/cumse.org\/wp-content\/uploads\/2020\/12\/WhatsApp-Image-2020-12-26-at-20.11.44.jpeg?resize=768%2C373&amp;ssl=1 768w, https:\/\/i0.wp.com\/cumse.org\/wp-content\/uploads\/2020\/12\/WhatsApp-Image-2020-12-26-at-20.11.44.jpeg?resize=1536%2C746&amp;ssl=1 1536w, https:\/\/i0.wp.com\/cumse.org\/wp-content\/uploads\/2020\/12\/WhatsApp-Image-2020-12-26-at-20.11.44.jpeg?w=1280&amp;ssl=1 1280w\" sizes=\"auto, (max-width: 475px) 100vw, 475px\" \/><\/p>\n<p>Dopodich\u00e9 si accorge per\u00f2 che sulle braccia o sulle mani ho tanti altri capelli. Nicol\u00e0 nel mentre, con a seguito Num, Dudu e Yves, ha raggiunto la sorella e mi si \u00e8 seduto accanto. Dudu mi sale in spalletta. Brenda mi si sdraia in braccio, Yves si siede sul lato opposto.<br \/>\nNum \u00e8 impossibile tenerlo d&#8217;occhio, comincia a fare una serie di disastri.<br \/>\nBrenda \u00e8 sempre pi\u00f9 curiosa riguardo alla questione &#8220;capelli sulle braccia&#8221; e cos\u00ec lo fa notare anche agli altri.<\/p>\n<p>Sono certo a quel punto di aver detto in corretto francese: <em>&#8220;Si ragazzi, ho peli un po&#8217; su tutto il corpo&#8221;<\/em>. A nulla \u00e8 valso il mio sforzo grammaticale sulla loro curiosit\u00e0. Chi mi tira su le maniche, Dudu dall&#8217;alto mi infila le braccia nel collo della camicia per controllare la schiena. Yves con Num tentano di togliermi i calzini. Nicol\u00e0 (che non a caso \u00e8 il mio preferito) li guarda stupiti, lui il concetto l&#8217;ha capito e invece di cercare in giro comincia ad accarezzarmi il braccio dicendo che sono molto liscio. Per la prima volta la genetica normanno-meridionale desta interesse anzich\u00e9 disgusto.<\/p>\n<p>Tutta questa attenzione non mi dispiacerebbe se non fosse che i bambini mi hanno completamente assediato. Ripeto per l&#8217;ennesima volta che sono proprio fatto cos\u00ec, li ho persino in faccia, ovunque tranne che in testa.<br \/>\nLa mia frustrazione viene calcata dalle correzioni subitanee di tutti: <em>&#8220;Quelli sulla faccia si chiamano barba!&#8221;<\/em> Come dar loro torto?<\/p>\n<p>I bimbi mi riprendono sulle pronunce scorrette, mi usano come trampolino, sedia o letto. Il sole batte forte, fa caldino. Num avvicina la sedia al tavolo, si arrampica prima su questa per poi salire in piedi sul tavolino di plastica verde, mi guarda con dispetto, salta nuovamente sulla sedia. Quei 4 capelli rimasti li ho persi senz&#8217;altro oggi. Lui sta benone, io un po&#8217; meno. Lo sollevo di peso, lo faccio roteare un po&#8217; e quando sembra calmo, fiiuuuum, ecco che mi sgattaiola dalle braccia, corre verso l&#8217;altra sedia di legno e la spinge gi\u00f9 dalla veranda. Poi prende il coperchio del bidone dell&#8217;acqua e via, gi\u00f9 dalla veranda.<br \/>\nSi toglie le scarpe e, indovinate un po&#8217;? Gi\u00f9 dalla veranda. Insomma \u00e8 tutto un lanciare cose. In francese dopo un po&#8217; gli dico:&#8221;<em>Num, ma \u00e8 sempre la stessa storia,<\/em> <em>cosa lanci le robe a fare?&#8221;<\/em> (aggiungo in italiano\u00a0 per la disperazione).<\/p>\n<p>Ero quasi sull&#8217;orlo del baratro quando si sente un rumore, come un tonfo.<br \/>\nGli dei hanno gettato un&#8217;occhiata pietosa e benevola in mio soccorso. A meno di un metro dalla veranda cresce, tra gli altri, un magnifico e rigoglioso albero di avocado. Un frutto maturo \u00e8 caduto proprio in mio aiuto. Cos\u00ec a gratis. Indico ai piccoli il prezioso bottino. Num recupera il cucchiaio che, puntualmente, aveva scagliato poco prima gi\u00f9 dalla veranda. Nicol\u00e0 recupera il frutto. Alois, vista la scena da lontano, si avvicina goloso per aggiungersi al gruppo.<\/p>\n<p>Incomincia una specie di lotta per la divisione delle porzioni. Spiego chiaramente (o quasi) che desidero che tutti ne abbiano un po&#8217;. Alois si offre di piantare il nocciolo dicendomi che cos\u00ec ne crescer\u00e0 un altro presto. Gli do carta bianca, non so pi\u00f9 se sto per esaurire la pazienza o le forze.<br \/>\nLa pausa merenda non fa altro che rinvigorire le energie delle piccole pesti. Num si rifugia sotto il tavolo e comincia a togliersi i pantaloni, Brenda mi sale in braccio, Dudu geloso mi sale in spalletta, Nicol\u00e0 con calma mi chiede un foglio e una penna rossa di cui, al momento, sono sprovvisto.<\/p>\n<p>Dopo un cinque minuti buoni di pianti, mentre riesco per miracolo a scollarmi Brenda e Dudu di dosso, Num fa capire con un&#8217;eliccotterata degna di Magic Mike che deve fare la pip\u00ec, nel mentre anche i pantaloni&#8230;esatto, gi\u00f9 dalla veranda. Guardo Nicol\u00e0 che ha 6 anni ma \u00e8 l&#8217;unico adulto presente ai miei occhi e lo supplico di aiutarlo a fare pip\u00ec. No problem, Nicol\u00e0 porta Num sul bordo e il piccolo tranquillamente svuota il serbatoio, per coerenza massima, gi\u00f9 dalla veranda. Di questo passo non ho idea di cosa mi possa crescere davanti casa oltre all&#8217;albero di avocado appena piantato.<\/p>\n<p><strong> Godyene<\/strong> giunge per preparare il pranzo. Lascia la piccola Soumaya sulla soglia e mi abbandona. Io che speravo facesse qualcosa, macch\u00e9 lei giustamente ha ben altro a cui pensare. Soumaya osserva divertita la mia disperazione e poi magicamente interagisce con me e con Num. Qualcuno ha fatto saltar fuori una macchinina rossa. Non so bene da dove ma sono lieto dell&#8217;evento. Num finalmente si focalizza su qualcosa che non ha voglia di lanciare dalla veranda. Sono salvo. PIA ILLUSIONE.<\/p>\n<p>Brenda inizia a litigare pesante con Dudu che la mena, o risponde alle botte, non ho capito. Basta. Tenete presente che son passate quasi tre ore, mi alzo in piedi, rimetto i pantaloni a Num e dico ai ragazzi che ci vediamo domani, per oggi ne ho abbastanza via, sparire, la violenza non \u00e8 tollerata, altrimenti finisce che butto io qualcosa o QUALCUNO gi\u00f9 dalla veranda! Inizio a capire Num, faccio progressi. Mi scuso con Nicol\u00e0 che comprende chiaramente pi\u00f9 di tutti la situazione, anche pi\u00f9 di me.<\/p>\n<p>Domani gli regalo una penna rossa da panico. Io e Soumaya rientriamo in soggiorno, Godyene mette sul portatile dei cartoni animati a tema giungla, ottimi per i principianti di francese come me. Mentre mi gusto del cocco fresco Soumaya si diverte a mangiare un&#8217;arancia appena sbucciata dalle sante mani della nostra beniamina.<br \/>\nIo non ne ho quasi pi\u00f9, la mia nuova compagna di classe (2 anni scarsi) si sdraia sul tappetto e si abbandona ad un sonno profondo.<\/p>\n<p><img data-recalc-dims=\"1\" loading=\"lazy\" decoding=\"async\" class=\"wp-image-4100  alignleft\" src=\"https:\/\/i0.wp.com\/cumse.org\/wp-content\/uploads\/2020\/12\/WhatsApp-Image-2020-12-26-at-20.11.43.jpeg?resize=323%2C431&#038;ssl=1\" alt=\"\" width=\"323\" height=\"431\" srcset=\"https:\/\/i0.wp.com\/cumse.org\/wp-content\/uploads\/2020\/12\/WhatsApp-Image-2020-12-26-at-20.11.43.jpeg?w=1200&amp;ssl=1 1200w, https:\/\/i0.wp.com\/cumse.org\/wp-content\/uploads\/2020\/12\/WhatsApp-Image-2020-12-26-at-20.11.43.jpeg?resize=800%2C1067&amp;ssl=1 800w, https:\/\/i0.wp.com\/cumse.org\/wp-content\/uploads\/2020\/12\/WhatsApp-Image-2020-12-26-at-20.11.43.jpeg?resize=225%2C300&amp;ssl=1 225w, https:\/\/i0.wp.com\/cumse.org\/wp-content\/uploads\/2020\/12\/WhatsApp-Image-2020-12-26-at-20.11.43.jpeg?resize=768%2C1024&amp;ssl=1 768w, https:\/\/i0.wp.com\/cumse.org\/wp-content\/uploads\/2020\/12\/WhatsApp-Image-2020-12-26-at-20.11.43.jpeg?resize=1152%2C1536&amp;ssl=1 1152w\" sizes=\"auto, (max-width: 323px) 100vw, 323px\" \/><\/p>\n<p>Quelle tre ore sono durate una vita. Dopo essermi sbranato il pranzo non ho fatto praticamente nulla se non studiacchiare il mio frasario di francese. Suor Nicole \u00e8 venuta a trovarmi verso le 18 spiegandomi che qui \u00e8 uso riposare il 26 dicembre. Sul serio? Non mi pare!<\/p>\n<p>In ogni caso mi fido di Suor Nicole. Domani \u00e8 domenica e si star\u00e0 nuovamente TUTTI insieme. Posso farcela! Posso? Speriamo!<\/p>","protected":false},"excerpt":{"rendered":"<p>Mi sono alzato verso le 8 con ancora addosso l&#8217;appiccicume del sudore e delle birre di ieri pomeriggio. Una doccia era NECESSARIA oltre che doverosa. La vita prende una piega tutta diversa dopo. Caccio la testa fuori dalla porta e la mia presenza attira subito l&#8217;attenzione di alcuni dei miei nuovi amichetti. A dir il [&hellip;]<\/p>\n","protected":false},"author":1,"featured_media":4099,"comment_status":"closed","ping_status":"closed","sticky":false,"template":"","format":"standard","meta":{"_jetpack_memberships_contains_paid_content":false,"footnotes":""},"categories":[62],"tags":[68,67,76,65,66],"class_list":["post-3589","post","type-post","status-publish","format-standard","has-post-thumbnail","hentry","category-travaler","tag-camerun","tag-fondazione-cumse","tag-nassara","tag-scu","tag-servizio-civile-universale"],"yoast_head":"<!-- This site is optimized with the Yoast SEO plugin v27.3 - https:\/\/yoast.com\/product\/yoast-seo-wordpress\/ -->\n<title>26 dicembre - Peli - Fondazione Cumse ETS<\/title>\n<meta name=\"description\" content=\"SCU - Valeryo Falcone, civilista di Fondazione Cumse, racconta la sua esperienza in modo leggero e divertente. SEGUITE LA SUA STORIA!\" \/>\n<meta name=\"robots\" content=\"index, follow, max-snippet:-1, max-image-preview:large, max-video-preview:-1\" \/>\n<link rel=\"canonical\" href=\"https:\/\/cumse.org\/fr\/peli-scu-in-camerun\/\" \/>\n<meta property=\"og:locale\" content=\"fr_FR\" \/>\n<meta property=\"og:type\" content=\"article\" \/>\n<meta property=\"og:title\" content=\"26 dicembre - Peli - Fondazione Cumse ETS\" \/>\n<meta property=\"og:description\" content=\"SCU - Valeryo Falcone, civilista di Fondazione Cumse, racconta la sua esperienza in modo leggero e divertente. SEGUITE LA SUA STORIA!\" \/>\n<meta property=\"og:url\" content=\"https:\/\/cumse.org\/fr\/peli-scu-in-camerun\/\" \/>\n<meta property=\"og:site_name\" content=\"Fondazione Cumse ETS\" \/>\n<meta property=\"article:published_time\" content=\"2020-12-26T22:13:51+00:00\" \/>\n<meta property=\"article:modified_time\" content=\"2021-02-12T16:09:23+00:00\" \/>\n<meta property=\"og:image\" content=\"https:\/\/cumse.org\/wp-content\/uploads\/2020\/12\/WhatsApp-Image-2020-12-26-at-20.11.42.jpeg\" \/>\n\t<meta property=\"og:image:width\" content=\"1600\" \/>\n\t<meta property=\"og:image:height\" content=\"1200\" \/>\n\t<meta property=\"og:image:type\" content=\"image\/jpeg\" \/>\n<meta name=\"author\" content=\"admin\" \/>\n<meta name=\"twitter:card\" content=\"summary_large_image\" \/>\n<meta name=\"twitter:label1\" content=\"\u00c9crit par\" \/>\n\t<meta name=\"twitter:data1\" content=\"admin\" \/>\n\t<meta name=\"twitter:label2\" content=\"Dur\u00e9e de lecture estim\u00e9e\" \/>\n\t<meta name=\"twitter:data2\" content=\"6 minutes\" \/>\n<script type=\"application\/ld+json\" class=\"yoast-schema-graph\">{\"@context\":\"https:\\\/\\\/schema.org\",\"@graph\":[{\"@type\":\"Article\",\"@id\":\"https:\\\/\\\/cumse.org\\\/peli-scu-in-camerun\\\/#article\",\"isPartOf\":{\"@id\":\"https:\\\/\\\/cumse.org\\\/peli-scu-in-camerun\\\/\"},\"author\":{\"name\":\"admin\",\"@id\":\"https:\\\/\\\/cumse.org\\\/#\\\/schema\\\/person\\\/d8802c7f9d251c013018b375be80cb06\"},\"headline\":\"26 dicembre &#8211; Peli\",\"datePublished\":\"2020-12-26T22:13:51+00:00\",\"dateModified\":\"2021-02-12T16:09:23+00:00\",\"mainEntityOfPage\":{\"@id\":\"https:\\\/\\\/cumse.org\\\/peli-scu-in-camerun\\\/\"},\"wordCount\":1168,\"image\":{\"@id\":\"https:\\\/\\\/cumse.org\\\/peli-scu-in-camerun\\\/#primaryimage\"},\"thumbnailUrl\":\"https:\\\/\\\/i0.wp.com\\\/cumse.org\\\/wp-content\\\/uploads\\\/2020\\\/12\\\/WhatsApp-Image-2020-12-26-at-20.11.42.jpeg?fit=1600%2C1200&ssl=1\",\"keywords\":[\"Camerun\",\"Fondazione Cumse\",\"nassara\",\"SCU\",\"Servizio Civile Universale\"],\"articleSection\":[\"TrAvaler\"],\"inLanguage\":\"fr-FR\"},{\"@type\":\"WebPage\",\"@id\":\"https:\\\/\\\/cumse.org\\\/peli-scu-in-camerun\\\/\",\"url\":\"https:\\\/\\\/cumse.org\\\/peli-scu-in-camerun\\\/\",\"name\":\"26 dicembre - Peli - Fondazione Cumse ETS\",\"isPartOf\":{\"@id\":\"https:\\\/\\\/cumse.org\\\/#website\"},\"primaryImageOfPage\":{\"@id\":\"https:\\\/\\\/cumse.org\\\/peli-scu-in-camerun\\\/#primaryimage\"},\"image\":{\"@id\":\"https:\\\/\\\/cumse.org\\\/peli-scu-in-camerun\\\/#primaryimage\"},\"thumbnailUrl\":\"https:\\\/\\\/i0.wp.com\\\/cumse.org\\\/wp-content\\\/uploads\\\/2020\\\/12\\\/WhatsApp-Image-2020-12-26-at-20.11.42.jpeg?fit=1600%2C1200&ssl=1\",\"datePublished\":\"2020-12-26T22:13:51+00:00\",\"dateModified\":\"2021-02-12T16:09:23+00:00\",\"author\":{\"@id\":\"https:\\\/\\\/cumse.org\\\/#\\\/schema\\\/person\\\/d8802c7f9d251c013018b375be80cb06\"},\"description\":\"SCU - Valeryo Falcone, civilista di Fondazione Cumse, racconta la sua esperienza in modo leggero e divertente. SEGUITE LA SUA STORIA!\",\"breadcrumb\":{\"@id\":\"https:\\\/\\\/cumse.org\\\/peli-scu-in-camerun\\\/#breadcrumb\"},\"inLanguage\":\"fr-FR\",\"potentialAction\":[{\"@type\":\"ReadAction\",\"target\":[\"https:\\\/\\\/cumse.org\\\/peli-scu-in-camerun\\\/\"]}]},{\"@type\":\"ImageObject\",\"inLanguage\":\"fr-FR\",\"@id\":\"https:\\\/\\\/cumse.org\\\/peli-scu-in-camerun\\\/#primaryimage\",\"url\":\"https:\\\/\\\/i0.wp.com\\\/cumse.org\\\/wp-content\\\/uploads\\\/2020\\\/12\\\/WhatsApp-Image-2020-12-26-at-20.11.42.jpeg?fit=1600%2C1200&ssl=1\",\"contentUrl\":\"https:\\\/\\\/i0.wp.com\\\/cumse.org\\\/wp-content\\\/uploads\\\/2020\\\/12\\\/WhatsApp-Image-2020-12-26-at-20.11.42.jpeg?fit=1600%2C1200&ssl=1\",\"width\":1600,\"height\":1200},{\"@type\":\"BreadcrumbList\",\"@id\":\"https:\\\/\\\/cumse.org\\\/peli-scu-in-camerun\\\/#breadcrumb\",\"itemListElement\":[{\"@type\":\"ListItem\",\"position\":1,\"name\":\"Home\",\"item\":\"https:\\\/\\\/cumse.org\\\/\"},{\"@type\":\"ListItem\",\"position\":2,\"name\":\"26 dicembre &#8211; Peli\"}]},{\"@type\":\"WebSite\",\"@id\":\"https:\\\/\\\/cumse.org\\\/#website\",\"url\":\"https:\\\/\\\/cumse.org\\\/\",\"name\":\"Fondazione Cumse ETS\",\"description\":\"Siamo dove gli altri distolgono lo sguardo\",\"potentialAction\":[{\"@type\":\"SearchAction\",\"target\":{\"@type\":\"EntryPoint\",\"urlTemplate\":\"https:\\\/\\\/cumse.org\\\/?s={search_term_string}\"},\"query-input\":{\"@type\":\"PropertyValueSpecification\",\"valueRequired\":true,\"valueName\":\"search_term_string\"}}],\"inLanguage\":\"fr-FR\"},{\"@type\":\"Person\",\"@id\":\"https:\\\/\\\/cumse.org\\\/#\\\/schema\\\/person\\\/d8802c7f9d251c013018b375be80cb06\",\"name\":\"admin\",\"image\":{\"@type\":\"ImageObject\",\"inLanguage\":\"fr-FR\",\"@id\":\"https:\\\/\\\/secure.gravatar.com\\\/avatar\\\/7fcee464d094e0b490b50408a0c7356276eedd5a17796d503ee821451b764c37?s=96&d=mm&r=g\",\"url\":\"https:\\\/\\\/secure.gravatar.com\\\/avatar\\\/7fcee464d094e0b490b50408a0c7356276eedd5a17796d503ee821451b764c37?s=96&d=mm&r=g\",\"contentUrl\":\"https:\\\/\\\/secure.gravatar.com\\\/avatar\\\/7fcee464d094e0b490b50408a0c7356276eedd5a17796d503ee821451b764c37?s=96&d=mm&r=g\",\"caption\":\"admin\"}}]}<\/script>\n<!-- \/ Yoast SEO plugin. -->","yoast_head_json":{"title":"26 dicembre - Peli - Fondazione Cumse ETS","description":"SCU - Valeryo Falcone, civilista di Fondazione Cumse, racconta la sua esperienza in modo leggero e divertente. SEGUITE LA SUA STORIA!","robots":{"index":"index","follow":"follow","max-snippet":"max-snippet:-1","max-image-preview":"max-image-preview:large","max-video-preview":"max-video-preview:-1"},"canonical":"https:\/\/cumse.org\/fr\/peli-scu-in-camerun\/","og_locale":"fr_FR","og_type":"article","og_title":"26 dicembre - Peli - Fondazione Cumse ETS","og_description":"SCU - Valeryo Falcone, civilista di Fondazione Cumse, racconta la sua esperienza in modo leggero e divertente. SEGUITE LA SUA STORIA!","og_url":"https:\/\/cumse.org\/fr\/peli-scu-in-camerun\/","og_site_name":"Fondazione Cumse ETS","article_published_time":"2020-12-26T22:13:51+00:00","article_modified_time":"2021-02-12T16:09:23+00:00","og_image":[{"width":1600,"height":1200,"url":"https:\/\/cumse.org\/wp-content\/uploads\/2020\/12\/WhatsApp-Image-2020-12-26-at-20.11.42.jpeg","type":"image\/jpeg"}],"author":"admin","twitter_card":"summary_large_image","twitter_misc":{"\u00c9crit par":"admin","Dur\u00e9e de lecture estim\u00e9e":"6 minutes"},"schema":{"@context":"https:\/\/schema.org","@graph":[{"@type":"Article","@id":"https:\/\/cumse.org\/peli-scu-in-camerun\/#article","isPartOf":{"@id":"https:\/\/cumse.org\/peli-scu-in-camerun\/"},"author":{"name":"admin","@id":"https:\/\/cumse.org\/#\/schema\/person\/d8802c7f9d251c013018b375be80cb06"},"headline":"26 dicembre &#8211; Peli","datePublished":"2020-12-26T22:13:51+00:00","dateModified":"2021-02-12T16:09:23+00:00","mainEntityOfPage":{"@id":"https:\/\/cumse.org\/peli-scu-in-camerun\/"},"wordCount":1168,"image":{"@id":"https:\/\/cumse.org\/peli-scu-in-camerun\/#primaryimage"},"thumbnailUrl":"https:\/\/i0.wp.com\/cumse.org\/wp-content\/uploads\/2020\/12\/WhatsApp-Image-2020-12-26-at-20.11.42.jpeg?fit=1600%2C1200&ssl=1","keywords":["Camerun","Fondazione Cumse","nassara","SCU","Servizio Civile Universale"],"articleSection":["TrAvaler"],"inLanguage":"fr-FR"},{"@type":"WebPage","@id":"https:\/\/cumse.org\/peli-scu-in-camerun\/","url":"https:\/\/cumse.org\/peli-scu-in-camerun\/","name":"26 dicembre - Peli - Fondazione Cumse ETS","isPartOf":{"@id":"https:\/\/cumse.org\/#website"},"primaryImageOfPage":{"@id":"https:\/\/cumse.org\/peli-scu-in-camerun\/#primaryimage"},"image":{"@id":"https:\/\/cumse.org\/peli-scu-in-camerun\/#primaryimage"},"thumbnailUrl":"https:\/\/i0.wp.com\/cumse.org\/wp-content\/uploads\/2020\/12\/WhatsApp-Image-2020-12-26-at-20.11.42.jpeg?fit=1600%2C1200&ssl=1","datePublished":"2020-12-26T22:13:51+00:00","dateModified":"2021-02-12T16:09:23+00:00","author":{"@id":"https:\/\/cumse.org\/#\/schema\/person\/d8802c7f9d251c013018b375be80cb06"},"description":"SCU - Valeryo Falcone, civilista di Fondazione Cumse, racconta la sua esperienza in modo leggero e divertente. SEGUITE LA SUA STORIA!","breadcrumb":{"@id":"https:\/\/cumse.org\/peli-scu-in-camerun\/#breadcrumb"},"inLanguage":"fr-FR","potentialAction":[{"@type":"ReadAction","target":["https:\/\/cumse.org\/peli-scu-in-camerun\/"]}]},{"@type":"ImageObject","inLanguage":"fr-FR","@id":"https:\/\/cumse.org\/peli-scu-in-camerun\/#primaryimage","url":"https:\/\/i0.wp.com\/cumse.org\/wp-content\/uploads\/2020\/12\/WhatsApp-Image-2020-12-26-at-20.11.42.jpeg?fit=1600%2C1200&ssl=1","contentUrl":"https:\/\/i0.wp.com\/cumse.org\/wp-content\/uploads\/2020\/12\/WhatsApp-Image-2020-12-26-at-20.11.42.jpeg?fit=1600%2C1200&ssl=1","width":1600,"height":1200},{"@type":"BreadcrumbList","@id":"https:\/\/cumse.org\/peli-scu-in-camerun\/#breadcrumb","itemListElement":[{"@type":"ListItem","position":1,"name":"Home","item":"https:\/\/cumse.org\/"},{"@type":"ListItem","position":2,"name":"26 dicembre &#8211; Peli"}]},{"@type":"WebSite","@id":"https:\/\/cumse.org\/#website","url":"https:\/\/cumse.org\/","name":"Fondazione Cumse ETS","description":"Siamo dove gli altri distolgono lo sguardo","potentialAction":[{"@type":"SearchAction","target":{"@type":"EntryPoint","urlTemplate":"https:\/\/cumse.org\/?s={search_term_string}"},"query-input":{"@type":"PropertyValueSpecification","valueRequired":true,"valueName":"search_term_string"}}],"inLanguage":"fr-FR"},{"@type":"Person","@id":"https:\/\/cumse.org\/#\/schema\/person\/d8802c7f9d251c013018b375be80cb06","name":"admin","image":{"@type":"ImageObject","inLanguage":"fr-FR","@id":"https:\/\/secure.gravatar.com\/avatar\/7fcee464d094e0b490b50408a0c7356276eedd5a17796d503ee821451b764c37?s=96&d=mm&r=g","url":"https:\/\/secure.gravatar.com\/avatar\/7fcee464d094e0b490b50408a0c7356276eedd5a17796d503ee821451b764c37?s=96&d=mm&r=g","contentUrl":"https:\/\/secure.gravatar.com\/avatar\/7fcee464d094e0b490b50408a0c7356276eedd5a17796d503ee821451b764c37?s=96&d=mm&r=g","caption":"admin"}}]}},"jetpack_featured_media_url":"https:\/\/i0.wp.com\/cumse.org\/wp-content\/uploads\/2020\/12\/WhatsApp-Image-2020-12-26-at-20.11.42.jpeg?fit=1600%2C1200&ssl=1","jetpack_sharing_enabled":true,"_links":{"self":[{"href":"https:\/\/cumse.org\/fr\/wp-json\/wp\/v2\/posts\/3589","targetHints":{"allow":["GET"]}}],"collection":[{"href":"https:\/\/cumse.org\/fr\/wp-json\/wp\/v2\/posts"}],"about":[{"href":"https:\/\/cumse.org\/fr\/wp-json\/wp\/v2\/types\/post"}],"author":[{"embeddable":true,"href":"https:\/\/cumse.org\/fr\/wp-json\/wp\/v2\/users\/1"}],"replies":[{"embeddable":true,"href":"https:\/\/cumse.org\/fr\/wp-json\/wp\/v2\/comments?post=3589"}],"version-history":[{"count":0,"href":"https:\/\/cumse.org\/fr\/wp-json\/wp\/v2\/posts\/3589\/revisions"}],"wp:featuredmedia":[{"embeddable":true,"href":"https:\/\/cumse.org\/fr\/wp-json\/wp\/v2\/media\/4099"}],"wp:attachment":[{"href":"https:\/\/cumse.org\/fr\/wp-json\/wp\/v2\/media?parent=3589"}],"wp:term":[{"taxonomy":"category","embeddable":true,"href":"https:\/\/cumse.org\/fr\/wp-json\/wp\/v2\/categories?post=3589"},{"taxonomy":"post_tag","embeddable":true,"href":"https:\/\/cumse.org\/fr\/wp-json\/wp\/v2\/tags?post=3589"}],"curies":[{"name":"wp","href":"https:\/\/api.w.org\/{rel}","templated":true}]}}