{"id":3579,"date":"2020-12-24T11:13:58","date_gmt":"2020-12-24T10:13:58","guid":{"rendered":"https:\/\/cumse.org\/?p=3579"},"modified":"2021-02-12T17:06:54","modified_gmt":"2021-02-12T16:06:54","slug":"vigilia-scu-in-camerun","status":"publish","type":"post","link":"https:\/\/cumse.org\/fr\/vigilia-scu-in-camerun\/","title":{"rendered":"24 dicembre &#8211; Vigilia"},"content":{"rendered":"<p>Questa mattina al mio risveglio ho trovato una sorpresa bizzarra in cucina. Una BLATTA grande come un palmo di mano era stesa su una piastrella.<br \/>\nFortuna vuole che qualcuno o qualcosa (Godyene) avesse gi\u00e0 provveduto a schiacciarla. Muoveva solo mezza zampina, l&#8217;ho scagliata nella savana, in pasto ai predatori.<br \/>\nSe l&#8217;avessi incontrata viva sarei svenuto credo.<\/p>\n<p>Mi siedo in veranda a contemplare la natura ed ecco che mi si para davanti un soldo di cacio con una finestra sugli incisivi che manco il logo di Microsoft,\u00a0 ADORABILE! Piano piano a bassa voce <strong>Nicol\u00e0<\/strong> (cos\u00ec si chiama) mi dice che \u00e8 venuto a prendermi per condurmi da suor Nicole.<\/p>\n<p>La casa \u00e8 in subbuglio, sono tutti trafelati intenti a cucinare le pietanze per la festa di NATALE. Un po&#8217; come dalle mie parti in Calabria. Chi soffia sul fuoco, chi pela patate, chi griglia pezzi di agnello&#8230; cruento lo so. Vado in cucina e trovo <strong>Marcelin<\/strong> con Etienne (il falegname tutto fare del centro) intenti ad eseguire la scarpetta in una pentola. Mi invitano a favorire dicendomi che si tratta delle interiora della capra. Sperano di cogliermi impreparato solo perch\u00e9 sono bianco e sono le otto del mattino. ERRORE MADORNALE! Dimenticano che in Calabria i fegatini sono una prelibatezza che i miei genitori e le loro rispettive discendenze mi hanno insegnato a gustare fin dalla tenera et\u00e0. Mi passano una forchetta e tra uno sgagno e l&#8217;altro racconto loro della blatta.<\/p>\n<p>Etienne mi spiega che nel dialetto congolese blatta si dice MENDE o qualcosa di simile, poi stranamente mi racconta che in Africa le MENDE sono spesso paragonate ai politici, perch\u00e9 mangiano qualunque cosa. Da buon italiano mi sento in dovere di spiegare loro il concetto da noi coniato di &#8220;magna magna&#8221; e nel mentre un pezzo di fegatino mi cade in terra. I ragazzi dicono che non c&#8217;\u00e8 problema, ma io lo raccolgo, ci soffio sopra e lo divoro.<br \/>\nLa regola dei 5 secondi varr\u00e0 in Africa? Giuro che non ho pensato ad altro tutto il giorno, potrei aver commesso una distrazione davvero imperdonabile, da codardo quale sono, il solo pensiero delle malattie contraibili con questa bravata mi manda al manicomio. E tutto questo per cosa? Per fare lo spaccone con gli amichetti mentre mangiamo le interiora di capra&#8230;che bigolo! Spero di farla franca.<\/p>\n<p>Marcelin mi invita ad accompagnarlo in citt\u00e0 (<a href=\"https:\/\/it.wikipedia.org\/wiki\/Ngaound%C3%A9r%C3%A9\">Ngaounder\u00e9<\/a>), c&#8217;\u00e8 da cambiare la batteria del pick up. Ovviamente accetto. L&#8217;avviamento del mezzo, come avrete intuito, ci da non pochi problemi. Tre ragazzi sui 12 anni accorrono in soccorso,\u00a0 -un deux trois- spingiamo come dannati muli da soma. Dalla marmitta esce una fumata nera degna del concilio vaticano e il motore si avvia.<br \/>\nBatto il cinque ai miei soci e monto al volo sul macchinone. In citt\u00e0, lasciata la jeep dal meccanico, ci resta tempo per farci due passi, respirare un quintale di polvere e bere una bibita gassata al gusto di ananas che sapeva di medicinale scaduto. A caval donato&#8230;<\/p>\n<p>Trovare la batteria implica pi\u00f9 tempo del previsto, decidiamo di lasciare l&#8217;auto in centro e accettiamo di buon grado uno strappo a <strong>Marza<\/strong> gentilmente offerto da due amici di Marcelin.<strong> Ad accogliermi tra le mura di casa \u00e8 il profumo di un lauto pasto a base di brodo di agnello la cui bont\u00e0 \u00e8 indescrivibile. <\/strong>Il pomeriggio non pu\u00f2 che passare sereno, tra una mezza pennica sul lettone e il concerto del coro della chiesa. Si canta, si balla, Nicol\u00e0 mi infonde il coraggio di buttarmi nella mischia e cos\u00ec, dopo di lui, avanzo verso la folla per fare quattro salti. Un NASSARA che balla, dev&#8217;essere stato divertente anche per loro.<\/p>\n<table style=\"width: 100%; border-collapse: collapse;\" border=\"0\">\n<tbody>\n<tr>\n<td style=\"width: 100%; background-color: red; text-align: center; vertical-align: top;\">\n<h4><a href=\"\/fr\/servizio-civile-universale\/\"><span style=\"color: #ffffff;\"><strong>Per saperne di pi\u00f9 sul Servizio Civile Universale &#8211; SCU &#8211; clicca qu\u00ec!<\/strong><\/span><\/a><\/h4>\n<\/td>\n<\/tr>\n<\/tbody>\n<\/table>\n<p>Alla fine dell&#8217;esibizione <strong>padre Alois<\/strong> si palesa per la messa. UN DISASTRO!<br \/>\nL\u2019omelia in francese per me \u00e8 gi\u00e0 di per s\u00e8 incomprensibile, padre Alois sbiascica le parole al punto che nemmeno i locali riescono ad intendere tutto. Dopo una buona mezz&#8217;ora di sermone, un chierichetto prova a tagliare il discorso del prete alzandosi e inginocchiandosi davanti all&#8217;altare, come a voler passare alla fase successiva del rituale, il parroco lo ammonisce e lui torna a sedere. Nicol\u00e0, accanto a me, si addormenta sulla sedia.<br \/>\nAisha lo richiama all&#8217;ordine e poi lo fa stendere sulla panchetta, ricoprendolo col suo scialle. Distratto dall&#8217;episodio mi guardo intorno e, solo in quel momento, mi rendo conto che su 50 persone, meno di 10 sono effettivamente sveglie.<\/p>\n<p>Padre Alois non si scompone e, dieci minuti dopo, il chierichetto di prima, per il quale ormai faccio il tifo, trova il coraggio di rialzarsi, niente da fare un <em>&#8220;S&#8217;il vous pla\u00ect&#8221;<\/em> imperativo del prete lo rimette al proprio posto. Una bimba del coro si addormenta con la testa sulla tastiera, per svegliarla come minimo servono George Clooney e un defibrillatore.<\/p>\n<p>Arriva il momento di inginocchiarci e, quasi per punire i miei pensieri impuri, il nostro padre spirituale prolunga la comune sofferenza senza remore, ci lascia in ginocchio parlando per 20 minuti, se avesse avuto dei ceci li avrebbe cosparsi sul pavimento e, forse, anche con un certo gusto. Ci rialziamo tutti un po\u2019 malconci.<\/p>\n<p>Come un flash nella mia mente appare la mia professoressa di lettere delle medie la quale, trovandoci spenti alla prima ora, soleva definirci: &#8220;sepolcri imbiancati&#8221;. Solo dopo molti anni capisco a pieno il significato di questa colorita espressione. Chi meglio di padre Alois potrebbe incarnarne il concetto? Sembra un soprammobile impolverato. Sono quasi pentito di aver fatto l&#8217;offerta, senza il quasi.<\/p>\n<p>Proprio quando ormai credevo di aver scoperto il vero potere del prete, quest&#8217;ultimo gioca il suo asso nella manica.<br \/>\nUna bimba si addormenta malauguratamente su una panchetta senza schienale. Nell&#8217;arco di qualche secondo cade indietro di schiena battendo la testa.<br \/>\nNel silenzio generale si sente un tonfo. Nulla di grave, non \u00e8 morta, anche se per un attimo lo abbiamo pensato dato che, in seguito alla caduta, ha continuato a dormire.<br \/>\nKO. Stesa. Padre Alois sta ai sermoni come Tyson sta ai pesi massimi. Pazzesco.<\/p>\n<p>Parte il canto finale, l&#8217;altra bimba, quella addormentata sulla tastiera, non fa una piega, ronfa della grossa nonostante le voci potenti del coro.<br \/>\nMi giro verso suor Nicole e mi accorgo che sta cullando un altro cucciolo, ennesima vittima del sermone marzulliano. UNA STRAGE.<\/p>\n<p>L&#8217;orario della cena, per altro, \u00e8 saltato. Saranno vent&#8217;anni che non mi confesso ma per la fame rimpiango di non aver preso l&#8217;ostia.<br \/>\nOrmai avevo gi\u00e0 seppellito ogni speranza di nutrirmi quando, al rientro , i genitori adottivi di Gabriel mi ricordano che \u00e8 avanzato un po&#8217; di agnello del pranzo. Mollo il pc e vado a tavola. Bon app\u00e9tit!<\/p>\n<p>Ps. Gli auguri ce li scambiamo domani!<\/p>","protected":false},"excerpt":{"rendered":"<p>Questa mattina al mio risveglio ho trovato una sorpresa bizzarra in cucina. Una BLATTA grande come un palmo di mano era stesa su una piastrella. Fortuna vuole che qualcuno o qualcosa (Godyene) avesse gi\u00e0 provveduto a schiacciarla. Muoveva solo mezza zampina, l&#8217;ho scagliata nella savana, in pasto ai predatori. Se l&#8217;avessi incontrata viva sarei svenuto [&hellip;]<\/p>\n","protected":false},"author":1,"featured_media":4249,"comment_status":"closed","ping_status":"closed","sticky":false,"template":"","format":"standard","meta":{"_jetpack_memberships_contains_paid_content":false,"footnotes":""},"categories":[62],"tags":[68,67,77,73,79,65,66],"class_list":["post-3579","post","type-post","status-publish","format-standard","has-post-thumbnail","hentry","category-travaler","tag-camerun","tag-fondazione-cumse","tag-fulfulde","tag-marza","tag-ngaoundere","tag-scu","tag-servizio-civile-universale"],"yoast_head":"<!-- This site is optimized with the Yoast SEO plugin v27.3 - https:\/\/yoast.com\/product\/yoast-seo-wordpress\/ -->\n<title>24 dicembre - Vigilia - Fondazione Cumse ETS<\/title>\n<meta name=\"description\" content=\"SCU - Valeryo Falcone, civilista di Fondazione Cumse, racconta la sua esperienza in modo leggero e divertente. SEGUITE LA SUA STORIA!\" \/>\n<meta name=\"robots\" content=\"index, follow, max-snippet:-1, max-image-preview:large, max-video-preview:-1\" \/>\n<link rel=\"canonical\" href=\"https:\/\/cumse.org\/fr\/vigilia-scu-in-camerun\/\" \/>\n<meta property=\"og:locale\" content=\"fr_FR\" \/>\n<meta property=\"og:type\" content=\"article\" \/>\n<meta property=\"og:title\" content=\"24 dicembre - Vigilia - Fondazione Cumse ETS\" \/>\n<meta property=\"og:description\" content=\"SCU - Valeryo Falcone, civilista di Fondazione Cumse, racconta la sua esperienza in modo leggero e divertente. SEGUITE LA SUA STORIA!\" \/>\n<meta property=\"og:url\" content=\"https:\/\/cumse.org\/fr\/vigilia-scu-in-camerun\/\" \/>\n<meta property=\"og:site_name\" content=\"Fondazione Cumse ETS\" \/>\n<meta property=\"article:published_time\" content=\"2020-12-24T10:13:58+00:00\" \/>\n<meta property=\"article:modified_time\" content=\"2021-02-12T16:06:54+00:00\" \/>\n<meta property=\"og:image\" content=\"https:\/\/cumse.org\/wp-content\/uploads\/2020\/12\/WhatsApp-Image-2021-02-06-at-20.23.46.jpeg\" \/>\n\t<meta property=\"og:image:width\" content=\"1024\" \/>\n\t<meta property=\"og:image:height\" content=\"768\" \/>\n\t<meta property=\"og:image:type\" content=\"image\/jpeg\" \/>\n<meta name=\"author\" content=\"admin\" \/>\n<meta name=\"twitter:card\" content=\"summary_large_image\" \/>\n<meta name=\"twitter:label1\" content=\"\u00c9crit par\" \/>\n\t<meta name=\"twitter:data1\" content=\"admin\" \/>\n\t<meta name=\"twitter:label2\" content=\"Dur\u00e9e de lecture estim\u00e9e\" \/>\n\t<meta name=\"twitter:data2\" content=\"5 minutes\" \/>\n<script type=\"application\/ld+json\" class=\"yoast-schema-graph\">{\"@context\":\"https:\\\/\\\/schema.org\",\"@graph\":[{\"@type\":\"Article\",\"@id\":\"https:\\\/\\\/cumse.org\\\/vigilia-scu-in-camerun\\\/#article\",\"isPartOf\":{\"@id\":\"https:\\\/\\\/cumse.org\\\/vigilia-scu-in-camerun\\\/\"},\"author\":{\"name\":\"admin\",\"@id\":\"https:\\\/\\\/cumse.org\\\/#\\\/schema\\\/person\\\/d8802c7f9d251c013018b375be80cb06\"},\"headline\":\"24 dicembre &#8211; Vigilia\",\"datePublished\":\"2020-12-24T10:13:58+00:00\",\"dateModified\":\"2021-02-12T16:06:54+00:00\",\"mainEntityOfPage\":{\"@id\":\"https:\\\/\\\/cumse.org\\\/vigilia-scu-in-camerun\\\/\"},\"wordCount\":1104,\"image\":{\"@id\":\"https:\\\/\\\/cumse.org\\\/vigilia-scu-in-camerun\\\/#primaryimage\"},\"thumbnailUrl\":\"https:\\\/\\\/i0.wp.com\\\/cumse.org\\\/wp-content\\\/uploads\\\/2020\\\/12\\\/WhatsApp-Image-2021-02-06-at-20.23.46.jpeg?fit=1024%2C768&ssl=1\",\"keywords\":[\"Camerun\",\"Fondazione Cumse\",\"fulfulde\",\"Marza\",\"Ngaounder\u00e8\",\"SCU\",\"Servizio Civile Universale\"],\"articleSection\":[\"TrAvaler\"],\"inLanguage\":\"fr-FR\"},{\"@type\":\"WebPage\",\"@id\":\"https:\\\/\\\/cumse.org\\\/vigilia-scu-in-camerun\\\/\",\"url\":\"https:\\\/\\\/cumse.org\\\/vigilia-scu-in-camerun\\\/\",\"name\":\"24 dicembre - Vigilia - Fondazione Cumse ETS\",\"isPartOf\":{\"@id\":\"https:\\\/\\\/cumse.org\\\/#website\"},\"primaryImageOfPage\":{\"@id\":\"https:\\\/\\\/cumse.org\\\/vigilia-scu-in-camerun\\\/#primaryimage\"},\"image\":{\"@id\":\"https:\\\/\\\/cumse.org\\\/vigilia-scu-in-camerun\\\/#primaryimage\"},\"thumbnailUrl\":\"https:\\\/\\\/i0.wp.com\\\/cumse.org\\\/wp-content\\\/uploads\\\/2020\\\/12\\\/WhatsApp-Image-2021-02-06-at-20.23.46.jpeg?fit=1024%2C768&ssl=1\",\"datePublished\":\"2020-12-24T10:13:58+00:00\",\"dateModified\":\"2021-02-12T16:06:54+00:00\",\"author\":{\"@id\":\"https:\\\/\\\/cumse.org\\\/#\\\/schema\\\/person\\\/d8802c7f9d251c013018b375be80cb06\"},\"description\":\"SCU - Valeryo Falcone, civilista di Fondazione Cumse, racconta la sua esperienza in modo leggero e divertente. SEGUITE LA SUA STORIA!\",\"breadcrumb\":{\"@id\":\"https:\\\/\\\/cumse.org\\\/vigilia-scu-in-camerun\\\/#breadcrumb\"},\"inLanguage\":\"fr-FR\",\"potentialAction\":[{\"@type\":\"ReadAction\",\"target\":[\"https:\\\/\\\/cumse.org\\\/vigilia-scu-in-camerun\\\/\"]}]},{\"@type\":\"ImageObject\",\"inLanguage\":\"fr-FR\",\"@id\":\"https:\\\/\\\/cumse.org\\\/vigilia-scu-in-camerun\\\/#primaryimage\",\"url\":\"https:\\\/\\\/i0.wp.com\\\/cumse.org\\\/wp-content\\\/uploads\\\/2020\\\/12\\\/WhatsApp-Image-2021-02-06-at-20.23.46.jpeg?fit=1024%2C768&ssl=1\",\"contentUrl\":\"https:\\\/\\\/i0.wp.com\\\/cumse.org\\\/wp-content\\\/uploads\\\/2020\\\/12\\\/WhatsApp-Image-2021-02-06-at-20.23.46.jpeg?fit=1024%2C768&ssl=1\",\"width\":1024,\"height\":768},{\"@type\":\"BreadcrumbList\",\"@id\":\"https:\\\/\\\/cumse.org\\\/vigilia-scu-in-camerun\\\/#breadcrumb\",\"itemListElement\":[{\"@type\":\"ListItem\",\"position\":1,\"name\":\"Home\",\"item\":\"https:\\\/\\\/cumse.org\\\/\"},{\"@type\":\"ListItem\",\"position\":2,\"name\":\"24 dicembre &#8211; Vigilia\"}]},{\"@type\":\"WebSite\",\"@id\":\"https:\\\/\\\/cumse.org\\\/#website\",\"url\":\"https:\\\/\\\/cumse.org\\\/\",\"name\":\"Fondazione Cumse ETS\",\"description\":\"Siamo dove gli altri distolgono lo sguardo\",\"potentialAction\":[{\"@type\":\"SearchAction\",\"target\":{\"@type\":\"EntryPoint\",\"urlTemplate\":\"https:\\\/\\\/cumse.org\\\/?s={search_term_string}\"},\"query-input\":{\"@type\":\"PropertyValueSpecification\",\"valueRequired\":true,\"valueName\":\"search_term_string\"}}],\"inLanguage\":\"fr-FR\"},{\"@type\":\"Person\",\"@id\":\"https:\\\/\\\/cumse.org\\\/#\\\/schema\\\/person\\\/d8802c7f9d251c013018b375be80cb06\",\"name\":\"admin\",\"image\":{\"@type\":\"ImageObject\",\"inLanguage\":\"fr-FR\",\"@id\":\"https:\\\/\\\/secure.gravatar.com\\\/avatar\\\/7fcee464d094e0b490b50408a0c7356276eedd5a17796d503ee821451b764c37?s=96&d=mm&r=g\",\"url\":\"https:\\\/\\\/secure.gravatar.com\\\/avatar\\\/7fcee464d094e0b490b50408a0c7356276eedd5a17796d503ee821451b764c37?s=96&d=mm&r=g\",\"contentUrl\":\"https:\\\/\\\/secure.gravatar.com\\\/avatar\\\/7fcee464d094e0b490b50408a0c7356276eedd5a17796d503ee821451b764c37?s=96&d=mm&r=g\",\"caption\":\"admin\"}}]}<\/script>\n<!-- \/ Yoast SEO plugin. -->","yoast_head_json":{"title":"24 dicembre - Vigilia - Fondazione Cumse ETS","description":"SCU - Valeryo Falcone, civilista di Fondazione Cumse, racconta la sua esperienza in modo leggero e divertente. SEGUITE LA SUA STORIA!","robots":{"index":"index","follow":"follow","max-snippet":"max-snippet:-1","max-image-preview":"max-image-preview:large","max-video-preview":"max-video-preview:-1"},"canonical":"https:\/\/cumse.org\/fr\/vigilia-scu-in-camerun\/","og_locale":"fr_FR","og_type":"article","og_title":"24 dicembre - Vigilia - Fondazione Cumse ETS","og_description":"SCU - Valeryo Falcone, civilista di Fondazione Cumse, racconta la sua esperienza in modo leggero e divertente. SEGUITE LA SUA STORIA!","og_url":"https:\/\/cumse.org\/fr\/vigilia-scu-in-camerun\/","og_site_name":"Fondazione Cumse ETS","article_published_time":"2020-12-24T10:13:58+00:00","article_modified_time":"2021-02-12T16:06:54+00:00","og_image":[{"width":1024,"height":768,"url":"https:\/\/cumse.org\/wp-content\/uploads\/2020\/12\/WhatsApp-Image-2021-02-06-at-20.23.46.jpeg","type":"image\/jpeg"}],"author":"admin","twitter_card":"summary_large_image","twitter_misc":{"\u00c9crit par":"admin","Dur\u00e9e de lecture estim\u00e9e":"5 minutes"},"schema":{"@context":"https:\/\/schema.org","@graph":[{"@type":"Article","@id":"https:\/\/cumse.org\/vigilia-scu-in-camerun\/#article","isPartOf":{"@id":"https:\/\/cumse.org\/vigilia-scu-in-camerun\/"},"author":{"name":"admin","@id":"https:\/\/cumse.org\/#\/schema\/person\/d8802c7f9d251c013018b375be80cb06"},"headline":"24 dicembre &#8211; Vigilia","datePublished":"2020-12-24T10:13:58+00:00","dateModified":"2021-02-12T16:06:54+00:00","mainEntityOfPage":{"@id":"https:\/\/cumse.org\/vigilia-scu-in-camerun\/"},"wordCount":1104,"image":{"@id":"https:\/\/cumse.org\/vigilia-scu-in-camerun\/#primaryimage"},"thumbnailUrl":"https:\/\/i0.wp.com\/cumse.org\/wp-content\/uploads\/2020\/12\/WhatsApp-Image-2021-02-06-at-20.23.46.jpeg?fit=1024%2C768&ssl=1","keywords":["Camerun","Fondazione Cumse","fulfulde","Marza","Ngaounder\u00e8","SCU","Servizio Civile Universale"],"articleSection":["TrAvaler"],"inLanguage":"fr-FR"},{"@type":"WebPage","@id":"https:\/\/cumse.org\/vigilia-scu-in-camerun\/","url":"https:\/\/cumse.org\/vigilia-scu-in-camerun\/","name":"24 dicembre - Vigilia - Fondazione Cumse ETS","isPartOf":{"@id":"https:\/\/cumse.org\/#website"},"primaryImageOfPage":{"@id":"https:\/\/cumse.org\/vigilia-scu-in-camerun\/#primaryimage"},"image":{"@id":"https:\/\/cumse.org\/vigilia-scu-in-camerun\/#primaryimage"},"thumbnailUrl":"https:\/\/i0.wp.com\/cumse.org\/wp-content\/uploads\/2020\/12\/WhatsApp-Image-2021-02-06-at-20.23.46.jpeg?fit=1024%2C768&ssl=1","datePublished":"2020-12-24T10:13:58+00:00","dateModified":"2021-02-12T16:06:54+00:00","author":{"@id":"https:\/\/cumse.org\/#\/schema\/person\/d8802c7f9d251c013018b375be80cb06"},"description":"SCU - Valeryo Falcone, civilista di Fondazione Cumse, racconta la sua esperienza in modo leggero e divertente. SEGUITE LA SUA STORIA!","breadcrumb":{"@id":"https:\/\/cumse.org\/vigilia-scu-in-camerun\/#breadcrumb"},"inLanguage":"fr-FR","potentialAction":[{"@type":"ReadAction","target":["https:\/\/cumse.org\/vigilia-scu-in-camerun\/"]}]},{"@type":"ImageObject","inLanguage":"fr-FR","@id":"https:\/\/cumse.org\/vigilia-scu-in-camerun\/#primaryimage","url":"https:\/\/i0.wp.com\/cumse.org\/wp-content\/uploads\/2020\/12\/WhatsApp-Image-2021-02-06-at-20.23.46.jpeg?fit=1024%2C768&ssl=1","contentUrl":"https:\/\/i0.wp.com\/cumse.org\/wp-content\/uploads\/2020\/12\/WhatsApp-Image-2021-02-06-at-20.23.46.jpeg?fit=1024%2C768&ssl=1","width":1024,"height":768},{"@type":"BreadcrumbList","@id":"https:\/\/cumse.org\/vigilia-scu-in-camerun\/#breadcrumb","itemListElement":[{"@type":"ListItem","position":1,"name":"Home","item":"https:\/\/cumse.org\/"},{"@type":"ListItem","position":2,"name":"24 dicembre &#8211; Vigilia"}]},{"@type":"WebSite","@id":"https:\/\/cumse.org\/#website","url":"https:\/\/cumse.org\/","name":"Fondazione Cumse ETS","description":"Siamo dove gli altri distolgono lo sguardo","potentialAction":[{"@type":"SearchAction","target":{"@type":"EntryPoint","urlTemplate":"https:\/\/cumse.org\/?s={search_term_string}"},"query-input":{"@type":"PropertyValueSpecification","valueRequired":true,"valueName":"search_term_string"}}],"inLanguage":"fr-FR"},{"@type":"Person","@id":"https:\/\/cumse.org\/#\/schema\/person\/d8802c7f9d251c013018b375be80cb06","name":"admin","image":{"@type":"ImageObject","inLanguage":"fr-FR","@id":"https:\/\/secure.gravatar.com\/avatar\/7fcee464d094e0b490b50408a0c7356276eedd5a17796d503ee821451b764c37?s=96&d=mm&r=g","url":"https:\/\/secure.gravatar.com\/avatar\/7fcee464d094e0b490b50408a0c7356276eedd5a17796d503ee821451b764c37?s=96&d=mm&r=g","contentUrl":"https:\/\/secure.gravatar.com\/avatar\/7fcee464d094e0b490b50408a0c7356276eedd5a17796d503ee821451b764c37?s=96&d=mm&r=g","caption":"admin"}}]}},"jetpack_featured_media_url":"https:\/\/i0.wp.com\/cumse.org\/wp-content\/uploads\/2020\/12\/WhatsApp-Image-2021-02-06-at-20.23.46.jpeg?fit=1024%2C768&ssl=1","jetpack_sharing_enabled":true,"_links":{"self":[{"href":"https:\/\/cumse.org\/fr\/wp-json\/wp\/v2\/posts\/3579","targetHints":{"allow":["GET"]}}],"collection":[{"href":"https:\/\/cumse.org\/fr\/wp-json\/wp\/v2\/posts"}],"about":[{"href":"https:\/\/cumse.org\/fr\/wp-json\/wp\/v2\/types\/post"}],"author":[{"embeddable":true,"href":"https:\/\/cumse.org\/fr\/wp-json\/wp\/v2\/users\/1"}],"replies":[{"embeddable":true,"href":"https:\/\/cumse.org\/fr\/wp-json\/wp\/v2\/comments?post=3579"}],"version-history":[{"count":0,"href":"https:\/\/cumse.org\/fr\/wp-json\/wp\/v2\/posts\/3579\/revisions"}],"wp:featuredmedia":[{"embeddable":true,"href":"https:\/\/cumse.org\/fr\/wp-json\/wp\/v2\/media\/4249"}],"wp:attachment":[{"href":"https:\/\/cumse.org\/fr\/wp-json\/wp\/v2\/media?parent=3579"}],"wp:term":[{"taxonomy":"category","embeddable":true,"href":"https:\/\/cumse.org\/fr\/wp-json\/wp\/v2\/categories?post=3579"},{"taxonomy":"post_tag","embeddable":true,"href":"https:\/\/cumse.org\/fr\/wp-json\/wp\/v2\/tags?post=3579"}],"curies":[{"name":"wp","href":"https:\/\/api.w.org\/{rel}","templated":true}]}}